{"id":16715,"date":"2026-04-07T17:17:03","date_gmt":"2026-04-07T15:17:03","guid":{"rendered":"https:\/\/nordnesrepublikken.no\/index.php\/2026\/04\/07\/hva-ryanairs-kutt-betyr-for-reisende-i-spania-i-2026\/"},"modified":"2026-04-07T17:17:05","modified_gmt":"2026-04-07T15:17:05","slug":"hva-ryanairs-kutt-betyr-for-reisende-i-spania-i-2026","status":"publish","type":"post","link":"https:\/\/nordnesrepublikken.no\/index.php\/2026\/04\/07\/hva-ryanairs-kutt-betyr-for-reisende-i-spania-i-2026\/","title":{"rendered":"Hva Ryanairs kutt betyr for reisende i Spania i 2026"},"content":{"rendered":"<p><\/p>\n<div class=\"wordpress-content\">\n                    <!-- Article Start --><\/p>\n<p class=\"p2\">Passasjerer som reiser til og fra Spania er <strong>begynner \u00e5 kjenne effekten av Ryanairs reduserte tilgjengelighet til flyreiser<\/strong>med endringer i tidsplaner som endrer hvordan reiser planlegges og fullf\u00f8res.<\/p>\n<p class=\"p2\">For mange reisende er den mest merkbare forskjellen tapet av direkteruter som tidligere ble brukt til vanlige turer. Reiser som en gang involverte en enkelt flytur kan n\u00e5 kreve en forbindelse, noe som gir b\u00e5de tid og kompleksitet. Dette p\u00e5virker spesielt de som reiser til eller fra regionale spanske flyplasser, der alternative direktetjenester er begrenset.<\/p>\n<h2 class=\"p3\"><b>Lengre og mindre forutsigbare reiser<\/b><\/h2>\n<p class=\"p2\">En av de tydeligste endringene er \u00f8kningen i reisetid. Passasjerer som tidligere fl\u00f8y punkt-til-punkt, finner seg n\u00e5 p\u00e5 \u00e5 rute gjennom st\u00f8rre flyplasser som Madrid, Barcelona eller M\u00e1laga. En reise som en gang tok noen timer kan n\u00e5 ta mesteparten av dagen n\u00e5r overf\u00f8ringer og ventetider er inkludert.<\/p>\n<div class=\"sra_unit\"><link rel=\"stylesheet\" id=\"block-sra\" href=\"https:\/\/euroweeklynews.com\/wp-content\/plugins\/snack-related-articles\/dist\/css\/snack-related.min.css?250312-193541\" type=\"text\/css\" media=\"all\">\n<\/div>\n<p class=\"p2\">Koblinger gir ogs\u00e5 mer usikkerhet. Forsinkelser p\u00e5 den f\u00f8rste etappen av en reise kan f\u00f8re til tapte avganger, spesielt der tidsplanene er stramme. Med f\u00e6rre tjenester i drift, kan det hende at neste tilgjengelige flytur ikke er f\u00f8r senere samme dag eller til og med dagen etter.<\/p>\n<p class=\"p2\">For de som reiser p\u00e5 jobb, bes\u00f8ker familie eller p\u00e5 korte ferier, kan denne ekstra uforutsigbarheten v\u00e6re vanskelig \u00e5 h\u00e5ndtere. Selv innenlandsreiser i Spania krever n\u00e5 mer n\u00f8ye planlegging for \u00e5 unng\u00e5 forstyrrelser.<\/p>\n<h2 class=\"p3\"><b>F\u00e6rre alternativer ved bestilling<\/b><\/h2>\n<p class=\"p2\">Passasjerer m\u00f8ter ogs\u00e5 redusert fleksibilitet n\u00e5r de velger Ryanair-flyvninger. Der det en gang eksisterte flere avganger, kan det n\u00e5 bare v\u00e6re ett alternativ, eller tjenester kan operere p\u00e5 f\u00e6rre dager hver uke.<\/p>\n<p class=\"p2\">Dette har direkte innvirkning p\u00e5 hvordan turene organiseres. Reisende m\u00e5 kanskje justere avgangsdatoene for \u00e5 matche begrenset tilgjengelighet, i stedet for \u00e5 velge flyreiser som passer deres tidsplan. S\u00e6rlig helgereiser kan v\u00e6re vanskeligere \u00e5 arrangere der frekvensene er redusert.<\/p>\n<p class=\"p2\">Bestilling senere kan ogs\u00e5 medf\u00f8re st\u00f8rre risiko. Med f\u00e6rre ledige seter er det mer sannsynlig at flyreiser fylles opp, spesielt i travle perioder som skoleferier. Dette kan gi passasjerer begrensede alternativer eller tvinge dem til \u00e5 vurdere mindre praktiske ruter.<\/p>\n<h2 class=\"p3\"><b>Hvem p\u00e5virker det<\/b><\/h2>\n<p class=\"p2\">Reduksjonen i tilgjengeligheten av Ryanair-fly p\u00e5virker et bredt spekter av reisende i Spania. Regionale flyplasser, tidligere praktiske for innenlands- og kortreiste internasjonale reiser, er blant de hardest rammede. Innbyggere i mindre byer eller tettsteder st\u00e5r n\u00e5 overfor lengre reiser for \u00e5 n\u00e5 store flyplasser for \u00e5 fullf\u00f8re turene sine.<\/p>\n<p class=\"p2\">B\u00e5de fritids- og forretningsreisende er ber\u00f8rt. Expats som bor i Spania, feriegjester og hyppige flyreiser m\u00e5 navigere i mer komplekse reiseruter, mens de som reiser til mindre tilgjengelige turistm\u00e5l kan m\u00f8te f\u00e6rre direkte alternativer. I noen tilfeller kan lengre forbindelser og avhengighet av store knutepunkter ogs\u00e5 \u00f8ke reisekostnadene og tidsforpliktelsene.<\/p>\n<h2 class=\"p3\"><b>H\u00f8yere totale reisekostnader<\/b><\/h2>\n<p class=\"p2\">Selv om billettprisene varierer, kan de totale reisekostnadene \u00f8ke for enkelte passasjerer. N\u00e5r direktefly ikke lenger er tilgjengelig, involverer indirekte ruter ofte flere billetter eller forskjellige flyselskaper, noe som kan v\u00e6re dyrere.<\/p>\n<p class=\"p2\">Merkostnader kan ogs\u00e5 oppst\u00e5 ved lengre reiser. Reisende m\u00e5 kanskje betale for m\u00e5ltider under lengre opphold eller ordne overnatting dersom forbindelser ikke er tilgjengelige samme dag. Bakketransportkostnader kan ogs\u00e5 stige dersom passasjerer m\u00e5 reise lenger for \u00e5 n\u00e5 en avgangsflyplass. For familier eller de som reiser regelmessig, kan disse ekstra utgiftene raskt akkumuleres.<\/p>\n<h2 class=\"p3\"><b>St\u00f8rre avhengighet av st\u00f8rre flyplasser<\/b><\/h2>\n<p class=\"p2\">Etter hvert som reisem\u00f8nstrene skifter, blir st\u00f8rre flyplasser mer sentrale for reiser i Spania. Passasjerer som tidligere brukte mindre regionale flyplasser kan n\u00e5 m\u00e5tte reise til store knutepunkter for \u00e5 f\u00e5 tilgang til et bredere spekter av flyreiser.<\/p>\n<p class=\"p2\">Dette kan inneb\u00e6re lengre reiser til selve flyplassen, enten det er med bil, tog eller buss. I noen tilfeller kan tiden brukt p\u00e5 \u00e5 n\u00e5 flyplassen overskride varigheten av flyturen som f\u00f8lger. St\u00f8rre flyplasser kan ogs\u00e5 bety travlere terminaler, lengre k\u00f8er og mer tid n\u00f8dvendig for innsjekking og sikkerhet. Selv om de tilbyr flere forbindelser, kan den generelle opplevelsen f\u00f8les mindre enkel enn \u00e5 reise fra en mindre lokal flyplass.<\/p>\n<h2 class=\"p3\"><b>Hva passasjerene b\u00f8r gj\u00f8re<\/b><\/h2>\n<p class=\"p2\">Reisende kan ta flere praktiske skritt for \u00e5 h\u00e5ndtere disse endringene.<\/p>\n<p class=\"p2\">Det er viktig \u00e5 sjekke flyrutene tidlig. Ruter og frekvenser kan avvike fra tidligere \u00e5r, s\u00e5 det er viktig \u00e5 bekrefte detaljer f\u00f8r du legger planer. Bestilling p\u00e5 forh\u00e5nd kan bidra til \u00e5 sikre seter p\u00e5 foretrukne flyreiser og unng\u00e5 pris\u00f8kninger i siste liten.<\/p>\n<p class=\"p2\">Det er ogs\u00e5 tilr\u00e5delig \u00e5 tillate ekstra tid til reisen. Dette inkluderer \u00e5 bygge inn lengre oppkoblingstider der indirekte ruter er n\u00f8dvendig, noe som reduserer risikoen for tapte flyavganger.<\/p>\n<p class=\"p2\">Fleksibilitet kan utgj\u00f8re en betydelig forskjell. \u00c5 v\u00e6re \u00e5pen for \u00e5 reise p\u00e5 forskjellige dager eller bruke alternative flyplasser kan gi flere alternativer og bidra til \u00e5 holde kostnadene nede. Passasjerer b\u00f8r ogs\u00e5 gjennomg\u00e5 rettighetene sine f\u00f8r de reiser. <strong>Ved en kansellering er flyselskapene p\u00e5lagt \u00e5 tilby refusjon eller en alternativ reise<\/strong>. \u00c5 f\u00f8re journal over bestillinger og kvitteringer kan gj\u00f8re det lettere \u00e5 kreve utgifter hvis planene blir forstyrret.<\/p>\n<h2 class=\"p3\"><b>\u00c5 tilpasse seg en annen m\u00e5te \u00e5 reise p\u00e5<\/b><\/h2>\n<p class=\"p2\">Endringene i tilgjengeligheten av Ryanairs flyreiser omformer hvordan folk flytter til, fra og innenfor Spania. Direkteruter er mindre vanlig i enkelte omr\u00e5der, og reiser inneb\u00e6rer i \u00f8kende grad flere trinn.<\/p>\n<p class=\"p2\">For passasjerene betyr dette \u00e5 planlegge fremover, gi mer tid og vurdere et bredere spekter av reisealternativer. Selv om flyging fortsatt er tilgjengelig, blir prosessen mindre enkel for de som er avhengige av ruter som ikke lenger fungerer som de en gang gjorde. Etter hvert som tidsplanene avgj\u00f8res, vil reisende m\u00e5tte tilpasse seg disse forholdene, og n\u00e6rme seg turer med st\u00f8rre forberedelse og fleksibilitet enn f\u00f8r.<\/p>\n<p>                    <!-- Originally published at https:\/\/euroweeklynews.com\/2026\/04\/07\/what-ryanair-cuts-mean-for-travellers-in-spain-in-2026\/ on 07 Apr 2026 at 16:30 by Molly Grace --><br \/>\n                    <!-- Article End -->\n                <\/div>\n","protected":false},"excerpt":{"rendered":"<p>Passasjerer som reiser til og fra Spania er begynner \u00e5 kjenne effekten av Ryanairs reduserte<\/p>\n","protected":false},"author":1,"featured_media":16716,"comment_status":"closed","ping_status":"open","sticky":false,"template":"","format":"standard","meta":{"footnotes":""},"categories":[105],"tags":[186,144,6049,3092,5875,529],"class_list":["post-16715","post","type-post","status-publish","format-standard","has-post-thumbnail","hentry","category-livsstil","tag-betyr","tag-hva","tag-kutt","tag-reisende","tag-ryanairs","tag-spania","generate-columns","tablet-grid-50","mobile-grid-100","grid-parent","grid-33"],"yoast_head":"<!-- This site is optimized with the Yoast SEO plugin v24.4 - https:\/\/yoast.com\/wordpress\/plugins\/seo\/ -->\n<title>Hva Ryanairs kutt betyr for reisende i Spania i 2026 - Nordnesrepublikken<\/title>\n<meta name=\"robots\" content=\"index, follow, max-snippet:-1, max-image-preview:large, max-video-preview:-1\" \/>\n<link rel=\"canonical\" href=\"https:\/\/nordnesrepublikken.no\/index.php\/2026\/04\/07\/hva-ryanairs-kutt-betyr-for-reisende-i-spania-i-2026\/\" \/>\n<meta property=\"og:locale\" content=\"nb_NO\" \/>\n<meta property=\"og:type\" content=\"article\" \/>\n<meta property=\"og:title\" content=\"Hva Ryanairs kutt betyr for reisende i Spania i 2026 - Nordnesrepublikken\" \/>\n<meta property=\"og:description\" content=\"Passasjerer som reiser til og fra Spania er begynner \u00e5 kjenne effekten av Ryanairs reduserte\" \/>\n<meta property=\"og:url\" content=\"https:\/\/nordnesrepublikken.no\/index.php\/2026\/04\/07\/hva-ryanairs-kutt-betyr-for-reisende-i-spania-i-2026\/\" \/>\n<meta property=\"og:site_name\" content=\"Nordnesrepublikken\" \/>\n<meta property=\"article:published_time\" content=\"2026-04-07T15:17:03+00:00\" \/>\n<meta property=\"article:modified_time\" content=\"2026-04-07T15:17:05+00:00\" \/>\n<meta property=\"og:image\" content=\"https:\/\/nordnesrepublikken.no\/wp-content\/uploads\/2026\/04\/1775575024_Hva-Ryanairs-kutt-betyr-for-reisende-i-Spania-i-2026.jpg\" \/>\n\t<meta property=\"og:image:width\" content=\"1600\" \/>\n\t<meta property=\"og:image:height\" content=\"1003\" \/>\n\t<meta property=\"og:image:type\" content=\"image\/jpeg\" \/>\n<meta name=\"author\" content=\"Ole Andersen\" \/>\n<meta name=\"twitter:card\" content=\"summary_large_image\" \/>\n<meta name=\"twitter:label1\" content=\"Skrevet av\" \/>\n\t<meta name=\"twitter:data1\" content=\"Ole Andersen\" \/>\n\t<meta name=\"twitter:label2\" content=\"Ansl. lesetid\" \/>\n\t<meta name=\"twitter:data2\" content=\"5 minutter\" \/>\n<script type=\"application\/ld+json\" class=\"yoast-schema-graph\">{\"@context\":\"https:\/\/schema.org\",\"@graph\":[{\"@type\":\"Article\",\"@id\":\"https:\/\/nordnesrepublikken.no\/index.php\/2026\/04\/07\/hva-ryanairs-kutt-betyr-for-reisende-i-spania-i-2026\/#article\",\"isPartOf\":{\"@id\":\"https:\/\/nordnesrepublikken.no\/index.php\/2026\/04\/07\/hva-ryanairs-kutt-betyr-for-reisende-i-spania-i-2026\/\"},\"author\":{\"name\":\"Ole Andersen\",\"@id\":\"https:\/\/nordnesrepublikken.no\/#\/schema\/person\/2e7e81935bab77882fffb79296240ff1\"},\"headline\":\"Hva Ryanairs kutt betyr for reisende i Spania i 2026\",\"datePublished\":\"2026-04-07T15:17:03+00:00\",\"dateModified\":\"2026-04-07T15:17:05+00:00\",\"mainEntityOfPage\":{\"@id\":\"https:\/\/nordnesrepublikken.no\/index.php\/2026\/04\/07\/hva-ryanairs-kutt-betyr-for-reisende-i-spania-i-2026\/\"},\"wordCount\":950,\"publisher\":{\"@id\":\"https:\/\/nordnesrepublikken.no\/#organization\"},\"image\":{\"@id\":\"https:\/\/nordnesrepublikken.no\/index.php\/2026\/04\/07\/hva-ryanairs-kutt-betyr-for-reisende-i-spania-i-2026\/#primaryimage\"},\"thumbnailUrl\":\"https:\/\/nordnesrepublikken.no\/wp-content\/uploads\/2026\/04\/1775575024_Hva-Ryanairs-kutt-betyr-for-reisende-i-Spania-i-2026.jpg\",\"keywords\":[\"betyr\",\"Hva\",\"kutt\",\"reisende\",\"Ryanairs\",\"Spania\"],\"articleSection\":[\"Livsstil\"],\"inLanguage\":\"nb-NO\"},{\"@type\":\"WebPage\",\"@id\":\"https:\/\/nordnesrepublikken.no\/index.php\/2026\/04\/07\/hva-ryanairs-kutt-betyr-for-reisende-i-spania-i-2026\/\",\"url\":\"https:\/\/nordnesrepublikken.no\/index.php\/2026\/04\/07\/hva-ryanairs-kutt-betyr-for-reisende-i-spania-i-2026\/\",\"name\":\"Hva Ryanairs kutt betyr for reisende i Spania i 2026 - Nordnesrepublikken\",\"isPartOf\":{\"@id\":\"https:\/\/nordnesrepublikken.no\/#website\"},\"primaryImageOfPage\":{\"@id\":\"https:\/\/nordnesrepublikken.no\/index.php\/2026\/04\/07\/hva-ryanairs-kutt-betyr-for-reisende-i-spania-i-2026\/#primaryimage\"},\"image\":{\"@id\":\"https:\/\/nordnesrepublikken.no\/index.php\/2026\/04\/07\/hva-ryanairs-kutt-betyr-for-reisende-i-spania-i-2026\/#primaryimage\"},\"thumbnailUrl\":\"https:\/\/nordnesrepublikken.no\/wp-content\/uploads\/2026\/04\/1775575024_Hva-Ryanairs-kutt-betyr-for-reisende-i-Spania-i-2026.jpg\",\"datePublished\":\"2026-04-07T15:17:03+00:00\",\"dateModified\":\"2026-04-07T15:17:05+00:00\",\"breadcrumb\":{\"@id\":\"https:\/\/nordnesrepublikken.no\/index.php\/2026\/04\/07\/hva-ryanairs-kutt-betyr-for-reisende-i-spania-i-2026\/#breadcrumb\"},\"inLanguage\":\"nb-NO\",\"potentialAction\":[{\"@type\":\"ReadAction\",\"target\":[\"https:\/\/nordnesrepublikken.no\/index.php\/2026\/04\/07\/hva-ryanairs-kutt-betyr-for-reisende-i-spania-i-2026\/\"]}]},{\"@type\":\"ImageObject\",\"inLanguage\":\"nb-NO\",\"@id\":\"https:\/\/nordnesrepublikken.no\/index.php\/2026\/04\/07\/hva-ryanairs-kutt-betyr-for-reisende-i-spania-i-2026\/#primaryimage\",\"url\":\"https:\/\/nordnesrepublikken.no\/wp-content\/uploads\/2026\/04\/1775575024_Hva-Ryanairs-kutt-betyr-for-reisende-i-Spania-i-2026.jpg\",\"contentUrl\":\"https:\/\/nordnesrepublikken.no\/wp-content\/uploads\/2026\/04\/1775575024_Hva-Ryanairs-kutt-betyr-for-reisende-i-Spania-i-2026.jpg\",\"width\":1600,\"height\":1003,\"caption\":\"Hva Ryanairs kutt betyr for reisende i Spania i 2026\"},{\"@type\":\"BreadcrumbList\",\"@id\":\"https:\/\/nordnesrepublikken.no\/index.php\/2026\/04\/07\/hva-ryanairs-kutt-betyr-for-reisende-i-spania-i-2026\/#breadcrumb\",\"itemListElement\":[{\"@type\":\"ListItem\",\"position\":1,\"name\":\"Home\",\"item\":\"https:\/\/nordnesrepublikken.no\/\"},{\"@type\":\"ListItem\",\"position\":2,\"name\":\"Hva Ryanairs kutt betyr for reisende i Spania i 2026\"}]},{\"@type\":\"WebSite\",\"@id\":\"https:\/\/nordnesrepublikken.no\/#website\",\"url\":\"https:\/\/nordnesrepublikken.no\/\",\"name\":\"Nordnesrepublikken\",\"description\":\"Stemmer og Visjoner fra Republikkens Hjerte\",\"publisher\":{\"@id\":\"https:\/\/nordnesrepublikken.no\/#organization\"},\"potentialAction\":[{\"@type\":\"SearchAction\",\"target\":{\"@type\":\"EntryPoint\",\"urlTemplate\":\"https:\/\/nordnesrepublikken.no\/?s={search_term_string}\"},\"query-input\":{\"@type\":\"PropertyValueSpecification\",\"valueRequired\":true,\"valueName\":\"search_term_string\"}}],\"inLanguage\":\"nb-NO\"},{\"@type\":\"Organization\",\"@id\":\"https:\/\/nordnesrepublikken.no\/#organization\",\"name\":\"Nordnesrepublikken\",\"url\":\"https:\/\/nordnesrepublikken.no\/\",\"logo\":{\"@type\":\"ImageObject\",\"inLanguage\":\"nb-NO\",\"@id\":\"https:\/\/nordnesrepublikken.no\/#\/schema\/logo\/image\/\",\"url\":\"https:\/\/nordnesrepublikken.no\/wp-content\/uploads\/2025\/02\/cropped-nordnesrepublikken-2.png\",\"contentUrl\":\"https:\/\/nordnesrepublikken.no\/wp-content\/uploads\/2025\/02\/cropped-nordnesrepublikken-2.png\",\"width\":1248,\"height\":362,\"caption\":\"Nordnesrepublikken\"},\"image\":{\"@id\":\"https:\/\/nordnesrepublikken.no\/#\/schema\/logo\/image\/\"}},{\"@type\":\"Person\",\"@id\":\"https:\/\/nordnesrepublikken.no\/#\/schema\/person\/2e7e81935bab77882fffb79296240ff1\",\"name\":\"Ole Andersen\",\"image\":{\"@type\":\"ImageObject\",\"inLanguage\":\"nb-NO\",\"@id\":\"https:\/\/nordnesrepublikken.no\/#\/schema\/person\/image\/\",\"url\":\"https:\/\/nordnesrepublikken.no\/wp-content\/uploads\/2025\/02\/nordnesrepublikken-2-2-150x150.jpg\",\"contentUrl\":\"https:\/\/nordnesrepublikken.no\/wp-content\/uploads\/2025\/02\/nordnesrepublikken-2-2-150x150.jpg\",\"caption\":\"Ole Andersen\"},\"description\":\"Ettersom jeg vokste opp i Oslo, har jeg alltid v\u00e6rt fascinert av ordenes kraft og deres evne til \u00e5 skape endringer. Etter \u00e5 ha fullf\u00f8rt min utdannelse i kommunikasjon ved Universitetet i Bergen, fikk jeg muligheten til \u00e5 jobbe innen ulike medier, der jeg har s\u00f8kt \u00e5 belyse viktige samfunnssp\u00f8rsm\u00e5l. I dag, som redakt\u00f8r for Nordnesrepublikken, pr\u00f8ver jeg \u00e5 forene min kj\u00e6rlighet for journalistikk med min lidenskap for innovasjon og eventyr.\",\"sameAs\":[\"https:\/\/nordnesrepublikken.no\/\"]}]}<\/script>\n<!-- \/ Yoast SEO plugin. -->","yoast_head_json":{"title":"Hva Ryanairs kutt betyr for reisende i Spania i 2026 - Nordnesrepublikken","robots":{"index":"index","follow":"follow","max-snippet":"max-snippet:-1","max-image-preview":"max-image-preview:large","max-video-preview":"max-video-preview:-1"},"canonical":"https:\/\/nordnesrepublikken.no\/index.php\/2026\/04\/07\/hva-ryanairs-kutt-betyr-for-reisende-i-spania-i-2026\/","og_locale":"nb_NO","og_type":"article","og_title":"Hva Ryanairs kutt betyr for reisende i Spania i 2026 - Nordnesrepublikken","og_description":"Passasjerer som reiser til og fra Spania er begynner \u00e5 kjenne effekten av Ryanairs reduserte","og_url":"https:\/\/nordnesrepublikken.no\/index.php\/2026\/04\/07\/hva-ryanairs-kutt-betyr-for-reisende-i-spania-i-2026\/","og_site_name":"Nordnesrepublikken","article_published_time":"2026-04-07T15:17:03+00:00","article_modified_time":"2026-04-07T15:17:05+00:00","og_image":[{"width":1600,"height":1003,"url":"https:\/\/nordnesrepublikken.no\/wp-content\/uploads\/2026\/04\/1775575024_Hva-Ryanairs-kutt-betyr-for-reisende-i-Spania-i-2026.jpg","type":"image\/jpeg"}],"author":"Ole Andersen","twitter_card":"summary_large_image","twitter_misc":{"Skrevet av":"Ole Andersen","Ansl. lesetid":"5 minutter"},"schema":{"@context":"https:\/\/schema.org","@graph":[{"@type":"Article","@id":"https:\/\/nordnesrepublikken.no\/index.php\/2026\/04\/07\/hva-ryanairs-kutt-betyr-for-reisende-i-spania-i-2026\/#article","isPartOf":{"@id":"https:\/\/nordnesrepublikken.no\/index.php\/2026\/04\/07\/hva-ryanairs-kutt-betyr-for-reisende-i-spania-i-2026\/"},"author":{"name":"Ole Andersen","@id":"https:\/\/nordnesrepublikken.no\/#\/schema\/person\/2e7e81935bab77882fffb79296240ff1"},"headline":"Hva Ryanairs kutt betyr for reisende i Spania i 2026","datePublished":"2026-04-07T15:17:03+00:00","dateModified":"2026-04-07T15:17:05+00:00","mainEntityOfPage":{"@id":"https:\/\/nordnesrepublikken.no\/index.php\/2026\/04\/07\/hva-ryanairs-kutt-betyr-for-reisende-i-spania-i-2026\/"},"wordCount":950,"publisher":{"@id":"https:\/\/nordnesrepublikken.no\/#organization"},"image":{"@id":"https:\/\/nordnesrepublikken.no\/index.php\/2026\/04\/07\/hva-ryanairs-kutt-betyr-for-reisende-i-spania-i-2026\/#primaryimage"},"thumbnailUrl":"https:\/\/nordnesrepublikken.no\/wp-content\/uploads\/2026\/04\/1775575024_Hva-Ryanairs-kutt-betyr-for-reisende-i-Spania-i-2026.jpg","keywords":["betyr","Hva","kutt","reisende","Ryanairs","Spania"],"articleSection":["Livsstil"],"inLanguage":"nb-NO"},{"@type":"WebPage","@id":"https:\/\/nordnesrepublikken.no\/index.php\/2026\/04\/07\/hva-ryanairs-kutt-betyr-for-reisende-i-spania-i-2026\/","url":"https:\/\/nordnesrepublikken.no\/index.php\/2026\/04\/07\/hva-ryanairs-kutt-betyr-for-reisende-i-spania-i-2026\/","name":"Hva Ryanairs kutt betyr for reisende i Spania i 2026 - Nordnesrepublikken","isPartOf":{"@id":"https:\/\/nordnesrepublikken.no\/#website"},"primaryImageOfPage":{"@id":"https:\/\/nordnesrepublikken.no\/index.php\/2026\/04\/07\/hva-ryanairs-kutt-betyr-for-reisende-i-spania-i-2026\/#primaryimage"},"image":{"@id":"https:\/\/nordnesrepublikken.no\/index.php\/2026\/04\/07\/hva-ryanairs-kutt-betyr-for-reisende-i-spania-i-2026\/#primaryimage"},"thumbnailUrl":"https:\/\/nordnesrepublikken.no\/wp-content\/uploads\/2026\/04\/1775575024_Hva-Ryanairs-kutt-betyr-for-reisende-i-Spania-i-2026.jpg","datePublished":"2026-04-07T15:17:03+00:00","dateModified":"2026-04-07T15:17:05+00:00","breadcrumb":{"@id":"https:\/\/nordnesrepublikken.no\/index.php\/2026\/04\/07\/hva-ryanairs-kutt-betyr-for-reisende-i-spania-i-2026\/#breadcrumb"},"inLanguage":"nb-NO","potentialAction":[{"@type":"ReadAction","target":["https:\/\/nordnesrepublikken.no\/index.php\/2026\/04\/07\/hva-ryanairs-kutt-betyr-for-reisende-i-spania-i-2026\/"]}]},{"@type":"ImageObject","inLanguage":"nb-NO","@id":"https:\/\/nordnesrepublikken.no\/index.php\/2026\/04\/07\/hva-ryanairs-kutt-betyr-for-reisende-i-spania-i-2026\/#primaryimage","url":"https:\/\/nordnesrepublikken.no\/wp-content\/uploads\/2026\/04\/1775575024_Hva-Ryanairs-kutt-betyr-for-reisende-i-Spania-i-2026.jpg","contentUrl":"https:\/\/nordnesrepublikken.no\/wp-content\/uploads\/2026\/04\/1775575024_Hva-Ryanairs-kutt-betyr-for-reisende-i-Spania-i-2026.jpg","width":1600,"height":1003,"caption":"Hva Ryanairs kutt betyr for reisende i Spania i 2026"},{"@type":"BreadcrumbList","@id":"https:\/\/nordnesrepublikken.no\/index.php\/2026\/04\/07\/hva-ryanairs-kutt-betyr-for-reisende-i-spania-i-2026\/#breadcrumb","itemListElement":[{"@type":"ListItem","position":1,"name":"Home","item":"https:\/\/nordnesrepublikken.no\/"},{"@type":"ListItem","position":2,"name":"Hva Ryanairs kutt betyr for reisende i Spania i 2026"}]},{"@type":"WebSite","@id":"https:\/\/nordnesrepublikken.no\/#website","url":"https:\/\/nordnesrepublikken.no\/","name":"Nordnesrepublikken","description":"Stemmer og Visjoner fra Republikkens Hjerte","publisher":{"@id":"https:\/\/nordnesrepublikken.no\/#organization"},"potentialAction":[{"@type":"SearchAction","target":{"@type":"EntryPoint","urlTemplate":"https:\/\/nordnesrepublikken.no\/?s={search_term_string}"},"query-input":{"@type":"PropertyValueSpecification","valueRequired":true,"valueName":"search_term_string"}}],"inLanguage":"nb-NO"},{"@type":"Organization","@id":"https:\/\/nordnesrepublikken.no\/#organization","name":"Nordnesrepublikken","url":"https:\/\/nordnesrepublikken.no\/","logo":{"@type":"ImageObject","inLanguage":"nb-NO","@id":"https:\/\/nordnesrepublikken.no\/#\/schema\/logo\/image\/","url":"https:\/\/nordnesrepublikken.no\/wp-content\/uploads\/2025\/02\/cropped-nordnesrepublikken-2.png","contentUrl":"https:\/\/nordnesrepublikken.no\/wp-content\/uploads\/2025\/02\/cropped-nordnesrepublikken-2.png","width":1248,"height":362,"caption":"Nordnesrepublikken"},"image":{"@id":"https:\/\/nordnesrepublikken.no\/#\/schema\/logo\/image\/"}},{"@type":"Person","@id":"https:\/\/nordnesrepublikken.no\/#\/schema\/person\/2e7e81935bab77882fffb79296240ff1","name":"Ole Andersen","image":{"@type":"ImageObject","inLanguage":"nb-NO","@id":"https:\/\/nordnesrepublikken.no\/#\/schema\/person\/image\/","url":"https:\/\/nordnesrepublikken.no\/wp-content\/uploads\/2025\/02\/nordnesrepublikken-2-2-150x150.jpg","contentUrl":"https:\/\/nordnesrepublikken.no\/wp-content\/uploads\/2025\/02\/nordnesrepublikken-2-2-150x150.jpg","caption":"Ole Andersen"},"description":"Ettersom jeg vokste opp i Oslo, har jeg alltid v\u00e6rt fascinert av ordenes kraft og deres evne til \u00e5 skape endringer. Etter \u00e5 ha fullf\u00f8rt min utdannelse i kommunikasjon ved Universitetet i Bergen, fikk jeg muligheten til \u00e5 jobbe innen ulike medier, der jeg har s\u00f8kt \u00e5 belyse viktige samfunnssp\u00f8rsm\u00e5l. I dag, som redakt\u00f8r for Nordnesrepublikken, pr\u00f8ver jeg \u00e5 forene min kj\u00e6rlighet for journalistikk med min lidenskap for innovasjon og eventyr.","sameAs":["https:\/\/nordnesrepublikken.no\/"]}]}},"_links":{"self":[{"href":"https:\/\/nordnesrepublikken.no\/index.php\/wp-json\/wp\/v2\/posts\/16715","targetHints":{"allow":["GET"]}}],"collection":[{"href":"https:\/\/nordnesrepublikken.no\/index.php\/wp-json\/wp\/v2\/posts"}],"about":[{"href":"https:\/\/nordnesrepublikken.no\/index.php\/wp-json\/wp\/v2\/types\/post"}],"author":[{"embeddable":true,"href":"https:\/\/nordnesrepublikken.no\/index.php\/wp-json\/wp\/v2\/users\/1"}],"replies":[{"embeddable":true,"href":"https:\/\/nordnesrepublikken.no\/index.php\/wp-json\/wp\/v2\/comments?post=16715"}],"version-history":[{"count":1,"href":"https:\/\/nordnesrepublikken.no\/index.php\/wp-json\/wp\/v2\/posts\/16715\/revisions"}],"predecessor-version":[{"id":16717,"href":"https:\/\/nordnesrepublikken.no\/index.php\/wp-json\/wp\/v2\/posts\/16715\/revisions\/16717"}],"wp:featuredmedia":[{"embeddable":true,"href":"https:\/\/nordnesrepublikken.no\/index.php\/wp-json\/wp\/v2\/media\/16716"}],"wp:attachment":[{"href":"https:\/\/nordnesrepublikken.no\/index.php\/wp-json\/wp\/v2\/media?parent=16715"}],"wp:term":[{"taxonomy":"category","embeddable":true,"href":"https:\/\/nordnesrepublikken.no\/index.php\/wp-json\/wp\/v2\/categories?post=16715"},{"taxonomy":"post_tag","embeddable":true,"href":"https:\/\/nordnesrepublikken.no\/index.php\/wp-json\/wp\/v2\/tags?post=16715"}],"curies":[{"name":"wp","href":"https:\/\/api.w.org\/{rel}","templated":true}]}}