{"id":16709,"date":"2026-04-07T15:17:58","date_gmt":"2026-04-07T13:17:58","guid":{"rendered":"https:\/\/nordnesrepublikken.no\/index.php\/2026\/04\/07\/opprinnelsen-og-tradisjonene-til-en-gammel-vane\/"},"modified":"2026-04-07T15:18:00","modified_gmt":"2026-04-07T13:18:00","slug":"opprinnelsen-og-tradisjonene-til-en-gammel-vane","status":"publish","type":"post","link":"https:\/\/nordnesrepublikken.no\/index.php\/2026\/04\/07\/opprinnelsen-og-tradisjonene-til-en-gammel-vane\/","title":{"rendered":"opprinnelsen og tradisjonene til en gammel vane"},"content":{"rendered":"<div>\n<div class=\"cp_wrapper cp_wrapper--fw mb-30 mb-20@tablet\">\n<figure class=\"mm\"><picture class=\"img\" style=\"padding-top:56.25%\"><source  media=\"(min-width: 1024px)\"><source  media=\"(min-width: 768px)\"><\/source><\/source><\/picture><\/figure>\n<\/p><\/div>\n<p>De <b>v\u00e5rrengj\u00f8ring<\/b>skikken med <b>rengj\u00f8re og fornye <\/b>hjemlige rom i anledning ankomsten av den nye sesongen, er ikke bare en m\u00e5te \u00e5 si eller en vane med \u00e5 omorganisere for <b>behov for rengj\u00f8ring<\/b>men det har det <b>historiske og kulturelle r\u00f8tter <\/b>som er forankret i noen av de eldste kulturene i verden og som har f\u00f8rt til at dette konseptet har konsolidert seg i den generelle kulturen i dag.<\/p>\n<p>For eksempel har j\u00f8dene siden antikken renset huset for spor av gj\u00e6r f\u00f8r p\u00e5ske &#8211; som faller n\u00e6r begynnelsen av v\u00e5ren &#8211; det samme gj\u00f8r folkene med persisk tradisjon, som knytter rengj\u00f8ring til feiringen av <b>Nowruz<\/b>deres nytt\u00e5rsaften, ogs\u00e5 tilsvarende v\u00e5ren. Det samme skjer i <b>Kina<\/b>hvor huset rengj\u00f8res for \u00e5 &laquo;t\u00f8rke bort&raquo; onde \u00e5nder i anledning m\u00e5nenytt\u00e5ret, rett f\u00f8r v\u00e5ren.<\/p>\n<h2>V\u00e5rrengj\u00f8ring i tradisjonen med j\u00f8disk p\u00e5ske og opprinnelsen til navnet<\/h2>\n<p>En av de eldste referansene til renhold i forbindelse med v\u00e5rperioden er knyttet til<b> J\u00f8disk p\u00e5sketradisjon<\/b>, <em>P\u00e5ske<\/em>som tilsvarer den f\u00f8rste fullm\u00e5nen etter v\u00e5rjevnd\u00f8gn: f\u00f8r dette jubileet, if\u00f8lge de j\u00f8diske skriftene, er det n\u00f8dvendig \u00e5 fjerne fra huset <b>hvert spor av <\/b><em><b>chametz<\/b><\/em>eller syrnet br\u00f8d og melprodukter. Denne gesten minner oss om at hastverket som israelittene m\u00e5tte flykte fra Egypt for \u00e5 frigj\u00f8re seg fra slaveri var s\u00e5 stort at de ikke engang kunne vente p\u00e5 at br\u00f8det skulle heve seg.<\/p>\n<p>Faktisk, i 2. Mosebok, kapittel 12, leser vi<\/p>\n<blockquote>\n<p>\u00abI sju dager skal dere spise usyret br\u00f8d, fra den f\u00f8rste dag skal dere la surdeigen forsvinne fra deres hjem\u00bb<\/p>\n<\/blockquote>\n<p>For \u00e5 rense hvert spor var det derfor n\u00f8dvendig \u00e5 gj\u00f8re noen <b>ekte rengj\u00f8ring <\/b>som over tid startet tradisjonen med \u00abv\u00e5rrengj\u00f8ring\u00bb.<\/p>\n<h2>Tilknytningen til Nowruz, det persiske nytt\u00e5ret<\/h2>\n<p>I anledning av <b>Nowruz<\/b>det persiske nytt\u00e5ret, feiret av kurdiske og iranske samfunn rundt om i verden, feires tradisjonen med den s\u00e5kalte &laquo;<strong><em>riste huset<\/em><\/strong>&laquo;, en ekte en <b>overgangsrite <\/b>som planlegger \u00e5 <b>friske opp og rengj\u00f8re<\/b> hele hjemmemilj\u00f8et.<\/p>\n<p>Nowruz feires iht<b>v\u00e5rjevnd\u00f8gn<\/b>: det nye \u00e5ret begynner i det n\u00f8yaktige \u00f8yeblikket da solen krysser himmelekvator, derfor 20. eller 21. mars.<\/p>\n<p>Nettopp derfor, selv i denne kulturen, <b>renhold er forbundet med v\u00e5ren<\/b>som omtrent sammenfaller med starten p\u00e5 det nye \u00e5ret.<\/p>\n<p>I anledning Nowruz blir derfor tepper og tekstiler vasket, rom luftes, skjulte hj\u00f8rner renses, \u00f8delagte gjenstander og rom repareres, kl\u00e6r fornyes for det kommende nye \u00e5ret: disse gestene symboliserer<b> fornyelse<\/b> og gi slipp p\u00e5 det som er \u00abgammelt\u00bb for \u00e5 \u00e5pne opp for det \u00abnye\u00bb, i likhet med det som skjer i det vestlige nytt\u00e5ret med riter og tradisjoner knyttet til det.<\/p>\n<h2><b>Rengj\u00f8ring f\u00f8r m\u00e5nenytt\u00e5r i Kina<\/b><\/h2>\n<p>Selv i anledning det kinesiske nytt\u00e5ret, som feires i anledning den andre nym\u00e5nen etter vintersolverv, er det tradisjon \u00e5 gj\u00f8re<b> grundig rengj\u00f8ring<\/b>kalt \u00abt\u00f8rke bort st\u00f8vet\u00bb.<\/p>\n<p>\u00c5 feie st\u00f8vet, faktisk, <b>onde \u00e5nder og uflaks blir feid bort <\/b>som ellers ville forbli plassert i hj\u00f8rnene av huset.<\/p>\n<p>Generelt faller det kinesiske m\u00e5nenytt\u00e5ret i februar, og rengj\u00f8ring m\u00e5 gj\u00f8res f\u00f8r feiringen, fordi feiing etter feiring ville bety \u00e5 feie bort lykke.<\/p>\n<p>Selv i den kinesiske tradisjonen, <b>vi kommer til v\u00e5ren med et rent hus <\/b>og derfor &laquo;fri&raquo; fra onde \u00e5nder og intensjoner.<\/p>\n<\/p><\/div>\n","protected":false},"excerpt":{"rendered":"<p>De v\u00e5rrengj\u00f8ringskikken med rengj\u00f8re og fornye hjemlige rom i anledning ankomsten av den nye sesongen,<\/p>\n","protected":false},"author":1,"featured_media":16710,"comment_status":"closed","ping_status":"open","sticky":false,"template":"","format":"standard","meta":{"footnotes":""},"categories":[104],"tags":[596,2162,117,8773,9268],"class_list":["post-16709","post","type-post","status-publish","format-standard","has-post-thumbnail","hentry","category-samfunn","tag-gammel","tag-opprinnelsen","tag-til","tag-tradisjonene","tag-vane","generate-columns","tablet-grid-50","mobile-grid-100","grid-parent","grid-33","resize-featured-image"],"yoast_head":"<!-- This site is optimized with the Yoast SEO plugin v24.4 - https:\/\/yoast.com\/wordpress\/plugins\/seo\/ -->\n<title>opprinnelsen og tradisjonene til en gammel vane - Nordnesrepublikken<\/title>\n<meta name=\"robots\" content=\"index, follow, max-snippet:-1, max-image-preview:large, max-video-preview:-1\" \/>\n<link rel=\"canonical\" href=\"https:\/\/nordnesrepublikken.no\/index.php\/2026\/04\/07\/opprinnelsen-og-tradisjonene-til-en-gammel-vane\/\" \/>\n<meta property=\"og:locale\" content=\"nb_NO\" \/>\n<meta property=\"og:type\" content=\"article\" \/>\n<meta property=\"og:title\" content=\"opprinnelsen og tradisjonene til en gammel vane - Nordnesrepublikken\" \/>\n<meta property=\"og:description\" content=\"De v\u00e5rrengj\u00f8ringskikken med rengj\u00f8re og fornye hjemlige rom i anledning ankomsten av den nye sesongen,\" \/>\n<meta property=\"og:url\" content=\"https:\/\/nordnesrepublikken.no\/index.php\/2026\/04\/07\/opprinnelsen-og-tradisjonene-til-en-gammel-vane\/\" \/>\n<meta property=\"og:site_name\" content=\"Nordnesrepublikken\" \/>\n<meta property=\"article:published_time\" content=\"2026-04-07T13:17:58+00:00\" \/>\n<meta property=\"article:modified_time\" content=\"2026-04-07T13:18:00+00:00\" \/>\n<meta property=\"og:image\" content=\"https:\/\/nordnesrepublikken.no\/wp-content\/uploads\/2026\/04\/1775567879_opprinnelsen-og-tradisjonene-til-en-gammel-vane.jpg\" \/>\n\t<meta property=\"og:image:width\" content=\"1253\" \/>\n\t<meta property=\"og:image:height\" content=\"836\" \/>\n\t<meta property=\"og:image:type\" content=\"image\/jpeg\" \/>\n<meta name=\"author\" content=\"Ole Andersen\" \/>\n<meta name=\"twitter:card\" content=\"summary_large_image\" \/>\n<meta name=\"twitter:label1\" content=\"Skrevet av\" \/>\n\t<meta name=\"twitter:data1\" content=\"Ole Andersen\" \/>\n\t<meta name=\"twitter:label2\" content=\"Ansl. lesetid\" \/>\n\t<meta name=\"twitter:data2\" content=\"3 minutter\" \/>\n<script type=\"application\/ld+json\" class=\"yoast-schema-graph\">{\"@context\":\"https:\/\/schema.org\",\"@graph\":[{\"@type\":\"Article\",\"@id\":\"https:\/\/nordnesrepublikken.no\/index.php\/2026\/04\/07\/opprinnelsen-og-tradisjonene-til-en-gammel-vane\/#article\",\"isPartOf\":{\"@id\":\"https:\/\/nordnesrepublikken.no\/index.php\/2026\/04\/07\/opprinnelsen-og-tradisjonene-til-en-gammel-vane\/\"},\"author\":{\"name\":\"Ole Andersen\",\"@id\":\"https:\/\/nordnesrepublikken.no\/#\/schema\/person\/2e7e81935bab77882fffb79296240ff1\"},\"headline\":\"opprinnelsen og tradisjonene til en gammel vane\",\"datePublished\":\"2026-04-07T13:17:58+00:00\",\"dateModified\":\"2026-04-07T13:18:00+00:00\",\"mainEntityOfPage\":{\"@id\":\"https:\/\/nordnesrepublikken.no\/index.php\/2026\/04\/07\/opprinnelsen-og-tradisjonene-til-en-gammel-vane\/\"},\"wordCount\":573,\"publisher\":{\"@id\":\"https:\/\/nordnesrepublikken.no\/#organization\"},\"image\":{\"@id\":\"https:\/\/nordnesrepublikken.no\/index.php\/2026\/04\/07\/opprinnelsen-og-tradisjonene-til-en-gammel-vane\/#primaryimage\"},\"thumbnailUrl\":\"https:\/\/nordnesrepublikken.no\/wp-content\/uploads\/2026\/04\/1775567879_opprinnelsen-og-tradisjonene-til-en-gammel-vane.jpg\",\"keywords\":[\"gammel\",\"Opprinnelsen\",\"til\",\"tradisjonene\",\"vane\"],\"articleSection\":[\"Samfunn\"],\"inLanguage\":\"nb-NO\"},{\"@type\":\"WebPage\",\"@id\":\"https:\/\/nordnesrepublikken.no\/index.php\/2026\/04\/07\/opprinnelsen-og-tradisjonene-til-en-gammel-vane\/\",\"url\":\"https:\/\/nordnesrepublikken.no\/index.php\/2026\/04\/07\/opprinnelsen-og-tradisjonene-til-en-gammel-vane\/\",\"name\":\"opprinnelsen og tradisjonene til en gammel vane - Nordnesrepublikken\",\"isPartOf\":{\"@id\":\"https:\/\/nordnesrepublikken.no\/#website\"},\"primaryImageOfPage\":{\"@id\":\"https:\/\/nordnesrepublikken.no\/index.php\/2026\/04\/07\/opprinnelsen-og-tradisjonene-til-en-gammel-vane\/#primaryimage\"},\"image\":{\"@id\":\"https:\/\/nordnesrepublikken.no\/index.php\/2026\/04\/07\/opprinnelsen-og-tradisjonene-til-en-gammel-vane\/#primaryimage\"},\"thumbnailUrl\":\"https:\/\/nordnesrepublikken.no\/wp-content\/uploads\/2026\/04\/1775567879_opprinnelsen-og-tradisjonene-til-en-gammel-vane.jpg\",\"datePublished\":\"2026-04-07T13:17:58+00:00\",\"dateModified\":\"2026-04-07T13:18:00+00:00\",\"breadcrumb\":{\"@id\":\"https:\/\/nordnesrepublikken.no\/index.php\/2026\/04\/07\/opprinnelsen-og-tradisjonene-til-en-gammel-vane\/#breadcrumb\"},\"inLanguage\":\"nb-NO\",\"potentialAction\":[{\"@type\":\"ReadAction\",\"target\":[\"https:\/\/nordnesrepublikken.no\/index.php\/2026\/04\/07\/opprinnelsen-og-tradisjonene-til-en-gammel-vane\/\"]}]},{\"@type\":\"ImageObject\",\"inLanguage\":\"nb-NO\",\"@id\":\"https:\/\/nordnesrepublikken.no\/index.php\/2026\/04\/07\/opprinnelsen-og-tradisjonene-til-en-gammel-vane\/#primaryimage\",\"url\":\"https:\/\/nordnesrepublikken.no\/wp-content\/uploads\/2026\/04\/1775567879_opprinnelsen-og-tradisjonene-til-en-gammel-vane.jpg\",\"contentUrl\":\"https:\/\/nordnesrepublikken.no\/wp-content\/uploads\/2026\/04\/1775567879_opprinnelsen-og-tradisjonene-til-en-gammel-vane.jpg\",\"width\":1253,\"height\":836,\"caption\":\"opprinnelsen og tradisjonene til en gammel vane\"},{\"@type\":\"BreadcrumbList\",\"@id\":\"https:\/\/nordnesrepublikken.no\/index.php\/2026\/04\/07\/opprinnelsen-og-tradisjonene-til-en-gammel-vane\/#breadcrumb\",\"itemListElement\":[{\"@type\":\"ListItem\",\"position\":1,\"name\":\"Home\",\"item\":\"https:\/\/nordnesrepublikken.no\/\"},{\"@type\":\"ListItem\",\"position\":2,\"name\":\"opprinnelsen og tradisjonene til en gammel vane\"}]},{\"@type\":\"WebSite\",\"@id\":\"https:\/\/nordnesrepublikken.no\/#website\",\"url\":\"https:\/\/nordnesrepublikken.no\/\",\"name\":\"Nordnesrepublikken\",\"description\":\"Stemmer og Visjoner fra Republikkens Hjerte\",\"publisher\":{\"@id\":\"https:\/\/nordnesrepublikken.no\/#organization\"},\"potentialAction\":[{\"@type\":\"SearchAction\",\"target\":{\"@type\":\"EntryPoint\",\"urlTemplate\":\"https:\/\/nordnesrepublikken.no\/?s={search_term_string}\"},\"query-input\":{\"@type\":\"PropertyValueSpecification\",\"valueRequired\":true,\"valueName\":\"search_term_string\"}}],\"inLanguage\":\"nb-NO\"},{\"@type\":\"Organization\",\"@id\":\"https:\/\/nordnesrepublikken.no\/#organization\",\"name\":\"Nordnesrepublikken\",\"url\":\"https:\/\/nordnesrepublikken.no\/\",\"logo\":{\"@type\":\"ImageObject\",\"inLanguage\":\"nb-NO\",\"@id\":\"https:\/\/nordnesrepublikken.no\/#\/schema\/logo\/image\/\",\"url\":\"https:\/\/nordnesrepublikken.no\/wp-content\/uploads\/2025\/02\/cropped-nordnesrepublikken-2.png\",\"contentUrl\":\"https:\/\/nordnesrepublikken.no\/wp-content\/uploads\/2025\/02\/cropped-nordnesrepublikken-2.png\",\"width\":1248,\"height\":362,\"caption\":\"Nordnesrepublikken\"},\"image\":{\"@id\":\"https:\/\/nordnesrepublikken.no\/#\/schema\/logo\/image\/\"}},{\"@type\":\"Person\",\"@id\":\"https:\/\/nordnesrepublikken.no\/#\/schema\/person\/2e7e81935bab77882fffb79296240ff1\",\"name\":\"Ole Andersen\",\"image\":{\"@type\":\"ImageObject\",\"inLanguage\":\"nb-NO\",\"@id\":\"https:\/\/nordnesrepublikken.no\/#\/schema\/person\/image\/\",\"url\":\"https:\/\/nordnesrepublikken.no\/wp-content\/uploads\/2025\/02\/nordnesrepublikken-2-2-150x150.jpg\",\"contentUrl\":\"https:\/\/nordnesrepublikken.no\/wp-content\/uploads\/2025\/02\/nordnesrepublikken-2-2-150x150.jpg\",\"caption\":\"Ole Andersen\"},\"description\":\"Ettersom jeg vokste opp i Oslo, har jeg alltid v\u00e6rt fascinert av ordenes kraft og deres evne til \u00e5 skape endringer. Etter \u00e5 ha fullf\u00f8rt min utdannelse i kommunikasjon ved Universitetet i Bergen, fikk jeg muligheten til \u00e5 jobbe innen ulike medier, der jeg har s\u00f8kt \u00e5 belyse viktige samfunnssp\u00f8rsm\u00e5l. I dag, som redakt\u00f8r for Nordnesrepublikken, pr\u00f8ver jeg \u00e5 forene min kj\u00e6rlighet for journalistikk med min lidenskap for innovasjon og eventyr.\",\"sameAs\":[\"https:\/\/nordnesrepublikken.no\/\"]}]}<\/script>\n<!-- \/ Yoast SEO plugin. -->","yoast_head_json":{"title":"opprinnelsen og tradisjonene til en gammel vane - Nordnesrepublikken","robots":{"index":"index","follow":"follow","max-snippet":"max-snippet:-1","max-image-preview":"max-image-preview:large","max-video-preview":"max-video-preview:-1"},"canonical":"https:\/\/nordnesrepublikken.no\/index.php\/2026\/04\/07\/opprinnelsen-og-tradisjonene-til-en-gammel-vane\/","og_locale":"nb_NO","og_type":"article","og_title":"opprinnelsen og tradisjonene til en gammel vane - Nordnesrepublikken","og_description":"De v\u00e5rrengj\u00f8ringskikken med rengj\u00f8re og fornye hjemlige rom i anledning ankomsten av den nye sesongen,","og_url":"https:\/\/nordnesrepublikken.no\/index.php\/2026\/04\/07\/opprinnelsen-og-tradisjonene-til-en-gammel-vane\/","og_site_name":"Nordnesrepublikken","article_published_time":"2026-04-07T13:17:58+00:00","article_modified_time":"2026-04-07T13:18:00+00:00","og_image":[{"width":1253,"height":836,"url":"https:\/\/nordnesrepublikken.no\/wp-content\/uploads\/2026\/04\/1775567879_opprinnelsen-og-tradisjonene-til-en-gammel-vane.jpg","type":"image\/jpeg"}],"author":"Ole Andersen","twitter_card":"summary_large_image","twitter_misc":{"Skrevet av":"Ole Andersen","Ansl. lesetid":"3 minutter"},"schema":{"@context":"https:\/\/schema.org","@graph":[{"@type":"Article","@id":"https:\/\/nordnesrepublikken.no\/index.php\/2026\/04\/07\/opprinnelsen-og-tradisjonene-til-en-gammel-vane\/#article","isPartOf":{"@id":"https:\/\/nordnesrepublikken.no\/index.php\/2026\/04\/07\/opprinnelsen-og-tradisjonene-til-en-gammel-vane\/"},"author":{"name":"Ole Andersen","@id":"https:\/\/nordnesrepublikken.no\/#\/schema\/person\/2e7e81935bab77882fffb79296240ff1"},"headline":"opprinnelsen og tradisjonene til en gammel vane","datePublished":"2026-04-07T13:17:58+00:00","dateModified":"2026-04-07T13:18:00+00:00","mainEntityOfPage":{"@id":"https:\/\/nordnesrepublikken.no\/index.php\/2026\/04\/07\/opprinnelsen-og-tradisjonene-til-en-gammel-vane\/"},"wordCount":573,"publisher":{"@id":"https:\/\/nordnesrepublikken.no\/#organization"},"image":{"@id":"https:\/\/nordnesrepublikken.no\/index.php\/2026\/04\/07\/opprinnelsen-og-tradisjonene-til-en-gammel-vane\/#primaryimage"},"thumbnailUrl":"https:\/\/nordnesrepublikken.no\/wp-content\/uploads\/2026\/04\/1775567879_opprinnelsen-og-tradisjonene-til-en-gammel-vane.jpg","keywords":["gammel","Opprinnelsen","til","tradisjonene","vane"],"articleSection":["Samfunn"],"inLanguage":"nb-NO"},{"@type":"WebPage","@id":"https:\/\/nordnesrepublikken.no\/index.php\/2026\/04\/07\/opprinnelsen-og-tradisjonene-til-en-gammel-vane\/","url":"https:\/\/nordnesrepublikken.no\/index.php\/2026\/04\/07\/opprinnelsen-og-tradisjonene-til-en-gammel-vane\/","name":"opprinnelsen og tradisjonene til en gammel vane - Nordnesrepublikken","isPartOf":{"@id":"https:\/\/nordnesrepublikken.no\/#website"},"primaryImageOfPage":{"@id":"https:\/\/nordnesrepublikken.no\/index.php\/2026\/04\/07\/opprinnelsen-og-tradisjonene-til-en-gammel-vane\/#primaryimage"},"image":{"@id":"https:\/\/nordnesrepublikken.no\/index.php\/2026\/04\/07\/opprinnelsen-og-tradisjonene-til-en-gammel-vane\/#primaryimage"},"thumbnailUrl":"https:\/\/nordnesrepublikken.no\/wp-content\/uploads\/2026\/04\/1775567879_opprinnelsen-og-tradisjonene-til-en-gammel-vane.jpg","datePublished":"2026-04-07T13:17:58+00:00","dateModified":"2026-04-07T13:18:00+00:00","breadcrumb":{"@id":"https:\/\/nordnesrepublikken.no\/index.php\/2026\/04\/07\/opprinnelsen-og-tradisjonene-til-en-gammel-vane\/#breadcrumb"},"inLanguage":"nb-NO","potentialAction":[{"@type":"ReadAction","target":["https:\/\/nordnesrepublikken.no\/index.php\/2026\/04\/07\/opprinnelsen-og-tradisjonene-til-en-gammel-vane\/"]}]},{"@type":"ImageObject","inLanguage":"nb-NO","@id":"https:\/\/nordnesrepublikken.no\/index.php\/2026\/04\/07\/opprinnelsen-og-tradisjonene-til-en-gammel-vane\/#primaryimage","url":"https:\/\/nordnesrepublikken.no\/wp-content\/uploads\/2026\/04\/1775567879_opprinnelsen-og-tradisjonene-til-en-gammel-vane.jpg","contentUrl":"https:\/\/nordnesrepublikken.no\/wp-content\/uploads\/2026\/04\/1775567879_opprinnelsen-og-tradisjonene-til-en-gammel-vane.jpg","width":1253,"height":836,"caption":"opprinnelsen og tradisjonene til en gammel vane"},{"@type":"BreadcrumbList","@id":"https:\/\/nordnesrepublikken.no\/index.php\/2026\/04\/07\/opprinnelsen-og-tradisjonene-til-en-gammel-vane\/#breadcrumb","itemListElement":[{"@type":"ListItem","position":1,"name":"Home","item":"https:\/\/nordnesrepublikken.no\/"},{"@type":"ListItem","position":2,"name":"opprinnelsen og tradisjonene til en gammel vane"}]},{"@type":"WebSite","@id":"https:\/\/nordnesrepublikken.no\/#website","url":"https:\/\/nordnesrepublikken.no\/","name":"Nordnesrepublikken","description":"Stemmer og Visjoner fra Republikkens Hjerte","publisher":{"@id":"https:\/\/nordnesrepublikken.no\/#organization"},"potentialAction":[{"@type":"SearchAction","target":{"@type":"EntryPoint","urlTemplate":"https:\/\/nordnesrepublikken.no\/?s={search_term_string}"},"query-input":{"@type":"PropertyValueSpecification","valueRequired":true,"valueName":"search_term_string"}}],"inLanguage":"nb-NO"},{"@type":"Organization","@id":"https:\/\/nordnesrepublikken.no\/#organization","name":"Nordnesrepublikken","url":"https:\/\/nordnesrepublikken.no\/","logo":{"@type":"ImageObject","inLanguage":"nb-NO","@id":"https:\/\/nordnesrepublikken.no\/#\/schema\/logo\/image\/","url":"https:\/\/nordnesrepublikken.no\/wp-content\/uploads\/2025\/02\/cropped-nordnesrepublikken-2.png","contentUrl":"https:\/\/nordnesrepublikken.no\/wp-content\/uploads\/2025\/02\/cropped-nordnesrepublikken-2.png","width":1248,"height":362,"caption":"Nordnesrepublikken"},"image":{"@id":"https:\/\/nordnesrepublikken.no\/#\/schema\/logo\/image\/"}},{"@type":"Person","@id":"https:\/\/nordnesrepublikken.no\/#\/schema\/person\/2e7e81935bab77882fffb79296240ff1","name":"Ole Andersen","image":{"@type":"ImageObject","inLanguage":"nb-NO","@id":"https:\/\/nordnesrepublikken.no\/#\/schema\/person\/image\/","url":"https:\/\/nordnesrepublikken.no\/wp-content\/uploads\/2025\/02\/nordnesrepublikken-2-2-150x150.jpg","contentUrl":"https:\/\/nordnesrepublikken.no\/wp-content\/uploads\/2025\/02\/nordnesrepublikken-2-2-150x150.jpg","caption":"Ole Andersen"},"description":"Ettersom jeg vokste opp i Oslo, har jeg alltid v\u00e6rt fascinert av ordenes kraft og deres evne til \u00e5 skape endringer. Etter \u00e5 ha fullf\u00f8rt min utdannelse i kommunikasjon ved Universitetet i Bergen, fikk jeg muligheten til \u00e5 jobbe innen ulike medier, der jeg har s\u00f8kt \u00e5 belyse viktige samfunnssp\u00f8rsm\u00e5l. I dag, som redakt\u00f8r for Nordnesrepublikken, pr\u00f8ver jeg \u00e5 forene min kj\u00e6rlighet for journalistikk med min lidenskap for innovasjon og eventyr.","sameAs":["https:\/\/nordnesrepublikken.no\/"]}]}},"_links":{"self":[{"href":"https:\/\/nordnesrepublikken.no\/index.php\/wp-json\/wp\/v2\/posts\/16709","targetHints":{"allow":["GET"]}}],"collection":[{"href":"https:\/\/nordnesrepublikken.no\/index.php\/wp-json\/wp\/v2\/posts"}],"about":[{"href":"https:\/\/nordnesrepublikken.no\/index.php\/wp-json\/wp\/v2\/types\/post"}],"author":[{"embeddable":true,"href":"https:\/\/nordnesrepublikken.no\/index.php\/wp-json\/wp\/v2\/users\/1"}],"replies":[{"embeddable":true,"href":"https:\/\/nordnesrepublikken.no\/index.php\/wp-json\/wp\/v2\/comments?post=16709"}],"version-history":[{"count":1,"href":"https:\/\/nordnesrepublikken.no\/index.php\/wp-json\/wp\/v2\/posts\/16709\/revisions"}],"predecessor-version":[{"id":16711,"href":"https:\/\/nordnesrepublikken.no\/index.php\/wp-json\/wp\/v2\/posts\/16709\/revisions\/16711"}],"wp:featuredmedia":[{"embeddable":true,"href":"https:\/\/nordnesrepublikken.no\/index.php\/wp-json\/wp\/v2\/media\/16710"}],"wp:attachment":[{"href":"https:\/\/nordnesrepublikken.no\/index.php\/wp-json\/wp\/v2\/media?parent=16709"}],"wp:term":[{"taxonomy":"category","embeddable":true,"href":"https:\/\/nordnesrepublikken.no\/index.php\/wp-json\/wp\/v2\/categories?post=16709"},{"taxonomy":"post_tag","embeddable":true,"href":"https:\/\/nordnesrepublikken.no\/index.php\/wp-json\/wp\/v2\/tags?post=16709"}],"curies":[{"name":"wp","href":"https:\/\/api.w.org\/{rel}","templated":true}]}}