{"id":16706,"date":"2026-04-07T14:16:18","date_gmt":"2026-04-07T12:16:18","guid":{"rendered":"https:\/\/nordnesrepublikken.no\/index.php\/2026\/04\/07\/en-dod-og-27-saret\/"},"modified":"2026-04-07T14:16:20","modified_gmt":"2026-04-07T12:16:20","slug":"en-dod-og-27-saret","status":"publish","type":"post","link":"https:\/\/nordnesrepublikken.no\/index.php\/2026\/04\/07\/en-dod-og-27-saret\/","title":{"rendered":"en d\u00f8d og 27 s\u00e5ret"},"content":{"rendered":"<div>\n<div class=\"cp_wrapper cp_wrapper--fw mb-30 mb-20@tablet\">\n<figure class=\"mm\"><picture class=\"img\" style=\"padding-top:56.25%\"><source  media=\"(min-width: 1024px)\"><source  media=\"(min-width: 768px)\"><\/source><\/source><\/picture><\/figure>\n<\/p><\/div>\n<p>EN <strong>alvorlig togulykke<\/strong> skjedde i morgentimene i dag, 7. april, <strong>i Nord-Frankrike<\/strong>hvor en <strong>TGV h\u00f8yhastighetstog<\/strong> (&laquo;Train \u00e0 Grande Vitesse&raquo;) traff tilhengeren til et kj\u00f8ret\u00f8y som transporterte utstyr <strong>milit\u00e6r<\/strong> langs linjen<strong> mellom B\u00e9thune og Lens<\/strong>. I f\u00f8lge rapporter fra <em>Le Figaro<\/em>for\u00e5rsaket sammenst\u00f8tet, som skjedde rundt klokken 07:00 om morgenen <strong>d\u00f8d av en person,<\/strong> lokf\u00f8reren, og skaden p\u00e5 27 andre, hvorav 2 var i alvorlig tilstand.<\/p>\n<p>De var om bord i konvoien <strong>243 passasjerer<\/strong>if\u00f8lge den siste informasjonen <strong>oppdatert<\/strong> utgitt av <em>Le Monde<\/em>. I mellomtiden har SNCF, det franske nasjonale jernbaneselskapet <strong>jernbanetrafikken avbrutt<\/strong> mellom B\u00e9thune og Lens i hvert fall til sent p\u00e5 kvelden.<\/p>\n<p>Reaksjonen fra institusjonene var umiddelbar: Den franske transportministeren grep inn p\u00e5 grunn av ulykken <strong>Philippe Tabarot<\/strong> som gjennom sin profil p\u00e5 X erkl\u00e6rte: \u00abI morges, mellom B\u00e9thune og Lens, skjedde det en ulykke med en lastebil og et TGV-tog\u00bb. Ministeren konkluderte deretter: \u00abJeg vil g\u00e5 sammen med presidenten og administrerende direkt\u00f8ren for SNCF, Jean Castex\u00bb.<\/p>\n<h2><b>Den oppdaterte tallet p\u00e5 togulykken: en d\u00f8d og 27 skadde<\/b><\/h2>\n<p>I f\u00f8lge innledende rekonstruksjoner rundt klokken 07:00 i dag, 7. april, TGV-h\u00f8yhastighetstoget \u2013<strong> kommer fra Dunkerque og p\u00e5 vei til Paris<\/strong> \u2013 ville ha truffet en trailer, en del av en spesiell milit\u00e6rkonvoi som fraktet en mobil bro. Kollisjonen skjedde i n\u00e6rheten av<strong> planovergang like utenfor N\u0153ux-les-Mines<\/strong>en by som ligger mellom Lens og B\u00e9thune. Selv om konvoien var en TGV, kj\u00f8rte ikke toget i h\u00f8y hastighet p\u00e5 den strekningen av sporet: Likevel var p\u00e5virkningen voldsom nok til \u00e5 for\u00e5rsake sj\u00e5f\u00f8rens d\u00f8d.<\/p>\n<div class=\"cp_wrapper cp_wrapper--fw mb-50\">\n<figure class=\"mm\"><picture class=\"img\" style=\"padding-top:63.516746411483%\"><source  media=\"(min-width: 1024px)\"><source  media=\"(min-width: 768px)\"><img decoding=\"async\" loading=\"lazy\" src=\"https:\/\/nordnesrepublikken.no\/wp-content\/uploads\/2026\/04\/en-dod-og-27-saret.jpg\" alt=\"tog-ulykke-frankrike-2\" width=\"836\" height=\"531\"\/><\/source><\/source><\/picture><\/figure>\n<\/p><\/div>\n<p>De eksakte omstendighetene rundt ulykken er forel\u00f8pig ikke kjent: stansen av jernbanetrafikken vil tillate etterforskere<strong> finne mulige \u00e5rsaker<\/strong>fjerne skadet materiale og vurdere tilstanden til infrastrukturen. Som uttalt av SNCF p\u00e5 sin hjemmeside, kan ogs\u00e5 nabolinjer bli ber\u00f8rt, med elektrisitet som likevel er &laquo;gjenopprettet i omr\u00e5det, men det er gjort endringer i togrutene for \u00e5 tillate at ruter kan omdirigeres&raquo;.<\/p>\n<div class=\"cp_wrapper cp_wrapper--fw mb-50\">\n<figure class=\"mm\"><picture class=\"img\" style=\"padding-top:132.41379310345%\"><source  media=\"(min-width: 1024px)\"><source  media=\"(min-width: 768px)\"><img decoding=\"async\" loading=\"lazy\" src=\"https:\/\/nordnesrepublikken.no\/wp-content\/uploads\/2026\/04\/1775564178_522_en-dod-og-27-saret.jpg\" alt=\"tog-ulykke-Frankrike-3\" width=\"580\" height=\"768\" class=\"js-seedtag-img\"\/><\/source><\/source><\/picture><\/figure>\n<\/p><\/div>\n<h2><b>Egenskapene til TGV, det franske h\u00f8yhastighetstoget<\/b><\/h2>\n<p>TGV (\u00abTrain \u00e0 Grande Vitesse\u00bb) er det franske h\u00f8yhastighetstoget som drives av SNCF (Soci\u00e9t\u00e9 Nationale des Chemins de Fer Fran\u00e7ais), det nasjonale jernbaneselskapet.<strong> Tatt i tjeneste i september 1981<\/strong>TGV gjorde de f\u00f8rste forbindelsene mellom Paris og Lyon ved \u00e5 bruke den nye h\u00f8yhastighetslinjen bygget mellom Saint-Florentin og Sathonay-Camp, n\u00e6r Lyon, og etablerte deretter en hastighetsrekord p\u00e5 <strong>380 km\/t.<\/strong><\/p>\n<p>Fra 90-tallet utvidet SNCF deretter tjenesten til flere europeiske hovedsteder, og koblet sammen <strong>Paris<\/strong> Og <strong>London<\/strong> allerede inne <strong>1994<\/strong> og klarer \u00e5 drive forbindelser med byene Milano, Frankfurt, Stuttgart, Luxembourg og Barcelona. I dag n\u00e5r TGV en av de h\u00f8yeste hastighetene p\u00e5 jernbane, og markerer bl.a <strong>574,8 km\/t<\/strong>.<\/p>\n<\/p><\/div>\n","protected":false},"excerpt":{"rendered":"<p>EN alvorlig togulykke skjedde i morgentimene i dag, 7. april, i Nord-Frankrikehvor en TGV h\u00f8yhastighetstog<\/p>\n","protected":false},"author":1,"featured_media":16707,"comment_status":"closed","ping_status":"open","sticky":false,"template":"","format":"standard","meta":{"footnotes":""},"categories":[104],"tags":[2110,9183],"class_list":["post-16706","post","type-post","status-publish","format-standard","has-post-thumbnail","hentry","category-samfunn","tag-dod","tag-saret","generate-columns","tablet-grid-50","mobile-grid-100","grid-parent","grid-33","resize-featured-image"],"yoast_head":"<!-- This site is optimized with the Yoast SEO plugin v24.4 - https:\/\/yoast.com\/wordpress\/plugins\/seo\/ -->\n<title>en d\u00f8d og 27 s\u00e5ret - Nordnesrepublikken<\/title>\n<meta name=\"robots\" content=\"index, follow, max-snippet:-1, max-image-preview:large, max-video-preview:-1\" \/>\n<link rel=\"canonical\" href=\"https:\/\/nordnesrepublikken.no\/index.php\/2026\/04\/07\/en-dod-og-27-saret\/\" \/>\n<meta property=\"og:locale\" content=\"nb_NO\" \/>\n<meta property=\"og:type\" content=\"article\" \/>\n<meta property=\"og:title\" content=\"en d\u00f8d og 27 s\u00e5ret - Nordnesrepublikken\" \/>\n<meta property=\"og:description\" content=\"EN alvorlig togulykke skjedde i morgentimene i dag, 7. april, i Nord-Frankrikehvor en TGV h\u00f8yhastighetstog\" \/>\n<meta property=\"og:url\" content=\"https:\/\/nordnesrepublikken.no\/index.php\/2026\/04\/07\/en-dod-og-27-saret\/\" \/>\n<meta property=\"og:site_name\" content=\"Nordnesrepublikken\" \/>\n<meta property=\"article:published_time\" content=\"2026-04-07T12:16:18+00:00\" \/>\n<meta property=\"article:modified_time\" content=\"2026-04-07T12:16:20+00:00\" \/>\n<meta property=\"og:image\" content=\"https:\/\/nordnesrepublikken.no\/wp-content\/uploads\/2026\/04\/1775564180_en-dod-og-27-saret.jpeg\" \/>\n\t<meta property=\"og:image:width\" content=\"705\" \/>\n\t<meta property=\"og:image:height\" content=\"448\" \/>\n\t<meta property=\"og:image:type\" content=\"image\/jpeg\" \/>\n<meta name=\"author\" content=\"Ole Andersen\" \/>\n<meta name=\"twitter:card\" content=\"summary_large_image\" \/>\n<meta name=\"twitter:label1\" content=\"Skrevet av\" \/>\n\t<meta name=\"twitter:data1\" content=\"Ole Andersen\" \/>\n\t<meta name=\"twitter:label2\" content=\"Ansl. lesetid\" \/>\n\t<meta name=\"twitter:data2\" content=\"2 minutter\" \/>\n<script type=\"application\/ld+json\" class=\"yoast-schema-graph\">{\"@context\":\"https:\/\/schema.org\",\"@graph\":[{\"@type\":\"Article\",\"@id\":\"https:\/\/nordnesrepublikken.no\/index.php\/2026\/04\/07\/en-dod-og-27-saret\/#article\",\"isPartOf\":{\"@id\":\"https:\/\/nordnesrepublikken.no\/index.php\/2026\/04\/07\/en-dod-og-27-saret\/\"},\"author\":{\"name\":\"Ole Andersen\",\"@id\":\"https:\/\/nordnesrepublikken.no\/#\/schema\/person\/2e7e81935bab77882fffb79296240ff1\"},\"headline\":\"en d\u00f8d og 27 s\u00e5ret\",\"datePublished\":\"2026-04-07T12:16:18+00:00\",\"dateModified\":\"2026-04-07T12:16:20+00:00\",\"mainEntityOfPage\":{\"@id\":\"https:\/\/nordnesrepublikken.no\/index.php\/2026\/04\/07\/en-dod-og-27-saret\/\"},\"wordCount\":449,\"publisher\":{\"@id\":\"https:\/\/nordnesrepublikken.no\/#organization\"},\"image\":{\"@id\":\"https:\/\/nordnesrepublikken.no\/index.php\/2026\/04\/07\/en-dod-og-27-saret\/#primaryimage\"},\"thumbnailUrl\":\"https:\/\/nordnesrepublikken.no\/wp-content\/uploads\/2026\/04\/1775564180_en-dod-og-27-saret.jpeg\",\"keywords\":[\"d\u00f8d\",\"s\u00e5ret\"],\"articleSection\":[\"Samfunn\"],\"inLanguage\":\"nb-NO\"},{\"@type\":\"WebPage\",\"@id\":\"https:\/\/nordnesrepublikken.no\/index.php\/2026\/04\/07\/en-dod-og-27-saret\/\",\"url\":\"https:\/\/nordnesrepublikken.no\/index.php\/2026\/04\/07\/en-dod-og-27-saret\/\",\"name\":\"en d\u00f8d og 27 s\u00e5ret - Nordnesrepublikken\",\"isPartOf\":{\"@id\":\"https:\/\/nordnesrepublikken.no\/#website\"},\"primaryImageOfPage\":{\"@id\":\"https:\/\/nordnesrepublikken.no\/index.php\/2026\/04\/07\/en-dod-og-27-saret\/#primaryimage\"},\"image\":{\"@id\":\"https:\/\/nordnesrepublikken.no\/index.php\/2026\/04\/07\/en-dod-og-27-saret\/#primaryimage\"},\"thumbnailUrl\":\"https:\/\/nordnesrepublikken.no\/wp-content\/uploads\/2026\/04\/1775564180_en-dod-og-27-saret.jpeg\",\"datePublished\":\"2026-04-07T12:16:18+00:00\",\"dateModified\":\"2026-04-07T12:16:20+00:00\",\"breadcrumb\":{\"@id\":\"https:\/\/nordnesrepublikken.no\/index.php\/2026\/04\/07\/en-dod-og-27-saret\/#breadcrumb\"},\"inLanguage\":\"nb-NO\",\"potentialAction\":[{\"@type\":\"ReadAction\",\"target\":[\"https:\/\/nordnesrepublikken.no\/index.php\/2026\/04\/07\/en-dod-og-27-saret\/\"]}]},{\"@type\":\"ImageObject\",\"inLanguage\":\"nb-NO\",\"@id\":\"https:\/\/nordnesrepublikken.no\/index.php\/2026\/04\/07\/en-dod-og-27-saret\/#primaryimage\",\"url\":\"https:\/\/nordnesrepublikken.no\/wp-content\/uploads\/2026\/04\/1775564180_en-dod-og-27-saret.jpeg\",\"contentUrl\":\"https:\/\/nordnesrepublikken.no\/wp-content\/uploads\/2026\/04\/1775564180_en-dod-og-27-saret.jpeg\",\"width\":705,\"height\":448,\"caption\":\"en d\u00f8d og 27 s\u00e5ret\"},{\"@type\":\"BreadcrumbList\",\"@id\":\"https:\/\/nordnesrepublikken.no\/index.php\/2026\/04\/07\/en-dod-og-27-saret\/#breadcrumb\",\"itemListElement\":[{\"@type\":\"ListItem\",\"position\":1,\"name\":\"Home\",\"item\":\"https:\/\/nordnesrepublikken.no\/\"},{\"@type\":\"ListItem\",\"position\":2,\"name\":\"en d\u00f8d og 27 s\u00e5ret\"}]},{\"@type\":\"WebSite\",\"@id\":\"https:\/\/nordnesrepublikken.no\/#website\",\"url\":\"https:\/\/nordnesrepublikken.no\/\",\"name\":\"Nordnesrepublikken\",\"description\":\"Stemmer og Visjoner fra Republikkens Hjerte\",\"publisher\":{\"@id\":\"https:\/\/nordnesrepublikken.no\/#organization\"},\"potentialAction\":[{\"@type\":\"SearchAction\",\"target\":{\"@type\":\"EntryPoint\",\"urlTemplate\":\"https:\/\/nordnesrepublikken.no\/?s={search_term_string}\"},\"query-input\":{\"@type\":\"PropertyValueSpecification\",\"valueRequired\":true,\"valueName\":\"search_term_string\"}}],\"inLanguage\":\"nb-NO\"},{\"@type\":\"Organization\",\"@id\":\"https:\/\/nordnesrepublikken.no\/#organization\",\"name\":\"Nordnesrepublikken\",\"url\":\"https:\/\/nordnesrepublikken.no\/\",\"logo\":{\"@type\":\"ImageObject\",\"inLanguage\":\"nb-NO\",\"@id\":\"https:\/\/nordnesrepublikken.no\/#\/schema\/logo\/image\/\",\"url\":\"https:\/\/nordnesrepublikken.no\/wp-content\/uploads\/2025\/02\/cropped-nordnesrepublikken-2.png\",\"contentUrl\":\"https:\/\/nordnesrepublikken.no\/wp-content\/uploads\/2025\/02\/cropped-nordnesrepublikken-2.png\",\"width\":1248,\"height\":362,\"caption\":\"Nordnesrepublikken\"},\"image\":{\"@id\":\"https:\/\/nordnesrepublikken.no\/#\/schema\/logo\/image\/\"}},{\"@type\":\"Person\",\"@id\":\"https:\/\/nordnesrepublikken.no\/#\/schema\/person\/2e7e81935bab77882fffb79296240ff1\",\"name\":\"Ole Andersen\",\"image\":{\"@type\":\"ImageObject\",\"inLanguage\":\"nb-NO\",\"@id\":\"https:\/\/nordnesrepublikken.no\/#\/schema\/person\/image\/\",\"url\":\"https:\/\/nordnesrepublikken.no\/wp-content\/uploads\/2025\/02\/nordnesrepublikken-2-2-150x150.jpg\",\"contentUrl\":\"https:\/\/nordnesrepublikken.no\/wp-content\/uploads\/2025\/02\/nordnesrepublikken-2-2-150x150.jpg\",\"caption\":\"Ole Andersen\"},\"description\":\"Ettersom jeg vokste opp i Oslo, har jeg alltid v\u00e6rt fascinert av ordenes kraft og deres evne til \u00e5 skape endringer. Etter \u00e5 ha fullf\u00f8rt min utdannelse i kommunikasjon ved Universitetet i Bergen, fikk jeg muligheten til \u00e5 jobbe innen ulike medier, der jeg har s\u00f8kt \u00e5 belyse viktige samfunnssp\u00f8rsm\u00e5l. I dag, som redakt\u00f8r for Nordnesrepublikken, pr\u00f8ver jeg \u00e5 forene min kj\u00e6rlighet for journalistikk med min lidenskap for innovasjon og eventyr.\",\"sameAs\":[\"https:\/\/nordnesrepublikken.no\/\"]}]}<\/script>\n<!-- \/ Yoast SEO plugin. -->","yoast_head_json":{"title":"en d\u00f8d og 27 s\u00e5ret - Nordnesrepublikken","robots":{"index":"index","follow":"follow","max-snippet":"max-snippet:-1","max-image-preview":"max-image-preview:large","max-video-preview":"max-video-preview:-1"},"canonical":"https:\/\/nordnesrepublikken.no\/index.php\/2026\/04\/07\/en-dod-og-27-saret\/","og_locale":"nb_NO","og_type":"article","og_title":"en d\u00f8d og 27 s\u00e5ret - Nordnesrepublikken","og_description":"EN alvorlig togulykke skjedde i morgentimene i dag, 7. april, i Nord-Frankrikehvor en TGV h\u00f8yhastighetstog","og_url":"https:\/\/nordnesrepublikken.no\/index.php\/2026\/04\/07\/en-dod-og-27-saret\/","og_site_name":"Nordnesrepublikken","article_published_time":"2026-04-07T12:16:18+00:00","article_modified_time":"2026-04-07T12:16:20+00:00","og_image":[{"width":705,"height":448,"url":"https:\/\/nordnesrepublikken.no\/wp-content\/uploads\/2026\/04\/1775564180_en-dod-og-27-saret.jpeg","type":"image\/jpeg"}],"author":"Ole Andersen","twitter_card":"summary_large_image","twitter_misc":{"Skrevet av":"Ole Andersen","Ansl. lesetid":"2 minutter"},"schema":{"@context":"https:\/\/schema.org","@graph":[{"@type":"Article","@id":"https:\/\/nordnesrepublikken.no\/index.php\/2026\/04\/07\/en-dod-og-27-saret\/#article","isPartOf":{"@id":"https:\/\/nordnesrepublikken.no\/index.php\/2026\/04\/07\/en-dod-og-27-saret\/"},"author":{"name":"Ole Andersen","@id":"https:\/\/nordnesrepublikken.no\/#\/schema\/person\/2e7e81935bab77882fffb79296240ff1"},"headline":"en d\u00f8d og 27 s\u00e5ret","datePublished":"2026-04-07T12:16:18+00:00","dateModified":"2026-04-07T12:16:20+00:00","mainEntityOfPage":{"@id":"https:\/\/nordnesrepublikken.no\/index.php\/2026\/04\/07\/en-dod-og-27-saret\/"},"wordCount":449,"publisher":{"@id":"https:\/\/nordnesrepublikken.no\/#organization"},"image":{"@id":"https:\/\/nordnesrepublikken.no\/index.php\/2026\/04\/07\/en-dod-og-27-saret\/#primaryimage"},"thumbnailUrl":"https:\/\/nordnesrepublikken.no\/wp-content\/uploads\/2026\/04\/1775564180_en-dod-og-27-saret.jpeg","keywords":["d\u00f8d","s\u00e5ret"],"articleSection":["Samfunn"],"inLanguage":"nb-NO"},{"@type":"WebPage","@id":"https:\/\/nordnesrepublikken.no\/index.php\/2026\/04\/07\/en-dod-og-27-saret\/","url":"https:\/\/nordnesrepublikken.no\/index.php\/2026\/04\/07\/en-dod-og-27-saret\/","name":"en d\u00f8d og 27 s\u00e5ret - Nordnesrepublikken","isPartOf":{"@id":"https:\/\/nordnesrepublikken.no\/#website"},"primaryImageOfPage":{"@id":"https:\/\/nordnesrepublikken.no\/index.php\/2026\/04\/07\/en-dod-og-27-saret\/#primaryimage"},"image":{"@id":"https:\/\/nordnesrepublikken.no\/index.php\/2026\/04\/07\/en-dod-og-27-saret\/#primaryimage"},"thumbnailUrl":"https:\/\/nordnesrepublikken.no\/wp-content\/uploads\/2026\/04\/1775564180_en-dod-og-27-saret.jpeg","datePublished":"2026-04-07T12:16:18+00:00","dateModified":"2026-04-07T12:16:20+00:00","breadcrumb":{"@id":"https:\/\/nordnesrepublikken.no\/index.php\/2026\/04\/07\/en-dod-og-27-saret\/#breadcrumb"},"inLanguage":"nb-NO","potentialAction":[{"@type":"ReadAction","target":["https:\/\/nordnesrepublikken.no\/index.php\/2026\/04\/07\/en-dod-og-27-saret\/"]}]},{"@type":"ImageObject","inLanguage":"nb-NO","@id":"https:\/\/nordnesrepublikken.no\/index.php\/2026\/04\/07\/en-dod-og-27-saret\/#primaryimage","url":"https:\/\/nordnesrepublikken.no\/wp-content\/uploads\/2026\/04\/1775564180_en-dod-og-27-saret.jpeg","contentUrl":"https:\/\/nordnesrepublikken.no\/wp-content\/uploads\/2026\/04\/1775564180_en-dod-og-27-saret.jpeg","width":705,"height":448,"caption":"en d\u00f8d og 27 s\u00e5ret"},{"@type":"BreadcrumbList","@id":"https:\/\/nordnesrepublikken.no\/index.php\/2026\/04\/07\/en-dod-og-27-saret\/#breadcrumb","itemListElement":[{"@type":"ListItem","position":1,"name":"Home","item":"https:\/\/nordnesrepublikken.no\/"},{"@type":"ListItem","position":2,"name":"en d\u00f8d og 27 s\u00e5ret"}]},{"@type":"WebSite","@id":"https:\/\/nordnesrepublikken.no\/#website","url":"https:\/\/nordnesrepublikken.no\/","name":"Nordnesrepublikken","description":"Stemmer og Visjoner fra Republikkens Hjerte","publisher":{"@id":"https:\/\/nordnesrepublikken.no\/#organization"},"potentialAction":[{"@type":"SearchAction","target":{"@type":"EntryPoint","urlTemplate":"https:\/\/nordnesrepublikken.no\/?s={search_term_string}"},"query-input":{"@type":"PropertyValueSpecification","valueRequired":true,"valueName":"search_term_string"}}],"inLanguage":"nb-NO"},{"@type":"Organization","@id":"https:\/\/nordnesrepublikken.no\/#organization","name":"Nordnesrepublikken","url":"https:\/\/nordnesrepublikken.no\/","logo":{"@type":"ImageObject","inLanguage":"nb-NO","@id":"https:\/\/nordnesrepublikken.no\/#\/schema\/logo\/image\/","url":"https:\/\/nordnesrepublikken.no\/wp-content\/uploads\/2025\/02\/cropped-nordnesrepublikken-2.png","contentUrl":"https:\/\/nordnesrepublikken.no\/wp-content\/uploads\/2025\/02\/cropped-nordnesrepublikken-2.png","width":1248,"height":362,"caption":"Nordnesrepublikken"},"image":{"@id":"https:\/\/nordnesrepublikken.no\/#\/schema\/logo\/image\/"}},{"@type":"Person","@id":"https:\/\/nordnesrepublikken.no\/#\/schema\/person\/2e7e81935bab77882fffb79296240ff1","name":"Ole Andersen","image":{"@type":"ImageObject","inLanguage":"nb-NO","@id":"https:\/\/nordnesrepublikken.no\/#\/schema\/person\/image\/","url":"https:\/\/nordnesrepublikken.no\/wp-content\/uploads\/2025\/02\/nordnesrepublikken-2-2-150x150.jpg","contentUrl":"https:\/\/nordnesrepublikken.no\/wp-content\/uploads\/2025\/02\/nordnesrepublikken-2-2-150x150.jpg","caption":"Ole Andersen"},"description":"Ettersom jeg vokste opp i Oslo, har jeg alltid v\u00e6rt fascinert av ordenes kraft og deres evne til \u00e5 skape endringer. Etter \u00e5 ha fullf\u00f8rt min utdannelse i kommunikasjon ved Universitetet i Bergen, fikk jeg muligheten til \u00e5 jobbe innen ulike medier, der jeg har s\u00f8kt \u00e5 belyse viktige samfunnssp\u00f8rsm\u00e5l. I dag, som redakt\u00f8r for Nordnesrepublikken, pr\u00f8ver jeg \u00e5 forene min kj\u00e6rlighet for journalistikk med min lidenskap for innovasjon og eventyr.","sameAs":["https:\/\/nordnesrepublikken.no\/"]}]}},"_links":{"self":[{"href":"https:\/\/nordnesrepublikken.no\/index.php\/wp-json\/wp\/v2\/posts\/16706","targetHints":{"allow":["GET"]}}],"collection":[{"href":"https:\/\/nordnesrepublikken.no\/index.php\/wp-json\/wp\/v2\/posts"}],"about":[{"href":"https:\/\/nordnesrepublikken.no\/index.php\/wp-json\/wp\/v2\/types\/post"}],"author":[{"embeddable":true,"href":"https:\/\/nordnesrepublikken.no\/index.php\/wp-json\/wp\/v2\/users\/1"}],"replies":[{"embeddable":true,"href":"https:\/\/nordnesrepublikken.no\/index.php\/wp-json\/wp\/v2\/comments?post=16706"}],"version-history":[{"count":1,"href":"https:\/\/nordnesrepublikken.no\/index.php\/wp-json\/wp\/v2\/posts\/16706\/revisions"}],"predecessor-version":[{"id":16708,"href":"https:\/\/nordnesrepublikken.no\/index.php\/wp-json\/wp\/v2\/posts\/16706\/revisions\/16708"}],"wp:featuredmedia":[{"embeddable":true,"href":"https:\/\/nordnesrepublikken.no\/index.php\/wp-json\/wp\/v2\/media\/16707"}],"wp:attachment":[{"href":"https:\/\/nordnesrepublikken.no\/index.php\/wp-json\/wp\/v2\/media?parent=16706"}],"wp:term":[{"taxonomy":"category","embeddable":true,"href":"https:\/\/nordnesrepublikken.no\/index.php\/wp-json\/wp\/v2\/categories?post=16706"},{"taxonomy":"post_tag","embeddable":true,"href":"https:\/\/nordnesrepublikken.no\/index.php\/wp-json\/wp\/v2\/tags?post=16706"}],"curies":[{"name":"wp","href":"https:\/\/api.w.org\/{rel}","templated":true}]}}