{"id":16703,"date":"2026-04-07T14:14:00","date_gmt":"2026-04-07T12:14:00","guid":{"rendered":"https:\/\/nordnesrepublikken.no\/index.php\/2026\/04\/07\/ubestemt-flykontrollstreik-i-spania-17-april-berorte-flyplasser-og-hva-reisende-bor-vite\/"},"modified":"2026-04-07T14:14:02","modified_gmt":"2026-04-07T12:14:02","slug":"ubestemt-flykontrollstreik-i-spania-17-april-berorte-flyplasser-og-hva-reisende-bor-vite","status":"publish","type":"post","link":"https:\/\/nordnesrepublikken.no\/index.php\/2026\/04\/07\/ubestemt-flykontrollstreik-i-spania-17-april-berorte-flyplasser-og-hva-reisende-bor-vite\/","title":{"rendered":"Ubestemt flykontrollstreik i Spania 17. april: Ber\u00f8rte flyplasser og hva reisende b\u00f8r vite"},"content":{"rendered":"<p><\/p>\n<div class=\"wordpress-content\">\n                    <!-- Article Start --><\/p>\n<p><span style=\"font-weight: 400\">Fra og med midnatt fredag \u200b\u200b17. april har flygeledere i SAERCO-administrerte t\u00e5rn i Spania kunngjort en streik p\u00e5 ubestemt tid, noe som \u00f8ker risikoen for forstyrrelser p\u00e5 14 flyplasser over hele landet. Streiken, som ble r\u00e5det av Union of Air Traffic Controllers (USCA) og Workers&#8217; Commissions (CCOO), stammer fra langvarige administrative problemer, inkludert personalemangel, arbeidsoverbelastning og uregelmessige tidsplaner.<\/span><\/p>\n<h2>Fagforeninger hevder vanskelige arbeidsforhold: endringer i siste liten, vaktvakter og \u00e5 se bort fra obligatoriske helligdager<\/h2>\n<p><span style=\"font-weight: 400\">Fagforeningene hevder at arbeidsforholdene for flygelederne ved t\u00e5rnene for\u00e5rsaker akkumulert tretthet og stress, som igjen p\u00e5virker deres evne til \u00e5 operere effektivt. USCA og CCOO opplyser at konflikten har blitt bygget opp over flere \u00e5r, og beskriver en improvisasjonsmetode for \u00e5 organisere personalet og deres arbeidsmengder. Fagforeningene hevder ogs\u00e5 at disse forholdene undergraver balansen mellom arbeid og privatliv og skaper en atmosf\u00e6re av ustabilitet for arbeiderne.<\/span><\/p>\n<p><span style=\"font-weight: 400\">I f\u00f8lge gruppene har kansellering av tidligere godkjente permisjoner, utstrakt bruk av vaktvakter og siste liten timeplanendringer blitt normale forekomster snarere enn eksepsjonelle hendelser. I tillegg rapporterer fagforeningene om uklarhet ang\u00e5ende obligatoriske hvileperioder og inkonsekvent planlegging.<\/span><\/p>\n<div class=\"sra_unit\"><link rel=\"stylesheet\" id=\"block-sra\" href=\"https:\/\/euroweeklynews.com\/wp-content\/plugins\/snack-related-articles\/dist\/css\/snack-related.min.css?250312-193541\" type=\"text\/css\" media=\"all\">\n<\/div>\n<p>Den varslede streiken f\u00f8lger umiddelbart etter en helg med flykaos i p\u00e5sken, der tusenvis av kofferter ble st\u00e5ende strandet p\u00e5 grunn av streik.<\/p>\n<h2>M\u00f8ter for \u00e5 l\u00f8se problemer er utsatt eller avlyst<\/h2>\n<p><span style=\"font-weight: 400\">Tjenestemenn har blitt varslet om streikene etter mislykkede fors\u00f8k p\u00e5 \u00e5 gjenoppta forhandlingene. Fagforeninger hevder at planlagte m\u00f8ter med sjefer gjentatte ganger ble utsatt eller avlyst.<\/span><\/p>\n<p><span style=\"font-weight: 400\">Fagforeningenes krav omfatter blant annet \u00f8kning i bemanningen, slutt p\u00e5 vaktvakter og endringer i siste liten, garanti om obligatorisk ferie, og arbeidsforhold forenlig med driftssikkerhet og yrkesverd.<\/span><\/p>\n<h2>Hvilke flyplasser er ber\u00f8rt?<\/h2>\n<p><span style=\"font-weight: 400\">Streiken vil ramme flyplasser som har SAERCO-administrerte t\u00e5rn. F\u00f8lgende flyplasser kan oppleve forsinkelser p\u00e5 grunn av streiken:<\/span><\/p>\n<ul>\n<li style=\"font-weight: 400\"><span style=\"font-weight: 400\">Lanzarote, Kanari\u00f8yene<\/span><\/li>\n<li style=\"font-weight: 400\"><span style=\"font-weight: 400\">Fuerteventura, Kanari\u00f8yene<\/span><\/li>\n<li style=\"font-weight: 400\"><span style=\"font-weight: 400\">La Palma, Kanari\u00f8yene<\/span><\/li>\n<li style=\"font-weight: 400\"><span style=\"font-weight: 400\">El Hierro, Kanari\u00f8yene<\/span><\/li>\n<li style=\"font-weight: 400\"><span style=\"font-weight: 400\">La Gomera, Kanari\u00f8yene<\/span><\/li>\n<li style=\"font-weight: 400\"><span style=\"font-weight: 400\">Sevilla, Andalucia<\/span><\/li>\n<li style=\"font-weight: 400\"><span style=\"font-weight: 400\">Jerez (Cadiz), Andalucia<\/span><\/li>\n<li style=\"font-weight: 400\"><span style=\"font-weight: 400\">Cuatro Vientos, Madrid<\/span><\/li>\n<li style=\"font-weight: 400\"><span style=\"font-weight: 400\">Vigo, Galicia<\/span><\/li>\n<li style=\"font-weight: 400\"><span style=\"font-weight: 400\">A Coru\u00f1a<\/span><\/li>\n<li style=\"font-weight: 400\"><span style=\"font-weight: 400\">Castell\u00f3n-Costa Azahar, Valencia<\/span><\/li>\n<li style=\"font-weight: 400\"><span style=\"font-weight: 400\">Burgos<\/span><\/li>\n<li style=\"font-weight: 400\"><span style=\"font-weight: 400\">Huesca<\/span><\/li>\n<li style=\"font-weight: 400\"><span style=\"font-weight: 400\">Ciudad Real<\/span><\/li>\n<\/ul>\n<h2><b>Hva betyr dette for reisende?<\/b><\/h2>\n<p><span style=\"font-weight: 400\">Flygelederstreik har potensial til \u00e5 v\u00e6re den mest forstyrrende typen flyselskapstreik, siden den p\u00e5virker alle flyselskaper p\u00e5 flyplassen. For de reisende betyr denne streiken at f\u00e6rre fly vil kunne operere p\u00e5 de ber\u00f8rte flyplassene.<\/span><\/p>\n<p><span style=\"font-weight: 400\">I tillegg kan streiken for\u00e5rsake store forsinkelser, med sene ankomster som betyr at flyreiser skyves lenger og lenger tilbake. Flyselskapenes tidsplaner kan potensielt endres, og siden flykontrollstreik anses som &laquo;ekstraordin\u00e6re omstendigheter&raquo;, kan det hende at flyselskapene ikke skylder passasjerer kompensasjon for forsinkelser og kanselleringer (selv om de fortsatt m\u00e5 tilby refusjon eller ombestilling).<\/span><\/p>\n<p><span style=\"font-weight: 400\">Til slutt kan streikens ubestemte karakter bety kortsiktig eller langvarig ustabilitet for reisende, og det kan ta litt tid f\u00f8r fagforeningene kan komme til enighet med administrative tjenestemenn.<\/span><\/p>\n<h2><b>Hvordan b\u00f8r reisende forberede seg?<\/b><\/h2>\n<p><span style=\"font-weight: 400\">Under en flygelederstreik anbefales det at reisende f\u00f8lger disse reglene:<\/span><\/p>\n<ul>\n<li style=\"font-weight: 400\"><span style=\"font-weight: 400\">Sjekk flystatusen regelmessig, spesielt \u00e9n til to dager f\u00f8r bestillingen<\/span><\/li>\n<li style=\"font-weight: 400\"><span style=\"font-weight: 400\">Unng\u00e5 tette forbindelser (kom tidlig til flyplassen)<\/span><\/li>\n<li style=\"font-weight: 400\"><span style=\"font-weight: 400\">Vurder tidligere eller senere flyreiser p\u00e5 dagen<\/span><\/li>\n<li style=\"font-weight: 400\"><span style=\"font-weight: 400\">Ha en reserveplan (inkludert \u00e5 ta et tog, en annen rute eller reservere en fleksibel bestilling)<\/span><\/li>\n<\/ul>\n<p><span style=\"font-weight: 400\">Mens streiken p\u00e5g\u00e5r og avtaler enn\u00e5 ikke er inng\u00e5tt, er det viktig at passasjerene holder seg informert, planlegger for forsinkelser og usikre reiseforhold og er forberedt.<\/span><\/p>\n<p>                    <!-- Originally published at https:\/\/euroweeklynews.com\/2026\/04\/07\/indefinite-air-traffic-control-strike-in-spain-on-april-17-affected-airports-and-what-travellers-should-know\/ on 07 Apr 2026 at 13:57 by Natascha Rivera --><br \/>\n                    <!-- Article End -->\n                <\/div>\n","protected":false},"excerpt":{"rendered":"<p>Fra og med midnatt fredag \u200b\u200b17. april har flygeledere i SAERCO-administrerte t\u00e5rn i Spania kunngjort<\/p>\n","protected":false},"author":1,"featured_media":16704,"comment_status":"closed","ping_status":"open","sticky":false,"template":"","format":"standard","meta":{"footnotes":""},"categories":[105],"tags":[619,786,1629,10806,766,144,3092,529,5401,1479],"class_list":["post-16703","post","type-post","status-publish","format-standard","has-post-thumbnail","hentry","category-livsstil","tag-april","tag-berorte","tag-bor","tag-flykontrollstreik","tag-flyplasser","tag-hva","tag-reisende","tag-spania","tag-ubestemt","tag-vite","generate-columns","tablet-grid-50","mobile-grid-100","grid-parent","grid-33","resize-featured-image"],"yoast_head":"<!-- This site is optimized with the Yoast SEO plugin v24.4 - https:\/\/yoast.com\/wordpress\/plugins\/seo\/ -->\n<title>Ubestemt flykontrollstreik i Spania 17. april: Ber\u00f8rte flyplasser og hva reisende b\u00f8r vite - Nordnesrepublikken<\/title>\n<meta name=\"robots\" content=\"index, follow, max-snippet:-1, max-image-preview:large, max-video-preview:-1\" \/>\n<link rel=\"canonical\" href=\"https:\/\/nordnesrepublikken.no\/index.php\/2026\/04\/07\/ubestemt-flykontrollstreik-i-spania-17-april-berorte-flyplasser-og-hva-reisende-bor-vite\/\" \/>\n<meta property=\"og:locale\" content=\"nb_NO\" \/>\n<meta property=\"og:type\" content=\"article\" \/>\n<meta property=\"og:title\" content=\"Ubestemt flykontrollstreik i Spania 17. april: Ber\u00f8rte flyplasser og hva reisende b\u00f8r vite - Nordnesrepublikken\" \/>\n<meta property=\"og:description\" content=\"Fra og med midnatt fredag \u200b\u200b17. april har flygeledere i SAERCO-administrerte t\u00e5rn i Spania kunngjort\" \/>\n<meta property=\"og:url\" content=\"https:\/\/nordnesrepublikken.no\/index.php\/2026\/04\/07\/ubestemt-flykontrollstreik-i-spania-17-april-berorte-flyplasser-og-hva-reisende-bor-vite\/\" \/>\n<meta property=\"og:site_name\" content=\"Nordnesrepublikken\" \/>\n<meta property=\"article:published_time\" content=\"2026-04-07T12:14:00+00:00\" \/>\n<meta property=\"article:modified_time\" content=\"2026-04-07T12:14:02+00:00\" \/>\n<meta property=\"og:image\" content=\"https:\/\/nordnesrepublikken.no\/wp-content\/uploads\/2026\/04\/1775564042_Ubestemt-flykontrollstreik-i-Spania-17-april-Berorte-flyplasser-og-hva.jpg\" \/>\n\t<meta property=\"og:image:width\" content=\"1600\" \/>\n\t<meta property=\"og:image:height\" content=\"1066\" \/>\n\t<meta property=\"og:image:type\" content=\"image\/jpeg\" \/>\n<meta name=\"author\" content=\"Ole Andersen\" \/>\n<meta name=\"twitter:card\" content=\"summary_large_image\" \/>\n<meta name=\"twitter:label1\" content=\"Skrevet av\" \/>\n\t<meta name=\"twitter:data1\" content=\"Ole Andersen\" \/>\n\t<meta name=\"twitter:label2\" content=\"Ansl. lesetid\" \/>\n\t<meta name=\"twitter:data2\" content=\"3 minutter\" \/>\n<script type=\"application\/ld+json\" class=\"yoast-schema-graph\">{\"@context\":\"https:\/\/schema.org\",\"@graph\":[{\"@type\":\"Article\",\"@id\":\"https:\/\/nordnesrepublikken.no\/index.php\/2026\/04\/07\/ubestemt-flykontrollstreik-i-spania-17-april-berorte-flyplasser-og-hva-reisende-bor-vite\/#article\",\"isPartOf\":{\"@id\":\"https:\/\/nordnesrepublikken.no\/index.php\/2026\/04\/07\/ubestemt-flykontrollstreik-i-spania-17-april-berorte-flyplasser-og-hva-reisende-bor-vite\/\"},\"author\":{\"name\":\"Ole Andersen\",\"@id\":\"https:\/\/nordnesrepublikken.no\/#\/schema\/person\/2e7e81935bab77882fffb79296240ff1\"},\"headline\":\"Ubestemt flykontrollstreik i Spania 17. april: Ber\u00f8rte flyplasser og hva reisende b\u00f8r vite\",\"datePublished\":\"2026-04-07T12:14:00+00:00\",\"dateModified\":\"2026-04-07T12:14:02+00:00\",\"mainEntityOfPage\":{\"@id\":\"https:\/\/nordnesrepublikken.no\/index.php\/2026\/04\/07\/ubestemt-flykontrollstreik-i-spania-17-april-berorte-flyplasser-og-hva-reisende-bor-vite\/\"},\"wordCount\":558,\"publisher\":{\"@id\":\"https:\/\/nordnesrepublikken.no\/#organization\"},\"image\":{\"@id\":\"https:\/\/nordnesrepublikken.no\/index.php\/2026\/04\/07\/ubestemt-flykontrollstreik-i-spania-17-april-berorte-flyplasser-og-hva-reisende-bor-vite\/#primaryimage\"},\"thumbnailUrl\":\"https:\/\/nordnesrepublikken.no\/wp-content\/uploads\/2026\/04\/1775564042_Ubestemt-flykontrollstreik-i-Spania-17-april-Berorte-flyplasser-og-hva.jpg\",\"keywords\":[\"april\",\"ber\u00f8rte\",\"b\u00f8r\",\"flykontrollstreik\",\"flyplasser\",\"Hva\",\"reisende\",\"Spania\",\"ubestemt\",\"vite\"],\"articleSection\":[\"Livsstil\"],\"inLanguage\":\"nb-NO\"},{\"@type\":\"WebPage\",\"@id\":\"https:\/\/nordnesrepublikken.no\/index.php\/2026\/04\/07\/ubestemt-flykontrollstreik-i-spania-17-april-berorte-flyplasser-og-hva-reisende-bor-vite\/\",\"url\":\"https:\/\/nordnesrepublikken.no\/index.php\/2026\/04\/07\/ubestemt-flykontrollstreik-i-spania-17-april-berorte-flyplasser-og-hva-reisende-bor-vite\/\",\"name\":\"Ubestemt flykontrollstreik i Spania 17. april: Ber\u00f8rte flyplasser og hva reisende b\u00f8r vite - Nordnesrepublikken\",\"isPartOf\":{\"@id\":\"https:\/\/nordnesrepublikken.no\/#website\"},\"primaryImageOfPage\":{\"@id\":\"https:\/\/nordnesrepublikken.no\/index.php\/2026\/04\/07\/ubestemt-flykontrollstreik-i-spania-17-april-berorte-flyplasser-og-hva-reisende-bor-vite\/#primaryimage\"},\"image\":{\"@id\":\"https:\/\/nordnesrepublikken.no\/index.php\/2026\/04\/07\/ubestemt-flykontrollstreik-i-spania-17-april-berorte-flyplasser-og-hva-reisende-bor-vite\/#primaryimage\"},\"thumbnailUrl\":\"https:\/\/nordnesrepublikken.no\/wp-content\/uploads\/2026\/04\/1775564042_Ubestemt-flykontrollstreik-i-Spania-17-april-Berorte-flyplasser-og-hva.jpg\",\"datePublished\":\"2026-04-07T12:14:00+00:00\",\"dateModified\":\"2026-04-07T12:14:02+00:00\",\"breadcrumb\":{\"@id\":\"https:\/\/nordnesrepublikken.no\/index.php\/2026\/04\/07\/ubestemt-flykontrollstreik-i-spania-17-april-berorte-flyplasser-og-hva-reisende-bor-vite\/#breadcrumb\"},\"inLanguage\":\"nb-NO\",\"potentialAction\":[{\"@type\":\"ReadAction\",\"target\":[\"https:\/\/nordnesrepublikken.no\/index.php\/2026\/04\/07\/ubestemt-flykontrollstreik-i-spania-17-april-berorte-flyplasser-og-hva-reisende-bor-vite\/\"]}]},{\"@type\":\"ImageObject\",\"inLanguage\":\"nb-NO\",\"@id\":\"https:\/\/nordnesrepublikken.no\/index.php\/2026\/04\/07\/ubestemt-flykontrollstreik-i-spania-17-april-berorte-flyplasser-og-hva-reisende-bor-vite\/#primaryimage\",\"url\":\"https:\/\/nordnesrepublikken.no\/wp-content\/uploads\/2026\/04\/1775564042_Ubestemt-flykontrollstreik-i-Spania-17-april-Berorte-flyplasser-og-hva.jpg\",\"contentUrl\":\"https:\/\/nordnesrepublikken.no\/wp-content\/uploads\/2026\/04\/1775564042_Ubestemt-flykontrollstreik-i-Spania-17-april-Berorte-flyplasser-og-hva.jpg\",\"width\":1600,\"height\":1066,\"caption\":\"Ubestemt flykontrollstreik i Spania 17. april: Ber\u00f8rte flyplasser og hva reisende b\u00f8r vite\"},{\"@type\":\"BreadcrumbList\",\"@id\":\"https:\/\/nordnesrepublikken.no\/index.php\/2026\/04\/07\/ubestemt-flykontrollstreik-i-spania-17-april-berorte-flyplasser-og-hva-reisende-bor-vite\/#breadcrumb\",\"itemListElement\":[{\"@type\":\"ListItem\",\"position\":1,\"name\":\"Home\",\"item\":\"https:\/\/nordnesrepublikken.no\/\"},{\"@type\":\"ListItem\",\"position\":2,\"name\":\"Ubestemt flykontrollstreik i Spania 17. april: Ber\u00f8rte flyplasser og hva reisende b\u00f8r vite\"}]},{\"@type\":\"WebSite\",\"@id\":\"https:\/\/nordnesrepublikken.no\/#website\",\"url\":\"https:\/\/nordnesrepublikken.no\/\",\"name\":\"Nordnesrepublikken\",\"description\":\"Stemmer og Visjoner fra Republikkens Hjerte\",\"publisher\":{\"@id\":\"https:\/\/nordnesrepublikken.no\/#organization\"},\"potentialAction\":[{\"@type\":\"SearchAction\",\"target\":{\"@type\":\"EntryPoint\",\"urlTemplate\":\"https:\/\/nordnesrepublikken.no\/?s={search_term_string}\"},\"query-input\":{\"@type\":\"PropertyValueSpecification\",\"valueRequired\":true,\"valueName\":\"search_term_string\"}}],\"inLanguage\":\"nb-NO\"},{\"@type\":\"Organization\",\"@id\":\"https:\/\/nordnesrepublikken.no\/#organization\",\"name\":\"Nordnesrepublikken\",\"url\":\"https:\/\/nordnesrepublikken.no\/\",\"logo\":{\"@type\":\"ImageObject\",\"inLanguage\":\"nb-NO\",\"@id\":\"https:\/\/nordnesrepublikken.no\/#\/schema\/logo\/image\/\",\"url\":\"https:\/\/nordnesrepublikken.no\/wp-content\/uploads\/2025\/02\/cropped-nordnesrepublikken-2.png\",\"contentUrl\":\"https:\/\/nordnesrepublikken.no\/wp-content\/uploads\/2025\/02\/cropped-nordnesrepublikken-2.png\",\"width\":1248,\"height\":362,\"caption\":\"Nordnesrepublikken\"},\"image\":{\"@id\":\"https:\/\/nordnesrepublikken.no\/#\/schema\/logo\/image\/\"}},{\"@type\":\"Person\",\"@id\":\"https:\/\/nordnesrepublikken.no\/#\/schema\/person\/2e7e81935bab77882fffb79296240ff1\",\"name\":\"Ole Andersen\",\"image\":{\"@type\":\"ImageObject\",\"inLanguage\":\"nb-NO\",\"@id\":\"https:\/\/nordnesrepublikken.no\/#\/schema\/person\/image\/\",\"url\":\"https:\/\/nordnesrepublikken.no\/wp-content\/uploads\/2025\/02\/nordnesrepublikken-2-2-150x150.jpg\",\"contentUrl\":\"https:\/\/nordnesrepublikken.no\/wp-content\/uploads\/2025\/02\/nordnesrepublikken-2-2-150x150.jpg\",\"caption\":\"Ole Andersen\"},\"description\":\"Ettersom jeg vokste opp i Oslo, har jeg alltid v\u00e6rt fascinert av ordenes kraft og deres evne til \u00e5 skape endringer. Etter \u00e5 ha fullf\u00f8rt min utdannelse i kommunikasjon ved Universitetet i Bergen, fikk jeg muligheten til \u00e5 jobbe innen ulike medier, der jeg har s\u00f8kt \u00e5 belyse viktige samfunnssp\u00f8rsm\u00e5l. I dag, som redakt\u00f8r for Nordnesrepublikken, pr\u00f8ver jeg \u00e5 forene min kj\u00e6rlighet for journalistikk med min lidenskap for innovasjon og eventyr.\",\"sameAs\":[\"https:\/\/nordnesrepublikken.no\/\"]}]}<\/script>\n<!-- \/ Yoast SEO plugin. -->","yoast_head_json":{"title":"Ubestemt flykontrollstreik i Spania 17. april: Ber\u00f8rte flyplasser og hva reisende b\u00f8r vite - Nordnesrepublikken","robots":{"index":"index","follow":"follow","max-snippet":"max-snippet:-1","max-image-preview":"max-image-preview:large","max-video-preview":"max-video-preview:-1"},"canonical":"https:\/\/nordnesrepublikken.no\/index.php\/2026\/04\/07\/ubestemt-flykontrollstreik-i-spania-17-april-berorte-flyplasser-og-hva-reisende-bor-vite\/","og_locale":"nb_NO","og_type":"article","og_title":"Ubestemt flykontrollstreik i Spania 17. april: Ber\u00f8rte flyplasser og hva reisende b\u00f8r vite - Nordnesrepublikken","og_description":"Fra og med midnatt fredag \u200b\u200b17. april har flygeledere i SAERCO-administrerte t\u00e5rn i Spania kunngjort","og_url":"https:\/\/nordnesrepublikken.no\/index.php\/2026\/04\/07\/ubestemt-flykontrollstreik-i-spania-17-april-berorte-flyplasser-og-hva-reisende-bor-vite\/","og_site_name":"Nordnesrepublikken","article_published_time":"2026-04-07T12:14:00+00:00","article_modified_time":"2026-04-07T12:14:02+00:00","og_image":[{"width":1600,"height":1066,"url":"https:\/\/nordnesrepublikken.no\/wp-content\/uploads\/2026\/04\/1775564042_Ubestemt-flykontrollstreik-i-Spania-17-april-Berorte-flyplasser-og-hva.jpg","type":"image\/jpeg"}],"author":"Ole Andersen","twitter_card":"summary_large_image","twitter_misc":{"Skrevet av":"Ole Andersen","Ansl. lesetid":"3 minutter"},"schema":{"@context":"https:\/\/schema.org","@graph":[{"@type":"Article","@id":"https:\/\/nordnesrepublikken.no\/index.php\/2026\/04\/07\/ubestemt-flykontrollstreik-i-spania-17-april-berorte-flyplasser-og-hva-reisende-bor-vite\/#article","isPartOf":{"@id":"https:\/\/nordnesrepublikken.no\/index.php\/2026\/04\/07\/ubestemt-flykontrollstreik-i-spania-17-april-berorte-flyplasser-og-hva-reisende-bor-vite\/"},"author":{"name":"Ole Andersen","@id":"https:\/\/nordnesrepublikken.no\/#\/schema\/person\/2e7e81935bab77882fffb79296240ff1"},"headline":"Ubestemt flykontrollstreik i Spania 17. april: Ber\u00f8rte flyplasser og hva reisende b\u00f8r vite","datePublished":"2026-04-07T12:14:00+00:00","dateModified":"2026-04-07T12:14:02+00:00","mainEntityOfPage":{"@id":"https:\/\/nordnesrepublikken.no\/index.php\/2026\/04\/07\/ubestemt-flykontrollstreik-i-spania-17-april-berorte-flyplasser-og-hva-reisende-bor-vite\/"},"wordCount":558,"publisher":{"@id":"https:\/\/nordnesrepublikken.no\/#organization"},"image":{"@id":"https:\/\/nordnesrepublikken.no\/index.php\/2026\/04\/07\/ubestemt-flykontrollstreik-i-spania-17-april-berorte-flyplasser-og-hva-reisende-bor-vite\/#primaryimage"},"thumbnailUrl":"https:\/\/nordnesrepublikken.no\/wp-content\/uploads\/2026\/04\/1775564042_Ubestemt-flykontrollstreik-i-Spania-17-april-Berorte-flyplasser-og-hva.jpg","keywords":["april","ber\u00f8rte","b\u00f8r","flykontrollstreik","flyplasser","Hva","reisende","Spania","ubestemt","vite"],"articleSection":["Livsstil"],"inLanguage":"nb-NO"},{"@type":"WebPage","@id":"https:\/\/nordnesrepublikken.no\/index.php\/2026\/04\/07\/ubestemt-flykontrollstreik-i-spania-17-april-berorte-flyplasser-og-hva-reisende-bor-vite\/","url":"https:\/\/nordnesrepublikken.no\/index.php\/2026\/04\/07\/ubestemt-flykontrollstreik-i-spania-17-april-berorte-flyplasser-og-hva-reisende-bor-vite\/","name":"Ubestemt flykontrollstreik i Spania 17. april: Ber\u00f8rte flyplasser og hva reisende b\u00f8r vite - Nordnesrepublikken","isPartOf":{"@id":"https:\/\/nordnesrepublikken.no\/#website"},"primaryImageOfPage":{"@id":"https:\/\/nordnesrepublikken.no\/index.php\/2026\/04\/07\/ubestemt-flykontrollstreik-i-spania-17-april-berorte-flyplasser-og-hva-reisende-bor-vite\/#primaryimage"},"image":{"@id":"https:\/\/nordnesrepublikken.no\/index.php\/2026\/04\/07\/ubestemt-flykontrollstreik-i-spania-17-april-berorte-flyplasser-og-hva-reisende-bor-vite\/#primaryimage"},"thumbnailUrl":"https:\/\/nordnesrepublikken.no\/wp-content\/uploads\/2026\/04\/1775564042_Ubestemt-flykontrollstreik-i-Spania-17-april-Berorte-flyplasser-og-hva.jpg","datePublished":"2026-04-07T12:14:00+00:00","dateModified":"2026-04-07T12:14:02+00:00","breadcrumb":{"@id":"https:\/\/nordnesrepublikken.no\/index.php\/2026\/04\/07\/ubestemt-flykontrollstreik-i-spania-17-april-berorte-flyplasser-og-hva-reisende-bor-vite\/#breadcrumb"},"inLanguage":"nb-NO","potentialAction":[{"@type":"ReadAction","target":["https:\/\/nordnesrepublikken.no\/index.php\/2026\/04\/07\/ubestemt-flykontrollstreik-i-spania-17-april-berorte-flyplasser-og-hva-reisende-bor-vite\/"]}]},{"@type":"ImageObject","inLanguage":"nb-NO","@id":"https:\/\/nordnesrepublikken.no\/index.php\/2026\/04\/07\/ubestemt-flykontrollstreik-i-spania-17-april-berorte-flyplasser-og-hva-reisende-bor-vite\/#primaryimage","url":"https:\/\/nordnesrepublikken.no\/wp-content\/uploads\/2026\/04\/1775564042_Ubestemt-flykontrollstreik-i-Spania-17-april-Berorte-flyplasser-og-hva.jpg","contentUrl":"https:\/\/nordnesrepublikken.no\/wp-content\/uploads\/2026\/04\/1775564042_Ubestemt-flykontrollstreik-i-Spania-17-april-Berorte-flyplasser-og-hva.jpg","width":1600,"height":1066,"caption":"Ubestemt flykontrollstreik i Spania 17. april: Ber\u00f8rte flyplasser og hva reisende b\u00f8r vite"},{"@type":"BreadcrumbList","@id":"https:\/\/nordnesrepublikken.no\/index.php\/2026\/04\/07\/ubestemt-flykontrollstreik-i-spania-17-april-berorte-flyplasser-og-hva-reisende-bor-vite\/#breadcrumb","itemListElement":[{"@type":"ListItem","position":1,"name":"Home","item":"https:\/\/nordnesrepublikken.no\/"},{"@type":"ListItem","position":2,"name":"Ubestemt flykontrollstreik i Spania 17. april: Ber\u00f8rte flyplasser og hva reisende b\u00f8r vite"}]},{"@type":"WebSite","@id":"https:\/\/nordnesrepublikken.no\/#website","url":"https:\/\/nordnesrepublikken.no\/","name":"Nordnesrepublikken","description":"Stemmer og Visjoner fra Republikkens Hjerte","publisher":{"@id":"https:\/\/nordnesrepublikken.no\/#organization"},"potentialAction":[{"@type":"SearchAction","target":{"@type":"EntryPoint","urlTemplate":"https:\/\/nordnesrepublikken.no\/?s={search_term_string}"},"query-input":{"@type":"PropertyValueSpecification","valueRequired":true,"valueName":"search_term_string"}}],"inLanguage":"nb-NO"},{"@type":"Organization","@id":"https:\/\/nordnesrepublikken.no\/#organization","name":"Nordnesrepublikken","url":"https:\/\/nordnesrepublikken.no\/","logo":{"@type":"ImageObject","inLanguage":"nb-NO","@id":"https:\/\/nordnesrepublikken.no\/#\/schema\/logo\/image\/","url":"https:\/\/nordnesrepublikken.no\/wp-content\/uploads\/2025\/02\/cropped-nordnesrepublikken-2.png","contentUrl":"https:\/\/nordnesrepublikken.no\/wp-content\/uploads\/2025\/02\/cropped-nordnesrepublikken-2.png","width":1248,"height":362,"caption":"Nordnesrepublikken"},"image":{"@id":"https:\/\/nordnesrepublikken.no\/#\/schema\/logo\/image\/"}},{"@type":"Person","@id":"https:\/\/nordnesrepublikken.no\/#\/schema\/person\/2e7e81935bab77882fffb79296240ff1","name":"Ole Andersen","image":{"@type":"ImageObject","inLanguage":"nb-NO","@id":"https:\/\/nordnesrepublikken.no\/#\/schema\/person\/image\/","url":"https:\/\/nordnesrepublikken.no\/wp-content\/uploads\/2025\/02\/nordnesrepublikken-2-2-150x150.jpg","contentUrl":"https:\/\/nordnesrepublikken.no\/wp-content\/uploads\/2025\/02\/nordnesrepublikken-2-2-150x150.jpg","caption":"Ole Andersen"},"description":"Ettersom jeg vokste opp i Oslo, har jeg alltid v\u00e6rt fascinert av ordenes kraft og deres evne til \u00e5 skape endringer. Etter \u00e5 ha fullf\u00f8rt min utdannelse i kommunikasjon ved Universitetet i Bergen, fikk jeg muligheten til \u00e5 jobbe innen ulike medier, der jeg har s\u00f8kt \u00e5 belyse viktige samfunnssp\u00f8rsm\u00e5l. I dag, som redakt\u00f8r for Nordnesrepublikken, pr\u00f8ver jeg \u00e5 forene min kj\u00e6rlighet for journalistikk med min lidenskap for innovasjon og eventyr.","sameAs":["https:\/\/nordnesrepublikken.no\/"]}]}},"_links":{"self":[{"href":"https:\/\/nordnesrepublikken.no\/index.php\/wp-json\/wp\/v2\/posts\/16703","targetHints":{"allow":["GET"]}}],"collection":[{"href":"https:\/\/nordnesrepublikken.no\/index.php\/wp-json\/wp\/v2\/posts"}],"about":[{"href":"https:\/\/nordnesrepublikken.no\/index.php\/wp-json\/wp\/v2\/types\/post"}],"author":[{"embeddable":true,"href":"https:\/\/nordnesrepublikken.no\/index.php\/wp-json\/wp\/v2\/users\/1"}],"replies":[{"embeddable":true,"href":"https:\/\/nordnesrepublikken.no\/index.php\/wp-json\/wp\/v2\/comments?post=16703"}],"version-history":[{"count":1,"href":"https:\/\/nordnesrepublikken.no\/index.php\/wp-json\/wp\/v2\/posts\/16703\/revisions"}],"predecessor-version":[{"id":16705,"href":"https:\/\/nordnesrepublikken.no\/index.php\/wp-json\/wp\/v2\/posts\/16703\/revisions\/16705"}],"wp:featuredmedia":[{"embeddable":true,"href":"https:\/\/nordnesrepublikken.no\/index.php\/wp-json\/wp\/v2\/media\/16704"}],"wp:attachment":[{"href":"https:\/\/nordnesrepublikken.no\/index.php\/wp-json\/wp\/v2\/media?parent=16703"}],"wp:term":[{"taxonomy":"category","embeddable":true,"href":"https:\/\/nordnesrepublikken.no\/index.php\/wp-json\/wp\/v2\/categories?post=16703"},{"taxonomy":"post_tag","embeddable":true,"href":"https:\/\/nordnesrepublikken.no\/index.php\/wp-json\/wp\/v2\/tags?post=16703"}],"curies":[{"name":"wp","href":"https:\/\/api.w.org\/{rel}","templated":true}]}}