{"id":16697,"date":"2026-04-07T12:11:45","date_gmt":"2026-04-07T10:11:45","guid":{"rendered":"https:\/\/nordnesrepublikken.no\/index.php\/2026\/04\/07\/ryanair-og-easyjet-bagasjeryst-passasjerer-kan-snart-fa-mer-gratis\/"},"modified":"2026-04-07T12:11:46","modified_gmt":"2026-04-07T10:11:46","slug":"ryanair-og-easyjet-bagasjeryst-passasjerer-kan-snart-fa-mer-gratis","status":"publish","type":"post","link":"https:\/\/nordnesrepublikken.no\/index.php\/2026\/04\/07\/ryanair-og-easyjet-bagasjeryst-passasjerer-kan-snart-fa-mer-gratis\/","title":{"rendered":"Ryanair og easyJet bagasjeryst: passasjerer kan snart f\u00e5 mer gratis"},"content":{"rendered":"<p><\/p>\n<div class=\"wordpress-content\">\n                    <!-- Article Start --><\/p>\n<p>Hvis du noen gang har pr\u00f8vd \u00e5 presse vesken din inn i en liten st\u00f8rrelse ved porten, kan dette v\u00e6re endringen du har ventet p\u00e5. Passasjerer som flyr med Ryanair og easyJet kan snart f\u00e5 lov til \u00e5 ta b\u00e5de kabinbag og en personlig gjenstand om bord uten \u00e5 betale ekstra \u2013 dersom nye EU-regler blir godkjent.<\/p>\n<p>Forel\u00f8pig har ingenting endret seg p\u00e5 flyplassen enn\u00e5. Men forslaget beveger seg allerede gjennom EU-systemet, og hvis det f\u00e5r endelig godkjenning, vil det gjelde flyreiser som drives av EU-flyselskaper, inkludert mange ruter brukt av britiske reisende.<\/p>\n<h2>Hva endrer seg med bagasjereglene akkurat n\u00e5<\/h2>\n<p>Allerede f\u00f8r den bredere reformen er ferdigstilt, har det allerede skjedd en liten, men merkbar justering.<\/p>\n<div class=\"sra_unit\"><link rel=\"stylesheet\" id=\"block-sra\" href=\"https:\/\/euroweeklynews.com\/wp-content\/plugins\/snack-related-articles\/dist\/css\/snack-related.min.css?250312-193541\" type=\"text\/css\" media=\"all\">\n<\/div>\n<p>Ryanair har oppdatert kvoten for personlige bagger etter regulatorisk press. Passasjerer kan n\u00e5 ta med en personlig gjenstand p\u00e5 opptil 40 x 30 x 20 cm, noe som er litt mer gener\u00f8st enn f\u00f8r.<\/p>\n<p>EasyJet, derimot, var allerede i tr\u00e5d med de dimensjonene, s\u00e5 ingenting har endret seg der forel\u00f8pig.<\/p>\n<p>Forel\u00f8pig f\u00f8lger begge flyselskapene fortsatt samme grunnmodell:<\/p>\n<ul>\n<li>en liten personlig gjenstand inkludert i den billigste prisen<\/li>\n<li>eventuell ekstra kabinbag koster ekstra<\/li>\n<\/ul>\n<p>Det er akkurat det EU n\u00e5 pr\u00f8ver \u00e5 ta tak i.<\/p>\n<h2>Den foresl\u00e5tte EU-regelen som kan endre alt<\/h2>\n<p>Tidligere i \u00e5r stemte EU-parlamentet for en endring som skal standardisere hva passasjerer har lov til \u00e5 ta om bord.<\/p>\n<p>I henhold til forslaget vil reisende ha rett til \u00e5 ta med:<\/p>\n<ul>\n<li>en personlig gjenstand (som en veske eller ryggsekk)<\/li>\n<li>pluss en liten kabinbag<\/li>\n<\/ul>\n<p>Begge vil v\u00e6re gratis.<\/p>\n<p>Det er grenser, men de er ganske klare. Kabinbagen m\u00e5 holde seg innenfor en maksimal kombinert st\u00f8rrelse p\u00e5 100 cm (lengde + bredde + h\u00f8yde) og ikke veie mer enn 7 kg.<\/p>\n<p>Hvis det blir godkjent, vil dette gjelde for alle flyvninger som g\u00e5r fra eller ankommer EU som drives av EU-baserte flyselskaper, som inkluderer Ryanair og easyJet.<\/p>\n<h2>Hva dette vil bety for passasjerene<\/h2>\n<p>For hyppige flyreisende kan endringen gj\u00f8re en reell forskjell.<\/p>\n<p>Akkurat n\u00e5 ender mange passasjerer opp med \u00e5 betale ekstra bare for \u00e5 ta med en liten koffert om bord \u2013 selv for korte turer.<\/p>\n<p>Hvis regelen g\u00e5r gjennom, vil det bety:<\/p>\n<ul>\n<li>ingen ekstra avgifter for grunnleggende h\u00e5ndbagasje<\/li>\n<li>f\u00e6rre overraskelser p\u00e5 flyplassen<\/li>\n<li>og mindre behov for \u00e5 oppgradere prisene bare for \u00e5 ha med seg n\u00f8dvendigheter<\/li>\n<\/ul>\n<p>For folk som reiser regelmessig mellom Storbritannia og Europa, kan det ogs\u00e5 forenkle ting, ettersom de fleste kortdistanseruter drives av EU-flyselskaper.<\/p>\n<h2>Det er ikke lov enn\u00e5 \u2013 her er det som fortsatt m\u00e5 skje<\/h2>\n<p>Selv om Europaparlamentet har st\u00f8ttet forslaget, er det ikke endelig.<\/p>\n<p>Neste trinn er godkjenning av Det europeiske r\u00e5d, som representerer EUs medlemsland. Inntil det skjer, kan flyselskapene fortsette \u00e5 bruke sine gjeldende bagasjeregler.<\/p>\n<p>S\u00e5 forel\u00f8pig b\u00f8r reisende fortsatt f\u00f8lge de eksisterende reglene ved bestilling og pakking.<\/p>\n<h2>En annen endring som diskuteres: sitteplasser for barn<\/h2>\n<p>Bagasjeforslaget er ikke den eneste endringen p\u00e5 bordet.<\/p>\n<p>MEP-medlemmer presser ogs\u00e5 p\u00e5 for en regel som vil sikre at barn under 12 \u00e5r blir sittende ved siden av en medf\u00f8lgende voksen uten ekstra kostnad.<\/p>\n<p>For \u00f8yeblikket er ikke flyselskapene lovp\u00e5lagt \u00e5 garantere dette, selv om det er allment anbefalt av sikkerhetsgrunner.<\/p>\n<p>I Storbritannia anbefaler Civil Aviation Authority at sm\u00e5 barn ideelt sett b\u00f8r sitte p\u00e5 samme rad som foreldrene, eller i det minste ikke mer enn \u00e9n rad fra hverandre. Bekymringen er enkel &#8211; i en n\u00f8dssituasjon kan separasjon bremse ting.<\/p>\n<h2>Hvorfor flyselskaper kanskje ikke \u00f8nsker endringen velkommen<\/h2>\n<p>Selv om forslaget sannsynligvis vil v\u00e6re popul\u00e6rt blant passasjerer, kan det v\u00e6re mer komplisert for flyselskapene.<\/p>\n<p>Lavprisselskaper har bygget en del av sin forretningsmodell rundt lading for ekstrautstyr, inkludert h\u00e5ndbagasje. \u00c5 fjerne disse avgiftene kan p\u00e5virke hvordan billettene prises i fremtiden.<\/p>\n<p>Det betyr ikke n\u00f8dvendigvis at flyreiser blir dyrere \u2013 men det kan f\u00f8re til endringer i hvordan prisene er strukturert.<\/p>\n<h2>Hva du b\u00f8r gj\u00f8re f\u00f8r neste flytur<\/h2>\n<p>Inntil reglene er offisielt vedtatt, er det fortsatt viktig \u00e5:<\/p>\n<ul>\n<li>sjekk flyselskapets bagasjepolicy f\u00f8r du reiser<\/li>\n<li>dobbeltsjekk posedimensjoner<\/li>\n<li>og unng\u00e5 \u00e5 anta at noe har endret seg<\/li>\n<\/ul>\n<p>Hvis den nye forskriften blir godkjent, m\u00e5 flyselskapene oppdatere sine retningslinjer \u2013 men det vil ikke skje over natten.<\/p>\n<h2>En endring mange passasjerer har ventet p\u00e5<\/h2>\n<p>I \u00e5revis har reisende m\u00e5ttet navigere etter stadig strengere bagasjeregler, spesielt hos lavprisflyselskaper. Dette forslaget tar sikte p\u00e5 \u00e5 bringe litt konsistens tilbake \u2013 og fjerne en av de vanligste frustrasjonene p\u00e5 flyplassen.<\/p>\n<p>Forel\u00f8pig er det et tilfelle av \u00e5 vente og se. Men hvis den blir godkjent, kan din neste kortdistanseflyvning komme med en ekstra kostnad mindre \u00e5 bekymre seg for.<\/p>\n<p>                    <!-- Originally published at https:\/\/euroweeklynews.com\/2026\/04\/07\/ryanair-and-easyjet-baggage-shake-up-passengers-could-soon-get-more-for-free\/ on 07 Apr 2026 at 11:38 by Farah Mokrani --><br \/>\n                    <!-- Article End -->\n                <\/div>\n","protected":false},"excerpt":{"rendered":"<p>Hvis du noen gang har pr\u00f8vd \u00e5 presse vesken din inn i en liten st\u00f8rrelse<\/p>\n","protected":false},"author":1,"featured_media":16698,"comment_status":"closed","ping_status":"open","sticky":false,"template":"","format":"standard","meta":{"footnotes":""},"categories":[105],"tags":[10800,416,877,1952,339,379,3471,1079,2606],"class_list":["post-16697","post","type-post","status-publish","format-standard","has-post-thumbnail","hentry","category-livsstil","tag-bagasjeryst","tag-easyjet","tag-fa","tag-gratis","tag-kan","tag-mer","tag-passasjerer","tag-ryanair","tag-snart","generate-columns","tablet-grid-50","mobile-grid-100","grid-parent","grid-33","resize-featured-image"],"yoast_head":"<!-- This site is optimized with the Yoast SEO plugin v24.4 - https:\/\/yoast.com\/wordpress\/plugins\/seo\/ -->\n<title>Ryanair og easyJet bagasjeryst: passasjerer kan snart f\u00e5 mer gratis - Nordnesrepublikken<\/title>\n<meta name=\"robots\" content=\"index, follow, max-snippet:-1, max-image-preview:large, max-video-preview:-1\" \/>\n<link rel=\"canonical\" href=\"https:\/\/nordnesrepublikken.no\/index.php\/2026\/04\/07\/ryanair-og-easyjet-bagasjeryst-passasjerer-kan-snart-fa-mer-gratis\/\" \/>\n<meta property=\"og:locale\" content=\"nb_NO\" \/>\n<meta property=\"og:type\" content=\"article\" \/>\n<meta property=\"og:title\" content=\"Ryanair og easyJet bagasjeryst: passasjerer kan snart f\u00e5 mer gratis - Nordnesrepublikken\" \/>\n<meta property=\"og:description\" content=\"Hvis du noen gang har pr\u00f8vd \u00e5 presse vesken din inn i en liten st\u00f8rrelse\" \/>\n<meta property=\"og:url\" content=\"https:\/\/nordnesrepublikken.no\/index.php\/2026\/04\/07\/ryanair-og-easyjet-bagasjeryst-passasjerer-kan-snart-fa-mer-gratis\/\" \/>\n<meta property=\"og:site_name\" content=\"Nordnesrepublikken\" \/>\n<meta property=\"article:published_time\" content=\"2026-04-07T10:11:45+00:00\" \/>\n<meta property=\"article:modified_time\" content=\"2026-04-07T10:11:46+00:00\" \/>\n<meta property=\"og:image\" content=\"https:\/\/nordnesrepublikken.no\/wp-content\/uploads\/2026\/04\/1775556706_Ryanair-og-easyJet-bagasjeryst-passasjerer-kan-snart-fa-mer-gratis.jpg\" \/>\n\t<meta property=\"og:image:width\" content=\"1200\" \/>\n\t<meta property=\"og:image:height\" content=\"800\" \/>\n\t<meta property=\"og:image:type\" content=\"image\/jpeg\" \/>\n<meta name=\"author\" content=\"Ole Andersen\" \/>\n<meta name=\"twitter:card\" content=\"summary_large_image\" \/>\n<meta name=\"twitter:label1\" content=\"Skrevet av\" \/>\n\t<meta name=\"twitter:data1\" content=\"Ole Andersen\" \/>\n\t<meta name=\"twitter:label2\" content=\"Ansl. lesetid\" \/>\n\t<meta name=\"twitter:data2\" content=\"4 minutter\" \/>\n<script type=\"application\/ld+json\" class=\"yoast-schema-graph\">{\"@context\":\"https:\/\/schema.org\",\"@graph\":[{\"@type\":\"Article\",\"@id\":\"https:\/\/nordnesrepublikken.no\/index.php\/2026\/04\/07\/ryanair-og-easyjet-bagasjeryst-passasjerer-kan-snart-fa-mer-gratis\/#article\",\"isPartOf\":{\"@id\":\"https:\/\/nordnesrepublikken.no\/index.php\/2026\/04\/07\/ryanair-og-easyjet-bagasjeryst-passasjerer-kan-snart-fa-mer-gratis\/\"},\"author\":{\"name\":\"Ole Andersen\",\"@id\":\"https:\/\/nordnesrepublikken.no\/#\/schema\/person\/2e7e81935bab77882fffb79296240ff1\"},\"headline\":\"Ryanair og easyJet bagasjeryst: passasjerer kan snart f\u00e5 mer gratis\",\"datePublished\":\"2026-04-07T10:11:45+00:00\",\"dateModified\":\"2026-04-07T10:11:46+00:00\",\"mainEntityOfPage\":{\"@id\":\"https:\/\/nordnesrepublikken.no\/index.php\/2026\/04\/07\/ryanair-og-easyjet-bagasjeryst-passasjerer-kan-snart-fa-mer-gratis\/\"},\"wordCount\":775,\"publisher\":{\"@id\":\"https:\/\/nordnesrepublikken.no\/#organization\"},\"image\":{\"@id\":\"https:\/\/nordnesrepublikken.no\/index.php\/2026\/04\/07\/ryanair-og-easyjet-bagasjeryst-passasjerer-kan-snart-fa-mer-gratis\/#primaryimage\"},\"thumbnailUrl\":\"https:\/\/nordnesrepublikken.no\/wp-content\/uploads\/2026\/04\/1775556706_Ryanair-og-easyJet-bagasjeryst-passasjerer-kan-snart-fa-mer-gratis.jpg\",\"keywords\":[\"bagasjeryst\",\"EasyJet\",\"f\u00e5\",\"gratis\",\"kan\",\"mer\",\"passasjerer\",\"Ryanair\",\"snart\"],\"articleSection\":[\"Livsstil\"],\"inLanguage\":\"nb-NO\"},{\"@type\":\"WebPage\",\"@id\":\"https:\/\/nordnesrepublikken.no\/index.php\/2026\/04\/07\/ryanair-og-easyjet-bagasjeryst-passasjerer-kan-snart-fa-mer-gratis\/\",\"url\":\"https:\/\/nordnesrepublikken.no\/index.php\/2026\/04\/07\/ryanair-og-easyjet-bagasjeryst-passasjerer-kan-snart-fa-mer-gratis\/\",\"name\":\"Ryanair og easyJet bagasjeryst: passasjerer kan snart f\u00e5 mer gratis - Nordnesrepublikken\",\"isPartOf\":{\"@id\":\"https:\/\/nordnesrepublikken.no\/#website\"},\"primaryImageOfPage\":{\"@id\":\"https:\/\/nordnesrepublikken.no\/index.php\/2026\/04\/07\/ryanair-og-easyjet-bagasjeryst-passasjerer-kan-snart-fa-mer-gratis\/#primaryimage\"},\"image\":{\"@id\":\"https:\/\/nordnesrepublikken.no\/index.php\/2026\/04\/07\/ryanair-og-easyjet-bagasjeryst-passasjerer-kan-snart-fa-mer-gratis\/#primaryimage\"},\"thumbnailUrl\":\"https:\/\/nordnesrepublikken.no\/wp-content\/uploads\/2026\/04\/1775556706_Ryanair-og-easyJet-bagasjeryst-passasjerer-kan-snart-fa-mer-gratis.jpg\",\"datePublished\":\"2026-04-07T10:11:45+00:00\",\"dateModified\":\"2026-04-07T10:11:46+00:00\",\"breadcrumb\":{\"@id\":\"https:\/\/nordnesrepublikken.no\/index.php\/2026\/04\/07\/ryanair-og-easyjet-bagasjeryst-passasjerer-kan-snart-fa-mer-gratis\/#breadcrumb\"},\"inLanguage\":\"nb-NO\",\"potentialAction\":[{\"@type\":\"ReadAction\",\"target\":[\"https:\/\/nordnesrepublikken.no\/index.php\/2026\/04\/07\/ryanair-og-easyjet-bagasjeryst-passasjerer-kan-snart-fa-mer-gratis\/\"]}]},{\"@type\":\"ImageObject\",\"inLanguage\":\"nb-NO\",\"@id\":\"https:\/\/nordnesrepublikken.no\/index.php\/2026\/04\/07\/ryanair-og-easyjet-bagasjeryst-passasjerer-kan-snart-fa-mer-gratis\/#primaryimage\",\"url\":\"https:\/\/nordnesrepublikken.no\/wp-content\/uploads\/2026\/04\/1775556706_Ryanair-og-easyJet-bagasjeryst-passasjerer-kan-snart-fa-mer-gratis.jpg\",\"contentUrl\":\"https:\/\/nordnesrepublikken.no\/wp-content\/uploads\/2026\/04\/1775556706_Ryanair-og-easyJet-bagasjeryst-passasjerer-kan-snart-fa-mer-gratis.jpg\",\"width\":1200,\"height\":800,\"caption\":\"Ryanair og easyJet bagasjeryst: passasjerer kan snart f\u00e5 mer gratis\"},{\"@type\":\"BreadcrumbList\",\"@id\":\"https:\/\/nordnesrepublikken.no\/index.php\/2026\/04\/07\/ryanair-og-easyjet-bagasjeryst-passasjerer-kan-snart-fa-mer-gratis\/#breadcrumb\",\"itemListElement\":[{\"@type\":\"ListItem\",\"position\":1,\"name\":\"Home\",\"item\":\"https:\/\/nordnesrepublikken.no\/\"},{\"@type\":\"ListItem\",\"position\":2,\"name\":\"Ryanair og easyJet bagasjeryst: passasjerer kan snart f\u00e5 mer gratis\"}]},{\"@type\":\"WebSite\",\"@id\":\"https:\/\/nordnesrepublikken.no\/#website\",\"url\":\"https:\/\/nordnesrepublikken.no\/\",\"name\":\"Nordnesrepublikken\",\"description\":\"Stemmer og Visjoner fra Republikkens Hjerte\",\"publisher\":{\"@id\":\"https:\/\/nordnesrepublikken.no\/#organization\"},\"potentialAction\":[{\"@type\":\"SearchAction\",\"target\":{\"@type\":\"EntryPoint\",\"urlTemplate\":\"https:\/\/nordnesrepublikken.no\/?s={search_term_string}\"},\"query-input\":{\"@type\":\"PropertyValueSpecification\",\"valueRequired\":true,\"valueName\":\"search_term_string\"}}],\"inLanguage\":\"nb-NO\"},{\"@type\":\"Organization\",\"@id\":\"https:\/\/nordnesrepublikken.no\/#organization\",\"name\":\"Nordnesrepublikken\",\"url\":\"https:\/\/nordnesrepublikken.no\/\",\"logo\":{\"@type\":\"ImageObject\",\"inLanguage\":\"nb-NO\",\"@id\":\"https:\/\/nordnesrepublikken.no\/#\/schema\/logo\/image\/\",\"url\":\"https:\/\/nordnesrepublikken.no\/wp-content\/uploads\/2025\/02\/cropped-nordnesrepublikken-2.png\",\"contentUrl\":\"https:\/\/nordnesrepublikken.no\/wp-content\/uploads\/2025\/02\/cropped-nordnesrepublikken-2.png\",\"width\":1248,\"height\":362,\"caption\":\"Nordnesrepublikken\"},\"image\":{\"@id\":\"https:\/\/nordnesrepublikken.no\/#\/schema\/logo\/image\/\"}},{\"@type\":\"Person\",\"@id\":\"https:\/\/nordnesrepublikken.no\/#\/schema\/person\/2e7e81935bab77882fffb79296240ff1\",\"name\":\"Ole Andersen\",\"image\":{\"@type\":\"ImageObject\",\"inLanguage\":\"nb-NO\",\"@id\":\"https:\/\/nordnesrepublikken.no\/#\/schema\/person\/image\/\",\"url\":\"https:\/\/nordnesrepublikken.no\/wp-content\/uploads\/2025\/02\/nordnesrepublikken-2-2-150x150.jpg\",\"contentUrl\":\"https:\/\/nordnesrepublikken.no\/wp-content\/uploads\/2025\/02\/nordnesrepublikken-2-2-150x150.jpg\",\"caption\":\"Ole Andersen\"},\"description\":\"Ettersom jeg vokste opp i Oslo, har jeg alltid v\u00e6rt fascinert av ordenes kraft og deres evne til \u00e5 skape endringer. Etter \u00e5 ha fullf\u00f8rt min utdannelse i kommunikasjon ved Universitetet i Bergen, fikk jeg muligheten til \u00e5 jobbe innen ulike medier, der jeg har s\u00f8kt \u00e5 belyse viktige samfunnssp\u00f8rsm\u00e5l. I dag, som redakt\u00f8r for Nordnesrepublikken, pr\u00f8ver jeg \u00e5 forene min kj\u00e6rlighet for journalistikk med min lidenskap for innovasjon og eventyr.\",\"sameAs\":[\"https:\/\/nordnesrepublikken.no\/\"]}]}<\/script>\n<!-- \/ Yoast SEO plugin. -->","yoast_head_json":{"title":"Ryanair og easyJet bagasjeryst: passasjerer kan snart f\u00e5 mer gratis - Nordnesrepublikken","robots":{"index":"index","follow":"follow","max-snippet":"max-snippet:-1","max-image-preview":"max-image-preview:large","max-video-preview":"max-video-preview:-1"},"canonical":"https:\/\/nordnesrepublikken.no\/index.php\/2026\/04\/07\/ryanair-og-easyjet-bagasjeryst-passasjerer-kan-snart-fa-mer-gratis\/","og_locale":"nb_NO","og_type":"article","og_title":"Ryanair og easyJet bagasjeryst: passasjerer kan snart f\u00e5 mer gratis - Nordnesrepublikken","og_description":"Hvis du noen gang har pr\u00f8vd \u00e5 presse vesken din inn i en liten st\u00f8rrelse","og_url":"https:\/\/nordnesrepublikken.no\/index.php\/2026\/04\/07\/ryanair-og-easyjet-bagasjeryst-passasjerer-kan-snart-fa-mer-gratis\/","og_site_name":"Nordnesrepublikken","article_published_time":"2026-04-07T10:11:45+00:00","article_modified_time":"2026-04-07T10:11:46+00:00","og_image":[{"width":1200,"height":800,"url":"https:\/\/nordnesrepublikken.no\/wp-content\/uploads\/2026\/04\/1775556706_Ryanair-og-easyJet-bagasjeryst-passasjerer-kan-snart-fa-mer-gratis.jpg","type":"image\/jpeg"}],"author":"Ole Andersen","twitter_card":"summary_large_image","twitter_misc":{"Skrevet av":"Ole Andersen","Ansl. lesetid":"4 minutter"},"schema":{"@context":"https:\/\/schema.org","@graph":[{"@type":"Article","@id":"https:\/\/nordnesrepublikken.no\/index.php\/2026\/04\/07\/ryanair-og-easyjet-bagasjeryst-passasjerer-kan-snart-fa-mer-gratis\/#article","isPartOf":{"@id":"https:\/\/nordnesrepublikken.no\/index.php\/2026\/04\/07\/ryanair-og-easyjet-bagasjeryst-passasjerer-kan-snart-fa-mer-gratis\/"},"author":{"name":"Ole Andersen","@id":"https:\/\/nordnesrepublikken.no\/#\/schema\/person\/2e7e81935bab77882fffb79296240ff1"},"headline":"Ryanair og easyJet bagasjeryst: passasjerer kan snart f\u00e5 mer gratis","datePublished":"2026-04-07T10:11:45+00:00","dateModified":"2026-04-07T10:11:46+00:00","mainEntityOfPage":{"@id":"https:\/\/nordnesrepublikken.no\/index.php\/2026\/04\/07\/ryanair-og-easyjet-bagasjeryst-passasjerer-kan-snart-fa-mer-gratis\/"},"wordCount":775,"publisher":{"@id":"https:\/\/nordnesrepublikken.no\/#organization"},"image":{"@id":"https:\/\/nordnesrepublikken.no\/index.php\/2026\/04\/07\/ryanair-og-easyjet-bagasjeryst-passasjerer-kan-snart-fa-mer-gratis\/#primaryimage"},"thumbnailUrl":"https:\/\/nordnesrepublikken.no\/wp-content\/uploads\/2026\/04\/1775556706_Ryanair-og-easyJet-bagasjeryst-passasjerer-kan-snart-fa-mer-gratis.jpg","keywords":["bagasjeryst","EasyJet","f\u00e5","gratis","kan","mer","passasjerer","Ryanair","snart"],"articleSection":["Livsstil"],"inLanguage":"nb-NO"},{"@type":"WebPage","@id":"https:\/\/nordnesrepublikken.no\/index.php\/2026\/04\/07\/ryanair-og-easyjet-bagasjeryst-passasjerer-kan-snart-fa-mer-gratis\/","url":"https:\/\/nordnesrepublikken.no\/index.php\/2026\/04\/07\/ryanair-og-easyjet-bagasjeryst-passasjerer-kan-snart-fa-mer-gratis\/","name":"Ryanair og easyJet bagasjeryst: passasjerer kan snart f\u00e5 mer gratis - Nordnesrepublikken","isPartOf":{"@id":"https:\/\/nordnesrepublikken.no\/#website"},"primaryImageOfPage":{"@id":"https:\/\/nordnesrepublikken.no\/index.php\/2026\/04\/07\/ryanair-og-easyjet-bagasjeryst-passasjerer-kan-snart-fa-mer-gratis\/#primaryimage"},"image":{"@id":"https:\/\/nordnesrepublikken.no\/index.php\/2026\/04\/07\/ryanair-og-easyjet-bagasjeryst-passasjerer-kan-snart-fa-mer-gratis\/#primaryimage"},"thumbnailUrl":"https:\/\/nordnesrepublikken.no\/wp-content\/uploads\/2026\/04\/1775556706_Ryanair-og-easyJet-bagasjeryst-passasjerer-kan-snart-fa-mer-gratis.jpg","datePublished":"2026-04-07T10:11:45+00:00","dateModified":"2026-04-07T10:11:46+00:00","breadcrumb":{"@id":"https:\/\/nordnesrepublikken.no\/index.php\/2026\/04\/07\/ryanair-og-easyjet-bagasjeryst-passasjerer-kan-snart-fa-mer-gratis\/#breadcrumb"},"inLanguage":"nb-NO","potentialAction":[{"@type":"ReadAction","target":["https:\/\/nordnesrepublikken.no\/index.php\/2026\/04\/07\/ryanair-og-easyjet-bagasjeryst-passasjerer-kan-snart-fa-mer-gratis\/"]}]},{"@type":"ImageObject","inLanguage":"nb-NO","@id":"https:\/\/nordnesrepublikken.no\/index.php\/2026\/04\/07\/ryanair-og-easyjet-bagasjeryst-passasjerer-kan-snart-fa-mer-gratis\/#primaryimage","url":"https:\/\/nordnesrepublikken.no\/wp-content\/uploads\/2026\/04\/1775556706_Ryanair-og-easyJet-bagasjeryst-passasjerer-kan-snart-fa-mer-gratis.jpg","contentUrl":"https:\/\/nordnesrepublikken.no\/wp-content\/uploads\/2026\/04\/1775556706_Ryanair-og-easyJet-bagasjeryst-passasjerer-kan-snart-fa-mer-gratis.jpg","width":1200,"height":800,"caption":"Ryanair og easyJet bagasjeryst: passasjerer kan snart f\u00e5 mer gratis"},{"@type":"BreadcrumbList","@id":"https:\/\/nordnesrepublikken.no\/index.php\/2026\/04\/07\/ryanair-og-easyjet-bagasjeryst-passasjerer-kan-snart-fa-mer-gratis\/#breadcrumb","itemListElement":[{"@type":"ListItem","position":1,"name":"Home","item":"https:\/\/nordnesrepublikken.no\/"},{"@type":"ListItem","position":2,"name":"Ryanair og easyJet bagasjeryst: passasjerer kan snart f\u00e5 mer gratis"}]},{"@type":"WebSite","@id":"https:\/\/nordnesrepublikken.no\/#website","url":"https:\/\/nordnesrepublikken.no\/","name":"Nordnesrepublikken","description":"Stemmer og Visjoner fra Republikkens Hjerte","publisher":{"@id":"https:\/\/nordnesrepublikken.no\/#organization"},"potentialAction":[{"@type":"SearchAction","target":{"@type":"EntryPoint","urlTemplate":"https:\/\/nordnesrepublikken.no\/?s={search_term_string}"},"query-input":{"@type":"PropertyValueSpecification","valueRequired":true,"valueName":"search_term_string"}}],"inLanguage":"nb-NO"},{"@type":"Organization","@id":"https:\/\/nordnesrepublikken.no\/#organization","name":"Nordnesrepublikken","url":"https:\/\/nordnesrepublikken.no\/","logo":{"@type":"ImageObject","inLanguage":"nb-NO","@id":"https:\/\/nordnesrepublikken.no\/#\/schema\/logo\/image\/","url":"https:\/\/nordnesrepublikken.no\/wp-content\/uploads\/2025\/02\/cropped-nordnesrepublikken-2.png","contentUrl":"https:\/\/nordnesrepublikken.no\/wp-content\/uploads\/2025\/02\/cropped-nordnesrepublikken-2.png","width":1248,"height":362,"caption":"Nordnesrepublikken"},"image":{"@id":"https:\/\/nordnesrepublikken.no\/#\/schema\/logo\/image\/"}},{"@type":"Person","@id":"https:\/\/nordnesrepublikken.no\/#\/schema\/person\/2e7e81935bab77882fffb79296240ff1","name":"Ole Andersen","image":{"@type":"ImageObject","inLanguage":"nb-NO","@id":"https:\/\/nordnesrepublikken.no\/#\/schema\/person\/image\/","url":"https:\/\/nordnesrepublikken.no\/wp-content\/uploads\/2025\/02\/nordnesrepublikken-2-2-150x150.jpg","contentUrl":"https:\/\/nordnesrepublikken.no\/wp-content\/uploads\/2025\/02\/nordnesrepublikken-2-2-150x150.jpg","caption":"Ole Andersen"},"description":"Ettersom jeg vokste opp i Oslo, har jeg alltid v\u00e6rt fascinert av ordenes kraft og deres evne til \u00e5 skape endringer. Etter \u00e5 ha fullf\u00f8rt min utdannelse i kommunikasjon ved Universitetet i Bergen, fikk jeg muligheten til \u00e5 jobbe innen ulike medier, der jeg har s\u00f8kt \u00e5 belyse viktige samfunnssp\u00f8rsm\u00e5l. I dag, som redakt\u00f8r for Nordnesrepublikken, pr\u00f8ver jeg \u00e5 forene min kj\u00e6rlighet for journalistikk med min lidenskap for innovasjon og eventyr.","sameAs":["https:\/\/nordnesrepublikken.no\/"]}]}},"_links":{"self":[{"href":"https:\/\/nordnesrepublikken.no\/index.php\/wp-json\/wp\/v2\/posts\/16697","targetHints":{"allow":["GET"]}}],"collection":[{"href":"https:\/\/nordnesrepublikken.no\/index.php\/wp-json\/wp\/v2\/posts"}],"about":[{"href":"https:\/\/nordnesrepublikken.no\/index.php\/wp-json\/wp\/v2\/types\/post"}],"author":[{"embeddable":true,"href":"https:\/\/nordnesrepublikken.no\/index.php\/wp-json\/wp\/v2\/users\/1"}],"replies":[{"embeddable":true,"href":"https:\/\/nordnesrepublikken.no\/index.php\/wp-json\/wp\/v2\/comments?post=16697"}],"version-history":[{"count":1,"href":"https:\/\/nordnesrepublikken.no\/index.php\/wp-json\/wp\/v2\/posts\/16697\/revisions"}],"predecessor-version":[{"id":16699,"href":"https:\/\/nordnesrepublikken.no\/index.php\/wp-json\/wp\/v2\/posts\/16697\/revisions\/16699"}],"wp:featuredmedia":[{"embeddable":true,"href":"https:\/\/nordnesrepublikken.no\/index.php\/wp-json\/wp\/v2\/media\/16698"}],"wp:attachment":[{"href":"https:\/\/nordnesrepublikken.no\/index.php\/wp-json\/wp\/v2\/media?parent=16697"}],"wp:term":[{"taxonomy":"category","embeddable":true,"href":"https:\/\/nordnesrepublikken.no\/index.php\/wp-json\/wp\/v2\/categories?post=16697"},{"taxonomy":"post_tag","embeddable":true,"href":"https:\/\/nordnesrepublikken.no\/index.php\/wp-json\/wp\/v2\/tags?post=16697"}],"curies":[{"name":"wp","href":"https:\/\/api.w.org\/{rel}","templated":true}]}}