{"id":16688,"date":"2026-04-07T09:08:47","date_gmt":"2026-04-07T07:08:47","guid":{"rendered":"https:\/\/nordnesrepublikken.no\/index.php\/2026\/04\/07\/mann-pakjort-under-frieri-pa-ulovlig-biltreff-36-aring-innlagt-pa-sykehus-med-hodeskader\/"},"modified":"2026-04-07T09:08:49","modified_gmt":"2026-04-07T07:08:49","slug":"mann-pakjort-under-frieri-pa-ulovlig-biltreff-36-aring-innlagt-pa-sykehus-med-hodeskader","status":"publish","type":"post","link":"https:\/\/nordnesrepublikken.no\/index.php\/2026\/04\/07\/mann-pakjort-under-frieri-pa-ulovlig-biltreff-36-aring-innlagt-pa-sykehus-med-hodeskader\/","title":{"rendered":"Mann p\u00e5kj\u00f8rt under frieri p\u00e5 ulovlig biltreff: 36-\u00e5ring innlagt p\u00e5 sykehus med hodeskader"},"content":{"rendered":"<p><\/p>\n<div class=\"wordpress-content\">\n                    <!-- Article Start --><\/p>\n<p data-start=\"102\" data-end=\"476\">En 36 \u00e5r gammel mann forblir p\u00e5 sykehus med hodeskader denne tirsdagen 7. april 2026, etter \u00e5 ha blitt overkj\u00f8rt bare noen \u00f8yeblikk etter \u00e5 ha fridd til kj\u00e6resten sin p\u00e5 et ulovlig biltreff i Vall\u00e8s, Barcelona. Hendelsen skjedde mens en BMW utf\u00f8rte h\u00f8yhastighets drifting man\u00f8vrer rundt paret. Sj\u00e5f\u00f8ren stakk fra stedet, men ble senere arrestert av Mossos d&#8217;Esquadra.<\/p>\n<p data-start=\"478\" data-end=\"785\" data-is-last-node=\"\" data-is-only-node=\"\">Saken har vakt fornyet oppmerksomhet til disse samlingene, og politiet har \u00f8kt sin tilstedev\u00e6relse i industriomr\u00e5der hvor de ofte holdes. De siste m\u00e5nedene har offiserer trappet opp innsatsen for \u00e5 lokalisere og bryte opp disse hendelsene, inkludert bruk av droner for \u00e5 spore kj\u00f8ret\u00f8y involvert i farlig kj\u00f8ring.<\/p>\n<h2><span style=\"font-weight: 400\">Et \u00f8yeblikk som ble til en n\u00f8dsituasjon<\/span><\/h2>\n<p><span style=\"font-weight: 400\">Det som begynte som en feiring ble raskt en alvorlig ulykke. Vitneopptak som sirkulerer p\u00e5 nettet viser at forslaget finner sted midt i en bilsamling, med motorer som g\u00e5r rundt og kj\u00f8ret\u00f8y som utf\u00f8rer man\u00f8vrer rundt folkemengden. Kort tid etter ble mannen p\u00e5kj\u00f8rt, noe som skapte panikk blant de tilstedev\u00e6rende.<\/span><\/p>\n<div class=\"sra_unit\"><link rel=\"stylesheet\" id=\"block-sra\" href=\"https:\/\/euroweeklynews.com\/wp-content\/plugins\/snack-related-articles\/dist\/css\/snack-related.min.css?250312-193541\" type=\"text\/css\" media=\"all\">\n<\/div>\n<p><span style=\"font-weight: 400\">N\u00f8detatene behandlet ham p\u00e5 stedet f\u00f8r han ble overf\u00f8rt til sykehus for videre behandling. Til tross for alvorlighetsgraden av hendelsen ble ikke skadene hans ansett som livstruende. Den involverte sj\u00e5f\u00f8ren forlot f\u00f8rst omr\u00e5det, men politiet bekreftet senere at en var arrestert.<\/span><\/p>\n<h2><span style=\"font-weight: 400\">Risikoen bak ulovlig bil m\u00f8tes<\/span><\/h2>\n<p><span style=\"font-weight: 400\">Hendelser som dette er ikke isolert. Ulovlige biltreff, ofte organisert gjennom private grupper, har blitt stadig mer vanlig i industriomr\u00e5der og utkanter av byer. Disse samlingene involverer vanligvis modifiserte biler, drifting og h\u00f8yhastighetsman\u00f8vrer, ofte uten noen sikkerhetstiltak p\u00e5 plass.<\/span><\/p>\n<p><span style=\"font-weight: 400\">Myndigheter over hele Spania har gjentatte ganger advart om risikoen. Disse arrangementene er vanskelige \u00e5 kontrollere fordi de organiseres p\u00e5 kort varsel og kan tiltrekke seg store folkemengder i l\u00f8pet av timer. Politirapporter indikerer at deltakere ofte kommer fra n\u00e6rliggende byer, med kj\u00f8ret\u00f8y som ankommer gradvis for \u00e5 unng\u00e5 oppdagelse. N\u00e5r de er i gang, skaper mangelen p\u00e5 barrierer, tilsyn eller utpekte tilskueromr\u00e5der et farlig milj\u00f8 for alle involverte. For tilskuere er faren umiddelbar. \u00c5 st\u00e5 n\u00e6r kj\u00f8ret\u00f8y i bevegelse og utf\u00f8re stunt gir lite rom for feil, og n\u00e5r noe g\u00e5r galt, kan konsekvensene bli alvorlige.<\/span><\/p>\n<h2><span style=\"font-weight: 400\">Er ulovlige biltreff vanlig i Spania?<\/span><\/h2>\n<p><span style=\"font-weight: 400\">Ja, spesielt i industrisoner og utkanter av byer. De er ofte organisert privat og kan dukke opp med liten advarsel. Til tross for risikoen, fortsetter ulovlige biltreff \u00e5 trekke folkemengder. For noen tilbyr de en f\u00f8lelse av fellesskap og et rom for \u00e5 vise frem modifiserte kj\u00f8ret\u00f8y. For andre er det spenningen ved hastighet og ytelse i en ukontrollert setting.<\/span><\/p>\n<p><span style=\"font-weight: 400\">Men mangelen p\u00e5 regulering gj\u00f8r at sikkerhet ofte er en ettertanke. Uten skikkelig organisering, oppl\u00e6rt personale eller beredskapsplanlegging kan disse samlingene raskt komme ut av kontroll. Myndigheter fors\u00f8ker jevnlig \u00e5 spre slike hendelser, men deres uforutsigbare natur gj\u00f8r forebygging vanskelig.<\/span><\/p>\n<h2><span style=\"font-weight: 400\">Siste oppdatering om offerets tilstand<\/span><\/h2>\n<p><span style=\"font-weight: 400\">Til tross for sjokket av hendelsen er det en viss lettelse. Han er fortsatt p\u00e5 sykehus etter \u00e5 ha f\u00e5tt en hodeskade, men tilstanden hans er ikke livstruende. Det som var ment \u00e5 v\u00e6re et minneverdig \u00f8yeblikk har i stedet blitt en sterk p\u00e5minnelse om hvor raskt disse samlingene kan bli farlige.<\/span><\/p>\n<p>                    <!-- Originally published at https:\/\/euroweeklynews.com\/2026\/04\/07\/man-run-over-after-proposal-at-illegal-car-meet-36-year-old-hospitalized-with-head-injuries\/ on 07 Apr 2026 at 9:05 by Dora Urbancsek --><br \/>\n                    <!-- Article End -->\n                <\/div>\n","protected":false},"excerpt":{"rendered":"<p>En 36 \u00e5r gammel mann forblir p\u00e5 sykehus med hodeskader denne tirsdagen 7. april 2026,<\/p>\n","protected":false},"author":1,"featured_media":16689,"comment_status":"closed","ping_status":"open","sticky":false,"template":"","format":"standard","meta":{"footnotes":""},"categories":[105],"tags":[10795,10794,10792,10796,9907,3520,79,81,10791,3951,10793],"class_list":["post-16688","post","type-post","status-publish","format-standard","has-post-thumbnail","hentry","category-livsstil","tag-36aring","tag-biltreff","tag-frieri","tag-hodeskader","tag-innlagt","tag-mann","tag-med","tag-pa","tag-pakjort","tag-sykehus","tag-ulovlig","generate-columns","tablet-grid-50","mobile-grid-100","grid-parent","grid-33","resize-featured-image"],"yoast_head":"<!-- This site is optimized with the Yoast SEO plugin v24.4 - https:\/\/yoast.com\/wordpress\/plugins\/seo\/ -->\n<title>Mann p\u00e5kj\u00f8rt under frieri p\u00e5 ulovlig biltreff: 36-\u00e5ring innlagt p\u00e5 sykehus med hodeskader - Nordnesrepublikken<\/title>\n<meta name=\"robots\" content=\"index, follow, max-snippet:-1, max-image-preview:large, max-video-preview:-1\" \/>\n<link rel=\"canonical\" href=\"https:\/\/nordnesrepublikken.no\/index.php\/2026\/04\/07\/mann-pakjort-under-frieri-pa-ulovlig-biltreff-36-aring-innlagt-pa-sykehus-med-hodeskader\/\" \/>\n<meta property=\"og:locale\" content=\"nb_NO\" \/>\n<meta property=\"og:type\" content=\"article\" \/>\n<meta property=\"og:title\" content=\"Mann p\u00e5kj\u00f8rt under frieri p\u00e5 ulovlig biltreff: 36-\u00e5ring innlagt p\u00e5 sykehus med hodeskader - Nordnesrepublikken\" \/>\n<meta property=\"og:description\" content=\"En 36 \u00e5r gammel mann forblir p\u00e5 sykehus med hodeskader denne tirsdagen 7. april 2026,\" \/>\n<meta property=\"og:url\" content=\"https:\/\/nordnesrepublikken.no\/index.php\/2026\/04\/07\/mann-pakjort-under-frieri-pa-ulovlig-biltreff-36-aring-innlagt-pa-sykehus-med-hodeskader\/\" \/>\n<meta property=\"og:site_name\" content=\"Nordnesrepublikken\" \/>\n<meta property=\"article:published_time\" content=\"2026-04-07T07:08:47+00:00\" \/>\n<meta property=\"article:modified_time\" content=\"2026-04-07T07:08:49+00:00\" \/>\n<meta property=\"og:image\" content=\"https:\/\/nordnesrepublikken.no\/wp-content\/uploads\/2026\/04\/1775545728_Mann-pakjort-under-frieri-pa-ulovlig-biltreff-36-aring-innlagt-pa.jpg\" \/>\n\t<meta property=\"og:image:width\" content=\"1200\" \/>\n\t<meta property=\"og:image:height\" content=\"675\" \/>\n\t<meta property=\"og:image:type\" content=\"image\/jpeg\" \/>\n<meta name=\"author\" content=\"Ole Andersen\" \/>\n<meta name=\"twitter:card\" content=\"summary_large_image\" \/>\n<meta name=\"twitter:label1\" content=\"Skrevet av\" \/>\n\t<meta name=\"twitter:data1\" content=\"Ole Andersen\" \/>\n\t<meta name=\"twitter:label2\" content=\"Ansl. lesetid\" \/>\n\t<meta name=\"twitter:data2\" content=\"3 minutter\" \/>\n<script type=\"application\/ld+json\" class=\"yoast-schema-graph\">{\"@context\":\"https:\/\/schema.org\",\"@graph\":[{\"@type\":\"Article\",\"@id\":\"https:\/\/nordnesrepublikken.no\/index.php\/2026\/04\/07\/mann-pakjort-under-frieri-pa-ulovlig-biltreff-36-aring-innlagt-pa-sykehus-med-hodeskader\/#article\",\"isPartOf\":{\"@id\":\"https:\/\/nordnesrepublikken.no\/index.php\/2026\/04\/07\/mann-pakjort-under-frieri-pa-ulovlig-biltreff-36-aring-innlagt-pa-sykehus-med-hodeskader\/\"},\"author\":{\"name\":\"Ole Andersen\",\"@id\":\"https:\/\/nordnesrepublikken.no\/#\/schema\/person\/2e7e81935bab77882fffb79296240ff1\"},\"headline\":\"Mann p\u00e5kj\u00f8rt under frieri p\u00e5 ulovlig biltreff: 36-\u00e5ring innlagt p\u00e5 sykehus med hodeskader\",\"datePublished\":\"2026-04-07T07:08:47+00:00\",\"dateModified\":\"2026-04-07T07:08:49+00:00\",\"mainEntityOfPage\":{\"@id\":\"https:\/\/nordnesrepublikken.no\/index.php\/2026\/04\/07\/mann-pakjort-under-frieri-pa-ulovlig-biltreff-36-aring-innlagt-pa-sykehus-med-hodeskader\/\"},\"wordCount\":567,\"publisher\":{\"@id\":\"https:\/\/nordnesrepublikken.no\/#organization\"},\"image\":{\"@id\":\"https:\/\/nordnesrepublikken.no\/index.php\/2026\/04\/07\/mann-pakjort-under-frieri-pa-ulovlig-biltreff-36-aring-innlagt-pa-sykehus-med-hodeskader\/#primaryimage\"},\"thumbnailUrl\":\"https:\/\/nordnesrepublikken.no\/wp-content\/uploads\/2026\/04\/1775545728_Mann-pakjort-under-frieri-pa-ulovlig-biltreff-36-aring-innlagt-pa.jpg\",\"keywords\":[\"36\u00e5ring\",\"biltreff\",\"frieri\",\"hodeskader\",\"innlagt\",\"Mann\",\"med\",\"p\u00e5\",\"p\u00e5kj\u00f8rt\",\"sykehus\",\"ulovlig\"],\"articleSection\":[\"Livsstil\"],\"inLanguage\":\"nb-NO\"},{\"@type\":\"WebPage\",\"@id\":\"https:\/\/nordnesrepublikken.no\/index.php\/2026\/04\/07\/mann-pakjort-under-frieri-pa-ulovlig-biltreff-36-aring-innlagt-pa-sykehus-med-hodeskader\/\",\"url\":\"https:\/\/nordnesrepublikken.no\/index.php\/2026\/04\/07\/mann-pakjort-under-frieri-pa-ulovlig-biltreff-36-aring-innlagt-pa-sykehus-med-hodeskader\/\",\"name\":\"Mann p\u00e5kj\u00f8rt under frieri p\u00e5 ulovlig biltreff: 36-\u00e5ring innlagt p\u00e5 sykehus med hodeskader - Nordnesrepublikken\",\"isPartOf\":{\"@id\":\"https:\/\/nordnesrepublikken.no\/#website\"},\"primaryImageOfPage\":{\"@id\":\"https:\/\/nordnesrepublikken.no\/index.php\/2026\/04\/07\/mann-pakjort-under-frieri-pa-ulovlig-biltreff-36-aring-innlagt-pa-sykehus-med-hodeskader\/#primaryimage\"},\"image\":{\"@id\":\"https:\/\/nordnesrepublikken.no\/index.php\/2026\/04\/07\/mann-pakjort-under-frieri-pa-ulovlig-biltreff-36-aring-innlagt-pa-sykehus-med-hodeskader\/#primaryimage\"},\"thumbnailUrl\":\"https:\/\/nordnesrepublikken.no\/wp-content\/uploads\/2026\/04\/1775545728_Mann-pakjort-under-frieri-pa-ulovlig-biltreff-36-aring-innlagt-pa.jpg\",\"datePublished\":\"2026-04-07T07:08:47+00:00\",\"dateModified\":\"2026-04-07T07:08:49+00:00\",\"breadcrumb\":{\"@id\":\"https:\/\/nordnesrepublikken.no\/index.php\/2026\/04\/07\/mann-pakjort-under-frieri-pa-ulovlig-biltreff-36-aring-innlagt-pa-sykehus-med-hodeskader\/#breadcrumb\"},\"inLanguage\":\"nb-NO\",\"potentialAction\":[{\"@type\":\"ReadAction\",\"target\":[\"https:\/\/nordnesrepublikken.no\/index.php\/2026\/04\/07\/mann-pakjort-under-frieri-pa-ulovlig-biltreff-36-aring-innlagt-pa-sykehus-med-hodeskader\/\"]}]},{\"@type\":\"ImageObject\",\"inLanguage\":\"nb-NO\",\"@id\":\"https:\/\/nordnesrepublikken.no\/index.php\/2026\/04\/07\/mann-pakjort-under-frieri-pa-ulovlig-biltreff-36-aring-innlagt-pa-sykehus-med-hodeskader\/#primaryimage\",\"url\":\"https:\/\/nordnesrepublikken.no\/wp-content\/uploads\/2026\/04\/1775545728_Mann-pakjort-under-frieri-pa-ulovlig-biltreff-36-aring-innlagt-pa.jpg\",\"contentUrl\":\"https:\/\/nordnesrepublikken.no\/wp-content\/uploads\/2026\/04\/1775545728_Mann-pakjort-under-frieri-pa-ulovlig-biltreff-36-aring-innlagt-pa.jpg\",\"width\":1200,\"height\":675,\"caption\":\"Mann p\u00e5kj\u00f8rt under frieri p\u00e5 ulovlig biltreff: 36-\u00e5ring innlagt p\u00e5 sykehus med hodeskader\"},{\"@type\":\"BreadcrumbList\",\"@id\":\"https:\/\/nordnesrepublikken.no\/index.php\/2026\/04\/07\/mann-pakjort-under-frieri-pa-ulovlig-biltreff-36-aring-innlagt-pa-sykehus-med-hodeskader\/#breadcrumb\",\"itemListElement\":[{\"@type\":\"ListItem\",\"position\":1,\"name\":\"Home\",\"item\":\"https:\/\/nordnesrepublikken.no\/\"},{\"@type\":\"ListItem\",\"position\":2,\"name\":\"Mann p\u00e5kj\u00f8rt under frieri p\u00e5 ulovlig biltreff: 36-\u00e5ring innlagt p\u00e5 sykehus med hodeskader\"}]},{\"@type\":\"WebSite\",\"@id\":\"https:\/\/nordnesrepublikken.no\/#website\",\"url\":\"https:\/\/nordnesrepublikken.no\/\",\"name\":\"Nordnesrepublikken\",\"description\":\"Stemmer og Visjoner fra Republikkens Hjerte\",\"publisher\":{\"@id\":\"https:\/\/nordnesrepublikken.no\/#organization\"},\"potentialAction\":[{\"@type\":\"SearchAction\",\"target\":{\"@type\":\"EntryPoint\",\"urlTemplate\":\"https:\/\/nordnesrepublikken.no\/?s={search_term_string}\"},\"query-input\":{\"@type\":\"PropertyValueSpecification\",\"valueRequired\":true,\"valueName\":\"search_term_string\"}}],\"inLanguage\":\"nb-NO\"},{\"@type\":\"Organization\",\"@id\":\"https:\/\/nordnesrepublikken.no\/#organization\",\"name\":\"Nordnesrepublikken\",\"url\":\"https:\/\/nordnesrepublikken.no\/\",\"logo\":{\"@type\":\"ImageObject\",\"inLanguage\":\"nb-NO\",\"@id\":\"https:\/\/nordnesrepublikken.no\/#\/schema\/logo\/image\/\",\"url\":\"https:\/\/nordnesrepublikken.no\/wp-content\/uploads\/2025\/02\/cropped-nordnesrepublikken-2.png\",\"contentUrl\":\"https:\/\/nordnesrepublikken.no\/wp-content\/uploads\/2025\/02\/cropped-nordnesrepublikken-2.png\",\"width\":1248,\"height\":362,\"caption\":\"Nordnesrepublikken\"},\"image\":{\"@id\":\"https:\/\/nordnesrepublikken.no\/#\/schema\/logo\/image\/\"}},{\"@type\":\"Person\",\"@id\":\"https:\/\/nordnesrepublikken.no\/#\/schema\/person\/2e7e81935bab77882fffb79296240ff1\",\"name\":\"Ole Andersen\",\"image\":{\"@type\":\"ImageObject\",\"inLanguage\":\"nb-NO\",\"@id\":\"https:\/\/nordnesrepublikken.no\/#\/schema\/person\/image\/\",\"url\":\"https:\/\/nordnesrepublikken.no\/wp-content\/uploads\/2025\/02\/nordnesrepublikken-2-2-150x150.jpg\",\"contentUrl\":\"https:\/\/nordnesrepublikken.no\/wp-content\/uploads\/2025\/02\/nordnesrepublikken-2-2-150x150.jpg\",\"caption\":\"Ole Andersen\"},\"description\":\"Ettersom jeg vokste opp i Oslo, har jeg alltid v\u00e6rt fascinert av ordenes kraft og deres evne til \u00e5 skape endringer. Etter \u00e5 ha fullf\u00f8rt min utdannelse i kommunikasjon ved Universitetet i Bergen, fikk jeg muligheten til \u00e5 jobbe innen ulike medier, der jeg har s\u00f8kt \u00e5 belyse viktige samfunnssp\u00f8rsm\u00e5l. I dag, som redakt\u00f8r for Nordnesrepublikken, pr\u00f8ver jeg \u00e5 forene min kj\u00e6rlighet for journalistikk med min lidenskap for innovasjon og eventyr.\",\"sameAs\":[\"https:\/\/nordnesrepublikken.no\/\"]}]}<\/script>\n<!-- \/ Yoast SEO plugin. -->","yoast_head_json":{"title":"Mann p\u00e5kj\u00f8rt under frieri p\u00e5 ulovlig biltreff: 36-\u00e5ring innlagt p\u00e5 sykehus med hodeskader - Nordnesrepublikken","robots":{"index":"index","follow":"follow","max-snippet":"max-snippet:-1","max-image-preview":"max-image-preview:large","max-video-preview":"max-video-preview:-1"},"canonical":"https:\/\/nordnesrepublikken.no\/index.php\/2026\/04\/07\/mann-pakjort-under-frieri-pa-ulovlig-biltreff-36-aring-innlagt-pa-sykehus-med-hodeskader\/","og_locale":"nb_NO","og_type":"article","og_title":"Mann p\u00e5kj\u00f8rt under frieri p\u00e5 ulovlig biltreff: 36-\u00e5ring innlagt p\u00e5 sykehus med hodeskader - Nordnesrepublikken","og_description":"En 36 \u00e5r gammel mann forblir p\u00e5 sykehus med hodeskader denne tirsdagen 7. april 2026,","og_url":"https:\/\/nordnesrepublikken.no\/index.php\/2026\/04\/07\/mann-pakjort-under-frieri-pa-ulovlig-biltreff-36-aring-innlagt-pa-sykehus-med-hodeskader\/","og_site_name":"Nordnesrepublikken","article_published_time":"2026-04-07T07:08:47+00:00","article_modified_time":"2026-04-07T07:08:49+00:00","og_image":[{"width":1200,"height":675,"url":"https:\/\/nordnesrepublikken.no\/wp-content\/uploads\/2026\/04\/1775545728_Mann-pakjort-under-frieri-pa-ulovlig-biltreff-36-aring-innlagt-pa.jpg","type":"image\/jpeg"}],"author":"Ole Andersen","twitter_card":"summary_large_image","twitter_misc":{"Skrevet av":"Ole Andersen","Ansl. lesetid":"3 minutter"},"schema":{"@context":"https:\/\/schema.org","@graph":[{"@type":"Article","@id":"https:\/\/nordnesrepublikken.no\/index.php\/2026\/04\/07\/mann-pakjort-under-frieri-pa-ulovlig-biltreff-36-aring-innlagt-pa-sykehus-med-hodeskader\/#article","isPartOf":{"@id":"https:\/\/nordnesrepublikken.no\/index.php\/2026\/04\/07\/mann-pakjort-under-frieri-pa-ulovlig-biltreff-36-aring-innlagt-pa-sykehus-med-hodeskader\/"},"author":{"name":"Ole Andersen","@id":"https:\/\/nordnesrepublikken.no\/#\/schema\/person\/2e7e81935bab77882fffb79296240ff1"},"headline":"Mann p\u00e5kj\u00f8rt under frieri p\u00e5 ulovlig biltreff: 36-\u00e5ring innlagt p\u00e5 sykehus med hodeskader","datePublished":"2026-04-07T07:08:47+00:00","dateModified":"2026-04-07T07:08:49+00:00","mainEntityOfPage":{"@id":"https:\/\/nordnesrepublikken.no\/index.php\/2026\/04\/07\/mann-pakjort-under-frieri-pa-ulovlig-biltreff-36-aring-innlagt-pa-sykehus-med-hodeskader\/"},"wordCount":567,"publisher":{"@id":"https:\/\/nordnesrepublikken.no\/#organization"},"image":{"@id":"https:\/\/nordnesrepublikken.no\/index.php\/2026\/04\/07\/mann-pakjort-under-frieri-pa-ulovlig-biltreff-36-aring-innlagt-pa-sykehus-med-hodeskader\/#primaryimage"},"thumbnailUrl":"https:\/\/nordnesrepublikken.no\/wp-content\/uploads\/2026\/04\/1775545728_Mann-pakjort-under-frieri-pa-ulovlig-biltreff-36-aring-innlagt-pa.jpg","keywords":["36\u00e5ring","biltreff","frieri","hodeskader","innlagt","Mann","med","p\u00e5","p\u00e5kj\u00f8rt","sykehus","ulovlig"],"articleSection":["Livsstil"],"inLanguage":"nb-NO"},{"@type":"WebPage","@id":"https:\/\/nordnesrepublikken.no\/index.php\/2026\/04\/07\/mann-pakjort-under-frieri-pa-ulovlig-biltreff-36-aring-innlagt-pa-sykehus-med-hodeskader\/","url":"https:\/\/nordnesrepublikken.no\/index.php\/2026\/04\/07\/mann-pakjort-under-frieri-pa-ulovlig-biltreff-36-aring-innlagt-pa-sykehus-med-hodeskader\/","name":"Mann p\u00e5kj\u00f8rt under frieri p\u00e5 ulovlig biltreff: 36-\u00e5ring innlagt p\u00e5 sykehus med hodeskader - Nordnesrepublikken","isPartOf":{"@id":"https:\/\/nordnesrepublikken.no\/#website"},"primaryImageOfPage":{"@id":"https:\/\/nordnesrepublikken.no\/index.php\/2026\/04\/07\/mann-pakjort-under-frieri-pa-ulovlig-biltreff-36-aring-innlagt-pa-sykehus-med-hodeskader\/#primaryimage"},"image":{"@id":"https:\/\/nordnesrepublikken.no\/index.php\/2026\/04\/07\/mann-pakjort-under-frieri-pa-ulovlig-biltreff-36-aring-innlagt-pa-sykehus-med-hodeskader\/#primaryimage"},"thumbnailUrl":"https:\/\/nordnesrepublikken.no\/wp-content\/uploads\/2026\/04\/1775545728_Mann-pakjort-under-frieri-pa-ulovlig-biltreff-36-aring-innlagt-pa.jpg","datePublished":"2026-04-07T07:08:47+00:00","dateModified":"2026-04-07T07:08:49+00:00","breadcrumb":{"@id":"https:\/\/nordnesrepublikken.no\/index.php\/2026\/04\/07\/mann-pakjort-under-frieri-pa-ulovlig-biltreff-36-aring-innlagt-pa-sykehus-med-hodeskader\/#breadcrumb"},"inLanguage":"nb-NO","potentialAction":[{"@type":"ReadAction","target":["https:\/\/nordnesrepublikken.no\/index.php\/2026\/04\/07\/mann-pakjort-under-frieri-pa-ulovlig-biltreff-36-aring-innlagt-pa-sykehus-med-hodeskader\/"]}]},{"@type":"ImageObject","inLanguage":"nb-NO","@id":"https:\/\/nordnesrepublikken.no\/index.php\/2026\/04\/07\/mann-pakjort-under-frieri-pa-ulovlig-biltreff-36-aring-innlagt-pa-sykehus-med-hodeskader\/#primaryimage","url":"https:\/\/nordnesrepublikken.no\/wp-content\/uploads\/2026\/04\/1775545728_Mann-pakjort-under-frieri-pa-ulovlig-biltreff-36-aring-innlagt-pa.jpg","contentUrl":"https:\/\/nordnesrepublikken.no\/wp-content\/uploads\/2026\/04\/1775545728_Mann-pakjort-under-frieri-pa-ulovlig-biltreff-36-aring-innlagt-pa.jpg","width":1200,"height":675,"caption":"Mann p\u00e5kj\u00f8rt under frieri p\u00e5 ulovlig biltreff: 36-\u00e5ring innlagt p\u00e5 sykehus med hodeskader"},{"@type":"BreadcrumbList","@id":"https:\/\/nordnesrepublikken.no\/index.php\/2026\/04\/07\/mann-pakjort-under-frieri-pa-ulovlig-biltreff-36-aring-innlagt-pa-sykehus-med-hodeskader\/#breadcrumb","itemListElement":[{"@type":"ListItem","position":1,"name":"Home","item":"https:\/\/nordnesrepublikken.no\/"},{"@type":"ListItem","position":2,"name":"Mann p\u00e5kj\u00f8rt under frieri p\u00e5 ulovlig biltreff: 36-\u00e5ring innlagt p\u00e5 sykehus med hodeskader"}]},{"@type":"WebSite","@id":"https:\/\/nordnesrepublikken.no\/#website","url":"https:\/\/nordnesrepublikken.no\/","name":"Nordnesrepublikken","description":"Stemmer og Visjoner fra Republikkens Hjerte","publisher":{"@id":"https:\/\/nordnesrepublikken.no\/#organization"},"potentialAction":[{"@type":"SearchAction","target":{"@type":"EntryPoint","urlTemplate":"https:\/\/nordnesrepublikken.no\/?s={search_term_string}"},"query-input":{"@type":"PropertyValueSpecification","valueRequired":true,"valueName":"search_term_string"}}],"inLanguage":"nb-NO"},{"@type":"Organization","@id":"https:\/\/nordnesrepublikken.no\/#organization","name":"Nordnesrepublikken","url":"https:\/\/nordnesrepublikken.no\/","logo":{"@type":"ImageObject","inLanguage":"nb-NO","@id":"https:\/\/nordnesrepublikken.no\/#\/schema\/logo\/image\/","url":"https:\/\/nordnesrepublikken.no\/wp-content\/uploads\/2025\/02\/cropped-nordnesrepublikken-2.png","contentUrl":"https:\/\/nordnesrepublikken.no\/wp-content\/uploads\/2025\/02\/cropped-nordnesrepublikken-2.png","width":1248,"height":362,"caption":"Nordnesrepublikken"},"image":{"@id":"https:\/\/nordnesrepublikken.no\/#\/schema\/logo\/image\/"}},{"@type":"Person","@id":"https:\/\/nordnesrepublikken.no\/#\/schema\/person\/2e7e81935bab77882fffb79296240ff1","name":"Ole Andersen","image":{"@type":"ImageObject","inLanguage":"nb-NO","@id":"https:\/\/nordnesrepublikken.no\/#\/schema\/person\/image\/","url":"https:\/\/nordnesrepublikken.no\/wp-content\/uploads\/2025\/02\/nordnesrepublikken-2-2-150x150.jpg","contentUrl":"https:\/\/nordnesrepublikken.no\/wp-content\/uploads\/2025\/02\/nordnesrepublikken-2-2-150x150.jpg","caption":"Ole Andersen"},"description":"Ettersom jeg vokste opp i Oslo, har jeg alltid v\u00e6rt fascinert av ordenes kraft og deres evne til \u00e5 skape endringer. Etter \u00e5 ha fullf\u00f8rt min utdannelse i kommunikasjon ved Universitetet i Bergen, fikk jeg muligheten til \u00e5 jobbe innen ulike medier, der jeg har s\u00f8kt \u00e5 belyse viktige samfunnssp\u00f8rsm\u00e5l. I dag, som redakt\u00f8r for Nordnesrepublikken, pr\u00f8ver jeg \u00e5 forene min kj\u00e6rlighet for journalistikk med min lidenskap for innovasjon og eventyr.","sameAs":["https:\/\/nordnesrepublikken.no\/"]}]}},"_links":{"self":[{"href":"https:\/\/nordnesrepublikken.no\/index.php\/wp-json\/wp\/v2\/posts\/16688","targetHints":{"allow":["GET"]}}],"collection":[{"href":"https:\/\/nordnesrepublikken.no\/index.php\/wp-json\/wp\/v2\/posts"}],"about":[{"href":"https:\/\/nordnesrepublikken.no\/index.php\/wp-json\/wp\/v2\/types\/post"}],"author":[{"embeddable":true,"href":"https:\/\/nordnesrepublikken.no\/index.php\/wp-json\/wp\/v2\/users\/1"}],"replies":[{"embeddable":true,"href":"https:\/\/nordnesrepublikken.no\/index.php\/wp-json\/wp\/v2\/comments?post=16688"}],"version-history":[{"count":1,"href":"https:\/\/nordnesrepublikken.no\/index.php\/wp-json\/wp\/v2\/posts\/16688\/revisions"}],"predecessor-version":[{"id":16690,"href":"https:\/\/nordnesrepublikken.no\/index.php\/wp-json\/wp\/v2\/posts\/16688\/revisions\/16690"}],"wp:featuredmedia":[{"embeddable":true,"href":"https:\/\/nordnesrepublikken.no\/index.php\/wp-json\/wp\/v2\/media\/16689"}],"wp:attachment":[{"href":"https:\/\/nordnesrepublikken.no\/index.php\/wp-json\/wp\/v2\/media?parent=16688"}],"wp:term":[{"taxonomy":"category","embeddable":true,"href":"https:\/\/nordnesrepublikken.no\/index.php\/wp-json\/wp\/v2\/categories?post=16688"},{"taxonomy":"post_tag","embeddable":true,"href":"https:\/\/nordnesrepublikken.no\/index.php\/wp-json\/wp\/v2\/tags?post=16688"}],"curies":[{"name":"wp","href":"https:\/\/api.w.org\/{rel}","templated":true}]}}