{"id":16676,"date":"2026-04-06T18:57:26","date_gmt":"2026-04-06T16:57:26","guid":{"rendered":"https:\/\/nordnesrepublikken.no\/index.php\/2026\/04\/06\/for-i-noen-kulturer-er-oyekontakt-ikke-velkommen\/"},"modified":"2026-04-06T18:57:29","modified_gmt":"2026-04-06T16:57:29","slug":"for-i-noen-kulturer-er-oyekontakt-ikke-velkommen","status":"publish","type":"post","link":"https:\/\/nordnesrepublikken.no\/index.php\/2026\/04\/06\/for-i-noen-kulturer-er-oyekontakt-ikke-velkommen\/","title":{"rendered":"For i noen kulturer er \u00f8yekontakt ikke velkommen"},"content":{"rendered":"<div>\n<div class=\"cp_wrapper cp_wrapper--fw mb-30 mb-20@tablet\">\n<figure class=\"mm\"><picture class=\"img\" style=\"padding-top:56.25%\"><source  media=\"(min-width: 1024px)\"><source  media=\"(min-width: 768px)\"><\/source><\/source><\/picture><\/figure>\n<\/p><\/div>\n<p>\u00d8yekontakt betraktes ofte som en <strong>universell oppf\u00f8rsel<\/strong>assosiert med <strong>oppriktighet<\/strong>, <strong>Oppmerksomhet<\/strong> Og <strong>deltakelse<\/strong>. Imidlertid viser samfunnsvitenskap hvordan <strong>blikk<\/strong> v\u00e6re en <strong>kulturregulert praksis<\/strong>a, hvis betydning varierer avhengig av de historiske, sosiale og symbolske kontekstene.<\/p>\n<p>Faktisk, i noen kulturer kan det \u00e5 holde blikket tyde p\u00e5 \u00e5penhet og p\u00e5litelighet, i andre kan det oppfattes som <strong>invasiv<\/strong>, <strong>aggressiv<\/strong> eller <strong>respektfull<\/strong>.<\/p>\n<h2>\u00d8yekontakt som kulturell konstruksjon<\/h2>\n<p>Der <strong>samhandlingssosiologi<\/strong> demonstrert hvordan <strong>blikk<\/strong> v\u00e6re en del av en <strong>komplekst system av ikke-verbale signaler<\/strong> som organiserer det sosiale livet. Spesielt sosiologen <em><strong>Erving Goffman<\/strong><\/em>  fremhevet hvordan <strong>daglige interaksjoner<\/strong> er regulert av <strong>implisitte regler<\/strong> som definerer hva som er hensiktsmessig \u00e5 vise offentlig og hva som m\u00e5 kontrolleres.<\/p>\n<p>Slik sett er \u00f8yekontakt en av de viktigste <strong>praksis for &laquo;presentasjon og eksponering av selvet&raquo;<\/strong>der individer styrer sitt sosiale image og regulerer graden av involvering i samhandling.<\/p>\n<p>Tverrkulturelle psykologistudier viser, i enda st\u00f8rre grad, at varigheten og intensiteten av blikket varierer betydelig mellom <strong>ulike populasjoner<\/strong> og er l\u00e6rt fra barndommen.<\/p>\n<p>Det som i noen samfunn tolkes som et tegn p\u00e5 oppmerksomhet kan andre steder oppfattes som et <strong>overdrevent direkte eller p\u00e5trengende oppf\u00f8rsel<\/strong>.<\/p>\n<h2>Regulering av blikket i maktforhold<\/h2>\n<p>Et tilbakevendende element i den vitenskapelige litteraturen gjelder <strong>forhold mellom \u00f8yekontakt og maktstrukturer<\/strong>.<\/p>\n<p>I sammenhenger preget av h\u00f8y <strong>hierarkisk avstand<\/strong>som fremhevet av studiene til <strong>Geert Hofstede<\/strong>nonverbal atferd har en tendens til \u00e5 reflektere <strong>respekt for autoritet og sosial orden<\/strong>.<\/p>\n<p>I ulike selskaper<strong>\u00d8st-Asia<\/strong>for eksempel lo <strong>direkte blikk<\/strong> mot en overordnet kan oppfattes som et signal om <strong>motstand<\/strong> eller mangel p\u00e5 respekt.<\/p>\n<p>Tilsvarende, i noen samfunn i<strong>Afrika s\u00f8r for Sahara<\/strong>barn er l\u00e6rt opp til <strong>ikke se voksne rett inn i \u00f8ynene<\/strong>som slik atferd kan tolkes som en form for <strong>utfordring<\/strong>.<\/p>\n<h2>Forskjeller mellom individualistiske og kollektivistiske kulturer<\/h2>\n<p>Der <strong>kulturpsykologi<\/strong> fremhevet en mulig deling mellom de s\u00e5kalte selskapene <strong>&laquo;individualistisk&raquo;<\/strong> og de <strong>&laquo;kollektivister&raquo;<\/strong>som avviker p\u00e5 grunn av ulik tilskrivning av <strong>betydning for den enkelte<\/strong>.<\/p>\n<p>Forskere liker <strong>Hassel Markus<\/strong> Og <strong>Shinobu Kitayama<\/strong> har vist at i individualistiske kulturer, <strong>personlig identitet<\/strong> er ofte tenkt som <strong>autonom og distinkt<\/strong> fra gruppen. I slike sammenhenger kan direkte blikk tolkes som <strong>tegn p\u00e5 autentisitet<\/strong>, <strong>sikkerhet<\/strong> Og <strong>\u00e5penhet<\/strong>.<\/p>\n<div class=\"cp_wrapper cp_wrapper--fw mb-50\">\n<figure class=\"mm\"><picture class=\"img\" style=\"padding-top:63.229166666667%\"><source  media=\"(min-width: 1024px)\"><source  media=\"(min-width: 768px)\"><img decoding=\"async\" loading=\"lazy\" src=\"https:\/\/nordnesrepublikken.no\/wp-content\/uploads\/2026\/04\/1775494646_463_For-i-noen-kulturer-er-oyekontakt-ikke-velkommen.jpg\" alt=\"Bilde\" width=\"1920\" height=\"1214\"\/><\/source><\/source><\/picture><\/figure>\n<\/p><\/div>\n<p>I<strong> kollektivistiske kulturer<\/strong>men identiteten er mer definert <strong>i forhold til den sosiale konteksten og forventningene til gruppen<\/strong>. I disse tilfellene kan langvarig \u00f8yekontakt oppfattes som en <strong>altfor selvsikker oppf\u00f8rsel<\/strong>s\u00e5 lenge <strong>legger vekt p\u00e5 individualitet<\/strong> p\u00e5 bekostning av relasjonell harmoni.<\/p>\n<p>Blant de samfunnene som generelt anses som individualistiske er <strong>USA, Canada, Storbritannia, Nederland, Australia og Tyskland<\/strong>der personlig autonomi og direkte uttrykk for meninger verdsettes h\u00f8yt.<\/p>\n<p>Blant samfunnene ofte beskrevet som kollektivistiske er i stedet <strong>Japan, Kina, S\u00f8r-Korea, Vietnam, Indonesia<\/strong> og mange land<strong>Afrika s\u00f8r for Sahara<\/strong> og av<strong>Latin-Amerika<\/strong>der gruppeharmoni, respekt for sosiale roller og indirekte kommunikasjon har en tendens til \u00e5 prioriteres.<\/p>\n<h2>Implikasjoner for interkulturell kommunikasjon<\/h2>\n<p>Der <strong>kulturell variasjon<\/strong> av \u00f8yekontakt, mellom individualistiske eller mer kollektivistiske samfunn, har <strong>implikasjoner<\/strong> betydelig p\u00e5 omr\u00e5der som f.eks <strong>utdanning, internasjonalt samarbeid, diplomati og flerkulturelle arbeidssammenhenger<\/strong>.<\/p>\n<p>Misforst\u00e5elser knyttet til blikk kan p\u00e5virke oppfatningen av p\u00e5litelighet, kompetanse eller interesse, bidra til <strong>dannelse av stereotypier eller implisitte skjevheter<\/strong>.<\/p>\n<p>Studier av <strong>interkulturell pragmatikk<\/strong> synliggj\u00f8re hvordan fagpersoner som opererer i internasjonale sammenhenger av disse grunner m\u00e5 utvikle seg <strong>observasjons- og tilpasningsevner<\/strong> Til <strong>tolke<\/strong> riktig og <strong>reprodusere<\/strong> i sin tur de ikke-verbale signalene.<\/p>\n<p>Der <strong>bevissthet om kulturelle forskjeller<\/strong> det lar oss unng\u00e5 automatiske tolkninger og erkjenne at tilsynelatende lik atferd kan ha forskjellige betydninger. \u00c5 forst\u00e5 blikkets kulturelle dimensjon bidrar derfor til <strong>fremme mer effektive, respektfulle og inkluderende samhandlinger<\/strong> i et stadig mer sammenkoblet samfunn.<\/p>\n<div class=\"cp_wrapper  mb-50   \">\n<div class=\"cbx\">\n<div class=\"cbx__collection\">\n<p>Kilder<\/p>\n<div class=\"cbx__sources\">\n<p>Argyle M. &#038; Cook M. (1976). &laquo;Blikk og gjensidig blikk&raquo;<\/p>\n<p>Markus H. R. &#038; Kitayama S. (1991). &laquo;Kultur og selvet: Implikasjoner for kognisjon, f\u00f8lelser og motivasjon&raquo;<\/p>\n<p>Goffman E. (1959). &laquo;Presentasjonen av selvet i hverdagen&raquo;<\/p>\n<\/p><\/div>\n<\/p><\/div>\n<\/p><\/div>\n<\/div><\/div>\n","protected":false},"excerpt":{"rendered":"<p>\u00d8yekontakt betraktes ofte som en universell oppf\u00f8rselassosiert med oppriktighet, Oppmerksomhet Og deltakelse. Imidlertid viser samfunnsvitenskap<\/p>\n","protected":false},"author":1,"featured_media":16677,"comment_status":"closed","ping_status":"open","sticky":false,"template":"","format":"standard","meta":{"footnotes":""},"categories":[104],"tags":[187,4863,676,10783,7383],"class_list":["post-16676","post","type-post","status-publish","format-standard","has-post-thumbnail","hentry","category-samfunn","tag-ikke","tag-kulturer","tag-noen","tag-oyekontakt","tag-velkommen","generate-columns","tablet-grid-50","mobile-grid-100","grid-parent","grid-33","resize-featured-image"],"yoast_head":"<!-- This site is optimized with the Yoast SEO plugin v24.4 - https:\/\/yoast.com\/wordpress\/plugins\/seo\/ -->\n<title>For i noen kulturer er \u00f8yekontakt ikke velkommen - Nordnesrepublikken<\/title>\n<meta name=\"robots\" content=\"index, follow, max-snippet:-1, max-image-preview:large, max-video-preview:-1\" \/>\n<link rel=\"canonical\" href=\"https:\/\/nordnesrepublikken.no\/index.php\/2026\/04\/06\/for-i-noen-kulturer-er-oyekontakt-ikke-velkommen\/\" \/>\n<meta property=\"og:locale\" content=\"nb_NO\" \/>\n<meta property=\"og:type\" content=\"article\" \/>\n<meta property=\"og:title\" content=\"For i noen kulturer er \u00f8yekontakt ikke velkommen - Nordnesrepublikken\" \/>\n<meta property=\"og:description\" content=\"\u00d8yekontakt betraktes ofte som en universell oppf\u00f8rselassosiert med oppriktighet, Oppmerksomhet Og deltakelse. Imidlertid viser samfunnsvitenskap\" \/>\n<meta property=\"og:url\" content=\"https:\/\/nordnesrepublikken.no\/index.php\/2026\/04\/06\/for-i-noen-kulturer-er-oyekontakt-ikke-velkommen\/\" \/>\n<meta property=\"og:site_name\" content=\"Nordnesrepublikken\" \/>\n<meta property=\"article:published_time\" content=\"2026-04-06T16:57:26+00:00\" \/>\n<meta property=\"article:modified_time\" content=\"2026-04-06T16:57:29+00:00\" \/>\n<meta property=\"og:image\" content=\"https:\/\/nordnesrepublikken.no\/wp-content\/uploads\/2026\/04\/1775494648_For-i-noen-kulturer-er-oyekontakt-ikke-velkommen.jpg\" \/>\n\t<meta property=\"og:image:width\" content=\"1920\" \/>\n\t<meta property=\"og:image:height\" content=\"1280\" \/>\n\t<meta property=\"og:image:type\" content=\"image\/jpeg\" \/>\n<meta name=\"author\" content=\"Ole Andersen\" \/>\n<meta name=\"twitter:card\" content=\"summary_large_image\" \/>\n<meta name=\"twitter:label1\" content=\"Skrevet av\" \/>\n\t<meta name=\"twitter:data1\" content=\"Ole Andersen\" \/>\n\t<meta name=\"twitter:label2\" content=\"Ansl. lesetid\" \/>\n\t<meta name=\"twitter:data2\" content=\"3 minutter\" \/>\n<script type=\"application\/ld+json\" class=\"yoast-schema-graph\">{\"@context\":\"https:\/\/schema.org\",\"@graph\":[{\"@type\":\"Article\",\"@id\":\"https:\/\/nordnesrepublikken.no\/index.php\/2026\/04\/06\/for-i-noen-kulturer-er-oyekontakt-ikke-velkommen\/#article\",\"isPartOf\":{\"@id\":\"https:\/\/nordnesrepublikken.no\/index.php\/2026\/04\/06\/for-i-noen-kulturer-er-oyekontakt-ikke-velkommen\/\"},\"author\":{\"name\":\"Ole Andersen\",\"@id\":\"https:\/\/nordnesrepublikken.no\/#\/schema\/person\/2e7e81935bab77882fffb79296240ff1\"},\"headline\":\"For i noen kulturer er \u00f8yekontakt ikke velkommen\",\"datePublished\":\"2026-04-06T16:57:26+00:00\",\"dateModified\":\"2026-04-06T16:57:29+00:00\",\"mainEntityOfPage\":{\"@id\":\"https:\/\/nordnesrepublikken.no\/index.php\/2026\/04\/06\/for-i-noen-kulturer-er-oyekontakt-ikke-velkommen\/\"},\"wordCount\":623,\"publisher\":{\"@id\":\"https:\/\/nordnesrepublikken.no\/#organization\"},\"image\":{\"@id\":\"https:\/\/nordnesrepublikken.no\/index.php\/2026\/04\/06\/for-i-noen-kulturer-er-oyekontakt-ikke-velkommen\/#primaryimage\"},\"thumbnailUrl\":\"https:\/\/nordnesrepublikken.no\/wp-content\/uploads\/2026\/04\/1775494648_For-i-noen-kulturer-er-oyekontakt-ikke-velkommen.jpg\",\"keywords\":[\"ikke\",\"kulturer\",\"noen\",\"\u00f8yekontakt\",\"Velkommen\"],\"articleSection\":[\"Samfunn\"],\"inLanguage\":\"nb-NO\"},{\"@type\":\"WebPage\",\"@id\":\"https:\/\/nordnesrepublikken.no\/index.php\/2026\/04\/06\/for-i-noen-kulturer-er-oyekontakt-ikke-velkommen\/\",\"url\":\"https:\/\/nordnesrepublikken.no\/index.php\/2026\/04\/06\/for-i-noen-kulturer-er-oyekontakt-ikke-velkommen\/\",\"name\":\"For i noen kulturer er \u00f8yekontakt ikke velkommen - Nordnesrepublikken\",\"isPartOf\":{\"@id\":\"https:\/\/nordnesrepublikken.no\/#website\"},\"primaryImageOfPage\":{\"@id\":\"https:\/\/nordnesrepublikken.no\/index.php\/2026\/04\/06\/for-i-noen-kulturer-er-oyekontakt-ikke-velkommen\/#primaryimage\"},\"image\":{\"@id\":\"https:\/\/nordnesrepublikken.no\/index.php\/2026\/04\/06\/for-i-noen-kulturer-er-oyekontakt-ikke-velkommen\/#primaryimage\"},\"thumbnailUrl\":\"https:\/\/nordnesrepublikken.no\/wp-content\/uploads\/2026\/04\/1775494648_For-i-noen-kulturer-er-oyekontakt-ikke-velkommen.jpg\",\"datePublished\":\"2026-04-06T16:57:26+00:00\",\"dateModified\":\"2026-04-06T16:57:29+00:00\",\"breadcrumb\":{\"@id\":\"https:\/\/nordnesrepublikken.no\/index.php\/2026\/04\/06\/for-i-noen-kulturer-er-oyekontakt-ikke-velkommen\/#breadcrumb\"},\"inLanguage\":\"nb-NO\",\"potentialAction\":[{\"@type\":\"ReadAction\",\"target\":[\"https:\/\/nordnesrepublikken.no\/index.php\/2026\/04\/06\/for-i-noen-kulturer-er-oyekontakt-ikke-velkommen\/\"]}]},{\"@type\":\"ImageObject\",\"inLanguage\":\"nb-NO\",\"@id\":\"https:\/\/nordnesrepublikken.no\/index.php\/2026\/04\/06\/for-i-noen-kulturer-er-oyekontakt-ikke-velkommen\/#primaryimage\",\"url\":\"https:\/\/nordnesrepublikken.no\/wp-content\/uploads\/2026\/04\/1775494648_For-i-noen-kulturer-er-oyekontakt-ikke-velkommen.jpg\",\"contentUrl\":\"https:\/\/nordnesrepublikken.no\/wp-content\/uploads\/2026\/04\/1775494648_For-i-noen-kulturer-er-oyekontakt-ikke-velkommen.jpg\",\"width\":1920,\"height\":1280,\"caption\":\"For i noen kulturer er \u00f8yekontakt ikke velkommen\"},{\"@type\":\"BreadcrumbList\",\"@id\":\"https:\/\/nordnesrepublikken.no\/index.php\/2026\/04\/06\/for-i-noen-kulturer-er-oyekontakt-ikke-velkommen\/#breadcrumb\",\"itemListElement\":[{\"@type\":\"ListItem\",\"position\":1,\"name\":\"Home\",\"item\":\"https:\/\/nordnesrepublikken.no\/\"},{\"@type\":\"ListItem\",\"position\":2,\"name\":\"For i noen kulturer er \u00f8yekontakt ikke velkommen\"}]},{\"@type\":\"WebSite\",\"@id\":\"https:\/\/nordnesrepublikken.no\/#website\",\"url\":\"https:\/\/nordnesrepublikken.no\/\",\"name\":\"Nordnesrepublikken\",\"description\":\"Stemmer og Visjoner fra Republikkens Hjerte\",\"publisher\":{\"@id\":\"https:\/\/nordnesrepublikken.no\/#organization\"},\"potentialAction\":[{\"@type\":\"SearchAction\",\"target\":{\"@type\":\"EntryPoint\",\"urlTemplate\":\"https:\/\/nordnesrepublikken.no\/?s={search_term_string}\"},\"query-input\":{\"@type\":\"PropertyValueSpecification\",\"valueRequired\":true,\"valueName\":\"search_term_string\"}}],\"inLanguage\":\"nb-NO\"},{\"@type\":\"Organization\",\"@id\":\"https:\/\/nordnesrepublikken.no\/#organization\",\"name\":\"Nordnesrepublikken\",\"url\":\"https:\/\/nordnesrepublikken.no\/\",\"logo\":{\"@type\":\"ImageObject\",\"inLanguage\":\"nb-NO\",\"@id\":\"https:\/\/nordnesrepublikken.no\/#\/schema\/logo\/image\/\",\"url\":\"https:\/\/nordnesrepublikken.no\/wp-content\/uploads\/2025\/02\/cropped-nordnesrepublikken-2.png\",\"contentUrl\":\"https:\/\/nordnesrepublikken.no\/wp-content\/uploads\/2025\/02\/cropped-nordnesrepublikken-2.png\",\"width\":1248,\"height\":362,\"caption\":\"Nordnesrepublikken\"},\"image\":{\"@id\":\"https:\/\/nordnesrepublikken.no\/#\/schema\/logo\/image\/\"}},{\"@type\":\"Person\",\"@id\":\"https:\/\/nordnesrepublikken.no\/#\/schema\/person\/2e7e81935bab77882fffb79296240ff1\",\"name\":\"Ole Andersen\",\"image\":{\"@type\":\"ImageObject\",\"inLanguage\":\"nb-NO\",\"@id\":\"https:\/\/nordnesrepublikken.no\/#\/schema\/person\/image\/\",\"url\":\"https:\/\/nordnesrepublikken.no\/wp-content\/uploads\/2025\/02\/nordnesrepublikken-2-2-150x150.jpg\",\"contentUrl\":\"https:\/\/nordnesrepublikken.no\/wp-content\/uploads\/2025\/02\/nordnesrepublikken-2-2-150x150.jpg\",\"caption\":\"Ole Andersen\"},\"description\":\"Ettersom jeg vokste opp i Oslo, har jeg alltid v\u00e6rt fascinert av ordenes kraft og deres evne til \u00e5 skape endringer. Etter \u00e5 ha fullf\u00f8rt min utdannelse i kommunikasjon ved Universitetet i Bergen, fikk jeg muligheten til \u00e5 jobbe innen ulike medier, der jeg har s\u00f8kt \u00e5 belyse viktige samfunnssp\u00f8rsm\u00e5l. I dag, som redakt\u00f8r for Nordnesrepublikken, pr\u00f8ver jeg \u00e5 forene min kj\u00e6rlighet for journalistikk med min lidenskap for innovasjon og eventyr.\",\"sameAs\":[\"https:\/\/nordnesrepublikken.no\/\"]}]}<\/script>\n<!-- \/ Yoast SEO plugin. -->","yoast_head_json":{"title":"For i noen kulturer er \u00f8yekontakt ikke velkommen - Nordnesrepublikken","robots":{"index":"index","follow":"follow","max-snippet":"max-snippet:-1","max-image-preview":"max-image-preview:large","max-video-preview":"max-video-preview:-1"},"canonical":"https:\/\/nordnesrepublikken.no\/index.php\/2026\/04\/06\/for-i-noen-kulturer-er-oyekontakt-ikke-velkommen\/","og_locale":"nb_NO","og_type":"article","og_title":"For i noen kulturer er \u00f8yekontakt ikke velkommen - Nordnesrepublikken","og_description":"\u00d8yekontakt betraktes ofte som en universell oppf\u00f8rselassosiert med oppriktighet, Oppmerksomhet Og deltakelse. Imidlertid viser samfunnsvitenskap","og_url":"https:\/\/nordnesrepublikken.no\/index.php\/2026\/04\/06\/for-i-noen-kulturer-er-oyekontakt-ikke-velkommen\/","og_site_name":"Nordnesrepublikken","article_published_time":"2026-04-06T16:57:26+00:00","article_modified_time":"2026-04-06T16:57:29+00:00","og_image":[{"width":1920,"height":1280,"url":"https:\/\/nordnesrepublikken.no\/wp-content\/uploads\/2026\/04\/1775494648_For-i-noen-kulturer-er-oyekontakt-ikke-velkommen.jpg","type":"image\/jpeg"}],"author":"Ole Andersen","twitter_card":"summary_large_image","twitter_misc":{"Skrevet av":"Ole Andersen","Ansl. lesetid":"3 minutter"},"schema":{"@context":"https:\/\/schema.org","@graph":[{"@type":"Article","@id":"https:\/\/nordnesrepublikken.no\/index.php\/2026\/04\/06\/for-i-noen-kulturer-er-oyekontakt-ikke-velkommen\/#article","isPartOf":{"@id":"https:\/\/nordnesrepublikken.no\/index.php\/2026\/04\/06\/for-i-noen-kulturer-er-oyekontakt-ikke-velkommen\/"},"author":{"name":"Ole Andersen","@id":"https:\/\/nordnesrepublikken.no\/#\/schema\/person\/2e7e81935bab77882fffb79296240ff1"},"headline":"For i noen kulturer er \u00f8yekontakt ikke velkommen","datePublished":"2026-04-06T16:57:26+00:00","dateModified":"2026-04-06T16:57:29+00:00","mainEntityOfPage":{"@id":"https:\/\/nordnesrepublikken.no\/index.php\/2026\/04\/06\/for-i-noen-kulturer-er-oyekontakt-ikke-velkommen\/"},"wordCount":623,"publisher":{"@id":"https:\/\/nordnesrepublikken.no\/#organization"},"image":{"@id":"https:\/\/nordnesrepublikken.no\/index.php\/2026\/04\/06\/for-i-noen-kulturer-er-oyekontakt-ikke-velkommen\/#primaryimage"},"thumbnailUrl":"https:\/\/nordnesrepublikken.no\/wp-content\/uploads\/2026\/04\/1775494648_For-i-noen-kulturer-er-oyekontakt-ikke-velkommen.jpg","keywords":["ikke","kulturer","noen","\u00f8yekontakt","Velkommen"],"articleSection":["Samfunn"],"inLanguage":"nb-NO"},{"@type":"WebPage","@id":"https:\/\/nordnesrepublikken.no\/index.php\/2026\/04\/06\/for-i-noen-kulturer-er-oyekontakt-ikke-velkommen\/","url":"https:\/\/nordnesrepublikken.no\/index.php\/2026\/04\/06\/for-i-noen-kulturer-er-oyekontakt-ikke-velkommen\/","name":"For i noen kulturer er \u00f8yekontakt ikke velkommen - Nordnesrepublikken","isPartOf":{"@id":"https:\/\/nordnesrepublikken.no\/#website"},"primaryImageOfPage":{"@id":"https:\/\/nordnesrepublikken.no\/index.php\/2026\/04\/06\/for-i-noen-kulturer-er-oyekontakt-ikke-velkommen\/#primaryimage"},"image":{"@id":"https:\/\/nordnesrepublikken.no\/index.php\/2026\/04\/06\/for-i-noen-kulturer-er-oyekontakt-ikke-velkommen\/#primaryimage"},"thumbnailUrl":"https:\/\/nordnesrepublikken.no\/wp-content\/uploads\/2026\/04\/1775494648_For-i-noen-kulturer-er-oyekontakt-ikke-velkommen.jpg","datePublished":"2026-04-06T16:57:26+00:00","dateModified":"2026-04-06T16:57:29+00:00","breadcrumb":{"@id":"https:\/\/nordnesrepublikken.no\/index.php\/2026\/04\/06\/for-i-noen-kulturer-er-oyekontakt-ikke-velkommen\/#breadcrumb"},"inLanguage":"nb-NO","potentialAction":[{"@type":"ReadAction","target":["https:\/\/nordnesrepublikken.no\/index.php\/2026\/04\/06\/for-i-noen-kulturer-er-oyekontakt-ikke-velkommen\/"]}]},{"@type":"ImageObject","inLanguage":"nb-NO","@id":"https:\/\/nordnesrepublikken.no\/index.php\/2026\/04\/06\/for-i-noen-kulturer-er-oyekontakt-ikke-velkommen\/#primaryimage","url":"https:\/\/nordnesrepublikken.no\/wp-content\/uploads\/2026\/04\/1775494648_For-i-noen-kulturer-er-oyekontakt-ikke-velkommen.jpg","contentUrl":"https:\/\/nordnesrepublikken.no\/wp-content\/uploads\/2026\/04\/1775494648_For-i-noen-kulturer-er-oyekontakt-ikke-velkommen.jpg","width":1920,"height":1280,"caption":"For i noen kulturer er \u00f8yekontakt ikke velkommen"},{"@type":"BreadcrumbList","@id":"https:\/\/nordnesrepublikken.no\/index.php\/2026\/04\/06\/for-i-noen-kulturer-er-oyekontakt-ikke-velkommen\/#breadcrumb","itemListElement":[{"@type":"ListItem","position":1,"name":"Home","item":"https:\/\/nordnesrepublikken.no\/"},{"@type":"ListItem","position":2,"name":"For i noen kulturer er \u00f8yekontakt ikke velkommen"}]},{"@type":"WebSite","@id":"https:\/\/nordnesrepublikken.no\/#website","url":"https:\/\/nordnesrepublikken.no\/","name":"Nordnesrepublikken","description":"Stemmer og Visjoner fra Republikkens Hjerte","publisher":{"@id":"https:\/\/nordnesrepublikken.no\/#organization"},"potentialAction":[{"@type":"SearchAction","target":{"@type":"EntryPoint","urlTemplate":"https:\/\/nordnesrepublikken.no\/?s={search_term_string}"},"query-input":{"@type":"PropertyValueSpecification","valueRequired":true,"valueName":"search_term_string"}}],"inLanguage":"nb-NO"},{"@type":"Organization","@id":"https:\/\/nordnesrepublikken.no\/#organization","name":"Nordnesrepublikken","url":"https:\/\/nordnesrepublikken.no\/","logo":{"@type":"ImageObject","inLanguage":"nb-NO","@id":"https:\/\/nordnesrepublikken.no\/#\/schema\/logo\/image\/","url":"https:\/\/nordnesrepublikken.no\/wp-content\/uploads\/2025\/02\/cropped-nordnesrepublikken-2.png","contentUrl":"https:\/\/nordnesrepublikken.no\/wp-content\/uploads\/2025\/02\/cropped-nordnesrepublikken-2.png","width":1248,"height":362,"caption":"Nordnesrepublikken"},"image":{"@id":"https:\/\/nordnesrepublikken.no\/#\/schema\/logo\/image\/"}},{"@type":"Person","@id":"https:\/\/nordnesrepublikken.no\/#\/schema\/person\/2e7e81935bab77882fffb79296240ff1","name":"Ole Andersen","image":{"@type":"ImageObject","inLanguage":"nb-NO","@id":"https:\/\/nordnesrepublikken.no\/#\/schema\/person\/image\/","url":"https:\/\/nordnesrepublikken.no\/wp-content\/uploads\/2025\/02\/nordnesrepublikken-2-2-150x150.jpg","contentUrl":"https:\/\/nordnesrepublikken.no\/wp-content\/uploads\/2025\/02\/nordnesrepublikken-2-2-150x150.jpg","caption":"Ole Andersen"},"description":"Ettersom jeg vokste opp i Oslo, har jeg alltid v\u00e6rt fascinert av ordenes kraft og deres evne til \u00e5 skape endringer. Etter \u00e5 ha fullf\u00f8rt min utdannelse i kommunikasjon ved Universitetet i Bergen, fikk jeg muligheten til \u00e5 jobbe innen ulike medier, der jeg har s\u00f8kt \u00e5 belyse viktige samfunnssp\u00f8rsm\u00e5l. I dag, som redakt\u00f8r for Nordnesrepublikken, pr\u00f8ver jeg \u00e5 forene min kj\u00e6rlighet for journalistikk med min lidenskap for innovasjon og eventyr.","sameAs":["https:\/\/nordnesrepublikken.no\/"]}]}},"_links":{"self":[{"href":"https:\/\/nordnesrepublikken.no\/index.php\/wp-json\/wp\/v2\/posts\/16676","targetHints":{"allow":["GET"]}}],"collection":[{"href":"https:\/\/nordnesrepublikken.no\/index.php\/wp-json\/wp\/v2\/posts"}],"about":[{"href":"https:\/\/nordnesrepublikken.no\/index.php\/wp-json\/wp\/v2\/types\/post"}],"author":[{"embeddable":true,"href":"https:\/\/nordnesrepublikken.no\/index.php\/wp-json\/wp\/v2\/users\/1"}],"replies":[{"embeddable":true,"href":"https:\/\/nordnesrepublikken.no\/index.php\/wp-json\/wp\/v2\/comments?post=16676"}],"version-history":[{"count":1,"href":"https:\/\/nordnesrepublikken.no\/index.php\/wp-json\/wp\/v2\/posts\/16676\/revisions"}],"predecessor-version":[{"id":16678,"href":"https:\/\/nordnesrepublikken.no\/index.php\/wp-json\/wp\/v2\/posts\/16676\/revisions\/16678"}],"wp:featuredmedia":[{"embeddable":true,"href":"https:\/\/nordnesrepublikken.no\/index.php\/wp-json\/wp\/v2\/media\/16677"}],"wp:attachment":[{"href":"https:\/\/nordnesrepublikken.no\/index.php\/wp-json\/wp\/v2\/media?parent=16676"}],"wp:term":[{"taxonomy":"category","embeddable":true,"href":"https:\/\/nordnesrepublikken.no\/index.php\/wp-json\/wp\/v2\/categories?post=16676"},{"taxonomy":"post_tag","embeddable":true,"href":"https:\/\/nordnesrepublikken.no\/index.php\/wp-json\/wp\/v2\/tags?post=16676"}],"curies":[{"name":"wp","href":"https:\/\/api.w.org\/{rel}","templated":true}]}}