{"id":16670,"date":"2026-04-06T16:54:38","date_gmt":"2026-04-06T14:54:38","guid":{"rendered":"https:\/\/nordnesrepublikken.no\/index.php\/2026\/04\/06\/tusenvis-strandet-da-1475-fly-forsinket-og-172-kansellert-over-hele-europa\/"},"modified":"2026-04-06T16:54:41","modified_gmt":"2026-04-06T14:54:41","slug":"tusenvis-strandet-da-1475-fly-forsinket-og-172-kansellert-over-hele-europa","status":"publish","type":"post","link":"https:\/\/nordnesrepublikken.no\/index.php\/2026\/04\/06\/tusenvis-strandet-da-1475-fly-forsinket-og-172-kansellert-over-hele-europa\/","title":{"rendered":"Tusenvis strandet da 1475 fly forsinket og 172 kansellert over hele Europa"},"content":{"rendered":"<p><\/p>\n<div class=\"wordpress-content\">\n                    <!-- Article Start --><\/p>\n<p class=\"p1\">Flyreiser over hele Europa har kommet under press ettersom forstyrrelser i flyrutene fortsetter \u00e5 p\u00e5virke flere land. Det som begynte som forsinkelser innenfor deler av nettverket, har utviklet seg til et bredere operasjonelt problem, med passasjerer over flere regioner som opplever forstyrrelser p\u00e5 sine reiser.<\/p>\n<p class=\"p1\">Tusenvis av passasjerer har blitt strandet ettersom 1475 fly er forsinket og ytterligere 172 kansellert i l\u00f8pet av kort tid. Forstyrrelsen har p\u00e5virket Spania, England, Italia, Norge, Danmark, Sverige og Nederland, og har gitt belastning p\u00e5 viktige flyreisekorridorer over hele kontinentet.<\/p>\n<h2 class=\"p2\">Forsinkelser og kanselleringer p\u00e5virker flere land og store flyselskaper<\/h2>\n<p class=\"p1\"><strong>Flyselskaper som er ber\u00f8rt inkluderer blant annet ITA Airways, Vueling, KLM, Scandinavian Airlines (SAS) og Ryanair<\/strong>. Omfanget av avbruddet har gjort det vanskelig for transport\u00f8rer \u00e5 opprettholde planlagte operasjoner, spesielt p\u00e5 ruter som involverer forbindelser mellom st\u00f8rre byer.<\/p>\n<div class=\"sra_unit\"><link rel=\"stylesheet\" id=\"block-sra\" href=\"https:\/\/euroweeklynews.com\/wp-content\/plugins\/snack-related-articles\/dist\/css\/snack-related.min.css?250312-193541\" type=\"text\/css\" media=\"all\">\n<\/div>\n<p class=\"p1\">Den n\u00f8yaktige \u00e5rsaken til forstyrrelsen er ikke formelt bekreftet. Imidlertid indikerer m\u00f8nsteret av forsinkelser at innledende operasjonelle problemer i nettverket f\u00f8rte til at fly og mannskap var ute av posisjon, med forstyrrelser som \u00f8kte etter hvert som tidsplanene falt etter.<\/p>\n<p class=\"p1\">Passasjerer som reiser gjennom sentrale knutepunkter har m\u00f8tt usikkerhet ettersom avgangstider har endret seg og kanselleringer er bekreftet p\u00e5 kort varsel. B\u00e5de kortdistanse og lengre intra-europeiske ruter har blitt rammet.<\/p>\n<h2 class=\"p2\">Store flyplasser opplever driftsmessige belastninger<\/h2>\n<p class=\"p1\">Flyplasser i Madrid, London og Roma har v\u00e6rt blant de mest ber\u00f8rte, med forsinkelser og kanselleringer som har f\u00f8rt til overbelastning i terminaler og ved avgangsgatene. Reisende har rapportert om lengre ventetider, tapte forbindelser og begrenset tilgjengelighet av alternative flyreiser.<\/p>\n<p class=\"p1\">Forstyrrelsen har ikke holdt seg begrenset til disse stedene. P\u00e5 grunn av den sammenhengende karakteren til europeiske flyreiser, har forsinkelser p\u00e5 \u00e9n flyplass p\u00e5virket driften andre steder. Fly som ankom for sent har ikke v\u00e6rt i stand til \u00e5 reise i tide, mens mannskapsrotasjoner ogs\u00e5 har blitt forstyrret.<\/p>\n<p class=\"p1\">Flyplasser i Amsterdam, Oslo, K\u00f8benhavn og Stockholm har opplevd ringvirkninger, noe som utvider forstyrrelsene i Nord- og Sentral-Europa.<\/p>\n<h2 class=\"p2\">Flyselskaper st\u00e5r overfor planleggingsutfordringer<\/h2>\n<p class=\"p1\"><strong>Flyselskaper har blitt p\u00e5lagt \u00e5 justere rutetider p\u00e5 kort varsel ettersom forsinkelser har akkumulert<\/strong>. I mange tilfeller har ikke fly og mannskap v\u00e6rt i sine forventede posisjoner, noe som gj\u00f8r det vanskelig \u00e5 opprettholde planlagte operasjoner.<\/p>\n<p class=\"p1\">B\u00e5de lavpris- og fullserviceselskaper har blitt rammet. Fly som opererer flere ruter i l\u00f8pet av dagen har f\u00f8rt forsinkelser fremover, noe som bidrar til ytterligere forstyrrelser senere i tidsplanene. I noen tilfeller har avbestillinger v\u00e6rt n\u00f8dvendig der gjenoppretting innen samme dag ikke har v\u00e6rt mulig.<\/p>\n<p class=\"p1\">Passasjerer som fors\u00f8ker \u00e5 ombooke har m\u00f8tt begrenset tilgjengelighet, spesielt p\u00e5 ofte brukte ruter. Noen reisende har blitt p\u00e5lagt \u00e5 vente til neste dag eller senere for \u00e5 fortsette reisen.<\/p>\n<h2 class=\"p2\">Passasjerer rapporterer forstyrrelser i reiseplanene<\/h2>\n<p class=\"p1\">Reisende p\u00e5 tvers av de ber\u00f8rte regionene har opplevd forstyrrelser p\u00e5 b\u00e5de forretningsreiser og personlige reiser. Tapte forbindelser har forlenget reisetid, mens noen passasjerer har hatt behov for \u00e5 ordne overnatting.<\/p>\n<p class=\"p1\">Flyselskaper har gitt assistanse i tr\u00e5d med standardprosedyrer, inkludert ombookingsmuligheter og, der det er aktuelt, st\u00f8tte med overnatting. Antall ber\u00f8rte passasjerer har imidlertid lagt press p\u00e5 kundeserviceressursene.<\/p>\n<p class=\"p1\">Forstyrrelsen har ogs\u00e5 p\u00e5virket innkommende tjenester, med passasjerer som reiser inn i Europa som har st\u00f8tt p\u00e5 forsinkelser f\u00f8r avgang eller ved ankomst.<\/p>\n<h2 class=\"p2\">Nettverkseffekter utvider forstyrrelser over landegrensene<\/h2>\n<p class=\"p1\">Europeiske flyreiser fungerer som et tett sammenkoblet nettverk, med mange ruter avhengig av n\u00f8yaktig timing. N\u00e5r forsinkelser oppst\u00e5r ved store knutepunkter, kan effektene spre seg over flere land.<\/p>\n<p class=\"p1\">Flyreiser med avgang fra Spania eller Italia er ofte avhengige av fly som ankommer fra Nord-Europa tidligere p\u00e5 dagen. N\u00e5r disse innkommende flyvningene er forsinket, p\u00e5virkes ogs\u00e5 p\u00e5f\u00f8lgende avganger. Denne kjedereaksjonen har bidratt til omfanget av observerte forstyrrelser.<\/p>\n<p class=\"p1\">Overbelastning av luftrommet har gitt ytterligere kompleksitet, spesielt i travle regioner som Storbritannia og Sentral-Europa. Kravene til lufttrafikkstyring har begrenset antall flyreiser som kan operere etter planen.<\/p>\n<h2 class=\"p2\">P\u00e5g\u00e5ende p\u00e5virknings- og gjenopprettingsarbeid<\/h2>\n<p class=\"p1\">Flyselskaper og flyplasser har jobbet for \u00e5 gjenopprette normal drift, selv om gjenoppretting etter forstyrrelser i denne skalaen kan ta tid. Fly og mannskaper m\u00e5 omplasseres, og rutetider g\u00e5r gradvis tilbake til normalen over p\u00e5f\u00f8lgende flyrotasjoner.<\/p>\n<p class=\"p1\">Passasjerer har blitt bedt om \u00e5 sjekke flystatusoppdateringer og gi ekstra tid til reise mens driften stabiliserer seg. Flyselskaper fortsetter \u00e5 overv\u00e5ke forholdene og gj\u00f8re justeringer der det er n\u00f8dvendig.<\/p>\n<p class=\"p1\"><strong>Mens forsinkelser og kanselleringer forekommer innen luftfart, gjenspeiler antallet registrert i dette tilfellet avbrudd<\/strong> p\u00e5virker flere land samtidig. Situasjonen viser hvordan operasjonelle problemer i en del av nettverket kan p\u00e5virke reiser over hele kontinentet.<\/p>\n<h2 class=\"p2\">Bredere implikasjoner for europeiske reiser<\/h2>\n<p class=\"p1\">Avbruddet fremhever f\u00f8lsomheten til stramt planlagte flyreisesystemer for driftstrykk. Med h\u00f8ye passasjervolum og begrenset fleksibilitet kan selv kortsiktige problemer f\u00e5 st\u00f8rre konsekvenser.<\/p>\n<p class=\"p1\">Etter hvert som tjenestene g\u00e5r tilbake til det normale, forventes de umiddelbare effektene \u00e5 avta. Hendelsen understreker imidlertid kompleksiteten ved \u00e5 administrere flyreiser p\u00e5 tvers av flere land og transport\u00f8rer innenfor et delt nettverk.<\/p>\n<p>                    <!-- Originally published at https:\/\/euroweeklynews.com\/2026\/04\/06\/thousands-stranded-as-1475-flights-delayed-and-172-cancelled-across-europe\/ on 06 Apr 2026 at 16:33 by Molly Grace --><br \/>\n                    <!-- Article End -->\n                <\/div>\n","protected":false},"excerpt":{"rendered":"<p>Flyreiser over hele Europa har kommet under press ettersom forstyrrelser i flyrutene fortsetter \u00e5 p\u00e5virke<\/p>\n","protected":false},"author":1,"featured_media":16671,"comment_status":"closed","ping_status":"open","sticky":false,"template":"","format":"standard","meta":{"footnotes":""},"categories":[105],"tags":[642,618,9050,3372,3662,5467,1928],"class_list":["post-16670","post","type-post","status-publish","format-standard","has-post-thumbnail","hentry","category-livsstil","tag-europa","tag-fly","tag-forsinket","tag-hele","tag-kansellert","tag-strandet","tag-tusenvis","generate-columns","tablet-grid-50","mobile-grid-100","grid-parent","grid-33","resize-featured-image"],"yoast_head":"<!-- This site is optimized with the Yoast SEO plugin v24.4 - https:\/\/yoast.com\/wordpress\/plugins\/seo\/ -->\n<title>Tusenvis strandet da 1475 fly forsinket og 172 kansellert over hele Europa - Nordnesrepublikken<\/title>\n<meta name=\"robots\" content=\"index, follow, max-snippet:-1, max-image-preview:large, max-video-preview:-1\" \/>\n<link rel=\"canonical\" href=\"https:\/\/nordnesrepublikken.no\/index.php\/2026\/04\/06\/tusenvis-strandet-da-1475-fly-forsinket-og-172-kansellert-over-hele-europa\/\" \/>\n<meta property=\"og:locale\" content=\"nb_NO\" \/>\n<meta property=\"og:type\" content=\"article\" \/>\n<meta property=\"og:title\" content=\"Tusenvis strandet da 1475 fly forsinket og 172 kansellert over hele Europa - Nordnesrepublikken\" \/>\n<meta property=\"og:description\" content=\"Flyreiser over hele Europa har kommet under press ettersom forstyrrelser i flyrutene fortsetter \u00e5 p\u00e5virke\" \/>\n<meta property=\"og:url\" content=\"https:\/\/nordnesrepublikken.no\/index.php\/2026\/04\/06\/tusenvis-strandet-da-1475-fly-forsinket-og-172-kansellert-over-hele-europa\/\" \/>\n<meta property=\"og:site_name\" content=\"Nordnesrepublikken\" \/>\n<meta property=\"article:published_time\" content=\"2026-04-06T14:54:38+00:00\" \/>\n<meta property=\"article:modified_time\" content=\"2026-04-06T14:54:41+00:00\" \/>\n<meta property=\"og:image\" content=\"https:\/\/nordnesrepublikken.no\/wp-content\/uploads\/2026\/04\/1775487279_Tusenvis-strandet-da-1475-fly-forsinket-og-172-kansellert-over.png\" \/>\n\t<meta property=\"og:image:width\" content=\"1348\" \/>\n\t<meta property=\"og:image:height\" content=\"899\" \/>\n\t<meta property=\"og:image:type\" content=\"image\/png\" \/>\n<meta name=\"author\" content=\"Ole Andersen\" \/>\n<meta name=\"twitter:card\" content=\"summary_large_image\" \/>\n<meta name=\"twitter:label1\" content=\"Skrevet av\" \/>\n\t<meta name=\"twitter:data1\" content=\"Ole Andersen\" \/>\n\t<meta name=\"twitter:label2\" content=\"Ansl. lesetid\" \/>\n\t<meta name=\"twitter:data2\" content=\"4 minutter\" \/>\n<script type=\"application\/ld+json\" class=\"yoast-schema-graph\">{\"@context\":\"https:\/\/schema.org\",\"@graph\":[{\"@type\":\"Article\",\"@id\":\"https:\/\/nordnesrepublikken.no\/index.php\/2026\/04\/06\/tusenvis-strandet-da-1475-fly-forsinket-og-172-kansellert-over-hele-europa\/#article\",\"isPartOf\":{\"@id\":\"https:\/\/nordnesrepublikken.no\/index.php\/2026\/04\/06\/tusenvis-strandet-da-1475-fly-forsinket-og-172-kansellert-over-hele-europa\/\"},\"author\":{\"name\":\"Ole Andersen\",\"@id\":\"https:\/\/nordnesrepublikken.no\/#\/schema\/person\/2e7e81935bab77882fffb79296240ff1\"},\"headline\":\"Tusenvis strandet da 1475 fly forsinket og 172 kansellert over hele Europa\",\"datePublished\":\"2026-04-06T14:54:38+00:00\",\"dateModified\":\"2026-04-06T14:54:41+00:00\",\"mainEntityOfPage\":{\"@id\":\"https:\/\/nordnesrepublikken.no\/index.php\/2026\/04\/06\/tusenvis-strandet-da-1475-fly-forsinket-og-172-kansellert-over-hele-europa\/\"},\"wordCount\":834,\"publisher\":{\"@id\":\"https:\/\/nordnesrepublikken.no\/#organization\"},\"image\":{\"@id\":\"https:\/\/nordnesrepublikken.no\/index.php\/2026\/04\/06\/tusenvis-strandet-da-1475-fly-forsinket-og-172-kansellert-over-hele-europa\/#primaryimage\"},\"thumbnailUrl\":\"https:\/\/nordnesrepublikken.no\/wp-content\/uploads\/2026\/04\/1775487279_Tusenvis-strandet-da-1475-fly-forsinket-og-172-kansellert-over.png\",\"keywords\":[\"Europa\",\"fly\",\"forsinket\",\"hele\",\"kansellert\",\"strandet\",\"tusenvis\"],\"articleSection\":[\"Livsstil\"],\"inLanguage\":\"nb-NO\"},{\"@type\":\"WebPage\",\"@id\":\"https:\/\/nordnesrepublikken.no\/index.php\/2026\/04\/06\/tusenvis-strandet-da-1475-fly-forsinket-og-172-kansellert-over-hele-europa\/\",\"url\":\"https:\/\/nordnesrepublikken.no\/index.php\/2026\/04\/06\/tusenvis-strandet-da-1475-fly-forsinket-og-172-kansellert-over-hele-europa\/\",\"name\":\"Tusenvis strandet da 1475 fly forsinket og 172 kansellert over hele Europa - Nordnesrepublikken\",\"isPartOf\":{\"@id\":\"https:\/\/nordnesrepublikken.no\/#website\"},\"primaryImageOfPage\":{\"@id\":\"https:\/\/nordnesrepublikken.no\/index.php\/2026\/04\/06\/tusenvis-strandet-da-1475-fly-forsinket-og-172-kansellert-over-hele-europa\/#primaryimage\"},\"image\":{\"@id\":\"https:\/\/nordnesrepublikken.no\/index.php\/2026\/04\/06\/tusenvis-strandet-da-1475-fly-forsinket-og-172-kansellert-over-hele-europa\/#primaryimage\"},\"thumbnailUrl\":\"https:\/\/nordnesrepublikken.no\/wp-content\/uploads\/2026\/04\/1775487279_Tusenvis-strandet-da-1475-fly-forsinket-og-172-kansellert-over.png\",\"datePublished\":\"2026-04-06T14:54:38+00:00\",\"dateModified\":\"2026-04-06T14:54:41+00:00\",\"breadcrumb\":{\"@id\":\"https:\/\/nordnesrepublikken.no\/index.php\/2026\/04\/06\/tusenvis-strandet-da-1475-fly-forsinket-og-172-kansellert-over-hele-europa\/#breadcrumb\"},\"inLanguage\":\"nb-NO\",\"potentialAction\":[{\"@type\":\"ReadAction\",\"target\":[\"https:\/\/nordnesrepublikken.no\/index.php\/2026\/04\/06\/tusenvis-strandet-da-1475-fly-forsinket-og-172-kansellert-over-hele-europa\/\"]}]},{\"@type\":\"ImageObject\",\"inLanguage\":\"nb-NO\",\"@id\":\"https:\/\/nordnesrepublikken.no\/index.php\/2026\/04\/06\/tusenvis-strandet-da-1475-fly-forsinket-og-172-kansellert-over-hele-europa\/#primaryimage\",\"url\":\"https:\/\/nordnesrepublikken.no\/wp-content\/uploads\/2026\/04\/1775487279_Tusenvis-strandet-da-1475-fly-forsinket-og-172-kansellert-over.png\",\"contentUrl\":\"https:\/\/nordnesrepublikken.no\/wp-content\/uploads\/2026\/04\/1775487279_Tusenvis-strandet-da-1475-fly-forsinket-og-172-kansellert-over.png\",\"width\":1348,\"height\":899,\"caption\":\"Tusenvis strandet da 1475 fly forsinket og 172 kansellert over hele Europa\"},{\"@type\":\"BreadcrumbList\",\"@id\":\"https:\/\/nordnesrepublikken.no\/index.php\/2026\/04\/06\/tusenvis-strandet-da-1475-fly-forsinket-og-172-kansellert-over-hele-europa\/#breadcrumb\",\"itemListElement\":[{\"@type\":\"ListItem\",\"position\":1,\"name\":\"Home\",\"item\":\"https:\/\/nordnesrepublikken.no\/\"},{\"@type\":\"ListItem\",\"position\":2,\"name\":\"Tusenvis strandet da 1475 fly forsinket og 172 kansellert over hele Europa\"}]},{\"@type\":\"WebSite\",\"@id\":\"https:\/\/nordnesrepublikken.no\/#website\",\"url\":\"https:\/\/nordnesrepublikken.no\/\",\"name\":\"Nordnesrepublikken\",\"description\":\"Stemmer og Visjoner fra Republikkens Hjerte\",\"publisher\":{\"@id\":\"https:\/\/nordnesrepublikken.no\/#organization\"},\"potentialAction\":[{\"@type\":\"SearchAction\",\"target\":{\"@type\":\"EntryPoint\",\"urlTemplate\":\"https:\/\/nordnesrepublikken.no\/?s={search_term_string}\"},\"query-input\":{\"@type\":\"PropertyValueSpecification\",\"valueRequired\":true,\"valueName\":\"search_term_string\"}}],\"inLanguage\":\"nb-NO\"},{\"@type\":\"Organization\",\"@id\":\"https:\/\/nordnesrepublikken.no\/#organization\",\"name\":\"Nordnesrepublikken\",\"url\":\"https:\/\/nordnesrepublikken.no\/\",\"logo\":{\"@type\":\"ImageObject\",\"inLanguage\":\"nb-NO\",\"@id\":\"https:\/\/nordnesrepublikken.no\/#\/schema\/logo\/image\/\",\"url\":\"https:\/\/nordnesrepublikken.no\/wp-content\/uploads\/2025\/02\/cropped-nordnesrepublikken-2.png\",\"contentUrl\":\"https:\/\/nordnesrepublikken.no\/wp-content\/uploads\/2025\/02\/cropped-nordnesrepublikken-2.png\",\"width\":1248,\"height\":362,\"caption\":\"Nordnesrepublikken\"},\"image\":{\"@id\":\"https:\/\/nordnesrepublikken.no\/#\/schema\/logo\/image\/\"}},{\"@type\":\"Person\",\"@id\":\"https:\/\/nordnesrepublikken.no\/#\/schema\/person\/2e7e81935bab77882fffb79296240ff1\",\"name\":\"Ole Andersen\",\"image\":{\"@type\":\"ImageObject\",\"inLanguage\":\"nb-NO\",\"@id\":\"https:\/\/nordnesrepublikken.no\/#\/schema\/person\/image\/\",\"url\":\"https:\/\/nordnesrepublikken.no\/wp-content\/uploads\/2025\/02\/nordnesrepublikken-2-2-150x150.jpg\",\"contentUrl\":\"https:\/\/nordnesrepublikken.no\/wp-content\/uploads\/2025\/02\/nordnesrepublikken-2-2-150x150.jpg\",\"caption\":\"Ole Andersen\"},\"description\":\"Ettersom jeg vokste opp i Oslo, har jeg alltid v\u00e6rt fascinert av ordenes kraft og deres evne til \u00e5 skape endringer. Etter \u00e5 ha fullf\u00f8rt min utdannelse i kommunikasjon ved Universitetet i Bergen, fikk jeg muligheten til \u00e5 jobbe innen ulike medier, der jeg har s\u00f8kt \u00e5 belyse viktige samfunnssp\u00f8rsm\u00e5l. I dag, som redakt\u00f8r for Nordnesrepublikken, pr\u00f8ver jeg \u00e5 forene min kj\u00e6rlighet for journalistikk med min lidenskap for innovasjon og eventyr.\",\"sameAs\":[\"https:\/\/nordnesrepublikken.no\/\"]}]}<\/script>\n<!-- \/ Yoast SEO plugin. -->","yoast_head_json":{"title":"Tusenvis strandet da 1475 fly forsinket og 172 kansellert over hele Europa - Nordnesrepublikken","robots":{"index":"index","follow":"follow","max-snippet":"max-snippet:-1","max-image-preview":"max-image-preview:large","max-video-preview":"max-video-preview:-1"},"canonical":"https:\/\/nordnesrepublikken.no\/index.php\/2026\/04\/06\/tusenvis-strandet-da-1475-fly-forsinket-og-172-kansellert-over-hele-europa\/","og_locale":"nb_NO","og_type":"article","og_title":"Tusenvis strandet da 1475 fly forsinket og 172 kansellert over hele Europa - Nordnesrepublikken","og_description":"Flyreiser over hele Europa har kommet under press ettersom forstyrrelser i flyrutene fortsetter \u00e5 p\u00e5virke","og_url":"https:\/\/nordnesrepublikken.no\/index.php\/2026\/04\/06\/tusenvis-strandet-da-1475-fly-forsinket-og-172-kansellert-over-hele-europa\/","og_site_name":"Nordnesrepublikken","article_published_time":"2026-04-06T14:54:38+00:00","article_modified_time":"2026-04-06T14:54:41+00:00","og_image":[{"width":1348,"height":899,"url":"https:\/\/nordnesrepublikken.no\/wp-content\/uploads\/2026\/04\/1775487279_Tusenvis-strandet-da-1475-fly-forsinket-og-172-kansellert-over.png","type":"image\/png"}],"author":"Ole Andersen","twitter_card":"summary_large_image","twitter_misc":{"Skrevet av":"Ole Andersen","Ansl. lesetid":"4 minutter"},"schema":{"@context":"https:\/\/schema.org","@graph":[{"@type":"Article","@id":"https:\/\/nordnesrepublikken.no\/index.php\/2026\/04\/06\/tusenvis-strandet-da-1475-fly-forsinket-og-172-kansellert-over-hele-europa\/#article","isPartOf":{"@id":"https:\/\/nordnesrepublikken.no\/index.php\/2026\/04\/06\/tusenvis-strandet-da-1475-fly-forsinket-og-172-kansellert-over-hele-europa\/"},"author":{"name":"Ole Andersen","@id":"https:\/\/nordnesrepublikken.no\/#\/schema\/person\/2e7e81935bab77882fffb79296240ff1"},"headline":"Tusenvis strandet da 1475 fly forsinket og 172 kansellert over hele Europa","datePublished":"2026-04-06T14:54:38+00:00","dateModified":"2026-04-06T14:54:41+00:00","mainEntityOfPage":{"@id":"https:\/\/nordnesrepublikken.no\/index.php\/2026\/04\/06\/tusenvis-strandet-da-1475-fly-forsinket-og-172-kansellert-over-hele-europa\/"},"wordCount":834,"publisher":{"@id":"https:\/\/nordnesrepublikken.no\/#organization"},"image":{"@id":"https:\/\/nordnesrepublikken.no\/index.php\/2026\/04\/06\/tusenvis-strandet-da-1475-fly-forsinket-og-172-kansellert-over-hele-europa\/#primaryimage"},"thumbnailUrl":"https:\/\/nordnesrepublikken.no\/wp-content\/uploads\/2026\/04\/1775487279_Tusenvis-strandet-da-1475-fly-forsinket-og-172-kansellert-over.png","keywords":["Europa","fly","forsinket","hele","kansellert","strandet","tusenvis"],"articleSection":["Livsstil"],"inLanguage":"nb-NO"},{"@type":"WebPage","@id":"https:\/\/nordnesrepublikken.no\/index.php\/2026\/04\/06\/tusenvis-strandet-da-1475-fly-forsinket-og-172-kansellert-over-hele-europa\/","url":"https:\/\/nordnesrepublikken.no\/index.php\/2026\/04\/06\/tusenvis-strandet-da-1475-fly-forsinket-og-172-kansellert-over-hele-europa\/","name":"Tusenvis strandet da 1475 fly forsinket og 172 kansellert over hele Europa - Nordnesrepublikken","isPartOf":{"@id":"https:\/\/nordnesrepublikken.no\/#website"},"primaryImageOfPage":{"@id":"https:\/\/nordnesrepublikken.no\/index.php\/2026\/04\/06\/tusenvis-strandet-da-1475-fly-forsinket-og-172-kansellert-over-hele-europa\/#primaryimage"},"image":{"@id":"https:\/\/nordnesrepublikken.no\/index.php\/2026\/04\/06\/tusenvis-strandet-da-1475-fly-forsinket-og-172-kansellert-over-hele-europa\/#primaryimage"},"thumbnailUrl":"https:\/\/nordnesrepublikken.no\/wp-content\/uploads\/2026\/04\/1775487279_Tusenvis-strandet-da-1475-fly-forsinket-og-172-kansellert-over.png","datePublished":"2026-04-06T14:54:38+00:00","dateModified":"2026-04-06T14:54:41+00:00","breadcrumb":{"@id":"https:\/\/nordnesrepublikken.no\/index.php\/2026\/04\/06\/tusenvis-strandet-da-1475-fly-forsinket-og-172-kansellert-over-hele-europa\/#breadcrumb"},"inLanguage":"nb-NO","potentialAction":[{"@type":"ReadAction","target":["https:\/\/nordnesrepublikken.no\/index.php\/2026\/04\/06\/tusenvis-strandet-da-1475-fly-forsinket-og-172-kansellert-over-hele-europa\/"]}]},{"@type":"ImageObject","inLanguage":"nb-NO","@id":"https:\/\/nordnesrepublikken.no\/index.php\/2026\/04\/06\/tusenvis-strandet-da-1475-fly-forsinket-og-172-kansellert-over-hele-europa\/#primaryimage","url":"https:\/\/nordnesrepublikken.no\/wp-content\/uploads\/2026\/04\/1775487279_Tusenvis-strandet-da-1475-fly-forsinket-og-172-kansellert-over.png","contentUrl":"https:\/\/nordnesrepublikken.no\/wp-content\/uploads\/2026\/04\/1775487279_Tusenvis-strandet-da-1475-fly-forsinket-og-172-kansellert-over.png","width":1348,"height":899,"caption":"Tusenvis strandet da 1475 fly forsinket og 172 kansellert over hele Europa"},{"@type":"BreadcrumbList","@id":"https:\/\/nordnesrepublikken.no\/index.php\/2026\/04\/06\/tusenvis-strandet-da-1475-fly-forsinket-og-172-kansellert-over-hele-europa\/#breadcrumb","itemListElement":[{"@type":"ListItem","position":1,"name":"Home","item":"https:\/\/nordnesrepublikken.no\/"},{"@type":"ListItem","position":2,"name":"Tusenvis strandet da 1475 fly forsinket og 172 kansellert over hele Europa"}]},{"@type":"WebSite","@id":"https:\/\/nordnesrepublikken.no\/#website","url":"https:\/\/nordnesrepublikken.no\/","name":"Nordnesrepublikken","description":"Stemmer og Visjoner fra Republikkens Hjerte","publisher":{"@id":"https:\/\/nordnesrepublikken.no\/#organization"},"potentialAction":[{"@type":"SearchAction","target":{"@type":"EntryPoint","urlTemplate":"https:\/\/nordnesrepublikken.no\/?s={search_term_string}"},"query-input":{"@type":"PropertyValueSpecification","valueRequired":true,"valueName":"search_term_string"}}],"inLanguage":"nb-NO"},{"@type":"Organization","@id":"https:\/\/nordnesrepublikken.no\/#organization","name":"Nordnesrepublikken","url":"https:\/\/nordnesrepublikken.no\/","logo":{"@type":"ImageObject","inLanguage":"nb-NO","@id":"https:\/\/nordnesrepublikken.no\/#\/schema\/logo\/image\/","url":"https:\/\/nordnesrepublikken.no\/wp-content\/uploads\/2025\/02\/cropped-nordnesrepublikken-2.png","contentUrl":"https:\/\/nordnesrepublikken.no\/wp-content\/uploads\/2025\/02\/cropped-nordnesrepublikken-2.png","width":1248,"height":362,"caption":"Nordnesrepublikken"},"image":{"@id":"https:\/\/nordnesrepublikken.no\/#\/schema\/logo\/image\/"}},{"@type":"Person","@id":"https:\/\/nordnesrepublikken.no\/#\/schema\/person\/2e7e81935bab77882fffb79296240ff1","name":"Ole Andersen","image":{"@type":"ImageObject","inLanguage":"nb-NO","@id":"https:\/\/nordnesrepublikken.no\/#\/schema\/person\/image\/","url":"https:\/\/nordnesrepublikken.no\/wp-content\/uploads\/2025\/02\/nordnesrepublikken-2-2-150x150.jpg","contentUrl":"https:\/\/nordnesrepublikken.no\/wp-content\/uploads\/2025\/02\/nordnesrepublikken-2-2-150x150.jpg","caption":"Ole Andersen"},"description":"Ettersom jeg vokste opp i Oslo, har jeg alltid v\u00e6rt fascinert av ordenes kraft og deres evne til \u00e5 skape endringer. Etter \u00e5 ha fullf\u00f8rt min utdannelse i kommunikasjon ved Universitetet i Bergen, fikk jeg muligheten til \u00e5 jobbe innen ulike medier, der jeg har s\u00f8kt \u00e5 belyse viktige samfunnssp\u00f8rsm\u00e5l. I dag, som redakt\u00f8r for Nordnesrepublikken, pr\u00f8ver jeg \u00e5 forene min kj\u00e6rlighet for journalistikk med min lidenskap for innovasjon og eventyr.","sameAs":["https:\/\/nordnesrepublikken.no\/"]}]}},"_links":{"self":[{"href":"https:\/\/nordnesrepublikken.no\/index.php\/wp-json\/wp\/v2\/posts\/16670","targetHints":{"allow":["GET"]}}],"collection":[{"href":"https:\/\/nordnesrepublikken.no\/index.php\/wp-json\/wp\/v2\/posts"}],"about":[{"href":"https:\/\/nordnesrepublikken.no\/index.php\/wp-json\/wp\/v2\/types\/post"}],"author":[{"embeddable":true,"href":"https:\/\/nordnesrepublikken.no\/index.php\/wp-json\/wp\/v2\/users\/1"}],"replies":[{"embeddable":true,"href":"https:\/\/nordnesrepublikken.no\/index.php\/wp-json\/wp\/v2\/comments?post=16670"}],"version-history":[{"count":1,"href":"https:\/\/nordnesrepublikken.no\/index.php\/wp-json\/wp\/v2\/posts\/16670\/revisions"}],"predecessor-version":[{"id":16672,"href":"https:\/\/nordnesrepublikken.no\/index.php\/wp-json\/wp\/v2\/posts\/16670\/revisions\/16672"}],"wp:featuredmedia":[{"embeddable":true,"href":"https:\/\/nordnesrepublikken.no\/index.php\/wp-json\/wp\/v2\/media\/16671"}],"wp:attachment":[{"href":"https:\/\/nordnesrepublikken.no\/index.php\/wp-json\/wp\/v2\/media?parent=16670"}],"wp:term":[{"taxonomy":"category","embeddable":true,"href":"https:\/\/nordnesrepublikken.no\/index.php\/wp-json\/wp\/v2\/categories?post=16670"},{"taxonomy":"post_tag","embeddable":true,"href":"https:\/\/nordnesrepublikken.no\/index.php\/wp-json\/wp\/v2\/tags?post=16670"}],"curies":[{"name":"wp","href":"https:\/\/api.w.org\/{rel}","templated":true}]}}