{"id":16667,"date":"2026-04-06T15:53:51","date_gmt":"2026-04-06T13:53:51","guid":{"rendered":"https:\/\/nordnesrepublikken.no\/index.php\/2026\/04\/06\/fra-fn-konvensjoner-til-sikkerhetsmessige-arsaker\/"},"modified":"2026-04-06T15:53:55","modified_gmt":"2026-04-06T13:53:55","slug":"fra-fn-konvensjoner-til-sikkerhetsmessige-arsaker","status":"publish","type":"post","link":"https:\/\/nordnesrepublikken.no\/index.php\/2026\/04\/06\/fra-fn-konvensjoner-til-sikkerhetsmessige-arsaker\/","title":{"rendered":"fra FN-konvensjoner til sikkerhetsmessige \u00e5rsaker"},"content":{"rendered":"<div>\n<div class=\"cp_wrapper cp_wrapper--fw mb-30 mb-20@tablet\">\n<figure class=\"mm\"><picture class=\"img\" style=\"padding-top:56.25%\"><source  media=\"(min-width: 1024px)\"><source  media=\"(min-width: 768px)\"><\/source><\/source><\/picture><\/figure>\n<\/p><\/div>\n<p>Hver italiensk sj\u00e5f\u00f8r har et dokument i lommeboken <strong>rose<\/strong>: den <strong>tillatelse<\/strong>. Og han er ikke den eneste: Det er ikke tilfeldig at f\u00f8rerkortet heter <strong>rosa ark<\/strong>. Men hvorfor ble denne fargen valgt? I motsetning til hva vi kanskje tror, \u200b\u200ber ikke dette valget tilfeldig men har sine r\u00f8tter i begynnelsen av forrige \u00e5rhundre, med den s.k. <em>Kj\u00f8retillatelse<\/em> fransk. Den rosa fargen gj\u00f8r dokumentet mer gjenkjennelig og gj\u00f8r det vanskeligere \u00e5 smi.<\/p>\n<h2>DE <em>Kj\u00f8retillatelse<\/em> Fransk var rosa<\/h2>\n<p>Opprinnelig var det ikke n\u00f8dvendig med f\u00f8rerkort for \u00e5 kj\u00f8re bil. Problemet, som det er lett \u00e5 forestille seg, er at bilulykker gradvis ble hyppigere og hyppigere, s\u00e5 mye at noen land ble tvunget til \u00e5 ta noen tiltak i denne forbindelse. Blant de f\u00f8rste finner vi <strong>Seine prefektur<\/strong>i Paris, som i <strong>1893<\/strong> introduserte en <strong>unders\u00f8kelse<\/strong> <strong>obligatorisk<\/strong>som p\u00e5 slutten ble utstedt et egnethetsbevis. Den faktiske lisensen kom f\u00f8rst inn <strong>1921<\/strong>etter at forpliktelsen til dette dokumentet ble utvidet til et nasjonalt niv\u00e5 og inkludert i den franske motorveikoden: akkurat her ble det skrevet for f\u00f8rste gang at <em>Kj\u00f8retillatelse <\/em>det m\u00e5tte v\u00e6re svart <strong>rose.<\/strong><\/p>\n<div class=\"cp_wrapper cp_wrapper--fw mb-50\">\n<figure class=\"mm\"><picture class=\"img\" style=\"padding-top:68.811188811189%\"><source  media=\"(min-width: 1024px)\"><source  media=\"(min-width: 768px)\"><img decoding=\"async\" loading=\"lazy\" src=\"https:\/\/nordnesrepublikken.no\/wp-content\/uploads\/2026\/04\/1775483630_112_fra-FN-konvensjoner-til-sikkerhetsmessige-arsaker.jpg\" alt=\"Bilde\" width=\"2860\" height=\"1968\"\/><\/source><\/source><\/picture><\/figure>\n<\/p><\/div>\n<p>Valget av denne fargen ble gjort for \u00e5 skille den fra andre dokumenter som allerede er i oml\u00f8p: i <strong>pass<\/strong> de hadde ofte m\u00f8rke nyanser (f.eks. bl\u00e5 eller gr\u00f8nn) mens jeg <strong>dokumenter<\/strong> <strong>Av<\/strong> <strong>identitet<\/strong> de var vanligvis hvite eller bl\u00e5. Pink, i denne sammenhengen, differensierte seg tydelig og var lett gjenkjennelig. Videre, i det minste for tiden, ble denne fargen antatt \u00e5 v\u00e6re <strong>vanskeligere \u00e5 forfalske<\/strong>frar\u00e5der kriminelle som er interessert i forfalskning.<\/p>\n<h2>Fargen p\u00e5 f\u00f8rerkortet: fra FN-konvensjonene til i dag<\/h2>\n<p>Valget om \u00e5 bruke fargen rosa forlot offisielt de franske grensene av to viktige grunner <strong>konvensjoner<\/strong> <strong>FN<\/strong>: det av <strong>Gen\u00e8ve<\/strong> av <strong>1949<\/strong> (vedlegg 9) og det av <strong>Wien<\/strong> av <strong>1968<\/strong> (vedlegg 6). I begge tilfeller er det uttrykkelig angitt at f\u00f8rerkortet skal trykkes p\u00e5 en st\u00f8tte i denne fargen.<\/p>\n<p>Endelig kommer vi nesten til i dag, da Den europeiske union med <strong>Direktiv 2006\/126\/EF<\/strong> han bestemte seg for \u00e5 gradvis forlate papirkort til fordel for polykarbonat, men valgte \u00e5 beholde denne fargen for historisk kontinuitet.<\/p>\n<p>S\u00e5 bruker alle land denne fargen i dag? Faktisk nei: dette gjelder for eksempel EU, Storbritannia og Russland, men det er ikke sant for mange andre som USA, Canada, Kina eller Japan.<\/p>\n<div class=\"cp_wrapper cp_wrapper--fw mb-50\">\n<figure class=\"mm\"><picture class=\"img\" style=\"padding-top:65.51724137931%\"><source  media=\"(min-width: 1024px)\"><source  media=\"(min-width: 768px)\"><img decoding=\"async\" loading=\"lazy\" src=\"https:\/\/nordnesrepublikken.no\/wp-content\/uploads\/2026\/04\/1775483631_245_fra-FN-konvensjoner-til-sikkerhetsmessige-arsaker.jpg\" alt=\"Bilde\" width=\"261\" height=\"171\" class=\"js-seedtag-img\"\/><\/source><\/source><\/picture><\/figure>\n<\/p><\/div>\n<\/p><\/div>\n","protected":false},"excerpt":{"rendered":"<p>Hver italiensk sj\u00e5f\u00f8r har et dokument i lommeboken rose: den tillatelse. Og han er ikke<\/p>\n","protected":false},"author":1,"featured_media":16668,"comment_status":"closed","ping_status":"open","sticky":false,"template":"","format":"standard","meta":{"footnotes":""},"categories":[104],"tags":[621,10782,125,620,117],"class_list":["post-16667","post","type-post","status-publish","format-standard","has-post-thumbnail","hentry","category-samfunn","tag-arsaker","tag-fnkonvensjoner","tag-fra","tag-sikkerhetsmessige","tag-til","generate-columns","tablet-grid-50","mobile-grid-100","grid-parent","grid-33","resize-featured-image"],"yoast_head":"<!-- This site is optimized with the Yoast SEO plugin v24.4 - https:\/\/yoast.com\/wordpress\/plugins\/seo\/ -->\n<title>fra FN-konvensjoner til sikkerhetsmessige \u00e5rsaker - Nordnesrepublikken<\/title>\n<meta name=\"robots\" content=\"index, follow, max-snippet:-1, max-image-preview:large, max-video-preview:-1\" \/>\n<link rel=\"canonical\" href=\"https:\/\/nordnesrepublikken.no\/index.php\/2026\/04\/06\/fra-fn-konvensjoner-til-sikkerhetsmessige-arsaker\/\" \/>\n<meta property=\"og:locale\" content=\"nb_NO\" \/>\n<meta property=\"og:type\" content=\"article\" \/>\n<meta property=\"og:title\" content=\"fra FN-konvensjoner til sikkerhetsmessige \u00e5rsaker - Nordnesrepublikken\" \/>\n<meta property=\"og:description\" content=\"Hver italiensk sj\u00e5f\u00f8r har et dokument i lommeboken rose: den tillatelse. Og han er ikke\" \/>\n<meta property=\"og:url\" content=\"https:\/\/nordnesrepublikken.no\/index.php\/2026\/04\/06\/fra-fn-konvensjoner-til-sikkerhetsmessige-arsaker\/\" \/>\n<meta property=\"og:site_name\" content=\"Nordnesrepublikken\" \/>\n<meta property=\"article:published_time\" content=\"2026-04-06T13:53:51+00:00\" \/>\n<meta property=\"article:modified_time\" content=\"2026-04-06T13:53:55+00:00\" \/>\n<meta property=\"og:image\" content=\"https:\/\/nordnesrepublikken.no\/wp-content\/uploads\/2026\/04\/1775483633_fra-FN-konvensjoner-til-sikkerhetsmessige-arsaker.jpg\" \/>\n\t<meta property=\"og:image:width\" content=\"2549\" \/>\n\t<meta property=\"og:image:height\" content=\"1491\" \/>\n\t<meta property=\"og:image:type\" content=\"image\/jpeg\" \/>\n<meta name=\"author\" content=\"Ole Andersen\" \/>\n<meta name=\"twitter:card\" content=\"summary_large_image\" \/>\n<meta name=\"twitter:label1\" content=\"Skrevet av\" \/>\n\t<meta name=\"twitter:data1\" content=\"Ole Andersen\" \/>\n\t<meta name=\"twitter:label2\" content=\"Ansl. lesetid\" \/>\n\t<meta name=\"twitter:data2\" content=\"2 minutter\" \/>\n<script type=\"application\/ld+json\" class=\"yoast-schema-graph\">{\"@context\":\"https:\/\/schema.org\",\"@graph\":[{\"@type\":\"Article\",\"@id\":\"https:\/\/nordnesrepublikken.no\/index.php\/2026\/04\/06\/fra-fn-konvensjoner-til-sikkerhetsmessige-arsaker\/#article\",\"isPartOf\":{\"@id\":\"https:\/\/nordnesrepublikken.no\/index.php\/2026\/04\/06\/fra-fn-konvensjoner-til-sikkerhetsmessige-arsaker\/\"},\"author\":{\"name\":\"Ole Andersen\",\"@id\":\"https:\/\/nordnesrepublikken.no\/#\/schema\/person\/2e7e81935bab77882fffb79296240ff1\"},\"headline\":\"fra FN-konvensjoner til sikkerhetsmessige \u00e5rsaker\",\"datePublished\":\"2026-04-06T13:53:51+00:00\",\"dateModified\":\"2026-04-06T13:53:55+00:00\",\"mainEntityOfPage\":{\"@id\":\"https:\/\/nordnesrepublikken.no\/index.php\/2026\/04\/06\/fra-fn-konvensjoner-til-sikkerhetsmessige-arsaker\/\"},\"wordCount\":393,\"publisher\":{\"@id\":\"https:\/\/nordnesrepublikken.no\/#organization\"},\"image\":{\"@id\":\"https:\/\/nordnesrepublikken.no\/index.php\/2026\/04\/06\/fra-fn-konvensjoner-til-sikkerhetsmessige-arsaker\/#primaryimage\"},\"thumbnailUrl\":\"https:\/\/nordnesrepublikken.no\/wp-content\/uploads\/2026\/04\/1775483633_fra-FN-konvensjoner-til-sikkerhetsmessige-arsaker.jpg\",\"keywords\":[\"\u00e5rsaker\",\"FNkonvensjoner\",\"fra\",\"sikkerhetsmessige\",\"til\"],\"articleSection\":[\"Samfunn\"],\"inLanguage\":\"nb-NO\"},{\"@type\":\"WebPage\",\"@id\":\"https:\/\/nordnesrepublikken.no\/index.php\/2026\/04\/06\/fra-fn-konvensjoner-til-sikkerhetsmessige-arsaker\/\",\"url\":\"https:\/\/nordnesrepublikken.no\/index.php\/2026\/04\/06\/fra-fn-konvensjoner-til-sikkerhetsmessige-arsaker\/\",\"name\":\"fra FN-konvensjoner til sikkerhetsmessige \u00e5rsaker - Nordnesrepublikken\",\"isPartOf\":{\"@id\":\"https:\/\/nordnesrepublikken.no\/#website\"},\"primaryImageOfPage\":{\"@id\":\"https:\/\/nordnesrepublikken.no\/index.php\/2026\/04\/06\/fra-fn-konvensjoner-til-sikkerhetsmessige-arsaker\/#primaryimage\"},\"image\":{\"@id\":\"https:\/\/nordnesrepublikken.no\/index.php\/2026\/04\/06\/fra-fn-konvensjoner-til-sikkerhetsmessige-arsaker\/#primaryimage\"},\"thumbnailUrl\":\"https:\/\/nordnesrepublikken.no\/wp-content\/uploads\/2026\/04\/1775483633_fra-FN-konvensjoner-til-sikkerhetsmessige-arsaker.jpg\",\"datePublished\":\"2026-04-06T13:53:51+00:00\",\"dateModified\":\"2026-04-06T13:53:55+00:00\",\"breadcrumb\":{\"@id\":\"https:\/\/nordnesrepublikken.no\/index.php\/2026\/04\/06\/fra-fn-konvensjoner-til-sikkerhetsmessige-arsaker\/#breadcrumb\"},\"inLanguage\":\"nb-NO\",\"potentialAction\":[{\"@type\":\"ReadAction\",\"target\":[\"https:\/\/nordnesrepublikken.no\/index.php\/2026\/04\/06\/fra-fn-konvensjoner-til-sikkerhetsmessige-arsaker\/\"]}]},{\"@type\":\"ImageObject\",\"inLanguage\":\"nb-NO\",\"@id\":\"https:\/\/nordnesrepublikken.no\/index.php\/2026\/04\/06\/fra-fn-konvensjoner-til-sikkerhetsmessige-arsaker\/#primaryimage\",\"url\":\"https:\/\/nordnesrepublikken.no\/wp-content\/uploads\/2026\/04\/1775483633_fra-FN-konvensjoner-til-sikkerhetsmessige-arsaker.jpg\",\"contentUrl\":\"https:\/\/nordnesrepublikken.no\/wp-content\/uploads\/2026\/04\/1775483633_fra-FN-konvensjoner-til-sikkerhetsmessige-arsaker.jpg\",\"width\":2549,\"height\":1491,\"caption\":\"fra FN-konvensjoner til sikkerhetsmessige \u00e5rsaker\"},{\"@type\":\"BreadcrumbList\",\"@id\":\"https:\/\/nordnesrepublikken.no\/index.php\/2026\/04\/06\/fra-fn-konvensjoner-til-sikkerhetsmessige-arsaker\/#breadcrumb\",\"itemListElement\":[{\"@type\":\"ListItem\",\"position\":1,\"name\":\"Home\",\"item\":\"https:\/\/nordnesrepublikken.no\/\"},{\"@type\":\"ListItem\",\"position\":2,\"name\":\"fra FN-konvensjoner til sikkerhetsmessige \u00e5rsaker\"}]},{\"@type\":\"WebSite\",\"@id\":\"https:\/\/nordnesrepublikken.no\/#website\",\"url\":\"https:\/\/nordnesrepublikken.no\/\",\"name\":\"Nordnesrepublikken\",\"description\":\"Stemmer og Visjoner fra Republikkens Hjerte\",\"publisher\":{\"@id\":\"https:\/\/nordnesrepublikken.no\/#organization\"},\"potentialAction\":[{\"@type\":\"SearchAction\",\"target\":{\"@type\":\"EntryPoint\",\"urlTemplate\":\"https:\/\/nordnesrepublikken.no\/?s={search_term_string}\"},\"query-input\":{\"@type\":\"PropertyValueSpecification\",\"valueRequired\":true,\"valueName\":\"search_term_string\"}}],\"inLanguage\":\"nb-NO\"},{\"@type\":\"Organization\",\"@id\":\"https:\/\/nordnesrepublikken.no\/#organization\",\"name\":\"Nordnesrepublikken\",\"url\":\"https:\/\/nordnesrepublikken.no\/\",\"logo\":{\"@type\":\"ImageObject\",\"inLanguage\":\"nb-NO\",\"@id\":\"https:\/\/nordnesrepublikken.no\/#\/schema\/logo\/image\/\",\"url\":\"https:\/\/nordnesrepublikken.no\/wp-content\/uploads\/2025\/02\/cropped-nordnesrepublikken-2.png\",\"contentUrl\":\"https:\/\/nordnesrepublikken.no\/wp-content\/uploads\/2025\/02\/cropped-nordnesrepublikken-2.png\",\"width\":1248,\"height\":362,\"caption\":\"Nordnesrepublikken\"},\"image\":{\"@id\":\"https:\/\/nordnesrepublikken.no\/#\/schema\/logo\/image\/\"}},{\"@type\":\"Person\",\"@id\":\"https:\/\/nordnesrepublikken.no\/#\/schema\/person\/2e7e81935bab77882fffb79296240ff1\",\"name\":\"Ole Andersen\",\"image\":{\"@type\":\"ImageObject\",\"inLanguage\":\"nb-NO\",\"@id\":\"https:\/\/nordnesrepublikken.no\/#\/schema\/person\/image\/\",\"url\":\"https:\/\/nordnesrepublikken.no\/wp-content\/uploads\/2025\/02\/nordnesrepublikken-2-2-150x150.jpg\",\"contentUrl\":\"https:\/\/nordnesrepublikken.no\/wp-content\/uploads\/2025\/02\/nordnesrepublikken-2-2-150x150.jpg\",\"caption\":\"Ole Andersen\"},\"description\":\"Ettersom jeg vokste opp i Oslo, har jeg alltid v\u00e6rt fascinert av ordenes kraft og deres evne til \u00e5 skape endringer. Etter \u00e5 ha fullf\u00f8rt min utdannelse i kommunikasjon ved Universitetet i Bergen, fikk jeg muligheten til \u00e5 jobbe innen ulike medier, der jeg har s\u00f8kt \u00e5 belyse viktige samfunnssp\u00f8rsm\u00e5l. I dag, som redakt\u00f8r for Nordnesrepublikken, pr\u00f8ver jeg \u00e5 forene min kj\u00e6rlighet for journalistikk med min lidenskap for innovasjon og eventyr.\",\"sameAs\":[\"https:\/\/nordnesrepublikken.no\/\"]}]}<\/script>\n<!-- \/ Yoast SEO plugin. -->","yoast_head_json":{"title":"fra FN-konvensjoner til sikkerhetsmessige \u00e5rsaker - Nordnesrepublikken","robots":{"index":"index","follow":"follow","max-snippet":"max-snippet:-1","max-image-preview":"max-image-preview:large","max-video-preview":"max-video-preview:-1"},"canonical":"https:\/\/nordnesrepublikken.no\/index.php\/2026\/04\/06\/fra-fn-konvensjoner-til-sikkerhetsmessige-arsaker\/","og_locale":"nb_NO","og_type":"article","og_title":"fra FN-konvensjoner til sikkerhetsmessige \u00e5rsaker - Nordnesrepublikken","og_description":"Hver italiensk sj\u00e5f\u00f8r har et dokument i lommeboken rose: den tillatelse. Og han er ikke","og_url":"https:\/\/nordnesrepublikken.no\/index.php\/2026\/04\/06\/fra-fn-konvensjoner-til-sikkerhetsmessige-arsaker\/","og_site_name":"Nordnesrepublikken","article_published_time":"2026-04-06T13:53:51+00:00","article_modified_time":"2026-04-06T13:53:55+00:00","og_image":[{"width":2549,"height":1491,"url":"https:\/\/nordnesrepublikken.no\/wp-content\/uploads\/2026\/04\/1775483633_fra-FN-konvensjoner-til-sikkerhetsmessige-arsaker.jpg","type":"image\/jpeg"}],"author":"Ole Andersen","twitter_card":"summary_large_image","twitter_misc":{"Skrevet av":"Ole Andersen","Ansl. lesetid":"2 minutter"},"schema":{"@context":"https:\/\/schema.org","@graph":[{"@type":"Article","@id":"https:\/\/nordnesrepublikken.no\/index.php\/2026\/04\/06\/fra-fn-konvensjoner-til-sikkerhetsmessige-arsaker\/#article","isPartOf":{"@id":"https:\/\/nordnesrepublikken.no\/index.php\/2026\/04\/06\/fra-fn-konvensjoner-til-sikkerhetsmessige-arsaker\/"},"author":{"name":"Ole Andersen","@id":"https:\/\/nordnesrepublikken.no\/#\/schema\/person\/2e7e81935bab77882fffb79296240ff1"},"headline":"fra FN-konvensjoner til sikkerhetsmessige \u00e5rsaker","datePublished":"2026-04-06T13:53:51+00:00","dateModified":"2026-04-06T13:53:55+00:00","mainEntityOfPage":{"@id":"https:\/\/nordnesrepublikken.no\/index.php\/2026\/04\/06\/fra-fn-konvensjoner-til-sikkerhetsmessige-arsaker\/"},"wordCount":393,"publisher":{"@id":"https:\/\/nordnesrepublikken.no\/#organization"},"image":{"@id":"https:\/\/nordnesrepublikken.no\/index.php\/2026\/04\/06\/fra-fn-konvensjoner-til-sikkerhetsmessige-arsaker\/#primaryimage"},"thumbnailUrl":"https:\/\/nordnesrepublikken.no\/wp-content\/uploads\/2026\/04\/1775483633_fra-FN-konvensjoner-til-sikkerhetsmessige-arsaker.jpg","keywords":["\u00e5rsaker","FNkonvensjoner","fra","sikkerhetsmessige","til"],"articleSection":["Samfunn"],"inLanguage":"nb-NO"},{"@type":"WebPage","@id":"https:\/\/nordnesrepublikken.no\/index.php\/2026\/04\/06\/fra-fn-konvensjoner-til-sikkerhetsmessige-arsaker\/","url":"https:\/\/nordnesrepublikken.no\/index.php\/2026\/04\/06\/fra-fn-konvensjoner-til-sikkerhetsmessige-arsaker\/","name":"fra FN-konvensjoner til sikkerhetsmessige \u00e5rsaker - Nordnesrepublikken","isPartOf":{"@id":"https:\/\/nordnesrepublikken.no\/#website"},"primaryImageOfPage":{"@id":"https:\/\/nordnesrepublikken.no\/index.php\/2026\/04\/06\/fra-fn-konvensjoner-til-sikkerhetsmessige-arsaker\/#primaryimage"},"image":{"@id":"https:\/\/nordnesrepublikken.no\/index.php\/2026\/04\/06\/fra-fn-konvensjoner-til-sikkerhetsmessige-arsaker\/#primaryimage"},"thumbnailUrl":"https:\/\/nordnesrepublikken.no\/wp-content\/uploads\/2026\/04\/1775483633_fra-FN-konvensjoner-til-sikkerhetsmessige-arsaker.jpg","datePublished":"2026-04-06T13:53:51+00:00","dateModified":"2026-04-06T13:53:55+00:00","breadcrumb":{"@id":"https:\/\/nordnesrepublikken.no\/index.php\/2026\/04\/06\/fra-fn-konvensjoner-til-sikkerhetsmessige-arsaker\/#breadcrumb"},"inLanguage":"nb-NO","potentialAction":[{"@type":"ReadAction","target":["https:\/\/nordnesrepublikken.no\/index.php\/2026\/04\/06\/fra-fn-konvensjoner-til-sikkerhetsmessige-arsaker\/"]}]},{"@type":"ImageObject","inLanguage":"nb-NO","@id":"https:\/\/nordnesrepublikken.no\/index.php\/2026\/04\/06\/fra-fn-konvensjoner-til-sikkerhetsmessige-arsaker\/#primaryimage","url":"https:\/\/nordnesrepublikken.no\/wp-content\/uploads\/2026\/04\/1775483633_fra-FN-konvensjoner-til-sikkerhetsmessige-arsaker.jpg","contentUrl":"https:\/\/nordnesrepublikken.no\/wp-content\/uploads\/2026\/04\/1775483633_fra-FN-konvensjoner-til-sikkerhetsmessige-arsaker.jpg","width":2549,"height":1491,"caption":"fra FN-konvensjoner til sikkerhetsmessige \u00e5rsaker"},{"@type":"BreadcrumbList","@id":"https:\/\/nordnesrepublikken.no\/index.php\/2026\/04\/06\/fra-fn-konvensjoner-til-sikkerhetsmessige-arsaker\/#breadcrumb","itemListElement":[{"@type":"ListItem","position":1,"name":"Home","item":"https:\/\/nordnesrepublikken.no\/"},{"@type":"ListItem","position":2,"name":"fra FN-konvensjoner til sikkerhetsmessige \u00e5rsaker"}]},{"@type":"WebSite","@id":"https:\/\/nordnesrepublikken.no\/#website","url":"https:\/\/nordnesrepublikken.no\/","name":"Nordnesrepublikken","description":"Stemmer og Visjoner fra Republikkens Hjerte","publisher":{"@id":"https:\/\/nordnesrepublikken.no\/#organization"},"potentialAction":[{"@type":"SearchAction","target":{"@type":"EntryPoint","urlTemplate":"https:\/\/nordnesrepublikken.no\/?s={search_term_string}"},"query-input":{"@type":"PropertyValueSpecification","valueRequired":true,"valueName":"search_term_string"}}],"inLanguage":"nb-NO"},{"@type":"Organization","@id":"https:\/\/nordnesrepublikken.no\/#organization","name":"Nordnesrepublikken","url":"https:\/\/nordnesrepublikken.no\/","logo":{"@type":"ImageObject","inLanguage":"nb-NO","@id":"https:\/\/nordnesrepublikken.no\/#\/schema\/logo\/image\/","url":"https:\/\/nordnesrepublikken.no\/wp-content\/uploads\/2025\/02\/cropped-nordnesrepublikken-2.png","contentUrl":"https:\/\/nordnesrepublikken.no\/wp-content\/uploads\/2025\/02\/cropped-nordnesrepublikken-2.png","width":1248,"height":362,"caption":"Nordnesrepublikken"},"image":{"@id":"https:\/\/nordnesrepublikken.no\/#\/schema\/logo\/image\/"}},{"@type":"Person","@id":"https:\/\/nordnesrepublikken.no\/#\/schema\/person\/2e7e81935bab77882fffb79296240ff1","name":"Ole Andersen","image":{"@type":"ImageObject","inLanguage":"nb-NO","@id":"https:\/\/nordnesrepublikken.no\/#\/schema\/person\/image\/","url":"https:\/\/nordnesrepublikken.no\/wp-content\/uploads\/2025\/02\/nordnesrepublikken-2-2-150x150.jpg","contentUrl":"https:\/\/nordnesrepublikken.no\/wp-content\/uploads\/2025\/02\/nordnesrepublikken-2-2-150x150.jpg","caption":"Ole Andersen"},"description":"Ettersom jeg vokste opp i Oslo, har jeg alltid v\u00e6rt fascinert av ordenes kraft og deres evne til \u00e5 skape endringer. Etter \u00e5 ha fullf\u00f8rt min utdannelse i kommunikasjon ved Universitetet i Bergen, fikk jeg muligheten til \u00e5 jobbe innen ulike medier, der jeg har s\u00f8kt \u00e5 belyse viktige samfunnssp\u00f8rsm\u00e5l. I dag, som redakt\u00f8r for Nordnesrepublikken, pr\u00f8ver jeg \u00e5 forene min kj\u00e6rlighet for journalistikk med min lidenskap for innovasjon og eventyr.","sameAs":["https:\/\/nordnesrepublikken.no\/"]}]}},"_links":{"self":[{"href":"https:\/\/nordnesrepublikken.no\/index.php\/wp-json\/wp\/v2\/posts\/16667","targetHints":{"allow":["GET"]}}],"collection":[{"href":"https:\/\/nordnesrepublikken.no\/index.php\/wp-json\/wp\/v2\/posts"}],"about":[{"href":"https:\/\/nordnesrepublikken.no\/index.php\/wp-json\/wp\/v2\/types\/post"}],"author":[{"embeddable":true,"href":"https:\/\/nordnesrepublikken.no\/index.php\/wp-json\/wp\/v2\/users\/1"}],"replies":[{"embeddable":true,"href":"https:\/\/nordnesrepublikken.no\/index.php\/wp-json\/wp\/v2\/comments?post=16667"}],"version-history":[{"count":1,"href":"https:\/\/nordnesrepublikken.no\/index.php\/wp-json\/wp\/v2\/posts\/16667\/revisions"}],"predecessor-version":[{"id":16669,"href":"https:\/\/nordnesrepublikken.no\/index.php\/wp-json\/wp\/v2\/posts\/16667\/revisions\/16669"}],"wp:featuredmedia":[{"embeddable":true,"href":"https:\/\/nordnesrepublikken.no\/index.php\/wp-json\/wp\/v2\/media\/16668"}],"wp:attachment":[{"href":"https:\/\/nordnesrepublikken.no\/index.php\/wp-json\/wp\/v2\/media?parent=16667"}],"wp:term":[{"taxonomy":"category","embeddable":true,"href":"https:\/\/nordnesrepublikken.no\/index.php\/wp-json\/wp\/v2\/categories?post=16667"},{"taxonomy":"post_tag","embeddable":true,"href":"https:\/\/nordnesrepublikken.no\/index.php\/wp-json\/wp\/v2\/tags?post=16667"}],"curies":[{"name":"wp","href":"https:\/\/api.w.org\/{rel}","templated":true}]}}