{"id":16644,"date":"2026-04-06T06:50:05","date_gmt":"2026-04-06T04:50:05","guid":{"rendered":"https:\/\/nordnesrepublikken.no\/index.php\/2026\/04\/06\/spanias-paskevri-kulde-regn-og-til-og-med-sno-mulig-denne-uken\/"},"modified":"2026-04-06T06:50:07","modified_gmt":"2026-04-06T04:50:07","slug":"spanias-paskevri-kulde-regn-og-til-og-med-sno-mulig-denne-uken","status":"publish","type":"post","link":"https:\/\/nordnesrepublikken.no\/index.php\/2026\/04\/06\/spanias-paskevri-kulde-regn-og-til-og-med-sno-mulig-denne-uken\/","title":{"rendered":"Spanias p\u00e5skevri: kulde, regn og til og med sn\u00f8 mulig denne uken"},"content":{"rendered":"<p><\/p>\n<div class=\"wordpress-content\">\n                    <!-- Article Start --><\/p>\n<p>Det er 1. april og Spania har akkurat kommet inn i v\u00e5ren \u2013 men hvis du forventer varmt, rolig p\u00e5skev\u00e6r, kan det v\u00e6re lurt \u00e5 revurdere planene dine. En prognose fra Jorge Rey, kjent for \u00e5 forutsi sn\u00f8stormen Filomena, peker mot en kaldere og v\u00e5tere start p\u00e5 april, akkurat n\u00e5r Semana Santa begynner.<\/p>\n<p>If\u00f8lge hans siste syn, basert p\u00e5 det tradisjonelle <em>caba\u00f1uelas<\/em> metoden, kan deler av Nord- og Sentral-Spania se temperaturer under gjennomsnittet, regn og til og med sjansen for sn\u00f8 de kommende dagene, f\u00f8r forholdene endrer seg igjen senere i m\u00e5neden.<\/p>\n<h2>Kald start p\u00e5 april: hva kan du forvente denne Semana Santa<\/h2>\n<p>Timingen kunne ikke v\u00e6rt viktigere. P\u00e5skeuken er en av de travleste reiseperiodene i Spania, med prosesjoner, bilturer og utflukter i siste liten over hele landet.<\/p>\n<div class=\"sra_unit\"><link rel=\"stylesheet\" id=\"block-sra\" href=\"https:\/\/euroweeklynews.com\/wp-content\/plugins\/snack-related-articles\/dist\/css\/snack-related.min.css?250312-193541\" type=\"text\/css\" media=\"all\">\n<\/div>\n<p>Frem til n\u00e5 har <strong>v\u00e6r <\/strong>har v\u00e6rt p\u00e5 din side. De siste dagene av mars brakte rolig himmel, sv\u00e6rt lite regn og temperaturer n\u00e6r normale niv\u00e5er, if\u00f8lge Aemet. Det f\u00f8ltes som en jevn start p\u00e5 v\u00e5ren.<\/p>\n<p>Men n\u00e5r april begynner, kan ting ta en annen vending.<\/p>\n<p>I hans siste <strong>video<\/strong>antyder Jorge Rey at Semana Santa kan v\u00e6re urolig i store deler av landet, spesielt i de nordlige og sentrale regionene. Han forventer kj\u00f8ligere temperaturer enn vanlig til rundt 6. april, som i \u00e5r faller p\u00e5 p\u00e5skedag.<\/p>\n<p>Ved siden av temperaturfallet er det sannsynligvis regn over flere omr\u00e5der, og i h\u00f8yere h\u00f8yder er sn\u00f8 ikke utelukket. Det betyr ikke utbredt sn\u00f8fall, men nok til \u00e5 minne folk om at vinteren ikke er helt borte enn\u00e5.<\/p>\n<p>For alle som planlegger \u00e5 v\u00e6re utend\u00f8rs \u2013 enten det er \u00e5 se prosesjoner eller reise mellom byer \u2013 kan det bety \u00e5 ha en paraply i n\u00e6rheten i stedet for \u00e5 stole p\u00e5 v\u00e5rsolen.<\/p>\n<h2>Hvem er Jorge Rey \u2013 og hva er caba\u00f1uelaene?<\/h2>\n<p>Jorge Rey er ikke en tradisjonell meteorolog, men han har blitt et kjent navn i Spania etter \u00e5 ha forutsett Storm Filomena riktig i 2021, som overrasket mange p\u00e5 den tiden.<\/p>\n<p>Hans prognoser er basert p\u00e5 <em>caba\u00f1uelas<\/em>en flere hundre \u00e5r gammel metode for \u00e5 forutsi v\u00e6ret ved \u00e5 observere naturlige m\u00f8nstre \u2013 ting som vindretning, skyadferd eller temperaturendringer p\u00e5 bestemte tider av \u00e5ret.<\/p>\n<p>Det er ikke det samme som moderne prognosemodeller som brukes av Aemet, og det er ikke ment \u00e5 erstatte dem. Men hver gang han deler et nytt syn, f\u00e5r det oppmerksomhet \u2013 spesielt n\u00e5r det st\u00e5r i tr\u00e5d med store reiseperioder som p\u00e5ske.<\/p>\n<p>S\u00e5 selv om sp\u00e5dommene hans b\u00f8r tas som en bredere trend i stedet for en presis prognose, gir de fortsatt en id\u00e9 om hva slags m\u00e5ned april kan bli.<\/p>\n<h2>Etter p\u00e5ske: kort solskinn, s\u00e5 mer regn p\u00e5 vei<\/h2>\n<p>Ser vi utover p\u00e5skehelgen, forventer Rey at v\u00e6ret vil forbli skiftende.<\/p>\n<p>Kort tid etter 6. april kan regnet komme tilbake til de vestlige delene av Spania, spesielt fra rundt 8. april og utover. Denne ustabile trolldommen kan vare noen dager f\u00f8r ting blir bedre igjen.<\/p>\n<p>Rundt 12. eller 13. april peker han p\u00e5 ankomsten av et h\u00f8ytrykkssystem, som ville gi flere dager med roligere og mer solfylt v\u00e6r. I l\u00f8pet av det vinduet kan temperaturene stige merkbart, med noen omr\u00e5der med 20 til 25 grader.<\/p>\n<p>Det er den typen v\u00e6r mange forventer i april \u2013 men det varer kanskje ikke lenge.<\/p>\n<h2>Storm, st\u00f8v og et nytt skifte senere i april<\/h2>\n<p>I midten av m\u00e5neden kan m\u00f8nsteret endre seg igjen.<\/p>\n<p>Rundt 16. og 17. april forventer Rey at en annen front vil bevege seg inn fra vest, og bringe friskt regn. Dette kan utvikle seg til stormer over deler av s\u00f8rvest, inkludert omr\u00e5der som Extremadura, Huelva, C\u00e1diz og Sevilla.<\/p>\n<p>Den p\u00e5f\u00f8lgende helgen, 18. og 19. april, kan bringe noe litt annerledes. I f\u00f8lge prognosen hans kan det dannes et lavtrykkssystem n\u00e6r Marokko, som potensielt skyver calima (Sahara-st\u00f8v) mot deler av det s\u00f8rlige og \u00f8stlige Spania.<\/p>\n<p>Hvis det skjer, kan omr\u00e5der som M\u00e1laga, Almer\u00eda, Murcia og til og med Kanari\u00f8yene se diset himmel sammen med ustabilt v\u00e6r.<\/p>\n<p>Mot slutten av m\u00e5neden antyder Rey at flere atlantiske fronter kan ankomme, spesielt i vest og nord. Rundt 27. og 28. april kan et mer aktivt system som kommer inn gjennom Galicia gi utbredt regn, kj\u00f8ligere luft og til og med sn\u00f8 i fjellomr\u00e5der.<\/p>\n<h2>En m\u00e5ned som kanskje ikke legger seg<\/h2>\n<p>Sett under ett peker prognosen mot en stopp-start-type april.<\/p>\n<p>I stedet for en jevn bevegelse inn i varmere v\u00e5rv\u00e6r, kan m\u00e5neden bringe en blanding av kj\u00f8ligere perioder, kort varme og gjentatte runder med regn. Det er den typen m\u00f8nster som kan gj\u00f8re planleggingen vanskelig, spesielt i travle perioder som p\u00e5ske.<\/p>\n<p>Som alltid er offisielle oppdateringer fra Aemet de mest p\u00e5litelige for daglige forhold. Men Reys utsikter gir en bredere f\u00f8lelse av hva som kan komme \u2013 og forel\u00f8pig tyder det p\u00e5 at denne f\u00f8rste uken i april kan f\u00f8les litt mer som senvinter enn tidlig p\u00e5 v\u00e5ren i enkelte deler av Spania.<\/p>\n<p>S\u00e5 hvis du skal ut denne uken, kan det v\u00e6re verdt \u00e5 pakke for begge sesongene.<\/p>\n<p>                    <!-- Originally published at https:\/\/euroweeklynews.com\/2026\/04\/01\/spain-easter-weather-twist-cold-rain-and-even-snow-possible-this-week\/ on 01 Apr 2026 at 23:28 by Farah Mokrani --><br \/>\n                    <!-- Article End -->\n                <\/div>\n","protected":false},"excerpt":{"rendered":"<p>Det er 1. april og Spania har akkurat kommet inn i v\u00e5ren \u2013 men hvis<\/p>\n","protected":false},"author":1,"featured_media":16645,"comment_status":"closed","ping_status":"open","sticky":false,"template":"","format":"standard","meta":{"footnotes":""},"categories":[105],"tags":[1717,5792,79,316,10775,1308,7276,1892,117,3899],"class_list":["post-16644","post","type-post","status-publish","format-standard","has-post-thumbnail","hentry","category-livsstil","tag-denne","tag-kulde","tag-med","tag-mulig","tag-paskevri","tag-regn","tag-sno","tag-spanias","tag-til","tag-uken","generate-columns","tablet-grid-50","mobile-grid-100","grid-parent","grid-33","resize-featured-image"],"yoast_head":"<!-- This site is optimized with the Yoast SEO plugin v24.4 - https:\/\/yoast.com\/wordpress\/plugins\/seo\/ -->\n<title>Spanias p\u00e5skevri: kulde, regn og til og med sn\u00f8 mulig denne uken - Nordnesrepublikken<\/title>\n<meta name=\"robots\" content=\"index, follow, max-snippet:-1, max-image-preview:large, max-video-preview:-1\" \/>\n<link rel=\"canonical\" href=\"https:\/\/nordnesrepublikken.no\/index.php\/2026\/04\/06\/spanias-paskevri-kulde-regn-og-til-og-med-sno-mulig-denne-uken\/\" \/>\n<meta property=\"og:locale\" content=\"nb_NO\" \/>\n<meta property=\"og:type\" content=\"article\" \/>\n<meta property=\"og:title\" content=\"Spanias p\u00e5skevri: kulde, regn og til og med sn\u00f8 mulig denne uken - Nordnesrepublikken\" \/>\n<meta property=\"og:description\" content=\"Det er 1. april og Spania har akkurat kommet inn i v\u00e5ren \u2013 men hvis\" \/>\n<meta property=\"og:url\" content=\"https:\/\/nordnesrepublikken.no\/index.php\/2026\/04\/06\/spanias-paskevri-kulde-regn-og-til-og-med-sno-mulig-denne-uken\/\" \/>\n<meta property=\"og:site_name\" content=\"Nordnesrepublikken\" \/>\n<meta property=\"article:published_time\" content=\"2026-04-06T04:50:05+00:00\" \/>\n<meta property=\"article:modified_time\" content=\"2026-04-06T04:50:07+00:00\" \/>\n<meta property=\"og:image\" content=\"https:\/\/nordnesrepublikken.no\/wp-content\/uploads\/2026\/04\/1775451006_Spanias-paskevri-kulde-regn-og-til-og-med-sno-mulig.jpg\" \/>\n\t<meta property=\"og:image:width\" content=\"1200\" \/>\n\t<meta property=\"og:image:height\" content=\"800\" \/>\n\t<meta property=\"og:image:type\" content=\"image\/jpeg\" \/>\n<meta name=\"author\" content=\"Ole Andersen\" \/>\n<meta name=\"twitter:card\" content=\"summary_large_image\" \/>\n<meta name=\"twitter:label1\" content=\"Skrevet av\" \/>\n\t<meta name=\"twitter:data1\" content=\"Ole Andersen\" \/>\n\t<meta name=\"twitter:label2\" content=\"Ansl. lesetid\" \/>\n\t<meta name=\"twitter:data2\" content=\"4 minutter\" \/>\n<script type=\"application\/ld+json\" class=\"yoast-schema-graph\">{\"@context\":\"https:\/\/schema.org\",\"@graph\":[{\"@type\":\"Article\",\"@id\":\"https:\/\/nordnesrepublikken.no\/index.php\/2026\/04\/06\/spanias-paskevri-kulde-regn-og-til-og-med-sno-mulig-denne-uken\/#article\",\"isPartOf\":{\"@id\":\"https:\/\/nordnesrepublikken.no\/index.php\/2026\/04\/06\/spanias-paskevri-kulde-regn-og-til-og-med-sno-mulig-denne-uken\/\"},\"author\":{\"name\":\"Ole Andersen\",\"@id\":\"https:\/\/nordnesrepublikken.no\/#\/schema\/person\/2e7e81935bab77882fffb79296240ff1\"},\"headline\":\"Spanias p\u00e5skevri: kulde, regn og til og med sn\u00f8 mulig denne uken\",\"datePublished\":\"2026-04-06T04:50:05+00:00\",\"dateModified\":\"2026-04-06T04:50:07+00:00\",\"mainEntityOfPage\":{\"@id\":\"https:\/\/nordnesrepublikken.no\/index.php\/2026\/04\/06\/spanias-paskevri-kulde-regn-og-til-og-med-sno-mulig-denne-uken\/\"},\"wordCount\":891,\"publisher\":{\"@id\":\"https:\/\/nordnesrepublikken.no\/#organization\"},\"image\":{\"@id\":\"https:\/\/nordnesrepublikken.no\/index.php\/2026\/04\/06\/spanias-paskevri-kulde-regn-og-til-og-med-sno-mulig-denne-uken\/#primaryimage\"},\"thumbnailUrl\":\"https:\/\/nordnesrepublikken.no\/wp-content\/uploads\/2026\/04\/1775451006_Spanias-paskevri-kulde-regn-og-til-og-med-sno-mulig.jpg\",\"keywords\":[\"denne\",\"kulde\",\"med\",\"mulig\",\"p\u00e5skevri\",\"regn\",\"sn\u00f8\",\"Spanias\",\"til\",\"uken\"],\"articleSection\":[\"Livsstil\"],\"inLanguage\":\"nb-NO\"},{\"@type\":\"WebPage\",\"@id\":\"https:\/\/nordnesrepublikken.no\/index.php\/2026\/04\/06\/spanias-paskevri-kulde-regn-og-til-og-med-sno-mulig-denne-uken\/\",\"url\":\"https:\/\/nordnesrepublikken.no\/index.php\/2026\/04\/06\/spanias-paskevri-kulde-regn-og-til-og-med-sno-mulig-denne-uken\/\",\"name\":\"Spanias p\u00e5skevri: kulde, regn og til og med sn\u00f8 mulig denne uken - Nordnesrepublikken\",\"isPartOf\":{\"@id\":\"https:\/\/nordnesrepublikken.no\/#website\"},\"primaryImageOfPage\":{\"@id\":\"https:\/\/nordnesrepublikken.no\/index.php\/2026\/04\/06\/spanias-paskevri-kulde-regn-og-til-og-med-sno-mulig-denne-uken\/#primaryimage\"},\"image\":{\"@id\":\"https:\/\/nordnesrepublikken.no\/index.php\/2026\/04\/06\/spanias-paskevri-kulde-regn-og-til-og-med-sno-mulig-denne-uken\/#primaryimage\"},\"thumbnailUrl\":\"https:\/\/nordnesrepublikken.no\/wp-content\/uploads\/2026\/04\/1775451006_Spanias-paskevri-kulde-regn-og-til-og-med-sno-mulig.jpg\",\"datePublished\":\"2026-04-06T04:50:05+00:00\",\"dateModified\":\"2026-04-06T04:50:07+00:00\",\"breadcrumb\":{\"@id\":\"https:\/\/nordnesrepublikken.no\/index.php\/2026\/04\/06\/spanias-paskevri-kulde-regn-og-til-og-med-sno-mulig-denne-uken\/#breadcrumb\"},\"inLanguage\":\"nb-NO\",\"potentialAction\":[{\"@type\":\"ReadAction\",\"target\":[\"https:\/\/nordnesrepublikken.no\/index.php\/2026\/04\/06\/spanias-paskevri-kulde-regn-og-til-og-med-sno-mulig-denne-uken\/\"]}]},{\"@type\":\"ImageObject\",\"inLanguage\":\"nb-NO\",\"@id\":\"https:\/\/nordnesrepublikken.no\/index.php\/2026\/04\/06\/spanias-paskevri-kulde-regn-og-til-og-med-sno-mulig-denne-uken\/#primaryimage\",\"url\":\"https:\/\/nordnesrepublikken.no\/wp-content\/uploads\/2026\/04\/1775451006_Spanias-paskevri-kulde-regn-og-til-og-med-sno-mulig.jpg\",\"contentUrl\":\"https:\/\/nordnesrepublikken.no\/wp-content\/uploads\/2026\/04\/1775451006_Spanias-paskevri-kulde-regn-og-til-og-med-sno-mulig.jpg\",\"width\":1200,\"height\":800,\"caption\":\"Spanias p\u00e5skevri: kulde, regn og til og med sn\u00f8 mulig denne uken\"},{\"@type\":\"BreadcrumbList\",\"@id\":\"https:\/\/nordnesrepublikken.no\/index.php\/2026\/04\/06\/spanias-paskevri-kulde-regn-og-til-og-med-sno-mulig-denne-uken\/#breadcrumb\",\"itemListElement\":[{\"@type\":\"ListItem\",\"position\":1,\"name\":\"Home\",\"item\":\"https:\/\/nordnesrepublikken.no\/\"},{\"@type\":\"ListItem\",\"position\":2,\"name\":\"Spanias p\u00e5skevri: kulde, regn og til og med sn\u00f8 mulig denne uken\"}]},{\"@type\":\"WebSite\",\"@id\":\"https:\/\/nordnesrepublikken.no\/#website\",\"url\":\"https:\/\/nordnesrepublikken.no\/\",\"name\":\"Nordnesrepublikken\",\"description\":\"Stemmer og Visjoner fra Republikkens Hjerte\",\"publisher\":{\"@id\":\"https:\/\/nordnesrepublikken.no\/#organization\"},\"potentialAction\":[{\"@type\":\"SearchAction\",\"target\":{\"@type\":\"EntryPoint\",\"urlTemplate\":\"https:\/\/nordnesrepublikken.no\/?s={search_term_string}\"},\"query-input\":{\"@type\":\"PropertyValueSpecification\",\"valueRequired\":true,\"valueName\":\"search_term_string\"}}],\"inLanguage\":\"nb-NO\"},{\"@type\":\"Organization\",\"@id\":\"https:\/\/nordnesrepublikken.no\/#organization\",\"name\":\"Nordnesrepublikken\",\"url\":\"https:\/\/nordnesrepublikken.no\/\",\"logo\":{\"@type\":\"ImageObject\",\"inLanguage\":\"nb-NO\",\"@id\":\"https:\/\/nordnesrepublikken.no\/#\/schema\/logo\/image\/\",\"url\":\"https:\/\/nordnesrepublikken.no\/wp-content\/uploads\/2025\/02\/cropped-nordnesrepublikken-2.png\",\"contentUrl\":\"https:\/\/nordnesrepublikken.no\/wp-content\/uploads\/2025\/02\/cropped-nordnesrepublikken-2.png\",\"width\":1248,\"height\":362,\"caption\":\"Nordnesrepublikken\"},\"image\":{\"@id\":\"https:\/\/nordnesrepublikken.no\/#\/schema\/logo\/image\/\"}},{\"@type\":\"Person\",\"@id\":\"https:\/\/nordnesrepublikken.no\/#\/schema\/person\/2e7e81935bab77882fffb79296240ff1\",\"name\":\"Ole Andersen\",\"image\":{\"@type\":\"ImageObject\",\"inLanguage\":\"nb-NO\",\"@id\":\"https:\/\/nordnesrepublikken.no\/#\/schema\/person\/image\/\",\"url\":\"https:\/\/nordnesrepublikken.no\/wp-content\/uploads\/2025\/02\/nordnesrepublikken-2-2-150x150.jpg\",\"contentUrl\":\"https:\/\/nordnesrepublikken.no\/wp-content\/uploads\/2025\/02\/nordnesrepublikken-2-2-150x150.jpg\",\"caption\":\"Ole Andersen\"},\"description\":\"Ettersom jeg vokste opp i Oslo, har jeg alltid v\u00e6rt fascinert av ordenes kraft og deres evne til \u00e5 skape endringer. Etter \u00e5 ha fullf\u00f8rt min utdannelse i kommunikasjon ved Universitetet i Bergen, fikk jeg muligheten til \u00e5 jobbe innen ulike medier, der jeg har s\u00f8kt \u00e5 belyse viktige samfunnssp\u00f8rsm\u00e5l. I dag, som redakt\u00f8r for Nordnesrepublikken, pr\u00f8ver jeg \u00e5 forene min kj\u00e6rlighet for journalistikk med min lidenskap for innovasjon og eventyr.\",\"sameAs\":[\"https:\/\/nordnesrepublikken.no\/\"]}]}<\/script>\n<!-- \/ Yoast SEO plugin. -->","yoast_head_json":{"title":"Spanias p\u00e5skevri: kulde, regn og til og med sn\u00f8 mulig denne uken - Nordnesrepublikken","robots":{"index":"index","follow":"follow","max-snippet":"max-snippet:-1","max-image-preview":"max-image-preview:large","max-video-preview":"max-video-preview:-1"},"canonical":"https:\/\/nordnesrepublikken.no\/index.php\/2026\/04\/06\/spanias-paskevri-kulde-regn-og-til-og-med-sno-mulig-denne-uken\/","og_locale":"nb_NO","og_type":"article","og_title":"Spanias p\u00e5skevri: kulde, regn og til og med sn\u00f8 mulig denne uken - Nordnesrepublikken","og_description":"Det er 1. april og Spania har akkurat kommet inn i v\u00e5ren \u2013 men hvis","og_url":"https:\/\/nordnesrepublikken.no\/index.php\/2026\/04\/06\/spanias-paskevri-kulde-regn-og-til-og-med-sno-mulig-denne-uken\/","og_site_name":"Nordnesrepublikken","article_published_time":"2026-04-06T04:50:05+00:00","article_modified_time":"2026-04-06T04:50:07+00:00","og_image":[{"width":1200,"height":800,"url":"https:\/\/nordnesrepublikken.no\/wp-content\/uploads\/2026\/04\/1775451006_Spanias-paskevri-kulde-regn-og-til-og-med-sno-mulig.jpg","type":"image\/jpeg"}],"author":"Ole Andersen","twitter_card":"summary_large_image","twitter_misc":{"Skrevet av":"Ole Andersen","Ansl. lesetid":"4 minutter"},"schema":{"@context":"https:\/\/schema.org","@graph":[{"@type":"Article","@id":"https:\/\/nordnesrepublikken.no\/index.php\/2026\/04\/06\/spanias-paskevri-kulde-regn-og-til-og-med-sno-mulig-denne-uken\/#article","isPartOf":{"@id":"https:\/\/nordnesrepublikken.no\/index.php\/2026\/04\/06\/spanias-paskevri-kulde-regn-og-til-og-med-sno-mulig-denne-uken\/"},"author":{"name":"Ole Andersen","@id":"https:\/\/nordnesrepublikken.no\/#\/schema\/person\/2e7e81935bab77882fffb79296240ff1"},"headline":"Spanias p\u00e5skevri: kulde, regn og til og med sn\u00f8 mulig denne uken","datePublished":"2026-04-06T04:50:05+00:00","dateModified":"2026-04-06T04:50:07+00:00","mainEntityOfPage":{"@id":"https:\/\/nordnesrepublikken.no\/index.php\/2026\/04\/06\/spanias-paskevri-kulde-regn-og-til-og-med-sno-mulig-denne-uken\/"},"wordCount":891,"publisher":{"@id":"https:\/\/nordnesrepublikken.no\/#organization"},"image":{"@id":"https:\/\/nordnesrepublikken.no\/index.php\/2026\/04\/06\/spanias-paskevri-kulde-regn-og-til-og-med-sno-mulig-denne-uken\/#primaryimage"},"thumbnailUrl":"https:\/\/nordnesrepublikken.no\/wp-content\/uploads\/2026\/04\/1775451006_Spanias-paskevri-kulde-regn-og-til-og-med-sno-mulig.jpg","keywords":["denne","kulde","med","mulig","p\u00e5skevri","regn","sn\u00f8","Spanias","til","uken"],"articleSection":["Livsstil"],"inLanguage":"nb-NO"},{"@type":"WebPage","@id":"https:\/\/nordnesrepublikken.no\/index.php\/2026\/04\/06\/spanias-paskevri-kulde-regn-og-til-og-med-sno-mulig-denne-uken\/","url":"https:\/\/nordnesrepublikken.no\/index.php\/2026\/04\/06\/spanias-paskevri-kulde-regn-og-til-og-med-sno-mulig-denne-uken\/","name":"Spanias p\u00e5skevri: kulde, regn og til og med sn\u00f8 mulig denne uken - Nordnesrepublikken","isPartOf":{"@id":"https:\/\/nordnesrepublikken.no\/#website"},"primaryImageOfPage":{"@id":"https:\/\/nordnesrepublikken.no\/index.php\/2026\/04\/06\/spanias-paskevri-kulde-regn-og-til-og-med-sno-mulig-denne-uken\/#primaryimage"},"image":{"@id":"https:\/\/nordnesrepublikken.no\/index.php\/2026\/04\/06\/spanias-paskevri-kulde-regn-og-til-og-med-sno-mulig-denne-uken\/#primaryimage"},"thumbnailUrl":"https:\/\/nordnesrepublikken.no\/wp-content\/uploads\/2026\/04\/1775451006_Spanias-paskevri-kulde-regn-og-til-og-med-sno-mulig.jpg","datePublished":"2026-04-06T04:50:05+00:00","dateModified":"2026-04-06T04:50:07+00:00","breadcrumb":{"@id":"https:\/\/nordnesrepublikken.no\/index.php\/2026\/04\/06\/spanias-paskevri-kulde-regn-og-til-og-med-sno-mulig-denne-uken\/#breadcrumb"},"inLanguage":"nb-NO","potentialAction":[{"@type":"ReadAction","target":["https:\/\/nordnesrepublikken.no\/index.php\/2026\/04\/06\/spanias-paskevri-kulde-regn-og-til-og-med-sno-mulig-denne-uken\/"]}]},{"@type":"ImageObject","inLanguage":"nb-NO","@id":"https:\/\/nordnesrepublikken.no\/index.php\/2026\/04\/06\/spanias-paskevri-kulde-regn-og-til-og-med-sno-mulig-denne-uken\/#primaryimage","url":"https:\/\/nordnesrepublikken.no\/wp-content\/uploads\/2026\/04\/1775451006_Spanias-paskevri-kulde-regn-og-til-og-med-sno-mulig.jpg","contentUrl":"https:\/\/nordnesrepublikken.no\/wp-content\/uploads\/2026\/04\/1775451006_Spanias-paskevri-kulde-regn-og-til-og-med-sno-mulig.jpg","width":1200,"height":800,"caption":"Spanias p\u00e5skevri: kulde, regn og til og med sn\u00f8 mulig denne uken"},{"@type":"BreadcrumbList","@id":"https:\/\/nordnesrepublikken.no\/index.php\/2026\/04\/06\/spanias-paskevri-kulde-regn-og-til-og-med-sno-mulig-denne-uken\/#breadcrumb","itemListElement":[{"@type":"ListItem","position":1,"name":"Home","item":"https:\/\/nordnesrepublikken.no\/"},{"@type":"ListItem","position":2,"name":"Spanias p\u00e5skevri: kulde, regn og til og med sn\u00f8 mulig denne uken"}]},{"@type":"WebSite","@id":"https:\/\/nordnesrepublikken.no\/#website","url":"https:\/\/nordnesrepublikken.no\/","name":"Nordnesrepublikken","description":"Stemmer og Visjoner fra Republikkens Hjerte","publisher":{"@id":"https:\/\/nordnesrepublikken.no\/#organization"},"potentialAction":[{"@type":"SearchAction","target":{"@type":"EntryPoint","urlTemplate":"https:\/\/nordnesrepublikken.no\/?s={search_term_string}"},"query-input":{"@type":"PropertyValueSpecification","valueRequired":true,"valueName":"search_term_string"}}],"inLanguage":"nb-NO"},{"@type":"Organization","@id":"https:\/\/nordnesrepublikken.no\/#organization","name":"Nordnesrepublikken","url":"https:\/\/nordnesrepublikken.no\/","logo":{"@type":"ImageObject","inLanguage":"nb-NO","@id":"https:\/\/nordnesrepublikken.no\/#\/schema\/logo\/image\/","url":"https:\/\/nordnesrepublikken.no\/wp-content\/uploads\/2025\/02\/cropped-nordnesrepublikken-2.png","contentUrl":"https:\/\/nordnesrepublikken.no\/wp-content\/uploads\/2025\/02\/cropped-nordnesrepublikken-2.png","width":1248,"height":362,"caption":"Nordnesrepublikken"},"image":{"@id":"https:\/\/nordnesrepublikken.no\/#\/schema\/logo\/image\/"}},{"@type":"Person","@id":"https:\/\/nordnesrepublikken.no\/#\/schema\/person\/2e7e81935bab77882fffb79296240ff1","name":"Ole Andersen","image":{"@type":"ImageObject","inLanguage":"nb-NO","@id":"https:\/\/nordnesrepublikken.no\/#\/schema\/person\/image\/","url":"https:\/\/nordnesrepublikken.no\/wp-content\/uploads\/2025\/02\/nordnesrepublikken-2-2-150x150.jpg","contentUrl":"https:\/\/nordnesrepublikken.no\/wp-content\/uploads\/2025\/02\/nordnesrepublikken-2-2-150x150.jpg","caption":"Ole Andersen"},"description":"Ettersom jeg vokste opp i Oslo, har jeg alltid v\u00e6rt fascinert av ordenes kraft og deres evne til \u00e5 skape endringer. Etter \u00e5 ha fullf\u00f8rt min utdannelse i kommunikasjon ved Universitetet i Bergen, fikk jeg muligheten til \u00e5 jobbe innen ulike medier, der jeg har s\u00f8kt \u00e5 belyse viktige samfunnssp\u00f8rsm\u00e5l. I dag, som redakt\u00f8r for Nordnesrepublikken, pr\u00f8ver jeg \u00e5 forene min kj\u00e6rlighet for journalistikk med min lidenskap for innovasjon og eventyr.","sameAs":["https:\/\/nordnesrepublikken.no\/"]}]}},"_links":{"self":[{"href":"https:\/\/nordnesrepublikken.no\/index.php\/wp-json\/wp\/v2\/posts\/16644","targetHints":{"allow":["GET"]}}],"collection":[{"href":"https:\/\/nordnesrepublikken.no\/index.php\/wp-json\/wp\/v2\/posts"}],"about":[{"href":"https:\/\/nordnesrepublikken.no\/index.php\/wp-json\/wp\/v2\/types\/post"}],"author":[{"embeddable":true,"href":"https:\/\/nordnesrepublikken.no\/index.php\/wp-json\/wp\/v2\/users\/1"}],"replies":[{"embeddable":true,"href":"https:\/\/nordnesrepublikken.no\/index.php\/wp-json\/wp\/v2\/comments?post=16644"}],"version-history":[{"count":1,"href":"https:\/\/nordnesrepublikken.no\/index.php\/wp-json\/wp\/v2\/posts\/16644\/revisions"}],"predecessor-version":[{"id":16646,"href":"https:\/\/nordnesrepublikken.no\/index.php\/wp-json\/wp\/v2\/posts\/16644\/revisions\/16646"}],"wp:featuredmedia":[{"embeddable":true,"href":"https:\/\/nordnesrepublikken.no\/index.php\/wp-json\/wp\/v2\/media\/16645"}],"wp:attachment":[{"href":"https:\/\/nordnesrepublikken.no\/index.php\/wp-json\/wp\/v2\/media?parent=16644"}],"wp:term":[{"taxonomy":"category","embeddable":true,"href":"https:\/\/nordnesrepublikken.no\/index.php\/wp-json\/wp\/v2\/categories?post=16644"},{"taxonomy":"post_tag","embeddable":true,"href":"https:\/\/nordnesrepublikken.no\/index.php\/wp-json\/wp\/v2\/tags?post=16644"}],"curies":[{"name":"wp","href":"https:\/\/api.w.org\/{rel}","templated":true}]}}