{"id":16638,"date":"2026-04-05T23:49:31","date_gmt":"2026-04-05T21:49:31","guid":{"rendered":"https:\/\/nordnesrepublikken.no\/index.php\/2026\/04\/05\/ryanair-kansellerer-ruter-over-spania-tyskland-frankrike-portugal-og-belgia\/"},"modified":"2026-04-05T23:49:33","modified_gmt":"2026-04-05T21:49:33","slug":"ryanair-kansellerer-ruter-over-spania-tyskland-frankrike-portugal-og-belgia","status":"publish","type":"post","link":"https:\/\/nordnesrepublikken.no\/index.php\/2026\/04\/05\/ryanair-kansellerer-ruter-over-spania-tyskland-frankrike-portugal-og-belgia\/","title":{"rendered":"Ryanair kansellerer ruter over Spania, Tyskland, Frankrike, Portugal og Belgia"},"content":{"rendered":"<p><\/p>\n<div class=\"wordpress-content\">\n                    <!-- Article Start --><\/p>\n<p class=\"p1\">Ryanair skal redusere flynettverket over hele Europa i 2026, med rutekutt som p\u00e5virker flere land, inkludert Spania, Portugal, Tyskland, Frankrike og Belgia. Flyselskapet har knyttet avgj\u00f8relsen til \u00f8kende luftfartsskatter, flyplassavgifter og driftskostnader, som det sier gj\u00f8r visse ruter ulevedyktige.<\/p>\n<p class=\"p1\"><strong>Reduksjonene vil fjerne millioner av seter fra flyselskapets ruteplan<\/strong>med s\u00e6rlig innvirkning p\u00e5 regionale flyplasser og ruter med lavere trafikk. Land som er mest ber\u00f8rt inkluderer popul\u00e6re turistm\u00e5l som ofte brukes av britiske reisende.<\/p>\n<h2 class=\"p2\"><b>Full liste over ber\u00f8rte ruter og flyplasser<\/b><\/h2>\n<p class=\"p1\">I Spania trekker Ryanair seg fra flere lokasjoner og reduserer kapasiteten p\u00e5 tvers av andre. Flyselskapet har stoppet alle flyvninger til Asturias og Vigo, og stengt sin base i Santiago de Compostela. Ytterligere reduksjoner p\u00e5virker Santander og Zaragoza, mens forbindelsene til Kanari\u00f8yene, inkludert Tenerife nord, er kuttet. Tjenestene til Valladolid og Jerez er ogs\u00e5 avviklet.<\/p>\n<div class=\"sra_unit\"><link rel=\"stylesheet\" id=\"block-sra\" href=\"https:\/\/euroweeklynews.com\/wp-content\/plugins\/snack-related-articles\/dist\/css\/snack-related.min.css?250312-193541\" type=\"text\/css\" media=\"all\">\n<\/div>\n<p class=\"p1\">I Tyskland kutter flyselskapet 24 ruter og reduserer kapasiteten p\u00e5 tvers av flere flyplasser. Ber\u00f8rte steder inkluderer Berlin, Hamburg, K\u00f6ln, Frankfurt-Hahn, Dortmund, Dresden, Leipzig og Memmingen, med noen tjenester suspendert helt p\u00e5 mindre flyplasser.<\/p>\n<p class=\"p1\">I Frankrike har Ryanair kansellert ruter til Bergerac, Brive og Strasbourg, sammen med st\u00f8rre reduksjoner i regionale tjenester. Driften har ogs\u00e5 opph\u00f8rt i Clermont-Ferrand, med ytterligere kapasitetskutt ventet p\u00e5 andre regionale flyplasser.<\/p>\n<p class=\"p1\">I Belgia fjerner flyselskapet rundt 20 ruter og reduserer tjenester fra Brussel og Charleroi, og eliminerer omtrent en million seter fra planen.<\/p>\n<p class=\"p1\">I Portugal trekkes Ryanair helt tilbake fra Azorene, og kansellerer alle seks rutene til og fra \u00f8yene i mars.<\/p>\n<h2 class=\"p2\"><b>\u00c5rsaker bak kuttene<\/b><\/h2>\n<p class=\"p1\">Ryanair har tilskrevet endringene \u00f8kte kostnader p\u00e5 tvers av flere markeder. Disse inkluderer h\u00f8yere flyplassavgifter, \u00f8kende luftfartsskatter og \u00f8kte avgifter for lufttrafikkkontroll p\u00e5lagt av nasjonale myndigheter og flyplassoperat\u00f8rer.<\/p>\n<p class=\"p1\"><strong>I Spania har flyselskapet kritisert flyplassoperat\u00f8ren Aena over avgifts\u00f8kninger<\/strong>og argumenterer for at regionale flyplasser har blitt for dyre i drift. I Belgia har en planlagt \u00f8kning av luftfartsskattene f\u00f8rt til at rutene fra Brussel og Charleroi er fjernet. Lignende bekymringer har blitt reist i Tyskland og Frankrike, der h\u00f8yere skatter og regulatoriske kostnader har p\u00e5virket rutel\u00f8nnsomheten.<\/p>\n<p class=\"p1\">Flyselskapet har uttalt at det i stedet vil fokusere kapasiteten p\u00e5 markeder hvor driftskostnadene er lavere og ettersp\u00f8rselen fortsatt er sterk.<\/p>\n<h2 class=\"p2\"><b>Innvirkning p\u00e5 britiske expats og innbyggere i Spania<\/b><\/h2>\n<p class=\"p1\">Endringene forventes \u00e5 p\u00e5virke britiske innbyggere og expats i Spania, spesielt de som bor utenfor st\u00f8rre byer. Mange av de tilbaketrukne rutene involverer regionale flyplasser, som ofte brukes av expat-samfunn for reiser til og fra Storbritannia. Stengingen av ruter til flyplasser som Asturias, Vigo og Valladolid, sammen med reduserte tjenester til Santander og Zaragoza, vil sannsynligvis begrense direkteforbindelser. Reisende m\u00e5 kanskje stole p\u00e5 <strong>tyngre p\u00e5 st\u00f8rre flyplasser som Madrid, Barcelona eller M\u00e1laga, noe som \u00f8ker reisetidene<\/strong> og totale reisekostnader.<\/p>\n<p class=\"p1\">Redusert tilkobling til Kanari\u00f8yene kan ogs\u00e5 p\u00e5virke britiske innbyggere som bor eller ferierer der, spesielt i h\u00f8ye reiseperioder n\u00e5r ettersp\u00f8rselen er h\u00f8yere og f\u00e6rre lavprisalternativer er tilgjengelige.<\/p>\n<p class=\"p1\">Rent praktisk kan reduksjonen i ruter f\u00f8re til f\u00e6rre flyalternativer, h\u00f8yere priser p\u00e5 gjenv\u00e6rende tjenester og \u00f8kt avhengighet av alternative flyselskaper eller indirekte ruter. Dette kan v\u00e6re spesielt viktig for de som reiser regelmessig mellom Spania og Storbritannia av arbeid, familie eller eiendomsrelaterte \u00e5rsaker.<\/p>\n<h2 class=\"p2\"><b>Hva du skal gj\u00f8re hvis flyet ditt blir kansellert<\/b><\/h2>\n<p class=\"p1\">Passasjerer som er ber\u00f8rt av kanselleringer er beskyttet under britiske og EU-reglene for flypassasjerer. Hvis en Ryanair-flyvning kanselleres, har reisende rett til \u00e5 velge mellom en refusjon eller et alternativt fly til destinasjonen. Flyselskaper m\u00e5 tilby omruting s\u00e5 snart som mulig eller p\u00e5 et senere tidspunkt valgt av passasjeren, med forbehold om tilgjengelighet. Hvis flyselskapet ikke kan tilby et passende alternativ, kan passasjerene selv arrangere sin reise og kreve tilbake rimelige kostnader.<\/p>\n<p class=\"p1\">I tilfeller der kanselleringen er innenfor flyselskapets kontroll, kan det ogs\u00e5 utbetales kompensasjon avhengig av flyavstanden og varselet som er gitt. Dette er atskilt fra retten til refusjon eller erstatningsreise. Passasjerer har ogs\u00e5 krav p\u00e5 omsorg mens de venter p\u00e5 en erstatningsflyvning. Dette inkluderer m\u00e5ltider, forfriskninger og om n\u00f8dvendig overnatting og transport mellom flyplassen og hotellet.<\/p>\n<p class=\"p1\">Det er lurt \u00e5 ta vare p\u00e5 alle kvitteringer og skriftlig kommunikasjon, da disse kan v\u00e6re p\u00e5krevd ved innsending av krav. Krav kan gj\u00f8res direkte gjennom flyselskapet, selv om behandlingstiden kan variere avhengig av ettersp\u00f8rselen.<\/p>\n<h2 class=\"p2\"><b>St\u00f8rre implikasjoner for reiser<\/b><\/h2>\n<p class=\"p1\">Omfanget av reduksjonene antyder et bredere skifte i hvordan lavprisflyselskaper allokerer kapasitet over hele Europa. Ved \u00e5 trekke seg fra ruter der kostnadene er h\u00f8yere, konsentrerer Ryanair operasjonene til markeder de anser som mer b\u00e6rekraftige.<\/p>\n<p class=\"p1\">For passasjerene betyr dette at tilgangen til lavprisreiser kan bli mer begrenset i enkelte regioner, spesielt p\u00e5 mindre flyplasser. Selv om alternative flyselskaper kan erstatte noen ruter, er det ingen garanti for at de vil tilby samme frekvens eller prisstruktur.<\/p>\n<p class=\"p1\">Tidsplanendringene for 2026 fremhever hvordan luftfartspolitikk og flyplasspriser kan p\u00e5virke rutetilgjengeligheten direkte, med konsekvenser for turisme, regional tilkobling og hverdagsreiser over hele Europa.<\/p>\n<p class=\"p1\">\n                    <!-- Originally published at https:\/\/euroweeklynews.com\/2026\/04\/05\/ryanair-cancels-routes-across-spain-germany-france-portugal-and-belgium\/ on 05 Apr 2026 at 22:00 by Molly Grace --><br \/>\n                    <!-- Article End -->\n                <\/p>\n<\/div>\n","protected":false},"excerpt":{"rendered":"<p>Ryanair skal redusere flynettverket over hele Europa i 2026, med rutekutt som p\u00e5virker flere land,<\/p>\n","protected":false},"author":1,"featured_media":16639,"comment_status":"closed","ping_status":"open","sticky":false,"template":"","format":"standard","meta":{"footnotes":""},"categories":[105],"tags":[10772,750,10771,139,4220,1079,529,1201],"class_list":["post-16638","post","type-post","status-publish","format-standard","has-post-thumbnail","hentry","category-livsstil","tag-belgia","tag-frankrike","tag-kansellerer","tag-portugal","tag-ruter","tag-ryanair","tag-spania","tag-tyskland","generate-columns","tablet-grid-50","mobile-grid-100","grid-parent","grid-33","resize-featured-image"],"yoast_head":"<!-- This site is optimized with the Yoast SEO plugin v24.4 - https:\/\/yoast.com\/wordpress\/plugins\/seo\/ -->\n<title>Ryanair kansellerer ruter over Spania, Tyskland, Frankrike, Portugal og Belgia - Nordnesrepublikken<\/title>\n<meta name=\"robots\" content=\"index, follow, max-snippet:-1, max-image-preview:large, max-video-preview:-1\" \/>\n<link rel=\"canonical\" href=\"https:\/\/nordnesrepublikken.no\/index.php\/2026\/04\/05\/ryanair-kansellerer-ruter-over-spania-tyskland-frankrike-portugal-og-belgia\/\" \/>\n<meta property=\"og:locale\" content=\"nb_NO\" \/>\n<meta property=\"og:type\" content=\"article\" \/>\n<meta property=\"og:title\" content=\"Ryanair kansellerer ruter over Spania, Tyskland, Frankrike, Portugal og Belgia - Nordnesrepublikken\" \/>\n<meta property=\"og:description\" content=\"Ryanair skal redusere flynettverket over hele Europa i 2026, med rutekutt som p\u00e5virker flere land,\" \/>\n<meta property=\"og:url\" content=\"https:\/\/nordnesrepublikken.no\/index.php\/2026\/04\/05\/ryanair-kansellerer-ruter-over-spania-tyskland-frankrike-portugal-og-belgia\/\" \/>\n<meta property=\"og:site_name\" content=\"Nordnesrepublikken\" \/>\n<meta property=\"article:published_time\" content=\"2026-04-05T21:49:31+00:00\" \/>\n<meta property=\"article:modified_time\" content=\"2026-04-05T21:49:33+00:00\" \/>\n<meta property=\"og:image\" content=\"https:\/\/nordnesrepublikken.no\/wp-content\/uploads\/2026\/04\/1775425772_Ryanair-kansellerer-ruter-over-Spania-Tyskland-Frankrike-Portugal-og-Belgia.jpg\" \/>\n\t<meta property=\"og:image:width\" content=\"1600\" \/>\n\t<meta property=\"og:image:height\" content=\"707\" \/>\n\t<meta property=\"og:image:type\" content=\"image\/jpeg\" \/>\n<meta name=\"author\" content=\"Ole Andersen\" \/>\n<meta name=\"twitter:card\" content=\"summary_large_image\" \/>\n<meta name=\"twitter:label1\" content=\"Skrevet av\" \/>\n\t<meta name=\"twitter:data1\" content=\"Ole Andersen\" \/>\n\t<meta name=\"twitter:label2\" content=\"Ansl. lesetid\" \/>\n\t<meta name=\"twitter:data2\" content=\"4 minutter\" \/>\n<script type=\"application\/ld+json\" class=\"yoast-schema-graph\">{\"@context\":\"https:\/\/schema.org\",\"@graph\":[{\"@type\":\"Article\",\"@id\":\"https:\/\/nordnesrepublikken.no\/index.php\/2026\/04\/05\/ryanair-kansellerer-ruter-over-spania-tyskland-frankrike-portugal-og-belgia\/#article\",\"isPartOf\":{\"@id\":\"https:\/\/nordnesrepublikken.no\/index.php\/2026\/04\/05\/ryanair-kansellerer-ruter-over-spania-tyskland-frankrike-portugal-og-belgia\/\"},\"author\":{\"name\":\"Ole Andersen\",\"@id\":\"https:\/\/nordnesrepublikken.no\/#\/schema\/person\/2e7e81935bab77882fffb79296240ff1\"},\"headline\":\"Ryanair kansellerer ruter over Spania, Tyskland, Frankrike, Portugal og Belgia\",\"datePublished\":\"2026-04-05T21:49:31+00:00\",\"dateModified\":\"2026-04-05T21:49:33+00:00\",\"mainEntityOfPage\":{\"@id\":\"https:\/\/nordnesrepublikken.no\/index.php\/2026\/04\/05\/ryanair-kansellerer-ruter-over-spania-tyskland-frankrike-portugal-og-belgia\/\"},\"wordCount\":835,\"publisher\":{\"@id\":\"https:\/\/nordnesrepublikken.no\/#organization\"},\"image\":{\"@id\":\"https:\/\/nordnesrepublikken.no\/index.php\/2026\/04\/05\/ryanair-kansellerer-ruter-over-spania-tyskland-frankrike-portugal-og-belgia\/#primaryimage\"},\"thumbnailUrl\":\"https:\/\/nordnesrepublikken.no\/wp-content\/uploads\/2026\/04\/1775425772_Ryanair-kansellerer-ruter-over-Spania-Tyskland-Frankrike-Portugal-og-Belgia.jpg\",\"keywords\":[\"Belgia\",\"Frankrike\",\"kansellerer\",\"Portugal\",\"ruter\",\"Ryanair\",\"Spania\",\"Tyskland\"],\"articleSection\":[\"Livsstil\"],\"inLanguage\":\"nb-NO\"},{\"@type\":\"WebPage\",\"@id\":\"https:\/\/nordnesrepublikken.no\/index.php\/2026\/04\/05\/ryanair-kansellerer-ruter-over-spania-tyskland-frankrike-portugal-og-belgia\/\",\"url\":\"https:\/\/nordnesrepublikken.no\/index.php\/2026\/04\/05\/ryanair-kansellerer-ruter-over-spania-tyskland-frankrike-portugal-og-belgia\/\",\"name\":\"Ryanair kansellerer ruter over Spania, Tyskland, Frankrike, Portugal og Belgia - Nordnesrepublikken\",\"isPartOf\":{\"@id\":\"https:\/\/nordnesrepublikken.no\/#website\"},\"primaryImageOfPage\":{\"@id\":\"https:\/\/nordnesrepublikken.no\/index.php\/2026\/04\/05\/ryanair-kansellerer-ruter-over-spania-tyskland-frankrike-portugal-og-belgia\/#primaryimage\"},\"image\":{\"@id\":\"https:\/\/nordnesrepublikken.no\/index.php\/2026\/04\/05\/ryanair-kansellerer-ruter-over-spania-tyskland-frankrike-portugal-og-belgia\/#primaryimage\"},\"thumbnailUrl\":\"https:\/\/nordnesrepublikken.no\/wp-content\/uploads\/2026\/04\/1775425772_Ryanair-kansellerer-ruter-over-Spania-Tyskland-Frankrike-Portugal-og-Belgia.jpg\",\"datePublished\":\"2026-04-05T21:49:31+00:00\",\"dateModified\":\"2026-04-05T21:49:33+00:00\",\"breadcrumb\":{\"@id\":\"https:\/\/nordnesrepublikken.no\/index.php\/2026\/04\/05\/ryanair-kansellerer-ruter-over-spania-tyskland-frankrike-portugal-og-belgia\/#breadcrumb\"},\"inLanguage\":\"nb-NO\",\"potentialAction\":[{\"@type\":\"ReadAction\",\"target\":[\"https:\/\/nordnesrepublikken.no\/index.php\/2026\/04\/05\/ryanair-kansellerer-ruter-over-spania-tyskland-frankrike-portugal-og-belgia\/\"]}]},{\"@type\":\"ImageObject\",\"inLanguage\":\"nb-NO\",\"@id\":\"https:\/\/nordnesrepublikken.no\/index.php\/2026\/04\/05\/ryanair-kansellerer-ruter-over-spania-tyskland-frankrike-portugal-og-belgia\/#primaryimage\",\"url\":\"https:\/\/nordnesrepublikken.no\/wp-content\/uploads\/2026\/04\/1775425772_Ryanair-kansellerer-ruter-over-Spania-Tyskland-Frankrike-Portugal-og-Belgia.jpg\",\"contentUrl\":\"https:\/\/nordnesrepublikken.no\/wp-content\/uploads\/2026\/04\/1775425772_Ryanair-kansellerer-ruter-over-Spania-Tyskland-Frankrike-Portugal-og-Belgia.jpg\",\"width\":1600,\"height\":707,\"caption\":\"Ryanair kansellerer ruter over Spania, Tyskland, Frankrike, Portugal og Belgia\"},{\"@type\":\"BreadcrumbList\",\"@id\":\"https:\/\/nordnesrepublikken.no\/index.php\/2026\/04\/05\/ryanair-kansellerer-ruter-over-spania-tyskland-frankrike-portugal-og-belgia\/#breadcrumb\",\"itemListElement\":[{\"@type\":\"ListItem\",\"position\":1,\"name\":\"Home\",\"item\":\"https:\/\/nordnesrepublikken.no\/\"},{\"@type\":\"ListItem\",\"position\":2,\"name\":\"Ryanair kansellerer ruter over Spania, Tyskland, Frankrike, Portugal og Belgia\"}]},{\"@type\":\"WebSite\",\"@id\":\"https:\/\/nordnesrepublikken.no\/#website\",\"url\":\"https:\/\/nordnesrepublikken.no\/\",\"name\":\"Nordnesrepublikken\",\"description\":\"Stemmer og Visjoner fra Republikkens Hjerte\",\"publisher\":{\"@id\":\"https:\/\/nordnesrepublikken.no\/#organization\"},\"potentialAction\":[{\"@type\":\"SearchAction\",\"target\":{\"@type\":\"EntryPoint\",\"urlTemplate\":\"https:\/\/nordnesrepublikken.no\/?s={search_term_string}\"},\"query-input\":{\"@type\":\"PropertyValueSpecification\",\"valueRequired\":true,\"valueName\":\"search_term_string\"}}],\"inLanguage\":\"nb-NO\"},{\"@type\":\"Organization\",\"@id\":\"https:\/\/nordnesrepublikken.no\/#organization\",\"name\":\"Nordnesrepublikken\",\"url\":\"https:\/\/nordnesrepublikken.no\/\",\"logo\":{\"@type\":\"ImageObject\",\"inLanguage\":\"nb-NO\",\"@id\":\"https:\/\/nordnesrepublikken.no\/#\/schema\/logo\/image\/\",\"url\":\"https:\/\/nordnesrepublikken.no\/wp-content\/uploads\/2025\/02\/cropped-nordnesrepublikken-2.png\",\"contentUrl\":\"https:\/\/nordnesrepublikken.no\/wp-content\/uploads\/2025\/02\/cropped-nordnesrepublikken-2.png\",\"width\":1248,\"height\":362,\"caption\":\"Nordnesrepublikken\"},\"image\":{\"@id\":\"https:\/\/nordnesrepublikken.no\/#\/schema\/logo\/image\/\"}},{\"@type\":\"Person\",\"@id\":\"https:\/\/nordnesrepublikken.no\/#\/schema\/person\/2e7e81935bab77882fffb79296240ff1\",\"name\":\"Ole Andersen\",\"image\":{\"@type\":\"ImageObject\",\"inLanguage\":\"nb-NO\",\"@id\":\"https:\/\/nordnesrepublikken.no\/#\/schema\/person\/image\/\",\"url\":\"https:\/\/nordnesrepublikken.no\/wp-content\/uploads\/2025\/02\/nordnesrepublikken-2-2-150x150.jpg\",\"contentUrl\":\"https:\/\/nordnesrepublikken.no\/wp-content\/uploads\/2025\/02\/nordnesrepublikken-2-2-150x150.jpg\",\"caption\":\"Ole Andersen\"},\"description\":\"Ettersom jeg vokste opp i Oslo, har jeg alltid v\u00e6rt fascinert av ordenes kraft og deres evne til \u00e5 skape endringer. Etter \u00e5 ha fullf\u00f8rt min utdannelse i kommunikasjon ved Universitetet i Bergen, fikk jeg muligheten til \u00e5 jobbe innen ulike medier, der jeg har s\u00f8kt \u00e5 belyse viktige samfunnssp\u00f8rsm\u00e5l. I dag, som redakt\u00f8r for Nordnesrepublikken, pr\u00f8ver jeg \u00e5 forene min kj\u00e6rlighet for journalistikk med min lidenskap for innovasjon og eventyr.\",\"sameAs\":[\"https:\/\/nordnesrepublikken.no\/\"]}]}<\/script>\n<!-- \/ Yoast SEO plugin. -->","yoast_head_json":{"title":"Ryanair kansellerer ruter over Spania, Tyskland, Frankrike, Portugal og Belgia - Nordnesrepublikken","robots":{"index":"index","follow":"follow","max-snippet":"max-snippet:-1","max-image-preview":"max-image-preview:large","max-video-preview":"max-video-preview:-1"},"canonical":"https:\/\/nordnesrepublikken.no\/index.php\/2026\/04\/05\/ryanair-kansellerer-ruter-over-spania-tyskland-frankrike-portugal-og-belgia\/","og_locale":"nb_NO","og_type":"article","og_title":"Ryanair kansellerer ruter over Spania, Tyskland, Frankrike, Portugal og Belgia - Nordnesrepublikken","og_description":"Ryanair skal redusere flynettverket over hele Europa i 2026, med rutekutt som p\u00e5virker flere land,","og_url":"https:\/\/nordnesrepublikken.no\/index.php\/2026\/04\/05\/ryanair-kansellerer-ruter-over-spania-tyskland-frankrike-portugal-og-belgia\/","og_site_name":"Nordnesrepublikken","article_published_time":"2026-04-05T21:49:31+00:00","article_modified_time":"2026-04-05T21:49:33+00:00","og_image":[{"width":1600,"height":707,"url":"https:\/\/nordnesrepublikken.no\/wp-content\/uploads\/2026\/04\/1775425772_Ryanair-kansellerer-ruter-over-Spania-Tyskland-Frankrike-Portugal-og-Belgia.jpg","type":"image\/jpeg"}],"author":"Ole Andersen","twitter_card":"summary_large_image","twitter_misc":{"Skrevet av":"Ole Andersen","Ansl. lesetid":"4 minutter"},"schema":{"@context":"https:\/\/schema.org","@graph":[{"@type":"Article","@id":"https:\/\/nordnesrepublikken.no\/index.php\/2026\/04\/05\/ryanair-kansellerer-ruter-over-spania-tyskland-frankrike-portugal-og-belgia\/#article","isPartOf":{"@id":"https:\/\/nordnesrepublikken.no\/index.php\/2026\/04\/05\/ryanair-kansellerer-ruter-over-spania-tyskland-frankrike-portugal-og-belgia\/"},"author":{"name":"Ole Andersen","@id":"https:\/\/nordnesrepublikken.no\/#\/schema\/person\/2e7e81935bab77882fffb79296240ff1"},"headline":"Ryanair kansellerer ruter over Spania, Tyskland, Frankrike, Portugal og Belgia","datePublished":"2026-04-05T21:49:31+00:00","dateModified":"2026-04-05T21:49:33+00:00","mainEntityOfPage":{"@id":"https:\/\/nordnesrepublikken.no\/index.php\/2026\/04\/05\/ryanair-kansellerer-ruter-over-spania-tyskland-frankrike-portugal-og-belgia\/"},"wordCount":835,"publisher":{"@id":"https:\/\/nordnesrepublikken.no\/#organization"},"image":{"@id":"https:\/\/nordnesrepublikken.no\/index.php\/2026\/04\/05\/ryanair-kansellerer-ruter-over-spania-tyskland-frankrike-portugal-og-belgia\/#primaryimage"},"thumbnailUrl":"https:\/\/nordnesrepublikken.no\/wp-content\/uploads\/2026\/04\/1775425772_Ryanair-kansellerer-ruter-over-Spania-Tyskland-Frankrike-Portugal-og-Belgia.jpg","keywords":["Belgia","Frankrike","kansellerer","Portugal","ruter","Ryanair","Spania","Tyskland"],"articleSection":["Livsstil"],"inLanguage":"nb-NO"},{"@type":"WebPage","@id":"https:\/\/nordnesrepublikken.no\/index.php\/2026\/04\/05\/ryanair-kansellerer-ruter-over-spania-tyskland-frankrike-portugal-og-belgia\/","url":"https:\/\/nordnesrepublikken.no\/index.php\/2026\/04\/05\/ryanair-kansellerer-ruter-over-spania-tyskland-frankrike-portugal-og-belgia\/","name":"Ryanair kansellerer ruter over Spania, Tyskland, Frankrike, Portugal og Belgia - Nordnesrepublikken","isPartOf":{"@id":"https:\/\/nordnesrepublikken.no\/#website"},"primaryImageOfPage":{"@id":"https:\/\/nordnesrepublikken.no\/index.php\/2026\/04\/05\/ryanair-kansellerer-ruter-over-spania-tyskland-frankrike-portugal-og-belgia\/#primaryimage"},"image":{"@id":"https:\/\/nordnesrepublikken.no\/index.php\/2026\/04\/05\/ryanair-kansellerer-ruter-over-spania-tyskland-frankrike-portugal-og-belgia\/#primaryimage"},"thumbnailUrl":"https:\/\/nordnesrepublikken.no\/wp-content\/uploads\/2026\/04\/1775425772_Ryanair-kansellerer-ruter-over-Spania-Tyskland-Frankrike-Portugal-og-Belgia.jpg","datePublished":"2026-04-05T21:49:31+00:00","dateModified":"2026-04-05T21:49:33+00:00","breadcrumb":{"@id":"https:\/\/nordnesrepublikken.no\/index.php\/2026\/04\/05\/ryanair-kansellerer-ruter-over-spania-tyskland-frankrike-portugal-og-belgia\/#breadcrumb"},"inLanguage":"nb-NO","potentialAction":[{"@type":"ReadAction","target":["https:\/\/nordnesrepublikken.no\/index.php\/2026\/04\/05\/ryanair-kansellerer-ruter-over-spania-tyskland-frankrike-portugal-og-belgia\/"]}]},{"@type":"ImageObject","inLanguage":"nb-NO","@id":"https:\/\/nordnesrepublikken.no\/index.php\/2026\/04\/05\/ryanair-kansellerer-ruter-over-spania-tyskland-frankrike-portugal-og-belgia\/#primaryimage","url":"https:\/\/nordnesrepublikken.no\/wp-content\/uploads\/2026\/04\/1775425772_Ryanair-kansellerer-ruter-over-Spania-Tyskland-Frankrike-Portugal-og-Belgia.jpg","contentUrl":"https:\/\/nordnesrepublikken.no\/wp-content\/uploads\/2026\/04\/1775425772_Ryanair-kansellerer-ruter-over-Spania-Tyskland-Frankrike-Portugal-og-Belgia.jpg","width":1600,"height":707,"caption":"Ryanair kansellerer ruter over Spania, Tyskland, Frankrike, Portugal og Belgia"},{"@type":"BreadcrumbList","@id":"https:\/\/nordnesrepublikken.no\/index.php\/2026\/04\/05\/ryanair-kansellerer-ruter-over-spania-tyskland-frankrike-portugal-og-belgia\/#breadcrumb","itemListElement":[{"@type":"ListItem","position":1,"name":"Home","item":"https:\/\/nordnesrepublikken.no\/"},{"@type":"ListItem","position":2,"name":"Ryanair kansellerer ruter over Spania, Tyskland, Frankrike, Portugal og Belgia"}]},{"@type":"WebSite","@id":"https:\/\/nordnesrepublikken.no\/#website","url":"https:\/\/nordnesrepublikken.no\/","name":"Nordnesrepublikken","description":"Stemmer og Visjoner fra Republikkens Hjerte","publisher":{"@id":"https:\/\/nordnesrepublikken.no\/#organization"},"potentialAction":[{"@type":"SearchAction","target":{"@type":"EntryPoint","urlTemplate":"https:\/\/nordnesrepublikken.no\/?s={search_term_string}"},"query-input":{"@type":"PropertyValueSpecification","valueRequired":true,"valueName":"search_term_string"}}],"inLanguage":"nb-NO"},{"@type":"Organization","@id":"https:\/\/nordnesrepublikken.no\/#organization","name":"Nordnesrepublikken","url":"https:\/\/nordnesrepublikken.no\/","logo":{"@type":"ImageObject","inLanguage":"nb-NO","@id":"https:\/\/nordnesrepublikken.no\/#\/schema\/logo\/image\/","url":"https:\/\/nordnesrepublikken.no\/wp-content\/uploads\/2025\/02\/cropped-nordnesrepublikken-2.png","contentUrl":"https:\/\/nordnesrepublikken.no\/wp-content\/uploads\/2025\/02\/cropped-nordnesrepublikken-2.png","width":1248,"height":362,"caption":"Nordnesrepublikken"},"image":{"@id":"https:\/\/nordnesrepublikken.no\/#\/schema\/logo\/image\/"}},{"@type":"Person","@id":"https:\/\/nordnesrepublikken.no\/#\/schema\/person\/2e7e81935bab77882fffb79296240ff1","name":"Ole Andersen","image":{"@type":"ImageObject","inLanguage":"nb-NO","@id":"https:\/\/nordnesrepublikken.no\/#\/schema\/person\/image\/","url":"https:\/\/nordnesrepublikken.no\/wp-content\/uploads\/2025\/02\/nordnesrepublikken-2-2-150x150.jpg","contentUrl":"https:\/\/nordnesrepublikken.no\/wp-content\/uploads\/2025\/02\/nordnesrepublikken-2-2-150x150.jpg","caption":"Ole Andersen"},"description":"Ettersom jeg vokste opp i Oslo, har jeg alltid v\u00e6rt fascinert av ordenes kraft og deres evne til \u00e5 skape endringer. Etter \u00e5 ha fullf\u00f8rt min utdannelse i kommunikasjon ved Universitetet i Bergen, fikk jeg muligheten til \u00e5 jobbe innen ulike medier, der jeg har s\u00f8kt \u00e5 belyse viktige samfunnssp\u00f8rsm\u00e5l. I dag, som redakt\u00f8r for Nordnesrepublikken, pr\u00f8ver jeg \u00e5 forene min kj\u00e6rlighet for journalistikk med min lidenskap for innovasjon og eventyr.","sameAs":["https:\/\/nordnesrepublikken.no\/"]}]}},"_links":{"self":[{"href":"https:\/\/nordnesrepublikken.no\/index.php\/wp-json\/wp\/v2\/posts\/16638","targetHints":{"allow":["GET"]}}],"collection":[{"href":"https:\/\/nordnesrepublikken.no\/index.php\/wp-json\/wp\/v2\/posts"}],"about":[{"href":"https:\/\/nordnesrepublikken.no\/index.php\/wp-json\/wp\/v2\/types\/post"}],"author":[{"embeddable":true,"href":"https:\/\/nordnesrepublikken.no\/index.php\/wp-json\/wp\/v2\/users\/1"}],"replies":[{"embeddable":true,"href":"https:\/\/nordnesrepublikken.no\/index.php\/wp-json\/wp\/v2\/comments?post=16638"}],"version-history":[{"count":1,"href":"https:\/\/nordnesrepublikken.no\/index.php\/wp-json\/wp\/v2\/posts\/16638\/revisions"}],"predecessor-version":[{"id":16640,"href":"https:\/\/nordnesrepublikken.no\/index.php\/wp-json\/wp\/v2\/posts\/16638\/revisions\/16640"}],"wp:featuredmedia":[{"embeddable":true,"href":"https:\/\/nordnesrepublikken.no\/index.php\/wp-json\/wp\/v2\/media\/16639"}],"wp:attachment":[{"href":"https:\/\/nordnesrepublikken.no\/index.php\/wp-json\/wp\/v2\/media?parent=16638"}],"wp:term":[{"taxonomy":"category","embeddable":true,"href":"https:\/\/nordnesrepublikken.no\/index.php\/wp-json\/wp\/v2\/categories?post=16638"},{"taxonomy":"post_tag","embeddable":true,"href":"https:\/\/nordnesrepublikken.no\/index.php\/wp-json\/wp\/v2\/tags?post=16638"}],"curies":[{"name":"wp","href":"https:\/\/api.w.org\/{rel}","templated":true}]}}