{"id":16636,"date":"2026-04-05T20:49:30","date_gmt":"2026-04-05T18:49:30","guid":{"rendered":"https:\/\/nordnesrepublikken.no\/index.php\/2026\/04\/05\/pa-campi-flegrei-ble-det-utviklet-en-modell-for-a-tolke-seismisiteten-til-kalderaen\/"},"modified":"2026-04-05T20:49:31","modified_gmt":"2026-04-05T18:49:31","slug":"pa-campi-flegrei-ble-det-utviklet-en-modell-for-a-tolke-seismisiteten-til-kalderaen","status":"publish","type":"post","link":"https:\/\/nordnesrepublikken.no\/index.php\/2026\/04\/05\/pa-campi-flegrei-ble-det-utviklet-en-modell-for-a-tolke-seismisiteten-til-kalderaen\/","title":{"rendered":"P\u00e5 Campi Flegrei ble det utviklet en modell for \u00e5 tolke seismisiteten til kalderaen"},"content":{"rendered":"<div>\n<div class=\"cp_wrapper cp_wrapper--fw mb-30 mb-20@tablet\">\n<figure class=\"mm\"><picture class=\"img\" style=\"padding-top:56.25%\"><source  media=\"(min-width: 1024px)\"><source  media=\"(min-width: 768px)\"><\/source><\/source><\/picture><\/figure>\n<\/p><\/div>\n<p>Forskerne klarte \u00e5 utvikle en modell som gjengir<strong>seismisk trend<\/strong> ved <strong>Caldera av Campi Flegrei i fortiden<\/strong>n\u00e5r det gjelder b\u00e5de jordskjelv med en styrke st\u00f8rre enn 3 som har skjedd fra 1960 til i dag og de svakere som har skjedd siden 2005. Modellen er ogs\u00e5 i stand til \u00e5 gi <strong>sannsynlige prognoser p\u00e5 frekvensen av jordskjelv og maksimal forventet styrke<\/strong> p\u00e5 en tidsskala fra uker til m\u00e5neder. Den nye studien, publisert i tidsskriftet <em>Kommunikasjon Jord og milj\u00f8<\/em>er arbeidet til forskere fra Helmholtz Center for Geosciences ved GFZ i Potsdam, Tyskland, og National Institute of Geophysics and Volcanology (INGV).<\/p>\n<h2><strong>Kombinasjonen av to modeller for \u00e5 tolke seismisiteten til Campi Flegrei<\/strong><\/h2>\n<p>Forskerne klarte \u00e5 forklare det ikke-line\u00e6re forholdet mellom jordskjelv og l\u00f8ft, som kan rettferdiggj\u00f8res av <strong>friksjonsadferd og bergbrudd<\/strong> som kommer frem fra laboratorieeksperimenter. Denne oppf\u00f8rselen er beskrevet av <strong>RS modell<\/strong> (Rate-and-State-modellen), som gjelder trenden av <strong>langsiktig seismisitet<\/strong>relatert til heving og kan forklares ved akkumulering av stress i bergarter. De <strong>seismiske svermer observert i l\u00f8pet av kort tid<\/strong> de er i stedet knyttet til samspillet mellom individuelle jordskjelv og episodiske inntrengninger av v\u00e6sker i undergrunnen. De <strong>ETAS modell<\/strong> (Epidemic Type Aftershock Sequence), for den statistiske beskrivelsen av hvordan jordskjelv samhandler for \u00e5 generere andre jordskjelv. Den nye studien har fordelen av \u00e5 kombinere de to modellene i <strong>en enkelt modell<\/strong> i stand til \u00e5 reprodusere b\u00e5de trenden med jordskjelv med styrke over 3 siden 1960 og de svakere med styrke mindre enn 0,5 som har skjedd siden 2005. Tester basert p\u00e5 historiske data har da vist at denne hybridmodellen lar oss utvikle <strong>probabilistiske prognoser for seismisitetsrater og maksimal forventet st\u00f8rrelse<\/strong> p\u00e5 en tidsskala fra uker til m\u00e5neder.<\/p>\n<blockquote>\n<p>&laquo;Denne hybridmodelleringstiln\u00e6rmingen representerer derfor et lovende verkt\u00f8y for \u00e5 forbedre seismisk risikovurdering i Campi Flegrei og, potensielt, ogs\u00e5 i andre vulkanske systemer,&raquo;<\/p>\n<\/blockquote>\n<p>sier studieforfatter Sebastian Hainzl.<\/p>\n<h2><strong>Egenskapene til seismisitet ved Campi Flegrei<\/strong><\/h2>\n<p>Siden 2005 har Campi Flegrei-calderaen gjennomg\u00e5tt en <strong>l\u00f8fter mer enn halvannen meter<\/strong>ledsaget av en <strong>sterk \u00f8kning i grunne jordskjelv<\/strong>. Oppl\u00f8ftet og tilh\u00f8rende seismisitet tilskrives ikke magmaets oppstr\u00f8mning, men til<strong>\u00f8kning i gasstrykk <\/strong>ca 3-4 km dyp. Seismisitet i omr\u00e5det viser seg ogs\u00e5 i form av <strong>svermer av jordskjelv<\/strong>en konsentrasjon av sjokk med lignende og moderat intensitet typisk for mange vulkanske regioner, snarere enn seismiske sekvenser preget av et hovedsjokk med mindre sterke etterskjelv. Analyserer <strong>seismiske kataloger og h\u00f8ydem\u00e5linger<\/strong> relatert til deformasjonen av bakken ved Campi Flegrei siden 1905, har forskere ogs\u00e5 identifisert et annet kjennetegn ved disse jordskjelvene: frekvensen deres \u00f8kte ikke bare proporsjonalt i forhold til hastigheten bakken steg med. Det er i stedet et ikke-line\u00e6rt forhold, karakterisert ved et \u00f8kende forhold mellom den seismiske hastigheten og l\u00f8ftehastigheten, med<strong>stadig akselererende seismisk aktivitet<\/strong>.<\/p>\n<div class=\"cp_wrapper cp_wrapper--fw mb-50\">\n<figure class=\"mm\"><picture class=\"img\" style=\"padding-top:91.564417177914%\"><source  media=\"(min-width: 1024px)\"><source  media=\"(min-width: 768px)\"><img decoding=\"async\" loading=\"lazy\" src=\"https:\/\/nordnesrepublikken.no\/wp-content\/uploads\/2026\/04\/Pa-Campi-Flegrei-ble-det-utviklet-en-modell-for-a.jpg\" alt=\"Bilde\" width=\"652\" height=\"597\"\/><\/source><\/source><\/picture><\/figure>\n<\/p><\/div>\n<\/p><\/div>\n","protected":false},"excerpt":{"rendered":"<p>Forskerne klarte \u00e5 utvikle en modell som gjengirseismisk trend ved Caldera av Campi Flegrei i<\/p>\n","protected":false},"author":1,"featured_media":14577,"comment_status":"closed","ping_status":"open","sticky":false,"template":"","format":"standard","meta":{"footnotes":""},"categories":[24],"tags":[373,432,66,1222,10770,1321,81,1226,117,1163,774],"class_list":["post-16636","post","type-post","status-publish","format-standard","has-post-thumbnail","hentry","category-vitenskap","tag-ble","tag-campi","tag-det","tag-flegrei","tag-kalderaen","tag-modell","tag-pa","tag-seismisiteten","tag-til","tag-tolke","tag-utviklet","generate-columns","tablet-grid-50","mobile-grid-100","grid-parent","grid-33","resize-featured-image"],"yoast_head":"<!-- This site is optimized with the Yoast SEO plugin v24.4 - https:\/\/yoast.com\/wordpress\/plugins\/seo\/ -->\n<title>P\u00e5 Campi Flegrei ble det utviklet en modell for \u00e5 tolke seismisiteten til kalderaen - Nordnesrepublikken<\/title>\n<meta name=\"robots\" content=\"index, follow, max-snippet:-1, max-image-preview:large, max-video-preview:-1\" \/>\n<link rel=\"canonical\" href=\"https:\/\/nordnesrepublikken.no\/index.php\/2026\/04\/05\/pa-campi-flegrei-ble-det-utviklet-en-modell-for-a-tolke-seismisiteten-til-kalderaen\/\" \/>\n<meta property=\"og:locale\" content=\"nb_NO\" \/>\n<meta property=\"og:type\" content=\"article\" \/>\n<meta property=\"og:title\" content=\"P\u00e5 Campi Flegrei ble det utviklet en modell for \u00e5 tolke seismisiteten til kalderaen - Nordnesrepublikken\" \/>\n<meta property=\"og:description\" content=\"Forskerne klarte \u00e5 utvikle en modell som gjengirseismisk trend ved Caldera av Campi Flegrei i\" \/>\n<meta property=\"og:url\" content=\"https:\/\/nordnesrepublikken.no\/index.php\/2026\/04\/05\/pa-campi-flegrei-ble-det-utviklet-en-modell-for-a-tolke-seismisiteten-til-kalderaen\/\" \/>\n<meta property=\"og:site_name\" content=\"Nordnesrepublikken\" \/>\n<meta property=\"article:published_time\" content=\"2026-04-05T18:49:30+00:00\" \/>\n<meta property=\"article:modified_time\" content=\"2026-04-05T18:49:31+00:00\" \/>\n<meta property=\"og:image\" content=\"https:\/\/nordnesrepublikken.no\/wp-content\/uploads\/2026\/02\/1770306749_studien-om-rollen-til-meteorisk-vann.jpg\" \/>\n\t<meta property=\"og:image:width\" content=\"1186\" \/>\n\t<meta property=\"og:image:height\" content=\"658\" \/>\n\t<meta property=\"og:image:type\" content=\"image\/jpeg\" \/>\n<meta name=\"author\" content=\"Ole Andersen\" \/>\n<meta name=\"twitter:card\" content=\"summary_large_image\" \/>\n<meta name=\"twitter:label1\" content=\"Skrevet av\" \/>\n\t<meta name=\"twitter:data1\" content=\"Ole Andersen\" \/>\n\t<meta name=\"twitter:label2\" content=\"Ansl. lesetid\" \/>\n\t<meta name=\"twitter:data2\" content=\"2 minutter\" \/>\n<script type=\"application\/ld+json\" class=\"yoast-schema-graph\">{\"@context\":\"https:\/\/schema.org\",\"@graph\":[{\"@type\":\"Article\",\"@id\":\"https:\/\/nordnesrepublikken.no\/index.php\/2026\/04\/05\/pa-campi-flegrei-ble-det-utviklet-en-modell-for-a-tolke-seismisiteten-til-kalderaen\/#article\",\"isPartOf\":{\"@id\":\"https:\/\/nordnesrepublikken.no\/index.php\/2026\/04\/05\/pa-campi-flegrei-ble-det-utviklet-en-modell-for-a-tolke-seismisiteten-til-kalderaen\/\"},\"author\":{\"name\":\"Ole Andersen\",\"@id\":\"https:\/\/nordnesrepublikken.no\/#\/schema\/person\/2e7e81935bab77882fffb79296240ff1\"},\"headline\":\"P\u00e5 Campi Flegrei ble det utviklet en modell for \u00e5 tolke seismisiteten til kalderaen\",\"datePublished\":\"2026-04-05T18:49:30+00:00\",\"dateModified\":\"2026-04-05T18:49:31+00:00\",\"mainEntityOfPage\":{\"@id\":\"https:\/\/nordnesrepublikken.no\/index.php\/2026\/04\/05\/pa-campi-flegrei-ble-det-utviklet-en-modell-for-a-tolke-seismisiteten-til-kalderaen\/\"},\"wordCount\":462,\"publisher\":{\"@id\":\"https:\/\/nordnesrepublikken.no\/#organization\"},\"image\":{\"@id\":\"https:\/\/nordnesrepublikken.no\/index.php\/2026\/04\/05\/pa-campi-flegrei-ble-det-utviklet-en-modell-for-a-tolke-seismisiteten-til-kalderaen\/#primaryimage\"},\"thumbnailUrl\":\"https:\/\/nordnesrepublikken.no\/wp-content\/uploads\/2026\/02\/1770306749_studien-om-rollen-til-meteorisk-vann.jpg\",\"keywords\":[\"ble\",\"Campi\",\"Det\",\"flegrei\",\"kalderaen\",\"modell\",\"p\u00e5\",\"seismisiteten\",\"til\",\"tolke\",\"utviklet\"],\"articleSection\":[\"Vitenskap\"],\"inLanguage\":\"nb-NO\"},{\"@type\":\"WebPage\",\"@id\":\"https:\/\/nordnesrepublikken.no\/index.php\/2026\/04\/05\/pa-campi-flegrei-ble-det-utviklet-en-modell-for-a-tolke-seismisiteten-til-kalderaen\/\",\"url\":\"https:\/\/nordnesrepublikken.no\/index.php\/2026\/04\/05\/pa-campi-flegrei-ble-det-utviklet-en-modell-for-a-tolke-seismisiteten-til-kalderaen\/\",\"name\":\"P\u00e5 Campi Flegrei ble det utviklet en modell for \u00e5 tolke seismisiteten til kalderaen - Nordnesrepublikken\",\"isPartOf\":{\"@id\":\"https:\/\/nordnesrepublikken.no\/#website\"},\"primaryImageOfPage\":{\"@id\":\"https:\/\/nordnesrepublikken.no\/index.php\/2026\/04\/05\/pa-campi-flegrei-ble-det-utviklet-en-modell-for-a-tolke-seismisiteten-til-kalderaen\/#primaryimage\"},\"image\":{\"@id\":\"https:\/\/nordnesrepublikken.no\/index.php\/2026\/04\/05\/pa-campi-flegrei-ble-det-utviklet-en-modell-for-a-tolke-seismisiteten-til-kalderaen\/#primaryimage\"},\"thumbnailUrl\":\"https:\/\/nordnesrepublikken.no\/wp-content\/uploads\/2026\/02\/1770306749_studien-om-rollen-til-meteorisk-vann.jpg\",\"datePublished\":\"2026-04-05T18:49:30+00:00\",\"dateModified\":\"2026-04-05T18:49:31+00:00\",\"breadcrumb\":{\"@id\":\"https:\/\/nordnesrepublikken.no\/index.php\/2026\/04\/05\/pa-campi-flegrei-ble-det-utviklet-en-modell-for-a-tolke-seismisiteten-til-kalderaen\/#breadcrumb\"},\"inLanguage\":\"nb-NO\",\"potentialAction\":[{\"@type\":\"ReadAction\",\"target\":[\"https:\/\/nordnesrepublikken.no\/index.php\/2026\/04\/05\/pa-campi-flegrei-ble-det-utviklet-en-modell-for-a-tolke-seismisiteten-til-kalderaen\/\"]}]},{\"@type\":\"ImageObject\",\"inLanguage\":\"nb-NO\",\"@id\":\"https:\/\/nordnesrepublikken.no\/index.php\/2026\/04\/05\/pa-campi-flegrei-ble-det-utviklet-en-modell-for-a-tolke-seismisiteten-til-kalderaen\/#primaryimage\",\"url\":\"https:\/\/nordnesrepublikken.no\/wp-content\/uploads\/2026\/02\/1770306749_studien-om-rollen-til-meteorisk-vann.jpg\",\"contentUrl\":\"https:\/\/nordnesrepublikken.no\/wp-content\/uploads\/2026\/02\/1770306749_studien-om-rollen-til-meteorisk-vann.jpg\",\"width\":1186,\"height\":658,\"caption\":\"studien om rollen til meteorisk vann\"},{\"@type\":\"BreadcrumbList\",\"@id\":\"https:\/\/nordnesrepublikken.no\/index.php\/2026\/04\/05\/pa-campi-flegrei-ble-det-utviklet-en-modell-for-a-tolke-seismisiteten-til-kalderaen\/#breadcrumb\",\"itemListElement\":[{\"@type\":\"ListItem\",\"position\":1,\"name\":\"Home\",\"item\":\"https:\/\/nordnesrepublikken.no\/\"},{\"@type\":\"ListItem\",\"position\":2,\"name\":\"P\u00e5 Campi Flegrei ble det utviklet en modell for \u00e5 tolke seismisiteten til kalderaen\"}]},{\"@type\":\"WebSite\",\"@id\":\"https:\/\/nordnesrepublikken.no\/#website\",\"url\":\"https:\/\/nordnesrepublikken.no\/\",\"name\":\"Nordnesrepublikken\",\"description\":\"Stemmer og Visjoner fra Republikkens Hjerte\",\"publisher\":{\"@id\":\"https:\/\/nordnesrepublikken.no\/#organization\"},\"potentialAction\":[{\"@type\":\"SearchAction\",\"target\":{\"@type\":\"EntryPoint\",\"urlTemplate\":\"https:\/\/nordnesrepublikken.no\/?s={search_term_string}\"},\"query-input\":{\"@type\":\"PropertyValueSpecification\",\"valueRequired\":true,\"valueName\":\"search_term_string\"}}],\"inLanguage\":\"nb-NO\"},{\"@type\":\"Organization\",\"@id\":\"https:\/\/nordnesrepublikken.no\/#organization\",\"name\":\"Nordnesrepublikken\",\"url\":\"https:\/\/nordnesrepublikken.no\/\",\"logo\":{\"@type\":\"ImageObject\",\"inLanguage\":\"nb-NO\",\"@id\":\"https:\/\/nordnesrepublikken.no\/#\/schema\/logo\/image\/\",\"url\":\"https:\/\/nordnesrepublikken.no\/wp-content\/uploads\/2025\/02\/cropped-nordnesrepublikken-2.png\",\"contentUrl\":\"https:\/\/nordnesrepublikken.no\/wp-content\/uploads\/2025\/02\/cropped-nordnesrepublikken-2.png\",\"width\":1248,\"height\":362,\"caption\":\"Nordnesrepublikken\"},\"image\":{\"@id\":\"https:\/\/nordnesrepublikken.no\/#\/schema\/logo\/image\/\"}},{\"@type\":\"Person\",\"@id\":\"https:\/\/nordnesrepublikken.no\/#\/schema\/person\/2e7e81935bab77882fffb79296240ff1\",\"name\":\"Ole Andersen\",\"image\":{\"@type\":\"ImageObject\",\"inLanguage\":\"nb-NO\",\"@id\":\"https:\/\/nordnesrepublikken.no\/#\/schema\/person\/image\/\",\"url\":\"https:\/\/nordnesrepublikken.no\/wp-content\/uploads\/2025\/02\/nordnesrepublikken-2-2-150x150.jpg\",\"contentUrl\":\"https:\/\/nordnesrepublikken.no\/wp-content\/uploads\/2025\/02\/nordnesrepublikken-2-2-150x150.jpg\",\"caption\":\"Ole Andersen\"},\"description\":\"Ettersom jeg vokste opp i Oslo, har jeg alltid v\u00e6rt fascinert av ordenes kraft og deres evne til \u00e5 skape endringer. Etter \u00e5 ha fullf\u00f8rt min utdannelse i kommunikasjon ved Universitetet i Bergen, fikk jeg muligheten til \u00e5 jobbe innen ulike medier, der jeg har s\u00f8kt \u00e5 belyse viktige samfunnssp\u00f8rsm\u00e5l. I dag, som redakt\u00f8r for Nordnesrepublikken, pr\u00f8ver jeg \u00e5 forene min kj\u00e6rlighet for journalistikk med min lidenskap for innovasjon og eventyr.\",\"sameAs\":[\"https:\/\/nordnesrepublikken.no\/\"]}]}<\/script>\n<!-- \/ Yoast SEO plugin. -->","yoast_head_json":{"title":"P\u00e5 Campi Flegrei ble det utviklet en modell for \u00e5 tolke seismisiteten til kalderaen - Nordnesrepublikken","robots":{"index":"index","follow":"follow","max-snippet":"max-snippet:-1","max-image-preview":"max-image-preview:large","max-video-preview":"max-video-preview:-1"},"canonical":"https:\/\/nordnesrepublikken.no\/index.php\/2026\/04\/05\/pa-campi-flegrei-ble-det-utviklet-en-modell-for-a-tolke-seismisiteten-til-kalderaen\/","og_locale":"nb_NO","og_type":"article","og_title":"P\u00e5 Campi Flegrei ble det utviklet en modell for \u00e5 tolke seismisiteten til kalderaen - Nordnesrepublikken","og_description":"Forskerne klarte \u00e5 utvikle en modell som gjengirseismisk trend ved Caldera av Campi Flegrei i","og_url":"https:\/\/nordnesrepublikken.no\/index.php\/2026\/04\/05\/pa-campi-flegrei-ble-det-utviklet-en-modell-for-a-tolke-seismisiteten-til-kalderaen\/","og_site_name":"Nordnesrepublikken","article_published_time":"2026-04-05T18:49:30+00:00","article_modified_time":"2026-04-05T18:49:31+00:00","og_image":[{"width":1186,"height":658,"url":"https:\/\/nordnesrepublikken.no\/wp-content\/uploads\/2026\/02\/1770306749_studien-om-rollen-til-meteorisk-vann.jpg","type":"image\/jpeg"}],"author":"Ole Andersen","twitter_card":"summary_large_image","twitter_misc":{"Skrevet av":"Ole Andersen","Ansl. lesetid":"2 minutter"},"schema":{"@context":"https:\/\/schema.org","@graph":[{"@type":"Article","@id":"https:\/\/nordnesrepublikken.no\/index.php\/2026\/04\/05\/pa-campi-flegrei-ble-det-utviklet-en-modell-for-a-tolke-seismisiteten-til-kalderaen\/#article","isPartOf":{"@id":"https:\/\/nordnesrepublikken.no\/index.php\/2026\/04\/05\/pa-campi-flegrei-ble-det-utviklet-en-modell-for-a-tolke-seismisiteten-til-kalderaen\/"},"author":{"name":"Ole Andersen","@id":"https:\/\/nordnesrepublikken.no\/#\/schema\/person\/2e7e81935bab77882fffb79296240ff1"},"headline":"P\u00e5 Campi Flegrei ble det utviklet en modell for \u00e5 tolke seismisiteten til kalderaen","datePublished":"2026-04-05T18:49:30+00:00","dateModified":"2026-04-05T18:49:31+00:00","mainEntityOfPage":{"@id":"https:\/\/nordnesrepublikken.no\/index.php\/2026\/04\/05\/pa-campi-flegrei-ble-det-utviklet-en-modell-for-a-tolke-seismisiteten-til-kalderaen\/"},"wordCount":462,"publisher":{"@id":"https:\/\/nordnesrepublikken.no\/#organization"},"image":{"@id":"https:\/\/nordnesrepublikken.no\/index.php\/2026\/04\/05\/pa-campi-flegrei-ble-det-utviklet-en-modell-for-a-tolke-seismisiteten-til-kalderaen\/#primaryimage"},"thumbnailUrl":"https:\/\/nordnesrepublikken.no\/wp-content\/uploads\/2026\/02\/1770306749_studien-om-rollen-til-meteorisk-vann.jpg","keywords":["ble","Campi","Det","flegrei","kalderaen","modell","p\u00e5","seismisiteten","til","tolke","utviklet"],"articleSection":["Vitenskap"],"inLanguage":"nb-NO"},{"@type":"WebPage","@id":"https:\/\/nordnesrepublikken.no\/index.php\/2026\/04\/05\/pa-campi-flegrei-ble-det-utviklet-en-modell-for-a-tolke-seismisiteten-til-kalderaen\/","url":"https:\/\/nordnesrepublikken.no\/index.php\/2026\/04\/05\/pa-campi-flegrei-ble-det-utviklet-en-modell-for-a-tolke-seismisiteten-til-kalderaen\/","name":"P\u00e5 Campi Flegrei ble det utviklet en modell for \u00e5 tolke seismisiteten til kalderaen - Nordnesrepublikken","isPartOf":{"@id":"https:\/\/nordnesrepublikken.no\/#website"},"primaryImageOfPage":{"@id":"https:\/\/nordnesrepublikken.no\/index.php\/2026\/04\/05\/pa-campi-flegrei-ble-det-utviklet-en-modell-for-a-tolke-seismisiteten-til-kalderaen\/#primaryimage"},"image":{"@id":"https:\/\/nordnesrepublikken.no\/index.php\/2026\/04\/05\/pa-campi-flegrei-ble-det-utviklet-en-modell-for-a-tolke-seismisiteten-til-kalderaen\/#primaryimage"},"thumbnailUrl":"https:\/\/nordnesrepublikken.no\/wp-content\/uploads\/2026\/02\/1770306749_studien-om-rollen-til-meteorisk-vann.jpg","datePublished":"2026-04-05T18:49:30+00:00","dateModified":"2026-04-05T18:49:31+00:00","breadcrumb":{"@id":"https:\/\/nordnesrepublikken.no\/index.php\/2026\/04\/05\/pa-campi-flegrei-ble-det-utviklet-en-modell-for-a-tolke-seismisiteten-til-kalderaen\/#breadcrumb"},"inLanguage":"nb-NO","potentialAction":[{"@type":"ReadAction","target":["https:\/\/nordnesrepublikken.no\/index.php\/2026\/04\/05\/pa-campi-flegrei-ble-det-utviklet-en-modell-for-a-tolke-seismisiteten-til-kalderaen\/"]}]},{"@type":"ImageObject","inLanguage":"nb-NO","@id":"https:\/\/nordnesrepublikken.no\/index.php\/2026\/04\/05\/pa-campi-flegrei-ble-det-utviklet-en-modell-for-a-tolke-seismisiteten-til-kalderaen\/#primaryimage","url":"https:\/\/nordnesrepublikken.no\/wp-content\/uploads\/2026\/02\/1770306749_studien-om-rollen-til-meteorisk-vann.jpg","contentUrl":"https:\/\/nordnesrepublikken.no\/wp-content\/uploads\/2026\/02\/1770306749_studien-om-rollen-til-meteorisk-vann.jpg","width":1186,"height":658,"caption":"studien om rollen til meteorisk vann"},{"@type":"BreadcrumbList","@id":"https:\/\/nordnesrepublikken.no\/index.php\/2026\/04\/05\/pa-campi-flegrei-ble-det-utviklet-en-modell-for-a-tolke-seismisiteten-til-kalderaen\/#breadcrumb","itemListElement":[{"@type":"ListItem","position":1,"name":"Home","item":"https:\/\/nordnesrepublikken.no\/"},{"@type":"ListItem","position":2,"name":"P\u00e5 Campi Flegrei ble det utviklet en modell for \u00e5 tolke seismisiteten til kalderaen"}]},{"@type":"WebSite","@id":"https:\/\/nordnesrepublikken.no\/#website","url":"https:\/\/nordnesrepublikken.no\/","name":"Nordnesrepublikken","description":"Stemmer og Visjoner fra Republikkens Hjerte","publisher":{"@id":"https:\/\/nordnesrepublikken.no\/#organization"},"potentialAction":[{"@type":"SearchAction","target":{"@type":"EntryPoint","urlTemplate":"https:\/\/nordnesrepublikken.no\/?s={search_term_string}"},"query-input":{"@type":"PropertyValueSpecification","valueRequired":true,"valueName":"search_term_string"}}],"inLanguage":"nb-NO"},{"@type":"Organization","@id":"https:\/\/nordnesrepublikken.no\/#organization","name":"Nordnesrepublikken","url":"https:\/\/nordnesrepublikken.no\/","logo":{"@type":"ImageObject","inLanguage":"nb-NO","@id":"https:\/\/nordnesrepublikken.no\/#\/schema\/logo\/image\/","url":"https:\/\/nordnesrepublikken.no\/wp-content\/uploads\/2025\/02\/cropped-nordnesrepublikken-2.png","contentUrl":"https:\/\/nordnesrepublikken.no\/wp-content\/uploads\/2025\/02\/cropped-nordnesrepublikken-2.png","width":1248,"height":362,"caption":"Nordnesrepublikken"},"image":{"@id":"https:\/\/nordnesrepublikken.no\/#\/schema\/logo\/image\/"}},{"@type":"Person","@id":"https:\/\/nordnesrepublikken.no\/#\/schema\/person\/2e7e81935bab77882fffb79296240ff1","name":"Ole Andersen","image":{"@type":"ImageObject","inLanguage":"nb-NO","@id":"https:\/\/nordnesrepublikken.no\/#\/schema\/person\/image\/","url":"https:\/\/nordnesrepublikken.no\/wp-content\/uploads\/2025\/02\/nordnesrepublikken-2-2-150x150.jpg","contentUrl":"https:\/\/nordnesrepublikken.no\/wp-content\/uploads\/2025\/02\/nordnesrepublikken-2-2-150x150.jpg","caption":"Ole Andersen"},"description":"Ettersom jeg vokste opp i Oslo, har jeg alltid v\u00e6rt fascinert av ordenes kraft og deres evne til \u00e5 skape endringer. Etter \u00e5 ha fullf\u00f8rt min utdannelse i kommunikasjon ved Universitetet i Bergen, fikk jeg muligheten til \u00e5 jobbe innen ulike medier, der jeg har s\u00f8kt \u00e5 belyse viktige samfunnssp\u00f8rsm\u00e5l. I dag, som redakt\u00f8r for Nordnesrepublikken, pr\u00f8ver jeg \u00e5 forene min kj\u00e6rlighet for journalistikk med min lidenskap for innovasjon og eventyr.","sameAs":["https:\/\/nordnesrepublikken.no\/"]}]}},"_links":{"self":[{"href":"https:\/\/nordnesrepublikken.no\/index.php\/wp-json\/wp\/v2\/posts\/16636","targetHints":{"allow":["GET"]}}],"collection":[{"href":"https:\/\/nordnesrepublikken.no\/index.php\/wp-json\/wp\/v2\/posts"}],"about":[{"href":"https:\/\/nordnesrepublikken.no\/index.php\/wp-json\/wp\/v2\/types\/post"}],"author":[{"embeddable":true,"href":"https:\/\/nordnesrepublikken.no\/index.php\/wp-json\/wp\/v2\/users\/1"}],"replies":[{"embeddable":true,"href":"https:\/\/nordnesrepublikken.no\/index.php\/wp-json\/wp\/v2\/comments?post=16636"}],"version-history":[{"count":1,"href":"https:\/\/nordnesrepublikken.no\/index.php\/wp-json\/wp\/v2\/posts\/16636\/revisions"}],"predecessor-version":[{"id":16637,"href":"https:\/\/nordnesrepublikken.no\/index.php\/wp-json\/wp\/v2\/posts\/16636\/revisions\/16637"}],"wp:featuredmedia":[{"embeddable":true,"href":"https:\/\/nordnesrepublikken.no\/index.php\/wp-json\/wp\/v2\/media\/14577"}],"wp:attachment":[{"href":"https:\/\/nordnesrepublikken.no\/index.php\/wp-json\/wp\/v2\/media?parent=16636"}],"wp:term":[{"taxonomy":"category","embeddable":true,"href":"https:\/\/nordnesrepublikken.no\/index.php\/wp-json\/wp\/v2\/categories?post=16636"},{"taxonomy":"post_tag","embeddable":true,"href":"https:\/\/nordnesrepublikken.no\/index.php\/wp-json\/wp\/v2\/tags?post=16636"}],"curies":[{"name":"wp","href":"https:\/\/api.w.org\/{rel}","templated":true}]}}