{"id":16630,"date":"2026-04-05T17:49:48","date_gmt":"2026-04-05T15:49:48","guid":{"rendered":"https:\/\/nordnesrepublikken.no\/index.php\/2026\/04\/05\/forskjellene-mellom-de-10-politiske-og-religiose-lederne-i-islamske-land\/"},"modified":"2026-04-05T17:49:50","modified_gmt":"2026-04-05T15:49:50","slug":"forskjellene-mellom-de-10-politiske-og-religiose-lederne-i-islamske-land","status":"publish","type":"post","link":"https:\/\/nordnesrepublikken.no\/index.php\/2026\/04\/05\/forskjellene-mellom-de-10-politiske-og-religiose-lederne-i-islamske-land\/","title":{"rendered":"forskjellene mellom de 10 politiske og religi\u00f8se lederne i islamske land"},"content":{"rendered":"<div>\n<div class=\"cp_wrapper cp_wrapper--fw mb-30 mb-20@tablet\">\n<figure class=\"mm\"><picture class=\"img\" style=\"padding-top:56.25%\"><source  media=\"(min-width: 1024px)\"><source  media=\"(min-width: 768px)\"><\/source><\/source><\/picture><\/figure>\n<\/p><\/div>\n<p>Vi kjenner alle ord som emir, vesir, sultan, kalif, shah og lignende, men ofte <strong>vi har ingen n\u00f8yaktig kunnskap<\/strong> av betydningen deres, og vi bruker dem p\u00e5 en forvirret m\u00e5te. De aktuelle ordene indikerer kongelige, politiske, religi\u00f8se og milit\u00e6re titler til den islamske verden. Hver tittel har en presis betydning. Noen titler er det <strong>brukes i alle muslimske land<\/strong>andre er utbredt bare i spesifikke omr\u00e5der av den enorme og mangfoldige islamske verden. Videre refererer noen titler til suverener, andre til politiske embetsmenn og aristokrater, atter andre til religi\u00f8se myndigheter (selv om politisk og religi\u00f8s autoritet i mange tilfeller er sammenfallende) eller rettslige myndigheter. Til slutt, noen titler indikerer <strong>myndigheter med presise funksjoner<\/strong>andre har en <strong>generisk betydning<\/strong> og brukes noen ganger utelukkende hederlig.<\/p>\n<div class=\"cp_wrapper cp_wrapper--fw mb-50\">\n<figure class=\"mm\"><picture class=\"img\" style=\"padding-top:51.328125%\"><source  media=\"(min-width: 1024px)\"><source  media=\"(min-width: 768px)\"><img decoding=\"async\" loading=\"lazy\" src=\"https:\/\/nordnesrepublikken.no\/wp-content\/uploads\/2026\/04\/1775404188_114_forskjellene-mellom-de-10-politiske-og-religiose-lederne-i-islamske.jpg\" alt=\"Islam i dag (kreditt Cjohnst88 via Wikimedia Commons)\" width=\"2560\" height=\"1314\"\/><\/source><\/source><\/picture><\/figure>\n<\/p><\/div>\n<p> <!-- SUMMARY --><\/p>\n<div class=\"cp_wrapper mb-20 mb-40@desktop\">\n<div class=\"smy\" data-sticky-btn-text=\"\">\n<p>10 edle og hierarkiske titler p\u00e5 den islamske verden<\/p>\n<\/div>\n<\/div>\n<h2 id=\"califfo\"><strong>Kalif<\/strong><\/h2>\n<p>Kalif, fra arabisk <em>khalifa<\/em> som bokstavelig talt betyr &laquo;<strong>etterf\u00f8lger<\/strong>&laquo;, indikerer <strong>etterf\u00f8lger av Muhammed<\/strong> lede fellesskapet av troende. Kalifen er i teorien den religi\u00f8se og politiske lederen for all islam. De f\u00f8rste kalifene, som levde p\u00e5 700-tallet, ble faktisk anerkjent som ledere av alle muslimer. Deretter fragmenterte den islamske verden b\u00e5de p\u00e5 det religi\u00f8se niv\u00e5et, for <strong>delt mellom sunnimuslimer og sjiamuslimer<\/strong>b\u00e5de p\u00e5 politisk niv\u00e5, for f\u00f8dselen av <strong>uavhengige riker<\/strong>. Imidlertid fortsatte en kalif anerkjent av alle sunnier \u00e5 eksistere. <strong>Fra 1500-tallet<\/strong> De <strong>tittelen ble tilskrevet sultanen i det osmanske riket<\/strong>den viktigste muslimske majoritetsstaten. <strong>I 1924<\/strong>to \u00e5r etter sammenbruddet av imperiet, den <strong>kalifatet ble avskaffet<\/strong>. Siden den gang har det ikke v\u00e6rt noen universelt anerkjent kalif, men ved noen anledninger har det blitt gjort fors\u00f8k p\u00e5 \u00e5 gjenopprette ham, slik lederen av den islamske staten al-Baghdadi gjorde de siste \u00e5rene.<\/p>\n<h2 id=\"emiro\"><strong>Emir<\/strong><\/h2>\n<p>Emir, fra arabisk <em>amir <\/em>som bokstavelig talt betyr &laquo;<strong>kommand\u00f8r<\/strong>&laquo;, er et begrep som utelukkende brukes i <strong>arabiske land<\/strong> og viser til hvem som kan gi p\u00e5legg. I noen stater er det tittelen reservert for <strong>konge<\/strong>. I dag kalles herskerne i Qatar, Kuwait og de politiske enhetene som utgj\u00f8r De forente arabiske emirater emirer.<\/p>\n<div class=\"cp_wrapper cp_wrapper--fw mb-50\">\n<figure class=\"mm\"><picture class=\"img\" style=\"padding-top:135.2%\"><source  media=\"(min-width: 1024px)\"><source  media=\"(min-width: 768px)\"><img decoding=\"async\" loading=\"lazy\" src=\"https:\/\/nordnesrepublikken.no\/wp-content\/uploads\/2026\/04\/1775404188_184_forskjellene-mellom-de-10-politiske-og-religiose-lederne-i-islamske.jpg\" alt=\"Den n\u00e5v\u00e6rende emiren av Kuwait, Misha'al Al-Ahmad Al-Jaber Al Sabah\" width=\"500\" height=\"676\" class=\"js-seedtag-img\"\/><\/source><\/source><\/picture><\/figure>\n<\/p><\/div>\n<h2 id=\"sultano\"><strong>Sultan<\/strong><\/h2>\n<p>Sultan kommer fra det arabiske ordet <em>sulta,<\/em> hva betyr det&raquo;<strong>autoritet<\/strong>&laquo;Og&raquo;<strong>Makt<\/strong>&laquo;, og er adoptert av forskjellige tyrkiske, arabiske og andre etniske dynastier for \u00e5 indikere <strong>konge<\/strong>. Det er ikke kjent n\u00e5r begrepet ble brukt for f\u00f8rste gang, men det var sikkert allerede brukt av <strong>Ayyubid<\/strong>det r\u00e5 etniske dynastiet ved makten i et territorium mellom Egypt og Syria p\u00e5 1100-tallet. Den mest kjente sultanen var absolutt herskeren over<strong>Det osmanske riket<\/strong>som regjerte over store territorier i Asia, Europa og Afrika fram til de f\u00f8rste ti\u00e5rene av det tjuende \u00e5rhundre. For tiden innehas tittelen sultan av <strong>herskere av Brunei og Oman<\/strong>samt av lokale myndigheter i <strong>Malaysia<\/strong> Og <strong>Indonesia<\/strong>begrepet er derfor utbredt i hele den islamske verden. Det feminine, sultana, refererer typisk til sultanens kone eller mor.<\/p>\n<h2 id=\"visir\"><strong>Visir<\/strong><\/h2>\n<p>Fra mellompersisk <em>vecir<\/em> p\u00e5 tyrkisk <em>vizir <\/em>og p\u00e5 arabisk <em>waz\u012br<\/em>bokstavelig talt &laquo;den som bestemmer&raquo;, indikerer <strong>r\u00e5dgiver for en suveren myndighet<\/strong>. Begrepet brukes for \u00e5 indikere posisjoner i forskjellige stater (noen ganger til og med i forhold til faraoenes Egypt), men det er <strong>assosiert spesielt med det osmanske riket<\/strong>der det eksisterte som en offisiell stilling: de &laquo;enkle&raquo; vesirene samarbeidet med sultanen mens <strong>Storvesir <\/strong>utf\u00f8rte funksjoner som ligner p\u00e5 en <strong>statsminister<\/strong>.<\/p>\n<div class=\"cp_wrapper cp_wrapper--fw mb-50\">\n<figure class=\"mm\"><picture class=\"img\" style=\"padding-top:150%\"><source  media=\"(min-width: 1024px)\"><source  media=\"(min-width: 768px)\"><img decoding=\"async\" loading=\"lazy\" src=\"https:\/\/nordnesrepublikken.no\/wp-content\/uploads\/2026\/04\/1775404188_960_forskjellene-mellom-de-10-politiske-og-religiose-lederne-i-islamske.jpg\" alt=\"Pargali Ibrahim Pasha, osmansk storvesir p\u00e5 1500-tallet\" width=\"500\" height=\"750\"\/><\/source><\/source><\/picture><\/figure>\n<\/p><\/div>\n<h2 id=\"pascia\"><strong>Pasha<\/strong><\/h2>\n<p>Pasha fra tyrkisk <em>pasha<\/em> (sannsynligvis i sin tur avledet fra persisk <em>p\u0101dish\u0101h<\/em>) betyr bokstavelig talt &laquo;suveren&raquo;. Ordet er <strong>utbredt i det osmanske riket<\/strong>var tittelen forbeholdt f<strong>sultanens mannlige s\u00f8nner<\/strong>a <strong>tjenestemenn<\/strong> av h\u00f8y rang og til soldatene som har ansvaret for spesifikke kommandoer. Tittelen ble avskaffet etter sammenbruddet av imperiet. Siden pashas generelt hadde stor rikdom, refererer ordet i dag til mennesker som lever i luksus: tenk p\u00e5 uttrykket &laquo;\u00e5 leve som en pasha&raquo;.<\/p>\n<h2 id=\"sceicco\"><strong>Sheikh <\/strong><\/h2>\n<p>Sheikh (fra arabisk <em>shaykh,<\/em> men det er ogs\u00e5 stavem\u00e5ter <em>cheikh<\/em> Og <em>sjeik)<\/em> betyr bokstavelig talt &laquo;gammel&raquo; eller &laquo;eldre&raquo; og har en <strong>veldig generisk betydning<\/strong>. Angir evt <strong>person som fortjener respekt og utstyrt med autoritet<\/strong> <strong>moralsk<\/strong>. Tittelen er ikke n\u00f8dvendigvis forbeholdt eldre mennesker og krever ikke at b\u00e6reren har spesifikke ansvarsomr\u00e5der. I nyere tid har det blitt brukt i journalistikk for \u00e5 definere Osama Bin Laden, kjent av pressen som \u00abterrorens sjeik\u00bb.<\/p>\n<h2 id=\"khedive\"><strong>Khedive<\/strong><\/h2>\n<p>Khediv\u00e9, avledet fra persisk og noen ganger skrevet p\u00e5 italiensk i formen <em>chedive,<\/em> det var opprinnelig en <strong>hederstittel<\/strong> brukt i det osmanske riket. Det er mest kjent pga <strong>fra 1805 til 1914<\/strong> <strong>det var tittelen p\u00e5 visekongene i Egypt<\/strong>Muhammad Ali og hans etterkommere, som de facto var uavhengige av kontrollen over imperiet.<\/p>\n<div class=\"cp_wrapper cp_wrapper--fw mb-50\">\n<figure class=\"mm\"><picture class=\"img\" style=\"padding-top:126.35416666667%\"><source  media=\"(min-width: 1024px)\"><source  media=\"(min-width: 768px)\"><img decoding=\"async\" loading=\"lazy\" src=\"https:\/\/nordnesrepublikken.no\/wp-content\/uploads\/2026\/04\/1775404188_678_forskjellene-mellom-de-10-politiske-og-religiose-lederne-i-islamske.jpg\" alt=\"Muhammad Ali Pascia, Khedive i Egypt\" width=\"960\" height=\"1213\" class=\"js-seedtag-img\"\/><\/source><\/source><\/picture><\/figure>\n<\/p><\/div>\n<h2 id=\"nababbo\"><strong>Nabob<\/strong><\/h2>\n<p>Nabob (fra urdu <em>nawab<\/em>bokstavelig talt &laquo;vikar&raquo; eller &laquo;l\u00f8ytnant&raquo;) var en utbredt tittel i<strong>Mughal Empire<\/strong>det islamske riket som eksisterte i India mellom 1600- og 1800-tallet. Det indikerte en visekonge, en guvern\u00f8r for bestemte territorier eller andre adelige skikkelser. I likhet med begrepet pasha, brukes det i dag allegorisk for \u00e5 indikere en <strong>person som lever i luksus<\/strong>.<\/p>\n<h2 id=\"ayatollah\"><strong>Ayatollah  <\/strong><\/h2>\n<p>Det arabiske ordet <em>Ayatollah<\/em>som bokstavelig talt betyr &laquo;tegn p\u00e5 Allah&raquo;, er tittelen reservert for <strong>viktigste eksponentene for det sjiamuslimske presteskapet<\/strong>. Det er generelt assosiert med Iran, fordi ayatollaene i landet har politisk ansvar, men det eksisterer ogs\u00e5 i Irak, Libanon og andre stater der sjiamuslimske samfunn bor. Tittelen er forbeholdt de viktigste forskerne <strong>Store ayatollah<\/strong>. Blant personene som har blitt tildelt det inkluderer Irans n\u00e5v\u00e6rende \u00f8verste leder, Ali Khamenei, og hans forgjenger, Ruhollah Khomeini.<\/p>\n<div class=\"cp_wrapper cp_wrapper--fw mb-50\">\n<figure class=\"mm\"><picture class=\"img\" style=\"padding-top:137.91666666667%\"><source  media=\"(min-width: 1024px)\"><source  media=\"(min-width: 768px)\"><img decoding=\"async\" loading=\"lazy\" src=\"https:\/\/nordnesrepublikken.no\/wp-content\/uploads\/2026\/04\/1775404188_808_forskjellene-mellom-de-10-politiske-og-religiose-lederne-i-islamske.jpg\" alt=\"Ruhollah Khomeini\" width=\"960\" height=\"1324\"\/><\/source><\/source><\/picture><\/figure>\n<\/p><\/div>\n<h2 id=\"scia\"><strong>Shah<\/strong><\/h2>\n<p>Shah, fra persisk <em>sjah<\/em> hva betyr det&raquo;<strong>konge<\/strong>&laquo;, er tittelen p\u00e5 herskeren over Persia (n\u00e5 Iran). Gjennom \u00e5rhundrene har den blitt brukt av <strong>mange iranske dynastier<\/strong>. Siden 1979, da en folkelig revolusjon styrtet monarkiet og kastet Shah Reza Pahlavi fra makten, har ikke tittelen offisielt blitt b\u00e5ret av noen.<\/p>\n<\/p><\/div>\n","protected":false},"excerpt":{"rendered":"<p>Vi kjenner alle ord som emir, vesir, sultan, kalif, shah og lignende, men ofte vi<\/p>\n","protected":false},"author":1,"featured_media":16631,"comment_status":"closed","ping_status":"open","sticky":false,"template":"","format":"standard","meta":{"footnotes":""},"categories":[104],"tags":[795,9978,502,1571,212,2250,3316],"class_list":["post-16630","post","type-post","status-publish","format-standard","has-post-thumbnail","hentry","category-samfunn","tag-forskjellene","tag-islamske","tag-land","tag-lederne","tag-mellom","tag-politiske","tag-religiose","generate-columns","tablet-grid-50","mobile-grid-100","grid-parent","grid-33","resize-featured-image"],"yoast_head":"<!-- This site is optimized with the Yoast SEO plugin v24.4 - https:\/\/yoast.com\/wordpress\/plugins\/seo\/ -->\n<title>forskjellene mellom de 10 politiske og religi\u00f8se lederne i islamske land - Nordnesrepublikken<\/title>\n<meta name=\"robots\" content=\"index, follow, max-snippet:-1, max-image-preview:large, max-video-preview:-1\" \/>\n<link rel=\"canonical\" href=\"https:\/\/nordnesrepublikken.no\/index.php\/2026\/04\/05\/forskjellene-mellom-de-10-politiske-og-religiose-lederne-i-islamske-land\/\" \/>\n<meta property=\"og:locale\" content=\"nb_NO\" \/>\n<meta property=\"og:type\" content=\"article\" \/>\n<meta property=\"og:title\" content=\"forskjellene mellom de 10 politiske og religi\u00f8se lederne i islamske land - Nordnesrepublikken\" \/>\n<meta property=\"og:description\" content=\"Vi kjenner alle ord som emir, vesir, sultan, kalif, shah og lignende, men ofte vi\" \/>\n<meta property=\"og:url\" content=\"https:\/\/nordnesrepublikken.no\/index.php\/2026\/04\/05\/forskjellene-mellom-de-10-politiske-og-religiose-lederne-i-islamske-land\/\" \/>\n<meta property=\"og:site_name\" content=\"Nordnesrepublikken\" \/>\n<meta property=\"article:published_time\" content=\"2026-04-05T15:49:48+00:00\" \/>\n<meta property=\"article:modified_time\" content=\"2026-04-05T15:49:50+00:00\" \/>\n<meta property=\"og:image\" content=\"https:\/\/nordnesrepublikken.no\/wp-content\/uploads\/2026\/04\/1775404189_forskjellene-mellom-de-10-politiske-og-religiose-lederne-i-islamske.jpg\" \/>\n\t<meta property=\"og:image:width\" content=\"1376\" \/>\n\t<meta property=\"og:image:height\" content=\"768\" \/>\n\t<meta property=\"og:image:type\" content=\"image\/jpeg\" \/>\n<meta name=\"author\" content=\"Ole Andersen\" \/>\n<meta name=\"twitter:card\" content=\"summary_large_image\" \/>\n<meta name=\"twitter:label1\" content=\"Skrevet av\" \/>\n\t<meta name=\"twitter:data1\" content=\"Ole Andersen\" \/>\n\t<meta name=\"twitter:label2\" content=\"Ansl. lesetid\" \/>\n\t<meta name=\"twitter:data2\" content=\"5 minutter\" \/>\n<script type=\"application\/ld+json\" class=\"yoast-schema-graph\">{\"@context\":\"https:\/\/schema.org\",\"@graph\":[{\"@type\":\"Article\",\"@id\":\"https:\/\/nordnesrepublikken.no\/index.php\/2026\/04\/05\/forskjellene-mellom-de-10-politiske-og-religiose-lederne-i-islamske-land\/#article\",\"isPartOf\":{\"@id\":\"https:\/\/nordnesrepublikken.no\/index.php\/2026\/04\/05\/forskjellene-mellom-de-10-politiske-og-religiose-lederne-i-islamske-land\/\"},\"author\":{\"name\":\"Ole Andersen\",\"@id\":\"https:\/\/nordnesrepublikken.no\/#\/schema\/person\/2e7e81935bab77882fffb79296240ff1\"},\"headline\":\"forskjellene mellom de 10 politiske og religi\u00f8se lederne i islamske land\",\"datePublished\":\"2026-04-05T15:49:48+00:00\",\"dateModified\":\"2026-04-05T15:49:50+00:00\",\"mainEntityOfPage\":{\"@id\":\"https:\/\/nordnesrepublikken.no\/index.php\/2026\/04\/05\/forskjellene-mellom-de-10-politiske-og-religiose-lederne-i-islamske-land\/\"},\"wordCount\":941,\"publisher\":{\"@id\":\"https:\/\/nordnesrepublikken.no\/#organization\"},\"image\":{\"@id\":\"https:\/\/nordnesrepublikken.no\/index.php\/2026\/04\/05\/forskjellene-mellom-de-10-politiske-og-religiose-lederne-i-islamske-land\/#primaryimage\"},\"thumbnailUrl\":\"https:\/\/nordnesrepublikken.no\/wp-content\/uploads\/2026\/04\/1775404189_forskjellene-mellom-de-10-politiske-og-religiose-lederne-i-islamske.jpg\",\"keywords\":[\"forskjellene\",\"islamske\",\"land\",\"lederne\",\"mellom\",\"politiske\",\"religi\u00f8se\"],\"articleSection\":[\"Samfunn\"],\"inLanguage\":\"nb-NO\"},{\"@type\":\"WebPage\",\"@id\":\"https:\/\/nordnesrepublikken.no\/index.php\/2026\/04\/05\/forskjellene-mellom-de-10-politiske-og-religiose-lederne-i-islamske-land\/\",\"url\":\"https:\/\/nordnesrepublikken.no\/index.php\/2026\/04\/05\/forskjellene-mellom-de-10-politiske-og-religiose-lederne-i-islamske-land\/\",\"name\":\"forskjellene mellom de 10 politiske og religi\u00f8se lederne i islamske land - Nordnesrepublikken\",\"isPartOf\":{\"@id\":\"https:\/\/nordnesrepublikken.no\/#website\"},\"primaryImageOfPage\":{\"@id\":\"https:\/\/nordnesrepublikken.no\/index.php\/2026\/04\/05\/forskjellene-mellom-de-10-politiske-og-religiose-lederne-i-islamske-land\/#primaryimage\"},\"image\":{\"@id\":\"https:\/\/nordnesrepublikken.no\/index.php\/2026\/04\/05\/forskjellene-mellom-de-10-politiske-og-religiose-lederne-i-islamske-land\/#primaryimage\"},\"thumbnailUrl\":\"https:\/\/nordnesrepublikken.no\/wp-content\/uploads\/2026\/04\/1775404189_forskjellene-mellom-de-10-politiske-og-religiose-lederne-i-islamske.jpg\",\"datePublished\":\"2026-04-05T15:49:48+00:00\",\"dateModified\":\"2026-04-05T15:49:50+00:00\",\"breadcrumb\":{\"@id\":\"https:\/\/nordnesrepublikken.no\/index.php\/2026\/04\/05\/forskjellene-mellom-de-10-politiske-og-religiose-lederne-i-islamske-land\/#breadcrumb\"},\"inLanguage\":\"nb-NO\",\"potentialAction\":[{\"@type\":\"ReadAction\",\"target\":[\"https:\/\/nordnesrepublikken.no\/index.php\/2026\/04\/05\/forskjellene-mellom-de-10-politiske-og-religiose-lederne-i-islamske-land\/\"]}]},{\"@type\":\"ImageObject\",\"inLanguage\":\"nb-NO\",\"@id\":\"https:\/\/nordnesrepublikken.no\/index.php\/2026\/04\/05\/forskjellene-mellom-de-10-politiske-og-religiose-lederne-i-islamske-land\/#primaryimage\",\"url\":\"https:\/\/nordnesrepublikken.no\/wp-content\/uploads\/2026\/04\/1775404189_forskjellene-mellom-de-10-politiske-og-religiose-lederne-i-islamske.jpg\",\"contentUrl\":\"https:\/\/nordnesrepublikken.no\/wp-content\/uploads\/2026\/04\/1775404189_forskjellene-mellom-de-10-politiske-og-religiose-lederne-i-islamske.jpg\",\"width\":1376,\"height\":768,\"caption\":\"forskjellene mellom de 10 politiske og religi\u00f8se lederne i islamske land\"},{\"@type\":\"BreadcrumbList\",\"@id\":\"https:\/\/nordnesrepublikken.no\/index.php\/2026\/04\/05\/forskjellene-mellom-de-10-politiske-og-religiose-lederne-i-islamske-land\/#breadcrumb\",\"itemListElement\":[{\"@type\":\"ListItem\",\"position\":1,\"name\":\"Home\",\"item\":\"https:\/\/nordnesrepublikken.no\/\"},{\"@type\":\"ListItem\",\"position\":2,\"name\":\"forskjellene mellom de 10 politiske og religi\u00f8se lederne i islamske land\"}]},{\"@type\":\"WebSite\",\"@id\":\"https:\/\/nordnesrepublikken.no\/#website\",\"url\":\"https:\/\/nordnesrepublikken.no\/\",\"name\":\"Nordnesrepublikken\",\"description\":\"Stemmer og Visjoner fra Republikkens Hjerte\",\"publisher\":{\"@id\":\"https:\/\/nordnesrepublikken.no\/#organization\"},\"potentialAction\":[{\"@type\":\"SearchAction\",\"target\":{\"@type\":\"EntryPoint\",\"urlTemplate\":\"https:\/\/nordnesrepublikken.no\/?s={search_term_string}\"},\"query-input\":{\"@type\":\"PropertyValueSpecification\",\"valueRequired\":true,\"valueName\":\"search_term_string\"}}],\"inLanguage\":\"nb-NO\"},{\"@type\":\"Organization\",\"@id\":\"https:\/\/nordnesrepublikken.no\/#organization\",\"name\":\"Nordnesrepublikken\",\"url\":\"https:\/\/nordnesrepublikken.no\/\",\"logo\":{\"@type\":\"ImageObject\",\"inLanguage\":\"nb-NO\",\"@id\":\"https:\/\/nordnesrepublikken.no\/#\/schema\/logo\/image\/\",\"url\":\"https:\/\/nordnesrepublikken.no\/wp-content\/uploads\/2025\/02\/cropped-nordnesrepublikken-2.png\",\"contentUrl\":\"https:\/\/nordnesrepublikken.no\/wp-content\/uploads\/2025\/02\/cropped-nordnesrepublikken-2.png\",\"width\":1248,\"height\":362,\"caption\":\"Nordnesrepublikken\"},\"image\":{\"@id\":\"https:\/\/nordnesrepublikken.no\/#\/schema\/logo\/image\/\"}},{\"@type\":\"Person\",\"@id\":\"https:\/\/nordnesrepublikken.no\/#\/schema\/person\/2e7e81935bab77882fffb79296240ff1\",\"name\":\"Ole Andersen\",\"image\":{\"@type\":\"ImageObject\",\"inLanguage\":\"nb-NO\",\"@id\":\"https:\/\/nordnesrepublikken.no\/#\/schema\/person\/image\/\",\"url\":\"https:\/\/nordnesrepublikken.no\/wp-content\/uploads\/2025\/02\/nordnesrepublikken-2-2-150x150.jpg\",\"contentUrl\":\"https:\/\/nordnesrepublikken.no\/wp-content\/uploads\/2025\/02\/nordnesrepublikken-2-2-150x150.jpg\",\"caption\":\"Ole Andersen\"},\"description\":\"Ettersom jeg vokste opp i Oslo, har jeg alltid v\u00e6rt fascinert av ordenes kraft og deres evne til \u00e5 skape endringer. Etter \u00e5 ha fullf\u00f8rt min utdannelse i kommunikasjon ved Universitetet i Bergen, fikk jeg muligheten til \u00e5 jobbe innen ulike medier, der jeg har s\u00f8kt \u00e5 belyse viktige samfunnssp\u00f8rsm\u00e5l. I dag, som redakt\u00f8r for Nordnesrepublikken, pr\u00f8ver jeg \u00e5 forene min kj\u00e6rlighet for journalistikk med min lidenskap for innovasjon og eventyr.\",\"sameAs\":[\"https:\/\/nordnesrepublikken.no\/\"]}]}<\/script>\n<!-- \/ Yoast SEO plugin. -->","yoast_head_json":{"title":"forskjellene mellom de 10 politiske og religi\u00f8se lederne i islamske land - Nordnesrepublikken","robots":{"index":"index","follow":"follow","max-snippet":"max-snippet:-1","max-image-preview":"max-image-preview:large","max-video-preview":"max-video-preview:-1"},"canonical":"https:\/\/nordnesrepublikken.no\/index.php\/2026\/04\/05\/forskjellene-mellom-de-10-politiske-og-religiose-lederne-i-islamske-land\/","og_locale":"nb_NO","og_type":"article","og_title":"forskjellene mellom de 10 politiske og religi\u00f8se lederne i islamske land - Nordnesrepublikken","og_description":"Vi kjenner alle ord som emir, vesir, sultan, kalif, shah og lignende, men ofte vi","og_url":"https:\/\/nordnesrepublikken.no\/index.php\/2026\/04\/05\/forskjellene-mellom-de-10-politiske-og-religiose-lederne-i-islamske-land\/","og_site_name":"Nordnesrepublikken","article_published_time":"2026-04-05T15:49:48+00:00","article_modified_time":"2026-04-05T15:49:50+00:00","og_image":[{"width":1376,"height":768,"url":"https:\/\/nordnesrepublikken.no\/wp-content\/uploads\/2026\/04\/1775404189_forskjellene-mellom-de-10-politiske-og-religiose-lederne-i-islamske.jpg","type":"image\/jpeg"}],"author":"Ole Andersen","twitter_card":"summary_large_image","twitter_misc":{"Skrevet av":"Ole Andersen","Ansl. lesetid":"5 minutter"},"schema":{"@context":"https:\/\/schema.org","@graph":[{"@type":"Article","@id":"https:\/\/nordnesrepublikken.no\/index.php\/2026\/04\/05\/forskjellene-mellom-de-10-politiske-og-religiose-lederne-i-islamske-land\/#article","isPartOf":{"@id":"https:\/\/nordnesrepublikken.no\/index.php\/2026\/04\/05\/forskjellene-mellom-de-10-politiske-og-religiose-lederne-i-islamske-land\/"},"author":{"name":"Ole Andersen","@id":"https:\/\/nordnesrepublikken.no\/#\/schema\/person\/2e7e81935bab77882fffb79296240ff1"},"headline":"forskjellene mellom de 10 politiske og religi\u00f8se lederne i islamske land","datePublished":"2026-04-05T15:49:48+00:00","dateModified":"2026-04-05T15:49:50+00:00","mainEntityOfPage":{"@id":"https:\/\/nordnesrepublikken.no\/index.php\/2026\/04\/05\/forskjellene-mellom-de-10-politiske-og-religiose-lederne-i-islamske-land\/"},"wordCount":941,"publisher":{"@id":"https:\/\/nordnesrepublikken.no\/#organization"},"image":{"@id":"https:\/\/nordnesrepublikken.no\/index.php\/2026\/04\/05\/forskjellene-mellom-de-10-politiske-og-religiose-lederne-i-islamske-land\/#primaryimage"},"thumbnailUrl":"https:\/\/nordnesrepublikken.no\/wp-content\/uploads\/2026\/04\/1775404189_forskjellene-mellom-de-10-politiske-og-religiose-lederne-i-islamske.jpg","keywords":["forskjellene","islamske","land","lederne","mellom","politiske","religi\u00f8se"],"articleSection":["Samfunn"],"inLanguage":"nb-NO"},{"@type":"WebPage","@id":"https:\/\/nordnesrepublikken.no\/index.php\/2026\/04\/05\/forskjellene-mellom-de-10-politiske-og-religiose-lederne-i-islamske-land\/","url":"https:\/\/nordnesrepublikken.no\/index.php\/2026\/04\/05\/forskjellene-mellom-de-10-politiske-og-religiose-lederne-i-islamske-land\/","name":"forskjellene mellom de 10 politiske og religi\u00f8se lederne i islamske land - Nordnesrepublikken","isPartOf":{"@id":"https:\/\/nordnesrepublikken.no\/#website"},"primaryImageOfPage":{"@id":"https:\/\/nordnesrepublikken.no\/index.php\/2026\/04\/05\/forskjellene-mellom-de-10-politiske-og-religiose-lederne-i-islamske-land\/#primaryimage"},"image":{"@id":"https:\/\/nordnesrepublikken.no\/index.php\/2026\/04\/05\/forskjellene-mellom-de-10-politiske-og-religiose-lederne-i-islamske-land\/#primaryimage"},"thumbnailUrl":"https:\/\/nordnesrepublikken.no\/wp-content\/uploads\/2026\/04\/1775404189_forskjellene-mellom-de-10-politiske-og-religiose-lederne-i-islamske.jpg","datePublished":"2026-04-05T15:49:48+00:00","dateModified":"2026-04-05T15:49:50+00:00","breadcrumb":{"@id":"https:\/\/nordnesrepublikken.no\/index.php\/2026\/04\/05\/forskjellene-mellom-de-10-politiske-og-religiose-lederne-i-islamske-land\/#breadcrumb"},"inLanguage":"nb-NO","potentialAction":[{"@type":"ReadAction","target":["https:\/\/nordnesrepublikken.no\/index.php\/2026\/04\/05\/forskjellene-mellom-de-10-politiske-og-religiose-lederne-i-islamske-land\/"]}]},{"@type":"ImageObject","inLanguage":"nb-NO","@id":"https:\/\/nordnesrepublikken.no\/index.php\/2026\/04\/05\/forskjellene-mellom-de-10-politiske-og-religiose-lederne-i-islamske-land\/#primaryimage","url":"https:\/\/nordnesrepublikken.no\/wp-content\/uploads\/2026\/04\/1775404189_forskjellene-mellom-de-10-politiske-og-religiose-lederne-i-islamske.jpg","contentUrl":"https:\/\/nordnesrepublikken.no\/wp-content\/uploads\/2026\/04\/1775404189_forskjellene-mellom-de-10-politiske-og-religiose-lederne-i-islamske.jpg","width":1376,"height":768,"caption":"forskjellene mellom de 10 politiske og religi\u00f8se lederne i islamske land"},{"@type":"BreadcrumbList","@id":"https:\/\/nordnesrepublikken.no\/index.php\/2026\/04\/05\/forskjellene-mellom-de-10-politiske-og-religiose-lederne-i-islamske-land\/#breadcrumb","itemListElement":[{"@type":"ListItem","position":1,"name":"Home","item":"https:\/\/nordnesrepublikken.no\/"},{"@type":"ListItem","position":2,"name":"forskjellene mellom de 10 politiske og religi\u00f8se lederne i islamske land"}]},{"@type":"WebSite","@id":"https:\/\/nordnesrepublikken.no\/#website","url":"https:\/\/nordnesrepublikken.no\/","name":"Nordnesrepublikken","description":"Stemmer og Visjoner fra Republikkens Hjerte","publisher":{"@id":"https:\/\/nordnesrepublikken.no\/#organization"},"potentialAction":[{"@type":"SearchAction","target":{"@type":"EntryPoint","urlTemplate":"https:\/\/nordnesrepublikken.no\/?s={search_term_string}"},"query-input":{"@type":"PropertyValueSpecification","valueRequired":true,"valueName":"search_term_string"}}],"inLanguage":"nb-NO"},{"@type":"Organization","@id":"https:\/\/nordnesrepublikken.no\/#organization","name":"Nordnesrepublikken","url":"https:\/\/nordnesrepublikken.no\/","logo":{"@type":"ImageObject","inLanguage":"nb-NO","@id":"https:\/\/nordnesrepublikken.no\/#\/schema\/logo\/image\/","url":"https:\/\/nordnesrepublikken.no\/wp-content\/uploads\/2025\/02\/cropped-nordnesrepublikken-2.png","contentUrl":"https:\/\/nordnesrepublikken.no\/wp-content\/uploads\/2025\/02\/cropped-nordnesrepublikken-2.png","width":1248,"height":362,"caption":"Nordnesrepublikken"},"image":{"@id":"https:\/\/nordnesrepublikken.no\/#\/schema\/logo\/image\/"}},{"@type":"Person","@id":"https:\/\/nordnesrepublikken.no\/#\/schema\/person\/2e7e81935bab77882fffb79296240ff1","name":"Ole Andersen","image":{"@type":"ImageObject","inLanguage":"nb-NO","@id":"https:\/\/nordnesrepublikken.no\/#\/schema\/person\/image\/","url":"https:\/\/nordnesrepublikken.no\/wp-content\/uploads\/2025\/02\/nordnesrepublikken-2-2-150x150.jpg","contentUrl":"https:\/\/nordnesrepublikken.no\/wp-content\/uploads\/2025\/02\/nordnesrepublikken-2-2-150x150.jpg","caption":"Ole Andersen"},"description":"Ettersom jeg vokste opp i Oslo, har jeg alltid v\u00e6rt fascinert av ordenes kraft og deres evne til \u00e5 skape endringer. Etter \u00e5 ha fullf\u00f8rt min utdannelse i kommunikasjon ved Universitetet i Bergen, fikk jeg muligheten til \u00e5 jobbe innen ulike medier, der jeg har s\u00f8kt \u00e5 belyse viktige samfunnssp\u00f8rsm\u00e5l. I dag, som redakt\u00f8r for Nordnesrepublikken, pr\u00f8ver jeg \u00e5 forene min kj\u00e6rlighet for journalistikk med min lidenskap for innovasjon og eventyr.","sameAs":["https:\/\/nordnesrepublikken.no\/"]}]}},"_links":{"self":[{"href":"https:\/\/nordnesrepublikken.no\/index.php\/wp-json\/wp\/v2\/posts\/16630","targetHints":{"allow":["GET"]}}],"collection":[{"href":"https:\/\/nordnesrepublikken.no\/index.php\/wp-json\/wp\/v2\/posts"}],"about":[{"href":"https:\/\/nordnesrepublikken.no\/index.php\/wp-json\/wp\/v2\/types\/post"}],"author":[{"embeddable":true,"href":"https:\/\/nordnesrepublikken.no\/index.php\/wp-json\/wp\/v2\/users\/1"}],"replies":[{"embeddable":true,"href":"https:\/\/nordnesrepublikken.no\/index.php\/wp-json\/wp\/v2\/comments?post=16630"}],"version-history":[{"count":1,"href":"https:\/\/nordnesrepublikken.no\/index.php\/wp-json\/wp\/v2\/posts\/16630\/revisions"}],"predecessor-version":[{"id":16632,"href":"https:\/\/nordnesrepublikken.no\/index.php\/wp-json\/wp\/v2\/posts\/16630\/revisions\/16632"}],"wp:featuredmedia":[{"embeddable":true,"href":"https:\/\/nordnesrepublikken.no\/index.php\/wp-json\/wp\/v2\/media\/16631"}],"wp:attachment":[{"href":"https:\/\/nordnesrepublikken.no\/index.php\/wp-json\/wp\/v2\/media?parent=16630"}],"wp:term":[{"taxonomy":"category","embeddable":true,"href":"https:\/\/nordnesrepublikken.no\/index.php\/wp-json\/wp\/v2\/categories?post=16630"},{"taxonomy":"post_tag","embeddable":true,"href":"https:\/\/nordnesrepublikken.no\/index.php\/wp-json\/wp\/v2\/tags?post=16630"}],"curies":[{"name":"wp","href":"https:\/\/api.w.org\/{rel}","templated":true}]}}