{"id":16618,"date":"2026-04-05T10:49:38","date_gmt":"2026-04-05T08:49:38","guid":{"rendered":"https:\/\/nordnesrepublikken.no\/index.php\/2026\/04\/05\/fenomenet-feriearbeidere\/"},"modified":"2026-04-05T10:49:45","modified_gmt":"2026-04-05T08:49:45","slug":"fenomenet-feriearbeidere","status":"publish","type":"post","link":"https:\/\/nordnesrepublikken.no\/index.php\/2026\/04\/05\/fenomenet-feriearbeidere\/","title":{"rendered":"fenomenet feriearbeidere"},"content":{"rendered":"<div>\n<div class=\"cp_wrapper cp_wrapper--fw mb-30 mb-20@tablet\">\n<figure class=\"mm\"><picture class=\"img\" style=\"padding-top:56.25%\"><source  media=\"(min-width: 1024px)\"><source  media=\"(min-width: 768px)\"><\/source><\/source><\/picture><\/figure>\n<\/p><\/div>\n<p>I Italia, nesten <strong>1 av 10 arbeidere<\/strong> fortsatte til <strong>arbeid<\/strong> selv mens han var inne <strong>ferie.<\/strong> Dette er det som kommer frem av Istat-data, som i 2022 for f\u00f8rste gang m\u00e5lte tilstedev\u00e6relsen av <strong>&laquo;feriearbeidere&raquo;<\/strong>det vil si de som kombinerer arbeid og ferie: s\u00e6rlig menn, bosatt p\u00e5 Nordvestlandet, med h\u00f8y utdanning, selvstendig n\u00e6ringsdrivende eller ledere i informasjons- og kommunikasjonstjenestesektoren eller finans- og forsikringsvirksomhet.<\/p>\n<h2><strong>Hvem er &laquo;feriearbeidere&raquo;?<\/strong><\/h2>\n<p>De siste \u00e5rene har fenomenet &laquo;<strong>arbeid&raquo;<\/strong>en neologisme som kombinerer arbeid (arbeid) og ferie (ferie). I motsetning til en reise utf\u00f8rt av faglige \u00e5rsaker, refererer dette begrepet til en <strong>reise<\/strong> utf\u00f8res av personlige \u00e5rsaker, hvor det uansett er <strong>arbeid ble ogs\u00e5 \u00f8vd<\/strong>. F\u00f8dt som et privilegium for frilansere og arbeidere med spesifikk kunnskap, spredte fenomenet seg raskt under COVID-19-pandemien takket v\u00e6re fjernarbeid. Deretter <strong>spredning av smartarbeid<\/strong> har gjort det tilgjengelig for flere og flere arbeidstakere til det punktet \u00e5 bli en mulig ny trend i reiselivssektoren i dag.<\/p>\n<p>I 2022 ble <strong>9,7 % av feriegjestene<\/strong> opptatt de har <strong>jobbet fra feriestedet<\/strong> i hvilken som helst ekstern arbeidsmodus (fjernarbeid, smartarbeid eller smidig arbeid) ei <strong>Istat data<\/strong> la oss tegne en detaljert profil av disse feriearbeiderne:<\/p>\n<ul>\n<li><strong>Type<\/strong>: flere menn (10,4 %) enn kvinner (8,5 %).<\/li>\n<li><strong>Bolig<\/strong>: utbredelse av de som bor p\u00e5 Nordvestlandet (12,1 %), mens i S\u00f8r synker andelen til 5,5 %.<\/li>\n<li><strong>Oppl\u00e6ring<\/strong>: mer enn tre ganger mer vanlig blant de med en grad eller annen h\u00f8yere kvalifikasjon (18,5 %) sammenlignet med de med kun vitnem\u00e5l eller lavere kvalifikasjoner.<\/li>\n<li><strong>Type arbeid<\/strong>: Selvstendig n\u00e6ringsdrivende (16,5 %) er mer enn det dobbelte av ansatte (7,7 %), men de h\u00f8yeste toppene er blant ledere (37,2 %) og gr\u00fcndere (37 %).<\/li>\n<li><strong>Sektor<\/strong>: hovedsakelig innen informasjons- og kommunikasjonstjenester (30,5 %) og i finans- og forsikringsvirksomhet (22,8 %).<\/li>\n<\/ul>\n<p>Oppsummert er arbeid et \u00f8kende fenomen, spesielt blant de med h\u00f8y kompetanse, og st\u00f8rre autonomi og arbeidsfleksibilitet.<\/p>\n<h2><strong>Hvorfor velge arbeid: fordeler og ulemper<\/strong><\/h2>\n<p>\u00c5 jobbe p\u00e5 ferie kan f\u00f8re til forskjellig <strong>fordeler:<\/strong><\/p>\n<ul>\n<li><strong>St\u00f8rre produktivitet<\/strong>: \u00c5 jobbe i et avslappende milj\u00f8, som i et hus ved sj\u00f8en eller p\u00e5 en hytte p\u00e5 fjellet, kan \u00f8ke kreativiteten og motivasjonen.<\/li>\n<li><strong>St\u00f8rre fleksibilitet<\/strong>: \u00c5 ikke v\u00e6re bundet til faste tider og \u00e5 reise gjennom bytrafikken for \u00e5 n\u00e5 kontoret lar deg organisere pauser og personlige forpliktelser bedre.<\/li>\n<li><strong>Mindre stress ved retur<\/strong>: fortsett \u00e5 jobbe selv p\u00e5 ferie for \u00e5 unng\u00e5 \u00e5 ta igjen etterslep n\u00e5r du kommer tilbake.<\/li>\n<\/ul>\n<p>Denne innovative arbeidsformen kan imidlertid bli et tveegget sverd. Blant problemene som oftest oppst\u00e5r er:<\/p>\n<ul>\n<li><strong>Vanskeligheter med \u00e5 logge ut<\/strong>: Fristelsen til \u00e5 sjekke e-poster og meldinger etter arbeidstid kan f\u00f8re til \u00e5 tenke p\u00e5 jobb kontinuerlig selv i pauser<\/li>\n<li><strong>Forvirring mellom arbeid og avslapning<\/strong>: mangelen p\u00e5 et klart skille mellom \u00f8yeblikkene dedikert til arbeid og de dedikert til ferier kan \u00f8ke stress og mental tretthet, hvis det ikke finnes en balanse mellom disse to aspektene.<\/li>\n<li><strong>Kvaliteten p\u00e5 ferien kompromittert<\/strong>: \u00c5 jobbe p\u00e5 steder som er tilrettelagt for hvile kan redusere reisegleden og tiden brukt p\u00e5 \u00e5 nyte selskap med familie og venner og ha nye opplevelser.<\/li>\n<\/ul>\n<p>I praksis kan arbeid transformeres til en mulighet for <strong>forene<\/strong> to aspekter ved livet som tidligere stod i kontrast til hverandre: <strong>tid til arbeid og tid til ferier<\/strong>. Imidlertid m\u00e5 denne kombinasjonen vurderes basert p\u00e5 dine personlige behov og engasjementet som kreves av din arbeidsaktivitet: faktisk viser det seg ikke \u00e5 v\u00e6re en boomerang bare hvis du klarer \u00e5 finne en harmoni mellom arbeidsproduktivitet og ferieavslapning.<\/p>\n<\/p><\/div>\n","protected":false},"excerpt":{"rendered":"<p>I Italia, nesten 1 av 10 arbeidere fortsatte til arbeid selv mens han var inne<\/p>\n","protected":false},"author":1,"featured_media":16619,"comment_status":"closed","ping_status":"open","sticky":false,"template":"","format":"standard","meta":{"footnotes":""},"categories":[104],"tags":[1814,10760],"class_list":["post-16618","post","type-post","status-publish","format-standard","has-post-thumbnail","hentry","category-samfunn","tag-fenomenet","tag-feriearbeidere","generate-columns","tablet-grid-50","mobile-grid-100","grid-parent","grid-33","resize-featured-image"],"yoast_head":"<!-- This site is optimized with the Yoast SEO plugin v24.4 - https:\/\/yoast.com\/wordpress\/plugins\/seo\/ -->\n<title>fenomenet feriearbeidere - Nordnesrepublikken<\/title>\n<meta name=\"robots\" content=\"index, follow, max-snippet:-1, max-image-preview:large, max-video-preview:-1\" \/>\n<link rel=\"canonical\" href=\"https:\/\/nordnesrepublikken.no\/index.php\/2026\/04\/05\/fenomenet-feriearbeidere\/\" \/>\n<meta property=\"og:locale\" content=\"nb_NO\" \/>\n<meta property=\"og:type\" content=\"article\" \/>\n<meta property=\"og:title\" content=\"fenomenet feriearbeidere - Nordnesrepublikken\" \/>\n<meta property=\"og:description\" content=\"I Italia, nesten 1 av 10 arbeidere fortsatte til arbeid selv mens han var inne\" \/>\n<meta property=\"og:url\" content=\"https:\/\/nordnesrepublikken.no\/index.php\/2026\/04\/05\/fenomenet-feriearbeidere\/\" \/>\n<meta property=\"og:site_name\" content=\"Nordnesrepublikken\" \/>\n<meta property=\"article:published_time\" content=\"2026-04-05T08:49:38+00:00\" \/>\n<meta property=\"article:modified_time\" content=\"2026-04-05T08:49:45+00:00\" \/>\n<meta property=\"og:image\" content=\"https:\/\/nordnesrepublikken.no\/wp-content\/uploads\/2026\/04\/1775378980_fenomenet-feriearbeidere-scaled.jpg\" \/>\n\t<meta property=\"og:image:width\" content=\"2560\" \/>\n\t<meta property=\"og:image:height\" content=\"1700\" \/>\n\t<meta property=\"og:image:type\" content=\"image\/jpeg\" \/>\n<meta name=\"author\" content=\"Ole Andersen\" \/>\n<meta name=\"twitter:card\" content=\"summary_large_image\" \/>\n<meta name=\"twitter:label1\" content=\"Skrevet av\" \/>\n\t<meta name=\"twitter:data1\" content=\"Ole Andersen\" \/>\n\t<meta name=\"twitter:label2\" content=\"Ansl. lesetid\" \/>\n\t<meta name=\"twitter:data2\" content=\"3 minutter\" \/>\n<script type=\"application\/ld+json\" class=\"yoast-schema-graph\">{\"@context\":\"https:\/\/schema.org\",\"@graph\":[{\"@type\":\"Article\",\"@id\":\"https:\/\/nordnesrepublikken.no\/index.php\/2026\/04\/05\/fenomenet-feriearbeidere\/#article\",\"isPartOf\":{\"@id\":\"https:\/\/nordnesrepublikken.no\/index.php\/2026\/04\/05\/fenomenet-feriearbeidere\/\"},\"author\":{\"name\":\"Ole Andersen\",\"@id\":\"https:\/\/nordnesrepublikken.no\/#\/schema\/person\/2e7e81935bab77882fffb79296240ff1\"},\"headline\":\"fenomenet feriearbeidere\",\"datePublished\":\"2026-04-05T08:49:38+00:00\",\"dateModified\":\"2026-04-05T08:49:45+00:00\",\"mainEntityOfPage\":{\"@id\":\"https:\/\/nordnesrepublikken.no\/index.php\/2026\/04\/05\/fenomenet-feriearbeidere\/\"},\"wordCount\":551,\"publisher\":{\"@id\":\"https:\/\/nordnesrepublikken.no\/#organization\"},\"image\":{\"@id\":\"https:\/\/nordnesrepublikken.no\/index.php\/2026\/04\/05\/fenomenet-feriearbeidere\/#primaryimage\"},\"thumbnailUrl\":\"https:\/\/nordnesrepublikken.no\/wp-content\/uploads\/2026\/04\/1775378980_fenomenet-feriearbeidere-scaled.jpg\",\"keywords\":[\"fenomenet\",\"feriearbeidere\"],\"articleSection\":[\"Samfunn\"],\"inLanguage\":\"nb-NO\"},{\"@type\":\"WebPage\",\"@id\":\"https:\/\/nordnesrepublikken.no\/index.php\/2026\/04\/05\/fenomenet-feriearbeidere\/\",\"url\":\"https:\/\/nordnesrepublikken.no\/index.php\/2026\/04\/05\/fenomenet-feriearbeidere\/\",\"name\":\"fenomenet feriearbeidere - Nordnesrepublikken\",\"isPartOf\":{\"@id\":\"https:\/\/nordnesrepublikken.no\/#website\"},\"primaryImageOfPage\":{\"@id\":\"https:\/\/nordnesrepublikken.no\/index.php\/2026\/04\/05\/fenomenet-feriearbeidere\/#primaryimage\"},\"image\":{\"@id\":\"https:\/\/nordnesrepublikken.no\/index.php\/2026\/04\/05\/fenomenet-feriearbeidere\/#primaryimage\"},\"thumbnailUrl\":\"https:\/\/nordnesrepublikken.no\/wp-content\/uploads\/2026\/04\/1775378980_fenomenet-feriearbeidere-scaled.jpg\",\"datePublished\":\"2026-04-05T08:49:38+00:00\",\"dateModified\":\"2026-04-05T08:49:45+00:00\",\"breadcrumb\":{\"@id\":\"https:\/\/nordnesrepublikken.no\/index.php\/2026\/04\/05\/fenomenet-feriearbeidere\/#breadcrumb\"},\"inLanguage\":\"nb-NO\",\"potentialAction\":[{\"@type\":\"ReadAction\",\"target\":[\"https:\/\/nordnesrepublikken.no\/index.php\/2026\/04\/05\/fenomenet-feriearbeidere\/\"]}]},{\"@type\":\"ImageObject\",\"inLanguage\":\"nb-NO\",\"@id\":\"https:\/\/nordnesrepublikken.no\/index.php\/2026\/04\/05\/fenomenet-feriearbeidere\/#primaryimage\",\"url\":\"https:\/\/nordnesrepublikken.no\/wp-content\/uploads\/2026\/04\/1775378980_fenomenet-feriearbeidere-scaled.jpg\",\"contentUrl\":\"https:\/\/nordnesrepublikken.no\/wp-content\/uploads\/2026\/04\/1775378980_fenomenet-feriearbeidere-scaled.jpg\",\"width\":2560,\"height\":1700,\"caption\":\"fenomenet feriearbeidere\"},{\"@type\":\"BreadcrumbList\",\"@id\":\"https:\/\/nordnesrepublikken.no\/index.php\/2026\/04\/05\/fenomenet-feriearbeidere\/#breadcrumb\",\"itemListElement\":[{\"@type\":\"ListItem\",\"position\":1,\"name\":\"Home\",\"item\":\"https:\/\/nordnesrepublikken.no\/\"},{\"@type\":\"ListItem\",\"position\":2,\"name\":\"fenomenet feriearbeidere\"}]},{\"@type\":\"WebSite\",\"@id\":\"https:\/\/nordnesrepublikken.no\/#website\",\"url\":\"https:\/\/nordnesrepublikken.no\/\",\"name\":\"Nordnesrepublikken\",\"description\":\"Stemmer og Visjoner fra Republikkens Hjerte\",\"publisher\":{\"@id\":\"https:\/\/nordnesrepublikken.no\/#organization\"},\"potentialAction\":[{\"@type\":\"SearchAction\",\"target\":{\"@type\":\"EntryPoint\",\"urlTemplate\":\"https:\/\/nordnesrepublikken.no\/?s={search_term_string}\"},\"query-input\":{\"@type\":\"PropertyValueSpecification\",\"valueRequired\":true,\"valueName\":\"search_term_string\"}}],\"inLanguage\":\"nb-NO\"},{\"@type\":\"Organization\",\"@id\":\"https:\/\/nordnesrepublikken.no\/#organization\",\"name\":\"Nordnesrepublikken\",\"url\":\"https:\/\/nordnesrepublikken.no\/\",\"logo\":{\"@type\":\"ImageObject\",\"inLanguage\":\"nb-NO\",\"@id\":\"https:\/\/nordnesrepublikken.no\/#\/schema\/logo\/image\/\",\"url\":\"https:\/\/nordnesrepublikken.no\/wp-content\/uploads\/2025\/02\/cropped-nordnesrepublikken-2.png\",\"contentUrl\":\"https:\/\/nordnesrepublikken.no\/wp-content\/uploads\/2025\/02\/cropped-nordnesrepublikken-2.png\",\"width\":1248,\"height\":362,\"caption\":\"Nordnesrepublikken\"},\"image\":{\"@id\":\"https:\/\/nordnesrepublikken.no\/#\/schema\/logo\/image\/\"}},{\"@type\":\"Person\",\"@id\":\"https:\/\/nordnesrepublikken.no\/#\/schema\/person\/2e7e81935bab77882fffb79296240ff1\",\"name\":\"Ole Andersen\",\"image\":{\"@type\":\"ImageObject\",\"inLanguage\":\"nb-NO\",\"@id\":\"https:\/\/nordnesrepublikken.no\/#\/schema\/person\/image\/\",\"url\":\"https:\/\/nordnesrepublikken.no\/wp-content\/uploads\/2025\/02\/nordnesrepublikken-2-2-150x150.jpg\",\"contentUrl\":\"https:\/\/nordnesrepublikken.no\/wp-content\/uploads\/2025\/02\/nordnesrepublikken-2-2-150x150.jpg\",\"caption\":\"Ole Andersen\"},\"description\":\"Ettersom jeg vokste opp i Oslo, har jeg alltid v\u00e6rt fascinert av ordenes kraft og deres evne til \u00e5 skape endringer. Etter \u00e5 ha fullf\u00f8rt min utdannelse i kommunikasjon ved Universitetet i Bergen, fikk jeg muligheten til \u00e5 jobbe innen ulike medier, der jeg har s\u00f8kt \u00e5 belyse viktige samfunnssp\u00f8rsm\u00e5l. I dag, som redakt\u00f8r for Nordnesrepublikken, pr\u00f8ver jeg \u00e5 forene min kj\u00e6rlighet for journalistikk med min lidenskap for innovasjon og eventyr.\",\"sameAs\":[\"https:\/\/nordnesrepublikken.no\/\"]}]}<\/script>\n<!-- \/ Yoast SEO plugin. -->","yoast_head_json":{"title":"fenomenet feriearbeidere - Nordnesrepublikken","robots":{"index":"index","follow":"follow","max-snippet":"max-snippet:-1","max-image-preview":"max-image-preview:large","max-video-preview":"max-video-preview:-1"},"canonical":"https:\/\/nordnesrepublikken.no\/index.php\/2026\/04\/05\/fenomenet-feriearbeidere\/","og_locale":"nb_NO","og_type":"article","og_title":"fenomenet feriearbeidere - Nordnesrepublikken","og_description":"I Italia, nesten 1 av 10 arbeidere fortsatte til arbeid selv mens han var inne","og_url":"https:\/\/nordnesrepublikken.no\/index.php\/2026\/04\/05\/fenomenet-feriearbeidere\/","og_site_name":"Nordnesrepublikken","article_published_time":"2026-04-05T08:49:38+00:00","article_modified_time":"2026-04-05T08:49:45+00:00","og_image":[{"width":2560,"height":1700,"url":"https:\/\/nordnesrepublikken.no\/wp-content\/uploads\/2026\/04\/1775378980_fenomenet-feriearbeidere-scaled.jpg","type":"image\/jpeg"}],"author":"Ole Andersen","twitter_card":"summary_large_image","twitter_misc":{"Skrevet av":"Ole Andersen","Ansl. lesetid":"3 minutter"},"schema":{"@context":"https:\/\/schema.org","@graph":[{"@type":"Article","@id":"https:\/\/nordnesrepublikken.no\/index.php\/2026\/04\/05\/fenomenet-feriearbeidere\/#article","isPartOf":{"@id":"https:\/\/nordnesrepublikken.no\/index.php\/2026\/04\/05\/fenomenet-feriearbeidere\/"},"author":{"name":"Ole Andersen","@id":"https:\/\/nordnesrepublikken.no\/#\/schema\/person\/2e7e81935bab77882fffb79296240ff1"},"headline":"fenomenet feriearbeidere","datePublished":"2026-04-05T08:49:38+00:00","dateModified":"2026-04-05T08:49:45+00:00","mainEntityOfPage":{"@id":"https:\/\/nordnesrepublikken.no\/index.php\/2026\/04\/05\/fenomenet-feriearbeidere\/"},"wordCount":551,"publisher":{"@id":"https:\/\/nordnesrepublikken.no\/#organization"},"image":{"@id":"https:\/\/nordnesrepublikken.no\/index.php\/2026\/04\/05\/fenomenet-feriearbeidere\/#primaryimage"},"thumbnailUrl":"https:\/\/nordnesrepublikken.no\/wp-content\/uploads\/2026\/04\/1775378980_fenomenet-feriearbeidere-scaled.jpg","keywords":["fenomenet","feriearbeidere"],"articleSection":["Samfunn"],"inLanguage":"nb-NO"},{"@type":"WebPage","@id":"https:\/\/nordnesrepublikken.no\/index.php\/2026\/04\/05\/fenomenet-feriearbeidere\/","url":"https:\/\/nordnesrepublikken.no\/index.php\/2026\/04\/05\/fenomenet-feriearbeidere\/","name":"fenomenet feriearbeidere - Nordnesrepublikken","isPartOf":{"@id":"https:\/\/nordnesrepublikken.no\/#website"},"primaryImageOfPage":{"@id":"https:\/\/nordnesrepublikken.no\/index.php\/2026\/04\/05\/fenomenet-feriearbeidere\/#primaryimage"},"image":{"@id":"https:\/\/nordnesrepublikken.no\/index.php\/2026\/04\/05\/fenomenet-feriearbeidere\/#primaryimage"},"thumbnailUrl":"https:\/\/nordnesrepublikken.no\/wp-content\/uploads\/2026\/04\/1775378980_fenomenet-feriearbeidere-scaled.jpg","datePublished":"2026-04-05T08:49:38+00:00","dateModified":"2026-04-05T08:49:45+00:00","breadcrumb":{"@id":"https:\/\/nordnesrepublikken.no\/index.php\/2026\/04\/05\/fenomenet-feriearbeidere\/#breadcrumb"},"inLanguage":"nb-NO","potentialAction":[{"@type":"ReadAction","target":["https:\/\/nordnesrepublikken.no\/index.php\/2026\/04\/05\/fenomenet-feriearbeidere\/"]}]},{"@type":"ImageObject","inLanguage":"nb-NO","@id":"https:\/\/nordnesrepublikken.no\/index.php\/2026\/04\/05\/fenomenet-feriearbeidere\/#primaryimage","url":"https:\/\/nordnesrepublikken.no\/wp-content\/uploads\/2026\/04\/1775378980_fenomenet-feriearbeidere-scaled.jpg","contentUrl":"https:\/\/nordnesrepublikken.no\/wp-content\/uploads\/2026\/04\/1775378980_fenomenet-feriearbeidere-scaled.jpg","width":2560,"height":1700,"caption":"fenomenet feriearbeidere"},{"@type":"BreadcrumbList","@id":"https:\/\/nordnesrepublikken.no\/index.php\/2026\/04\/05\/fenomenet-feriearbeidere\/#breadcrumb","itemListElement":[{"@type":"ListItem","position":1,"name":"Home","item":"https:\/\/nordnesrepublikken.no\/"},{"@type":"ListItem","position":2,"name":"fenomenet feriearbeidere"}]},{"@type":"WebSite","@id":"https:\/\/nordnesrepublikken.no\/#website","url":"https:\/\/nordnesrepublikken.no\/","name":"Nordnesrepublikken","description":"Stemmer og Visjoner fra Republikkens Hjerte","publisher":{"@id":"https:\/\/nordnesrepublikken.no\/#organization"},"potentialAction":[{"@type":"SearchAction","target":{"@type":"EntryPoint","urlTemplate":"https:\/\/nordnesrepublikken.no\/?s={search_term_string}"},"query-input":{"@type":"PropertyValueSpecification","valueRequired":true,"valueName":"search_term_string"}}],"inLanguage":"nb-NO"},{"@type":"Organization","@id":"https:\/\/nordnesrepublikken.no\/#organization","name":"Nordnesrepublikken","url":"https:\/\/nordnesrepublikken.no\/","logo":{"@type":"ImageObject","inLanguage":"nb-NO","@id":"https:\/\/nordnesrepublikken.no\/#\/schema\/logo\/image\/","url":"https:\/\/nordnesrepublikken.no\/wp-content\/uploads\/2025\/02\/cropped-nordnesrepublikken-2.png","contentUrl":"https:\/\/nordnesrepublikken.no\/wp-content\/uploads\/2025\/02\/cropped-nordnesrepublikken-2.png","width":1248,"height":362,"caption":"Nordnesrepublikken"},"image":{"@id":"https:\/\/nordnesrepublikken.no\/#\/schema\/logo\/image\/"}},{"@type":"Person","@id":"https:\/\/nordnesrepublikken.no\/#\/schema\/person\/2e7e81935bab77882fffb79296240ff1","name":"Ole Andersen","image":{"@type":"ImageObject","inLanguage":"nb-NO","@id":"https:\/\/nordnesrepublikken.no\/#\/schema\/person\/image\/","url":"https:\/\/nordnesrepublikken.no\/wp-content\/uploads\/2025\/02\/nordnesrepublikken-2-2-150x150.jpg","contentUrl":"https:\/\/nordnesrepublikken.no\/wp-content\/uploads\/2025\/02\/nordnesrepublikken-2-2-150x150.jpg","caption":"Ole Andersen"},"description":"Ettersom jeg vokste opp i Oslo, har jeg alltid v\u00e6rt fascinert av ordenes kraft og deres evne til \u00e5 skape endringer. Etter \u00e5 ha fullf\u00f8rt min utdannelse i kommunikasjon ved Universitetet i Bergen, fikk jeg muligheten til \u00e5 jobbe innen ulike medier, der jeg har s\u00f8kt \u00e5 belyse viktige samfunnssp\u00f8rsm\u00e5l. I dag, som redakt\u00f8r for Nordnesrepublikken, pr\u00f8ver jeg \u00e5 forene min kj\u00e6rlighet for journalistikk med min lidenskap for innovasjon og eventyr.","sameAs":["https:\/\/nordnesrepublikken.no\/"]}]}},"_links":{"self":[{"href":"https:\/\/nordnesrepublikken.no\/index.php\/wp-json\/wp\/v2\/posts\/16618","targetHints":{"allow":["GET"]}}],"collection":[{"href":"https:\/\/nordnesrepublikken.no\/index.php\/wp-json\/wp\/v2\/posts"}],"about":[{"href":"https:\/\/nordnesrepublikken.no\/index.php\/wp-json\/wp\/v2\/types\/post"}],"author":[{"embeddable":true,"href":"https:\/\/nordnesrepublikken.no\/index.php\/wp-json\/wp\/v2\/users\/1"}],"replies":[{"embeddable":true,"href":"https:\/\/nordnesrepublikken.no\/index.php\/wp-json\/wp\/v2\/comments?post=16618"}],"version-history":[{"count":1,"href":"https:\/\/nordnesrepublikken.no\/index.php\/wp-json\/wp\/v2\/posts\/16618\/revisions"}],"predecessor-version":[{"id":16620,"href":"https:\/\/nordnesrepublikken.no\/index.php\/wp-json\/wp\/v2\/posts\/16618\/revisions\/16620"}],"wp:featuredmedia":[{"embeddable":true,"href":"https:\/\/nordnesrepublikken.no\/index.php\/wp-json\/wp\/v2\/media\/16619"}],"wp:attachment":[{"href":"https:\/\/nordnesrepublikken.no\/index.php\/wp-json\/wp\/v2\/media?parent=16618"}],"wp:term":[{"taxonomy":"category","embeddable":true,"href":"https:\/\/nordnesrepublikken.no\/index.php\/wp-json\/wp\/v2\/categories?post=16618"},{"taxonomy":"post_tag","embeddable":true,"href":"https:\/\/nordnesrepublikken.no\/index.php\/wp-json\/wp\/v2\/tags?post=16618"}],"curies":[{"name":"wp","href":"https:\/\/api.w.org\/{rel}","templated":true}]}}