{"id":16615,"date":"2026-04-05T09:50:03","date_gmt":"2026-04-05T07:50:03","guid":{"rendered":"https:\/\/nordnesrepublikken.no\/index.php\/2026\/04\/05\/easyjet-streikvarsel-paskedag-flyvninger-i-fare-over-frankrike-6-april\/"},"modified":"2026-04-05T09:50:04","modified_gmt":"2026-04-05T07:50:04","slug":"easyjet-streikvarsel-paskedag-flyvninger-i-fare-over-frankrike-6-april","status":"publish","type":"post","link":"https:\/\/nordnesrepublikken.no\/index.php\/2026\/04\/05\/easyjet-streikvarsel-paskedag-flyvninger-i-fare-over-frankrike-6-april\/","title":{"rendered":"EasyJet-streikvarsel: P\u00e5skedag-flyvninger i fare over Frankrike 6. april"},"content":{"rendered":"<p><\/p>\n<div class=\"wordpress-content\">\n                    <!-- Article Start --><\/p>\n<p>Hvis du planlegger \u00e5 fly med easyJet over <strong>P\u00e5skehelg<\/strong>her er noe du b\u00f8r sjekke n\u00e5. Kabinansatte i Frankrike har innkalt til en landsomfattende streik mandag 6. april, noe som \u00f8ker risikoen for forsinkelser og kanselleringer rett p\u00e5 toppen av feriereiser.<\/p>\n<p>Trekkingen, bekreftet 1. april, vil g\u00e5 fra 00:01 til 23:59 p\u00e5 alle franske baser, og kan p\u00e5virke flyreiser til og fra store flyplasser inkludert Paris, Nice, Lyon og Bordeaux. For mange reisende p\u00e5 vei tilbake etter p\u00e5ske, er det ikke ideell timing.<\/p>\n<h2>Hvorfor kabinansatte g\u00e5r ut p\u00e5 en av de travleste reisedagene<\/h2>\n<p>Streiken er innkalt av fagforeningen UNAC, som representerer kabinansatte (PNC) i Frankrike. Tvisten dreier seg om arbeidsforhold og en avvist 2026-avtale.<\/p>\n<div class=\"sra_unit\"><link rel=\"stylesheet\" id=\"block-sra\" href=\"https:\/\/euroweeklynews.com\/wp-content\/plugins\/snack-related-articles\/dist\/css\/snack-related.min.css?250312-193541\" type=\"text\/css\" media=\"all\">\n<\/div>\n<p>If\u00f8lge fagforeningen stemte mer enn 53 prosent av kabinansatte mot den foresl\u00e5tte avtalen, med en valgdeltakelse p\u00e5 over 70 prosent. For dem var den avstemningen en klar beskjed til ledelsen.<\/p>\n<p>I kjernen av problemet er noe mange passasjerer ikke ser: ustabile tidsplaner og \u00f8kende tretthet blant mannskapet.<\/p>\n<p>UNAC sier ansatte har jobbet med:<\/p>\n<ul>\n<li>hyppige endringer i vaktlisten i siste \u00f8yeblikk<\/li>\n<li>\u00f8ke omfordelingen til ulike baser<\/li>\n<li>\u00f8kende trykk knyttet til uforutsigbare skift<\/li>\n<\/ul>\n<p>Fagforeningen hevder at dette ikke er et midlertidig problem lenger, men noe som har blitt en del av hverdagen.<\/p>\n<h2>Hva easyJet sier \u2013 og hvordan flyreiser kan bli p\u00e5virket<\/h2>\n<p>P\u00e5 dette stadiet, <strong>easyJet <\/strong>har ikke gitt ut en detaljert flyplan for 6. april, men flyselskapet har erkjent streiken.<\/p>\n<p>I en uttalelse sa selskapet at det var &laquo;veldig skuffet&raquo; over avgj\u00f8relsen, mens de understreket at det ville pr\u00f8ve \u00e5 begrense forstyrrelsene s\u00e5 mye som mulig.<\/p>\n<p>Det kan inkludere:<\/p>\n<ul>\n<li>justering av flyruter<\/li>\n<li>bruke mannskap fra andre baser<\/li>\n<li>kansellering av utvalgte flyvninger om n\u00f8dvendig<\/li>\n<\/ul>\n<p>Tidligere streikerop har hatt som m\u00e5l \u00e5 oppn\u00e5 maksimal synlighet, s\u00e5 forstyrrelsesniv\u00e5ene vil i stor grad avhenge av hvor mange mannskaper som deltar.<\/p>\n<h2>Hva det betyr for passasjerer som reiser over p\u00e5sken<\/h2>\n<p>For reisende, spesielt de som kommer hjem etter p\u00e5skeferien, er n\u00f8kkelmeldingen enkel: V\u00e6r p\u00e5 vakt og v\u00e6r forberedt p\u00e5 endringer.<\/p>\n<p>Hvis flyet ditt er planlagt til 6. april, b\u00f8r du:<\/p>\n<ul>\n<li>sjekk flystatusen din regelmessig via easyJet-appen eller nettstedet<\/li>\n<li>hold \u00f8ye med e-poster og SMS-oppdateringer fra flyselskapet<\/li>\n<li>gi ekstra tid ved forsinkelser<\/li>\n<\/ul>\n<p>Og hvis flyet ditt blir kansellert eller betydelig forsinket, kan du ha rett til kompensasjon i henhold til EU-forordning EC261\/2004, avhengig av omstendighetene.<\/p>\n<h2>Hvorfor denne streiken er viktigere enn vanlig<\/h2>\n<p>Streiker skjer i luftfarten \u2013 det er ikke noe nytt. Men timingen her gj\u00f8r en forskjell.<\/p>\n<p>P\u00e5sken er en av de travleste reiseperiodene i \u00e5ret, med tusenvis av passasjerer som beveger seg over hele Europa samtidig. Selv en begrenset forstyrrelse kan raskt rinde gjennom systemet.<\/p>\n<p>For expats i Spania som reiser til eller fra Frankrike, eller kobler til via franske flyplasser, kan dette bety tapte forbindelser, lengre ventetid eller endringer i siste liten.<\/p>\n<h2>Et anspent bakteppe bak kulissene<\/h2>\n<p>Utover den umiddelbare reiseeffekten, fremhever streiken dypere spenninger i flyselskapet.<\/p>\n<p>UNAC beskriver en situasjon der dialogen med ledelsen har stoppet opp, spesielt rundt arbeidsforhold og tidsplanstabilitet. Forkastelsen av 2026-avtalen \u2013 beskrevet av forbundet som avgj\u00f8rende \u2013 har presset situasjonen ut i \u00e5pen konflikt.<\/p>\n<p>Forel\u00f8pig er alle \u00f8yne rettet mot 6. april.<\/p>\n<p>Hva du skal gj\u00f8re n\u00e5 hvis du flyr<\/p>\n<p>Hvis du reiser rundt den datoen, er den sikreste tiln\u00e6rmingen \u00e5 planlegge p\u00e5 forh\u00e5nd.<\/p>\n<p>Tenk p\u00e5:<\/p>\n<ul>\n<li>fleksible billetter der det er mulig<\/li>\n<li>alternativer for sikkerhetskopiering hvis du har tette tilkoblinger<\/li>\n<li>ankommer flyplassen tidligere enn vanlig<\/li>\n<\/ul>\n<p>For selv om ikke alle fly vil bli ber\u00f8rt, er dette akkurat den typen forstyrrelser som kan eskalere raskt p\u00e5 en travel reisedag.<\/p>\n<p>Og med p\u00e5sketrafikken som allerede er stor, kan selv sm\u00e5 endringer ha en avsmittende effekt.<\/p>\n<p>Forel\u00f8pig kan passasjerene bare vente og se hvordan situasjonen utfolder seg \u2013 men \u00e9n ting er sikkert: 6. april blir ikke en rutinemessig reisedag for easyJet i Frankrike.<\/p>\n<p>                    <!-- Originally published at https:\/\/euroweeklynews.com\/2026\/04\/04\/easyjet-strike-alert-easter-monday-flights-at-risk-across-france-on-april-6\/ on 04 Apr 2026 at 13:33 by Farah Mokrani --><br \/>\n                    <!-- Article End -->\n                <\/div>\n","protected":false},"excerpt":{"rendered":"<p>Hvis du planlegger \u00e5 fly med easyJet over P\u00e5skehelgher er noe du b\u00f8r sjekke n\u00e5.<\/p>\n","protected":false},"author":1,"featured_media":16616,"comment_status":"closed","ping_status":"open","sticky":false,"template":"","format":"standard","meta":{"footnotes":""},"categories":[105],"tags":[619,10758,1416,750,10759],"class_list":["post-16615","post","type-post","status-publish","format-standard","has-post-thumbnail","hentry","category-livsstil","tag-april","tag-easyjetstreikvarsel","tag-fare","tag-frankrike","tag-paskedagflyvninger","generate-columns","tablet-grid-50","mobile-grid-100","grid-parent","grid-33","resize-featured-image"],"yoast_head":"<!-- This site is optimized with the Yoast SEO plugin v24.4 - https:\/\/yoast.com\/wordpress\/plugins\/seo\/ -->\n<title>EasyJet-streikvarsel: P\u00e5skedag-flyvninger i fare over Frankrike 6. april - Nordnesrepublikken<\/title>\n<meta name=\"robots\" content=\"index, follow, max-snippet:-1, max-image-preview:large, max-video-preview:-1\" \/>\n<link rel=\"canonical\" href=\"https:\/\/nordnesrepublikken.no\/index.php\/2026\/04\/05\/easyjet-streikvarsel-paskedag-flyvninger-i-fare-over-frankrike-6-april\/\" \/>\n<meta property=\"og:locale\" content=\"nb_NO\" \/>\n<meta property=\"og:type\" content=\"article\" \/>\n<meta property=\"og:title\" content=\"EasyJet-streikvarsel: P\u00e5skedag-flyvninger i fare over Frankrike 6. april - Nordnesrepublikken\" \/>\n<meta property=\"og:description\" content=\"Hvis du planlegger \u00e5 fly med easyJet over P\u00e5skehelgher er noe du b\u00f8r sjekke n\u00e5.\" \/>\n<meta property=\"og:url\" content=\"https:\/\/nordnesrepublikken.no\/index.php\/2026\/04\/05\/easyjet-streikvarsel-paskedag-flyvninger-i-fare-over-frankrike-6-april\/\" \/>\n<meta property=\"og:site_name\" content=\"Nordnesrepublikken\" \/>\n<meta property=\"article:published_time\" content=\"2026-04-05T07:50:03+00:00\" \/>\n<meta property=\"article:modified_time\" content=\"2026-04-05T07:50:04+00:00\" \/>\n<meta property=\"og:image\" content=\"https:\/\/nordnesrepublikken.no\/wp-content\/uploads\/2026\/04\/1775375404_EasyJet-streikvarsel-Paskedag-flyvninger-i-fare-over-Frankrike-6-april.jpg\" \/>\n\t<meta property=\"og:image:width\" content=\"1200\" \/>\n\t<meta property=\"og:image:height\" content=\"800\" \/>\n\t<meta property=\"og:image:type\" content=\"image\/jpeg\" \/>\n<meta name=\"author\" content=\"Ole Andersen\" \/>\n<meta name=\"twitter:card\" content=\"summary_large_image\" \/>\n<meta name=\"twitter:label1\" content=\"Skrevet av\" \/>\n\t<meta name=\"twitter:data1\" content=\"Ole Andersen\" \/>\n\t<meta name=\"twitter:label2\" content=\"Ansl. lesetid\" \/>\n\t<meta name=\"twitter:data2\" content=\"3 minutter\" \/>\n<script type=\"application\/ld+json\" class=\"yoast-schema-graph\">{\"@context\":\"https:\/\/schema.org\",\"@graph\":[{\"@type\":\"Article\",\"@id\":\"https:\/\/nordnesrepublikken.no\/index.php\/2026\/04\/05\/easyjet-streikvarsel-paskedag-flyvninger-i-fare-over-frankrike-6-april\/#article\",\"isPartOf\":{\"@id\":\"https:\/\/nordnesrepublikken.no\/index.php\/2026\/04\/05\/easyjet-streikvarsel-paskedag-flyvninger-i-fare-over-frankrike-6-april\/\"},\"author\":{\"name\":\"Ole Andersen\",\"@id\":\"https:\/\/nordnesrepublikken.no\/#\/schema\/person\/2e7e81935bab77882fffb79296240ff1\"},\"headline\":\"EasyJet-streikvarsel: P\u00e5skedag-flyvninger i fare over Frankrike 6. april\",\"datePublished\":\"2026-04-05T07:50:03+00:00\",\"dateModified\":\"2026-04-05T07:50:04+00:00\",\"mainEntityOfPage\":{\"@id\":\"https:\/\/nordnesrepublikken.no\/index.php\/2026\/04\/05\/easyjet-streikvarsel-paskedag-flyvninger-i-fare-over-frankrike-6-april\/\"},\"wordCount\":644,\"publisher\":{\"@id\":\"https:\/\/nordnesrepublikken.no\/#organization\"},\"image\":{\"@id\":\"https:\/\/nordnesrepublikken.no\/index.php\/2026\/04\/05\/easyjet-streikvarsel-paskedag-flyvninger-i-fare-over-frankrike-6-april\/#primaryimage\"},\"thumbnailUrl\":\"https:\/\/nordnesrepublikken.no\/wp-content\/uploads\/2026\/04\/1775375404_EasyJet-streikvarsel-Paskedag-flyvninger-i-fare-over-Frankrike-6-april.jpg\",\"keywords\":[\"april\",\"EasyJetstreikvarsel\",\"fare\",\"Frankrike\",\"P\u00e5skedagflyvninger\"],\"articleSection\":[\"Livsstil\"],\"inLanguage\":\"nb-NO\"},{\"@type\":\"WebPage\",\"@id\":\"https:\/\/nordnesrepublikken.no\/index.php\/2026\/04\/05\/easyjet-streikvarsel-paskedag-flyvninger-i-fare-over-frankrike-6-april\/\",\"url\":\"https:\/\/nordnesrepublikken.no\/index.php\/2026\/04\/05\/easyjet-streikvarsel-paskedag-flyvninger-i-fare-over-frankrike-6-april\/\",\"name\":\"EasyJet-streikvarsel: P\u00e5skedag-flyvninger i fare over Frankrike 6. april - Nordnesrepublikken\",\"isPartOf\":{\"@id\":\"https:\/\/nordnesrepublikken.no\/#website\"},\"primaryImageOfPage\":{\"@id\":\"https:\/\/nordnesrepublikken.no\/index.php\/2026\/04\/05\/easyjet-streikvarsel-paskedag-flyvninger-i-fare-over-frankrike-6-april\/#primaryimage\"},\"image\":{\"@id\":\"https:\/\/nordnesrepublikken.no\/index.php\/2026\/04\/05\/easyjet-streikvarsel-paskedag-flyvninger-i-fare-over-frankrike-6-april\/#primaryimage\"},\"thumbnailUrl\":\"https:\/\/nordnesrepublikken.no\/wp-content\/uploads\/2026\/04\/1775375404_EasyJet-streikvarsel-Paskedag-flyvninger-i-fare-over-Frankrike-6-april.jpg\",\"datePublished\":\"2026-04-05T07:50:03+00:00\",\"dateModified\":\"2026-04-05T07:50:04+00:00\",\"breadcrumb\":{\"@id\":\"https:\/\/nordnesrepublikken.no\/index.php\/2026\/04\/05\/easyjet-streikvarsel-paskedag-flyvninger-i-fare-over-frankrike-6-april\/#breadcrumb\"},\"inLanguage\":\"nb-NO\",\"potentialAction\":[{\"@type\":\"ReadAction\",\"target\":[\"https:\/\/nordnesrepublikken.no\/index.php\/2026\/04\/05\/easyjet-streikvarsel-paskedag-flyvninger-i-fare-over-frankrike-6-april\/\"]}]},{\"@type\":\"ImageObject\",\"inLanguage\":\"nb-NO\",\"@id\":\"https:\/\/nordnesrepublikken.no\/index.php\/2026\/04\/05\/easyjet-streikvarsel-paskedag-flyvninger-i-fare-over-frankrike-6-april\/#primaryimage\",\"url\":\"https:\/\/nordnesrepublikken.no\/wp-content\/uploads\/2026\/04\/1775375404_EasyJet-streikvarsel-Paskedag-flyvninger-i-fare-over-Frankrike-6-april.jpg\",\"contentUrl\":\"https:\/\/nordnesrepublikken.no\/wp-content\/uploads\/2026\/04\/1775375404_EasyJet-streikvarsel-Paskedag-flyvninger-i-fare-over-Frankrike-6-april.jpg\",\"width\":1200,\"height\":800,\"caption\":\"EasyJet-streikvarsel: P\u00e5skedag-flyvninger i fare over Frankrike 6. april\"},{\"@type\":\"BreadcrumbList\",\"@id\":\"https:\/\/nordnesrepublikken.no\/index.php\/2026\/04\/05\/easyjet-streikvarsel-paskedag-flyvninger-i-fare-over-frankrike-6-april\/#breadcrumb\",\"itemListElement\":[{\"@type\":\"ListItem\",\"position\":1,\"name\":\"Home\",\"item\":\"https:\/\/nordnesrepublikken.no\/\"},{\"@type\":\"ListItem\",\"position\":2,\"name\":\"EasyJet-streikvarsel: P\u00e5skedag-flyvninger i fare over Frankrike 6. april\"}]},{\"@type\":\"WebSite\",\"@id\":\"https:\/\/nordnesrepublikken.no\/#website\",\"url\":\"https:\/\/nordnesrepublikken.no\/\",\"name\":\"Nordnesrepublikken\",\"description\":\"Stemmer og Visjoner fra Republikkens Hjerte\",\"publisher\":{\"@id\":\"https:\/\/nordnesrepublikken.no\/#organization\"},\"potentialAction\":[{\"@type\":\"SearchAction\",\"target\":{\"@type\":\"EntryPoint\",\"urlTemplate\":\"https:\/\/nordnesrepublikken.no\/?s={search_term_string}\"},\"query-input\":{\"@type\":\"PropertyValueSpecification\",\"valueRequired\":true,\"valueName\":\"search_term_string\"}}],\"inLanguage\":\"nb-NO\"},{\"@type\":\"Organization\",\"@id\":\"https:\/\/nordnesrepublikken.no\/#organization\",\"name\":\"Nordnesrepublikken\",\"url\":\"https:\/\/nordnesrepublikken.no\/\",\"logo\":{\"@type\":\"ImageObject\",\"inLanguage\":\"nb-NO\",\"@id\":\"https:\/\/nordnesrepublikken.no\/#\/schema\/logo\/image\/\",\"url\":\"https:\/\/nordnesrepublikken.no\/wp-content\/uploads\/2025\/02\/cropped-nordnesrepublikken-2.png\",\"contentUrl\":\"https:\/\/nordnesrepublikken.no\/wp-content\/uploads\/2025\/02\/cropped-nordnesrepublikken-2.png\",\"width\":1248,\"height\":362,\"caption\":\"Nordnesrepublikken\"},\"image\":{\"@id\":\"https:\/\/nordnesrepublikken.no\/#\/schema\/logo\/image\/\"}},{\"@type\":\"Person\",\"@id\":\"https:\/\/nordnesrepublikken.no\/#\/schema\/person\/2e7e81935bab77882fffb79296240ff1\",\"name\":\"Ole Andersen\",\"image\":{\"@type\":\"ImageObject\",\"inLanguage\":\"nb-NO\",\"@id\":\"https:\/\/nordnesrepublikken.no\/#\/schema\/person\/image\/\",\"url\":\"https:\/\/nordnesrepublikken.no\/wp-content\/uploads\/2025\/02\/nordnesrepublikken-2-2-150x150.jpg\",\"contentUrl\":\"https:\/\/nordnesrepublikken.no\/wp-content\/uploads\/2025\/02\/nordnesrepublikken-2-2-150x150.jpg\",\"caption\":\"Ole Andersen\"},\"description\":\"Ettersom jeg vokste opp i Oslo, har jeg alltid v\u00e6rt fascinert av ordenes kraft og deres evne til \u00e5 skape endringer. Etter \u00e5 ha fullf\u00f8rt min utdannelse i kommunikasjon ved Universitetet i Bergen, fikk jeg muligheten til \u00e5 jobbe innen ulike medier, der jeg har s\u00f8kt \u00e5 belyse viktige samfunnssp\u00f8rsm\u00e5l. I dag, som redakt\u00f8r for Nordnesrepublikken, pr\u00f8ver jeg \u00e5 forene min kj\u00e6rlighet for journalistikk med min lidenskap for innovasjon og eventyr.\",\"sameAs\":[\"https:\/\/nordnesrepublikken.no\/\"]}]}<\/script>\n<!-- \/ Yoast SEO plugin. -->","yoast_head_json":{"title":"EasyJet-streikvarsel: P\u00e5skedag-flyvninger i fare over Frankrike 6. april - Nordnesrepublikken","robots":{"index":"index","follow":"follow","max-snippet":"max-snippet:-1","max-image-preview":"max-image-preview:large","max-video-preview":"max-video-preview:-1"},"canonical":"https:\/\/nordnesrepublikken.no\/index.php\/2026\/04\/05\/easyjet-streikvarsel-paskedag-flyvninger-i-fare-over-frankrike-6-april\/","og_locale":"nb_NO","og_type":"article","og_title":"EasyJet-streikvarsel: P\u00e5skedag-flyvninger i fare over Frankrike 6. april - Nordnesrepublikken","og_description":"Hvis du planlegger \u00e5 fly med easyJet over P\u00e5skehelgher er noe du b\u00f8r sjekke n\u00e5.","og_url":"https:\/\/nordnesrepublikken.no\/index.php\/2026\/04\/05\/easyjet-streikvarsel-paskedag-flyvninger-i-fare-over-frankrike-6-april\/","og_site_name":"Nordnesrepublikken","article_published_time":"2026-04-05T07:50:03+00:00","article_modified_time":"2026-04-05T07:50:04+00:00","og_image":[{"width":1200,"height":800,"url":"https:\/\/nordnesrepublikken.no\/wp-content\/uploads\/2026\/04\/1775375404_EasyJet-streikvarsel-Paskedag-flyvninger-i-fare-over-Frankrike-6-april.jpg","type":"image\/jpeg"}],"author":"Ole Andersen","twitter_card":"summary_large_image","twitter_misc":{"Skrevet av":"Ole Andersen","Ansl. lesetid":"3 minutter"},"schema":{"@context":"https:\/\/schema.org","@graph":[{"@type":"Article","@id":"https:\/\/nordnesrepublikken.no\/index.php\/2026\/04\/05\/easyjet-streikvarsel-paskedag-flyvninger-i-fare-over-frankrike-6-april\/#article","isPartOf":{"@id":"https:\/\/nordnesrepublikken.no\/index.php\/2026\/04\/05\/easyjet-streikvarsel-paskedag-flyvninger-i-fare-over-frankrike-6-april\/"},"author":{"name":"Ole Andersen","@id":"https:\/\/nordnesrepublikken.no\/#\/schema\/person\/2e7e81935bab77882fffb79296240ff1"},"headline":"EasyJet-streikvarsel: P\u00e5skedag-flyvninger i fare over Frankrike 6. april","datePublished":"2026-04-05T07:50:03+00:00","dateModified":"2026-04-05T07:50:04+00:00","mainEntityOfPage":{"@id":"https:\/\/nordnesrepublikken.no\/index.php\/2026\/04\/05\/easyjet-streikvarsel-paskedag-flyvninger-i-fare-over-frankrike-6-april\/"},"wordCount":644,"publisher":{"@id":"https:\/\/nordnesrepublikken.no\/#organization"},"image":{"@id":"https:\/\/nordnesrepublikken.no\/index.php\/2026\/04\/05\/easyjet-streikvarsel-paskedag-flyvninger-i-fare-over-frankrike-6-april\/#primaryimage"},"thumbnailUrl":"https:\/\/nordnesrepublikken.no\/wp-content\/uploads\/2026\/04\/1775375404_EasyJet-streikvarsel-Paskedag-flyvninger-i-fare-over-Frankrike-6-april.jpg","keywords":["april","EasyJetstreikvarsel","fare","Frankrike","P\u00e5skedagflyvninger"],"articleSection":["Livsstil"],"inLanguage":"nb-NO"},{"@type":"WebPage","@id":"https:\/\/nordnesrepublikken.no\/index.php\/2026\/04\/05\/easyjet-streikvarsel-paskedag-flyvninger-i-fare-over-frankrike-6-april\/","url":"https:\/\/nordnesrepublikken.no\/index.php\/2026\/04\/05\/easyjet-streikvarsel-paskedag-flyvninger-i-fare-over-frankrike-6-april\/","name":"EasyJet-streikvarsel: P\u00e5skedag-flyvninger i fare over Frankrike 6. april - Nordnesrepublikken","isPartOf":{"@id":"https:\/\/nordnesrepublikken.no\/#website"},"primaryImageOfPage":{"@id":"https:\/\/nordnesrepublikken.no\/index.php\/2026\/04\/05\/easyjet-streikvarsel-paskedag-flyvninger-i-fare-over-frankrike-6-april\/#primaryimage"},"image":{"@id":"https:\/\/nordnesrepublikken.no\/index.php\/2026\/04\/05\/easyjet-streikvarsel-paskedag-flyvninger-i-fare-over-frankrike-6-april\/#primaryimage"},"thumbnailUrl":"https:\/\/nordnesrepublikken.no\/wp-content\/uploads\/2026\/04\/1775375404_EasyJet-streikvarsel-Paskedag-flyvninger-i-fare-over-Frankrike-6-april.jpg","datePublished":"2026-04-05T07:50:03+00:00","dateModified":"2026-04-05T07:50:04+00:00","breadcrumb":{"@id":"https:\/\/nordnesrepublikken.no\/index.php\/2026\/04\/05\/easyjet-streikvarsel-paskedag-flyvninger-i-fare-over-frankrike-6-april\/#breadcrumb"},"inLanguage":"nb-NO","potentialAction":[{"@type":"ReadAction","target":["https:\/\/nordnesrepublikken.no\/index.php\/2026\/04\/05\/easyjet-streikvarsel-paskedag-flyvninger-i-fare-over-frankrike-6-april\/"]}]},{"@type":"ImageObject","inLanguage":"nb-NO","@id":"https:\/\/nordnesrepublikken.no\/index.php\/2026\/04\/05\/easyjet-streikvarsel-paskedag-flyvninger-i-fare-over-frankrike-6-april\/#primaryimage","url":"https:\/\/nordnesrepublikken.no\/wp-content\/uploads\/2026\/04\/1775375404_EasyJet-streikvarsel-Paskedag-flyvninger-i-fare-over-Frankrike-6-april.jpg","contentUrl":"https:\/\/nordnesrepublikken.no\/wp-content\/uploads\/2026\/04\/1775375404_EasyJet-streikvarsel-Paskedag-flyvninger-i-fare-over-Frankrike-6-april.jpg","width":1200,"height":800,"caption":"EasyJet-streikvarsel: P\u00e5skedag-flyvninger i fare over Frankrike 6. april"},{"@type":"BreadcrumbList","@id":"https:\/\/nordnesrepublikken.no\/index.php\/2026\/04\/05\/easyjet-streikvarsel-paskedag-flyvninger-i-fare-over-frankrike-6-april\/#breadcrumb","itemListElement":[{"@type":"ListItem","position":1,"name":"Home","item":"https:\/\/nordnesrepublikken.no\/"},{"@type":"ListItem","position":2,"name":"EasyJet-streikvarsel: P\u00e5skedag-flyvninger i fare over Frankrike 6. april"}]},{"@type":"WebSite","@id":"https:\/\/nordnesrepublikken.no\/#website","url":"https:\/\/nordnesrepublikken.no\/","name":"Nordnesrepublikken","description":"Stemmer og Visjoner fra Republikkens Hjerte","publisher":{"@id":"https:\/\/nordnesrepublikken.no\/#organization"},"potentialAction":[{"@type":"SearchAction","target":{"@type":"EntryPoint","urlTemplate":"https:\/\/nordnesrepublikken.no\/?s={search_term_string}"},"query-input":{"@type":"PropertyValueSpecification","valueRequired":true,"valueName":"search_term_string"}}],"inLanguage":"nb-NO"},{"@type":"Organization","@id":"https:\/\/nordnesrepublikken.no\/#organization","name":"Nordnesrepublikken","url":"https:\/\/nordnesrepublikken.no\/","logo":{"@type":"ImageObject","inLanguage":"nb-NO","@id":"https:\/\/nordnesrepublikken.no\/#\/schema\/logo\/image\/","url":"https:\/\/nordnesrepublikken.no\/wp-content\/uploads\/2025\/02\/cropped-nordnesrepublikken-2.png","contentUrl":"https:\/\/nordnesrepublikken.no\/wp-content\/uploads\/2025\/02\/cropped-nordnesrepublikken-2.png","width":1248,"height":362,"caption":"Nordnesrepublikken"},"image":{"@id":"https:\/\/nordnesrepublikken.no\/#\/schema\/logo\/image\/"}},{"@type":"Person","@id":"https:\/\/nordnesrepublikken.no\/#\/schema\/person\/2e7e81935bab77882fffb79296240ff1","name":"Ole Andersen","image":{"@type":"ImageObject","inLanguage":"nb-NO","@id":"https:\/\/nordnesrepublikken.no\/#\/schema\/person\/image\/","url":"https:\/\/nordnesrepublikken.no\/wp-content\/uploads\/2025\/02\/nordnesrepublikken-2-2-150x150.jpg","contentUrl":"https:\/\/nordnesrepublikken.no\/wp-content\/uploads\/2025\/02\/nordnesrepublikken-2-2-150x150.jpg","caption":"Ole Andersen"},"description":"Ettersom jeg vokste opp i Oslo, har jeg alltid v\u00e6rt fascinert av ordenes kraft og deres evne til \u00e5 skape endringer. Etter \u00e5 ha fullf\u00f8rt min utdannelse i kommunikasjon ved Universitetet i Bergen, fikk jeg muligheten til \u00e5 jobbe innen ulike medier, der jeg har s\u00f8kt \u00e5 belyse viktige samfunnssp\u00f8rsm\u00e5l. I dag, som redakt\u00f8r for Nordnesrepublikken, pr\u00f8ver jeg \u00e5 forene min kj\u00e6rlighet for journalistikk med min lidenskap for innovasjon og eventyr.","sameAs":["https:\/\/nordnesrepublikken.no\/"]}]}},"_links":{"self":[{"href":"https:\/\/nordnesrepublikken.no\/index.php\/wp-json\/wp\/v2\/posts\/16615","targetHints":{"allow":["GET"]}}],"collection":[{"href":"https:\/\/nordnesrepublikken.no\/index.php\/wp-json\/wp\/v2\/posts"}],"about":[{"href":"https:\/\/nordnesrepublikken.no\/index.php\/wp-json\/wp\/v2\/types\/post"}],"author":[{"embeddable":true,"href":"https:\/\/nordnesrepublikken.no\/index.php\/wp-json\/wp\/v2\/users\/1"}],"replies":[{"embeddable":true,"href":"https:\/\/nordnesrepublikken.no\/index.php\/wp-json\/wp\/v2\/comments?post=16615"}],"version-history":[{"count":1,"href":"https:\/\/nordnesrepublikken.no\/index.php\/wp-json\/wp\/v2\/posts\/16615\/revisions"}],"predecessor-version":[{"id":16617,"href":"https:\/\/nordnesrepublikken.no\/index.php\/wp-json\/wp\/v2\/posts\/16615\/revisions\/16617"}],"wp:featuredmedia":[{"embeddable":true,"href":"https:\/\/nordnesrepublikken.no\/index.php\/wp-json\/wp\/v2\/media\/16616"}],"wp:attachment":[{"href":"https:\/\/nordnesrepublikken.no\/index.php\/wp-json\/wp\/v2\/media?parent=16615"}],"wp:term":[{"taxonomy":"category","embeddable":true,"href":"https:\/\/nordnesrepublikken.no\/index.php\/wp-json\/wp\/v2\/categories?post=16615"},{"taxonomy":"post_tag","embeddable":true,"href":"https:\/\/nordnesrepublikken.no\/index.php\/wp-json\/wp\/v2\/tags?post=16615"}],"curies":[{"name":"wp","href":"https:\/\/api.w.org\/{rel}","templated":true}]}}