{"id":16591,"date":"2026-04-04T12:49:35","date_gmt":"2026-04-04T10:49:35","guid":{"rendered":"https:\/\/nordnesrepublikken.no\/index.php\/2026\/04\/04\/mars-motorhoydepunkter\/"},"modified":"2026-04-04T12:49:37","modified_gmt":"2026-04-04T10:49:37","slug":"mars-motorhoydepunkter","status":"publish","type":"post","link":"https:\/\/nordnesrepublikken.no\/index.php\/2026\/04\/04\/mars-motorhoydepunkter\/","title":{"rendered":"Mars motorh\u00f8ydepunkter"},"content":{"rendered":"<div class=\"wordpress-content\">\n                    <!-- Article Start --><\/p>\n<p>Mars for Classic &#038; Sportscar Club var en stor suksess med et veldig bra l\u00f8p i begynnelsen av m\u00e5neden, avslutning i Puerto de la Torre, Malaga, et flott oppm\u00f8te til Cars and Coffee-m\u00f8tet i Puerto Banus p\u00e5 YANX American diner og deretter for \u00e5 avslutte m\u00e5neden, en fantastisk helg best\u00e5ende av to dager med bilkj\u00f8ring og to netter med fantastiske middager p\u00e5 det vakre Lake Vinuela Hotel.<\/p>\n<h2><\/h2>\n<h2><strong>March Classic &#038; Sportscar Run<\/strong><\/h2>\n<p>Mars bilkj\u00f8ring og lunsj startet med frokost like utenfor Malaga. Ruten satte deretter kursen mot fjellene som grenser til byen og gikk gjennom Casabermeja, Colmenar, Montes de Malaga, Villanueva og et kaffestopp i Comares. Det f\u00f8r de gikk ned forbi innsj\u00f8ene i Almogia og videre inn mot Malaga hvor den ferdige lunsjen var p\u00e5 Restaurant Las Navas i Puerto de la Torre. Alle var enige om at det hadde v\u00e6rt en super rute, og bel\u00f8nningen var en utmerket lunsj!<\/p>\n<div class=\"sra_unit\"><link rel=\"stylesheet\" id=\"block-sra\" href=\"https:\/\/euroweeklynews.com\/wp-content\/plugins\/snack-related-articles\/dist\/css\/snack-related.min.css?250312-193541\" type=\"text\/css\" media=\"all\">\n<\/div>\n<figure id=\"attachment_565270\" aria-describedby=\"caption-attachment-565270\" style=\"width: 946px\" class=\"wp-caption aligncenter\"><img loading=\"lazy\" decoding=\"async\" class=\"wp-image-565270 \" src=\"https:\/\/nordnesrepublikken.no\/wp-content\/uploads\/2026\/04\/1775299774_878_Mars-motorhoydepunkter.png\" alt=\"Et par ungdommer nyter CSCC Car Run!\" width=\"946\" height=\"704\"  ><figcaption id=\"caption-attachment-565270\" class=\"wp-caption-text\">Et par ungdommer nyter CSCC Car Run! Kreditt: Ian Giles<\/figcaption><\/figure>\n<figure id=\"attachment_565271\" aria-describedby=\"caption-attachment-565271\" style=\"width: 948px\" class=\"wp-caption aligncenter\"><img loading=\"lazy\" decoding=\"async\" class=\"wp-image-565271 \" src=\"https:\/\/nordnesrepublikken.no\/wp-content\/uploads\/2026\/04\/1775299775_46_Mars-motorhoydepunkter.png\" alt=\"Gj\u00f8r deg klar for kaffestoppen...\" width=\"948\" height=\"738\"  ><figcaption id=\"caption-attachment-565271\" class=\"wp-caption-text\">Gj\u00f8r deg klar til kaffestoppen&#8230; Kreditt: Ian Giles<\/figcaption><\/figure>\n<h2><strong>Vinuela-helgen<\/strong><strong> <\/strong><\/h2>\n<p>Hotellbasen for Lake Vinuela-helgen er ganske fantastisk og har nylig blitt pusset opp til en h\u00f8y standard. Med innsj\u00f8en n\u00e5 full av vann og ser ganske str\u00e5lende ut, var det det perfekte bakteppet for en helg med moro og lettsindighet, biler, mat, vin og fantastisk natur.<\/p>\n<p>De to dagene med ruter, som startet fra Hotel Tamisa Golf i Mijas Costa tok steder som Alfarnate til det eldste vertshuset i Andalucia, den spektakul\u00e6re stigningen opp og ut av Periana med sin fantastiske utsikt over kysten og innsj\u00f8en Vinuela, en kantlinje av de fantastiske fjellformasjonene i Torcal og mye mer spektakul\u00e6rt og stille landskap som er s\u00e5 stille og rolige.<\/p>\n<p>P\u00e5 dag 1 gikk ruten ut mot innsj\u00f8ene El Chorro med en kaffestopp ved innsj\u00f8ene. Et lunsjstopp fulgte ved en gammel Venta i Villanueva de la Concepci\u00f3n, p\u00e5 kanten av Torcal, som ble mye gledet f\u00f8r vi dro forbi Rio Gordo og en ettermiddagsankomst ved Vinuela-sj\u00f8en i tide for litt barsnacks og litt hvile. Like etter ble Cava servert som en opptakt til en veldig hyggelig middag med alle deltakerne satt sammen i den vakre spisesalen p\u00e5 hotellet. Baren holdt \u00e5pent sent&#8230;!<\/p>\n<p>L\u00f8rdagens l\u00f8petur startet etter en avslappet frokost kl. 11.00 og satte kursen mot Alfarnate via Periana Climb, som er spektakul\u00e6r, og det nevnte Alfarnate Inn, det eldste i Andalucia, for en kaffestopp. En l\u00f8petur gjennom Zaffaraya-passet f\u00f8rte til et lunsjstopp p\u00e5 RioFrio, som var mest underholdende, f\u00f8r en forsiktig retur til Vinuela Hotel, barsnacks venter. S\u00e5 ble b\u00e5ten virkelig presset ut med en spektakul\u00e6r middag p\u00e5 hotellet den kvelden, og selvf\u00f8lgelig var baren \u00e5pen sent&#8230;<\/p>\n<p>Som de fleste deltakerne var enige om, for en perfekt helg!<\/p>\n<figure id=\"attachment_565272\" aria-describedby=\"caption-attachment-565272\" style=\"width: 939px\" class=\"wp-caption aligncenter\"><img loading=\"lazy\" decoding=\"async\" class=\"wp-image-565272 size-full\" src=\"https:\/\/nordnesrepublikken.no\/wp-content\/uploads\/2026\/04\/1775299775_796_Mars-motorhoydepunkter.png\" alt=\"\" width=\"939\" height=\"704\"  ><figcaption id=\"caption-attachment-565272\" class=\"wp-caption-text\">Lake Vi\u00f1uela helg. Kreditt: Ian Giles<\/figcaption><\/figure>\n<h2><strong>Biler og kaffem\u00f8te<\/strong><\/h2>\n<p>Klubben fortsatte med m\u00e5nedlige &laquo;Cars and Coffee&raquo;-m\u00f8ter p\u00e5 YANX American Diner i Centro Plaza, Puerto Banus midt i m\u00e5neden. Igjen ble arrangementet veldig godt st\u00f8ttet, med et stort oppm\u00f8te av veldig interessante biler ved hver anledning. Heldigvis ble det nytet varmt solskinn ved hver anledning og sjansene er gode for lignende v\u00e6r p\u00e5 neste samling, som vil v\u00e6re s\u00f8ndag 19. april i samme lokale. Ingen bestilling er n\u00f8dvendig for disse arrangementene, bare m\u00f8t opp med din valgte hest mellom 10.00 og 13.00 og nyt bilene, kaffen og selskapet! En inngangsavgift p\u00e5 \u20ac15 per bil f\u00e5r \u20ac10 i kuponger som kan brukes i YANX American Diner for kaffe og frokost osv.<\/p>\n<figure id=\"attachment_565273\" aria-describedby=\"caption-attachment-565273\" style=\"width: 1033px\" class=\"wp-caption alignnone\"><img loading=\"lazy\" decoding=\"async\" class=\"wp-image-565273 size-full\" src=\"https:\/\/nordnesrepublikken.no\/wp-content\/uploads\/2026\/04\/1775299775_290_Mars-motorhoydepunkter.png\" alt=\"Biler og kaffem\u00f8te.\" width=\"1033\" height=\"579\"  ><figcaption id=\"caption-attachment-565273\" class=\"wp-caption-text\">Biler og kaffem\u00f8te. Kreditt: Ian Giles<\/figcaption><\/figure>\n<h2><strong>April Classic &#038; Sportscar Run<\/strong><\/h2>\n<p>I april, den 11., har klubben nok en fantastisk biltur og lunsj planlagt. Arrangementet vil v\u00e6re basert p\u00e5 InMood Hotel i San Roque Golf Club. L\u00f8pet starter der l\u00f8rdag morgen hvor frokoster vil v\u00e6re tilgjengelig. Det vil v\u00e6re en sk\u00e5nsom, enkel l\u00f8petur som vil inkludere en Cava og en kaffestopp og noen raske veier med veldig enkel navigering. Arrangementet vil deretter avsluttes p\u00e5 InMood Hotel hvor vi har en utmerket lunsj planlagt. Prisen for lunsj vil v\u00e6re \u20ac50pp inkludert en &#8216;Copa de Bienvenida&#8217; ved ankomst, tre-retters lunsj og vin\/\u00f8l\/vann inkludert.<\/p>\n<p>Det er en rekke personer som skal bo p\u00e5 hotellet p\u00e5 fredag \u200b\u200bog\/eller l\u00f8rdag kveld. Rom kan bestilles direkte med hotellet Gj\u00f8r en helg med det! Ta en titt p\u00e5 nettsiden deres!<\/p>\n<p>Den beste m\u00e5ten \u00e5 bestille rom p\u00e5 dette super 5-stjerners hotellet er gjennom deres hjemmeside: https:\/\/www.inmoodsanroquehotel.com\/, tlf: 856 92 48 96, eller du kan sende en e-post til: recepcion.sanroque@inmoodhotels.com.<\/p>\n<figure id=\"attachment_565274\" aria-describedby=\"caption-attachment-565274\" style=\"width: 939px\" class=\"wp-caption alignnone\"><img loading=\"lazy\" decoding=\"async\" class=\"wp-image-565274 size-full\" src=\"https:\/\/nordnesrepublikken.no\/wp-content\/uploads\/2026\/04\/1775299775_693_Mars-motorhoydepunkter.png\" alt=\"April Classic &#038; Sportscar Run\" width=\"939\" height=\"687\"  ><figcaption id=\"caption-attachment-565274\" class=\"wp-caption-text\">April Classic &#038; Sportscar Run. Kreditt: Ian Giles<\/figcaption><\/figure>\n<h2>SPORDAG p\u00e5 Circuito Guadix<\/h2>\n<p>Jeg tar med en gruppe til Circuito Guadix for en banedag s\u00f8ndag 12. april. Alltid en fantastisk dag ute med en \u00e5pen pit lane fra 09.30 til 17.00. Det er en fantastisk krets, travel, men veldig trygg, mange avl\u00f8psomr\u00e5der og ingenting \u00e5 treffe! Pleier \u00e5 l\u00f8pe i solskinn, det er kafeteria, hjelmer kan l\u00e5nes og det vil v\u00e6re et par instrukt\u00f8rer (inkludert meg) til stede for \u00e5 hjelpe deg gjennom dette. Du kan kj\u00f8re ubegrensede runder i full sikkerhet. Hvis du vil v\u00e6re med p\u00e5 moroa, vennligst ring meg eller send meg en e-post. Det er en fin m\u00e5te \u00e5 trene vognen din og finne ut hva den er og grensene dine er, i sikkerhet! Dette er en veldig billig, morsom dag ute og koster kun \u20ac250 per person.<\/p>\n<p><img loading=\"lazy\" decoding=\"async\" class=\" wp-image-565275 aligncenter\" src=\"https:\/\/nordnesrepublikken.no\/wp-content\/uploads\/2026\/04\/1775299775_39_Mars-motorhoydepunkter.png\" alt=\"TRACK-dag p\u00e5 Guadix\" width=\"436\" height=\"295\"  ><\/p>\n<p>Send meg en e-post p\u00e5 csccspain@gmail.com.<\/p>\n<h2>Formel 1-nyheter<\/h2>\n<p>Etter en flott start p\u00e5 sesongen i Australia og Kina og denne siste helgen i Japan, tvinges F1-sirkuset til en pause p\u00e5 over en m\u00e5ned p\u00e5 grunn av kanselleringen av Bahrain og Saudi Grands Prix som skulle v\u00e6rt kj\u00f8rt i april.<\/p>\n<p>F\u00f8rermesterskapet har britiske George Russell for tiden p\u00e5 topp i sine verker Mercedes, men Ferrari og McLaren er ikke langt bak. Mercedes ledet det prestisjetunge konstrukt\u00f8rmesterskapet p\u00e5 dette tidspunktet, med den unge italieneren Kimi Antonelli som presterte langt over forventningene og bidro med mye av lagets poengfangst s\u00e5 langt. Det er egentlig for tidlig \u00e5 gi noen sp\u00e5dommer! En m\u00e5neds permittering kan ogs\u00e5 hjelpe teamets arbeidsmengde med \u00e5 utvikle disse bilene, da dette foreg\u00e5r i et hektisk tempo p\u00e5 de beste tider!<\/p>\n<p><strong>Mer fra meg neste m\u00e5ned&#8230;<\/strong><\/p>\n<p>                    <!-- Originally published at https:\/\/euroweeklynews.com\/2026\/04\/02\/march-motoring-highlights\/ on 02 Apr 2026 at 9:00 by Ian Giles --><br \/>\n                    <!-- Article End -->\n                <\/div>\n","protected":false},"excerpt":{"rendered":"<p>Mars for Classic &#038; Sportscar Club var en stor suksess med et veldig bra l\u00f8p<\/p>\n","protected":false},"author":1,"featured_media":16592,"comment_status":"closed","ping_status":"open","sticky":false,"template":"","format":"standard","meta":{"footnotes":""},"categories":[105],"tags":[372,10741],"class_list":["post-16591","post","type-post","status-publish","format-standard","has-post-thumbnail","hentry","category-livsstil","tag-mars","tag-motorhoydepunkter","generate-columns","tablet-grid-50","mobile-grid-100","grid-parent","grid-33","resize-featured-image"],"yoast_head":"<!-- This site is optimized with the Yoast SEO plugin v24.4 - https:\/\/yoast.com\/wordpress\/plugins\/seo\/ -->\n<title>Mars motorh\u00f8ydepunkter - Nordnesrepublikken<\/title>\n<meta name=\"robots\" content=\"index, follow, max-snippet:-1, max-image-preview:large, max-video-preview:-1\" \/>\n<link rel=\"canonical\" href=\"https:\/\/nordnesrepublikken.no\/index.php\/2026\/04\/04\/mars-motorhoydepunkter\/\" \/>\n<meta property=\"og:locale\" content=\"nb_NO\" \/>\n<meta property=\"og:type\" content=\"article\" \/>\n<meta property=\"og:title\" content=\"Mars motorh\u00f8ydepunkter - Nordnesrepublikken\" \/>\n<meta property=\"og:description\" content=\"Mars for Classic &#038; Sportscar Club var en stor suksess med et veldig bra l\u00f8p\" \/>\n<meta property=\"og:url\" content=\"https:\/\/nordnesrepublikken.no\/index.php\/2026\/04\/04\/mars-motorhoydepunkter\/\" \/>\n<meta property=\"og:site_name\" content=\"Nordnesrepublikken\" \/>\n<meta property=\"article:published_time\" content=\"2026-04-04T10:49:35+00:00\" \/>\n<meta property=\"article:modified_time\" content=\"2026-04-04T10:49:37+00:00\" \/>\n<meta property=\"og:image\" content=\"https:\/\/nordnesrepublikken.no\/wp-content\/uploads\/2026\/04\/1775299777_Mars-motorhoydepunkter.png\" \/>\n\t<meta property=\"og:image:width\" content=\"939\" \/>\n\t<meta property=\"og:image:height\" content=\"704\" \/>\n\t<meta property=\"og:image:type\" content=\"image\/png\" \/>\n<meta name=\"author\" content=\"Ole Andersen\" \/>\n<meta name=\"twitter:card\" content=\"summary_large_image\" \/>\n<meta name=\"twitter:label1\" content=\"Skrevet av\" \/>\n\t<meta name=\"twitter:data1\" content=\"Ole Andersen\" \/>\n\t<meta name=\"twitter:label2\" content=\"Ansl. lesetid\" \/>\n\t<meta name=\"twitter:data2\" content=\"5 minutter\" \/>\n<script type=\"application\/ld+json\" class=\"yoast-schema-graph\">{\"@context\":\"https:\/\/schema.org\",\"@graph\":[{\"@type\":\"Article\",\"@id\":\"https:\/\/nordnesrepublikken.no\/index.php\/2026\/04\/04\/mars-motorhoydepunkter\/#article\",\"isPartOf\":{\"@id\":\"https:\/\/nordnesrepublikken.no\/index.php\/2026\/04\/04\/mars-motorhoydepunkter\/\"},\"author\":{\"name\":\"Ole Andersen\",\"@id\":\"https:\/\/nordnesrepublikken.no\/#\/schema\/person\/2e7e81935bab77882fffb79296240ff1\"},\"headline\":\"Mars motorh\u00f8ydepunkter\",\"datePublished\":\"2026-04-04T10:49:35+00:00\",\"dateModified\":\"2026-04-04T10:49:37+00:00\",\"mainEntityOfPage\":{\"@id\":\"https:\/\/nordnesrepublikken.no\/index.php\/2026\/04\/04\/mars-motorhoydepunkter\/\"},\"wordCount\":1069,\"publisher\":{\"@id\":\"https:\/\/nordnesrepublikken.no\/#organization\"},\"image\":{\"@id\":\"https:\/\/nordnesrepublikken.no\/index.php\/2026\/04\/04\/mars-motorhoydepunkter\/#primaryimage\"},\"thumbnailUrl\":\"https:\/\/nordnesrepublikken.no\/wp-content\/uploads\/2026\/04\/1775299777_Mars-motorhoydepunkter.png\",\"keywords\":[\"mars\",\"motorh\u00f8ydepunkter\"],\"articleSection\":[\"Livsstil\"],\"inLanguage\":\"nb-NO\"},{\"@type\":\"WebPage\",\"@id\":\"https:\/\/nordnesrepublikken.no\/index.php\/2026\/04\/04\/mars-motorhoydepunkter\/\",\"url\":\"https:\/\/nordnesrepublikken.no\/index.php\/2026\/04\/04\/mars-motorhoydepunkter\/\",\"name\":\"Mars motorh\u00f8ydepunkter - Nordnesrepublikken\",\"isPartOf\":{\"@id\":\"https:\/\/nordnesrepublikken.no\/#website\"},\"primaryImageOfPage\":{\"@id\":\"https:\/\/nordnesrepublikken.no\/index.php\/2026\/04\/04\/mars-motorhoydepunkter\/#primaryimage\"},\"image\":{\"@id\":\"https:\/\/nordnesrepublikken.no\/index.php\/2026\/04\/04\/mars-motorhoydepunkter\/#primaryimage\"},\"thumbnailUrl\":\"https:\/\/nordnesrepublikken.no\/wp-content\/uploads\/2026\/04\/1775299777_Mars-motorhoydepunkter.png\",\"datePublished\":\"2026-04-04T10:49:35+00:00\",\"dateModified\":\"2026-04-04T10:49:37+00:00\",\"breadcrumb\":{\"@id\":\"https:\/\/nordnesrepublikken.no\/index.php\/2026\/04\/04\/mars-motorhoydepunkter\/#breadcrumb\"},\"inLanguage\":\"nb-NO\",\"potentialAction\":[{\"@type\":\"ReadAction\",\"target\":[\"https:\/\/nordnesrepublikken.no\/index.php\/2026\/04\/04\/mars-motorhoydepunkter\/\"]}]},{\"@type\":\"ImageObject\",\"inLanguage\":\"nb-NO\",\"@id\":\"https:\/\/nordnesrepublikken.no\/index.php\/2026\/04\/04\/mars-motorhoydepunkter\/#primaryimage\",\"url\":\"https:\/\/nordnesrepublikken.no\/wp-content\/uploads\/2026\/04\/1775299777_Mars-motorhoydepunkter.png\",\"contentUrl\":\"https:\/\/nordnesrepublikken.no\/wp-content\/uploads\/2026\/04\/1775299777_Mars-motorhoydepunkter.png\",\"width\":939,\"height\":704,\"caption\":\"Cars and Coffee Meeting\"},{\"@type\":\"BreadcrumbList\",\"@id\":\"https:\/\/nordnesrepublikken.no\/index.php\/2026\/04\/04\/mars-motorhoydepunkter\/#breadcrumb\",\"itemListElement\":[{\"@type\":\"ListItem\",\"position\":1,\"name\":\"Home\",\"item\":\"https:\/\/nordnesrepublikken.no\/\"},{\"@type\":\"ListItem\",\"position\":2,\"name\":\"Mars motorh\u00f8ydepunkter\"}]},{\"@type\":\"WebSite\",\"@id\":\"https:\/\/nordnesrepublikken.no\/#website\",\"url\":\"https:\/\/nordnesrepublikken.no\/\",\"name\":\"Nordnesrepublikken\",\"description\":\"Stemmer og Visjoner fra Republikkens Hjerte\",\"publisher\":{\"@id\":\"https:\/\/nordnesrepublikken.no\/#organization\"},\"potentialAction\":[{\"@type\":\"SearchAction\",\"target\":{\"@type\":\"EntryPoint\",\"urlTemplate\":\"https:\/\/nordnesrepublikken.no\/?s={search_term_string}\"},\"query-input\":{\"@type\":\"PropertyValueSpecification\",\"valueRequired\":true,\"valueName\":\"search_term_string\"}}],\"inLanguage\":\"nb-NO\"},{\"@type\":\"Organization\",\"@id\":\"https:\/\/nordnesrepublikken.no\/#organization\",\"name\":\"Nordnesrepublikken\",\"url\":\"https:\/\/nordnesrepublikken.no\/\",\"logo\":{\"@type\":\"ImageObject\",\"inLanguage\":\"nb-NO\",\"@id\":\"https:\/\/nordnesrepublikken.no\/#\/schema\/logo\/image\/\",\"url\":\"https:\/\/nordnesrepublikken.no\/wp-content\/uploads\/2025\/02\/cropped-nordnesrepublikken-2.png\",\"contentUrl\":\"https:\/\/nordnesrepublikken.no\/wp-content\/uploads\/2025\/02\/cropped-nordnesrepublikken-2.png\",\"width\":1248,\"height\":362,\"caption\":\"Nordnesrepublikken\"},\"image\":{\"@id\":\"https:\/\/nordnesrepublikken.no\/#\/schema\/logo\/image\/\"}},{\"@type\":\"Person\",\"@id\":\"https:\/\/nordnesrepublikken.no\/#\/schema\/person\/2e7e81935bab77882fffb79296240ff1\",\"name\":\"Ole Andersen\",\"image\":{\"@type\":\"ImageObject\",\"inLanguage\":\"nb-NO\",\"@id\":\"https:\/\/nordnesrepublikken.no\/#\/schema\/person\/image\/\",\"url\":\"https:\/\/nordnesrepublikken.no\/wp-content\/uploads\/2025\/02\/nordnesrepublikken-2-2-150x150.jpg\",\"contentUrl\":\"https:\/\/nordnesrepublikken.no\/wp-content\/uploads\/2025\/02\/nordnesrepublikken-2-2-150x150.jpg\",\"caption\":\"Ole Andersen\"},\"description\":\"Ettersom jeg vokste opp i Oslo, har jeg alltid v\u00e6rt fascinert av ordenes kraft og deres evne til \u00e5 skape endringer. Etter \u00e5 ha fullf\u00f8rt min utdannelse i kommunikasjon ved Universitetet i Bergen, fikk jeg muligheten til \u00e5 jobbe innen ulike medier, der jeg har s\u00f8kt \u00e5 belyse viktige samfunnssp\u00f8rsm\u00e5l. I dag, som redakt\u00f8r for Nordnesrepublikken, pr\u00f8ver jeg \u00e5 forene min kj\u00e6rlighet for journalistikk med min lidenskap for innovasjon og eventyr.\",\"sameAs\":[\"https:\/\/nordnesrepublikken.no\/\"]}]}<\/script>\n<!-- \/ Yoast SEO plugin. -->","yoast_head_json":{"title":"Mars motorh\u00f8ydepunkter - Nordnesrepublikken","robots":{"index":"index","follow":"follow","max-snippet":"max-snippet:-1","max-image-preview":"max-image-preview:large","max-video-preview":"max-video-preview:-1"},"canonical":"https:\/\/nordnesrepublikken.no\/index.php\/2026\/04\/04\/mars-motorhoydepunkter\/","og_locale":"nb_NO","og_type":"article","og_title":"Mars motorh\u00f8ydepunkter - Nordnesrepublikken","og_description":"Mars for Classic &#038; Sportscar Club var en stor suksess med et veldig bra l\u00f8p","og_url":"https:\/\/nordnesrepublikken.no\/index.php\/2026\/04\/04\/mars-motorhoydepunkter\/","og_site_name":"Nordnesrepublikken","article_published_time":"2026-04-04T10:49:35+00:00","article_modified_time":"2026-04-04T10:49:37+00:00","og_image":[{"width":939,"height":704,"url":"https:\/\/nordnesrepublikken.no\/wp-content\/uploads\/2026\/04\/1775299777_Mars-motorhoydepunkter.png","type":"image\/png"}],"author":"Ole Andersen","twitter_card":"summary_large_image","twitter_misc":{"Skrevet av":"Ole Andersen","Ansl. lesetid":"5 minutter"},"schema":{"@context":"https:\/\/schema.org","@graph":[{"@type":"Article","@id":"https:\/\/nordnesrepublikken.no\/index.php\/2026\/04\/04\/mars-motorhoydepunkter\/#article","isPartOf":{"@id":"https:\/\/nordnesrepublikken.no\/index.php\/2026\/04\/04\/mars-motorhoydepunkter\/"},"author":{"name":"Ole Andersen","@id":"https:\/\/nordnesrepublikken.no\/#\/schema\/person\/2e7e81935bab77882fffb79296240ff1"},"headline":"Mars motorh\u00f8ydepunkter","datePublished":"2026-04-04T10:49:35+00:00","dateModified":"2026-04-04T10:49:37+00:00","mainEntityOfPage":{"@id":"https:\/\/nordnesrepublikken.no\/index.php\/2026\/04\/04\/mars-motorhoydepunkter\/"},"wordCount":1069,"publisher":{"@id":"https:\/\/nordnesrepublikken.no\/#organization"},"image":{"@id":"https:\/\/nordnesrepublikken.no\/index.php\/2026\/04\/04\/mars-motorhoydepunkter\/#primaryimage"},"thumbnailUrl":"https:\/\/nordnesrepublikken.no\/wp-content\/uploads\/2026\/04\/1775299777_Mars-motorhoydepunkter.png","keywords":["mars","motorh\u00f8ydepunkter"],"articleSection":["Livsstil"],"inLanguage":"nb-NO"},{"@type":"WebPage","@id":"https:\/\/nordnesrepublikken.no\/index.php\/2026\/04\/04\/mars-motorhoydepunkter\/","url":"https:\/\/nordnesrepublikken.no\/index.php\/2026\/04\/04\/mars-motorhoydepunkter\/","name":"Mars motorh\u00f8ydepunkter - Nordnesrepublikken","isPartOf":{"@id":"https:\/\/nordnesrepublikken.no\/#website"},"primaryImageOfPage":{"@id":"https:\/\/nordnesrepublikken.no\/index.php\/2026\/04\/04\/mars-motorhoydepunkter\/#primaryimage"},"image":{"@id":"https:\/\/nordnesrepublikken.no\/index.php\/2026\/04\/04\/mars-motorhoydepunkter\/#primaryimage"},"thumbnailUrl":"https:\/\/nordnesrepublikken.no\/wp-content\/uploads\/2026\/04\/1775299777_Mars-motorhoydepunkter.png","datePublished":"2026-04-04T10:49:35+00:00","dateModified":"2026-04-04T10:49:37+00:00","breadcrumb":{"@id":"https:\/\/nordnesrepublikken.no\/index.php\/2026\/04\/04\/mars-motorhoydepunkter\/#breadcrumb"},"inLanguage":"nb-NO","potentialAction":[{"@type":"ReadAction","target":["https:\/\/nordnesrepublikken.no\/index.php\/2026\/04\/04\/mars-motorhoydepunkter\/"]}]},{"@type":"ImageObject","inLanguage":"nb-NO","@id":"https:\/\/nordnesrepublikken.no\/index.php\/2026\/04\/04\/mars-motorhoydepunkter\/#primaryimage","url":"https:\/\/nordnesrepublikken.no\/wp-content\/uploads\/2026\/04\/1775299777_Mars-motorhoydepunkter.png","contentUrl":"https:\/\/nordnesrepublikken.no\/wp-content\/uploads\/2026\/04\/1775299777_Mars-motorhoydepunkter.png","width":939,"height":704,"caption":"Cars and Coffee Meeting"},{"@type":"BreadcrumbList","@id":"https:\/\/nordnesrepublikken.no\/index.php\/2026\/04\/04\/mars-motorhoydepunkter\/#breadcrumb","itemListElement":[{"@type":"ListItem","position":1,"name":"Home","item":"https:\/\/nordnesrepublikken.no\/"},{"@type":"ListItem","position":2,"name":"Mars motorh\u00f8ydepunkter"}]},{"@type":"WebSite","@id":"https:\/\/nordnesrepublikken.no\/#website","url":"https:\/\/nordnesrepublikken.no\/","name":"Nordnesrepublikken","description":"Stemmer og Visjoner fra Republikkens Hjerte","publisher":{"@id":"https:\/\/nordnesrepublikken.no\/#organization"},"potentialAction":[{"@type":"SearchAction","target":{"@type":"EntryPoint","urlTemplate":"https:\/\/nordnesrepublikken.no\/?s={search_term_string}"},"query-input":{"@type":"PropertyValueSpecification","valueRequired":true,"valueName":"search_term_string"}}],"inLanguage":"nb-NO"},{"@type":"Organization","@id":"https:\/\/nordnesrepublikken.no\/#organization","name":"Nordnesrepublikken","url":"https:\/\/nordnesrepublikken.no\/","logo":{"@type":"ImageObject","inLanguage":"nb-NO","@id":"https:\/\/nordnesrepublikken.no\/#\/schema\/logo\/image\/","url":"https:\/\/nordnesrepublikken.no\/wp-content\/uploads\/2025\/02\/cropped-nordnesrepublikken-2.png","contentUrl":"https:\/\/nordnesrepublikken.no\/wp-content\/uploads\/2025\/02\/cropped-nordnesrepublikken-2.png","width":1248,"height":362,"caption":"Nordnesrepublikken"},"image":{"@id":"https:\/\/nordnesrepublikken.no\/#\/schema\/logo\/image\/"}},{"@type":"Person","@id":"https:\/\/nordnesrepublikken.no\/#\/schema\/person\/2e7e81935bab77882fffb79296240ff1","name":"Ole Andersen","image":{"@type":"ImageObject","inLanguage":"nb-NO","@id":"https:\/\/nordnesrepublikken.no\/#\/schema\/person\/image\/","url":"https:\/\/nordnesrepublikken.no\/wp-content\/uploads\/2025\/02\/nordnesrepublikken-2-2-150x150.jpg","contentUrl":"https:\/\/nordnesrepublikken.no\/wp-content\/uploads\/2025\/02\/nordnesrepublikken-2-2-150x150.jpg","caption":"Ole Andersen"},"description":"Ettersom jeg vokste opp i Oslo, har jeg alltid v\u00e6rt fascinert av ordenes kraft og deres evne til \u00e5 skape endringer. Etter \u00e5 ha fullf\u00f8rt min utdannelse i kommunikasjon ved Universitetet i Bergen, fikk jeg muligheten til \u00e5 jobbe innen ulike medier, der jeg har s\u00f8kt \u00e5 belyse viktige samfunnssp\u00f8rsm\u00e5l. I dag, som redakt\u00f8r for Nordnesrepublikken, pr\u00f8ver jeg \u00e5 forene min kj\u00e6rlighet for journalistikk med min lidenskap for innovasjon og eventyr.","sameAs":["https:\/\/nordnesrepublikken.no\/"]}]}},"_links":{"self":[{"href":"https:\/\/nordnesrepublikken.no\/index.php\/wp-json\/wp\/v2\/posts\/16591","targetHints":{"allow":["GET"]}}],"collection":[{"href":"https:\/\/nordnesrepublikken.no\/index.php\/wp-json\/wp\/v2\/posts"}],"about":[{"href":"https:\/\/nordnesrepublikken.no\/index.php\/wp-json\/wp\/v2\/types\/post"}],"author":[{"embeddable":true,"href":"https:\/\/nordnesrepublikken.no\/index.php\/wp-json\/wp\/v2\/users\/1"}],"replies":[{"embeddable":true,"href":"https:\/\/nordnesrepublikken.no\/index.php\/wp-json\/wp\/v2\/comments?post=16591"}],"version-history":[{"count":1,"href":"https:\/\/nordnesrepublikken.no\/index.php\/wp-json\/wp\/v2\/posts\/16591\/revisions"}],"predecessor-version":[{"id":16593,"href":"https:\/\/nordnesrepublikken.no\/index.php\/wp-json\/wp\/v2\/posts\/16591\/revisions\/16593"}],"wp:featuredmedia":[{"embeddable":true,"href":"https:\/\/nordnesrepublikken.no\/index.php\/wp-json\/wp\/v2\/media\/16592"}],"wp:attachment":[{"href":"https:\/\/nordnesrepublikken.no\/index.php\/wp-json\/wp\/v2\/media?parent=16591"}],"wp:term":[{"taxonomy":"category","embeddable":true,"href":"https:\/\/nordnesrepublikken.no\/index.php\/wp-json\/wp\/v2\/categories?post=16591"},{"taxonomy":"post_tag","embeddable":true,"href":"https:\/\/nordnesrepublikken.no\/index.php\/wp-json\/wp\/v2\/tags?post=16591"}],"curies":[{"name":"wp","href":"https:\/\/api.w.org\/{rel}","templated":true}]}}