{"id":16582,"date":"2026-04-04T06:49:35","date_gmt":"2026-04-04T04:49:35","guid":{"rendered":"https:\/\/nordnesrepublikken.no\/index.php\/2026\/04\/04\/hvem-er-rom-og-hvorfor-begrepet-sigoyner-er-problematisk\/"},"modified":"2026-04-04T06:49:38","modified_gmt":"2026-04-04T04:49:38","slug":"hvem-er-rom-og-hvorfor-begrepet-sigoyner-er-problematisk","status":"publish","type":"post","link":"https:\/\/nordnesrepublikken.no\/index.php\/2026\/04\/04\/hvem-er-rom-og-hvorfor-begrepet-sigoyner-er-problematisk\/","title":{"rendered":"Hvem er rom og hvorfor begrepet &laquo;sig\u00f8yner&raquo; er problematisk"},"content":{"rendered":"<div>\n<div class=\"cp_wrapper cp_wrapper--fw mb-30 mb-20@tablet\">\n<figure class=\"mm\"><picture class=\"img\" style=\"padding-top:56.25%\"><source  media=\"(min-width: 1024px)\"><source  media=\"(min-width: 768px)\"><\/source><\/source><\/picture><\/figure>\n<\/p><\/div>\n<p>DE <strong>Rom<\/strong> utgj\u00f8r en av <strong>st\u00f8rre etniske minoriteter<\/strong> og samtidig <strong>mest stigmatisert i Europa<\/strong>. Til tross for \u00e5rhundrer med tilstedev\u00e6relse p\u00e5 kontinentet, forblir deres historie, deres sosiale praksis og deres interne heterogenitet <strong>mye misforst\u00e5tt<\/strong>.<\/p>\n<p>Men hvorfor kaller vi dem Roma? Hvem er de og hvor kommer de fra?<\/p>\n<p>Spr\u00e5ket som ble brukt for \u00e5 navngi dem, spesielt bruken av begrepet <strong>&laquo;sig\u00f8yner&raquo;<\/strong>er ikke n\u00f8ytral: den reflekterer <strong>maktforhold<\/strong>, <strong>eksklusjonsprosesser <\/strong>og en lang tradisjon med eksterne representasjoner som har bidratt til deres marginalisering.<\/p>\n<h2>Hvem er romene: historisk og kulturell heterogenitet<\/h2>\n<p>Spr\u00e5klig, genetisk og historisk forskning er enige om \u00e5 plassere <strong>opprinnelsen til romfolket i det nordvestlige India<\/strong>hvorfra de dro mellom <strong>10. og 11. \u00e5rhundre<\/strong>. Faktisk viser komparative spr\u00e5klige studier hvordan <strong>Romani spr\u00e5k<\/strong> presentere strukturelle og leksikalske tilh\u00f8righeter med <strong>Indo-ariske spr\u00e5k<\/strong> som hindi og punjabi.<\/p>\n<p>\u00c5rsakene til deres <strong>migrasjon<\/strong> de kan ikke spores tilbake til et \u00abkall\u00bb til bevegelsen, slik man ofte tror, \u200b\u200bmen til <strong>komplekse historiske prosesser<\/strong>: konflikter, politisk press og territorielle transformasjoner. I deres lange <strong>krysser Asia og Europa<\/strong>jeg <strong>Rom<\/strong> de satte seg inn i ulike kontekster, og tilpasset h\u00e5ndverksmessig, musikalsk og kommersiell kunnskap til lokale \u00f8konomier.<\/p>\n<div class=\"cp_wrapper cp_wrapper--fw mb-50\">\n<figure class=\"mm\"><picture class=\"img\" style=\"padding-top:79.556898288016%\"><source  media=\"(min-width: 1024px)\"><source  media=\"(min-width: 768px)\"><img decoding=\"async\" loading=\"lazy\" src=\"https:\/\/nordnesrepublikken.no\/wp-content\/uploads\/2026\/04\/1775278174_188_Hvem-er-rom-og-hvorfor-begrepet-sigoyner-er-problematisk.jpeg\" alt=\"Bilde\" width=\"993\" height=\"790\"\/><\/source><\/source><\/picture><\/figure>\n<\/p><\/div>\n<p>Men ogs\u00e5 snakke om <strong>&laquo;Rom&raquo; i entall er reduktiv<\/strong>: det er mange grupper (Roma, Sinti, Kal\u00e9, Manouches, Caminanti) differensiert etter migrasjonshistorie, \u00f8konomisk praksis, religion og grad av <strong>sedentarisering<\/strong>. Ideen om et homogent folk er faktisk en ekte ekstern konstruksjon, ofte funksjonell for politikk for kontroll og kategorisering.<\/p>\n<h2>Hvor kommer ordet &laquo;sig\u00f8yner&raquo; fra og hvorfor er det sterkt diskriminerende<\/h2>\n<p>Begrepet <strong>&laquo;sig\u00f8yner&raquo;<\/strong> stammer sannsynligvis fra <strong>gresk <em>athinganoi<\/em><\/strong>brukt i<strong> Bysantinsk tid<\/strong> for \u00e5 indikere en sekt <strong>betraktet som kjettersk og &laquo;ur\u00f8rlig&raquo;<\/strong>.<\/p>\n<p>Over tid har begrepet mistet den religi\u00f8se referansen til \u00e5 ta p\u00e5 seg en <strong>negativ etnisk konnotasjon<\/strong>. Fra et morfologisk og semantisk synspunkt, <strong>&laquo;sig\u00f8yner&raquo;<\/strong> har blitt en <strong>p\u00e5lagt heteronym<\/strong>full av stigmatiserende betydninger: l\u00f8sdrift, avvik, skitt, kriminalitet.<\/p>\n<p>I lingvistikk og antropologi anses bruken av et begrep p\u00e5lagt utenfra, spesielt n\u00e5r det historisk sett er forbundet med diskriminering, som problematisk nettopp fordi det bidrar til \u00e5 naturalisere <strong>stigma<\/strong> og reprodusere<strong> makthierarkier<\/strong>.<\/p>\n<div class=\"cp_wrapper cp_wrapper--fw mb-50\">\n<figure class=\"mm\"><picture class=\"img\" style=\"padding-top:79.7583081571%\"><source  media=\"(min-width: 1024px)\"><source  media=\"(min-width: 768px)\"><img decoding=\"async\" loading=\"lazy\" src=\"https:\/\/nordnesrepublikken.no\/wp-content\/uploads\/2026\/04\/1775278175_593_Hvem-er-rom-og-hvorfor-begrepet-sigoyner-er-problematisk.jpeg\" alt=\"Bilde\" width=\"993\" height=\"792\" class=\"js-seedtag-img\"\/><\/source><\/source><\/picture><\/figure>\n<\/p><\/div>\n<p>Alt dette kan forklares gjennom <strong>utbredt bruk av stereotypier<\/strong> som omgir rombefolkningens omd\u00f8mme. Stereotyper om romfolk er faktisk ikke enkle individuelle fordommer, men <strong>sosiale produkter sedimentert over tid<\/strong>.<\/p>\n<p>Figuren til &laquo;sig\u00f8yneren&raquo; gjenspeiler i hodet til noen egenskaper som: <strong>nomad av natur<\/strong>, <strong>motstandsdyktig mot samfunnets regler<\/strong>ute av stand til \u00e5 regulere seg selv, kontrollere seg selv eller integrere seg i kulturen til nasjonen der de bosetter seg. Videre, i motsetning til utbredt fantasi, er de aller fleste romfolk <strong>i dag bor han ikke i campingvogn<\/strong>.<\/p>\n<p>De <strong>campingvogner og bobiler<\/strong> de ble en <strong>mediesymbol p\u00e5 &laquo;Roma nomadisme&raquo;<\/strong>men de representerer bare en sv\u00e6rt minoritetsrealitet. Historisk sett har faktisk campingvogner blitt brukt fremfor alt i sammenhenger der rom, rett og slett fordi de kommer fra den etniske gruppen, ble nektet tilgang til bolig eller eiendomsrett til land.<\/p>\n<h2>Hvor er de st\u00f8rste romsamfunnene lokalisert og hva er deres forhold til hverandre?<\/h2>\n<p>Fra et kulturelt og sosialt synspunkt er romene preget av en <strong>sterk sentralitet i familie- og foreldreforhold<\/strong>men dette inneb\u00e6rer ikke automatisk anerkjennelse blant alle romfolk som \u00abp\u00e5r\u00f8rende\u00bb.<\/p>\n<p>Roma-identiteten er <strong>flertall og plassert<\/strong>: tilh\u00f8righetsb\u00e5nd er ofte basert p\u00e5 <strong>spesifikk gruppe<\/strong> (for eksempel Roma Vlax, som skiller seg fra Sinti eller Lovara), om talespr\u00e5ket, om lokalhistorie og om faktiske slektskapsnettverk.<\/p>\n<p>I dag finnes de st\u00f8rste romsamfunnene i <strong>Sentral-\u00d8st-Europa og Balkan<\/strong>spesielt Romania, Bulgaria, Ungarn, Slovakia, Serbia og Nord-Makedonia, men de har ogs\u00e5 v\u00e6rt til stede i \u00e5rhundrer i <strong>Spania, Frankrike, Italia og Tyskland<\/strong>. I mange av disse landene representerer rom en<strong> historisk minoritet<\/strong>ofte permanent bosatt i generasjoner i urbane nabolag, landlige landsbyer eller uformelle forsteder.<\/p>\n<h2>EU-lovgivning og anerkjennelser om rom<\/h2>\n<p>P\u00e5 niv\u00e5 med<strong>Den europeiske union<\/strong>Roma er anerkjent i politiske dokumenter som <strong>st\u00f8rste etniske minoritet p\u00e5 kontinentet<\/strong> (estimert mellom <strong>10 og 12 millioner i Europa<\/strong>) og er gjenstand for fellesskapspolitikk for \u00e5 fremme likeverd, inkludering og sosial deltakelse.<\/p>\n<p>EU har en <strong>strategisk rammeverk for rom-likestilling frem til 2030<\/strong>som har som m\u00e5l \u00e5 redusere ulikheter p\u00e5 omr\u00e5der som utdanning, helse, \u00f8konomisk inkludering og diskriminering (rett til bolig, arbeid osv.).<\/p>\n<p>Det er ogs\u00e5 multilaterale initiativ som f.eks<em><strong>Europeisk allianse av byer og regioner for Roma-inkludering<\/strong><\/em>som fremmer lokal politikk og nettverk mellom offentlige myndigheter for \u00e5 motvirke anti-sig\u00f8ynerisme og fremme borgerrettigheter.<\/p>\n<p>Ser vi s\u00e5 p\u00e5 den spesifikke italienske saken, i v\u00e5rt rettssystem, selv om romene ikke er offisielt anerkjent som en nasjonal eller etnisk minoritet, er det en <strong>Nasjonal strategi for deres inkludering<\/strong> (2021-2030) promotert av <strong>Regjering<\/strong> og overv\u00e5kes av EU-kommisjonen, som inkluderer m\u00e5l som tilgang til utdanning, arbeid og like rettigheter.<\/p>\n<div class=\"cp_wrapper  mb-50   \">\n<div class=\"cbx\">\n<div class=\"cbx__collection\">\n<p>Kilder<\/p>\n<div class=\"cbx__sources\">\n<p>Piasere L. (1999). &laquo;En verden av verdener&raquo;<\/p>\n<p>Piasere L. (2004). &laquo;Roma i Europa&raquo;.<\/p>\n<p>Fonseca I. (1995). &laquo;Begrav meg st\u00e5ende: Sig\u00f8ynerne og deres reise&raquo;<\/p>\n<p>Glajar V. &#038; Radulescu D. (2008). &laquo;Sig\u00f8ynere&raquo; i europeisk litteratur og kultur&raquo;<\/p>\n<p>Rizzin E. (2020). &laquo;Crossing Auschwitz. Historier om Roma og Sinti: identitet, minner, anti-sig\u00f8ynerisme&raquo;<\/p>\n<\/p><\/div>\n<\/p><\/div>\n<\/p><\/div>\n<\/div><\/div>\n","protected":false},"excerpt":{"rendered":"<p>DE Rom utgj\u00f8r en av st\u00f8rre etniske minoriteter og samtidig mest stigmatisert i Europa. Til<\/p>\n","protected":false},"author":1,"featured_media":16583,"comment_status":"closed","ping_status":"open","sticky":false,"template":"","format":"standard","meta":{"footnotes":""},"categories":[104],"tags":[1974,99,101,7855,286,10735],"class_list":["post-16582","post","type-post","status-publish","format-standard","has-post-thumbnail","hentry","category-samfunn","tag-begrepet","tag-hvem","tag-hvorfor","tag-problematisk","tag-rom","tag-sigoyner","generate-columns","tablet-grid-50","mobile-grid-100","grid-parent","grid-33","resize-featured-image"],"yoast_head":"<!-- This site is optimized with the Yoast SEO plugin v24.4 - https:\/\/yoast.com\/wordpress\/plugins\/seo\/ -->\n<title>Hvem er rom og hvorfor begrepet &quot;sig\u00f8yner&quot; er problematisk - Nordnesrepublikken<\/title>\n<meta name=\"robots\" content=\"index, follow, max-snippet:-1, max-image-preview:large, max-video-preview:-1\" \/>\n<link rel=\"canonical\" href=\"https:\/\/nordnesrepublikken.no\/index.php\/2026\/04\/04\/hvem-er-rom-og-hvorfor-begrepet-sigoyner-er-problematisk\/\" \/>\n<meta property=\"og:locale\" content=\"nb_NO\" \/>\n<meta property=\"og:type\" content=\"article\" \/>\n<meta property=\"og:title\" content=\"Hvem er rom og hvorfor begrepet &quot;sig\u00f8yner&quot; er problematisk - Nordnesrepublikken\" \/>\n<meta property=\"og:description\" content=\"DE Rom utgj\u00f8r en av st\u00f8rre etniske minoriteter og samtidig mest stigmatisert i Europa. Til\" \/>\n<meta property=\"og:url\" content=\"https:\/\/nordnesrepublikken.no\/index.php\/2026\/04\/04\/hvem-er-rom-og-hvorfor-begrepet-sigoyner-er-problematisk\/\" \/>\n<meta property=\"og:site_name\" content=\"Nordnesrepublikken\" \/>\n<meta property=\"article:published_time\" content=\"2026-04-04T04:49:35+00:00\" \/>\n<meta property=\"article:modified_time\" content=\"2026-04-04T04:49:38+00:00\" \/>\n<meta property=\"og:image\" content=\"https:\/\/nordnesrepublikken.no\/wp-content\/uploads\/2026\/04\/1775278177_Hvem-er-rom-og-hvorfor-begrepet-sigoyner-er-problematisk.jpeg\" \/>\n\t<meta property=\"og:image:width\" content=\"993\" \/>\n\t<meta property=\"og:image:height\" content=\"794\" \/>\n\t<meta property=\"og:image:type\" content=\"image\/jpeg\" \/>\n<meta name=\"author\" content=\"Ole Andersen\" \/>\n<meta name=\"twitter:card\" content=\"summary_large_image\" \/>\n<meta name=\"twitter:label1\" content=\"Skrevet av\" \/>\n\t<meta name=\"twitter:data1\" content=\"Ole Andersen\" \/>\n\t<meta name=\"twitter:label2\" content=\"Ansl. lesetid\" \/>\n\t<meta name=\"twitter:data2\" content=\"4 minutter\" \/>\n<script type=\"application\/ld+json\" class=\"yoast-schema-graph\">{\"@context\":\"https:\/\/schema.org\",\"@graph\":[{\"@type\":\"Article\",\"@id\":\"https:\/\/nordnesrepublikken.no\/index.php\/2026\/04\/04\/hvem-er-rom-og-hvorfor-begrepet-sigoyner-er-problematisk\/#article\",\"isPartOf\":{\"@id\":\"https:\/\/nordnesrepublikken.no\/index.php\/2026\/04\/04\/hvem-er-rom-og-hvorfor-begrepet-sigoyner-er-problematisk\/\"},\"author\":{\"name\":\"Ole Andersen\",\"@id\":\"https:\/\/nordnesrepublikken.no\/#\/schema\/person\/2e7e81935bab77882fffb79296240ff1\"},\"headline\":\"Hvem er rom og hvorfor begrepet &laquo;sig\u00f8yner&raquo; er problematisk\",\"datePublished\":\"2026-04-04T04:49:35+00:00\",\"dateModified\":\"2026-04-04T04:49:38+00:00\",\"mainEntityOfPage\":{\"@id\":\"https:\/\/nordnesrepublikken.no\/index.php\/2026\/04\/04\/hvem-er-rom-og-hvorfor-begrepet-sigoyner-er-problematisk\/\"},\"wordCount\":834,\"publisher\":{\"@id\":\"https:\/\/nordnesrepublikken.no\/#organization\"},\"image\":{\"@id\":\"https:\/\/nordnesrepublikken.no\/index.php\/2026\/04\/04\/hvem-er-rom-og-hvorfor-begrepet-sigoyner-er-problematisk\/#primaryimage\"},\"thumbnailUrl\":\"https:\/\/nordnesrepublikken.no\/wp-content\/uploads\/2026\/04\/1775278177_Hvem-er-rom-og-hvorfor-begrepet-sigoyner-er-problematisk.jpeg\",\"keywords\":[\"begrepet\",\"Hvem\",\"hvorfor\",\"problematisk\",\"rom\",\"sig\u00f8yner\"],\"articleSection\":[\"Samfunn\"],\"inLanguage\":\"nb-NO\"},{\"@type\":\"WebPage\",\"@id\":\"https:\/\/nordnesrepublikken.no\/index.php\/2026\/04\/04\/hvem-er-rom-og-hvorfor-begrepet-sigoyner-er-problematisk\/\",\"url\":\"https:\/\/nordnesrepublikken.no\/index.php\/2026\/04\/04\/hvem-er-rom-og-hvorfor-begrepet-sigoyner-er-problematisk\/\",\"name\":\"Hvem er rom og hvorfor begrepet \\\"sig\u00f8yner\\\" er problematisk - Nordnesrepublikken\",\"isPartOf\":{\"@id\":\"https:\/\/nordnesrepublikken.no\/#website\"},\"primaryImageOfPage\":{\"@id\":\"https:\/\/nordnesrepublikken.no\/index.php\/2026\/04\/04\/hvem-er-rom-og-hvorfor-begrepet-sigoyner-er-problematisk\/#primaryimage\"},\"image\":{\"@id\":\"https:\/\/nordnesrepublikken.no\/index.php\/2026\/04\/04\/hvem-er-rom-og-hvorfor-begrepet-sigoyner-er-problematisk\/#primaryimage\"},\"thumbnailUrl\":\"https:\/\/nordnesrepublikken.no\/wp-content\/uploads\/2026\/04\/1775278177_Hvem-er-rom-og-hvorfor-begrepet-sigoyner-er-problematisk.jpeg\",\"datePublished\":\"2026-04-04T04:49:35+00:00\",\"dateModified\":\"2026-04-04T04:49:38+00:00\",\"breadcrumb\":{\"@id\":\"https:\/\/nordnesrepublikken.no\/index.php\/2026\/04\/04\/hvem-er-rom-og-hvorfor-begrepet-sigoyner-er-problematisk\/#breadcrumb\"},\"inLanguage\":\"nb-NO\",\"potentialAction\":[{\"@type\":\"ReadAction\",\"target\":[\"https:\/\/nordnesrepublikken.no\/index.php\/2026\/04\/04\/hvem-er-rom-og-hvorfor-begrepet-sigoyner-er-problematisk\/\"]}]},{\"@type\":\"ImageObject\",\"inLanguage\":\"nb-NO\",\"@id\":\"https:\/\/nordnesrepublikken.no\/index.php\/2026\/04\/04\/hvem-er-rom-og-hvorfor-begrepet-sigoyner-er-problematisk\/#primaryimage\",\"url\":\"https:\/\/nordnesrepublikken.no\/wp-content\/uploads\/2026\/04\/1775278177_Hvem-er-rom-og-hvorfor-begrepet-sigoyner-er-problematisk.jpeg\",\"contentUrl\":\"https:\/\/nordnesrepublikken.no\/wp-content\/uploads\/2026\/04\/1775278177_Hvem-er-rom-og-hvorfor-begrepet-sigoyner-er-problematisk.jpeg\",\"width\":993,\"height\":794,\"caption\":\"Hvem er rom og hvorfor begrepet \\\"sig\u00f8yner\\\" er problematisk\"},{\"@type\":\"BreadcrumbList\",\"@id\":\"https:\/\/nordnesrepublikken.no\/index.php\/2026\/04\/04\/hvem-er-rom-og-hvorfor-begrepet-sigoyner-er-problematisk\/#breadcrumb\",\"itemListElement\":[{\"@type\":\"ListItem\",\"position\":1,\"name\":\"Home\",\"item\":\"https:\/\/nordnesrepublikken.no\/\"},{\"@type\":\"ListItem\",\"position\":2,\"name\":\"Hvem er rom og hvorfor begrepet &laquo;sig\u00f8yner&raquo; er problematisk\"}]},{\"@type\":\"WebSite\",\"@id\":\"https:\/\/nordnesrepublikken.no\/#website\",\"url\":\"https:\/\/nordnesrepublikken.no\/\",\"name\":\"Nordnesrepublikken\",\"description\":\"Stemmer og Visjoner fra Republikkens Hjerte\",\"publisher\":{\"@id\":\"https:\/\/nordnesrepublikken.no\/#organization\"},\"potentialAction\":[{\"@type\":\"SearchAction\",\"target\":{\"@type\":\"EntryPoint\",\"urlTemplate\":\"https:\/\/nordnesrepublikken.no\/?s={search_term_string}\"},\"query-input\":{\"@type\":\"PropertyValueSpecification\",\"valueRequired\":true,\"valueName\":\"search_term_string\"}}],\"inLanguage\":\"nb-NO\"},{\"@type\":\"Organization\",\"@id\":\"https:\/\/nordnesrepublikken.no\/#organization\",\"name\":\"Nordnesrepublikken\",\"url\":\"https:\/\/nordnesrepublikken.no\/\",\"logo\":{\"@type\":\"ImageObject\",\"inLanguage\":\"nb-NO\",\"@id\":\"https:\/\/nordnesrepublikken.no\/#\/schema\/logo\/image\/\",\"url\":\"https:\/\/nordnesrepublikken.no\/wp-content\/uploads\/2025\/02\/cropped-nordnesrepublikken-2.png\",\"contentUrl\":\"https:\/\/nordnesrepublikken.no\/wp-content\/uploads\/2025\/02\/cropped-nordnesrepublikken-2.png\",\"width\":1248,\"height\":362,\"caption\":\"Nordnesrepublikken\"},\"image\":{\"@id\":\"https:\/\/nordnesrepublikken.no\/#\/schema\/logo\/image\/\"}},{\"@type\":\"Person\",\"@id\":\"https:\/\/nordnesrepublikken.no\/#\/schema\/person\/2e7e81935bab77882fffb79296240ff1\",\"name\":\"Ole Andersen\",\"image\":{\"@type\":\"ImageObject\",\"inLanguage\":\"nb-NO\",\"@id\":\"https:\/\/nordnesrepublikken.no\/#\/schema\/person\/image\/\",\"url\":\"https:\/\/nordnesrepublikken.no\/wp-content\/uploads\/2025\/02\/nordnesrepublikken-2-2-150x150.jpg\",\"contentUrl\":\"https:\/\/nordnesrepublikken.no\/wp-content\/uploads\/2025\/02\/nordnesrepublikken-2-2-150x150.jpg\",\"caption\":\"Ole Andersen\"},\"description\":\"Ettersom jeg vokste opp i Oslo, har jeg alltid v\u00e6rt fascinert av ordenes kraft og deres evne til \u00e5 skape endringer. Etter \u00e5 ha fullf\u00f8rt min utdannelse i kommunikasjon ved Universitetet i Bergen, fikk jeg muligheten til \u00e5 jobbe innen ulike medier, der jeg har s\u00f8kt \u00e5 belyse viktige samfunnssp\u00f8rsm\u00e5l. I dag, som redakt\u00f8r for Nordnesrepublikken, pr\u00f8ver jeg \u00e5 forene min kj\u00e6rlighet for journalistikk med min lidenskap for innovasjon og eventyr.\",\"sameAs\":[\"https:\/\/nordnesrepublikken.no\/\"]}]}<\/script>\n<!-- \/ Yoast SEO plugin. -->","yoast_head_json":{"title":"Hvem er rom og hvorfor begrepet \"sig\u00f8yner\" er problematisk - Nordnesrepublikken","robots":{"index":"index","follow":"follow","max-snippet":"max-snippet:-1","max-image-preview":"max-image-preview:large","max-video-preview":"max-video-preview:-1"},"canonical":"https:\/\/nordnesrepublikken.no\/index.php\/2026\/04\/04\/hvem-er-rom-og-hvorfor-begrepet-sigoyner-er-problematisk\/","og_locale":"nb_NO","og_type":"article","og_title":"Hvem er rom og hvorfor begrepet \"sig\u00f8yner\" er problematisk - Nordnesrepublikken","og_description":"DE Rom utgj\u00f8r en av st\u00f8rre etniske minoriteter og samtidig mest stigmatisert i Europa. Til","og_url":"https:\/\/nordnesrepublikken.no\/index.php\/2026\/04\/04\/hvem-er-rom-og-hvorfor-begrepet-sigoyner-er-problematisk\/","og_site_name":"Nordnesrepublikken","article_published_time":"2026-04-04T04:49:35+00:00","article_modified_time":"2026-04-04T04:49:38+00:00","og_image":[{"width":993,"height":794,"url":"https:\/\/nordnesrepublikken.no\/wp-content\/uploads\/2026\/04\/1775278177_Hvem-er-rom-og-hvorfor-begrepet-sigoyner-er-problematisk.jpeg","type":"image\/jpeg"}],"author":"Ole Andersen","twitter_card":"summary_large_image","twitter_misc":{"Skrevet av":"Ole Andersen","Ansl. lesetid":"4 minutter"},"schema":{"@context":"https:\/\/schema.org","@graph":[{"@type":"Article","@id":"https:\/\/nordnesrepublikken.no\/index.php\/2026\/04\/04\/hvem-er-rom-og-hvorfor-begrepet-sigoyner-er-problematisk\/#article","isPartOf":{"@id":"https:\/\/nordnesrepublikken.no\/index.php\/2026\/04\/04\/hvem-er-rom-og-hvorfor-begrepet-sigoyner-er-problematisk\/"},"author":{"name":"Ole Andersen","@id":"https:\/\/nordnesrepublikken.no\/#\/schema\/person\/2e7e81935bab77882fffb79296240ff1"},"headline":"Hvem er rom og hvorfor begrepet &laquo;sig\u00f8yner&raquo; er problematisk","datePublished":"2026-04-04T04:49:35+00:00","dateModified":"2026-04-04T04:49:38+00:00","mainEntityOfPage":{"@id":"https:\/\/nordnesrepublikken.no\/index.php\/2026\/04\/04\/hvem-er-rom-og-hvorfor-begrepet-sigoyner-er-problematisk\/"},"wordCount":834,"publisher":{"@id":"https:\/\/nordnesrepublikken.no\/#organization"},"image":{"@id":"https:\/\/nordnesrepublikken.no\/index.php\/2026\/04\/04\/hvem-er-rom-og-hvorfor-begrepet-sigoyner-er-problematisk\/#primaryimage"},"thumbnailUrl":"https:\/\/nordnesrepublikken.no\/wp-content\/uploads\/2026\/04\/1775278177_Hvem-er-rom-og-hvorfor-begrepet-sigoyner-er-problematisk.jpeg","keywords":["begrepet","Hvem","hvorfor","problematisk","rom","sig\u00f8yner"],"articleSection":["Samfunn"],"inLanguage":"nb-NO"},{"@type":"WebPage","@id":"https:\/\/nordnesrepublikken.no\/index.php\/2026\/04\/04\/hvem-er-rom-og-hvorfor-begrepet-sigoyner-er-problematisk\/","url":"https:\/\/nordnesrepublikken.no\/index.php\/2026\/04\/04\/hvem-er-rom-og-hvorfor-begrepet-sigoyner-er-problematisk\/","name":"Hvem er rom og hvorfor begrepet \"sig\u00f8yner\" er problematisk - Nordnesrepublikken","isPartOf":{"@id":"https:\/\/nordnesrepublikken.no\/#website"},"primaryImageOfPage":{"@id":"https:\/\/nordnesrepublikken.no\/index.php\/2026\/04\/04\/hvem-er-rom-og-hvorfor-begrepet-sigoyner-er-problematisk\/#primaryimage"},"image":{"@id":"https:\/\/nordnesrepublikken.no\/index.php\/2026\/04\/04\/hvem-er-rom-og-hvorfor-begrepet-sigoyner-er-problematisk\/#primaryimage"},"thumbnailUrl":"https:\/\/nordnesrepublikken.no\/wp-content\/uploads\/2026\/04\/1775278177_Hvem-er-rom-og-hvorfor-begrepet-sigoyner-er-problematisk.jpeg","datePublished":"2026-04-04T04:49:35+00:00","dateModified":"2026-04-04T04:49:38+00:00","breadcrumb":{"@id":"https:\/\/nordnesrepublikken.no\/index.php\/2026\/04\/04\/hvem-er-rom-og-hvorfor-begrepet-sigoyner-er-problematisk\/#breadcrumb"},"inLanguage":"nb-NO","potentialAction":[{"@type":"ReadAction","target":["https:\/\/nordnesrepublikken.no\/index.php\/2026\/04\/04\/hvem-er-rom-og-hvorfor-begrepet-sigoyner-er-problematisk\/"]}]},{"@type":"ImageObject","inLanguage":"nb-NO","@id":"https:\/\/nordnesrepublikken.no\/index.php\/2026\/04\/04\/hvem-er-rom-og-hvorfor-begrepet-sigoyner-er-problematisk\/#primaryimage","url":"https:\/\/nordnesrepublikken.no\/wp-content\/uploads\/2026\/04\/1775278177_Hvem-er-rom-og-hvorfor-begrepet-sigoyner-er-problematisk.jpeg","contentUrl":"https:\/\/nordnesrepublikken.no\/wp-content\/uploads\/2026\/04\/1775278177_Hvem-er-rom-og-hvorfor-begrepet-sigoyner-er-problematisk.jpeg","width":993,"height":794,"caption":"Hvem er rom og hvorfor begrepet \"sig\u00f8yner\" er problematisk"},{"@type":"BreadcrumbList","@id":"https:\/\/nordnesrepublikken.no\/index.php\/2026\/04\/04\/hvem-er-rom-og-hvorfor-begrepet-sigoyner-er-problematisk\/#breadcrumb","itemListElement":[{"@type":"ListItem","position":1,"name":"Home","item":"https:\/\/nordnesrepublikken.no\/"},{"@type":"ListItem","position":2,"name":"Hvem er rom og hvorfor begrepet &laquo;sig\u00f8yner&raquo; er problematisk"}]},{"@type":"WebSite","@id":"https:\/\/nordnesrepublikken.no\/#website","url":"https:\/\/nordnesrepublikken.no\/","name":"Nordnesrepublikken","description":"Stemmer og Visjoner fra Republikkens Hjerte","publisher":{"@id":"https:\/\/nordnesrepublikken.no\/#organization"},"potentialAction":[{"@type":"SearchAction","target":{"@type":"EntryPoint","urlTemplate":"https:\/\/nordnesrepublikken.no\/?s={search_term_string}"},"query-input":{"@type":"PropertyValueSpecification","valueRequired":true,"valueName":"search_term_string"}}],"inLanguage":"nb-NO"},{"@type":"Organization","@id":"https:\/\/nordnesrepublikken.no\/#organization","name":"Nordnesrepublikken","url":"https:\/\/nordnesrepublikken.no\/","logo":{"@type":"ImageObject","inLanguage":"nb-NO","@id":"https:\/\/nordnesrepublikken.no\/#\/schema\/logo\/image\/","url":"https:\/\/nordnesrepublikken.no\/wp-content\/uploads\/2025\/02\/cropped-nordnesrepublikken-2.png","contentUrl":"https:\/\/nordnesrepublikken.no\/wp-content\/uploads\/2025\/02\/cropped-nordnesrepublikken-2.png","width":1248,"height":362,"caption":"Nordnesrepublikken"},"image":{"@id":"https:\/\/nordnesrepublikken.no\/#\/schema\/logo\/image\/"}},{"@type":"Person","@id":"https:\/\/nordnesrepublikken.no\/#\/schema\/person\/2e7e81935bab77882fffb79296240ff1","name":"Ole Andersen","image":{"@type":"ImageObject","inLanguage":"nb-NO","@id":"https:\/\/nordnesrepublikken.no\/#\/schema\/person\/image\/","url":"https:\/\/nordnesrepublikken.no\/wp-content\/uploads\/2025\/02\/nordnesrepublikken-2-2-150x150.jpg","contentUrl":"https:\/\/nordnesrepublikken.no\/wp-content\/uploads\/2025\/02\/nordnesrepublikken-2-2-150x150.jpg","caption":"Ole Andersen"},"description":"Ettersom jeg vokste opp i Oslo, har jeg alltid v\u00e6rt fascinert av ordenes kraft og deres evne til \u00e5 skape endringer. Etter \u00e5 ha fullf\u00f8rt min utdannelse i kommunikasjon ved Universitetet i Bergen, fikk jeg muligheten til \u00e5 jobbe innen ulike medier, der jeg har s\u00f8kt \u00e5 belyse viktige samfunnssp\u00f8rsm\u00e5l. I dag, som redakt\u00f8r for Nordnesrepublikken, pr\u00f8ver jeg \u00e5 forene min kj\u00e6rlighet for journalistikk med min lidenskap for innovasjon og eventyr.","sameAs":["https:\/\/nordnesrepublikken.no\/"]}]}},"_links":{"self":[{"href":"https:\/\/nordnesrepublikken.no\/index.php\/wp-json\/wp\/v2\/posts\/16582","targetHints":{"allow":["GET"]}}],"collection":[{"href":"https:\/\/nordnesrepublikken.no\/index.php\/wp-json\/wp\/v2\/posts"}],"about":[{"href":"https:\/\/nordnesrepublikken.no\/index.php\/wp-json\/wp\/v2\/types\/post"}],"author":[{"embeddable":true,"href":"https:\/\/nordnesrepublikken.no\/index.php\/wp-json\/wp\/v2\/users\/1"}],"replies":[{"embeddable":true,"href":"https:\/\/nordnesrepublikken.no\/index.php\/wp-json\/wp\/v2\/comments?post=16582"}],"version-history":[{"count":1,"href":"https:\/\/nordnesrepublikken.no\/index.php\/wp-json\/wp\/v2\/posts\/16582\/revisions"}],"predecessor-version":[{"id":16584,"href":"https:\/\/nordnesrepublikken.no\/index.php\/wp-json\/wp\/v2\/posts\/16582\/revisions\/16584"}],"wp:featuredmedia":[{"embeddable":true,"href":"https:\/\/nordnesrepublikken.no\/index.php\/wp-json\/wp\/v2\/media\/16583"}],"wp:attachment":[{"href":"https:\/\/nordnesrepublikken.no\/index.php\/wp-json\/wp\/v2\/media?parent=16582"}],"wp:term":[{"taxonomy":"category","embeddable":true,"href":"https:\/\/nordnesrepublikken.no\/index.php\/wp-json\/wp\/v2\/categories?post=16582"},{"taxonomy":"post_tag","embeddable":true,"href":"https:\/\/nordnesrepublikken.no\/index.php\/wp-json\/wp\/v2\/tags?post=16582"}],"curies":[{"name":"wp","href":"https:\/\/api.w.org\/{rel}","templated":true}]}}