{"id":16573,"date":"2026-04-03T23:49:54","date_gmt":"2026-04-03T21:49:54","guid":{"rendered":"https:\/\/nordnesrepublikken.no\/index.php\/2026\/04\/03\/sette-hendelsene-i-rekkefolgen-for-eller-etter\/"},"modified":"2026-04-03T23:49:56","modified_gmt":"2026-04-03T21:49:56","slug":"sette-hendelsene-i-rekkefolgen-for-eller-etter","status":"publish","type":"post","link":"https:\/\/nordnesrepublikken.no\/index.php\/2026\/04\/03\/sette-hendelsene-i-rekkefolgen-for-eller-etter\/","title":{"rendered":"sette hendelsene i rekkef\u00f8lgen &laquo;F\u00f8r eller etter?&raquo;"},"content":{"rendered":"<div>\n<div class=\"cp_wrapper cp_wrapper--fw mb-30 mb-20@tablet\">\n<figure class=\"mm\"><picture class=\"img\" style=\"padding-top:56.25%\"><source  media=\"(min-width: 1024px)\"><source  media=\"(min-width: 768px)\"><\/source><\/source><\/picture><\/figure>\n<\/p><\/div>\n<div class=\"fbx \">\n<div class=\"fbx__content\">\n<p>\t\t\tDu ser p\u00e5 <strong>F\u00f8r eller etter?<\/strong> Ikke g\u00e5 glipp av mer innhold fra <span>Geopop<\/span>\n\t\t<\/p>\n<\/p><\/div>\n<div class=\"fbx__image\">\n<picture class=\"img  img--static-mode \">\n<p>  <img decoding=\"async\" loading=\"lazy\" src=\"https:\/\/nordnesrepublikken.no\/wp-content\/uploads\/2026\/04\/1775252994_993_sette-hendelsene-i-rekkefolgen-For-eller-etter.jpg\" alt=\"Bilde\" width=\"2560\" height=\"1440\"\/>\n<\/picture>\n\t<\/div>\n<\/div>\n<p>Er du klar til \u00e5 teste hukommelsen og oppfatningen av tid igjen? Kom tilbake <b>&laquo;F\u00f8r eller etter?&raquo;<\/b>Geopop-quizformatet, arrangert av Maria Bosco. Etter de to f\u00f8rste utfordringene som s\u00e5 Dada og Marcolino og Le Coliche konkurrere, blir spillet mer og mer livlig med den tredje episoden. Gjestene til den nye episoden, h\u00f8yt elsket av verden av sosiale medier, er Sofia Fabiani aka &laquo;<strong>Matlaging tr\u00f8tt<\/strong>&laquo;og Pierluca Mariti,&raquo;<strong>Heller enn<\/strong>&laquo;. Begge byttet p\u00e5 \u00e5 leke med de samme hendelsene som var tilgjengelige, og pr\u00f8vde \u00e5 bygge den perfekte tidslinjen og ikke uten \u00e5 ha noen latter.<\/p>\n<p>Mekanismen er enkel, spillerne st\u00e5r overfor et brett og en &laquo;<strong>null hendelse<\/strong>&raquo; referanse. M\u00e5let er \u00e5 plassere n\u00f8yaktig <strong>kronologisk rekkef\u00f8lge<\/strong> fire flere hendelser (to skjedde f\u00f8r og to etter), kappl\u00f8p mot tiden. Temaene er de mest forskjellige, alt fra teknologiske kuriositeter til store geopolitiske endringer.<\/p>\n<div class=\"cp_wrapper cp_wrapper--fw mb-50\">\n<figure class=\"mm\"><picture class=\"img\" style=\"padding-top:56.25%\"><source  media=\"(min-width: 1024px)\"><source  media=\"(min-width: 768px)\"><img decoding=\"async\" loading=\"lazy\" src=\"https:\/\/nordnesrepublikken.no\/wp-content\/uploads\/2026\/04\/1775252994_729_sette-hendelsene-i-rekkefolgen-For-eller-etter.jpg\" alt=\"Bilde\" width=\"2560\" height=\"1440\"\/><\/source><\/source><\/picture><\/figure>\n<\/p><\/div>\n<p>For \u00e5 finne ut hvem som vant dette head-to-head og leke med dem fra sofaen hjemme, er alt du trenger \u00e5 gj\u00f8re \u00e5 starte videoen. I mellomtiden gir vi deg en liten forh\u00e5ndsvisning av kortene som konkurrentene finner p\u00e5 bordet. Starter fra<b>oppfinnelsen av st\u00f8vsugeren<\/b>en tidlig versjon ikke moderne roboter, som &laquo;<strong>Event Zero<\/strong>&laquo;, m\u00e5 de plassere disse fire historiske \u00f8yeblikkene riktig p\u00e5 tidslinjen:<\/p>\n<\/p><\/div>\n","protected":false},"excerpt":{"rendered":"<p>Du ser p\u00e5 F\u00f8r eller etter? Ikke g\u00e5 glipp av mer innhold fra Geopop Er<\/p>\n","protected":false},"author":1,"featured_media":16574,"comment_status":"closed","ping_status":"open","sticky":false,"template":"","format":"standard","meta":{"footnotes":""},"categories":[104],"tags":[1156,92,1232,10733,5906,2818],"class_list":["post-16573","post","type-post","status-publish","format-standard","has-post-thumbnail","hentry","category-samfunn","tag-eller","tag-etter","tag-for","tag-hendelsene","tag-rekkefolgen","tag-sette","generate-columns","tablet-grid-50","mobile-grid-100","grid-parent","grid-33","resize-featured-image"],"yoast_head":"<!-- This site is optimized with the Yoast SEO plugin v24.4 - https:\/\/yoast.com\/wordpress\/plugins\/seo\/ -->\n<title>sette hendelsene i rekkef\u00f8lgen &quot;F\u00f8r eller etter?&quot; - Nordnesrepublikken<\/title>\n<meta name=\"robots\" content=\"index, follow, max-snippet:-1, max-image-preview:large, max-video-preview:-1\" \/>\n<link rel=\"canonical\" href=\"https:\/\/nordnesrepublikken.no\/index.php\/2026\/04\/03\/sette-hendelsene-i-rekkefolgen-for-eller-etter\/\" \/>\n<meta property=\"og:locale\" content=\"nb_NO\" \/>\n<meta property=\"og:type\" content=\"article\" \/>\n<meta property=\"og:title\" content=\"sette hendelsene i rekkef\u00f8lgen &quot;F\u00f8r eller etter?&quot; - Nordnesrepublikken\" \/>\n<meta property=\"og:description\" content=\"Du ser p\u00e5 F\u00f8r eller etter? Ikke g\u00e5 glipp av mer innhold fra Geopop Er\" \/>\n<meta property=\"og:url\" content=\"https:\/\/nordnesrepublikken.no\/index.php\/2026\/04\/03\/sette-hendelsene-i-rekkefolgen-for-eller-etter\/\" \/>\n<meta property=\"og:site_name\" content=\"Nordnesrepublikken\" \/>\n<meta property=\"article:published_time\" content=\"2026-04-03T21:49:54+00:00\" \/>\n<meta property=\"article:modified_time\" content=\"2026-04-03T21:49:56+00:00\" \/>\n<meta property=\"og:image\" content=\"https:\/\/nordnesrepublikken.no\/wp-content\/uploads\/2026\/04\/1775252996_sette-hendelsene-i-rekkefolgen-For-eller-etter.jpg\" \/>\n\t<meta property=\"og:image:width\" content=\"1280\" \/>\n\t<meta property=\"og:image:height\" content=\"720\" \/>\n\t<meta property=\"og:image:type\" content=\"image\/jpeg\" \/>\n<meta name=\"author\" content=\"Ole Andersen\" \/>\n<meta name=\"twitter:card\" content=\"summary_large_image\" \/>\n<meta name=\"twitter:label1\" content=\"Skrevet av\" \/>\n\t<meta name=\"twitter:data1\" content=\"Ole Andersen\" \/>\n\t<meta name=\"twitter:label2\" content=\"Ansl. lesetid\" \/>\n\t<meta name=\"twitter:data2\" content=\"1 minutt\" \/>\n<script type=\"application\/ld+json\" class=\"yoast-schema-graph\">{\"@context\":\"https:\/\/schema.org\",\"@graph\":[{\"@type\":\"Article\",\"@id\":\"https:\/\/nordnesrepublikken.no\/index.php\/2026\/04\/03\/sette-hendelsene-i-rekkefolgen-for-eller-etter\/#article\",\"isPartOf\":{\"@id\":\"https:\/\/nordnesrepublikken.no\/index.php\/2026\/04\/03\/sette-hendelsene-i-rekkefolgen-for-eller-etter\/\"},\"author\":{\"name\":\"Ole Andersen\",\"@id\":\"https:\/\/nordnesrepublikken.no\/#\/schema\/person\/2e7e81935bab77882fffb79296240ff1\"},\"headline\":\"sette hendelsene i rekkef\u00f8lgen &laquo;F\u00f8r eller etter?&raquo;\",\"datePublished\":\"2026-04-03T21:49:54+00:00\",\"dateModified\":\"2026-04-03T21:49:56+00:00\",\"mainEntityOfPage\":{\"@id\":\"https:\/\/nordnesrepublikken.no\/index.php\/2026\/04\/03\/sette-hendelsene-i-rekkefolgen-for-eller-etter\/\"},\"wordCount\":232,\"publisher\":{\"@id\":\"https:\/\/nordnesrepublikken.no\/#organization\"},\"image\":{\"@id\":\"https:\/\/nordnesrepublikken.no\/index.php\/2026\/04\/03\/sette-hendelsene-i-rekkefolgen-for-eller-etter\/#primaryimage\"},\"thumbnailUrl\":\"https:\/\/nordnesrepublikken.no\/wp-content\/uploads\/2026\/04\/1775252996_sette-hendelsene-i-rekkefolgen-For-eller-etter.jpg\",\"keywords\":[\"eller\",\"Etter\",\"f\u00f8r\",\"hendelsene\",\"rekkef\u00f8lgen\",\"sette\"],\"articleSection\":[\"Samfunn\"],\"inLanguage\":\"nb-NO\"},{\"@type\":\"WebPage\",\"@id\":\"https:\/\/nordnesrepublikken.no\/index.php\/2026\/04\/03\/sette-hendelsene-i-rekkefolgen-for-eller-etter\/\",\"url\":\"https:\/\/nordnesrepublikken.no\/index.php\/2026\/04\/03\/sette-hendelsene-i-rekkefolgen-for-eller-etter\/\",\"name\":\"sette hendelsene i rekkef\u00f8lgen \\\"F\u00f8r eller etter?\\\" - Nordnesrepublikken\",\"isPartOf\":{\"@id\":\"https:\/\/nordnesrepublikken.no\/#website\"},\"primaryImageOfPage\":{\"@id\":\"https:\/\/nordnesrepublikken.no\/index.php\/2026\/04\/03\/sette-hendelsene-i-rekkefolgen-for-eller-etter\/#primaryimage\"},\"image\":{\"@id\":\"https:\/\/nordnesrepublikken.no\/index.php\/2026\/04\/03\/sette-hendelsene-i-rekkefolgen-for-eller-etter\/#primaryimage\"},\"thumbnailUrl\":\"https:\/\/nordnesrepublikken.no\/wp-content\/uploads\/2026\/04\/1775252996_sette-hendelsene-i-rekkefolgen-For-eller-etter.jpg\",\"datePublished\":\"2026-04-03T21:49:54+00:00\",\"dateModified\":\"2026-04-03T21:49:56+00:00\",\"breadcrumb\":{\"@id\":\"https:\/\/nordnesrepublikken.no\/index.php\/2026\/04\/03\/sette-hendelsene-i-rekkefolgen-for-eller-etter\/#breadcrumb\"},\"inLanguage\":\"nb-NO\",\"potentialAction\":[{\"@type\":\"ReadAction\",\"target\":[\"https:\/\/nordnesrepublikken.no\/index.php\/2026\/04\/03\/sette-hendelsene-i-rekkefolgen-for-eller-etter\/\"]}]},{\"@type\":\"ImageObject\",\"inLanguage\":\"nb-NO\",\"@id\":\"https:\/\/nordnesrepublikken.no\/index.php\/2026\/04\/03\/sette-hendelsene-i-rekkefolgen-for-eller-etter\/#primaryimage\",\"url\":\"https:\/\/nordnesrepublikken.no\/wp-content\/uploads\/2026\/04\/1775252996_sette-hendelsene-i-rekkefolgen-For-eller-etter.jpg\",\"contentUrl\":\"https:\/\/nordnesrepublikken.no\/wp-content\/uploads\/2026\/04\/1775252996_sette-hendelsene-i-rekkefolgen-For-eller-etter.jpg\",\"width\":1280,\"height\":720,\"caption\":\"prima odopo-THUMBVIDEO-ORIZZONTALE copia 3\"},{\"@type\":\"BreadcrumbList\",\"@id\":\"https:\/\/nordnesrepublikken.no\/index.php\/2026\/04\/03\/sette-hendelsene-i-rekkefolgen-for-eller-etter\/#breadcrumb\",\"itemListElement\":[{\"@type\":\"ListItem\",\"position\":1,\"name\":\"Home\",\"item\":\"https:\/\/nordnesrepublikken.no\/\"},{\"@type\":\"ListItem\",\"position\":2,\"name\":\"sette hendelsene i rekkef\u00f8lgen &laquo;F\u00f8r eller etter?&raquo;\"}]},{\"@type\":\"WebSite\",\"@id\":\"https:\/\/nordnesrepublikken.no\/#website\",\"url\":\"https:\/\/nordnesrepublikken.no\/\",\"name\":\"Nordnesrepublikken\",\"description\":\"Stemmer og Visjoner fra Republikkens Hjerte\",\"publisher\":{\"@id\":\"https:\/\/nordnesrepublikken.no\/#organization\"},\"potentialAction\":[{\"@type\":\"SearchAction\",\"target\":{\"@type\":\"EntryPoint\",\"urlTemplate\":\"https:\/\/nordnesrepublikken.no\/?s={search_term_string}\"},\"query-input\":{\"@type\":\"PropertyValueSpecification\",\"valueRequired\":true,\"valueName\":\"search_term_string\"}}],\"inLanguage\":\"nb-NO\"},{\"@type\":\"Organization\",\"@id\":\"https:\/\/nordnesrepublikken.no\/#organization\",\"name\":\"Nordnesrepublikken\",\"url\":\"https:\/\/nordnesrepublikken.no\/\",\"logo\":{\"@type\":\"ImageObject\",\"inLanguage\":\"nb-NO\",\"@id\":\"https:\/\/nordnesrepublikken.no\/#\/schema\/logo\/image\/\",\"url\":\"https:\/\/nordnesrepublikken.no\/wp-content\/uploads\/2025\/02\/cropped-nordnesrepublikken-2.png\",\"contentUrl\":\"https:\/\/nordnesrepublikken.no\/wp-content\/uploads\/2025\/02\/cropped-nordnesrepublikken-2.png\",\"width\":1248,\"height\":362,\"caption\":\"Nordnesrepublikken\"},\"image\":{\"@id\":\"https:\/\/nordnesrepublikken.no\/#\/schema\/logo\/image\/\"}},{\"@type\":\"Person\",\"@id\":\"https:\/\/nordnesrepublikken.no\/#\/schema\/person\/2e7e81935bab77882fffb79296240ff1\",\"name\":\"Ole Andersen\",\"image\":{\"@type\":\"ImageObject\",\"inLanguage\":\"nb-NO\",\"@id\":\"https:\/\/nordnesrepublikken.no\/#\/schema\/person\/image\/\",\"url\":\"https:\/\/nordnesrepublikken.no\/wp-content\/uploads\/2025\/02\/nordnesrepublikken-2-2-150x150.jpg\",\"contentUrl\":\"https:\/\/nordnesrepublikken.no\/wp-content\/uploads\/2025\/02\/nordnesrepublikken-2-2-150x150.jpg\",\"caption\":\"Ole Andersen\"},\"description\":\"Ettersom jeg vokste opp i Oslo, har jeg alltid v\u00e6rt fascinert av ordenes kraft og deres evne til \u00e5 skape endringer. Etter \u00e5 ha fullf\u00f8rt min utdannelse i kommunikasjon ved Universitetet i Bergen, fikk jeg muligheten til \u00e5 jobbe innen ulike medier, der jeg har s\u00f8kt \u00e5 belyse viktige samfunnssp\u00f8rsm\u00e5l. I dag, som redakt\u00f8r for Nordnesrepublikken, pr\u00f8ver jeg \u00e5 forene min kj\u00e6rlighet for journalistikk med min lidenskap for innovasjon og eventyr.\",\"sameAs\":[\"https:\/\/nordnesrepublikken.no\/\"]}]}<\/script>\n<!-- \/ Yoast SEO plugin. -->","yoast_head_json":{"title":"sette hendelsene i rekkef\u00f8lgen \"F\u00f8r eller etter?\" - Nordnesrepublikken","robots":{"index":"index","follow":"follow","max-snippet":"max-snippet:-1","max-image-preview":"max-image-preview:large","max-video-preview":"max-video-preview:-1"},"canonical":"https:\/\/nordnesrepublikken.no\/index.php\/2026\/04\/03\/sette-hendelsene-i-rekkefolgen-for-eller-etter\/","og_locale":"nb_NO","og_type":"article","og_title":"sette hendelsene i rekkef\u00f8lgen \"F\u00f8r eller etter?\" - Nordnesrepublikken","og_description":"Du ser p\u00e5 F\u00f8r eller etter? Ikke g\u00e5 glipp av mer innhold fra Geopop Er","og_url":"https:\/\/nordnesrepublikken.no\/index.php\/2026\/04\/03\/sette-hendelsene-i-rekkefolgen-for-eller-etter\/","og_site_name":"Nordnesrepublikken","article_published_time":"2026-04-03T21:49:54+00:00","article_modified_time":"2026-04-03T21:49:56+00:00","og_image":[{"width":1280,"height":720,"url":"https:\/\/nordnesrepublikken.no\/wp-content\/uploads\/2026\/04\/1775252996_sette-hendelsene-i-rekkefolgen-For-eller-etter.jpg","type":"image\/jpeg"}],"author":"Ole Andersen","twitter_card":"summary_large_image","twitter_misc":{"Skrevet av":"Ole Andersen","Ansl. lesetid":"1 minutt"},"schema":{"@context":"https:\/\/schema.org","@graph":[{"@type":"Article","@id":"https:\/\/nordnesrepublikken.no\/index.php\/2026\/04\/03\/sette-hendelsene-i-rekkefolgen-for-eller-etter\/#article","isPartOf":{"@id":"https:\/\/nordnesrepublikken.no\/index.php\/2026\/04\/03\/sette-hendelsene-i-rekkefolgen-for-eller-etter\/"},"author":{"name":"Ole Andersen","@id":"https:\/\/nordnesrepublikken.no\/#\/schema\/person\/2e7e81935bab77882fffb79296240ff1"},"headline":"sette hendelsene i rekkef\u00f8lgen &laquo;F\u00f8r eller etter?&raquo;","datePublished":"2026-04-03T21:49:54+00:00","dateModified":"2026-04-03T21:49:56+00:00","mainEntityOfPage":{"@id":"https:\/\/nordnesrepublikken.no\/index.php\/2026\/04\/03\/sette-hendelsene-i-rekkefolgen-for-eller-etter\/"},"wordCount":232,"publisher":{"@id":"https:\/\/nordnesrepublikken.no\/#organization"},"image":{"@id":"https:\/\/nordnesrepublikken.no\/index.php\/2026\/04\/03\/sette-hendelsene-i-rekkefolgen-for-eller-etter\/#primaryimage"},"thumbnailUrl":"https:\/\/nordnesrepublikken.no\/wp-content\/uploads\/2026\/04\/1775252996_sette-hendelsene-i-rekkefolgen-For-eller-etter.jpg","keywords":["eller","Etter","f\u00f8r","hendelsene","rekkef\u00f8lgen","sette"],"articleSection":["Samfunn"],"inLanguage":"nb-NO"},{"@type":"WebPage","@id":"https:\/\/nordnesrepublikken.no\/index.php\/2026\/04\/03\/sette-hendelsene-i-rekkefolgen-for-eller-etter\/","url":"https:\/\/nordnesrepublikken.no\/index.php\/2026\/04\/03\/sette-hendelsene-i-rekkefolgen-for-eller-etter\/","name":"sette hendelsene i rekkef\u00f8lgen \"F\u00f8r eller etter?\" - Nordnesrepublikken","isPartOf":{"@id":"https:\/\/nordnesrepublikken.no\/#website"},"primaryImageOfPage":{"@id":"https:\/\/nordnesrepublikken.no\/index.php\/2026\/04\/03\/sette-hendelsene-i-rekkefolgen-for-eller-etter\/#primaryimage"},"image":{"@id":"https:\/\/nordnesrepublikken.no\/index.php\/2026\/04\/03\/sette-hendelsene-i-rekkefolgen-for-eller-etter\/#primaryimage"},"thumbnailUrl":"https:\/\/nordnesrepublikken.no\/wp-content\/uploads\/2026\/04\/1775252996_sette-hendelsene-i-rekkefolgen-For-eller-etter.jpg","datePublished":"2026-04-03T21:49:54+00:00","dateModified":"2026-04-03T21:49:56+00:00","breadcrumb":{"@id":"https:\/\/nordnesrepublikken.no\/index.php\/2026\/04\/03\/sette-hendelsene-i-rekkefolgen-for-eller-etter\/#breadcrumb"},"inLanguage":"nb-NO","potentialAction":[{"@type":"ReadAction","target":["https:\/\/nordnesrepublikken.no\/index.php\/2026\/04\/03\/sette-hendelsene-i-rekkefolgen-for-eller-etter\/"]}]},{"@type":"ImageObject","inLanguage":"nb-NO","@id":"https:\/\/nordnesrepublikken.no\/index.php\/2026\/04\/03\/sette-hendelsene-i-rekkefolgen-for-eller-etter\/#primaryimage","url":"https:\/\/nordnesrepublikken.no\/wp-content\/uploads\/2026\/04\/1775252996_sette-hendelsene-i-rekkefolgen-For-eller-etter.jpg","contentUrl":"https:\/\/nordnesrepublikken.no\/wp-content\/uploads\/2026\/04\/1775252996_sette-hendelsene-i-rekkefolgen-For-eller-etter.jpg","width":1280,"height":720,"caption":"prima odopo-THUMBVIDEO-ORIZZONTALE copia 3"},{"@type":"BreadcrumbList","@id":"https:\/\/nordnesrepublikken.no\/index.php\/2026\/04\/03\/sette-hendelsene-i-rekkefolgen-for-eller-etter\/#breadcrumb","itemListElement":[{"@type":"ListItem","position":1,"name":"Home","item":"https:\/\/nordnesrepublikken.no\/"},{"@type":"ListItem","position":2,"name":"sette hendelsene i rekkef\u00f8lgen &laquo;F\u00f8r eller etter?&raquo;"}]},{"@type":"WebSite","@id":"https:\/\/nordnesrepublikken.no\/#website","url":"https:\/\/nordnesrepublikken.no\/","name":"Nordnesrepublikken","description":"Stemmer og Visjoner fra Republikkens Hjerte","publisher":{"@id":"https:\/\/nordnesrepublikken.no\/#organization"},"potentialAction":[{"@type":"SearchAction","target":{"@type":"EntryPoint","urlTemplate":"https:\/\/nordnesrepublikken.no\/?s={search_term_string}"},"query-input":{"@type":"PropertyValueSpecification","valueRequired":true,"valueName":"search_term_string"}}],"inLanguage":"nb-NO"},{"@type":"Organization","@id":"https:\/\/nordnesrepublikken.no\/#organization","name":"Nordnesrepublikken","url":"https:\/\/nordnesrepublikken.no\/","logo":{"@type":"ImageObject","inLanguage":"nb-NO","@id":"https:\/\/nordnesrepublikken.no\/#\/schema\/logo\/image\/","url":"https:\/\/nordnesrepublikken.no\/wp-content\/uploads\/2025\/02\/cropped-nordnesrepublikken-2.png","contentUrl":"https:\/\/nordnesrepublikken.no\/wp-content\/uploads\/2025\/02\/cropped-nordnesrepublikken-2.png","width":1248,"height":362,"caption":"Nordnesrepublikken"},"image":{"@id":"https:\/\/nordnesrepublikken.no\/#\/schema\/logo\/image\/"}},{"@type":"Person","@id":"https:\/\/nordnesrepublikken.no\/#\/schema\/person\/2e7e81935bab77882fffb79296240ff1","name":"Ole Andersen","image":{"@type":"ImageObject","inLanguage":"nb-NO","@id":"https:\/\/nordnesrepublikken.no\/#\/schema\/person\/image\/","url":"https:\/\/nordnesrepublikken.no\/wp-content\/uploads\/2025\/02\/nordnesrepublikken-2-2-150x150.jpg","contentUrl":"https:\/\/nordnesrepublikken.no\/wp-content\/uploads\/2025\/02\/nordnesrepublikken-2-2-150x150.jpg","caption":"Ole Andersen"},"description":"Ettersom jeg vokste opp i Oslo, har jeg alltid v\u00e6rt fascinert av ordenes kraft og deres evne til \u00e5 skape endringer. Etter \u00e5 ha fullf\u00f8rt min utdannelse i kommunikasjon ved Universitetet i Bergen, fikk jeg muligheten til \u00e5 jobbe innen ulike medier, der jeg har s\u00f8kt \u00e5 belyse viktige samfunnssp\u00f8rsm\u00e5l. I dag, som redakt\u00f8r for Nordnesrepublikken, pr\u00f8ver jeg \u00e5 forene min kj\u00e6rlighet for journalistikk med min lidenskap for innovasjon og eventyr.","sameAs":["https:\/\/nordnesrepublikken.no\/"]}]}},"_links":{"self":[{"href":"https:\/\/nordnesrepublikken.no\/index.php\/wp-json\/wp\/v2\/posts\/16573","targetHints":{"allow":["GET"]}}],"collection":[{"href":"https:\/\/nordnesrepublikken.no\/index.php\/wp-json\/wp\/v2\/posts"}],"about":[{"href":"https:\/\/nordnesrepublikken.no\/index.php\/wp-json\/wp\/v2\/types\/post"}],"author":[{"embeddable":true,"href":"https:\/\/nordnesrepublikken.no\/index.php\/wp-json\/wp\/v2\/users\/1"}],"replies":[{"embeddable":true,"href":"https:\/\/nordnesrepublikken.no\/index.php\/wp-json\/wp\/v2\/comments?post=16573"}],"version-history":[{"count":1,"href":"https:\/\/nordnesrepublikken.no\/index.php\/wp-json\/wp\/v2\/posts\/16573\/revisions"}],"predecessor-version":[{"id":16575,"href":"https:\/\/nordnesrepublikken.no\/index.php\/wp-json\/wp\/v2\/posts\/16573\/revisions\/16575"}],"wp:featuredmedia":[{"embeddable":true,"href":"https:\/\/nordnesrepublikken.no\/index.php\/wp-json\/wp\/v2\/media\/16574"}],"wp:attachment":[{"href":"https:\/\/nordnesrepublikken.no\/index.php\/wp-json\/wp\/v2\/media?parent=16573"}],"wp:term":[{"taxonomy":"category","embeddable":true,"href":"https:\/\/nordnesrepublikken.no\/index.php\/wp-json\/wp\/v2\/categories?post=16573"},{"taxonomy":"post_tag","embeddable":true,"href":"https:\/\/nordnesrepublikken.no\/index.php\/wp-json\/wp\/v2\/tags?post=16573"}],"curies":[{"name":"wp","href":"https:\/\/api.w.org\/{rel}","templated":true}]}}