{"id":16570,"date":"2026-04-03T22:50:02","date_gmt":"2026-04-03T20:50:02","guid":{"rendered":"https:\/\/nordnesrepublikken.no\/index.php\/2026\/04\/03\/artemis-ii-astronauter-begynner-pa-en-historisk-reise-til-manen\/"},"modified":"2026-04-03T22:50:03","modified_gmt":"2026-04-03T20:50:03","slug":"artemis-ii-astronauter-begynner-pa-en-historisk-reise-til-manen","status":"publish","type":"post","link":"https:\/\/nordnesrepublikken.no\/index.php\/2026\/04\/03\/artemis-ii-astronauter-begynner-pa-en-historisk-reise-til-manen\/","title":{"rendered":"Artemis II-astronauter begynner p\u00e5 en historisk reise til m\u00e5nen"},"content":{"rendered":"<p><\/p>\n<div class=\"wordpress-content\">\n                    <!-- Article Start --><\/p>\n<p><span style=\"font-weight: 400\">For f\u00f8rste gang p\u00e5 mer enn 50 \u00e5r har NASA gitt de fire Artemis II-astronautene (tre amerikanere og en kanadier) klarsignal til \u00e5 begynne reisen til m\u00e5nen etter \u00e5 ha tilbrakt 25 timer i jordens bane. NASAs flydirekt\u00f8r Jeff Radigan fortalte astronautene at oppdragsledelsen hadde godkjent \u00e5 fyre opp motoren til kapselen deres for \u00e5 sende romfart\u00f8yet p\u00e5 sin reise mot m\u00e5nen. Astronautene p\u00e5 mannskapet har som m\u00e5l \u00e5 bli de f\u00f8rste menneskene som g\u00e5r i bane rundt m\u00e5nen p\u00e5 mer enn fem ti\u00e5r.<\/span><\/p>\n<h2>Den historiske oppturen som sendte mennesker den lengste avstanden noensinne har reist i verdensrommet<\/h2>\n<p><span style=\"font-weight: 400\">De <em>Orion<\/em>romfart\u00f8yet astronautene er p\u00e5, fullf\u00f8rte sin historiske opptur onsdag 1. april fra Kennedy Space Center i Florida. Titusenvis av mennesker samlet seg for \u00e5 se den historiske begivenheten.<\/span><\/p>\n<p><span style=\"font-weight: 400\">Siden den gang har de fire modige astronautene \u2013 amerikanerne Reid Wiseman, Victor Glover og Christina Koch, og kanadiske Jeremy Hansen \u2013 holdt seg stabile i jordens bane. Etter omtrent tre og en halv time med hvile etter utskytingen for oppdagelsesreisende, instruerte oppdragskontrollen astronautene om \u00e5 forberede seg p\u00e5 \u00e5 skyte <em>Orion<\/em>&#8216;s motorer i ett minutts &laquo;brenning&raquo;, for \u00e5 justere banebanen enda h\u00f8yere over jorden.<\/span><\/p>\n<div class=\"sra_unit\"><link rel=\"stylesheet\" id=\"block-sra\" href=\"https:\/\/euroweeklynews.com\/wp-content\/plugins\/snack-related-articles\/dist\/css\/snack-related.min.css?250312-193541\" type=\"text\/css\" media=\"all\">\n<\/div>\n<p><span style=\"font-weight: 400\">Astronautene var i en stabil bane frem til klokken 01.00 BST, eller klokken 02.00 CEST fredag \u200b\u200b3. april, da den andre planlagte brenningen, som varte i 5 minutter og 49 sekunder, sendte astronautene dypere ut i verdensrommet og raketter mot m\u00e5nen.<\/span><\/p>\n<h2>Bruker m\u00e5nens tyngdekraft til \u00e5 drive astronautene hjem igjen<\/h2>\n<p><span style=\"font-weight: 400\">Disse astronautene er p\u00e5 det som kalles &laquo;fri-retur&raquo;-banen, som bruker m\u00e5nens tyngdekraft til \u00e5 slynge rundt den f\u00f8r de drar tilbake mot jorden, uten \u00e5 m\u00e5tte bruke fremdrift fra <em>Orion<\/em>. Under oppdraget vil mannskapet g\u00e5 rundt baksiden av m\u00e5nen, og bli de fire personene som reiser lengst fra jorden i historien.<\/span><\/p>\n<p><span style=\"font-weight: 400\">&laquo;Mine damer og herrer, jeg er s\u00e5, s\u00e5 glad for \u00e5 kunne fortelle dere at for f\u00f8rste gang siden 1972 under Apollo 17 har mennesker forlatt jordens bane,&raquo; sa Dr Lori Glaze, assisterende assisterende administrator for NASAs Exploration Systems Development Mission Directorate.<\/span><\/p>\n<p><span style=\"font-weight: 400\">&laquo;Fra dette tidspunktet kommer lovene til orbitalmekanikk til \u00e5 b\u00e6re mannskapet v\u00e5rt til M\u00e5nen, rundt p\u00e5 den andre siden og tilbake til Jorden.&raquo;<\/span><\/p>\n<h2>Sl\u00e5r rekorder p\u00e5 <em>Orion<\/em><\/h2>\n<p><span style=\"font-weight: 400\">Reisen til m\u00e5nen er beregnet til \u00e5 ta tre dager. If\u00f8lge NASA overv\u00e5ker flygeledere n\u00f8ye motorytelsen, veiledning og navigasjonsdata gjennom Artemis II-oppdraget, for \u00e5 sikre <em>Orion<\/em> &laquo;forblir n\u00f8yaktig innrettet for utreisen.&raquo;<\/span><\/p>\n<p><span style=\"font-weight: 400\">Artemis II forventes \u00e5 bryte rekorden for avstand tilbakelagt fra jorden, for tiden 400 171 kilometer, som ble satt i 1970 av Apollo 13-mannskapet. Artemis II-oppdraget vil g\u00e5 mye h\u00f8yere, i en h\u00f8yde p\u00e5 mellom 6500 og 9600 kilometer over m\u00e5nen.<\/span><\/p>\n<h2>Mindre problemer oppdaget p\u00e5 oppdraget s\u00e5 langt<\/h2>\n<p><span style=\"font-weight: 400\">Selv om det har v\u00e6rt en vellykket lansering og reise s\u00e5 langt, har ikke Artemis II-oppdraget v\u00e6rt uten hikke. NASA har rapportert et midlertidig kommunikasjonsproblem. I tillegg rapporterte astronautene at kabinen var litt kald, og det var et blinkende feillys med toalettet ombord som mannskapet la merke til kort tid etter oppskyting.<\/span><\/p>\n<p><span style=\"font-weight: 400\">I det usannsynlige tilfellet av en st\u00f8rre n\u00f8dssituasjon, inkludert trykkavlastning eller lekkasje i kabinen, har astronautene p\u00e5 seg drakter som ogs\u00e5 fungerer som &laquo;overlevelsessystemer&raquo;, som er designet for \u00e5 opprettholde oksygen, temperaturkontroll og riktig trykk i opptil seks dager.<\/span><\/p>\n<p><span style=\"font-weight: 400\">Til tross for den kj\u00f8lige hytta og mindre hindringer, er mannskapet begeistret og sa at de var &laquo;limt til vinduet&raquo; da de forlot jorden, og sa at utsikten var &laquo;fenomenal&raquo;.<\/span><\/p>\n<h2>NASA planlegger \u00e5 sette mennesker p\u00e5 m\u00e5nen innen ti\u00e5rets slutt<\/h2>\n<p><span style=\"font-weight: 400\">Hele oppdraget er planlagt \u00e5 foreg\u00e5 over 10 dager. Det er en demonstrasjon av NASAs m\u00e5l om \u00e5 lande mennesker tilbake p\u00e5 m\u00e5nen en gang dette ti\u00e5ret (2028), samt etablere en permanent base p\u00e5 m\u00e5nens overflate som kan opprettholde mennesker i en lengre periode, samt tilby en plattform for videre romutforskning og oppdagelse.<\/span><\/p>\n<p><span style=\"font-weight: 400\">Artemis II-oppdraget er ogs\u00e5 en del av NASAs plan om \u00e5 konkurrere med Kina, som har som m\u00e5l \u00e5 lande mennesker p\u00e5 m\u00e5nen innen 2030.<\/span><\/p>\n<p>                    <!-- Originally published at https:\/\/euroweeklynews.com\/2026\/04\/03\/artemis-ii-astronauts-begin-historic-journey-to-the-moon\/ on 03 Apr 2026 at 10:54 by Natascha Rivera --><br \/>\n                    <!-- Article End -->\n                <\/div>\n","protected":false},"excerpt":{"rendered":"<p>For f\u00f8rste gang p\u00e5 mer enn 50 \u00e5r har NASA gitt de fire Artemis II-astronautene<\/p>\n","protected":false},"author":1,"featured_media":16571,"comment_status":"closed","ping_status":"open","sticky":false,"template":"","format":"standard","meta":{"footnotes":""},"categories":[105],"tags":[10721,6446,3172,10732,1020,81,169,117],"class_list":["post-16570","post","type-post","status-publish","format-standard","has-post-thumbnail","hentry","category-livsstil","tag-artemis","tag-begynner","tag-historisk","tag-iiastronauter","tag-manen","tag-pa","tag-reise","tag-til","generate-columns","tablet-grid-50","mobile-grid-100","grid-parent","grid-33","resize-featured-image"],"yoast_head":"<!-- This site is optimized with the Yoast SEO plugin v24.4 - https:\/\/yoast.com\/wordpress\/plugins\/seo\/ -->\n<title>Artemis II-astronauter begynner p\u00e5 en historisk reise til m\u00e5nen - Nordnesrepublikken<\/title>\n<meta name=\"robots\" content=\"index, follow, max-snippet:-1, max-image-preview:large, max-video-preview:-1\" \/>\n<link rel=\"canonical\" href=\"https:\/\/nordnesrepublikken.no\/index.php\/2026\/04\/03\/artemis-ii-astronauter-begynner-pa-en-historisk-reise-til-manen\/\" \/>\n<meta property=\"og:locale\" content=\"nb_NO\" \/>\n<meta property=\"og:type\" content=\"article\" \/>\n<meta property=\"og:title\" content=\"Artemis II-astronauter begynner p\u00e5 en historisk reise til m\u00e5nen - Nordnesrepublikken\" \/>\n<meta property=\"og:description\" content=\"For f\u00f8rste gang p\u00e5 mer enn 50 \u00e5r har NASA gitt de fire Artemis II-astronautene\" \/>\n<meta property=\"og:url\" content=\"https:\/\/nordnesrepublikken.no\/index.php\/2026\/04\/03\/artemis-ii-astronauter-begynner-pa-en-historisk-reise-til-manen\/\" \/>\n<meta property=\"og:site_name\" content=\"Nordnesrepublikken\" \/>\n<meta property=\"article:published_time\" content=\"2026-04-03T20:50:02+00:00\" \/>\n<meta property=\"article:modified_time\" content=\"2026-04-03T20:50:03+00:00\" \/>\n<meta property=\"og:image\" content=\"https:\/\/nordnesrepublikken.no\/wp-content\/uploads\/2026\/04\/1775249403_Artemis-II-astronauter-begynner-pa-en-historisk-reise-til-manen.jpg\" \/>\n\t<meta property=\"og:image:width\" content=\"1200\" \/>\n\t<meta property=\"og:image:height\" content=\"667\" \/>\n\t<meta property=\"og:image:type\" content=\"image\/jpeg\" \/>\n<meta name=\"author\" content=\"Ole Andersen\" \/>\n<meta name=\"twitter:card\" content=\"summary_large_image\" \/>\n<meta name=\"twitter:label1\" content=\"Skrevet av\" \/>\n\t<meta name=\"twitter:data1\" content=\"Ole Andersen\" \/>\n\t<meta name=\"twitter:label2\" content=\"Ansl. lesetid\" \/>\n\t<meta name=\"twitter:data2\" content=\"3 minutter\" \/>\n<script type=\"application\/ld+json\" class=\"yoast-schema-graph\">{\"@context\":\"https:\/\/schema.org\",\"@graph\":[{\"@type\":\"Article\",\"@id\":\"https:\/\/nordnesrepublikken.no\/index.php\/2026\/04\/03\/artemis-ii-astronauter-begynner-pa-en-historisk-reise-til-manen\/#article\",\"isPartOf\":{\"@id\":\"https:\/\/nordnesrepublikken.no\/index.php\/2026\/04\/03\/artemis-ii-astronauter-begynner-pa-en-historisk-reise-til-manen\/\"},\"author\":{\"name\":\"Ole Andersen\",\"@id\":\"https:\/\/nordnesrepublikken.no\/#\/schema\/person\/2e7e81935bab77882fffb79296240ff1\"},\"headline\":\"Artemis II-astronauter begynner p\u00e5 en historisk reise til m\u00e5nen\",\"datePublished\":\"2026-04-03T20:50:02+00:00\",\"dateModified\":\"2026-04-03T20:50:03+00:00\",\"mainEntityOfPage\":{\"@id\":\"https:\/\/nordnesrepublikken.no\/index.php\/2026\/04\/03\/artemis-ii-astronauter-begynner-pa-en-historisk-reise-til-manen\/\"},\"wordCount\":664,\"publisher\":{\"@id\":\"https:\/\/nordnesrepublikken.no\/#organization\"},\"image\":{\"@id\":\"https:\/\/nordnesrepublikken.no\/index.php\/2026\/04\/03\/artemis-ii-astronauter-begynner-pa-en-historisk-reise-til-manen\/#primaryimage\"},\"thumbnailUrl\":\"https:\/\/nordnesrepublikken.no\/wp-content\/uploads\/2026\/04\/1775249403_Artemis-II-astronauter-begynner-pa-en-historisk-reise-til-manen.jpg\",\"keywords\":[\"Artemis\",\"begynner\",\"historisk\",\"IIastronauter\",\"m\u00e5nen\",\"p\u00e5\",\"reise\",\"til\"],\"articleSection\":[\"Livsstil\"],\"inLanguage\":\"nb-NO\"},{\"@type\":\"WebPage\",\"@id\":\"https:\/\/nordnesrepublikken.no\/index.php\/2026\/04\/03\/artemis-ii-astronauter-begynner-pa-en-historisk-reise-til-manen\/\",\"url\":\"https:\/\/nordnesrepublikken.no\/index.php\/2026\/04\/03\/artemis-ii-astronauter-begynner-pa-en-historisk-reise-til-manen\/\",\"name\":\"Artemis II-astronauter begynner p\u00e5 en historisk reise til m\u00e5nen - Nordnesrepublikken\",\"isPartOf\":{\"@id\":\"https:\/\/nordnesrepublikken.no\/#website\"},\"primaryImageOfPage\":{\"@id\":\"https:\/\/nordnesrepublikken.no\/index.php\/2026\/04\/03\/artemis-ii-astronauter-begynner-pa-en-historisk-reise-til-manen\/#primaryimage\"},\"image\":{\"@id\":\"https:\/\/nordnesrepublikken.no\/index.php\/2026\/04\/03\/artemis-ii-astronauter-begynner-pa-en-historisk-reise-til-manen\/#primaryimage\"},\"thumbnailUrl\":\"https:\/\/nordnesrepublikken.no\/wp-content\/uploads\/2026\/04\/1775249403_Artemis-II-astronauter-begynner-pa-en-historisk-reise-til-manen.jpg\",\"datePublished\":\"2026-04-03T20:50:02+00:00\",\"dateModified\":\"2026-04-03T20:50:03+00:00\",\"breadcrumb\":{\"@id\":\"https:\/\/nordnesrepublikken.no\/index.php\/2026\/04\/03\/artemis-ii-astronauter-begynner-pa-en-historisk-reise-til-manen\/#breadcrumb\"},\"inLanguage\":\"nb-NO\",\"potentialAction\":[{\"@type\":\"ReadAction\",\"target\":[\"https:\/\/nordnesrepublikken.no\/index.php\/2026\/04\/03\/artemis-ii-astronauter-begynner-pa-en-historisk-reise-til-manen\/\"]}]},{\"@type\":\"ImageObject\",\"inLanguage\":\"nb-NO\",\"@id\":\"https:\/\/nordnesrepublikken.no\/index.php\/2026\/04\/03\/artemis-ii-astronauter-begynner-pa-en-historisk-reise-til-manen\/#primaryimage\",\"url\":\"https:\/\/nordnesrepublikken.no\/wp-content\/uploads\/2026\/04\/1775249403_Artemis-II-astronauter-begynner-pa-en-historisk-reise-til-manen.jpg\",\"contentUrl\":\"https:\/\/nordnesrepublikken.no\/wp-content\/uploads\/2026\/04\/1775249403_Artemis-II-astronauter-begynner-pa-en-historisk-reise-til-manen.jpg\",\"width\":1200,\"height\":667,\"caption\":\"Artemis II-astronauter begynner p\u00e5 en historisk reise til m\u00e5nen\"},{\"@type\":\"BreadcrumbList\",\"@id\":\"https:\/\/nordnesrepublikken.no\/index.php\/2026\/04\/03\/artemis-ii-astronauter-begynner-pa-en-historisk-reise-til-manen\/#breadcrumb\",\"itemListElement\":[{\"@type\":\"ListItem\",\"position\":1,\"name\":\"Home\",\"item\":\"https:\/\/nordnesrepublikken.no\/\"},{\"@type\":\"ListItem\",\"position\":2,\"name\":\"Artemis II-astronauter begynner p\u00e5 en historisk reise til m\u00e5nen\"}]},{\"@type\":\"WebSite\",\"@id\":\"https:\/\/nordnesrepublikken.no\/#website\",\"url\":\"https:\/\/nordnesrepublikken.no\/\",\"name\":\"Nordnesrepublikken\",\"description\":\"Stemmer og Visjoner fra Republikkens Hjerte\",\"publisher\":{\"@id\":\"https:\/\/nordnesrepublikken.no\/#organization\"},\"potentialAction\":[{\"@type\":\"SearchAction\",\"target\":{\"@type\":\"EntryPoint\",\"urlTemplate\":\"https:\/\/nordnesrepublikken.no\/?s={search_term_string}\"},\"query-input\":{\"@type\":\"PropertyValueSpecification\",\"valueRequired\":true,\"valueName\":\"search_term_string\"}}],\"inLanguage\":\"nb-NO\"},{\"@type\":\"Organization\",\"@id\":\"https:\/\/nordnesrepublikken.no\/#organization\",\"name\":\"Nordnesrepublikken\",\"url\":\"https:\/\/nordnesrepublikken.no\/\",\"logo\":{\"@type\":\"ImageObject\",\"inLanguage\":\"nb-NO\",\"@id\":\"https:\/\/nordnesrepublikken.no\/#\/schema\/logo\/image\/\",\"url\":\"https:\/\/nordnesrepublikken.no\/wp-content\/uploads\/2025\/02\/cropped-nordnesrepublikken-2.png\",\"contentUrl\":\"https:\/\/nordnesrepublikken.no\/wp-content\/uploads\/2025\/02\/cropped-nordnesrepublikken-2.png\",\"width\":1248,\"height\":362,\"caption\":\"Nordnesrepublikken\"},\"image\":{\"@id\":\"https:\/\/nordnesrepublikken.no\/#\/schema\/logo\/image\/\"}},{\"@type\":\"Person\",\"@id\":\"https:\/\/nordnesrepublikken.no\/#\/schema\/person\/2e7e81935bab77882fffb79296240ff1\",\"name\":\"Ole Andersen\",\"image\":{\"@type\":\"ImageObject\",\"inLanguage\":\"nb-NO\",\"@id\":\"https:\/\/nordnesrepublikken.no\/#\/schema\/person\/image\/\",\"url\":\"https:\/\/nordnesrepublikken.no\/wp-content\/uploads\/2025\/02\/nordnesrepublikken-2-2-150x150.jpg\",\"contentUrl\":\"https:\/\/nordnesrepublikken.no\/wp-content\/uploads\/2025\/02\/nordnesrepublikken-2-2-150x150.jpg\",\"caption\":\"Ole Andersen\"},\"description\":\"Ettersom jeg vokste opp i Oslo, har jeg alltid v\u00e6rt fascinert av ordenes kraft og deres evne til \u00e5 skape endringer. Etter \u00e5 ha fullf\u00f8rt min utdannelse i kommunikasjon ved Universitetet i Bergen, fikk jeg muligheten til \u00e5 jobbe innen ulike medier, der jeg har s\u00f8kt \u00e5 belyse viktige samfunnssp\u00f8rsm\u00e5l. I dag, som redakt\u00f8r for Nordnesrepublikken, pr\u00f8ver jeg \u00e5 forene min kj\u00e6rlighet for journalistikk med min lidenskap for innovasjon og eventyr.\",\"sameAs\":[\"https:\/\/nordnesrepublikken.no\/\"]}]}<\/script>\n<!-- \/ Yoast SEO plugin. -->","yoast_head_json":{"title":"Artemis II-astronauter begynner p\u00e5 en historisk reise til m\u00e5nen - Nordnesrepublikken","robots":{"index":"index","follow":"follow","max-snippet":"max-snippet:-1","max-image-preview":"max-image-preview:large","max-video-preview":"max-video-preview:-1"},"canonical":"https:\/\/nordnesrepublikken.no\/index.php\/2026\/04\/03\/artemis-ii-astronauter-begynner-pa-en-historisk-reise-til-manen\/","og_locale":"nb_NO","og_type":"article","og_title":"Artemis II-astronauter begynner p\u00e5 en historisk reise til m\u00e5nen - Nordnesrepublikken","og_description":"For f\u00f8rste gang p\u00e5 mer enn 50 \u00e5r har NASA gitt de fire Artemis II-astronautene","og_url":"https:\/\/nordnesrepublikken.no\/index.php\/2026\/04\/03\/artemis-ii-astronauter-begynner-pa-en-historisk-reise-til-manen\/","og_site_name":"Nordnesrepublikken","article_published_time":"2026-04-03T20:50:02+00:00","article_modified_time":"2026-04-03T20:50:03+00:00","og_image":[{"width":1200,"height":667,"url":"https:\/\/nordnesrepublikken.no\/wp-content\/uploads\/2026\/04\/1775249403_Artemis-II-astronauter-begynner-pa-en-historisk-reise-til-manen.jpg","type":"image\/jpeg"}],"author":"Ole Andersen","twitter_card":"summary_large_image","twitter_misc":{"Skrevet av":"Ole Andersen","Ansl. lesetid":"3 minutter"},"schema":{"@context":"https:\/\/schema.org","@graph":[{"@type":"Article","@id":"https:\/\/nordnesrepublikken.no\/index.php\/2026\/04\/03\/artemis-ii-astronauter-begynner-pa-en-historisk-reise-til-manen\/#article","isPartOf":{"@id":"https:\/\/nordnesrepublikken.no\/index.php\/2026\/04\/03\/artemis-ii-astronauter-begynner-pa-en-historisk-reise-til-manen\/"},"author":{"name":"Ole Andersen","@id":"https:\/\/nordnesrepublikken.no\/#\/schema\/person\/2e7e81935bab77882fffb79296240ff1"},"headline":"Artemis II-astronauter begynner p\u00e5 en historisk reise til m\u00e5nen","datePublished":"2026-04-03T20:50:02+00:00","dateModified":"2026-04-03T20:50:03+00:00","mainEntityOfPage":{"@id":"https:\/\/nordnesrepublikken.no\/index.php\/2026\/04\/03\/artemis-ii-astronauter-begynner-pa-en-historisk-reise-til-manen\/"},"wordCount":664,"publisher":{"@id":"https:\/\/nordnesrepublikken.no\/#organization"},"image":{"@id":"https:\/\/nordnesrepublikken.no\/index.php\/2026\/04\/03\/artemis-ii-astronauter-begynner-pa-en-historisk-reise-til-manen\/#primaryimage"},"thumbnailUrl":"https:\/\/nordnesrepublikken.no\/wp-content\/uploads\/2026\/04\/1775249403_Artemis-II-astronauter-begynner-pa-en-historisk-reise-til-manen.jpg","keywords":["Artemis","begynner","historisk","IIastronauter","m\u00e5nen","p\u00e5","reise","til"],"articleSection":["Livsstil"],"inLanguage":"nb-NO"},{"@type":"WebPage","@id":"https:\/\/nordnesrepublikken.no\/index.php\/2026\/04\/03\/artemis-ii-astronauter-begynner-pa-en-historisk-reise-til-manen\/","url":"https:\/\/nordnesrepublikken.no\/index.php\/2026\/04\/03\/artemis-ii-astronauter-begynner-pa-en-historisk-reise-til-manen\/","name":"Artemis II-astronauter begynner p\u00e5 en historisk reise til m\u00e5nen - Nordnesrepublikken","isPartOf":{"@id":"https:\/\/nordnesrepublikken.no\/#website"},"primaryImageOfPage":{"@id":"https:\/\/nordnesrepublikken.no\/index.php\/2026\/04\/03\/artemis-ii-astronauter-begynner-pa-en-historisk-reise-til-manen\/#primaryimage"},"image":{"@id":"https:\/\/nordnesrepublikken.no\/index.php\/2026\/04\/03\/artemis-ii-astronauter-begynner-pa-en-historisk-reise-til-manen\/#primaryimage"},"thumbnailUrl":"https:\/\/nordnesrepublikken.no\/wp-content\/uploads\/2026\/04\/1775249403_Artemis-II-astronauter-begynner-pa-en-historisk-reise-til-manen.jpg","datePublished":"2026-04-03T20:50:02+00:00","dateModified":"2026-04-03T20:50:03+00:00","breadcrumb":{"@id":"https:\/\/nordnesrepublikken.no\/index.php\/2026\/04\/03\/artemis-ii-astronauter-begynner-pa-en-historisk-reise-til-manen\/#breadcrumb"},"inLanguage":"nb-NO","potentialAction":[{"@type":"ReadAction","target":["https:\/\/nordnesrepublikken.no\/index.php\/2026\/04\/03\/artemis-ii-astronauter-begynner-pa-en-historisk-reise-til-manen\/"]}]},{"@type":"ImageObject","inLanguage":"nb-NO","@id":"https:\/\/nordnesrepublikken.no\/index.php\/2026\/04\/03\/artemis-ii-astronauter-begynner-pa-en-historisk-reise-til-manen\/#primaryimage","url":"https:\/\/nordnesrepublikken.no\/wp-content\/uploads\/2026\/04\/1775249403_Artemis-II-astronauter-begynner-pa-en-historisk-reise-til-manen.jpg","contentUrl":"https:\/\/nordnesrepublikken.no\/wp-content\/uploads\/2026\/04\/1775249403_Artemis-II-astronauter-begynner-pa-en-historisk-reise-til-manen.jpg","width":1200,"height":667,"caption":"Artemis II-astronauter begynner p\u00e5 en historisk reise til m\u00e5nen"},{"@type":"BreadcrumbList","@id":"https:\/\/nordnesrepublikken.no\/index.php\/2026\/04\/03\/artemis-ii-astronauter-begynner-pa-en-historisk-reise-til-manen\/#breadcrumb","itemListElement":[{"@type":"ListItem","position":1,"name":"Home","item":"https:\/\/nordnesrepublikken.no\/"},{"@type":"ListItem","position":2,"name":"Artemis II-astronauter begynner p\u00e5 en historisk reise til m\u00e5nen"}]},{"@type":"WebSite","@id":"https:\/\/nordnesrepublikken.no\/#website","url":"https:\/\/nordnesrepublikken.no\/","name":"Nordnesrepublikken","description":"Stemmer og Visjoner fra Republikkens Hjerte","publisher":{"@id":"https:\/\/nordnesrepublikken.no\/#organization"},"potentialAction":[{"@type":"SearchAction","target":{"@type":"EntryPoint","urlTemplate":"https:\/\/nordnesrepublikken.no\/?s={search_term_string}"},"query-input":{"@type":"PropertyValueSpecification","valueRequired":true,"valueName":"search_term_string"}}],"inLanguage":"nb-NO"},{"@type":"Organization","@id":"https:\/\/nordnesrepublikken.no\/#organization","name":"Nordnesrepublikken","url":"https:\/\/nordnesrepublikken.no\/","logo":{"@type":"ImageObject","inLanguage":"nb-NO","@id":"https:\/\/nordnesrepublikken.no\/#\/schema\/logo\/image\/","url":"https:\/\/nordnesrepublikken.no\/wp-content\/uploads\/2025\/02\/cropped-nordnesrepublikken-2.png","contentUrl":"https:\/\/nordnesrepublikken.no\/wp-content\/uploads\/2025\/02\/cropped-nordnesrepublikken-2.png","width":1248,"height":362,"caption":"Nordnesrepublikken"},"image":{"@id":"https:\/\/nordnesrepublikken.no\/#\/schema\/logo\/image\/"}},{"@type":"Person","@id":"https:\/\/nordnesrepublikken.no\/#\/schema\/person\/2e7e81935bab77882fffb79296240ff1","name":"Ole Andersen","image":{"@type":"ImageObject","inLanguage":"nb-NO","@id":"https:\/\/nordnesrepublikken.no\/#\/schema\/person\/image\/","url":"https:\/\/nordnesrepublikken.no\/wp-content\/uploads\/2025\/02\/nordnesrepublikken-2-2-150x150.jpg","contentUrl":"https:\/\/nordnesrepublikken.no\/wp-content\/uploads\/2025\/02\/nordnesrepublikken-2-2-150x150.jpg","caption":"Ole Andersen"},"description":"Ettersom jeg vokste opp i Oslo, har jeg alltid v\u00e6rt fascinert av ordenes kraft og deres evne til \u00e5 skape endringer. Etter \u00e5 ha fullf\u00f8rt min utdannelse i kommunikasjon ved Universitetet i Bergen, fikk jeg muligheten til \u00e5 jobbe innen ulike medier, der jeg har s\u00f8kt \u00e5 belyse viktige samfunnssp\u00f8rsm\u00e5l. I dag, som redakt\u00f8r for Nordnesrepublikken, pr\u00f8ver jeg \u00e5 forene min kj\u00e6rlighet for journalistikk med min lidenskap for innovasjon og eventyr.","sameAs":["https:\/\/nordnesrepublikken.no\/"]}]}},"_links":{"self":[{"href":"https:\/\/nordnesrepublikken.no\/index.php\/wp-json\/wp\/v2\/posts\/16570","targetHints":{"allow":["GET"]}}],"collection":[{"href":"https:\/\/nordnesrepublikken.no\/index.php\/wp-json\/wp\/v2\/posts"}],"about":[{"href":"https:\/\/nordnesrepublikken.no\/index.php\/wp-json\/wp\/v2\/types\/post"}],"author":[{"embeddable":true,"href":"https:\/\/nordnesrepublikken.no\/index.php\/wp-json\/wp\/v2\/users\/1"}],"replies":[{"embeddable":true,"href":"https:\/\/nordnesrepublikken.no\/index.php\/wp-json\/wp\/v2\/comments?post=16570"}],"version-history":[{"count":1,"href":"https:\/\/nordnesrepublikken.no\/index.php\/wp-json\/wp\/v2\/posts\/16570\/revisions"}],"predecessor-version":[{"id":16572,"href":"https:\/\/nordnesrepublikken.no\/index.php\/wp-json\/wp\/v2\/posts\/16570\/revisions\/16572"}],"wp:featuredmedia":[{"embeddable":true,"href":"https:\/\/nordnesrepublikken.no\/index.php\/wp-json\/wp\/v2\/media\/16571"}],"wp:attachment":[{"href":"https:\/\/nordnesrepublikken.no\/index.php\/wp-json\/wp\/v2\/media?parent=16570"}],"wp:term":[{"taxonomy":"category","embeddable":true,"href":"https:\/\/nordnesrepublikken.no\/index.php\/wp-json\/wp\/v2\/categories?post=16570"},{"taxonomy":"post_tag","embeddable":true,"href":"https:\/\/nordnesrepublikken.no\/index.php\/wp-json\/wp\/v2\/tags?post=16570"}],"curies":[{"name":"wp","href":"https:\/\/api.w.org\/{rel}","templated":true}]}}