{"id":16558,"date":"2026-04-03T13:49:32","date_gmt":"2026-04-03T11:49:32","guid":{"rendered":"https:\/\/nordnesrepublikken.no\/index.php\/2026\/04\/03\/reservoaret-fylles-med-magma\/"},"modified":"2026-04-03T13:49:36","modified_gmt":"2026-04-03T11:49:36","slug":"reservoaret-fylles-med-magma","status":"publish","type":"post","link":"https:\/\/nordnesrepublikken.no\/index.php\/2026\/04\/03\/reservoaret-fylles-med-magma\/","title":{"rendered":"reservoaret fylles med magma"},"content":{"rendered":"<div>\n<div class=\"cp_wrapper cp_wrapper--fw mb-30 mb-20@tablet\">\n<figure class=\"mm\"><picture class=\"img\" style=\"padding-top:56.25%\"><source  media=\"(min-width: 1024px)\"><source  media=\"(min-width: 768px)\"><\/source><\/source><\/picture><\/figure>\n<\/p><\/div>\n<p>Under kalderaen til <strong>Kikai undervannsvulkan<\/strong>utenfor kysten av det s\u00f8rlige Japan begynner magmakammeret \u00e5 fylles igjen, <strong>7300 \u00e5r<\/strong> etter hva som var<strong>mer voldsomme utbrudd<\/strong> <strong>av de siste 11 000 \u00e5rene<\/strong>. Forskere fra Kobe University, Japan, oppdaget en stor mengde magma under kalderaen, som publiserte resultatene av analysene deres i en studie i tidsskriftet <em>Kommunikasjon Jord og milj\u00f8<\/em>. M\u00e5let med forskningen er \u00e5 bedre forst\u00e5 mekanismene for magmaakkumulering under storskala kalderaer og f\u00f8lgelig \u00e5 <strong>forbedre prognosene for denne typen utbrudd<\/strong>.<\/p>\n<div class=\"cp_wrapper cp_wrapper--fw mb-50\">\n<figure class=\"mm\"><picture class=\"img\" style=\"padding-top:48.953974895397%\"><source  media=\"(min-width: 1024px)\"><source  media=\"(min-width: 768px)\"><img decoding=\"async\" loading=\"lazy\" src=\"https:\/\/nordnesrepublikken.no\/wp-content\/uploads\/2026\/04\/1775216972_318_reservoaret-fylles-med-magma.jpg\" alt=\"Bilde\" width=\"717\" height=\"351\"\/><\/source><\/source><\/picture><\/figure>\n<\/p><\/div>\n<h2><strong>Oppdagelsen av magma under kalderaen til Kikai-vulkanen<\/strong><\/h2>\n<p>Kikai-calderaen ligger s\u00f8r for Ryukyu-\u00f8yene i Japan <strong>stort sett nedsenket<\/strong>. Bare en del av kanten kommer ut av havet, i form av tre sm\u00e5 \u00f8yer. Kalderaen, som har en <strong>diameter p\u00e5 19 km<\/strong>er et resultat av voldsomme utbrudd som tidligere t\u00f8mte magmakammeret som f\u00f8rte til vulkanens kollaps. Det siste store utbruddet, det mest voldelige i den geologiske epoken vi lever i, holocen, skjedde <strong>7300 \u00e5r siden<\/strong> og det var det <strong>VEI<\/strong> (Vulkanisk eksplosivitetsindeks) <strong>lik 7<\/strong> (til sammenligning n\u00e5dde 2022-utbruddet av Hunga Tonga-Hunga Ha&#8217;apai-vulkanen i S\u00f8r-Stillehavet en VEI 6). Under denne hendelsen n\u00e5dde de pyroklastiske str\u00f8mmene en avstand p\u00e5 100 km ei <strong>150 km3 aske<\/strong> utstedte har p\u00e5virket hele Japan. Det faktum at vulkanen ligger p\u00e5 havbunnen gir ideelle forhold for omfattende unders\u00f8kelser av jordskorpen gjennom <strong>geofysiske unders\u00f8kelser<\/strong>. Forskerne genererte dermed seismiske b\u00f8lger kunstig, og fanget dem deretter opp med et nettverk av seismometre plassert p\u00e5 havbunnen. Unders\u00f8kelser avdekket tilstedev\u00e6relsen av en <strong>stort omr\u00e5de rikt p\u00e5 magma under vulkanen<\/strong>tilsvarende det samme reservoaret som var ansvarlig for det siste store utbruddet.<\/p>\n<div class=\"cp_wrapper cp_wrapper--fw mb-50\">\n<figure class=\"mm\"><picture class=\"img\" style=\"padding-top:82.453637660485%\"><source  media=\"(min-width: 1024px)\"><source  media=\"(min-width: 768px)\"><img decoding=\"async\" loading=\"lazy\" src=\"https:\/\/nordnesrepublikken.no\/wp-content\/uploads\/2026\/04\/1775216972_66_reservoaret-fylles-med-magma.jpg\" alt=\"Bilde\" width=\"701\" height=\"578\" class=\"js-seedtag-img\"\/><\/source><\/source><\/picture><\/figure>\n<\/p><\/div>\n<h2><strong>Lavakuppelen til vulkanen<\/strong><\/h2>\n<p>Tidligere hadde forskere oppdaget at det dannet seg en vulkan i midten av kalderaen <strong>lava kuppel<\/strong>. Ved \u00e5 analysere materialene fant de at sammensetningen deres er forskjellig fra produktene som ble drevet ut under utbruddet for 7300 \u00e5r siden. Dette betyr at <strong>magma tilstede for \u00f8yeblikket<\/strong> i magmakammeret under lavakuppelen er det trolig <strong>nylig<\/strong>. M\u00e5let er \u00e5 bedre forst\u00e5 mekanismen som magmakamrene under store kalderaer fylles over tid etter store utbrudd, som fortsatt er begrenset kunnskap om. \u00c5 kunne gj\u00f8re dette er avgj\u00f8rende for \u00e5 overv\u00e5ke forl\u00f8perfenomenene til mulige utbrudd. P\u00e5 denne m\u00e5ten i fremtiden kan vi kanskje til og med v\u00e6re i stand til det <strong>forbedre prognosene for kalderautbrudd<\/strong> slik som Yellowstone i USA eller Toba i Indonesia.<\/p>\n<div class=\"cp_wrapper cp_wrapper--fw mb-50\">\n<figure class=\"mm\"><picture class=\"img\" style=\"padding-top:154.22077922078%\"><source  media=\"(min-width: 1024px)\"><source  media=\"(min-width: 768px)\"><img decoding=\"async\" loading=\"lazy\" src=\"https:\/\/nordnesrepublikken.no\/wp-content\/uploads\/2026\/04\/1775216972_337_reservoaret-fylles-med-magma.jpg\" alt=\"Bilde\" width=\"308\" height=\"475\"\/><\/source><\/source><\/picture><\/figure>\n<\/p><\/div>\n<\/p><\/div>\n","protected":false},"excerpt":{"rendered":"<p>Under kalderaen til Kikai undervannsvulkanutenfor kysten av det s\u00f8rlige Japan begynner magmakammeret \u00e5 fylles igjen,<\/p>\n","protected":false},"author":1,"featured_media":16559,"comment_status":"closed","ping_status":"open","sticky":false,"template":"","format":"standard","meta":{"footnotes":""},"categories":[26],"tags":[10729,2181,79,10728],"class_list":["post-16558","post","type-post","status-publish","format-standard","has-post-thumbnail","hentry","category-miljo","tag-fylles","tag-magma","tag-med","tag-reservoaret","generate-columns","tablet-grid-50","mobile-grid-100","grid-parent","grid-33","resize-featured-image"],"yoast_head":"<!-- This site is optimized with the Yoast SEO plugin v24.4 - https:\/\/yoast.com\/wordpress\/plugins\/seo\/ -->\n<title>reservoaret fylles med magma - Nordnesrepublikken<\/title>\n<meta name=\"robots\" content=\"index, follow, max-snippet:-1, max-image-preview:large, max-video-preview:-1\" \/>\n<link rel=\"canonical\" href=\"https:\/\/nordnesrepublikken.no\/index.php\/2026\/04\/03\/reservoaret-fylles-med-magma\/\" \/>\n<meta property=\"og:locale\" content=\"nb_NO\" \/>\n<meta property=\"og:type\" content=\"article\" \/>\n<meta property=\"og:title\" content=\"reservoaret fylles med magma - Nordnesrepublikken\" \/>\n<meta property=\"og:description\" content=\"Under kalderaen til Kikai undervannsvulkanutenfor kysten av det s\u00f8rlige Japan begynner magmakammeret \u00e5 fylles igjen,\" \/>\n<meta property=\"og:url\" content=\"https:\/\/nordnesrepublikken.no\/index.php\/2026\/04\/03\/reservoaret-fylles-med-magma\/\" \/>\n<meta property=\"og:site_name\" content=\"Nordnesrepublikken\" \/>\n<meta property=\"article:published_time\" content=\"2026-04-03T11:49:32+00:00\" \/>\n<meta property=\"article:modified_time\" content=\"2026-04-03T11:49:36+00:00\" \/>\n<meta property=\"og:image\" content=\"https:\/\/nordnesrepublikken.no\/wp-content\/uploads\/2026\/04\/1775216974_reservoaret-fylles-med-magma-scaled.jpg\" \/>\n\t<meta property=\"og:image:width\" content=\"2560\" \/>\n\t<meta property=\"og:image:height\" content=\"1067\" \/>\n\t<meta property=\"og:image:type\" content=\"image\/jpeg\" \/>\n<meta name=\"author\" content=\"Ole Andersen\" \/>\n<meta name=\"twitter:card\" content=\"summary_large_image\" \/>\n<meta name=\"twitter:label1\" content=\"Skrevet av\" \/>\n\t<meta name=\"twitter:data1\" content=\"Ole Andersen\" \/>\n\t<meta name=\"twitter:label2\" content=\"Ansl. lesetid\" \/>\n\t<meta name=\"twitter:data2\" content=\"2 minutter\" \/>\n<script type=\"application\/ld+json\" class=\"yoast-schema-graph\">{\"@context\":\"https:\/\/schema.org\",\"@graph\":[{\"@type\":\"Article\",\"@id\":\"https:\/\/nordnesrepublikken.no\/index.php\/2026\/04\/03\/reservoaret-fylles-med-magma\/#article\",\"isPartOf\":{\"@id\":\"https:\/\/nordnesrepublikken.no\/index.php\/2026\/04\/03\/reservoaret-fylles-med-magma\/\"},\"author\":{\"name\":\"Ole Andersen\",\"@id\":\"https:\/\/nordnesrepublikken.no\/#\/schema\/person\/2e7e81935bab77882fffb79296240ff1\"},\"headline\":\"reservoaret fylles med magma\",\"datePublished\":\"2026-04-03T11:49:32+00:00\",\"dateModified\":\"2026-04-03T11:49:36+00:00\",\"mainEntityOfPage\":{\"@id\":\"https:\/\/nordnesrepublikken.no\/index.php\/2026\/04\/03\/reservoaret-fylles-med-magma\/\"},\"wordCount\":389,\"publisher\":{\"@id\":\"https:\/\/nordnesrepublikken.no\/#organization\"},\"image\":{\"@id\":\"https:\/\/nordnesrepublikken.no\/index.php\/2026\/04\/03\/reservoaret-fylles-med-magma\/#primaryimage\"},\"thumbnailUrl\":\"https:\/\/nordnesrepublikken.no\/wp-content\/uploads\/2026\/04\/1775216974_reservoaret-fylles-med-magma-scaled.jpg\",\"keywords\":[\"fylles\",\"magma\",\"med\",\"reservoaret\"],\"articleSection\":[\"Milj\u00f8\"],\"inLanguage\":\"nb-NO\"},{\"@type\":\"WebPage\",\"@id\":\"https:\/\/nordnesrepublikken.no\/index.php\/2026\/04\/03\/reservoaret-fylles-med-magma\/\",\"url\":\"https:\/\/nordnesrepublikken.no\/index.php\/2026\/04\/03\/reservoaret-fylles-med-magma\/\",\"name\":\"reservoaret fylles med magma - Nordnesrepublikken\",\"isPartOf\":{\"@id\":\"https:\/\/nordnesrepublikken.no\/#website\"},\"primaryImageOfPage\":{\"@id\":\"https:\/\/nordnesrepublikken.no\/index.php\/2026\/04\/03\/reservoaret-fylles-med-magma\/#primaryimage\"},\"image\":{\"@id\":\"https:\/\/nordnesrepublikken.no\/index.php\/2026\/04\/03\/reservoaret-fylles-med-magma\/#primaryimage\"},\"thumbnailUrl\":\"https:\/\/nordnesrepublikken.no\/wp-content\/uploads\/2026\/04\/1775216974_reservoaret-fylles-med-magma-scaled.jpg\",\"datePublished\":\"2026-04-03T11:49:32+00:00\",\"dateModified\":\"2026-04-03T11:49:36+00:00\",\"breadcrumb\":{\"@id\":\"https:\/\/nordnesrepublikken.no\/index.php\/2026\/04\/03\/reservoaret-fylles-med-magma\/#breadcrumb\"},\"inLanguage\":\"nb-NO\",\"potentialAction\":[{\"@type\":\"ReadAction\",\"target\":[\"https:\/\/nordnesrepublikken.no\/index.php\/2026\/04\/03\/reservoaret-fylles-med-magma\/\"]}]},{\"@type\":\"ImageObject\",\"inLanguage\":\"nb-NO\",\"@id\":\"https:\/\/nordnesrepublikken.no\/index.php\/2026\/04\/03\/reservoaret-fylles-med-magma\/#primaryimage\",\"url\":\"https:\/\/nordnesrepublikken.no\/wp-content\/uploads\/2026\/04\/1775216974_reservoaret-fylles-med-magma-scaled.jpg\",\"contentUrl\":\"https:\/\/nordnesrepublikken.no\/wp-content\/uploads\/2026\/04\/1775216974_reservoaret-fylles-med-magma-scaled.jpg\",\"width\":2560,\"height\":1067,\"caption\":\"reservoaret fylles med magma\"},{\"@type\":\"BreadcrumbList\",\"@id\":\"https:\/\/nordnesrepublikken.no\/index.php\/2026\/04\/03\/reservoaret-fylles-med-magma\/#breadcrumb\",\"itemListElement\":[{\"@type\":\"ListItem\",\"position\":1,\"name\":\"Home\",\"item\":\"https:\/\/nordnesrepublikken.no\/\"},{\"@type\":\"ListItem\",\"position\":2,\"name\":\"reservoaret fylles med magma\"}]},{\"@type\":\"WebSite\",\"@id\":\"https:\/\/nordnesrepublikken.no\/#website\",\"url\":\"https:\/\/nordnesrepublikken.no\/\",\"name\":\"Nordnesrepublikken\",\"description\":\"Stemmer og Visjoner fra Republikkens Hjerte\",\"publisher\":{\"@id\":\"https:\/\/nordnesrepublikken.no\/#organization\"},\"potentialAction\":[{\"@type\":\"SearchAction\",\"target\":{\"@type\":\"EntryPoint\",\"urlTemplate\":\"https:\/\/nordnesrepublikken.no\/?s={search_term_string}\"},\"query-input\":{\"@type\":\"PropertyValueSpecification\",\"valueRequired\":true,\"valueName\":\"search_term_string\"}}],\"inLanguage\":\"nb-NO\"},{\"@type\":\"Organization\",\"@id\":\"https:\/\/nordnesrepublikken.no\/#organization\",\"name\":\"Nordnesrepublikken\",\"url\":\"https:\/\/nordnesrepublikken.no\/\",\"logo\":{\"@type\":\"ImageObject\",\"inLanguage\":\"nb-NO\",\"@id\":\"https:\/\/nordnesrepublikken.no\/#\/schema\/logo\/image\/\",\"url\":\"https:\/\/nordnesrepublikken.no\/wp-content\/uploads\/2025\/02\/cropped-nordnesrepublikken-2.png\",\"contentUrl\":\"https:\/\/nordnesrepublikken.no\/wp-content\/uploads\/2025\/02\/cropped-nordnesrepublikken-2.png\",\"width\":1248,\"height\":362,\"caption\":\"Nordnesrepublikken\"},\"image\":{\"@id\":\"https:\/\/nordnesrepublikken.no\/#\/schema\/logo\/image\/\"}},{\"@type\":\"Person\",\"@id\":\"https:\/\/nordnesrepublikken.no\/#\/schema\/person\/2e7e81935bab77882fffb79296240ff1\",\"name\":\"Ole Andersen\",\"image\":{\"@type\":\"ImageObject\",\"inLanguage\":\"nb-NO\",\"@id\":\"https:\/\/nordnesrepublikken.no\/#\/schema\/person\/image\/\",\"url\":\"https:\/\/nordnesrepublikken.no\/wp-content\/uploads\/2025\/02\/nordnesrepublikken-2-2-150x150.jpg\",\"contentUrl\":\"https:\/\/nordnesrepublikken.no\/wp-content\/uploads\/2025\/02\/nordnesrepublikken-2-2-150x150.jpg\",\"caption\":\"Ole Andersen\"},\"description\":\"Ettersom jeg vokste opp i Oslo, har jeg alltid v\u00e6rt fascinert av ordenes kraft og deres evne til \u00e5 skape endringer. Etter \u00e5 ha fullf\u00f8rt min utdannelse i kommunikasjon ved Universitetet i Bergen, fikk jeg muligheten til \u00e5 jobbe innen ulike medier, der jeg har s\u00f8kt \u00e5 belyse viktige samfunnssp\u00f8rsm\u00e5l. I dag, som redakt\u00f8r for Nordnesrepublikken, pr\u00f8ver jeg \u00e5 forene min kj\u00e6rlighet for journalistikk med min lidenskap for innovasjon og eventyr.\",\"sameAs\":[\"https:\/\/nordnesrepublikken.no\/\"]}]}<\/script>\n<!-- \/ Yoast SEO plugin. -->","yoast_head_json":{"title":"reservoaret fylles med magma - Nordnesrepublikken","robots":{"index":"index","follow":"follow","max-snippet":"max-snippet:-1","max-image-preview":"max-image-preview:large","max-video-preview":"max-video-preview:-1"},"canonical":"https:\/\/nordnesrepublikken.no\/index.php\/2026\/04\/03\/reservoaret-fylles-med-magma\/","og_locale":"nb_NO","og_type":"article","og_title":"reservoaret fylles med magma - Nordnesrepublikken","og_description":"Under kalderaen til Kikai undervannsvulkanutenfor kysten av det s\u00f8rlige Japan begynner magmakammeret \u00e5 fylles igjen,","og_url":"https:\/\/nordnesrepublikken.no\/index.php\/2026\/04\/03\/reservoaret-fylles-med-magma\/","og_site_name":"Nordnesrepublikken","article_published_time":"2026-04-03T11:49:32+00:00","article_modified_time":"2026-04-03T11:49:36+00:00","og_image":[{"width":2560,"height":1067,"url":"https:\/\/nordnesrepublikken.no\/wp-content\/uploads\/2026\/04\/1775216974_reservoaret-fylles-med-magma-scaled.jpg","type":"image\/jpeg"}],"author":"Ole Andersen","twitter_card":"summary_large_image","twitter_misc":{"Skrevet av":"Ole Andersen","Ansl. lesetid":"2 minutter"},"schema":{"@context":"https:\/\/schema.org","@graph":[{"@type":"Article","@id":"https:\/\/nordnesrepublikken.no\/index.php\/2026\/04\/03\/reservoaret-fylles-med-magma\/#article","isPartOf":{"@id":"https:\/\/nordnesrepublikken.no\/index.php\/2026\/04\/03\/reservoaret-fylles-med-magma\/"},"author":{"name":"Ole Andersen","@id":"https:\/\/nordnesrepublikken.no\/#\/schema\/person\/2e7e81935bab77882fffb79296240ff1"},"headline":"reservoaret fylles med magma","datePublished":"2026-04-03T11:49:32+00:00","dateModified":"2026-04-03T11:49:36+00:00","mainEntityOfPage":{"@id":"https:\/\/nordnesrepublikken.no\/index.php\/2026\/04\/03\/reservoaret-fylles-med-magma\/"},"wordCount":389,"publisher":{"@id":"https:\/\/nordnesrepublikken.no\/#organization"},"image":{"@id":"https:\/\/nordnesrepublikken.no\/index.php\/2026\/04\/03\/reservoaret-fylles-med-magma\/#primaryimage"},"thumbnailUrl":"https:\/\/nordnesrepublikken.no\/wp-content\/uploads\/2026\/04\/1775216974_reservoaret-fylles-med-magma-scaled.jpg","keywords":["fylles","magma","med","reservoaret"],"articleSection":["Milj\u00f8"],"inLanguage":"nb-NO"},{"@type":"WebPage","@id":"https:\/\/nordnesrepublikken.no\/index.php\/2026\/04\/03\/reservoaret-fylles-med-magma\/","url":"https:\/\/nordnesrepublikken.no\/index.php\/2026\/04\/03\/reservoaret-fylles-med-magma\/","name":"reservoaret fylles med magma - Nordnesrepublikken","isPartOf":{"@id":"https:\/\/nordnesrepublikken.no\/#website"},"primaryImageOfPage":{"@id":"https:\/\/nordnesrepublikken.no\/index.php\/2026\/04\/03\/reservoaret-fylles-med-magma\/#primaryimage"},"image":{"@id":"https:\/\/nordnesrepublikken.no\/index.php\/2026\/04\/03\/reservoaret-fylles-med-magma\/#primaryimage"},"thumbnailUrl":"https:\/\/nordnesrepublikken.no\/wp-content\/uploads\/2026\/04\/1775216974_reservoaret-fylles-med-magma-scaled.jpg","datePublished":"2026-04-03T11:49:32+00:00","dateModified":"2026-04-03T11:49:36+00:00","breadcrumb":{"@id":"https:\/\/nordnesrepublikken.no\/index.php\/2026\/04\/03\/reservoaret-fylles-med-magma\/#breadcrumb"},"inLanguage":"nb-NO","potentialAction":[{"@type":"ReadAction","target":["https:\/\/nordnesrepublikken.no\/index.php\/2026\/04\/03\/reservoaret-fylles-med-magma\/"]}]},{"@type":"ImageObject","inLanguage":"nb-NO","@id":"https:\/\/nordnesrepublikken.no\/index.php\/2026\/04\/03\/reservoaret-fylles-med-magma\/#primaryimage","url":"https:\/\/nordnesrepublikken.no\/wp-content\/uploads\/2026\/04\/1775216974_reservoaret-fylles-med-magma-scaled.jpg","contentUrl":"https:\/\/nordnesrepublikken.no\/wp-content\/uploads\/2026\/04\/1775216974_reservoaret-fylles-med-magma-scaled.jpg","width":2560,"height":1067,"caption":"reservoaret fylles med magma"},{"@type":"BreadcrumbList","@id":"https:\/\/nordnesrepublikken.no\/index.php\/2026\/04\/03\/reservoaret-fylles-med-magma\/#breadcrumb","itemListElement":[{"@type":"ListItem","position":1,"name":"Home","item":"https:\/\/nordnesrepublikken.no\/"},{"@type":"ListItem","position":2,"name":"reservoaret fylles med magma"}]},{"@type":"WebSite","@id":"https:\/\/nordnesrepublikken.no\/#website","url":"https:\/\/nordnesrepublikken.no\/","name":"Nordnesrepublikken","description":"Stemmer og Visjoner fra Republikkens Hjerte","publisher":{"@id":"https:\/\/nordnesrepublikken.no\/#organization"},"potentialAction":[{"@type":"SearchAction","target":{"@type":"EntryPoint","urlTemplate":"https:\/\/nordnesrepublikken.no\/?s={search_term_string}"},"query-input":{"@type":"PropertyValueSpecification","valueRequired":true,"valueName":"search_term_string"}}],"inLanguage":"nb-NO"},{"@type":"Organization","@id":"https:\/\/nordnesrepublikken.no\/#organization","name":"Nordnesrepublikken","url":"https:\/\/nordnesrepublikken.no\/","logo":{"@type":"ImageObject","inLanguage":"nb-NO","@id":"https:\/\/nordnesrepublikken.no\/#\/schema\/logo\/image\/","url":"https:\/\/nordnesrepublikken.no\/wp-content\/uploads\/2025\/02\/cropped-nordnesrepublikken-2.png","contentUrl":"https:\/\/nordnesrepublikken.no\/wp-content\/uploads\/2025\/02\/cropped-nordnesrepublikken-2.png","width":1248,"height":362,"caption":"Nordnesrepublikken"},"image":{"@id":"https:\/\/nordnesrepublikken.no\/#\/schema\/logo\/image\/"}},{"@type":"Person","@id":"https:\/\/nordnesrepublikken.no\/#\/schema\/person\/2e7e81935bab77882fffb79296240ff1","name":"Ole Andersen","image":{"@type":"ImageObject","inLanguage":"nb-NO","@id":"https:\/\/nordnesrepublikken.no\/#\/schema\/person\/image\/","url":"https:\/\/nordnesrepublikken.no\/wp-content\/uploads\/2025\/02\/nordnesrepublikken-2-2-150x150.jpg","contentUrl":"https:\/\/nordnesrepublikken.no\/wp-content\/uploads\/2025\/02\/nordnesrepublikken-2-2-150x150.jpg","caption":"Ole Andersen"},"description":"Ettersom jeg vokste opp i Oslo, har jeg alltid v\u00e6rt fascinert av ordenes kraft og deres evne til \u00e5 skape endringer. Etter \u00e5 ha fullf\u00f8rt min utdannelse i kommunikasjon ved Universitetet i Bergen, fikk jeg muligheten til \u00e5 jobbe innen ulike medier, der jeg har s\u00f8kt \u00e5 belyse viktige samfunnssp\u00f8rsm\u00e5l. I dag, som redakt\u00f8r for Nordnesrepublikken, pr\u00f8ver jeg \u00e5 forene min kj\u00e6rlighet for journalistikk med min lidenskap for innovasjon og eventyr.","sameAs":["https:\/\/nordnesrepublikken.no\/"]}]}},"_links":{"self":[{"href":"https:\/\/nordnesrepublikken.no\/index.php\/wp-json\/wp\/v2\/posts\/16558","targetHints":{"allow":["GET"]}}],"collection":[{"href":"https:\/\/nordnesrepublikken.no\/index.php\/wp-json\/wp\/v2\/posts"}],"about":[{"href":"https:\/\/nordnesrepublikken.no\/index.php\/wp-json\/wp\/v2\/types\/post"}],"author":[{"embeddable":true,"href":"https:\/\/nordnesrepublikken.no\/index.php\/wp-json\/wp\/v2\/users\/1"}],"replies":[{"embeddable":true,"href":"https:\/\/nordnesrepublikken.no\/index.php\/wp-json\/wp\/v2\/comments?post=16558"}],"version-history":[{"count":1,"href":"https:\/\/nordnesrepublikken.no\/index.php\/wp-json\/wp\/v2\/posts\/16558\/revisions"}],"predecessor-version":[{"id":16560,"href":"https:\/\/nordnesrepublikken.no\/index.php\/wp-json\/wp\/v2\/posts\/16558\/revisions\/16560"}],"wp:featuredmedia":[{"embeddable":true,"href":"https:\/\/nordnesrepublikken.no\/index.php\/wp-json\/wp\/v2\/media\/16559"}],"wp:attachment":[{"href":"https:\/\/nordnesrepublikken.no\/index.php\/wp-json\/wp\/v2\/media?parent=16558"}],"wp:term":[{"taxonomy":"category","embeddable":true,"href":"https:\/\/nordnesrepublikken.no\/index.php\/wp-json\/wp\/v2\/categories?post=16558"},{"taxonomy":"post_tag","embeddable":true,"href":"https:\/\/nordnesrepublikken.no\/index.php\/wp-json\/wp\/v2\/tags?post=16558"}],"curies":[{"name":"wp","href":"https:\/\/api.w.org\/{rel}","templated":true}]}}