{"id":16552,"date":"2026-04-03T10:49:45","date_gmt":"2026-04-03T08:49:45","guid":{"rendered":"https:\/\/nordnesrepublikken.no\/index.php\/2026\/04\/03\/hvor-ligger-artemis-ii-hvordan-folge-astronauter-som-reiser-til-manen-med-nasas-sporer\/"},"modified":"2026-04-03T10:49:49","modified_gmt":"2026-04-03T08:49:49","slug":"hvor-ligger-artemis-ii-hvordan-folge-astronauter-som-reiser-til-manen-med-nasas-sporer","status":"publish","type":"post","link":"https:\/\/nordnesrepublikken.no\/index.php\/2026\/04\/03\/hvor-ligger-artemis-ii-hvordan-folge-astronauter-som-reiser-til-manen-med-nasas-sporer\/","title":{"rendered":"Hvor ligger Artemis II, hvordan f\u00f8lge astronauter som reiser til m\u00e5nen med NASAs sporer"},"content":{"rendered":"<div>\n<div class=\"cp_wrapper cp_wrapper--fw mb-30 mb-20@tablet\">\n<figure class=\"mm\"><picture class=\"img\" style=\"padding-top:56.25%\"><source  media=\"(min-width: 1024px)\"><source  media=\"(min-width: 768px)\"><\/source><\/source><\/picture><\/figure>\n<\/p><\/div>\n<p>Er du nysgjerrig p\u00e5 \u00e5 vite hvor de fire astronautene er i akkurat dette \u00f8yeblikket <strong>Artemis II<\/strong> (Reid Wiseman, Christina Koch, Victor Glover og Jeremy Hansen) etter oppskytingen av romferden og begynnelsen av deres 10-dagers reise til M\u00e5nen og tilbake? Vel, NASA har gjort det tilgjengelig for alle <strong>AROW<\/strong> (<em>Artemis Sanntids Orbit-nettsted<\/em>), et gratis verkt\u00f8y som sporer posisjonen til Orion-kapselen i rommet i sanntid.<\/p>\n<h2>Hvordan AROW, NASAs Artemis II-oppdragsporing, fungerer<\/h2>\n<p>Orion-kapselen er utstyrt med <strong>sensorer om bord<\/strong> som kontinuerlig samler i <strong>telemetridata<\/strong> av romfart\u00f8yet (for eksempel posisjon og hastighet) fra omtrent ett minutt etter l\u00f8ftet til slutten av oppdraget. AROW-systemet samler inn disse dataene og sender dem til oppdragskontrollsenteret ved Johnson Space Center i Houston, Texas. Derfra gj\u00f8res de tilgjengelige i sanntid for alle med internettforbindelse enten fra NASAs nettsted (<strong>nasa.gov\/trackartemis<\/strong>) eller via en dedikert app (kan lastes ned her).<\/p>\n<p>Gjennom grensesnittet er det mulig \u00e5 se Orions posisjon med hensyn til Jorden og M\u00e5nen n\u00e5r som helst, i tillegg til \u00e5 tilby en rekke nyttig informasjon: avstanden fra Jorden og M\u00e5nen, hastigheten til kapselen, tiden som har g\u00e5tt siden starten av oppdraget og hovedm\u00e5lene for flyplanen. Med knappen <em>MISJONSVISNING<\/em> nederst til venstre er det mulig \u00e5 velge mellom ulike typer visualisering: vi kan se kapselen i sin posisjon i sanntid og innenfor flyprofilen, mens med knappen <em>ROM<\/em> nederst til h\u00f8yre er det mulig \u00e5 f\u00e5 en simulering av visningene til kameraene installert utenfor kapselen.<\/p>\n<p>Mobilversjonen av appen legger til en spesielt interessant funksjon: a <strong>augmented reality tracker<\/strong>. Etter en kort kalibrering indikerer smarttelefonen i hvilken himmelretning telefonen skal rettes for \u00e5 se hvor Orion er i det n\u00f8yaktige \u00f8yeblikket sammenlignet med v\u00e5r posisjon p\u00e5 jorden. Denne funksjonen blir tilgjengelig ca <strong>tre timer etter lansering<\/strong>n\u00e5r kapselen har skilt seg fra det \u00f8vre trinnet av SLS-raketten.<\/p>\n<h2>Tekniske data om Orion-kapselens reise til m\u00e5nen<\/h2>\n<p>AROW gj\u00f8r ogs\u00e5 tilgjengelig den s\u00e5kalte <strong>statlige transport\u00f8rer<\/strong>: dette er de tekniske dataene som n\u00f8yaktig beskriver posisjonen og bevegelsen til Orion i rommet til enhver tid. Disse dataene kan brukes av entusiaster, utviklere og kreative for \u00e5 bygge tilpassede sporingsapplikasjoner, fysiske modeller, animasjoner eller originale visualiseringer.<\/p>\n<p>N\u00e5r oppdraget startet, gjorde NASA ogs\u00e5 de fullstendige banedataene, kjent som, tilgjengelige for nedlasting <strong>efemeris<\/strong> (ogs\u00e5 brukt av astronomer for \u00e5 bestemme posisjonene til himmellegemer). Med disse dataene er det mulig \u00e5 f\u00f8lge Orion med et amat\u00f8rteleskop, eller integrere det i hvilken som helst romsimuleringsprogramvare.<\/p>\n<\/p><\/div>\n","protected":false},"excerpt":{"rendered":"<p>Er du nysgjerrig p\u00e5 \u00e5 vite hvor de fire astronautene er i akkurat dette \u00f8yeblikket<\/p>\n","protected":false},"author":1,"featured_media":16553,"comment_status":"closed","ping_status":"open","sticky":false,"template":"","format":"standard","meta":{"footnotes":""},"categories":[25],"tags":[10721,10722,1981,449,112,69,1020,79,7349,4267,31,9729,117],"class_list":["post-16552","post","type-post","status-publish","format-standard","has-post-thumbnail","hentry","category-teknologi","tag-artemis","tag-astronauter","tag-folge","tag-hvor","tag-hvordan","tag-ligger","tag-manen","tag-med","tag-nasas","tag-reiser","tag-som","tag-sporer","tag-til","generate-columns","tablet-grid-50","mobile-grid-100","grid-parent","grid-33","resize-featured-image"],"yoast_head":"<!-- This site is optimized with the Yoast SEO plugin v24.4 - https:\/\/yoast.com\/wordpress\/plugins\/seo\/ -->\n<title>Hvor ligger Artemis II, hvordan f\u00f8lge astronauter som reiser til m\u00e5nen med NASAs sporer - Nordnesrepublikken<\/title>\n<meta name=\"robots\" content=\"index, follow, max-snippet:-1, max-image-preview:large, max-video-preview:-1\" \/>\n<link rel=\"canonical\" href=\"https:\/\/nordnesrepublikken.no\/index.php\/2026\/04\/03\/hvor-ligger-artemis-ii-hvordan-folge-astronauter-som-reiser-til-manen-med-nasas-sporer\/\" \/>\n<meta property=\"og:locale\" content=\"nb_NO\" \/>\n<meta property=\"og:type\" content=\"article\" \/>\n<meta property=\"og:title\" content=\"Hvor ligger Artemis II, hvordan f\u00f8lge astronauter som reiser til m\u00e5nen med NASAs sporer - Nordnesrepublikken\" \/>\n<meta property=\"og:description\" content=\"Er du nysgjerrig p\u00e5 \u00e5 vite hvor de fire astronautene er i akkurat dette \u00f8yeblikket\" \/>\n<meta property=\"og:url\" content=\"https:\/\/nordnesrepublikken.no\/index.php\/2026\/04\/03\/hvor-ligger-artemis-ii-hvordan-folge-astronauter-som-reiser-til-manen-med-nasas-sporer\/\" \/>\n<meta property=\"og:site_name\" content=\"Nordnesrepublikken\" \/>\n<meta property=\"article:published_time\" content=\"2026-04-03T08:49:45+00:00\" \/>\n<meta property=\"article:modified_time\" content=\"2026-04-03T08:49:49+00:00\" \/>\n<meta property=\"og:image\" content=\"https:\/\/nordnesrepublikken.no\/wp-content\/uploads\/2026\/04\/1775206187_Hvor-ligger-Artemis-II-hvordan-folge-astronauter-som-reiser-til-scaled.jpg\" \/>\n\t<meta property=\"og:image:width\" content=\"2560\" \/>\n\t<meta property=\"og:image:height\" content=\"1292\" \/>\n\t<meta property=\"og:image:type\" content=\"image\/jpeg\" \/>\n<meta name=\"author\" content=\"Ole Andersen\" \/>\n<meta name=\"twitter:card\" content=\"summary_large_image\" \/>\n<meta name=\"twitter:label1\" content=\"Skrevet av\" \/>\n\t<meta name=\"twitter:data1\" content=\"Ole Andersen\" \/>\n\t<meta name=\"twitter:label2\" content=\"Ansl. lesetid\" \/>\n\t<meta name=\"twitter:data2\" content=\"2 minutter\" \/>\n<script type=\"application\/ld+json\" class=\"yoast-schema-graph\">{\"@context\":\"https:\/\/schema.org\",\"@graph\":[{\"@type\":\"Article\",\"@id\":\"https:\/\/nordnesrepublikken.no\/index.php\/2026\/04\/03\/hvor-ligger-artemis-ii-hvordan-folge-astronauter-som-reiser-til-manen-med-nasas-sporer\/#article\",\"isPartOf\":{\"@id\":\"https:\/\/nordnesrepublikken.no\/index.php\/2026\/04\/03\/hvor-ligger-artemis-ii-hvordan-folge-astronauter-som-reiser-til-manen-med-nasas-sporer\/\"},\"author\":{\"name\":\"Ole Andersen\",\"@id\":\"https:\/\/nordnesrepublikken.no\/#\/schema\/person\/2e7e81935bab77882fffb79296240ff1\"},\"headline\":\"Hvor ligger Artemis II, hvordan f\u00f8lge astronauter som reiser til m\u00e5nen med NASAs sporer\",\"datePublished\":\"2026-04-03T08:49:45+00:00\",\"dateModified\":\"2026-04-03T08:49:49+00:00\",\"mainEntityOfPage\":{\"@id\":\"https:\/\/nordnesrepublikken.no\/index.php\/2026\/04\/03\/hvor-ligger-artemis-ii-hvordan-folge-astronauter-som-reiser-til-manen-med-nasas-sporer\/\"},\"wordCount\":424,\"publisher\":{\"@id\":\"https:\/\/nordnesrepublikken.no\/#organization\"},\"image\":{\"@id\":\"https:\/\/nordnesrepublikken.no\/index.php\/2026\/04\/03\/hvor-ligger-artemis-ii-hvordan-folge-astronauter-som-reiser-til-manen-med-nasas-sporer\/#primaryimage\"},\"thumbnailUrl\":\"https:\/\/nordnesrepublikken.no\/wp-content\/uploads\/2026\/04\/1775206187_Hvor-ligger-Artemis-II-hvordan-folge-astronauter-som-reiser-til-scaled.jpg\",\"keywords\":[\"Artemis\",\"astronauter\",\"f\u00f8lge\",\"hvor\",\"Hvordan\",\"ligger\",\"m\u00e5nen\",\"med\",\"NASAs\",\"Reiser\",\"som\",\"sporer\",\"til\"],\"articleSection\":[\"Teknologi\"],\"inLanguage\":\"nb-NO\"},{\"@type\":\"WebPage\",\"@id\":\"https:\/\/nordnesrepublikken.no\/index.php\/2026\/04\/03\/hvor-ligger-artemis-ii-hvordan-folge-astronauter-som-reiser-til-manen-med-nasas-sporer\/\",\"url\":\"https:\/\/nordnesrepublikken.no\/index.php\/2026\/04\/03\/hvor-ligger-artemis-ii-hvordan-folge-astronauter-som-reiser-til-manen-med-nasas-sporer\/\",\"name\":\"Hvor ligger Artemis II, hvordan f\u00f8lge astronauter som reiser til m\u00e5nen med NASAs sporer - Nordnesrepublikken\",\"isPartOf\":{\"@id\":\"https:\/\/nordnesrepublikken.no\/#website\"},\"primaryImageOfPage\":{\"@id\":\"https:\/\/nordnesrepublikken.no\/index.php\/2026\/04\/03\/hvor-ligger-artemis-ii-hvordan-folge-astronauter-som-reiser-til-manen-med-nasas-sporer\/#primaryimage\"},\"image\":{\"@id\":\"https:\/\/nordnesrepublikken.no\/index.php\/2026\/04\/03\/hvor-ligger-artemis-ii-hvordan-folge-astronauter-som-reiser-til-manen-med-nasas-sporer\/#primaryimage\"},\"thumbnailUrl\":\"https:\/\/nordnesrepublikken.no\/wp-content\/uploads\/2026\/04\/1775206187_Hvor-ligger-Artemis-II-hvordan-folge-astronauter-som-reiser-til-scaled.jpg\",\"datePublished\":\"2026-04-03T08:49:45+00:00\",\"dateModified\":\"2026-04-03T08:49:49+00:00\",\"breadcrumb\":{\"@id\":\"https:\/\/nordnesrepublikken.no\/index.php\/2026\/04\/03\/hvor-ligger-artemis-ii-hvordan-folge-astronauter-som-reiser-til-manen-med-nasas-sporer\/#breadcrumb\"},\"inLanguage\":\"nb-NO\",\"potentialAction\":[{\"@type\":\"ReadAction\",\"target\":[\"https:\/\/nordnesrepublikken.no\/index.php\/2026\/04\/03\/hvor-ligger-artemis-ii-hvordan-folge-astronauter-som-reiser-til-manen-med-nasas-sporer\/\"]}]},{\"@type\":\"ImageObject\",\"inLanguage\":\"nb-NO\",\"@id\":\"https:\/\/nordnesrepublikken.no\/index.php\/2026\/04\/03\/hvor-ligger-artemis-ii-hvordan-folge-astronauter-som-reiser-til-manen-med-nasas-sporer\/#primaryimage\",\"url\":\"https:\/\/nordnesrepublikken.no\/wp-content\/uploads\/2026\/04\/1775206187_Hvor-ligger-Artemis-II-hvordan-folge-astronauter-som-reiser-til-scaled.jpg\",\"contentUrl\":\"https:\/\/nordnesrepublikken.no\/wp-content\/uploads\/2026\/04\/1775206187_Hvor-ligger-Artemis-II-hvordan-folge-astronauter-som-reiser-til-scaled.jpg\",\"width\":2560,\"height\":1292,\"caption\":\"Hvor ligger Artemis II, hvordan f\u00f8lge astronauter som reiser til m\u00e5nen med NASAs sporer\"},{\"@type\":\"BreadcrumbList\",\"@id\":\"https:\/\/nordnesrepublikken.no\/index.php\/2026\/04\/03\/hvor-ligger-artemis-ii-hvordan-folge-astronauter-som-reiser-til-manen-med-nasas-sporer\/#breadcrumb\",\"itemListElement\":[{\"@type\":\"ListItem\",\"position\":1,\"name\":\"Home\",\"item\":\"https:\/\/nordnesrepublikken.no\/\"},{\"@type\":\"ListItem\",\"position\":2,\"name\":\"Hvor ligger Artemis II, hvordan f\u00f8lge astronauter som reiser til m\u00e5nen med NASAs sporer\"}]},{\"@type\":\"WebSite\",\"@id\":\"https:\/\/nordnesrepublikken.no\/#website\",\"url\":\"https:\/\/nordnesrepublikken.no\/\",\"name\":\"Nordnesrepublikken\",\"description\":\"Stemmer og Visjoner fra Republikkens Hjerte\",\"publisher\":{\"@id\":\"https:\/\/nordnesrepublikken.no\/#organization\"},\"potentialAction\":[{\"@type\":\"SearchAction\",\"target\":{\"@type\":\"EntryPoint\",\"urlTemplate\":\"https:\/\/nordnesrepublikken.no\/?s={search_term_string}\"},\"query-input\":{\"@type\":\"PropertyValueSpecification\",\"valueRequired\":true,\"valueName\":\"search_term_string\"}}],\"inLanguage\":\"nb-NO\"},{\"@type\":\"Organization\",\"@id\":\"https:\/\/nordnesrepublikken.no\/#organization\",\"name\":\"Nordnesrepublikken\",\"url\":\"https:\/\/nordnesrepublikken.no\/\",\"logo\":{\"@type\":\"ImageObject\",\"inLanguage\":\"nb-NO\",\"@id\":\"https:\/\/nordnesrepublikken.no\/#\/schema\/logo\/image\/\",\"url\":\"https:\/\/nordnesrepublikken.no\/wp-content\/uploads\/2025\/02\/cropped-nordnesrepublikken-2.png\",\"contentUrl\":\"https:\/\/nordnesrepublikken.no\/wp-content\/uploads\/2025\/02\/cropped-nordnesrepublikken-2.png\",\"width\":1248,\"height\":362,\"caption\":\"Nordnesrepublikken\"},\"image\":{\"@id\":\"https:\/\/nordnesrepublikken.no\/#\/schema\/logo\/image\/\"}},{\"@type\":\"Person\",\"@id\":\"https:\/\/nordnesrepublikken.no\/#\/schema\/person\/2e7e81935bab77882fffb79296240ff1\",\"name\":\"Ole Andersen\",\"image\":{\"@type\":\"ImageObject\",\"inLanguage\":\"nb-NO\",\"@id\":\"https:\/\/nordnesrepublikken.no\/#\/schema\/person\/image\/\",\"url\":\"https:\/\/nordnesrepublikken.no\/wp-content\/uploads\/2025\/02\/nordnesrepublikken-2-2-150x150.jpg\",\"contentUrl\":\"https:\/\/nordnesrepublikken.no\/wp-content\/uploads\/2025\/02\/nordnesrepublikken-2-2-150x150.jpg\",\"caption\":\"Ole Andersen\"},\"description\":\"Ettersom jeg vokste opp i Oslo, har jeg alltid v\u00e6rt fascinert av ordenes kraft og deres evne til \u00e5 skape endringer. Etter \u00e5 ha fullf\u00f8rt min utdannelse i kommunikasjon ved Universitetet i Bergen, fikk jeg muligheten til \u00e5 jobbe innen ulike medier, der jeg har s\u00f8kt \u00e5 belyse viktige samfunnssp\u00f8rsm\u00e5l. I dag, som redakt\u00f8r for Nordnesrepublikken, pr\u00f8ver jeg \u00e5 forene min kj\u00e6rlighet for journalistikk med min lidenskap for innovasjon og eventyr.\",\"sameAs\":[\"https:\/\/nordnesrepublikken.no\/\"]}]}<\/script>\n<!-- \/ Yoast SEO plugin. -->","yoast_head_json":{"title":"Hvor ligger Artemis II, hvordan f\u00f8lge astronauter som reiser til m\u00e5nen med NASAs sporer - Nordnesrepublikken","robots":{"index":"index","follow":"follow","max-snippet":"max-snippet:-1","max-image-preview":"max-image-preview:large","max-video-preview":"max-video-preview:-1"},"canonical":"https:\/\/nordnesrepublikken.no\/index.php\/2026\/04\/03\/hvor-ligger-artemis-ii-hvordan-folge-astronauter-som-reiser-til-manen-med-nasas-sporer\/","og_locale":"nb_NO","og_type":"article","og_title":"Hvor ligger Artemis II, hvordan f\u00f8lge astronauter som reiser til m\u00e5nen med NASAs sporer - Nordnesrepublikken","og_description":"Er du nysgjerrig p\u00e5 \u00e5 vite hvor de fire astronautene er i akkurat dette \u00f8yeblikket","og_url":"https:\/\/nordnesrepublikken.no\/index.php\/2026\/04\/03\/hvor-ligger-artemis-ii-hvordan-folge-astronauter-som-reiser-til-manen-med-nasas-sporer\/","og_site_name":"Nordnesrepublikken","article_published_time":"2026-04-03T08:49:45+00:00","article_modified_time":"2026-04-03T08:49:49+00:00","og_image":[{"width":2560,"height":1292,"url":"https:\/\/nordnesrepublikken.no\/wp-content\/uploads\/2026\/04\/1775206187_Hvor-ligger-Artemis-II-hvordan-folge-astronauter-som-reiser-til-scaled.jpg","type":"image\/jpeg"}],"author":"Ole Andersen","twitter_card":"summary_large_image","twitter_misc":{"Skrevet av":"Ole Andersen","Ansl. lesetid":"2 minutter"},"schema":{"@context":"https:\/\/schema.org","@graph":[{"@type":"Article","@id":"https:\/\/nordnesrepublikken.no\/index.php\/2026\/04\/03\/hvor-ligger-artemis-ii-hvordan-folge-astronauter-som-reiser-til-manen-med-nasas-sporer\/#article","isPartOf":{"@id":"https:\/\/nordnesrepublikken.no\/index.php\/2026\/04\/03\/hvor-ligger-artemis-ii-hvordan-folge-astronauter-som-reiser-til-manen-med-nasas-sporer\/"},"author":{"name":"Ole Andersen","@id":"https:\/\/nordnesrepublikken.no\/#\/schema\/person\/2e7e81935bab77882fffb79296240ff1"},"headline":"Hvor ligger Artemis II, hvordan f\u00f8lge astronauter som reiser til m\u00e5nen med NASAs sporer","datePublished":"2026-04-03T08:49:45+00:00","dateModified":"2026-04-03T08:49:49+00:00","mainEntityOfPage":{"@id":"https:\/\/nordnesrepublikken.no\/index.php\/2026\/04\/03\/hvor-ligger-artemis-ii-hvordan-folge-astronauter-som-reiser-til-manen-med-nasas-sporer\/"},"wordCount":424,"publisher":{"@id":"https:\/\/nordnesrepublikken.no\/#organization"},"image":{"@id":"https:\/\/nordnesrepublikken.no\/index.php\/2026\/04\/03\/hvor-ligger-artemis-ii-hvordan-folge-astronauter-som-reiser-til-manen-med-nasas-sporer\/#primaryimage"},"thumbnailUrl":"https:\/\/nordnesrepublikken.no\/wp-content\/uploads\/2026\/04\/1775206187_Hvor-ligger-Artemis-II-hvordan-folge-astronauter-som-reiser-til-scaled.jpg","keywords":["Artemis","astronauter","f\u00f8lge","hvor","Hvordan","ligger","m\u00e5nen","med","NASAs","Reiser","som","sporer","til"],"articleSection":["Teknologi"],"inLanguage":"nb-NO"},{"@type":"WebPage","@id":"https:\/\/nordnesrepublikken.no\/index.php\/2026\/04\/03\/hvor-ligger-artemis-ii-hvordan-folge-astronauter-som-reiser-til-manen-med-nasas-sporer\/","url":"https:\/\/nordnesrepublikken.no\/index.php\/2026\/04\/03\/hvor-ligger-artemis-ii-hvordan-folge-astronauter-som-reiser-til-manen-med-nasas-sporer\/","name":"Hvor ligger Artemis II, hvordan f\u00f8lge astronauter som reiser til m\u00e5nen med NASAs sporer - Nordnesrepublikken","isPartOf":{"@id":"https:\/\/nordnesrepublikken.no\/#website"},"primaryImageOfPage":{"@id":"https:\/\/nordnesrepublikken.no\/index.php\/2026\/04\/03\/hvor-ligger-artemis-ii-hvordan-folge-astronauter-som-reiser-til-manen-med-nasas-sporer\/#primaryimage"},"image":{"@id":"https:\/\/nordnesrepublikken.no\/index.php\/2026\/04\/03\/hvor-ligger-artemis-ii-hvordan-folge-astronauter-som-reiser-til-manen-med-nasas-sporer\/#primaryimage"},"thumbnailUrl":"https:\/\/nordnesrepublikken.no\/wp-content\/uploads\/2026\/04\/1775206187_Hvor-ligger-Artemis-II-hvordan-folge-astronauter-som-reiser-til-scaled.jpg","datePublished":"2026-04-03T08:49:45+00:00","dateModified":"2026-04-03T08:49:49+00:00","breadcrumb":{"@id":"https:\/\/nordnesrepublikken.no\/index.php\/2026\/04\/03\/hvor-ligger-artemis-ii-hvordan-folge-astronauter-som-reiser-til-manen-med-nasas-sporer\/#breadcrumb"},"inLanguage":"nb-NO","potentialAction":[{"@type":"ReadAction","target":["https:\/\/nordnesrepublikken.no\/index.php\/2026\/04\/03\/hvor-ligger-artemis-ii-hvordan-folge-astronauter-som-reiser-til-manen-med-nasas-sporer\/"]}]},{"@type":"ImageObject","inLanguage":"nb-NO","@id":"https:\/\/nordnesrepublikken.no\/index.php\/2026\/04\/03\/hvor-ligger-artemis-ii-hvordan-folge-astronauter-som-reiser-til-manen-med-nasas-sporer\/#primaryimage","url":"https:\/\/nordnesrepublikken.no\/wp-content\/uploads\/2026\/04\/1775206187_Hvor-ligger-Artemis-II-hvordan-folge-astronauter-som-reiser-til-scaled.jpg","contentUrl":"https:\/\/nordnesrepublikken.no\/wp-content\/uploads\/2026\/04\/1775206187_Hvor-ligger-Artemis-II-hvordan-folge-astronauter-som-reiser-til-scaled.jpg","width":2560,"height":1292,"caption":"Hvor ligger Artemis II, hvordan f\u00f8lge astronauter som reiser til m\u00e5nen med NASAs sporer"},{"@type":"BreadcrumbList","@id":"https:\/\/nordnesrepublikken.no\/index.php\/2026\/04\/03\/hvor-ligger-artemis-ii-hvordan-folge-astronauter-som-reiser-til-manen-med-nasas-sporer\/#breadcrumb","itemListElement":[{"@type":"ListItem","position":1,"name":"Home","item":"https:\/\/nordnesrepublikken.no\/"},{"@type":"ListItem","position":2,"name":"Hvor ligger Artemis II, hvordan f\u00f8lge astronauter som reiser til m\u00e5nen med NASAs sporer"}]},{"@type":"WebSite","@id":"https:\/\/nordnesrepublikken.no\/#website","url":"https:\/\/nordnesrepublikken.no\/","name":"Nordnesrepublikken","description":"Stemmer og Visjoner fra Republikkens Hjerte","publisher":{"@id":"https:\/\/nordnesrepublikken.no\/#organization"},"potentialAction":[{"@type":"SearchAction","target":{"@type":"EntryPoint","urlTemplate":"https:\/\/nordnesrepublikken.no\/?s={search_term_string}"},"query-input":{"@type":"PropertyValueSpecification","valueRequired":true,"valueName":"search_term_string"}}],"inLanguage":"nb-NO"},{"@type":"Organization","@id":"https:\/\/nordnesrepublikken.no\/#organization","name":"Nordnesrepublikken","url":"https:\/\/nordnesrepublikken.no\/","logo":{"@type":"ImageObject","inLanguage":"nb-NO","@id":"https:\/\/nordnesrepublikken.no\/#\/schema\/logo\/image\/","url":"https:\/\/nordnesrepublikken.no\/wp-content\/uploads\/2025\/02\/cropped-nordnesrepublikken-2.png","contentUrl":"https:\/\/nordnesrepublikken.no\/wp-content\/uploads\/2025\/02\/cropped-nordnesrepublikken-2.png","width":1248,"height":362,"caption":"Nordnesrepublikken"},"image":{"@id":"https:\/\/nordnesrepublikken.no\/#\/schema\/logo\/image\/"}},{"@type":"Person","@id":"https:\/\/nordnesrepublikken.no\/#\/schema\/person\/2e7e81935bab77882fffb79296240ff1","name":"Ole Andersen","image":{"@type":"ImageObject","inLanguage":"nb-NO","@id":"https:\/\/nordnesrepublikken.no\/#\/schema\/person\/image\/","url":"https:\/\/nordnesrepublikken.no\/wp-content\/uploads\/2025\/02\/nordnesrepublikken-2-2-150x150.jpg","contentUrl":"https:\/\/nordnesrepublikken.no\/wp-content\/uploads\/2025\/02\/nordnesrepublikken-2-2-150x150.jpg","caption":"Ole Andersen"},"description":"Ettersom jeg vokste opp i Oslo, har jeg alltid v\u00e6rt fascinert av ordenes kraft og deres evne til \u00e5 skape endringer. Etter \u00e5 ha fullf\u00f8rt min utdannelse i kommunikasjon ved Universitetet i Bergen, fikk jeg muligheten til \u00e5 jobbe innen ulike medier, der jeg har s\u00f8kt \u00e5 belyse viktige samfunnssp\u00f8rsm\u00e5l. I dag, som redakt\u00f8r for Nordnesrepublikken, pr\u00f8ver jeg \u00e5 forene min kj\u00e6rlighet for journalistikk med min lidenskap for innovasjon og eventyr.","sameAs":["https:\/\/nordnesrepublikken.no\/"]}]}},"_links":{"self":[{"href":"https:\/\/nordnesrepublikken.no\/index.php\/wp-json\/wp\/v2\/posts\/16552","targetHints":{"allow":["GET"]}}],"collection":[{"href":"https:\/\/nordnesrepublikken.no\/index.php\/wp-json\/wp\/v2\/posts"}],"about":[{"href":"https:\/\/nordnesrepublikken.no\/index.php\/wp-json\/wp\/v2\/types\/post"}],"author":[{"embeddable":true,"href":"https:\/\/nordnesrepublikken.no\/index.php\/wp-json\/wp\/v2\/users\/1"}],"replies":[{"embeddable":true,"href":"https:\/\/nordnesrepublikken.no\/index.php\/wp-json\/wp\/v2\/comments?post=16552"}],"version-history":[{"count":1,"href":"https:\/\/nordnesrepublikken.no\/index.php\/wp-json\/wp\/v2\/posts\/16552\/revisions"}],"predecessor-version":[{"id":16554,"href":"https:\/\/nordnesrepublikken.no\/index.php\/wp-json\/wp\/v2\/posts\/16552\/revisions\/16554"}],"wp:featuredmedia":[{"embeddable":true,"href":"https:\/\/nordnesrepublikken.no\/index.php\/wp-json\/wp\/v2\/media\/16553"}],"wp:attachment":[{"href":"https:\/\/nordnesrepublikken.no\/index.php\/wp-json\/wp\/v2\/media?parent=16552"}],"wp:term":[{"taxonomy":"category","embeddable":true,"href":"https:\/\/nordnesrepublikken.no\/index.php\/wp-json\/wp\/v2\/categories?post=16552"},{"taxonomy":"post_tag","embeddable":true,"href":"https:\/\/nordnesrepublikken.no\/index.php\/wp-json\/wp\/v2\/tags?post=16552"}],"curies":[{"name":"wp","href":"https:\/\/api.w.org\/{rel}","templated":true}]}}