{"id":16549,"date":"2026-04-03T09:50:15","date_gmt":"2026-04-03T07:50:15","guid":{"rendered":"https:\/\/nordnesrepublikken.no\/index.php\/2026\/04\/03\/fordi-pasken-endrer-dato-hvert-ar-og-i-2026-faller-den-pa-5-april-det-avhenger-av-fullmanen\/"},"modified":"2026-04-03T09:50:21","modified_gmt":"2026-04-03T07:50:21","slug":"fordi-pasken-endrer-dato-hvert-ar-og-i-2026-faller-den-pa-5-april-det-avhenger-av-fullmanen","status":"publish","type":"post","link":"https:\/\/nordnesrepublikken.no\/index.php\/2026\/04\/03\/fordi-pasken-endrer-dato-hvert-ar-og-i-2026-faller-den-pa-5-april-det-avhenger-av-fullmanen\/","title":{"rendered":"Fordi p\u00e5sken endrer dato hvert \u00e5r og i 2026 faller den p\u00e5 5. april: det avhenger av fullm\u00e5nen"},"content":{"rendered":"<div>\n<div class=\"cp_wrapper cp_wrapper--fw mb-30 mb-20@tablet\">\n<figure class=\"mm\"><picture class=\"img\" style=\"padding-top:56.25%\"><source  media=\"(min-width: 1024px)\"><source  media=\"(min-width: 768px)\"><\/source><\/source><\/picture><\/figure>\n<\/p><\/div>\n<p>Der <strong>p\u00e5ske<\/strong> det er der <strong>mobilferie<\/strong> par excellence: datoen, faktisk, <strong>det endres hvert \u00e5r<\/strong> alltid svingende<strong> mellom mars og april<\/strong>. I 2026 faller det for eksempel <strong>den 5. april<\/strong>: men har du noen gang lurt p\u00e5 hvorfor?<\/p>\n<p>Alt avhenger av v\u00e5rens f\u00f8rste fullm\u00e5ne: p\u00e5ske, faktisk, <strong>den faller p\u00e5 s\u00f8ndagen etter den f\u00f8rste fullm\u00e5nen som inntreffer etter 21. mars<\/strong>den konvensjonelle datoen som den er indikert med <strong>v\u00e5rjevnd\u00f8gn<\/strong> (selv om, i motsetning til hva mange tror, \u200b\u200bkan begynnelsen av v\u00e5ren inntreffe mellom 19. og 21. mars). I praksis betyr det at p\u00e5skedag kan skje <strong>over en periode p\u00e5 35 dager<\/strong>som g\u00e5r fra 22. mars til 25. april.<\/p>\n<p>I historien har det imidlertid ikke alltid v\u00e6rt slik: som ogs\u00e5 rapportert av Treccani, er regelen som gjelder i dag i den katolske kirke den som ble etablert med <strong>gregoriansk reform<\/strong> av kalenderen, \u00f8nsket av <strong>Pave Gregor XIII i 1582<\/strong>. Tidligere ble p\u00e5sken imidlertid beregnet etter komplekse regler fastsatt av den julianske kalenderen, som brukte som referanse den 19-\u00e5rige m\u00e5nesyklusen og det s\u00e5kalte &laquo;gyldne tallet&raquo;, som hvert \u00e5r tildelte ordrenummeret i den tilsvarende nitten\u00e5rige syklusen.<\/p>\n<p>Koblingen mellom p\u00e5ske og m\u00e5nekalenderen avhenger av det faktum at<strong> Kristen p\u00e5ske stammer fra j\u00f8disk p\u00e5ske<\/strong> (eller Pesach), opprettet for \u00e5 minne om frigj\u00f8ringen av det j\u00f8diske folket fra slaveri og utvandringen fra Egypt. Opprinnelig ble faktisk kristen p\u00e5ske feiret s\u00f8ndagen etter dagen <strong>14. i m\u00e5neden nisan,<\/strong> akkurat som den j\u00f8diske, men med \u00e5rene ble datoen gjenstand for kontrovers siden den ikke alltid falt p\u00e5 en s\u00f8ndag. I 325 bestemte konsilet i Nikea seg for \u00e5 skille datoen for kristen p\u00e5ske fra den j\u00f8diske, mens den fortsatte \u00e5 beregne den. <strong>basert p\u00e5 m\u00e5nesykluser<\/strong>.<\/p>\n<p>I alle fall b\u00f8r det bemerkes at selv i dag tilsvarer ikke fullm\u00e5nen som brukes til \u00e5 beregne datoen for p\u00e5sken, den virkelige astronomiske, men den s\u00e5kalte &laquo;<strong>kirkelig fullm\u00e5ne&raquo;<\/strong>som bestemmes gjennom et beregningssystem basert p\u00e5<strong>epatta<\/strong> \u2013 et tall som indikerer m\u00e5nens alder 1. januar hvert \u00e5r \u2013 og videre <strong>S\u00f8ndagsbrev<\/strong>som identifiserer hvilken ukedag s\u00f8ndager faller p\u00e5 i et gitt \u00e5r. Mekanismen er derfor bygget for \u00e5 forenkle beregningen og gj\u00f8re den forutsigbar i god tid, uten \u00e5 m\u00e5tte vente p\u00e5 astronomiske observasjoner.<\/p>\n<p>N\u00e5r p\u00e5skedatoen er beregnet, bestemmes alle de andre <strong>bevegelige h\u00f8ytider<\/strong> av det liturgiske \u00e5ret, fra karneval til askeonsdag, fra himmelfart til pinse.<\/p>\n<\/p><\/div>\n","protected":false},"excerpt":{"rendered":"<p>Der p\u00e5ske det er der mobilferie par excellence: datoen, faktisk, det endres hvert \u00e5r alltid<\/p>\n","protected":false},"author":1,"featured_media":16550,"comment_status":"closed","ping_status":"open","sticky":false,"template":"","format":"standard","meta":{"footnotes":""},"categories":[104],"tags":[619,595,4542,6065,74,66,591,496,83,10720,93,81,1056],"class_list":["post-16549","post","type-post","status-publish","format-standard","has-post-thumbnail","hentry","category-samfunn","tag-april","tag-ar","tag-avhenger","tag-dato","tag-den","tag-det","tag-endrer","tag-faller","tag-fordi","tag-fullmanen","tag-hvert","tag-pa","tag-pasken","generate-columns","tablet-grid-50","mobile-grid-100","grid-parent","grid-33","resize-featured-image"],"yoast_head":"<!-- This site is optimized with the Yoast SEO plugin v24.4 - https:\/\/yoast.com\/wordpress\/plugins\/seo\/ -->\n<title>Fordi p\u00e5sken endrer dato hvert \u00e5r og i 2026 faller den p\u00e5 5. april: det avhenger av fullm\u00e5nen - Nordnesrepublikken<\/title>\n<meta name=\"robots\" content=\"index, follow, max-snippet:-1, max-image-preview:large, max-video-preview:-1\" \/>\n<link rel=\"canonical\" href=\"https:\/\/nordnesrepublikken.no\/index.php\/2026\/04\/03\/fordi-pasken-endrer-dato-hvert-ar-og-i-2026-faller-den-pa-5-april-det-avhenger-av-fullmanen\/\" \/>\n<meta property=\"og:locale\" content=\"nb_NO\" \/>\n<meta property=\"og:type\" content=\"article\" \/>\n<meta property=\"og:title\" content=\"Fordi p\u00e5sken endrer dato hvert \u00e5r og i 2026 faller den p\u00e5 5. april: det avhenger av fullm\u00e5nen - Nordnesrepublikken\" \/>\n<meta property=\"og:description\" content=\"Der p\u00e5ske det er der mobilferie par excellence: datoen, faktisk, det endres hvert \u00e5r alltid\" \/>\n<meta property=\"og:url\" content=\"https:\/\/nordnesrepublikken.no\/index.php\/2026\/04\/03\/fordi-pasken-endrer-dato-hvert-ar-og-i-2026-faller-den-pa-5-april-det-avhenger-av-fullmanen\/\" \/>\n<meta property=\"og:site_name\" content=\"Nordnesrepublikken\" \/>\n<meta property=\"article:published_time\" content=\"2026-04-03T07:50:15+00:00\" \/>\n<meta property=\"article:modified_time\" content=\"2026-04-03T07:50:21+00:00\" \/>\n<meta property=\"og:image\" content=\"https:\/\/nordnesrepublikken.no\/wp-content\/uploads\/2026\/04\/1775202617_Fordi-pasken-endrer-dato-hvert-ar-og-i-2026-faller-scaled.jpg\" \/>\n\t<meta property=\"og:image:width\" content=\"2560\" \/>\n\t<meta property=\"og:image:height\" content=\"1440\" \/>\n\t<meta property=\"og:image:type\" content=\"image\/jpeg\" \/>\n<meta name=\"author\" content=\"Ole Andersen\" \/>\n<meta name=\"twitter:card\" content=\"summary_large_image\" \/>\n<meta name=\"twitter:label1\" content=\"Skrevet av\" \/>\n\t<meta name=\"twitter:data1\" content=\"Ole Andersen\" \/>\n\t<meta name=\"twitter:label2\" content=\"Ansl. lesetid\" \/>\n\t<meta name=\"twitter:data2\" content=\"2 minutter\" \/>\n<script type=\"application\/ld+json\" class=\"yoast-schema-graph\">{\"@context\":\"https:\/\/schema.org\",\"@graph\":[{\"@type\":\"Article\",\"@id\":\"https:\/\/nordnesrepublikken.no\/index.php\/2026\/04\/03\/fordi-pasken-endrer-dato-hvert-ar-og-i-2026-faller-den-pa-5-april-det-avhenger-av-fullmanen\/#article\",\"isPartOf\":{\"@id\":\"https:\/\/nordnesrepublikken.no\/index.php\/2026\/04\/03\/fordi-pasken-endrer-dato-hvert-ar-og-i-2026-faller-den-pa-5-april-det-avhenger-av-fullmanen\/\"},\"author\":{\"name\":\"Ole Andersen\",\"@id\":\"https:\/\/nordnesrepublikken.no\/#\/schema\/person\/2e7e81935bab77882fffb79296240ff1\"},\"headline\":\"Fordi p\u00e5sken endrer dato hvert \u00e5r og i 2026 faller den p\u00e5 5. april: det avhenger av fullm\u00e5nen\",\"datePublished\":\"2026-04-03T07:50:15+00:00\",\"dateModified\":\"2026-04-03T07:50:21+00:00\",\"mainEntityOfPage\":{\"@id\":\"https:\/\/nordnesrepublikken.no\/index.php\/2026\/04\/03\/fordi-pasken-endrer-dato-hvert-ar-og-i-2026-faller-den-pa-5-april-det-avhenger-av-fullmanen\/\"},\"wordCount\":424,\"publisher\":{\"@id\":\"https:\/\/nordnesrepublikken.no\/#organization\"},\"image\":{\"@id\":\"https:\/\/nordnesrepublikken.no\/index.php\/2026\/04\/03\/fordi-pasken-endrer-dato-hvert-ar-og-i-2026-faller-den-pa-5-april-det-avhenger-av-fullmanen\/#primaryimage\"},\"thumbnailUrl\":\"https:\/\/nordnesrepublikken.no\/wp-content\/uploads\/2026\/04\/1775202617_Fordi-pasken-endrer-dato-hvert-ar-og-i-2026-faller-scaled.jpg\",\"keywords\":[\"april\",\"\u00e5r\",\"avhenger\",\"dato\",\"den\",\"Det\",\"endrer\",\"faller\",\"Fordi\",\"fullm\u00e5nen\",\"hvert\",\"p\u00e5\",\"P\u00e5sken\"],\"articleSection\":[\"Samfunn\"],\"inLanguage\":\"nb-NO\"},{\"@type\":\"WebPage\",\"@id\":\"https:\/\/nordnesrepublikken.no\/index.php\/2026\/04\/03\/fordi-pasken-endrer-dato-hvert-ar-og-i-2026-faller-den-pa-5-april-det-avhenger-av-fullmanen\/\",\"url\":\"https:\/\/nordnesrepublikken.no\/index.php\/2026\/04\/03\/fordi-pasken-endrer-dato-hvert-ar-og-i-2026-faller-den-pa-5-april-det-avhenger-av-fullmanen\/\",\"name\":\"Fordi p\u00e5sken endrer dato hvert \u00e5r og i 2026 faller den p\u00e5 5. april: det avhenger av fullm\u00e5nen - Nordnesrepublikken\",\"isPartOf\":{\"@id\":\"https:\/\/nordnesrepublikken.no\/#website\"},\"primaryImageOfPage\":{\"@id\":\"https:\/\/nordnesrepublikken.no\/index.php\/2026\/04\/03\/fordi-pasken-endrer-dato-hvert-ar-og-i-2026-faller-den-pa-5-april-det-avhenger-av-fullmanen\/#primaryimage\"},\"image\":{\"@id\":\"https:\/\/nordnesrepublikken.no\/index.php\/2026\/04\/03\/fordi-pasken-endrer-dato-hvert-ar-og-i-2026-faller-den-pa-5-april-det-avhenger-av-fullmanen\/#primaryimage\"},\"thumbnailUrl\":\"https:\/\/nordnesrepublikken.no\/wp-content\/uploads\/2026\/04\/1775202617_Fordi-pasken-endrer-dato-hvert-ar-og-i-2026-faller-scaled.jpg\",\"datePublished\":\"2026-04-03T07:50:15+00:00\",\"dateModified\":\"2026-04-03T07:50:21+00:00\",\"breadcrumb\":{\"@id\":\"https:\/\/nordnesrepublikken.no\/index.php\/2026\/04\/03\/fordi-pasken-endrer-dato-hvert-ar-og-i-2026-faller-den-pa-5-april-det-avhenger-av-fullmanen\/#breadcrumb\"},\"inLanguage\":\"nb-NO\",\"potentialAction\":[{\"@type\":\"ReadAction\",\"target\":[\"https:\/\/nordnesrepublikken.no\/index.php\/2026\/04\/03\/fordi-pasken-endrer-dato-hvert-ar-og-i-2026-faller-den-pa-5-april-det-avhenger-av-fullmanen\/\"]}]},{\"@type\":\"ImageObject\",\"inLanguage\":\"nb-NO\",\"@id\":\"https:\/\/nordnesrepublikken.no\/index.php\/2026\/04\/03\/fordi-pasken-endrer-dato-hvert-ar-og-i-2026-faller-den-pa-5-april-det-avhenger-av-fullmanen\/#primaryimage\",\"url\":\"https:\/\/nordnesrepublikken.no\/wp-content\/uploads\/2026\/04\/1775202617_Fordi-pasken-endrer-dato-hvert-ar-og-i-2026-faller-scaled.jpg\",\"contentUrl\":\"https:\/\/nordnesrepublikken.no\/wp-content\/uploads\/2026\/04\/1775202617_Fordi-pasken-endrer-dato-hvert-ar-og-i-2026-faller-scaled.jpg\",\"width\":2560,\"height\":1440,\"caption\":\"Fordi p\u00e5sken endrer dato hvert \u00e5r og i 2026 faller den p\u00e5 5. april: det avhenger av fullm\u00e5nen\"},{\"@type\":\"BreadcrumbList\",\"@id\":\"https:\/\/nordnesrepublikken.no\/index.php\/2026\/04\/03\/fordi-pasken-endrer-dato-hvert-ar-og-i-2026-faller-den-pa-5-april-det-avhenger-av-fullmanen\/#breadcrumb\",\"itemListElement\":[{\"@type\":\"ListItem\",\"position\":1,\"name\":\"Home\",\"item\":\"https:\/\/nordnesrepublikken.no\/\"},{\"@type\":\"ListItem\",\"position\":2,\"name\":\"Fordi p\u00e5sken endrer dato hvert \u00e5r og i 2026 faller den p\u00e5 5. april: det avhenger av fullm\u00e5nen\"}]},{\"@type\":\"WebSite\",\"@id\":\"https:\/\/nordnesrepublikken.no\/#website\",\"url\":\"https:\/\/nordnesrepublikken.no\/\",\"name\":\"Nordnesrepublikken\",\"description\":\"Stemmer og Visjoner fra Republikkens Hjerte\",\"publisher\":{\"@id\":\"https:\/\/nordnesrepublikken.no\/#organization\"},\"potentialAction\":[{\"@type\":\"SearchAction\",\"target\":{\"@type\":\"EntryPoint\",\"urlTemplate\":\"https:\/\/nordnesrepublikken.no\/?s={search_term_string}\"},\"query-input\":{\"@type\":\"PropertyValueSpecification\",\"valueRequired\":true,\"valueName\":\"search_term_string\"}}],\"inLanguage\":\"nb-NO\"},{\"@type\":\"Organization\",\"@id\":\"https:\/\/nordnesrepublikken.no\/#organization\",\"name\":\"Nordnesrepublikken\",\"url\":\"https:\/\/nordnesrepublikken.no\/\",\"logo\":{\"@type\":\"ImageObject\",\"inLanguage\":\"nb-NO\",\"@id\":\"https:\/\/nordnesrepublikken.no\/#\/schema\/logo\/image\/\",\"url\":\"https:\/\/nordnesrepublikken.no\/wp-content\/uploads\/2025\/02\/cropped-nordnesrepublikken-2.png\",\"contentUrl\":\"https:\/\/nordnesrepublikken.no\/wp-content\/uploads\/2025\/02\/cropped-nordnesrepublikken-2.png\",\"width\":1248,\"height\":362,\"caption\":\"Nordnesrepublikken\"},\"image\":{\"@id\":\"https:\/\/nordnesrepublikken.no\/#\/schema\/logo\/image\/\"}},{\"@type\":\"Person\",\"@id\":\"https:\/\/nordnesrepublikken.no\/#\/schema\/person\/2e7e81935bab77882fffb79296240ff1\",\"name\":\"Ole Andersen\",\"image\":{\"@type\":\"ImageObject\",\"inLanguage\":\"nb-NO\",\"@id\":\"https:\/\/nordnesrepublikken.no\/#\/schema\/person\/image\/\",\"url\":\"https:\/\/nordnesrepublikken.no\/wp-content\/uploads\/2025\/02\/nordnesrepublikken-2-2-150x150.jpg\",\"contentUrl\":\"https:\/\/nordnesrepublikken.no\/wp-content\/uploads\/2025\/02\/nordnesrepublikken-2-2-150x150.jpg\",\"caption\":\"Ole Andersen\"},\"description\":\"Ettersom jeg vokste opp i Oslo, har jeg alltid v\u00e6rt fascinert av ordenes kraft og deres evne til \u00e5 skape endringer. Etter \u00e5 ha fullf\u00f8rt min utdannelse i kommunikasjon ved Universitetet i Bergen, fikk jeg muligheten til \u00e5 jobbe innen ulike medier, der jeg har s\u00f8kt \u00e5 belyse viktige samfunnssp\u00f8rsm\u00e5l. I dag, som redakt\u00f8r for Nordnesrepublikken, pr\u00f8ver jeg \u00e5 forene min kj\u00e6rlighet for journalistikk med min lidenskap for innovasjon og eventyr.\",\"sameAs\":[\"https:\/\/nordnesrepublikken.no\/\"]}]}<\/script>\n<!-- \/ Yoast SEO plugin. -->","yoast_head_json":{"title":"Fordi p\u00e5sken endrer dato hvert \u00e5r og i 2026 faller den p\u00e5 5. april: det avhenger av fullm\u00e5nen - Nordnesrepublikken","robots":{"index":"index","follow":"follow","max-snippet":"max-snippet:-1","max-image-preview":"max-image-preview:large","max-video-preview":"max-video-preview:-1"},"canonical":"https:\/\/nordnesrepublikken.no\/index.php\/2026\/04\/03\/fordi-pasken-endrer-dato-hvert-ar-og-i-2026-faller-den-pa-5-april-det-avhenger-av-fullmanen\/","og_locale":"nb_NO","og_type":"article","og_title":"Fordi p\u00e5sken endrer dato hvert \u00e5r og i 2026 faller den p\u00e5 5. april: det avhenger av fullm\u00e5nen - Nordnesrepublikken","og_description":"Der p\u00e5ske det er der mobilferie par excellence: datoen, faktisk, det endres hvert \u00e5r alltid","og_url":"https:\/\/nordnesrepublikken.no\/index.php\/2026\/04\/03\/fordi-pasken-endrer-dato-hvert-ar-og-i-2026-faller-den-pa-5-april-det-avhenger-av-fullmanen\/","og_site_name":"Nordnesrepublikken","article_published_time":"2026-04-03T07:50:15+00:00","article_modified_time":"2026-04-03T07:50:21+00:00","og_image":[{"width":2560,"height":1440,"url":"https:\/\/nordnesrepublikken.no\/wp-content\/uploads\/2026\/04\/1775202617_Fordi-pasken-endrer-dato-hvert-ar-og-i-2026-faller-scaled.jpg","type":"image\/jpeg"}],"author":"Ole Andersen","twitter_card":"summary_large_image","twitter_misc":{"Skrevet av":"Ole Andersen","Ansl. lesetid":"2 minutter"},"schema":{"@context":"https:\/\/schema.org","@graph":[{"@type":"Article","@id":"https:\/\/nordnesrepublikken.no\/index.php\/2026\/04\/03\/fordi-pasken-endrer-dato-hvert-ar-og-i-2026-faller-den-pa-5-april-det-avhenger-av-fullmanen\/#article","isPartOf":{"@id":"https:\/\/nordnesrepublikken.no\/index.php\/2026\/04\/03\/fordi-pasken-endrer-dato-hvert-ar-og-i-2026-faller-den-pa-5-april-det-avhenger-av-fullmanen\/"},"author":{"name":"Ole Andersen","@id":"https:\/\/nordnesrepublikken.no\/#\/schema\/person\/2e7e81935bab77882fffb79296240ff1"},"headline":"Fordi p\u00e5sken endrer dato hvert \u00e5r og i 2026 faller den p\u00e5 5. april: det avhenger av fullm\u00e5nen","datePublished":"2026-04-03T07:50:15+00:00","dateModified":"2026-04-03T07:50:21+00:00","mainEntityOfPage":{"@id":"https:\/\/nordnesrepublikken.no\/index.php\/2026\/04\/03\/fordi-pasken-endrer-dato-hvert-ar-og-i-2026-faller-den-pa-5-april-det-avhenger-av-fullmanen\/"},"wordCount":424,"publisher":{"@id":"https:\/\/nordnesrepublikken.no\/#organization"},"image":{"@id":"https:\/\/nordnesrepublikken.no\/index.php\/2026\/04\/03\/fordi-pasken-endrer-dato-hvert-ar-og-i-2026-faller-den-pa-5-april-det-avhenger-av-fullmanen\/#primaryimage"},"thumbnailUrl":"https:\/\/nordnesrepublikken.no\/wp-content\/uploads\/2026\/04\/1775202617_Fordi-pasken-endrer-dato-hvert-ar-og-i-2026-faller-scaled.jpg","keywords":["april","\u00e5r","avhenger","dato","den","Det","endrer","faller","Fordi","fullm\u00e5nen","hvert","p\u00e5","P\u00e5sken"],"articleSection":["Samfunn"],"inLanguage":"nb-NO"},{"@type":"WebPage","@id":"https:\/\/nordnesrepublikken.no\/index.php\/2026\/04\/03\/fordi-pasken-endrer-dato-hvert-ar-og-i-2026-faller-den-pa-5-april-det-avhenger-av-fullmanen\/","url":"https:\/\/nordnesrepublikken.no\/index.php\/2026\/04\/03\/fordi-pasken-endrer-dato-hvert-ar-og-i-2026-faller-den-pa-5-april-det-avhenger-av-fullmanen\/","name":"Fordi p\u00e5sken endrer dato hvert \u00e5r og i 2026 faller den p\u00e5 5. april: det avhenger av fullm\u00e5nen - Nordnesrepublikken","isPartOf":{"@id":"https:\/\/nordnesrepublikken.no\/#website"},"primaryImageOfPage":{"@id":"https:\/\/nordnesrepublikken.no\/index.php\/2026\/04\/03\/fordi-pasken-endrer-dato-hvert-ar-og-i-2026-faller-den-pa-5-april-det-avhenger-av-fullmanen\/#primaryimage"},"image":{"@id":"https:\/\/nordnesrepublikken.no\/index.php\/2026\/04\/03\/fordi-pasken-endrer-dato-hvert-ar-og-i-2026-faller-den-pa-5-april-det-avhenger-av-fullmanen\/#primaryimage"},"thumbnailUrl":"https:\/\/nordnesrepublikken.no\/wp-content\/uploads\/2026\/04\/1775202617_Fordi-pasken-endrer-dato-hvert-ar-og-i-2026-faller-scaled.jpg","datePublished":"2026-04-03T07:50:15+00:00","dateModified":"2026-04-03T07:50:21+00:00","breadcrumb":{"@id":"https:\/\/nordnesrepublikken.no\/index.php\/2026\/04\/03\/fordi-pasken-endrer-dato-hvert-ar-og-i-2026-faller-den-pa-5-april-det-avhenger-av-fullmanen\/#breadcrumb"},"inLanguage":"nb-NO","potentialAction":[{"@type":"ReadAction","target":["https:\/\/nordnesrepublikken.no\/index.php\/2026\/04\/03\/fordi-pasken-endrer-dato-hvert-ar-og-i-2026-faller-den-pa-5-april-det-avhenger-av-fullmanen\/"]}]},{"@type":"ImageObject","inLanguage":"nb-NO","@id":"https:\/\/nordnesrepublikken.no\/index.php\/2026\/04\/03\/fordi-pasken-endrer-dato-hvert-ar-og-i-2026-faller-den-pa-5-april-det-avhenger-av-fullmanen\/#primaryimage","url":"https:\/\/nordnesrepublikken.no\/wp-content\/uploads\/2026\/04\/1775202617_Fordi-pasken-endrer-dato-hvert-ar-og-i-2026-faller-scaled.jpg","contentUrl":"https:\/\/nordnesrepublikken.no\/wp-content\/uploads\/2026\/04\/1775202617_Fordi-pasken-endrer-dato-hvert-ar-og-i-2026-faller-scaled.jpg","width":2560,"height":1440,"caption":"Fordi p\u00e5sken endrer dato hvert \u00e5r og i 2026 faller den p\u00e5 5. april: det avhenger av fullm\u00e5nen"},{"@type":"BreadcrumbList","@id":"https:\/\/nordnesrepublikken.no\/index.php\/2026\/04\/03\/fordi-pasken-endrer-dato-hvert-ar-og-i-2026-faller-den-pa-5-april-det-avhenger-av-fullmanen\/#breadcrumb","itemListElement":[{"@type":"ListItem","position":1,"name":"Home","item":"https:\/\/nordnesrepublikken.no\/"},{"@type":"ListItem","position":2,"name":"Fordi p\u00e5sken endrer dato hvert \u00e5r og i 2026 faller den p\u00e5 5. april: det avhenger av fullm\u00e5nen"}]},{"@type":"WebSite","@id":"https:\/\/nordnesrepublikken.no\/#website","url":"https:\/\/nordnesrepublikken.no\/","name":"Nordnesrepublikken","description":"Stemmer og Visjoner fra Republikkens Hjerte","publisher":{"@id":"https:\/\/nordnesrepublikken.no\/#organization"},"potentialAction":[{"@type":"SearchAction","target":{"@type":"EntryPoint","urlTemplate":"https:\/\/nordnesrepublikken.no\/?s={search_term_string}"},"query-input":{"@type":"PropertyValueSpecification","valueRequired":true,"valueName":"search_term_string"}}],"inLanguage":"nb-NO"},{"@type":"Organization","@id":"https:\/\/nordnesrepublikken.no\/#organization","name":"Nordnesrepublikken","url":"https:\/\/nordnesrepublikken.no\/","logo":{"@type":"ImageObject","inLanguage":"nb-NO","@id":"https:\/\/nordnesrepublikken.no\/#\/schema\/logo\/image\/","url":"https:\/\/nordnesrepublikken.no\/wp-content\/uploads\/2025\/02\/cropped-nordnesrepublikken-2.png","contentUrl":"https:\/\/nordnesrepublikken.no\/wp-content\/uploads\/2025\/02\/cropped-nordnesrepublikken-2.png","width":1248,"height":362,"caption":"Nordnesrepublikken"},"image":{"@id":"https:\/\/nordnesrepublikken.no\/#\/schema\/logo\/image\/"}},{"@type":"Person","@id":"https:\/\/nordnesrepublikken.no\/#\/schema\/person\/2e7e81935bab77882fffb79296240ff1","name":"Ole Andersen","image":{"@type":"ImageObject","inLanguage":"nb-NO","@id":"https:\/\/nordnesrepublikken.no\/#\/schema\/person\/image\/","url":"https:\/\/nordnesrepublikken.no\/wp-content\/uploads\/2025\/02\/nordnesrepublikken-2-2-150x150.jpg","contentUrl":"https:\/\/nordnesrepublikken.no\/wp-content\/uploads\/2025\/02\/nordnesrepublikken-2-2-150x150.jpg","caption":"Ole Andersen"},"description":"Ettersom jeg vokste opp i Oslo, har jeg alltid v\u00e6rt fascinert av ordenes kraft og deres evne til \u00e5 skape endringer. Etter \u00e5 ha fullf\u00f8rt min utdannelse i kommunikasjon ved Universitetet i Bergen, fikk jeg muligheten til \u00e5 jobbe innen ulike medier, der jeg har s\u00f8kt \u00e5 belyse viktige samfunnssp\u00f8rsm\u00e5l. I dag, som redakt\u00f8r for Nordnesrepublikken, pr\u00f8ver jeg \u00e5 forene min kj\u00e6rlighet for journalistikk med min lidenskap for innovasjon og eventyr.","sameAs":["https:\/\/nordnesrepublikken.no\/"]}]}},"_links":{"self":[{"href":"https:\/\/nordnesrepublikken.no\/index.php\/wp-json\/wp\/v2\/posts\/16549","targetHints":{"allow":["GET"]}}],"collection":[{"href":"https:\/\/nordnesrepublikken.no\/index.php\/wp-json\/wp\/v2\/posts"}],"about":[{"href":"https:\/\/nordnesrepublikken.no\/index.php\/wp-json\/wp\/v2\/types\/post"}],"author":[{"embeddable":true,"href":"https:\/\/nordnesrepublikken.no\/index.php\/wp-json\/wp\/v2\/users\/1"}],"replies":[{"embeddable":true,"href":"https:\/\/nordnesrepublikken.no\/index.php\/wp-json\/wp\/v2\/comments?post=16549"}],"version-history":[{"count":1,"href":"https:\/\/nordnesrepublikken.no\/index.php\/wp-json\/wp\/v2\/posts\/16549\/revisions"}],"predecessor-version":[{"id":16551,"href":"https:\/\/nordnesrepublikken.no\/index.php\/wp-json\/wp\/v2\/posts\/16549\/revisions\/16551"}],"wp:featuredmedia":[{"embeddable":true,"href":"https:\/\/nordnesrepublikken.no\/index.php\/wp-json\/wp\/v2\/media\/16550"}],"wp:attachment":[{"href":"https:\/\/nordnesrepublikken.no\/index.php\/wp-json\/wp\/v2\/media?parent=16549"}],"wp:term":[{"taxonomy":"category","embeddable":true,"href":"https:\/\/nordnesrepublikken.no\/index.php\/wp-json\/wp\/v2\/categories?post=16549"},{"taxonomy":"post_tag","embeddable":true,"href":"https:\/\/nordnesrepublikken.no\/index.php\/wp-json\/wp\/v2\/tags?post=16549"}],"curies":[{"name":"wp","href":"https:\/\/api.w.org\/{rel}","templated":true}]}}