{"id":16546,"date":"2026-04-03T08:49:53","date_gmt":"2026-04-03T06:49:53","guid":{"rendered":"https:\/\/nordnesrepublikken.no\/index.php\/2026\/04\/03\/eiendomsboom-i-malaga-presser-kystprisene-naermere-madrid-og-barcelona-nivaene\/"},"modified":"2026-04-03T08:49:55","modified_gmt":"2026-04-03T06:49:55","slug":"eiendomsboom-i-malaga-presser-kystprisene-naermere-madrid-og-barcelona-nivaene","status":"publish","type":"post","link":"https:\/\/nordnesrepublikken.no\/index.php\/2026\/04\/03\/eiendomsboom-i-malaga-presser-kystprisene-naermere-madrid-og-barcelona-nivaene\/","title":{"rendered":"Eiendomsboom i Malaga presser kystprisene n\u00e6rmere Madrid- og Barcelona-niv\u00e5ene"},"content":{"rendered":"<p><\/p>\n<div class=\"wordpress-content\">\n                    <!-- Article Start --><\/p>\n<p class=\"p1\">Malaga har steget dramatisk p\u00e5 Spanias eiendomskart for de h\u00f8yeste prisene det siste \u00e5ret. Offisielle tall har avsl\u00f8rt kraftige \u00f8kninger i b\u00e5de nye og brukte boliger over hele byen og dens popul\u00e6re Costa del Sol-byer, som matcher eller overg\u00e5r veksten sett i store bysentre.<\/p>\n<h2 class=\"p1\">Nye boliger driver den sterkeste \u00f8kningen i Malagas hovedstad<\/h2>\n<p class=\"p1\">Friske boligutbygginger har sett spesielt sterk p\u00e5skj\u00f8nnelse. Verdiene i Malaga by steg betydelig for eiendommer opp til fem \u00e5r gamle, noe som reduserte gapet med premiummarkeder som Madrid og San Sebastian. Denne akselerasjonen plasserer den andalusiske hovedstaden godt over byer som Sevilla og Valencia, mens den n\u00e6rmer seg mer Bilbaos pristerritorium.<\/p>\n<p class=\"p1\">Enkelte kystomr\u00e5der har n\u00e5 noen av de h\u00f8yeste tallene p\u00e5 landsbasis. Byer inkludert Marbella, Estepona, Fuengirola og Torremolinos har alle registrert massive \u00f8kninger, og etablerte Costa del Sol som et av Spanias dyreste boligomr\u00e5der. Flere steder der ligger n\u00e5 komfortabelt i h\u00f8ye prisb\u00e5nd som tidligere var dominert av byer.<\/p>\n<div class=\"sra_unit\"><link rel=\"stylesheet\" id=\"block-sra\" href=\"https:\/\/euroweeklynews.com\/wp-content\/plugins\/snack-related-articles\/dist\/css\/snack-related.min.css?250312-193541\" type=\"text\/css\" media=\"all\">\n<\/div>\n<h2 class=\"p1\">Tosifrede stigninger spredt over hele regionen<\/h2>\n<p class=\"p1\">Byene rundt har ogs\u00e5 opplevd konsekvent press oppover. Mange kyst- og innlandssteder hadde tosifrede gevinster for de totale boligverdiene. Omr\u00e5der lenger fra kysten, inkludert deler av storbyens utkanter, ble ogs\u00e5 vitne til solid verdsettelse, noe som gjenspeiler bredere ettersp\u00f8rsel over hele provinsen.<\/p>\n<p class=\"p1\">Sammenligninger med andre ledende spanske byer gj\u00f8r oppmerksom p\u00e5 Malagas momentum. Mens Madrid og San Sebastian fortsatte \u00e5 lede i visse segmenter, skilte den s\u00f8rlige regionens \u00f8kning seg ut for sin intensitet innenfor en s\u00e5 kort tidsramme. Barcelona, \u200b\u200bValencia og Sevilla viste mer moderate stigninger.<\/p>\n<h2 class=\"p1\">Bekymringer om tilgjengelighet oppst\u00e5r fra en slik vedvarende ettersp\u00f8rsel<\/h2>\n<p class=\"p1\">Denne raske \u00f8kningen har forankret Malaga godt blant Spanias premium eiendomsmarkeder, b\u00e5de i absolutte prisniv\u00e5er og popularitets\u00f8kning. Kj\u00f8pere st\u00e5r n\u00e5 overfor mye h\u00f8yere inngangspunkter enn det andalusiske eller nasjonale gjennomsnittet, noe som reiser sp\u00f8rsm\u00e5l om rimelige boliger.<\/p>\n<p class=\"p1\">Lokale l\u00f8nns\u00f8kninger kan ikke holde tritt med disse raske endringene, noe som reiser sp\u00f8rsm\u00e5l om leieeffekter og potensiell forflytning av innbyggere mot rimeligere periferi. Markedets raske transformasjon er bevis p\u00e5 intens kj\u00f8perinteresse, drevet av omr\u00e5dets livsstilsappell og investeringspotensial.<\/p>\n<p class=\"p1\">Bransjeobservat\u00f8rer bekymrer seg for at en slik kondensert vekst kan omforme langsiktige oppholdsm\u00f8nstre langs Costa del Sol. Med ettersp\u00f8rselen som viser f\u00e5 tegn til lettelser, f\u00f8lger interessenter n\u00f8ye med for \u00e5 se hvordan tilbudsreaksjoner og politiske tiltak kan adressere det \u00f8kende rimelighetsgapet i dette s\u00f8rlige hotspot.<\/p>\n<p>                    <!-- Originally published at https:\/\/euroweeklynews.com\/2026\/04\/02\/malaga-property-boom-pushes-coastal-prices-closer-to-madrid-and-barcelona-levels\/ on 02 Apr 2026 at 20:19 by Adam Woodward --><br \/>\n                    <!-- Article End -->\n                <\/div>\n","protected":false},"excerpt":{"rendered":"<p>Malaga har steget dramatisk p\u00e5 Spanias eiendomskart for de h\u00f8yeste prisene det siste \u00e5ret. Offisielle<\/p>\n","protected":false},"author":1,"featured_media":16547,"comment_status":"closed","ping_status":"open","sticky":false,"template":"","format":"standard","meta":{"footnotes":""},"categories":[105],"tags":[10719,10229,10718,2049,1569,7240,18],"class_list":["post-16546","post","type-post","status-publish","format-standard","has-post-thumbnail","hentry","category-livsstil","tag-barcelonanivaene","tag-eiendomsboom","tag-kystprisene","tag-madrid","tag-malaga","tag-naermere","tag-presser","generate-columns","tablet-grid-50","mobile-grid-100","grid-parent","grid-33","resize-featured-image"],"yoast_head":"<!-- This site is optimized with the Yoast SEO plugin v24.4 - https:\/\/yoast.com\/wordpress\/plugins\/seo\/ -->\n<title>Eiendomsboom i Malaga presser kystprisene n\u00e6rmere Madrid- og Barcelona-niv\u00e5ene - Nordnesrepublikken<\/title>\n<meta name=\"robots\" content=\"index, follow, max-snippet:-1, max-image-preview:large, max-video-preview:-1\" \/>\n<link rel=\"canonical\" href=\"https:\/\/nordnesrepublikken.no\/index.php\/2026\/04\/03\/eiendomsboom-i-malaga-presser-kystprisene-naermere-madrid-og-barcelona-nivaene\/\" \/>\n<meta property=\"og:locale\" content=\"nb_NO\" \/>\n<meta property=\"og:type\" content=\"article\" \/>\n<meta property=\"og:title\" content=\"Eiendomsboom i Malaga presser kystprisene n\u00e6rmere Madrid- og Barcelona-niv\u00e5ene - Nordnesrepublikken\" \/>\n<meta property=\"og:description\" content=\"Malaga har steget dramatisk p\u00e5 Spanias eiendomskart for de h\u00f8yeste prisene det siste \u00e5ret. Offisielle\" \/>\n<meta property=\"og:url\" content=\"https:\/\/nordnesrepublikken.no\/index.php\/2026\/04\/03\/eiendomsboom-i-malaga-presser-kystprisene-naermere-madrid-og-barcelona-nivaene\/\" \/>\n<meta property=\"og:site_name\" content=\"Nordnesrepublikken\" \/>\n<meta property=\"article:published_time\" content=\"2026-04-03T06:49:53+00:00\" \/>\n<meta property=\"article:modified_time\" content=\"2026-04-03T06:49:55+00:00\" \/>\n<meta property=\"og:image\" content=\"https:\/\/nordnesrepublikken.no\/wp-content\/uploads\/2026\/04\/1775198994_Eiendomsboom-i-Malaga-presser-kystprisene-naermere-Madrid-og-Barcelona-nivaene.jpg\" \/>\n\t<meta property=\"og:image:width\" content=\"1200\" \/>\n\t<meta property=\"og:image:height\" content=\"779\" \/>\n\t<meta property=\"og:image:type\" content=\"image\/jpeg\" \/>\n<meta name=\"author\" content=\"Ole Andersen\" \/>\n<meta name=\"twitter:card\" content=\"summary_large_image\" \/>\n<meta name=\"twitter:label1\" content=\"Skrevet av\" \/>\n\t<meta name=\"twitter:data1\" content=\"Ole Andersen\" \/>\n\t<meta name=\"twitter:label2\" content=\"Ansl. lesetid\" \/>\n\t<meta name=\"twitter:data2\" content=\"2 minutter\" \/>\n<script type=\"application\/ld+json\" class=\"yoast-schema-graph\">{\"@context\":\"https:\/\/schema.org\",\"@graph\":[{\"@type\":\"Article\",\"@id\":\"https:\/\/nordnesrepublikken.no\/index.php\/2026\/04\/03\/eiendomsboom-i-malaga-presser-kystprisene-naermere-madrid-og-barcelona-nivaene\/#article\",\"isPartOf\":{\"@id\":\"https:\/\/nordnesrepublikken.no\/index.php\/2026\/04\/03\/eiendomsboom-i-malaga-presser-kystprisene-naermere-madrid-og-barcelona-nivaene\/\"},\"author\":{\"name\":\"Ole Andersen\",\"@id\":\"https:\/\/nordnesrepublikken.no\/#\/schema\/person\/2e7e81935bab77882fffb79296240ff1\"},\"headline\":\"Eiendomsboom i Malaga presser kystprisene n\u00e6rmere Madrid- og Barcelona-niv\u00e5ene\",\"datePublished\":\"2026-04-03T06:49:53+00:00\",\"dateModified\":\"2026-04-03T06:49:55+00:00\",\"mainEntityOfPage\":{\"@id\":\"https:\/\/nordnesrepublikken.no\/index.php\/2026\/04\/03\/eiendomsboom-i-malaga-presser-kystprisene-naermere-madrid-og-barcelona-nivaene\/\"},\"wordCount\":424,\"publisher\":{\"@id\":\"https:\/\/nordnesrepublikken.no\/#organization\"},\"image\":{\"@id\":\"https:\/\/nordnesrepublikken.no\/index.php\/2026\/04\/03\/eiendomsboom-i-malaga-presser-kystprisene-naermere-madrid-og-barcelona-nivaene\/#primaryimage\"},\"thumbnailUrl\":\"https:\/\/nordnesrepublikken.no\/wp-content\/uploads\/2026\/04\/1775198994_Eiendomsboom-i-Malaga-presser-kystprisene-naermere-Madrid-og-Barcelona-nivaene.jpg\",\"keywords\":[\"Barcelonaniv\u00e5ene\",\"eiendomsboom\",\"kystprisene\",\"Madrid\",\"Malaga\",\"n\u00e6rmere\",\"presser\"],\"articleSection\":[\"Livsstil\"],\"inLanguage\":\"nb-NO\"},{\"@type\":\"WebPage\",\"@id\":\"https:\/\/nordnesrepublikken.no\/index.php\/2026\/04\/03\/eiendomsboom-i-malaga-presser-kystprisene-naermere-madrid-og-barcelona-nivaene\/\",\"url\":\"https:\/\/nordnesrepublikken.no\/index.php\/2026\/04\/03\/eiendomsboom-i-malaga-presser-kystprisene-naermere-madrid-og-barcelona-nivaene\/\",\"name\":\"Eiendomsboom i Malaga presser kystprisene n\u00e6rmere Madrid- og Barcelona-niv\u00e5ene - Nordnesrepublikken\",\"isPartOf\":{\"@id\":\"https:\/\/nordnesrepublikken.no\/#website\"},\"primaryImageOfPage\":{\"@id\":\"https:\/\/nordnesrepublikken.no\/index.php\/2026\/04\/03\/eiendomsboom-i-malaga-presser-kystprisene-naermere-madrid-og-barcelona-nivaene\/#primaryimage\"},\"image\":{\"@id\":\"https:\/\/nordnesrepublikken.no\/index.php\/2026\/04\/03\/eiendomsboom-i-malaga-presser-kystprisene-naermere-madrid-og-barcelona-nivaene\/#primaryimage\"},\"thumbnailUrl\":\"https:\/\/nordnesrepublikken.no\/wp-content\/uploads\/2026\/04\/1775198994_Eiendomsboom-i-Malaga-presser-kystprisene-naermere-Madrid-og-Barcelona-nivaene.jpg\",\"datePublished\":\"2026-04-03T06:49:53+00:00\",\"dateModified\":\"2026-04-03T06:49:55+00:00\",\"breadcrumb\":{\"@id\":\"https:\/\/nordnesrepublikken.no\/index.php\/2026\/04\/03\/eiendomsboom-i-malaga-presser-kystprisene-naermere-madrid-og-barcelona-nivaene\/#breadcrumb\"},\"inLanguage\":\"nb-NO\",\"potentialAction\":[{\"@type\":\"ReadAction\",\"target\":[\"https:\/\/nordnesrepublikken.no\/index.php\/2026\/04\/03\/eiendomsboom-i-malaga-presser-kystprisene-naermere-madrid-og-barcelona-nivaene\/\"]}]},{\"@type\":\"ImageObject\",\"inLanguage\":\"nb-NO\",\"@id\":\"https:\/\/nordnesrepublikken.no\/index.php\/2026\/04\/03\/eiendomsboom-i-malaga-presser-kystprisene-naermere-madrid-og-barcelona-nivaene\/#primaryimage\",\"url\":\"https:\/\/nordnesrepublikken.no\/wp-content\/uploads\/2026\/04\/1775198994_Eiendomsboom-i-Malaga-presser-kystprisene-naermere-Madrid-og-Barcelona-nivaene.jpg\",\"contentUrl\":\"https:\/\/nordnesrepublikken.no\/wp-content\/uploads\/2026\/04\/1775198994_Eiendomsboom-i-Malaga-presser-kystprisene-naermere-Madrid-og-Barcelona-nivaene.jpg\",\"width\":1200,\"height\":779,\"caption\":\"Eiendomsboom i Malaga presser kystprisene n\u00e6rmere Madrid- og Barcelona-niv\u00e5ene\"},{\"@type\":\"BreadcrumbList\",\"@id\":\"https:\/\/nordnesrepublikken.no\/index.php\/2026\/04\/03\/eiendomsboom-i-malaga-presser-kystprisene-naermere-madrid-og-barcelona-nivaene\/#breadcrumb\",\"itemListElement\":[{\"@type\":\"ListItem\",\"position\":1,\"name\":\"Home\",\"item\":\"https:\/\/nordnesrepublikken.no\/\"},{\"@type\":\"ListItem\",\"position\":2,\"name\":\"Eiendomsboom i Malaga presser kystprisene n\u00e6rmere Madrid- og Barcelona-niv\u00e5ene\"}]},{\"@type\":\"WebSite\",\"@id\":\"https:\/\/nordnesrepublikken.no\/#website\",\"url\":\"https:\/\/nordnesrepublikken.no\/\",\"name\":\"Nordnesrepublikken\",\"description\":\"Stemmer og Visjoner fra Republikkens Hjerte\",\"publisher\":{\"@id\":\"https:\/\/nordnesrepublikken.no\/#organization\"},\"potentialAction\":[{\"@type\":\"SearchAction\",\"target\":{\"@type\":\"EntryPoint\",\"urlTemplate\":\"https:\/\/nordnesrepublikken.no\/?s={search_term_string}\"},\"query-input\":{\"@type\":\"PropertyValueSpecification\",\"valueRequired\":true,\"valueName\":\"search_term_string\"}}],\"inLanguage\":\"nb-NO\"},{\"@type\":\"Organization\",\"@id\":\"https:\/\/nordnesrepublikken.no\/#organization\",\"name\":\"Nordnesrepublikken\",\"url\":\"https:\/\/nordnesrepublikken.no\/\",\"logo\":{\"@type\":\"ImageObject\",\"inLanguage\":\"nb-NO\",\"@id\":\"https:\/\/nordnesrepublikken.no\/#\/schema\/logo\/image\/\",\"url\":\"https:\/\/nordnesrepublikken.no\/wp-content\/uploads\/2025\/02\/cropped-nordnesrepublikken-2.png\",\"contentUrl\":\"https:\/\/nordnesrepublikken.no\/wp-content\/uploads\/2025\/02\/cropped-nordnesrepublikken-2.png\",\"width\":1248,\"height\":362,\"caption\":\"Nordnesrepublikken\"},\"image\":{\"@id\":\"https:\/\/nordnesrepublikken.no\/#\/schema\/logo\/image\/\"}},{\"@type\":\"Person\",\"@id\":\"https:\/\/nordnesrepublikken.no\/#\/schema\/person\/2e7e81935bab77882fffb79296240ff1\",\"name\":\"Ole Andersen\",\"image\":{\"@type\":\"ImageObject\",\"inLanguage\":\"nb-NO\",\"@id\":\"https:\/\/nordnesrepublikken.no\/#\/schema\/person\/image\/\",\"url\":\"https:\/\/nordnesrepublikken.no\/wp-content\/uploads\/2025\/02\/nordnesrepublikken-2-2-150x150.jpg\",\"contentUrl\":\"https:\/\/nordnesrepublikken.no\/wp-content\/uploads\/2025\/02\/nordnesrepublikken-2-2-150x150.jpg\",\"caption\":\"Ole Andersen\"},\"description\":\"Ettersom jeg vokste opp i Oslo, har jeg alltid v\u00e6rt fascinert av ordenes kraft og deres evne til \u00e5 skape endringer. Etter \u00e5 ha fullf\u00f8rt min utdannelse i kommunikasjon ved Universitetet i Bergen, fikk jeg muligheten til \u00e5 jobbe innen ulike medier, der jeg har s\u00f8kt \u00e5 belyse viktige samfunnssp\u00f8rsm\u00e5l. I dag, som redakt\u00f8r for Nordnesrepublikken, pr\u00f8ver jeg \u00e5 forene min kj\u00e6rlighet for journalistikk med min lidenskap for innovasjon og eventyr.\",\"sameAs\":[\"https:\/\/nordnesrepublikken.no\/\"]}]}<\/script>\n<!-- \/ Yoast SEO plugin. -->","yoast_head_json":{"title":"Eiendomsboom i Malaga presser kystprisene n\u00e6rmere Madrid- og Barcelona-niv\u00e5ene - Nordnesrepublikken","robots":{"index":"index","follow":"follow","max-snippet":"max-snippet:-1","max-image-preview":"max-image-preview:large","max-video-preview":"max-video-preview:-1"},"canonical":"https:\/\/nordnesrepublikken.no\/index.php\/2026\/04\/03\/eiendomsboom-i-malaga-presser-kystprisene-naermere-madrid-og-barcelona-nivaene\/","og_locale":"nb_NO","og_type":"article","og_title":"Eiendomsboom i Malaga presser kystprisene n\u00e6rmere Madrid- og Barcelona-niv\u00e5ene - Nordnesrepublikken","og_description":"Malaga har steget dramatisk p\u00e5 Spanias eiendomskart for de h\u00f8yeste prisene det siste \u00e5ret. Offisielle","og_url":"https:\/\/nordnesrepublikken.no\/index.php\/2026\/04\/03\/eiendomsboom-i-malaga-presser-kystprisene-naermere-madrid-og-barcelona-nivaene\/","og_site_name":"Nordnesrepublikken","article_published_time":"2026-04-03T06:49:53+00:00","article_modified_time":"2026-04-03T06:49:55+00:00","og_image":[{"width":1200,"height":779,"url":"https:\/\/nordnesrepublikken.no\/wp-content\/uploads\/2026\/04\/1775198994_Eiendomsboom-i-Malaga-presser-kystprisene-naermere-Madrid-og-Barcelona-nivaene.jpg","type":"image\/jpeg"}],"author":"Ole Andersen","twitter_card":"summary_large_image","twitter_misc":{"Skrevet av":"Ole Andersen","Ansl. lesetid":"2 minutter"},"schema":{"@context":"https:\/\/schema.org","@graph":[{"@type":"Article","@id":"https:\/\/nordnesrepublikken.no\/index.php\/2026\/04\/03\/eiendomsboom-i-malaga-presser-kystprisene-naermere-madrid-og-barcelona-nivaene\/#article","isPartOf":{"@id":"https:\/\/nordnesrepublikken.no\/index.php\/2026\/04\/03\/eiendomsboom-i-malaga-presser-kystprisene-naermere-madrid-og-barcelona-nivaene\/"},"author":{"name":"Ole Andersen","@id":"https:\/\/nordnesrepublikken.no\/#\/schema\/person\/2e7e81935bab77882fffb79296240ff1"},"headline":"Eiendomsboom i Malaga presser kystprisene n\u00e6rmere Madrid- og Barcelona-niv\u00e5ene","datePublished":"2026-04-03T06:49:53+00:00","dateModified":"2026-04-03T06:49:55+00:00","mainEntityOfPage":{"@id":"https:\/\/nordnesrepublikken.no\/index.php\/2026\/04\/03\/eiendomsboom-i-malaga-presser-kystprisene-naermere-madrid-og-barcelona-nivaene\/"},"wordCount":424,"publisher":{"@id":"https:\/\/nordnesrepublikken.no\/#organization"},"image":{"@id":"https:\/\/nordnesrepublikken.no\/index.php\/2026\/04\/03\/eiendomsboom-i-malaga-presser-kystprisene-naermere-madrid-og-barcelona-nivaene\/#primaryimage"},"thumbnailUrl":"https:\/\/nordnesrepublikken.no\/wp-content\/uploads\/2026\/04\/1775198994_Eiendomsboom-i-Malaga-presser-kystprisene-naermere-Madrid-og-Barcelona-nivaene.jpg","keywords":["Barcelonaniv\u00e5ene","eiendomsboom","kystprisene","Madrid","Malaga","n\u00e6rmere","presser"],"articleSection":["Livsstil"],"inLanguage":"nb-NO"},{"@type":"WebPage","@id":"https:\/\/nordnesrepublikken.no\/index.php\/2026\/04\/03\/eiendomsboom-i-malaga-presser-kystprisene-naermere-madrid-og-barcelona-nivaene\/","url":"https:\/\/nordnesrepublikken.no\/index.php\/2026\/04\/03\/eiendomsboom-i-malaga-presser-kystprisene-naermere-madrid-og-barcelona-nivaene\/","name":"Eiendomsboom i Malaga presser kystprisene n\u00e6rmere Madrid- og Barcelona-niv\u00e5ene - Nordnesrepublikken","isPartOf":{"@id":"https:\/\/nordnesrepublikken.no\/#website"},"primaryImageOfPage":{"@id":"https:\/\/nordnesrepublikken.no\/index.php\/2026\/04\/03\/eiendomsboom-i-malaga-presser-kystprisene-naermere-madrid-og-barcelona-nivaene\/#primaryimage"},"image":{"@id":"https:\/\/nordnesrepublikken.no\/index.php\/2026\/04\/03\/eiendomsboom-i-malaga-presser-kystprisene-naermere-madrid-og-barcelona-nivaene\/#primaryimage"},"thumbnailUrl":"https:\/\/nordnesrepublikken.no\/wp-content\/uploads\/2026\/04\/1775198994_Eiendomsboom-i-Malaga-presser-kystprisene-naermere-Madrid-og-Barcelona-nivaene.jpg","datePublished":"2026-04-03T06:49:53+00:00","dateModified":"2026-04-03T06:49:55+00:00","breadcrumb":{"@id":"https:\/\/nordnesrepublikken.no\/index.php\/2026\/04\/03\/eiendomsboom-i-malaga-presser-kystprisene-naermere-madrid-og-barcelona-nivaene\/#breadcrumb"},"inLanguage":"nb-NO","potentialAction":[{"@type":"ReadAction","target":["https:\/\/nordnesrepublikken.no\/index.php\/2026\/04\/03\/eiendomsboom-i-malaga-presser-kystprisene-naermere-madrid-og-barcelona-nivaene\/"]}]},{"@type":"ImageObject","inLanguage":"nb-NO","@id":"https:\/\/nordnesrepublikken.no\/index.php\/2026\/04\/03\/eiendomsboom-i-malaga-presser-kystprisene-naermere-madrid-og-barcelona-nivaene\/#primaryimage","url":"https:\/\/nordnesrepublikken.no\/wp-content\/uploads\/2026\/04\/1775198994_Eiendomsboom-i-Malaga-presser-kystprisene-naermere-Madrid-og-Barcelona-nivaene.jpg","contentUrl":"https:\/\/nordnesrepublikken.no\/wp-content\/uploads\/2026\/04\/1775198994_Eiendomsboom-i-Malaga-presser-kystprisene-naermere-Madrid-og-Barcelona-nivaene.jpg","width":1200,"height":779,"caption":"Eiendomsboom i Malaga presser kystprisene n\u00e6rmere Madrid- og Barcelona-niv\u00e5ene"},{"@type":"BreadcrumbList","@id":"https:\/\/nordnesrepublikken.no\/index.php\/2026\/04\/03\/eiendomsboom-i-malaga-presser-kystprisene-naermere-madrid-og-barcelona-nivaene\/#breadcrumb","itemListElement":[{"@type":"ListItem","position":1,"name":"Home","item":"https:\/\/nordnesrepublikken.no\/"},{"@type":"ListItem","position":2,"name":"Eiendomsboom i Malaga presser kystprisene n\u00e6rmere Madrid- og Barcelona-niv\u00e5ene"}]},{"@type":"WebSite","@id":"https:\/\/nordnesrepublikken.no\/#website","url":"https:\/\/nordnesrepublikken.no\/","name":"Nordnesrepublikken","description":"Stemmer og Visjoner fra Republikkens Hjerte","publisher":{"@id":"https:\/\/nordnesrepublikken.no\/#organization"},"potentialAction":[{"@type":"SearchAction","target":{"@type":"EntryPoint","urlTemplate":"https:\/\/nordnesrepublikken.no\/?s={search_term_string}"},"query-input":{"@type":"PropertyValueSpecification","valueRequired":true,"valueName":"search_term_string"}}],"inLanguage":"nb-NO"},{"@type":"Organization","@id":"https:\/\/nordnesrepublikken.no\/#organization","name":"Nordnesrepublikken","url":"https:\/\/nordnesrepublikken.no\/","logo":{"@type":"ImageObject","inLanguage":"nb-NO","@id":"https:\/\/nordnesrepublikken.no\/#\/schema\/logo\/image\/","url":"https:\/\/nordnesrepublikken.no\/wp-content\/uploads\/2025\/02\/cropped-nordnesrepublikken-2.png","contentUrl":"https:\/\/nordnesrepublikken.no\/wp-content\/uploads\/2025\/02\/cropped-nordnesrepublikken-2.png","width":1248,"height":362,"caption":"Nordnesrepublikken"},"image":{"@id":"https:\/\/nordnesrepublikken.no\/#\/schema\/logo\/image\/"}},{"@type":"Person","@id":"https:\/\/nordnesrepublikken.no\/#\/schema\/person\/2e7e81935bab77882fffb79296240ff1","name":"Ole Andersen","image":{"@type":"ImageObject","inLanguage":"nb-NO","@id":"https:\/\/nordnesrepublikken.no\/#\/schema\/person\/image\/","url":"https:\/\/nordnesrepublikken.no\/wp-content\/uploads\/2025\/02\/nordnesrepublikken-2-2-150x150.jpg","contentUrl":"https:\/\/nordnesrepublikken.no\/wp-content\/uploads\/2025\/02\/nordnesrepublikken-2-2-150x150.jpg","caption":"Ole Andersen"},"description":"Ettersom jeg vokste opp i Oslo, har jeg alltid v\u00e6rt fascinert av ordenes kraft og deres evne til \u00e5 skape endringer. Etter \u00e5 ha fullf\u00f8rt min utdannelse i kommunikasjon ved Universitetet i Bergen, fikk jeg muligheten til \u00e5 jobbe innen ulike medier, der jeg har s\u00f8kt \u00e5 belyse viktige samfunnssp\u00f8rsm\u00e5l. I dag, som redakt\u00f8r for Nordnesrepublikken, pr\u00f8ver jeg \u00e5 forene min kj\u00e6rlighet for journalistikk med min lidenskap for innovasjon og eventyr.","sameAs":["https:\/\/nordnesrepublikken.no\/"]}]}},"_links":{"self":[{"href":"https:\/\/nordnesrepublikken.no\/index.php\/wp-json\/wp\/v2\/posts\/16546","targetHints":{"allow":["GET"]}}],"collection":[{"href":"https:\/\/nordnesrepublikken.no\/index.php\/wp-json\/wp\/v2\/posts"}],"about":[{"href":"https:\/\/nordnesrepublikken.no\/index.php\/wp-json\/wp\/v2\/types\/post"}],"author":[{"embeddable":true,"href":"https:\/\/nordnesrepublikken.no\/index.php\/wp-json\/wp\/v2\/users\/1"}],"replies":[{"embeddable":true,"href":"https:\/\/nordnesrepublikken.no\/index.php\/wp-json\/wp\/v2\/comments?post=16546"}],"version-history":[{"count":1,"href":"https:\/\/nordnesrepublikken.no\/index.php\/wp-json\/wp\/v2\/posts\/16546\/revisions"}],"predecessor-version":[{"id":16548,"href":"https:\/\/nordnesrepublikken.no\/index.php\/wp-json\/wp\/v2\/posts\/16546\/revisions\/16548"}],"wp:featuredmedia":[{"embeddable":true,"href":"https:\/\/nordnesrepublikken.no\/index.php\/wp-json\/wp\/v2\/media\/16547"}],"wp:attachment":[{"href":"https:\/\/nordnesrepublikken.no\/index.php\/wp-json\/wp\/v2\/media?parent=16546"}],"wp:term":[{"taxonomy":"category","embeddable":true,"href":"https:\/\/nordnesrepublikken.no\/index.php\/wp-json\/wp\/v2\/categories?post=16546"},{"taxonomy":"post_tag","embeddable":true,"href":"https:\/\/nordnesrepublikken.no\/index.php\/wp-json\/wp\/v2\/tags?post=16546"}],"curies":[{"name":"wp","href":"https:\/\/api.w.org\/{rel}","templated":true}]}}