{"id":16534,"date":"2026-04-03T01:49:30","date_gmt":"2026-04-02T23:49:30","guid":{"rendered":"https:\/\/nordnesrepublikken.no\/index.php\/2026\/04\/03\/store-bilprodusenter-tilbakekaller-77-500-kjoretoy-i-spania-pa-grunn-av-brannfare\/"},"modified":"2026-04-03T01:49:32","modified_gmt":"2026-04-02T23:49:32","slug":"store-bilprodusenter-tilbakekaller-77-500-kjoretoy-i-spania-pa-grunn-av-brannfare","status":"publish","type":"post","link":"https:\/\/nordnesrepublikken.no\/index.php\/2026\/04\/03\/store-bilprodusenter-tilbakekaller-77-500-kjoretoy-i-spania-pa-grunn-av-brannfare\/","title":{"rendered":"Store bilprodusenter tilbakekaller 77 500 kj\u00f8ret\u00f8y i Spania p\u00e5 grunn av brannfare"},"content":{"rendered":"<p><\/p>\n<div class=\"wordpress-content\">\n                    <!-- Article Start --><\/p>\n<p class=\"p1\">Mange popul\u00e6re bilmerker er ber\u00f8rt av morselskapet Stellantis, en av verdens st\u00f8rste bilprodusenter, som lanserer en stor frivillig tilbakekalling som p\u00e5virker 77 500 biler i Spania p\u00e5 grunn av potensiell brannfare i motorrommet. Eiere av kj\u00f8ret\u00f8y fra Peugeot, Citro\u00ebn, DS Automobiles, Opel, Vauxhall, Lancia, Alfa Romeo, Jeep og Fiat m\u00f8ter n\u00e5 hastekontroller.<\/p>\n<p class=\"p1\">Stellantis har registrert 36 hendelser over hele verden knyttet til utilstrekkelig avstand mellom bensinpartikkelfilterr\u00f8ret og 48-volts beltestartergeneratorens beskyttelsesdeksel. Av disse resulterte 12 i branner i motorrommet p\u00e5 biler som allerede var i hendene p\u00e5 eierne. Det er ikke rapportert om personskader fra disse hendelsene.<\/p>\n<h2 class=\"p1\">Modeller bygget mellom 2023 og 2026 er ber\u00f8rt<\/h2>\n<p class=\"p1\">Produksjons\u00e5r fra 2023 til 2026 har blitt unders\u00f8kt p\u00e5 tvers av disse merkene. Kilder n\u00e6r selskapet har bekreftet at handlingen kommer fra designfeil som skaper problemet, spesielt under fuktige forhold.<\/p>\n<div class=\"sra_unit\"><link rel=\"stylesheet\" id=\"block-sra\" href=\"https:\/\/euroweeklynews.com\/wp-content\/plugins\/snack-related-articles\/dist\/css\/snack-related.min.css?250312-193541\" type=\"text\/css\" media=\"all\">\n<\/div>\n<h2 class=\"p1\">Global skala n\u00e5r 700 000 hybridbiler<\/h2>\n<p class=\"p1\">Internasjonale rapporter indikerer at rundt 700 000 hybridmodeller over hele verden krever oppmerksomhet etter kunngj\u00f8ringer fra Tysklands Federal Motor Transport Authority. Stellantis har understreket at dette proaktive trinnet adresserer en produksjonstoleranse snarere enn noen iboende motorfeil. Vanninntrengning er fortsatt mulig n\u00e5r fuktighet kombineres med den trange avstanden, noe som potensielt kan f\u00f8re til elektrisk lysbue og overoppheting.<\/p>\n<h2 class=\"p1\">Eiere bedt om \u00e5 handle raskt for gratis fiks<\/h2>\n<p class=\"p1\">Umiddelbar kontakt med de ber\u00f8rte kj\u00f8ret\u00f8yeierne vil starte om kort tid. Sj\u00e5f\u00f8rer b\u00f8r planlegge avtaler hos autoriserte forhandlere uten forsinkelse. Teknikere vil erstatte beltestartergeneratordekselet med en bedre isolert versjon og verifisere tilstrekkelig avstand der det er n\u00f8dvendig. Servicetiden er i gjennomsnitt bare 30 minutter og kommer uten kostnad for kundene, sier selskapet.<\/p>\n<h2 class=\"p1\">Hva sj\u00e5f\u00f8rer trenger \u00e5 vite<\/h2>\n<p class=\"p1\">Denne tilbakekallingen er et annet eksempel p\u00e5 p\u00e5g\u00e5ende \u00e5rv\u00e5kenhet i produksjonsstandarder for hybridbiler. Kontroll av kj\u00f8ret\u00f8yets identifikasjonsnumre gjennom offisielle kanaler gir den raskeste bekreftelsen p\u00e5 involvering. Proaktiv respons minimerer enhver risiko samtidig som den sikrer fortsatt trygg bilkj\u00f8ring for millioner av europeiske sj\u00e5f\u00f8rer.<\/p>\n<p>Eiere b\u00f8r bruke merkespesifikke tilbakekallingsverkt\u00f8y, da disse gir de raskeste og mest n\u00f8yaktige VIN-baserte sjekkene:<\/p>\n<ul>\n<li><strong>Peugeot:<\/strong> Bes\u00f8k det offisielle Peugeot-nettstedet for ditt land og naviger til &laquo;Tilbakekalling&raquo; eller &laquo;Service&raquo;-delen.<\/li>\n<li><strong>Citro\u00ebn:<\/strong> Sjekk via Citro\u00ebns eierportal eller app.<\/li>\n<li><strong>Opel \/ Vauxhall:<\/strong> Bruk Opel- eller Vauxhall-eierens tilbakekallingskontroll for nettsteder.<\/li>\n<li><strong>Fiat, Alfa Romeo, Jeep, Lancia, DS biler:<\/strong> G\u00e5 til det respektive merkevarens offisielle nettsted og finn s\u00f8keverkt\u00f8yet for VIN-gjenkalling.<\/li>\n<\/ul>\n<p>                    <!-- Originally published at https:\/\/euroweeklynews.com\/2026\/04\/02\/major-car-manufacturer-recalls-77500-vehicles-in-spain-over-fire-risk\/ on 02 Apr 2026 at 21:18 by Adam Woodward --><br \/>\n                    <!-- Article End -->\n                <\/div>\n","protected":false},"excerpt":{"rendered":"<p>Mange popul\u00e6re bilmerker er ber\u00f8rt av morselskapet Stellantis, en av verdens st\u00f8rste bilprodusenter, som lanserer<\/p>\n","protected":false},"author":1,"featured_media":16535,"comment_status":"closed","ping_status":"open","sticky":false,"template":"","format":"standard","meta":{"footnotes":""},"categories":[105],"tags":[7714,10712,576,3708,81,529,1045,10711],"class_list":["post-16534","post","type-post","status-publish","format-standard","has-post-thumbnail","hentry","category-livsstil","tag-bilprodusenter","tag-brannfare","tag-grunn","tag-kjoretoy","tag-pa","tag-spania","tag-store","tag-tilbakekaller","generate-columns","tablet-grid-50","mobile-grid-100","grid-parent","grid-33","resize-featured-image"],"yoast_head":"<!-- This site is optimized with the Yoast SEO plugin v24.4 - https:\/\/yoast.com\/wordpress\/plugins\/seo\/ -->\n<title>Store bilprodusenter tilbakekaller 77 500 kj\u00f8ret\u00f8y i Spania p\u00e5 grunn av brannfare - Nordnesrepublikken<\/title>\n<meta name=\"robots\" content=\"index, follow, max-snippet:-1, max-image-preview:large, max-video-preview:-1\" \/>\n<link rel=\"canonical\" href=\"https:\/\/nordnesrepublikken.no\/index.php\/2026\/04\/03\/store-bilprodusenter-tilbakekaller-77-500-kjoretoy-i-spania-pa-grunn-av-brannfare\/\" \/>\n<meta property=\"og:locale\" content=\"nb_NO\" \/>\n<meta property=\"og:type\" content=\"article\" \/>\n<meta property=\"og:title\" content=\"Store bilprodusenter tilbakekaller 77 500 kj\u00f8ret\u00f8y i Spania p\u00e5 grunn av brannfare - Nordnesrepublikken\" \/>\n<meta property=\"og:description\" content=\"Mange popul\u00e6re bilmerker er ber\u00f8rt av morselskapet Stellantis, en av verdens st\u00f8rste bilprodusenter, som lanserer\" \/>\n<meta property=\"og:url\" content=\"https:\/\/nordnesrepublikken.no\/index.php\/2026\/04\/03\/store-bilprodusenter-tilbakekaller-77-500-kjoretoy-i-spania-pa-grunn-av-brannfare\/\" \/>\n<meta property=\"og:site_name\" content=\"Nordnesrepublikken\" \/>\n<meta property=\"article:published_time\" content=\"2026-04-02T23:49:30+00:00\" \/>\n<meta property=\"article:modified_time\" content=\"2026-04-02T23:49:32+00:00\" \/>\n<meta property=\"og:image\" content=\"https:\/\/nordnesrepublikken.no\/wp-content\/uploads\/2026\/04\/1775173771_Store-bilprodusenter-tilbakekaller-77-500-kjoretoy-i-Spania-pa-grunn.jpg\" \/>\n\t<meta property=\"og:image:width\" content=\"1200\" \/>\n\t<meta property=\"og:image:height\" content=\"708\" \/>\n\t<meta property=\"og:image:type\" content=\"image\/jpeg\" \/>\n<meta name=\"author\" content=\"Ole Andersen\" \/>\n<meta name=\"twitter:card\" content=\"summary_large_image\" \/>\n<meta name=\"twitter:label1\" content=\"Skrevet av\" \/>\n\t<meta name=\"twitter:data1\" content=\"Ole Andersen\" \/>\n\t<meta name=\"twitter:label2\" content=\"Ansl. lesetid\" \/>\n\t<meta name=\"twitter:data2\" content=\"2 minutter\" \/>\n<script type=\"application\/ld+json\" class=\"yoast-schema-graph\">{\"@context\":\"https:\/\/schema.org\",\"@graph\":[{\"@type\":\"Article\",\"@id\":\"https:\/\/nordnesrepublikken.no\/index.php\/2026\/04\/03\/store-bilprodusenter-tilbakekaller-77-500-kjoretoy-i-spania-pa-grunn-av-brannfare\/#article\",\"isPartOf\":{\"@id\":\"https:\/\/nordnesrepublikken.no\/index.php\/2026\/04\/03\/store-bilprodusenter-tilbakekaller-77-500-kjoretoy-i-spania-pa-grunn-av-brannfare\/\"},\"author\":{\"name\":\"Ole Andersen\",\"@id\":\"https:\/\/nordnesrepublikken.no\/#\/schema\/person\/2e7e81935bab77882fffb79296240ff1\"},\"headline\":\"Store bilprodusenter tilbakekaller 77 500 kj\u00f8ret\u00f8y i Spania p\u00e5 grunn av brannfare\",\"datePublished\":\"2026-04-02T23:49:30+00:00\",\"dateModified\":\"2026-04-02T23:49:32+00:00\",\"mainEntityOfPage\":{\"@id\":\"https:\/\/nordnesrepublikken.no\/index.php\/2026\/04\/03\/store-bilprodusenter-tilbakekaller-77-500-kjoretoy-i-spania-pa-grunn-av-brannfare\/\"},\"wordCount\":410,\"publisher\":{\"@id\":\"https:\/\/nordnesrepublikken.no\/#organization\"},\"image\":{\"@id\":\"https:\/\/nordnesrepublikken.no\/index.php\/2026\/04\/03\/store-bilprodusenter-tilbakekaller-77-500-kjoretoy-i-spania-pa-grunn-av-brannfare\/#primaryimage\"},\"thumbnailUrl\":\"https:\/\/nordnesrepublikken.no\/wp-content\/uploads\/2026\/04\/1775173771_Store-bilprodusenter-tilbakekaller-77-500-kjoretoy-i-Spania-pa-grunn.jpg\",\"keywords\":[\"bilprodusenter\",\"brannfare\",\"grunn\",\"kj\u00f8ret\u00f8y\",\"p\u00e5\",\"Spania\",\"Store\",\"tilbakekaller\"],\"articleSection\":[\"Livsstil\"],\"inLanguage\":\"nb-NO\"},{\"@type\":\"WebPage\",\"@id\":\"https:\/\/nordnesrepublikken.no\/index.php\/2026\/04\/03\/store-bilprodusenter-tilbakekaller-77-500-kjoretoy-i-spania-pa-grunn-av-brannfare\/\",\"url\":\"https:\/\/nordnesrepublikken.no\/index.php\/2026\/04\/03\/store-bilprodusenter-tilbakekaller-77-500-kjoretoy-i-spania-pa-grunn-av-brannfare\/\",\"name\":\"Store bilprodusenter tilbakekaller 77 500 kj\u00f8ret\u00f8y i Spania p\u00e5 grunn av brannfare - Nordnesrepublikken\",\"isPartOf\":{\"@id\":\"https:\/\/nordnesrepublikken.no\/#website\"},\"primaryImageOfPage\":{\"@id\":\"https:\/\/nordnesrepublikken.no\/index.php\/2026\/04\/03\/store-bilprodusenter-tilbakekaller-77-500-kjoretoy-i-spania-pa-grunn-av-brannfare\/#primaryimage\"},\"image\":{\"@id\":\"https:\/\/nordnesrepublikken.no\/index.php\/2026\/04\/03\/store-bilprodusenter-tilbakekaller-77-500-kjoretoy-i-spania-pa-grunn-av-brannfare\/#primaryimage\"},\"thumbnailUrl\":\"https:\/\/nordnesrepublikken.no\/wp-content\/uploads\/2026\/04\/1775173771_Store-bilprodusenter-tilbakekaller-77-500-kjoretoy-i-Spania-pa-grunn.jpg\",\"datePublished\":\"2026-04-02T23:49:30+00:00\",\"dateModified\":\"2026-04-02T23:49:32+00:00\",\"breadcrumb\":{\"@id\":\"https:\/\/nordnesrepublikken.no\/index.php\/2026\/04\/03\/store-bilprodusenter-tilbakekaller-77-500-kjoretoy-i-spania-pa-grunn-av-brannfare\/#breadcrumb\"},\"inLanguage\":\"nb-NO\",\"potentialAction\":[{\"@type\":\"ReadAction\",\"target\":[\"https:\/\/nordnesrepublikken.no\/index.php\/2026\/04\/03\/store-bilprodusenter-tilbakekaller-77-500-kjoretoy-i-spania-pa-grunn-av-brannfare\/\"]}]},{\"@type\":\"ImageObject\",\"inLanguage\":\"nb-NO\",\"@id\":\"https:\/\/nordnesrepublikken.no\/index.php\/2026\/04\/03\/store-bilprodusenter-tilbakekaller-77-500-kjoretoy-i-spania-pa-grunn-av-brannfare\/#primaryimage\",\"url\":\"https:\/\/nordnesrepublikken.no\/wp-content\/uploads\/2026\/04\/1775173771_Store-bilprodusenter-tilbakekaller-77-500-kjoretoy-i-Spania-pa-grunn.jpg\",\"contentUrl\":\"https:\/\/nordnesrepublikken.no\/wp-content\/uploads\/2026\/04\/1775173771_Store-bilprodusenter-tilbakekaller-77-500-kjoretoy-i-Spania-pa-grunn.jpg\",\"width\":1200,\"height\":708,\"caption\":\"Store bilprodusenter tilbakekaller 77 500 kj\u00f8ret\u00f8y i Spania p\u00e5 grunn av brannfare\"},{\"@type\":\"BreadcrumbList\",\"@id\":\"https:\/\/nordnesrepublikken.no\/index.php\/2026\/04\/03\/store-bilprodusenter-tilbakekaller-77-500-kjoretoy-i-spania-pa-grunn-av-brannfare\/#breadcrumb\",\"itemListElement\":[{\"@type\":\"ListItem\",\"position\":1,\"name\":\"Home\",\"item\":\"https:\/\/nordnesrepublikken.no\/\"},{\"@type\":\"ListItem\",\"position\":2,\"name\":\"Store bilprodusenter tilbakekaller 77 500 kj\u00f8ret\u00f8y i Spania p\u00e5 grunn av brannfare\"}]},{\"@type\":\"WebSite\",\"@id\":\"https:\/\/nordnesrepublikken.no\/#website\",\"url\":\"https:\/\/nordnesrepublikken.no\/\",\"name\":\"Nordnesrepublikken\",\"description\":\"Stemmer og Visjoner fra Republikkens Hjerte\",\"publisher\":{\"@id\":\"https:\/\/nordnesrepublikken.no\/#organization\"},\"potentialAction\":[{\"@type\":\"SearchAction\",\"target\":{\"@type\":\"EntryPoint\",\"urlTemplate\":\"https:\/\/nordnesrepublikken.no\/?s={search_term_string}\"},\"query-input\":{\"@type\":\"PropertyValueSpecification\",\"valueRequired\":true,\"valueName\":\"search_term_string\"}}],\"inLanguage\":\"nb-NO\"},{\"@type\":\"Organization\",\"@id\":\"https:\/\/nordnesrepublikken.no\/#organization\",\"name\":\"Nordnesrepublikken\",\"url\":\"https:\/\/nordnesrepublikken.no\/\",\"logo\":{\"@type\":\"ImageObject\",\"inLanguage\":\"nb-NO\",\"@id\":\"https:\/\/nordnesrepublikken.no\/#\/schema\/logo\/image\/\",\"url\":\"https:\/\/nordnesrepublikken.no\/wp-content\/uploads\/2025\/02\/cropped-nordnesrepublikken-2.png\",\"contentUrl\":\"https:\/\/nordnesrepublikken.no\/wp-content\/uploads\/2025\/02\/cropped-nordnesrepublikken-2.png\",\"width\":1248,\"height\":362,\"caption\":\"Nordnesrepublikken\"},\"image\":{\"@id\":\"https:\/\/nordnesrepublikken.no\/#\/schema\/logo\/image\/\"}},{\"@type\":\"Person\",\"@id\":\"https:\/\/nordnesrepublikken.no\/#\/schema\/person\/2e7e81935bab77882fffb79296240ff1\",\"name\":\"Ole Andersen\",\"image\":{\"@type\":\"ImageObject\",\"inLanguage\":\"nb-NO\",\"@id\":\"https:\/\/nordnesrepublikken.no\/#\/schema\/person\/image\/\",\"url\":\"https:\/\/nordnesrepublikken.no\/wp-content\/uploads\/2025\/02\/nordnesrepublikken-2-2-150x150.jpg\",\"contentUrl\":\"https:\/\/nordnesrepublikken.no\/wp-content\/uploads\/2025\/02\/nordnesrepublikken-2-2-150x150.jpg\",\"caption\":\"Ole Andersen\"},\"description\":\"Ettersom jeg vokste opp i Oslo, har jeg alltid v\u00e6rt fascinert av ordenes kraft og deres evne til \u00e5 skape endringer. Etter \u00e5 ha fullf\u00f8rt min utdannelse i kommunikasjon ved Universitetet i Bergen, fikk jeg muligheten til \u00e5 jobbe innen ulike medier, der jeg har s\u00f8kt \u00e5 belyse viktige samfunnssp\u00f8rsm\u00e5l. I dag, som redakt\u00f8r for Nordnesrepublikken, pr\u00f8ver jeg \u00e5 forene min kj\u00e6rlighet for journalistikk med min lidenskap for innovasjon og eventyr.\",\"sameAs\":[\"https:\/\/nordnesrepublikken.no\/\"]}]}<\/script>\n<!-- \/ Yoast SEO plugin. -->","yoast_head_json":{"title":"Store bilprodusenter tilbakekaller 77 500 kj\u00f8ret\u00f8y i Spania p\u00e5 grunn av brannfare - Nordnesrepublikken","robots":{"index":"index","follow":"follow","max-snippet":"max-snippet:-1","max-image-preview":"max-image-preview:large","max-video-preview":"max-video-preview:-1"},"canonical":"https:\/\/nordnesrepublikken.no\/index.php\/2026\/04\/03\/store-bilprodusenter-tilbakekaller-77-500-kjoretoy-i-spania-pa-grunn-av-brannfare\/","og_locale":"nb_NO","og_type":"article","og_title":"Store bilprodusenter tilbakekaller 77 500 kj\u00f8ret\u00f8y i Spania p\u00e5 grunn av brannfare - Nordnesrepublikken","og_description":"Mange popul\u00e6re bilmerker er ber\u00f8rt av morselskapet Stellantis, en av verdens st\u00f8rste bilprodusenter, som lanserer","og_url":"https:\/\/nordnesrepublikken.no\/index.php\/2026\/04\/03\/store-bilprodusenter-tilbakekaller-77-500-kjoretoy-i-spania-pa-grunn-av-brannfare\/","og_site_name":"Nordnesrepublikken","article_published_time":"2026-04-02T23:49:30+00:00","article_modified_time":"2026-04-02T23:49:32+00:00","og_image":[{"width":1200,"height":708,"url":"https:\/\/nordnesrepublikken.no\/wp-content\/uploads\/2026\/04\/1775173771_Store-bilprodusenter-tilbakekaller-77-500-kjoretoy-i-Spania-pa-grunn.jpg","type":"image\/jpeg"}],"author":"Ole Andersen","twitter_card":"summary_large_image","twitter_misc":{"Skrevet av":"Ole Andersen","Ansl. lesetid":"2 minutter"},"schema":{"@context":"https:\/\/schema.org","@graph":[{"@type":"Article","@id":"https:\/\/nordnesrepublikken.no\/index.php\/2026\/04\/03\/store-bilprodusenter-tilbakekaller-77-500-kjoretoy-i-spania-pa-grunn-av-brannfare\/#article","isPartOf":{"@id":"https:\/\/nordnesrepublikken.no\/index.php\/2026\/04\/03\/store-bilprodusenter-tilbakekaller-77-500-kjoretoy-i-spania-pa-grunn-av-brannfare\/"},"author":{"name":"Ole Andersen","@id":"https:\/\/nordnesrepublikken.no\/#\/schema\/person\/2e7e81935bab77882fffb79296240ff1"},"headline":"Store bilprodusenter tilbakekaller 77 500 kj\u00f8ret\u00f8y i Spania p\u00e5 grunn av brannfare","datePublished":"2026-04-02T23:49:30+00:00","dateModified":"2026-04-02T23:49:32+00:00","mainEntityOfPage":{"@id":"https:\/\/nordnesrepublikken.no\/index.php\/2026\/04\/03\/store-bilprodusenter-tilbakekaller-77-500-kjoretoy-i-spania-pa-grunn-av-brannfare\/"},"wordCount":410,"publisher":{"@id":"https:\/\/nordnesrepublikken.no\/#organization"},"image":{"@id":"https:\/\/nordnesrepublikken.no\/index.php\/2026\/04\/03\/store-bilprodusenter-tilbakekaller-77-500-kjoretoy-i-spania-pa-grunn-av-brannfare\/#primaryimage"},"thumbnailUrl":"https:\/\/nordnesrepublikken.no\/wp-content\/uploads\/2026\/04\/1775173771_Store-bilprodusenter-tilbakekaller-77-500-kjoretoy-i-Spania-pa-grunn.jpg","keywords":["bilprodusenter","brannfare","grunn","kj\u00f8ret\u00f8y","p\u00e5","Spania","Store","tilbakekaller"],"articleSection":["Livsstil"],"inLanguage":"nb-NO"},{"@type":"WebPage","@id":"https:\/\/nordnesrepublikken.no\/index.php\/2026\/04\/03\/store-bilprodusenter-tilbakekaller-77-500-kjoretoy-i-spania-pa-grunn-av-brannfare\/","url":"https:\/\/nordnesrepublikken.no\/index.php\/2026\/04\/03\/store-bilprodusenter-tilbakekaller-77-500-kjoretoy-i-spania-pa-grunn-av-brannfare\/","name":"Store bilprodusenter tilbakekaller 77 500 kj\u00f8ret\u00f8y i Spania p\u00e5 grunn av brannfare - Nordnesrepublikken","isPartOf":{"@id":"https:\/\/nordnesrepublikken.no\/#website"},"primaryImageOfPage":{"@id":"https:\/\/nordnesrepublikken.no\/index.php\/2026\/04\/03\/store-bilprodusenter-tilbakekaller-77-500-kjoretoy-i-spania-pa-grunn-av-brannfare\/#primaryimage"},"image":{"@id":"https:\/\/nordnesrepublikken.no\/index.php\/2026\/04\/03\/store-bilprodusenter-tilbakekaller-77-500-kjoretoy-i-spania-pa-grunn-av-brannfare\/#primaryimage"},"thumbnailUrl":"https:\/\/nordnesrepublikken.no\/wp-content\/uploads\/2026\/04\/1775173771_Store-bilprodusenter-tilbakekaller-77-500-kjoretoy-i-Spania-pa-grunn.jpg","datePublished":"2026-04-02T23:49:30+00:00","dateModified":"2026-04-02T23:49:32+00:00","breadcrumb":{"@id":"https:\/\/nordnesrepublikken.no\/index.php\/2026\/04\/03\/store-bilprodusenter-tilbakekaller-77-500-kjoretoy-i-spania-pa-grunn-av-brannfare\/#breadcrumb"},"inLanguage":"nb-NO","potentialAction":[{"@type":"ReadAction","target":["https:\/\/nordnesrepublikken.no\/index.php\/2026\/04\/03\/store-bilprodusenter-tilbakekaller-77-500-kjoretoy-i-spania-pa-grunn-av-brannfare\/"]}]},{"@type":"ImageObject","inLanguage":"nb-NO","@id":"https:\/\/nordnesrepublikken.no\/index.php\/2026\/04\/03\/store-bilprodusenter-tilbakekaller-77-500-kjoretoy-i-spania-pa-grunn-av-brannfare\/#primaryimage","url":"https:\/\/nordnesrepublikken.no\/wp-content\/uploads\/2026\/04\/1775173771_Store-bilprodusenter-tilbakekaller-77-500-kjoretoy-i-Spania-pa-grunn.jpg","contentUrl":"https:\/\/nordnesrepublikken.no\/wp-content\/uploads\/2026\/04\/1775173771_Store-bilprodusenter-tilbakekaller-77-500-kjoretoy-i-Spania-pa-grunn.jpg","width":1200,"height":708,"caption":"Store bilprodusenter tilbakekaller 77 500 kj\u00f8ret\u00f8y i Spania p\u00e5 grunn av brannfare"},{"@type":"BreadcrumbList","@id":"https:\/\/nordnesrepublikken.no\/index.php\/2026\/04\/03\/store-bilprodusenter-tilbakekaller-77-500-kjoretoy-i-spania-pa-grunn-av-brannfare\/#breadcrumb","itemListElement":[{"@type":"ListItem","position":1,"name":"Home","item":"https:\/\/nordnesrepublikken.no\/"},{"@type":"ListItem","position":2,"name":"Store bilprodusenter tilbakekaller 77 500 kj\u00f8ret\u00f8y i Spania p\u00e5 grunn av brannfare"}]},{"@type":"WebSite","@id":"https:\/\/nordnesrepublikken.no\/#website","url":"https:\/\/nordnesrepublikken.no\/","name":"Nordnesrepublikken","description":"Stemmer og Visjoner fra Republikkens Hjerte","publisher":{"@id":"https:\/\/nordnesrepublikken.no\/#organization"},"potentialAction":[{"@type":"SearchAction","target":{"@type":"EntryPoint","urlTemplate":"https:\/\/nordnesrepublikken.no\/?s={search_term_string}"},"query-input":{"@type":"PropertyValueSpecification","valueRequired":true,"valueName":"search_term_string"}}],"inLanguage":"nb-NO"},{"@type":"Organization","@id":"https:\/\/nordnesrepublikken.no\/#organization","name":"Nordnesrepublikken","url":"https:\/\/nordnesrepublikken.no\/","logo":{"@type":"ImageObject","inLanguage":"nb-NO","@id":"https:\/\/nordnesrepublikken.no\/#\/schema\/logo\/image\/","url":"https:\/\/nordnesrepublikken.no\/wp-content\/uploads\/2025\/02\/cropped-nordnesrepublikken-2.png","contentUrl":"https:\/\/nordnesrepublikken.no\/wp-content\/uploads\/2025\/02\/cropped-nordnesrepublikken-2.png","width":1248,"height":362,"caption":"Nordnesrepublikken"},"image":{"@id":"https:\/\/nordnesrepublikken.no\/#\/schema\/logo\/image\/"}},{"@type":"Person","@id":"https:\/\/nordnesrepublikken.no\/#\/schema\/person\/2e7e81935bab77882fffb79296240ff1","name":"Ole Andersen","image":{"@type":"ImageObject","inLanguage":"nb-NO","@id":"https:\/\/nordnesrepublikken.no\/#\/schema\/person\/image\/","url":"https:\/\/nordnesrepublikken.no\/wp-content\/uploads\/2025\/02\/nordnesrepublikken-2-2-150x150.jpg","contentUrl":"https:\/\/nordnesrepublikken.no\/wp-content\/uploads\/2025\/02\/nordnesrepublikken-2-2-150x150.jpg","caption":"Ole Andersen"},"description":"Ettersom jeg vokste opp i Oslo, har jeg alltid v\u00e6rt fascinert av ordenes kraft og deres evne til \u00e5 skape endringer. Etter \u00e5 ha fullf\u00f8rt min utdannelse i kommunikasjon ved Universitetet i Bergen, fikk jeg muligheten til \u00e5 jobbe innen ulike medier, der jeg har s\u00f8kt \u00e5 belyse viktige samfunnssp\u00f8rsm\u00e5l. I dag, som redakt\u00f8r for Nordnesrepublikken, pr\u00f8ver jeg \u00e5 forene min kj\u00e6rlighet for journalistikk med min lidenskap for innovasjon og eventyr.","sameAs":["https:\/\/nordnesrepublikken.no\/"]}]}},"_links":{"self":[{"href":"https:\/\/nordnesrepublikken.no\/index.php\/wp-json\/wp\/v2\/posts\/16534","targetHints":{"allow":["GET"]}}],"collection":[{"href":"https:\/\/nordnesrepublikken.no\/index.php\/wp-json\/wp\/v2\/posts"}],"about":[{"href":"https:\/\/nordnesrepublikken.no\/index.php\/wp-json\/wp\/v2\/types\/post"}],"author":[{"embeddable":true,"href":"https:\/\/nordnesrepublikken.no\/index.php\/wp-json\/wp\/v2\/users\/1"}],"replies":[{"embeddable":true,"href":"https:\/\/nordnesrepublikken.no\/index.php\/wp-json\/wp\/v2\/comments?post=16534"}],"version-history":[{"count":1,"href":"https:\/\/nordnesrepublikken.no\/index.php\/wp-json\/wp\/v2\/posts\/16534\/revisions"}],"predecessor-version":[{"id":16536,"href":"https:\/\/nordnesrepublikken.no\/index.php\/wp-json\/wp\/v2\/posts\/16534\/revisions\/16536"}],"wp:featuredmedia":[{"embeddable":true,"href":"https:\/\/nordnesrepublikken.no\/index.php\/wp-json\/wp\/v2\/media\/16535"}],"wp:attachment":[{"href":"https:\/\/nordnesrepublikken.no\/index.php\/wp-json\/wp\/v2\/media?parent=16534"}],"wp:term":[{"taxonomy":"category","embeddable":true,"href":"https:\/\/nordnesrepublikken.no\/index.php\/wp-json\/wp\/v2\/categories?post=16534"},{"taxonomy":"post_tag","embeddable":true,"href":"https:\/\/nordnesrepublikken.no\/index.php\/wp-json\/wp\/v2\/tags?post=16534"}],"curies":[{"name":"wp","href":"https:\/\/api.w.org\/{rel}","templated":true}]}}