{"id":16522,"date":"2026-04-02T18:49:32","date_gmt":"2026-04-02T16:49:32","guid":{"rendered":"https:\/\/nordnesrepublikken.no\/index.php\/2026\/04\/02\/spania-supermarked-hvor-du-kan-og-ikke-kan-handle-denne-paskehelgen\/"},"modified":"2026-04-02T18:49:34","modified_gmt":"2026-04-02T16:49:34","slug":"spania-supermarked-hvor-du-kan-og-ikke-kan-handle-denne-paskehelgen","status":"publish","type":"post","link":"https:\/\/nordnesrepublikken.no\/index.php\/2026\/04\/02\/spania-supermarked-hvor-du-kan-og-ikke-kan-handle-denne-paskehelgen\/","title":{"rendered":"Spania supermarked : hvor du kan (og ikke kan) handle denne p\u00e5skehelgen"},"content":{"rendered":"<p><\/p>\n<div class=\"wordpress-content\">\n                    <!-- Article Start --><\/p>\n<p>Hvis du planlegger butikken din denne uken, ikke forlat det for sent. Supermarkeds \u00e5pningstider over hele Spania endres kraftig over p\u00e5sken, og avhengig av hvor du bor, kan du enkelt dukke opp for \u00e5 finne d\u00f8rene lukket.<\/p>\n<p>Med langfredag \u200b\u200bsom en nasjonal helligdag, og skj\u00e6rtorsdag og p\u00e5skedag avhengig av region, er ikke bildet det samme overalt. Noen kjeder holder seg til strenge stenginger, andre holder \u00e5pent der de kan \u2013 noe som betyr at planlegging fremover er viktigere enn vanlig denne uken.<\/p>\n<h2>Mercadona-stenginger: n\u00e5r butikker vil bli stengt i ditt omr\u00e5de<\/h2>\n<p>Hvis Mercadona er ditt vanlige stopp, er reglene enkle \u2013 og strenge.<\/p>\n<div class=\"sra_unit\"><link rel=\"stylesheet\" id=\"block-sra\" href=\"https:\/\/euroweeklynews.com\/wp-content\/plugins\/snack-related-articles\/dist\/css\/snack-related.min.css?250312-193541\" type=\"text\/css\" media=\"all\">\n<\/div>\n<p>Mercadona stenger p\u00e5 alle s\u00f8ndager og helligdager, uten unntak. Det betyr at alle butikker vil v\u00e6re stengt p\u00e5 langfredag \u200b\u200bover hele Spania.<\/p>\n<p>I regioner der skj\u00e6rtorsdag ogs\u00e5 er en helligdag \u2013 inkludert Madrid og Andaluc\u00eda \u2013 vil butikkene ogs\u00e5 v\u00e6re stengt den dagen. Og i omr\u00e5der som Valencia, Catalonia og Balearene, bringer p\u00e5skedag enda en full avslutning.<\/p>\n<p>Det etterlater et ganske lite vindu \u00e5 handle p\u00e5.<\/p>\n<p>De fleste Mercadona-butikker vil v\u00e6re \u00e5pne p\u00e5 hellig l\u00f8rdag, vanligvis fra kl. 09.00 til 21.30. Men de dagene er ogs\u00e5 n\u00e5r folkemengdene topper seg.<\/p>\n<p>Hvis du skal, forvent k\u00f8er \u2013 spesielt l\u00f8rdag morgen.<\/p>\n<h2>Carrefour leder p\u00e5 fleksibilitet over p\u00e5skehelgen<\/h2>\n<p>Carrefour er vanligvis det enkleste alternativet i ferier \u2013 og p\u00e5sken er intet unntak.<\/p>\n<p>De fleste av de st\u00f8rre butikkene har som m\u00e5l \u00e5 holde \u00e5pent p\u00e5 skj\u00e6rtorsdag og langfredag \u200b\u200bder lokale lover tillater det, og holder ofte normale \u00e5pningstider rundt 9.00 til 22.00.<\/p>\n<p>I travle omr\u00e5der eller turistsoner kan enkelte filialer \u2013 spesielt Carrefour Express \u2013 \u00e5pne enda lenger.<\/p>\n<p>N\u00e5r det er sagt, f\u00f8lger ikke alle butikker samme tidsplan. \u00c5pningstidene kan variere avhengig av region og butikktype, s\u00e5 det er fortsatt verdt \u00e5 sjekke ditt n\u00e6rmeste sted f\u00f8r du drar ut.<\/p>\n<p>Hvis du vil ha en tryggere innsats i l\u00f8pet av ferien, er Carrefour generelt det mest p\u00e5litelige valget.<\/p>\n<h2>Lidl, Aldi og Dia: blandede tidsplaner avhengig av sted<\/h2>\n<p>For Lidl og Aldi ligger tiln\u00e6rmingen et sted midt i mellom.<\/p>\n<p>De har en tendens til \u00e5 tilpasse timene sine basert p\u00e5 lokale forskrifter, i stedet for \u00e5 bruke \u00e9n regel landsdekkende.<\/p>\n<p>Skj\u00e6rtorsdag kan enkelte butikker \u00e5pne \u2013 i alle fall deler av dagen \u2013 i omr\u00e5der der det ikke er helligdag. Men p\u00e5 langfredag \u200b\u200ber stenginger mye mer vanlig.<\/p>\n<p>I h\u00f8yturistomr\u00e5der kan det v\u00e6re unntak, men du b\u00f8r ikke stole p\u00e5 det uten \u00e5 sjekke f\u00f8rst.<\/p>\n<p>Ved skj\u00e6rel\u00f8rdag er begge kjedene tilbake til normale \u00e5pningstider, selv om butikkene ofte har det travlere enn vanlig.<\/p>\n<p>Dia er den minst forutsigbare av de store kjedene. Fordi mange av butikkene deres opererer som franchisetakere, bestemmes \u00e5pningstidene ofte p\u00e5 lokalt niv\u00e5. Det betyr at din n\u00e6rmeste butikk kan v\u00e6re \u00e5pen i noen timer \u2013 eller stengt helt.<\/p>\n<p>Det er et av de tilfellene der det ikke er valgfritt \u00e5 sjekke p\u00e5 forh\u00e5nd.<\/p>\n<h2>De travleste dagene \u00e5 handle \u2013 og n\u00e5r du b\u00f8r unng\u00e5 supermarkeder<\/h2>\n<p>P\u00e5skeuken gir alltid en \u00f8kning i supermarkedstrafikken, og dette \u00e5ret er ikke annerledes.<\/p>\n<p>To dager skiller seg ut:<\/p>\n<ul>\n<li>Onsdagen f\u00f8r p\u00e5ske<\/li>\n<li>Hellig l\u00f8rdag<\/li>\n<\/ul>\n<p>Dette er vanligvis de travleste shoppingdagene i \u00e5ret, ettersom folk lager opp f\u00f8r stenging.<\/p>\n<p>Hvis du kan, er det verdt \u00e5 handle tidligere i uken eller utenfor rushtiden. Sene morgener og tidlige kvelder har en tendens til \u00e5 v\u00e6re mest overfylt.<\/p>\n<p>\u00c5 la det st\u00e5 til siste minutt \u2013 spesielt p\u00e5 l\u00f8rdag \u2013 betyr vanligvis lengre k\u00f8er og begrenset lager p\u00e5 enkelte varer.<\/p>\n<h2>Hvorfor \u00e5pningstidene varierer s\u00e5 mye i Spania<\/h2>\n<p>En del av forvirringen kommer fra hvordan helligdager fungerer i Spania.<\/p>\n<p>Langfredag \u200b\u200ber en landsomfattende h\u00f8ytid, men skj\u00e6rtorsdag og p\u00e5skedag er avhengig av regionen. Det er derfor du kan se butikker \u00e5pne i ett omr\u00e5de, men stengt i et annet samme dag.<\/p>\n<p>Legg til det de forskjellige retningslinjene til hver supermarkedskjede, og det blir raskt et lappeteppe av tidsplaner.<\/p>\n<p>Derfor er det sikreste grepet enkelt: sjekk din lokale butikks \u00e5pningstider f\u00f8r du drar.<\/p>\n<h2>Planlegg p\u00e5 forh\u00e5nd for \u00e5 unng\u00e5 en bortkastet tur<\/h2>\n<p>Med stenginger, regionale forskjeller og travle butikker, er ikke p\u00e5skeshopping i Spania noe du vil overlate til tilfeldighetene.<\/p>\n<p>Hvis du stoler p\u00e5 Mercadona, s\u00f8rg for at du har alt f\u00f8r feriestengningene starter. Hvis du trenger fleksibilitet, er Carrefour vanligvis det beste alternativet.<\/p>\n<p>Og uansett hvor du handler, ikke anta at ditt lokale supermarked vil v\u00e6re \u00e5pent \u2013 \u200b\u200bdobbeltsjekk f\u00f8r du drar ut. For denne uken kan det \u00e5 m\u00f8te opp p\u00e5 feil tidspunkt bety \u00e5 g\u00e5 tomhendt hjem.<\/p>\n<p>                    <!-- Originally published at https:\/\/euroweeklynews.com\/2026\/04\/02\/spain-supermarket-where-you-can-and-cant-shop-this-easter-weekend\/ on 02 Apr 2026 at 13:21 by Farah Mokrani --><br \/>\n                    <!-- Article End -->\n                <\/div>\n","protected":false},"excerpt":{"rendered":"<p>Hvis du planlegger butikken din denne uken, ikke forlat det for sent. Supermarkeds \u00e5pningstider over<\/p>\n","protected":false},"author":1,"featured_media":16523,"comment_status":"closed","ping_status":"open","sticky":false,"template":"","format":"standard","meta":{"footnotes":""},"categories":[105],"tags":[1717,10336,449,187,339,10708,529,10707],"class_list":["post-16522","post","type-post","status-publish","format-standard","has-post-thumbnail","hentry","category-livsstil","tag-denne","tag-handle","tag-hvor","tag-ikke","tag-kan","tag-paskehelgen","tag-spania","tag-supermarked","generate-columns","tablet-grid-50","mobile-grid-100","grid-parent","grid-33","resize-featured-image"],"yoast_head":"<!-- This site is optimized with the Yoast SEO plugin v24.4 - https:\/\/yoast.com\/wordpress\/plugins\/seo\/ -->\n<title>Spania supermarked : hvor du kan (og ikke kan) handle denne p\u00e5skehelgen - Nordnesrepublikken<\/title>\n<meta name=\"robots\" content=\"index, follow, max-snippet:-1, max-image-preview:large, max-video-preview:-1\" \/>\n<link rel=\"canonical\" href=\"https:\/\/nordnesrepublikken.no\/index.php\/2026\/04\/02\/spania-supermarked-hvor-du-kan-og-ikke-kan-handle-denne-paskehelgen\/\" \/>\n<meta property=\"og:locale\" content=\"nb_NO\" \/>\n<meta property=\"og:type\" content=\"article\" \/>\n<meta property=\"og:title\" content=\"Spania supermarked : hvor du kan (og ikke kan) handle denne p\u00e5skehelgen - Nordnesrepublikken\" \/>\n<meta property=\"og:description\" content=\"Hvis du planlegger butikken din denne uken, ikke forlat det for sent. Supermarkeds \u00e5pningstider over\" \/>\n<meta property=\"og:url\" content=\"https:\/\/nordnesrepublikken.no\/index.php\/2026\/04\/02\/spania-supermarked-hvor-du-kan-og-ikke-kan-handle-denne-paskehelgen\/\" \/>\n<meta property=\"og:site_name\" content=\"Nordnesrepublikken\" \/>\n<meta property=\"article:published_time\" content=\"2026-04-02T16:49:32+00:00\" \/>\n<meta property=\"article:modified_time\" content=\"2026-04-02T16:49:34+00:00\" \/>\n<meta property=\"og:image\" content=\"https:\/\/nordnesrepublikken.no\/wp-content\/uploads\/2026\/04\/1775148573_Spania-supermarked-hvor-du-kan-og-ikke-kan-handle.jpg\" \/>\n\t<meta property=\"og:image:width\" content=\"1200\" \/>\n\t<meta property=\"og:image:height\" content=\"800\" \/>\n\t<meta property=\"og:image:type\" content=\"image\/jpeg\" \/>\n<meta name=\"author\" content=\"Ole Andersen\" \/>\n<meta name=\"twitter:card\" content=\"summary_large_image\" \/>\n<meta name=\"twitter:label1\" content=\"Skrevet av\" \/>\n\t<meta name=\"twitter:data1\" content=\"Ole Andersen\" \/>\n\t<meta name=\"twitter:label2\" content=\"Ansl. lesetid\" \/>\n\t<meta name=\"twitter:data2\" content=\"4 minutter\" \/>\n<script type=\"application\/ld+json\" class=\"yoast-schema-graph\">{\"@context\":\"https:\/\/schema.org\",\"@graph\":[{\"@type\":\"Article\",\"@id\":\"https:\/\/nordnesrepublikken.no\/index.php\/2026\/04\/02\/spania-supermarked-hvor-du-kan-og-ikke-kan-handle-denne-paskehelgen\/#article\",\"isPartOf\":{\"@id\":\"https:\/\/nordnesrepublikken.no\/index.php\/2026\/04\/02\/spania-supermarked-hvor-du-kan-og-ikke-kan-handle-denne-paskehelgen\/\"},\"author\":{\"name\":\"Ole Andersen\",\"@id\":\"https:\/\/nordnesrepublikken.no\/#\/schema\/person\/2e7e81935bab77882fffb79296240ff1\"},\"headline\":\"Spania supermarked : hvor du kan (og ikke kan) handle denne p\u00e5skehelgen\",\"datePublished\":\"2026-04-02T16:49:32+00:00\",\"dateModified\":\"2026-04-02T16:49:34+00:00\",\"mainEntityOfPage\":{\"@id\":\"https:\/\/nordnesrepublikken.no\/index.php\/2026\/04\/02\/spania-supermarked-hvor-du-kan-og-ikke-kan-handle-denne-paskehelgen\/\"},\"wordCount\":784,\"publisher\":{\"@id\":\"https:\/\/nordnesrepublikken.no\/#organization\"},\"image\":{\"@id\":\"https:\/\/nordnesrepublikken.no\/index.php\/2026\/04\/02\/spania-supermarked-hvor-du-kan-og-ikke-kan-handle-denne-paskehelgen\/#primaryimage\"},\"thumbnailUrl\":\"https:\/\/nordnesrepublikken.no\/wp-content\/uploads\/2026\/04\/1775148573_Spania-supermarked-hvor-du-kan-og-ikke-kan-handle.jpg\",\"keywords\":[\"denne\",\"handle\",\"hvor\",\"ikke\",\"kan\",\"p\u00e5skehelgen\",\"Spania\",\"supermarked\"],\"articleSection\":[\"Livsstil\"],\"inLanguage\":\"nb-NO\"},{\"@type\":\"WebPage\",\"@id\":\"https:\/\/nordnesrepublikken.no\/index.php\/2026\/04\/02\/spania-supermarked-hvor-du-kan-og-ikke-kan-handle-denne-paskehelgen\/\",\"url\":\"https:\/\/nordnesrepublikken.no\/index.php\/2026\/04\/02\/spania-supermarked-hvor-du-kan-og-ikke-kan-handle-denne-paskehelgen\/\",\"name\":\"Spania supermarked : hvor du kan (og ikke kan) handle denne p\u00e5skehelgen - Nordnesrepublikken\",\"isPartOf\":{\"@id\":\"https:\/\/nordnesrepublikken.no\/#website\"},\"primaryImageOfPage\":{\"@id\":\"https:\/\/nordnesrepublikken.no\/index.php\/2026\/04\/02\/spania-supermarked-hvor-du-kan-og-ikke-kan-handle-denne-paskehelgen\/#primaryimage\"},\"image\":{\"@id\":\"https:\/\/nordnesrepublikken.no\/index.php\/2026\/04\/02\/spania-supermarked-hvor-du-kan-og-ikke-kan-handle-denne-paskehelgen\/#primaryimage\"},\"thumbnailUrl\":\"https:\/\/nordnesrepublikken.no\/wp-content\/uploads\/2026\/04\/1775148573_Spania-supermarked-hvor-du-kan-og-ikke-kan-handle.jpg\",\"datePublished\":\"2026-04-02T16:49:32+00:00\",\"dateModified\":\"2026-04-02T16:49:34+00:00\",\"breadcrumb\":{\"@id\":\"https:\/\/nordnesrepublikken.no\/index.php\/2026\/04\/02\/spania-supermarked-hvor-du-kan-og-ikke-kan-handle-denne-paskehelgen\/#breadcrumb\"},\"inLanguage\":\"nb-NO\",\"potentialAction\":[{\"@type\":\"ReadAction\",\"target\":[\"https:\/\/nordnesrepublikken.no\/index.php\/2026\/04\/02\/spania-supermarked-hvor-du-kan-og-ikke-kan-handle-denne-paskehelgen\/\"]}]},{\"@type\":\"ImageObject\",\"inLanguage\":\"nb-NO\",\"@id\":\"https:\/\/nordnesrepublikken.no\/index.php\/2026\/04\/02\/spania-supermarked-hvor-du-kan-og-ikke-kan-handle-denne-paskehelgen\/#primaryimage\",\"url\":\"https:\/\/nordnesrepublikken.no\/wp-content\/uploads\/2026\/04\/1775148573_Spania-supermarked-hvor-du-kan-og-ikke-kan-handle.jpg\",\"contentUrl\":\"https:\/\/nordnesrepublikken.no\/wp-content\/uploads\/2026\/04\/1775148573_Spania-supermarked-hvor-du-kan-og-ikke-kan-handle.jpg\",\"width\":1200,\"height\":800,\"caption\":\"Spania supermarked : hvor du kan (og ikke kan) handle denne p\u00e5skehelgen\"},{\"@type\":\"BreadcrumbList\",\"@id\":\"https:\/\/nordnesrepublikken.no\/index.php\/2026\/04\/02\/spania-supermarked-hvor-du-kan-og-ikke-kan-handle-denne-paskehelgen\/#breadcrumb\",\"itemListElement\":[{\"@type\":\"ListItem\",\"position\":1,\"name\":\"Home\",\"item\":\"https:\/\/nordnesrepublikken.no\/\"},{\"@type\":\"ListItem\",\"position\":2,\"name\":\"Spania supermarked : hvor du kan (og ikke kan) handle denne p\u00e5skehelgen\"}]},{\"@type\":\"WebSite\",\"@id\":\"https:\/\/nordnesrepublikken.no\/#website\",\"url\":\"https:\/\/nordnesrepublikken.no\/\",\"name\":\"Nordnesrepublikken\",\"description\":\"Stemmer og Visjoner fra Republikkens Hjerte\",\"publisher\":{\"@id\":\"https:\/\/nordnesrepublikken.no\/#organization\"},\"potentialAction\":[{\"@type\":\"SearchAction\",\"target\":{\"@type\":\"EntryPoint\",\"urlTemplate\":\"https:\/\/nordnesrepublikken.no\/?s={search_term_string}\"},\"query-input\":{\"@type\":\"PropertyValueSpecification\",\"valueRequired\":true,\"valueName\":\"search_term_string\"}}],\"inLanguage\":\"nb-NO\"},{\"@type\":\"Organization\",\"@id\":\"https:\/\/nordnesrepublikken.no\/#organization\",\"name\":\"Nordnesrepublikken\",\"url\":\"https:\/\/nordnesrepublikken.no\/\",\"logo\":{\"@type\":\"ImageObject\",\"inLanguage\":\"nb-NO\",\"@id\":\"https:\/\/nordnesrepublikken.no\/#\/schema\/logo\/image\/\",\"url\":\"https:\/\/nordnesrepublikken.no\/wp-content\/uploads\/2025\/02\/cropped-nordnesrepublikken-2.png\",\"contentUrl\":\"https:\/\/nordnesrepublikken.no\/wp-content\/uploads\/2025\/02\/cropped-nordnesrepublikken-2.png\",\"width\":1248,\"height\":362,\"caption\":\"Nordnesrepublikken\"},\"image\":{\"@id\":\"https:\/\/nordnesrepublikken.no\/#\/schema\/logo\/image\/\"}},{\"@type\":\"Person\",\"@id\":\"https:\/\/nordnesrepublikken.no\/#\/schema\/person\/2e7e81935bab77882fffb79296240ff1\",\"name\":\"Ole Andersen\",\"image\":{\"@type\":\"ImageObject\",\"inLanguage\":\"nb-NO\",\"@id\":\"https:\/\/nordnesrepublikken.no\/#\/schema\/person\/image\/\",\"url\":\"https:\/\/nordnesrepublikken.no\/wp-content\/uploads\/2025\/02\/nordnesrepublikken-2-2-150x150.jpg\",\"contentUrl\":\"https:\/\/nordnesrepublikken.no\/wp-content\/uploads\/2025\/02\/nordnesrepublikken-2-2-150x150.jpg\",\"caption\":\"Ole Andersen\"},\"description\":\"Ettersom jeg vokste opp i Oslo, har jeg alltid v\u00e6rt fascinert av ordenes kraft og deres evne til \u00e5 skape endringer. Etter \u00e5 ha fullf\u00f8rt min utdannelse i kommunikasjon ved Universitetet i Bergen, fikk jeg muligheten til \u00e5 jobbe innen ulike medier, der jeg har s\u00f8kt \u00e5 belyse viktige samfunnssp\u00f8rsm\u00e5l. I dag, som redakt\u00f8r for Nordnesrepublikken, pr\u00f8ver jeg \u00e5 forene min kj\u00e6rlighet for journalistikk med min lidenskap for innovasjon og eventyr.\",\"sameAs\":[\"https:\/\/nordnesrepublikken.no\/\"]}]}<\/script>\n<!-- \/ Yoast SEO plugin. -->","yoast_head_json":{"title":"Spania supermarked : hvor du kan (og ikke kan) handle denne p\u00e5skehelgen - Nordnesrepublikken","robots":{"index":"index","follow":"follow","max-snippet":"max-snippet:-1","max-image-preview":"max-image-preview:large","max-video-preview":"max-video-preview:-1"},"canonical":"https:\/\/nordnesrepublikken.no\/index.php\/2026\/04\/02\/spania-supermarked-hvor-du-kan-og-ikke-kan-handle-denne-paskehelgen\/","og_locale":"nb_NO","og_type":"article","og_title":"Spania supermarked : hvor du kan (og ikke kan) handle denne p\u00e5skehelgen - Nordnesrepublikken","og_description":"Hvis du planlegger butikken din denne uken, ikke forlat det for sent. Supermarkeds \u00e5pningstider over","og_url":"https:\/\/nordnesrepublikken.no\/index.php\/2026\/04\/02\/spania-supermarked-hvor-du-kan-og-ikke-kan-handle-denne-paskehelgen\/","og_site_name":"Nordnesrepublikken","article_published_time":"2026-04-02T16:49:32+00:00","article_modified_time":"2026-04-02T16:49:34+00:00","og_image":[{"width":1200,"height":800,"url":"https:\/\/nordnesrepublikken.no\/wp-content\/uploads\/2026\/04\/1775148573_Spania-supermarked-hvor-du-kan-og-ikke-kan-handle.jpg","type":"image\/jpeg"}],"author":"Ole Andersen","twitter_card":"summary_large_image","twitter_misc":{"Skrevet av":"Ole Andersen","Ansl. lesetid":"4 minutter"},"schema":{"@context":"https:\/\/schema.org","@graph":[{"@type":"Article","@id":"https:\/\/nordnesrepublikken.no\/index.php\/2026\/04\/02\/spania-supermarked-hvor-du-kan-og-ikke-kan-handle-denne-paskehelgen\/#article","isPartOf":{"@id":"https:\/\/nordnesrepublikken.no\/index.php\/2026\/04\/02\/spania-supermarked-hvor-du-kan-og-ikke-kan-handle-denne-paskehelgen\/"},"author":{"name":"Ole Andersen","@id":"https:\/\/nordnesrepublikken.no\/#\/schema\/person\/2e7e81935bab77882fffb79296240ff1"},"headline":"Spania supermarked : hvor du kan (og ikke kan) handle denne p\u00e5skehelgen","datePublished":"2026-04-02T16:49:32+00:00","dateModified":"2026-04-02T16:49:34+00:00","mainEntityOfPage":{"@id":"https:\/\/nordnesrepublikken.no\/index.php\/2026\/04\/02\/spania-supermarked-hvor-du-kan-og-ikke-kan-handle-denne-paskehelgen\/"},"wordCount":784,"publisher":{"@id":"https:\/\/nordnesrepublikken.no\/#organization"},"image":{"@id":"https:\/\/nordnesrepublikken.no\/index.php\/2026\/04\/02\/spania-supermarked-hvor-du-kan-og-ikke-kan-handle-denne-paskehelgen\/#primaryimage"},"thumbnailUrl":"https:\/\/nordnesrepublikken.no\/wp-content\/uploads\/2026\/04\/1775148573_Spania-supermarked-hvor-du-kan-og-ikke-kan-handle.jpg","keywords":["denne","handle","hvor","ikke","kan","p\u00e5skehelgen","Spania","supermarked"],"articleSection":["Livsstil"],"inLanguage":"nb-NO"},{"@type":"WebPage","@id":"https:\/\/nordnesrepublikken.no\/index.php\/2026\/04\/02\/spania-supermarked-hvor-du-kan-og-ikke-kan-handle-denne-paskehelgen\/","url":"https:\/\/nordnesrepublikken.no\/index.php\/2026\/04\/02\/spania-supermarked-hvor-du-kan-og-ikke-kan-handle-denne-paskehelgen\/","name":"Spania supermarked : hvor du kan (og ikke kan) handle denne p\u00e5skehelgen - Nordnesrepublikken","isPartOf":{"@id":"https:\/\/nordnesrepublikken.no\/#website"},"primaryImageOfPage":{"@id":"https:\/\/nordnesrepublikken.no\/index.php\/2026\/04\/02\/spania-supermarked-hvor-du-kan-og-ikke-kan-handle-denne-paskehelgen\/#primaryimage"},"image":{"@id":"https:\/\/nordnesrepublikken.no\/index.php\/2026\/04\/02\/spania-supermarked-hvor-du-kan-og-ikke-kan-handle-denne-paskehelgen\/#primaryimage"},"thumbnailUrl":"https:\/\/nordnesrepublikken.no\/wp-content\/uploads\/2026\/04\/1775148573_Spania-supermarked-hvor-du-kan-og-ikke-kan-handle.jpg","datePublished":"2026-04-02T16:49:32+00:00","dateModified":"2026-04-02T16:49:34+00:00","breadcrumb":{"@id":"https:\/\/nordnesrepublikken.no\/index.php\/2026\/04\/02\/spania-supermarked-hvor-du-kan-og-ikke-kan-handle-denne-paskehelgen\/#breadcrumb"},"inLanguage":"nb-NO","potentialAction":[{"@type":"ReadAction","target":["https:\/\/nordnesrepublikken.no\/index.php\/2026\/04\/02\/spania-supermarked-hvor-du-kan-og-ikke-kan-handle-denne-paskehelgen\/"]}]},{"@type":"ImageObject","inLanguage":"nb-NO","@id":"https:\/\/nordnesrepublikken.no\/index.php\/2026\/04\/02\/spania-supermarked-hvor-du-kan-og-ikke-kan-handle-denne-paskehelgen\/#primaryimage","url":"https:\/\/nordnesrepublikken.no\/wp-content\/uploads\/2026\/04\/1775148573_Spania-supermarked-hvor-du-kan-og-ikke-kan-handle.jpg","contentUrl":"https:\/\/nordnesrepublikken.no\/wp-content\/uploads\/2026\/04\/1775148573_Spania-supermarked-hvor-du-kan-og-ikke-kan-handle.jpg","width":1200,"height":800,"caption":"Spania supermarked : hvor du kan (og ikke kan) handle denne p\u00e5skehelgen"},{"@type":"BreadcrumbList","@id":"https:\/\/nordnesrepublikken.no\/index.php\/2026\/04\/02\/spania-supermarked-hvor-du-kan-og-ikke-kan-handle-denne-paskehelgen\/#breadcrumb","itemListElement":[{"@type":"ListItem","position":1,"name":"Home","item":"https:\/\/nordnesrepublikken.no\/"},{"@type":"ListItem","position":2,"name":"Spania supermarked : hvor du kan (og ikke kan) handle denne p\u00e5skehelgen"}]},{"@type":"WebSite","@id":"https:\/\/nordnesrepublikken.no\/#website","url":"https:\/\/nordnesrepublikken.no\/","name":"Nordnesrepublikken","description":"Stemmer og Visjoner fra Republikkens Hjerte","publisher":{"@id":"https:\/\/nordnesrepublikken.no\/#organization"},"potentialAction":[{"@type":"SearchAction","target":{"@type":"EntryPoint","urlTemplate":"https:\/\/nordnesrepublikken.no\/?s={search_term_string}"},"query-input":{"@type":"PropertyValueSpecification","valueRequired":true,"valueName":"search_term_string"}}],"inLanguage":"nb-NO"},{"@type":"Organization","@id":"https:\/\/nordnesrepublikken.no\/#organization","name":"Nordnesrepublikken","url":"https:\/\/nordnesrepublikken.no\/","logo":{"@type":"ImageObject","inLanguage":"nb-NO","@id":"https:\/\/nordnesrepublikken.no\/#\/schema\/logo\/image\/","url":"https:\/\/nordnesrepublikken.no\/wp-content\/uploads\/2025\/02\/cropped-nordnesrepublikken-2.png","contentUrl":"https:\/\/nordnesrepublikken.no\/wp-content\/uploads\/2025\/02\/cropped-nordnesrepublikken-2.png","width":1248,"height":362,"caption":"Nordnesrepublikken"},"image":{"@id":"https:\/\/nordnesrepublikken.no\/#\/schema\/logo\/image\/"}},{"@type":"Person","@id":"https:\/\/nordnesrepublikken.no\/#\/schema\/person\/2e7e81935bab77882fffb79296240ff1","name":"Ole Andersen","image":{"@type":"ImageObject","inLanguage":"nb-NO","@id":"https:\/\/nordnesrepublikken.no\/#\/schema\/person\/image\/","url":"https:\/\/nordnesrepublikken.no\/wp-content\/uploads\/2025\/02\/nordnesrepublikken-2-2-150x150.jpg","contentUrl":"https:\/\/nordnesrepublikken.no\/wp-content\/uploads\/2025\/02\/nordnesrepublikken-2-2-150x150.jpg","caption":"Ole Andersen"},"description":"Ettersom jeg vokste opp i Oslo, har jeg alltid v\u00e6rt fascinert av ordenes kraft og deres evne til \u00e5 skape endringer. Etter \u00e5 ha fullf\u00f8rt min utdannelse i kommunikasjon ved Universitetet i Bergen, fikk jeg muligheten til \u00e5 jobbe innen ulike medier, der jeg har s\u00f8kt \u00e5 belyse viktige samfunnssp\u00f8rsm\u00e5l. I dag, som redakt\u00f8r for Nordnesrepublikken, pr\u00f8ver jeg \u00e5 forene min kj\u00e6rlighet for journalistikk med min lidenskap for innovasjon og eventyr.","sameAs":["https:\/\/nordnesrepublikken.no\/"]}]}},"_links":{"self":[{"href":"https:\/\/nordnesrepublikken.no\/index.php\/wp-json\/wp\/v2\/posts\/16522","targetHints":{"allow":["GET"]}}],"collection":[{"href":"https:\/\/nordnesrepublikken.no\/index.php\/wp-json\/wp\/v2\/posts"}],"about":[{"href":"https:\/\/nordnesrepublikken.no\/index.php\/wp-json\/wp\/v2\/types\/post"}],"author":[{"embeddable":true,"href":"https:\/\/nordnesrepublikken.no\/index.php\/wp-json\/wp\/v2\/users\/1"}],"replies":[{"embeddable":true,"href":"https:\/\/nordnesrepublikken.no\/index.php\/wp-json\/wp\/v2\/comments?post=16522"}],"version-history":[{"count":1,"href":"https:\/\/nordnesrepublikken.no\/index.php\/wp-json\/wp\/v2\/posts\/16522\/revisions"}],"predecessor-version":[{"id":16524,"href":"https:\/\/nordnesrepublikken.no\/index.php\/wp-json\/wp\/v2\/posts\/16522\/revisions\/16524"}],"wp:featuredmedia":[{"embeddable":true,"href":"https:\/\/nordnesrepublikken.no\/index.php\/wp-json\/wp\/v2\/media\/16523"}],"wp:attachment":[{"href":"https:\/\/nordnesrepublikken.no\/index.php\/wp-json\/wp\/v2\/media?parent=16522"}],"wp:term":[{"taxonomy":"category","embeddable":true,"href":"https:\/\/nordnesrepublikken.no\/index.php\/wp-json\/wp\/v2\/categories?post=16522"},{"taxonomy":"post_tag","embeddable":true,"href":"https:\/\/nordnesrepublikken.no\/index.php\/wp-json\/wp\/v2\/tags?post=16522"}],"curies":[{"name":"wp","href":"https:\/\/api.w.org\/{rel}","templated":true}]}}