{"id":16513,"date":"2026-04-02T12:49:33","date_gmt":"2026-04-02T10:49:33","guid":{"rendered":"https:\/\/nordnesrepublikken.no\/index.php\/2026\/04\/02\/betydningen-av-paskedag-og-datoen-i-2026\/"},"modified":"2026-04-02T12:49:37","modified_gmt":"2026-04-02T10:49:37","slug":"betydningen-av-paskedag-og-datoen-i-2026","status":"publish","type":"post","link":"https:\/\/nordnesrepublikken.no\/index.php\/2026\/04\/02\/betydningen-av-paskedag-og-datoen-i-2026\/","title":{"rendered":"betydningen av p\u00e5skedag og datoen i 2026"},"content":{"rendered":"<div>\n<div class=\"cp_wrapper cp_wrapper--fw mb-30 mb-20@tablet\">\n<figure class=\"mm\"><picture class=\"img\" style=\"padding-top:56.25%\"><source  media=\"(min-width: 1024px)\"><source  media=\"(min-width: 768px)\"><\/source><\/source><\/picture><\/figure>\n<\/p><\/div>\n<p>Dagen av <strong>p\u00e5skedag<\/strong>ogs\u00e5 kalt <strong>p\u00e5skedag<\/strong>er en offentlig fridag etter s\u00f8ndagen den <strong>p\u00e5ske<\/strong> som minnes en begivenhet som er fortalt i evangeliene: dagen etter Jesu oppstandelse, tre kvinner ved navn Maria, kjent som <strong>de tre Marys<\/strong>gikk de til graven hans for \u00e5 balsamere liket, men de fant graven tom og ble forferdet inntil en engel, som viste seg i himmelen, fortalte dem at Jesus hadde st\u00e5tt opp.<\/p>\n<p>Det er derfor en kristen religi\u00f8s anledning, men oppleves ofte som en <strong>borgerlig helligdag<\/strong>offisielt anerkjent av italienske institusjoner og de i mange andre land for \u00e5 &laquo;forlenge&raquo; p\u00e5sken med \u00e9n dag. P\u00e5 p\u00e5skedag, som i \u00e5r faller p\u00e5 <strong>6. april 2026<\/strong>spesifikasjoner er tilknyttet <strong>popul\u00e6re tradisjoner<\/strong>. I Italia er den mest utbredte at av <strong>tur ut av byen<\/strong>. I resten av verden regnes ikke p\u00e5skedag som en viktig og etterlengtet dato som i Italia. Selv i v\u00e5rt land <strong>dagens navn<\/strong> de er forskjellige fra de som brukes andre steder.<\/p>\n<h2>Hva feires p\u00e5 p\u00e5skedag og hvorfor det kalles p\u00e5skedag<\/h2>\n<p>Sp\u00f8rsm\u00e5let er mindre trivielt enn det kan se ut til. Begrepet Pasquetta \u2013 som, som det er lett \u00e5 forestille seg, er diminutiv av p\u00e5ske \u2013 er i bruk <strong>bare i Italia<\/strong> og det er en <strong>ord av popul\u00e6r opprinnelse<\/strong> utbredt i noen ti\u00e5r. I v\u00e5rt land kalles dagen ogs\u00e5 p\u00e5skedag, til minne om begivenheten fortalt av <strong>Evangeliet if\u00f8lge Markus <\/strong>om engelen som kunngjorde Kristi oppstandelse.<\/p>\n<p>Navnet p\u00e5skedag er imidlertid ikke offisielt akseptert av den liturgiske kalenderen og brukes, som p\u00e5skedag, bare i Italia. I andre land kalles dagen etter p\u00e5ske mer generisk <strong>p\u00e5skedag <\/strong>(<em>p\u00e5skedag<\/em> p\u00e5 engelsk, <em>Mandag i Paques<\/em> p\u00e5 fransk osv.).<\/p>\n<div class=\"cp_wrapper cp_wrapper--fw mb-50\">\n<figure class=\"mm\"><picture class=\"img\" style=\"padding-top:118.875%\"><source  media=\"(min-width: 1024px)\"><source  media=\"(min-width: 768px)\"><img decoding=\"async\" loading=\"lazy\" src=\"https:\/\/nordnesrepublikken.no\/wp-content\/uploads\/2026\/04\/betydningen-av-paskedag-og-datoen-i-2026.jpeg\" alt=\"De tre Mariane ved graven\" width=\"800\" height=\"951\"\/><\/source><\/source><\/picture><\/figure>\n<\/p><\/div>\n<h2><strong>Den religi\u00f8se betydningen og hvorfor den feires p\u00e5 mandag<\/strong><\/h2>\n<p>For kirken er p\u00e5skedag den andre dagen i <strong>p\u00e5sketid<\/strong>en periode som varer i femti dager og b\u00f8r leves med glede for Jesu oppstandelse. Som nevnt feirer p\u00e5skedag m\u00f8tet mellom kvinnene (inkludert Maria Magdalena) og engelen ved den tomme graven, som forkynte for dem Jesu oppstandelse, som skjedde dagen f\u00f8r.<\/p>\n<p>P\u00e5skedag er ogs\u00e5 f\u00f8rste dag i<strong>Oktav i p\u00e5sken<\/strong>som varer i \u00e5tte dager. Tidligere ble p\u00e5sketiden og oktaven opplevd med st\u00f8rre engasjement av befolkningen, mens de i dag, til tross for at de er en del av den liturgiske kalenderen, er <strong>nesten<\/strong> <strong>ignorert<\/strong>. For kirken, tross alt p\u00e5skedag <strong>det er ikke en feiring av forpliktelsen<\/strong> og de troende er ikke forpliktet til \u00e5 delta p\u00e5 messen. p\u00e5skedag<strong> det feires p\u00e5 mandag<\/strong> av en veldig enkel grunn: det er dagen etter p\u00e5ske som som kjent alltid faller p\u00e5 en s\u00f8ndag.<\/p>\n<h2>Hvor p\u00e5skedag feires og tradisjonen med turer ut av byen i Italia<\/h2>\n<p>P\u00e5skedag er en <strong>borgerlig helligdag<\/strong>med skoler og kontorer stengt, i nesten hele Europa, i forskjellige afrikanske land, i Canada, i Australia og i andre stater. I stedet er det en <strong>vanlig arbeidsdag<\/strong> i andre land med kristen flertall, inkludert USA og Russland, samt, logisk nok, i stater der andre religioner r\u00e5der.<\/p>\n<p>I Italia er det p\u00e5skedag <strong>en helligdag siden 1947<\/strong>da regjeringen besluttet \u00e5 forlenge jule- og p\u00e5skeferien med \u00e9n dag, og slo fast at dagene etter de to merkedagene (2. juledag og p\u00e5skedag) ikke var arbeidsdager.<\/p>\n<p>I Italia er den mest utbredte og dypt forankrede p\u00e5skemandagstradisjonen turen utenbys, ofte forst\u00e5tt som en gruppetur for \u00e5 ha en utend\u00f8rs piknik eller spise lunsj p\u00e5 et g\u00e5rdshus. Tradisjonen spredte seg fremfor alt <strong>fra 1950-tallet<\/strong>perioden med \u00f8konomisk mirakel og modernisering av samfunnet, og har blitt mer og mer popul\u00e6r for hvert \u00e5r som g\u00e5r. For eksempel, i 2023, if\u00f8lge Coldiretti, deltok 43 % av italienerne p\u00e5 en reise. Ikke alle italienere velger imidlertid piknik og g\u00e5rdshus: andre innbyggere foretrekker byer, museer og strender.<\/p>\n<div class=\"cp_wrapper cp_wrapper--fw mb-50\">\n<figure class=\"mm\"><picture class=\"img\" style=\"padding-top:133.375%\"><source  media=\"(min-width: 1024px)\"><source  media=\"(min-width: 768px)\"><img decoding=\"async\" loading=\"lazy\" src=\"https:\/\/nordnesrepublikken.no\/wp-content\/uploads\/2026\/04\/1775126973_331_betydningen-av-paskedag-og-datoen-i-2026.jpeg\" alt=\"Grillen er mye brukt p\u00e5 p\u00e5skedag (kreditt Alessio Sbarbaro)\" width=\"800\" height=\"1067\" class=\"js-seedtag-img\"\/><\/source><\/source><\/picture><\/figure>\n<\/p><\/div>\n<h2><strong>Tollvesenet i andre land<\/strong><\/h2>\n<p>Tradisjonen med piknik eksisterer i noen f\u00e5 andre land, inkludert La <strong>Spania<\/strong>. I noen stater er forskjellige skikker utbredt. For eksempel, i Polen kalles p\u00e5skedag p\u00e5 folkemunne <strong>\u015amigus-dyngus<\/strong><strong>  (v\u00e5t mandag)<\/strong>fordi gutter kaster b\u00f8tter med vann p\u00e5 jenter eller, i andre tilfeller, lekende sl\u00e5r dem med pilegrener. Tradisjonen blir ogs\u00e5 observert av polske emigranter som bor i utlandet.<\/p>\n<div class=\"cp_wrapper cp_wrapper--fw mb-50\">\n<figure class=\"mm\"><picture class=\"img\" style=\"padding-top:75%\"><source  media=\"(min-width: 1024px)\"><source  media=\"(min-width: 768px)\"><img decoding=\"async\" loading=\"lazy\" src=\"https:\/\/nordnesrepublikken.no\/wp-content\/uploads\/2026\/04\/1775126973_415_betydningen-av-paskedag-og-datoen-i-2026.jpeg\" alt=\"Smigus-dyngus i Polen i 2010 (kreditt Silar)\" width=\"800\" height=\"600\"\/><\/source><\/source><\/picture><\/figure>\n<\/p><\/div>\n<p>I andre land, inkludert mange av de som anerkjenner dagen som en helligdag, ikke <strong>det er spesifikke skikker<\/strong> p\u00e5skedag. Selv i USA \u2013 der, som vi har sett, dagen er en arbeidsdag \u2013 er det ingen popul\u00e6re tradisjoner knyttet til jubileet, men det er en skikk som involverer Det hvite hus: en gruppe barn under tretten \u00e5r samles p\u00e5 en av plenene som ligger i n\u00e6rheten av presidentboligen og utfordrer hverandre i en <em><strong>eggrulling<\/strong><\/em>  (eggrulling) foran \u00f8ynene til presidenten og f\u00f8rstedamen. Den som kommer eggene lengst uten at de g\u00e5r i stykker, vinner.<\/p>\n<\/p><\/div>\n","protected":false},"excerpt":{"rendered":"<p>Dagen av p\u00e5skedagogs\u00e5 kalt p\u00e5skedager en offentlig fridag etter s\u00f8ndagen den p\u00e5ske som minnes en<\/p>\n","protected":false},"author":1,"featured_media":16514,"comment_status":"closed","ping_status":"open","sticky":false,"template":"","format":"standard","meta":{"footnotes":""},"categories":[104],"tags":[962,371,10703],"class_list":["post-16513","post","type-post","status-publish","format-standard","has-post-thumbnail","hentry","category-samfunn","tag-betydningen","tag-datoen","tag-paskedag","generate-columns","tablet-grid-50","mobile-grid-100","grid-parent","grid-33","resize-featured-image"],"yoast_head":"<!-- This site is optimized with the Yoast SEO plugin v24.4 - https:\/\/yoast.com\/wordpress\/plugins\/seo\/ -->\n<title>betydningen av p\u00e5skedag og datoen i 2026 - Nordnesrepublikken<\/title>\n<meta name=\"robots\" content=\"index, follow, max-snippet:-1, max-image-preview:large, max-video-preview:-1\" \/>\n<link rel=\"canonical\" href=\"https:\/\/nordnesrepublikken.no\/index.php\/2026\/04\/02\/betydningen-av-paskedag-og-datoen-i-2026\/\" \/>\n<meta property=\"og:locale\" content=\"nb_NO\" \/>\n<meta property=\"og:type\" content=\"article\" \/>\n<meta property=\"og:title\" content=\"betydningen av p\u00e5skedag og datoen i 2026 - Nordnesrepublikken\" \/>\n<meta property=\"og:description\" content=\"Dagen av p\u00e5skedagogs\u00e5 kalt p\u00e5skedager en offentlig fridag etter s\u00f8ndagen den p\u00e5ske som minnes en\" \/>\n<meta property=\"og:url\" content=\"https:\/\/nordnesrepublikken.no\/index.php\/2026\/04\/02\/betydningen-av-paskedag-og-datoen-i-2026\/\" \/>\n<meta property=\"og:site_name\" content=\"Nordnesrepublikken\" \/>\n<meta property=\"article:published_time\" content=\"2026-04-02T10:49:33+00:00\" \/>\n<meta property=\"article:modified_time\" content=\"2026-04-02T10:49:37+00:00\" \/>\n<meta property=\"og:image\" content=\"https:\/\/nordnesrepublikken.no\/wp-content\/uploads\/2026\/04\/1775126976_betydningen-av-paskedag-og-datoen-i-2026.jpg\" \/>\n\t<meta property=\"og:image:width\" content=\"2338\" \/>\n\t<meta property=\"og:image:height\" content=\"1283\" \/>\n\t<meta property=\"og:image:type\" content=\"image\/jpeg\" \/>\n<meta name=\"author\" content=\"Ole Andersen\" \/>\n<meta name=\"twitter:card\" content=\"summary_large_image\" \/>\n<meta name=\"twitter:label1\" content=\"Skrevet av\" \/>\n\t<meta name=\"twitter:data1\" content=\"Ole Andersen\" \/>\n\t<meta name=\"twitter:label2\" content=\"Ansl. lesetid\" \/>\n\t<meta name=\"twitter:data2\" content=\"4 minutter\" \/>\n<script type=\"application\/ld+json\" class=\"yoast-schema-graph\">{\"@context\":\"https:\/\/schema.org\",\"@graph\":[{\"@type\":\"Article\",\"@id\":\"https:\/\/nordnesrepublikken.no\/index.php\/2026\/04\/02\/betydningen-av-paskedag-og-datoen-i-2026\/#article\",\"isPartOf\":{\"@id\":\"https:\/\/nordnesrepublikken.no\/index.php\/2026\/04\/02\/betydningen-av-paskedag-og-datoen-i-2026\/\"},\"author\":{\"name\":\"Ole Andersen\",\"@id\":\"https:\/\/nordnesrepublikken.no\/#\/schema\/person\/2e7e81935bab77882fffb79296240ff1\"},\"headline\":\"betydningen av p\u00e5skedag og datoen i 2026\",\"datePublished\":\"2026-04-02T10:49:33+00:00\",\"dateModified\":\"2026-04-02T10:49:37+00:00\",\"mainEntityOfPage\":{\"@id\":\"https:\/\/nordnesrepublikken.no\/index.php\/2026\/04\/02\/betydningen-av-paskedag-og-datoen-i-2026\/\"},\"wordCount\":806,\"publisher\":{\"@id\":\"https:\/\/nordnesrepublikken.no\/#organization\"},\"image\":{\"@id\":\"https:\/\/nordnesrepublikken.no\/index.php\/2026\/04\/02\/betydningen-av-paskedag-og-datoen-i-2026\/#primaryimage\"},\"thumbnailUrl\":\"https:\/\/nordnesrepublikken.no\/wp-content\/uploads\/2026\/04\/1775126976_betydningen-av-paskedag-og-datoen-i-2026.jpg\",\"keywords\":[\"betydningen\",\"datoen\",\"p\u00e5skedag\"],\"articleSection\":[\"Samfunn\"],\"inLanguage\":\"nb-NO\"},{\"@type\":\"WebPage\",\"@id\":\"https:\/\/nordnesrepublikken.no\/index.php\/2026\/04\/02\/betydningen-av-paskedag-og-datoen-i-2026\/\",\"url\":\"https:\/\/nordnesrepublikken.no\/index.php\/2026\/04\/02\/betydningen-av-paskedag-og-datoen-i-2026\/\",\"name\":\"betydningen av p\u00e5skedag og datoen i 2026 - Nordnesrepublikken\",\"isPartOf\":{\"@id\":\"https:\/\/nordnesrepublikken.no\/#website\"},\"primaryImageOfPage\":{\"@id\":\"https:\/\/nordnesrepublikken.no\/index.php\/2026\/04\/02\/betydningen-av-paskedag-og-datoen-i-2026\/#primaryimage\"},\"image\":{\"@id\":\"https:\/\/nordnesrepublikken.no\/index.php\/2026\/04\/02\/betydningen-av-paskedag-og-datoen-i-2026\/#primaryimage\"},\"thumbnailUrl\":\"https:\/\/nordnesrepublikken.no\/wp-content\/uploads\/2026\/04\/1775126976_betydningen-av-paskedag-og-datoen-i-2026.jpg\",\"datePublished\":\"2026-04-02T10:49:33+00:00\",\"dateModified\":\"2026-04-02T10:49:37+00:00\",\"breadcrumb\":{\"@id\":\"https:\/\/nordnesrepublikken.no\/index.php\/2026\/04\/02\/betydningen-av-paskedag-og-datoen-i-2026\/#breadcrumb\"},\"inLanguage\":\"nb-NO\",\"potentialAction\":[{\"@type\":\"ReadAction\",\"target\":[\"https:\/\/nordnesrepublikken.no\/index.php\/2026\/04\/02\/betydningen-av-paskedag-og-datoen-i-2026\/\"]}]},{\"@type\":\"ImageObject\",\"inLanguage\":\"nb-NO\",\"@id\":\"https:\/\/nordnesrepublikken.no\/index.php\/2026\/04\/02\/betydningen-av-paskedag-og-datoen-i-2026\/#primaryimage\",\"url\":\"https:\/\/nordnesrepublikken.no\/wp-content\/uploads\/2026\/04\/1775126976_betydningen-av-paskedag-og-datoen-i-2026.jpg\",\"contentUrl\":\"https:\/\/nordnesrepublikken.no\/wp-content\/uploads\/2026\/04\/1775126976_betydningen-av-paskedag-og-datoen-i-2026.jpg\",\"width\":2338,\"height\":1283,\"caption\":\"betydningen av p\u00e5skedag og datoen i 2026\"},{\"@type\":\"BreadcrumbList\",\"@id\":\"https:\/\/nordnesrepublikken.no\/index.php\/2026\/04\/02\/betydningen-av-paskedag-og-datoen-i-2026\/#breadcrumb\",\"itemListElement\":[{\"@type\":\"ListItem\",\"position\":1,\"name\":\"Home\",\"item\":\"https:\/\/nordnesrepublikken.no\/\"},{\"@type\":\"ListItem\",\"position\":2,\"name\":\"betydningen av p\u00e5skedag og datoen i 2026\"}]},{\"@type\":\"WebSite\",\"@id\":\"https:\/\/nordnesrepublikken.no\/#website\",\"url\":\"https:\/\/nordnesrepublikken.no\/\",\"name\":\"Nordnesrepublikken\",\"description\":\"Stemmer og Visjoner fra Republikkens Hjerte\",\"publisher\":{\"@id\":\"https:\/\/nordnesrepublikken.no\/#organization\"},\"potentialAction\":[{\"@type\":\"SearchAction\",\"target\":{\"@type\":\"EntryPoint\",\"urlTemplate\":\"https:\/\/nordnesrepublikken.no\/?s={search_term_string}\"},\"query-input\":{\"@type\":\"PropertyValueSpecification\",\"valueRequired\":true,\"valueName\":\"search_term_string\"}}],\"inLanguage\":\"nb-NO\"},{\"@type\":\"Organization\",\"@id\":\"https:\/\/nordnesrepublikken.no\/#organization\",\"name\":\"Nordnesrepublikken\",\"url\":\"https:\/\/nordnesrepublikken.no\/\",\"logo\":{\"@type\":\"ImageObject\",\"inLanguage\":\"nb-NO\",\"@id\":\"https:\/\/nordnesrepublikken.no\/#\/schema\/logo\/image\/\",\"url\":\"https:\/\/nordnesrepublikken.no\/wp-content\/uploads\/2025\/02\/cropped-nordnesrepublikken-2.png\",\"contentUrl\":\"https:\/\/nordnesrepublikken.no\/wp-content\/uploads\/2025\/02\/cropped-nordnesrepublikken-2.png\",\"width\":1248,\"height\":362,\"caption\":\"Nordnesrepublikken\"},\"image\":{\"@id\":\"https:\/\/nordnesrepublikken.no\/#\/schema\/logo\/image\/\"}},{\"@type\":\"Person\",\"@id\":\"https:\/\/nordnesrepublikken.no\/#\/schema\/person\/2e7e81935bab77882fffb79296240ff1\",\"name\":\"Ole Andersen\",\"image\":{\"@type\":\"ImageObject\",\"inLanguage\":\"nb-NO\",\"@id\":\"https:\/\/nordnesrepublikken.no\/#\/schema\/person\/image\/\",\"url\":\"https:\/\/nordnesrepublikken.no\/wp-content\/uploads\/2025\/02\/nordnesrepublikken-2-2-150x150.jpg\",\"contentUrl\":\"https:\/\/nordnesrepublikken.no\/wp-content\/uploads\/2025\/02\/nordnesrepublikken-2-2-150x150.jpg\",\"caption\":\"Ole Andersen\"},\"description\":\"Ettersom jeg vokste opp i Oslo, har jeg alltid v\u00e6rt fascinert av ordenes kraft og deres evne til \u00e5 skape endringer. Etter \u00e5 ha fullf\u00f8rt min utdannelse i kommunikasjon ved Universitetet i Bergen, fikk jeg muligheten til \u00e5 jobbe innen ulike medier, der jeg har s\u00f8kt \u00e5 belyse viktige samfunnssp\u00f8rsm\u00e5l. I dag, som redakt\u00f8r for Nordnesrepublikken, pr\u00f8ver jeg \u00e5 forene min kj\u00e6rlighet for journalistikk med min lidenskap for innovasjon og eventyr.\",\"sameAs\":[\"https:\/\/nordnesrepublikken.no\/\"]}]}<\/script>\n<!-- \/ Yoast SEO plugin. -->","yoast_head_json":{"title":"betydningen av p\u00e5skedag og datoen i 2026 - Nordnesrepublikken","robots":{"index":"index","follow":"follow","max-snippet":"max-snippet:-1","max-image-preview":"max-image-preview:large","max-video-preview":"max-video-preview:-1"},"canonical":"https:\/\/nordnesrepublikken.no\/index.php\/2026\/04\/02\/betydningen-av-paskedag-og-datoen-i-2026\/","og_locale":"nb_NO","og_type":"article","og_title":"betydningen av p\u00e5skedag og datoen i 2026 - Nordnesrepublikken","og_description":"Dagen av p\u00e5skedagogs\u00e5 kalt p\u00e5skedager en offentlig fridag etter s\u00f8ndagen den p\u00e5ske som minnes en","og_url":"https:\/\/nordnesrepublikken.no\/index.php\/2026\/04\/02\/betydningen-av-paskedag-og-datoen-i-2026\/","og_site_name":"Nordnesrepublikken","article_published_time":"2026-04-02T10:49:33+00:00","article_modified_time":"2026-04-02T10:49:37+00:00","og_image":[{"width":2338,"height":1283,"url":"https:\/\/nordnesrepublikken.no\/wp-content\/uploads\/2026\/04\/1775126976_betydningen-av-paskedag-og-datoen-i-2026.jpg","type":"image\/jpeg"}],"author":"Ole Andersen","twitter_card":"summary_large_image","twitter_misc":{"Skrevet av":"Ole Andersen","Ansl. lesetid":"4 minutter"},"schema":{"@context":"https:\/\/schema.org","@graph":[{"@type":"Article","@id":"https:\/\/nordnesrepublikken.no\/index.php\/2026\/04\/02\/betydningen-av-paskedag-og-datoen-i-2026\/#article","isPartOf":{"@id":"https:\/\/nordnesrepublikken.no\/index.php\/2026\/04\/02\/betydningen-av-paskedag-og-datoen-i-2026\/"},"author":{"name":"Ole Andersen","@id":"https:\/\/nordnesrepublikken.no\/#\/schema\/person\/2e7e81935bab77882fffb79296240ff1"},"headline":"betydningen av p\u00e5skedag og datoen i 2026","datePublished":"2026-04-02T10:49:33+00:00","dateModified":"2026-04-02T10:49:37+00:00","mainEntityOfPage":{"@id":"https:\/\/nordnesrepublikken.no\/index.php\/2026\/04\/02\/betydningen-av-paskedag-og-datoen-i-2026\/"},"wordCount":806,"publisher":{"@id":"https:\/\/nordnesrepublikken.no\/#organization"},"image":{"@id":"https:\/\/nordnesrepublikken.no\/index.php\/2026\/04\/02\/betydningen-av-paskedag-og-datoen-i-2026\/#primaryimage"},"thumbnailUrl":"https:\/\/nordnesrepublikken.no\/wp-content\/uploads\/2026\/04\/1775126976_betydningen-av-paskedag-og-datoen-i-2026.jpg","keywords":["betydningen","datoen","p\u00e5skedag"],"articleSection":["Samfunn"],"inLanguage":"nb-NO"},{"@type":"WebPage","@id":"https:\/\/nordnesrepublikken.no\/index.php\/2026\/04\/02\/betydningen-av-paskedag-og-datoen-i-2026\/","url":"https:\/\/nordnesrepublikken.no\/index.php\/2026\/04\/02\/betydningen-av-paskedag-og-datoen-i-2026\/","name":"betydningen av p\u00e5skedag og datoen i 2026 - Nordnesrepublikken","isPartOf":{"@id":"https:\/\/nordnesrepublikken.no\/#website"},"primaryImageOfPage":{"@id":"https:\/\/nordnesrepublikken.no\/index.php\/2026\/04\/02\/betydningen-av-paskedag-og-datoen-i-2026\/#primaryimage"},"image":{"@id":"https:\/\/nordnesrepublikken.no\/index.php\/2026\/04\/02\/betydningen-av-paskedag-og-datoen-i-2026\/#primaryimage"},"thumbnailUrl":"https:\/\/nordnesrepublikken.no\/wp-content\/uploads\/2026\/04\/1775126976_betydningen-av-paskedag-og-datoen-i-2026.jpg","datePublished":"2026-04-02T10:49:33+00:00","dateModified":"2026-04-02T10:49:37+00:00","breadcrumb":{"@id":"https:\/\/nordnesrepublikken.no\/index.php\/2026\/04\/02\/betydningen-av-paskedag-og-datoen-i-2026\/#breadcrumb"},"inLanguage":"nb-NO","potentialAction":[{"@type":"ReadAction","target":["https:\/\/nordnesrepublikken.no\/index.php\/2026\/04\/02\/betydningen-av-paskedag-og-datoen-i-2026\/"]}]},{"@type":"ImageObject","inLanguage":"nb-NO","@id":"https:\/\/nordnesrepublikken.no\/index.php\/2026\/04\/02\/betydningen-av-paskedag-og-datoen-i-2026\/#primaryimage","url":"https:\/\/nordnesrepublikken.no\/wp-content\/uploads\/2026\/04\/1775126976_betydningen-av-paskedag-og-datoen-i-2026.jpg","contentUrl":"https:\/\/nordnesrepublikken.no\/wp-content\/uploads\/2026\/04\/1775126976_betydningen-av-paskedag-og-datoen-i-2026.jpg","width":2338,"height":1283,"caption":"betydningen av p\u00e5skedag og datoen i 2026"},{"@type":"BreadcrumbList","@id":"https:\/\/nordnesrepublikken.no\/index.php\/2026\/04\/02\/betydningen-av-paskedag-og-datoen-i-2026\/#breadcrumb","itemListElement":[{"@type":"ListItem","position":1,"name":"Home","item":"https:\/\/nordnesrepublikken.no\/"},{"@type":"ListItem","position":2,"name":"betydningen av p\u00e5skedag og datoen i 2026"}]},{"@type":"WebSite","@id":"https:\/\/nordnesrepublikken.no\/#website","url":"https:\/\/nordnesrepublikken.no\/","name":"Nordnesrepublikken","description":"Stemmer og Visjoner fra Republikkens Hjerte","publisher":{"@id":"https:\/\/nordnesrepublikken.no\/#organization"},"potentialAction":[{"@type":"SearchAction","target":{"@type":"EntryPoint","urlTemplate":"https:\/\/nordnesrepublikken.no\/?s={search_term_string}"},"query-input":{"@type":"PropertyValueSpecification","valueRequired":true,"valueName":"search_term_string"}}],"inLanguage":"nb-NO"},{"@type":"Organization","@id":"https:\/\/nordnesrepublikken.no\/#organization","name":"Nordnesrepublikken","url":"https:\/\/nordnesrepublikken.no\/","logo":{"@type":"ImageObject","inLanguage":"nb-NO","@id":"https:\/\/nordnesrepublikken.no\/#\/schema\/logo\/image\/","url":"https:\/\/nordnesrepublikken.no\/wp-content\/uploads\/2025\/02\/cropped-nordnesrepublikken-2.png","contentUrl":"https:\/\/nordnesrepublikken.no\/wp-content\/uploads\/2025\/02\/cropped-nordnesrepublikken-2.png","width":1248,"height":362,"caption":"Nordnesrepublikken"},"image":{"@id":"https:\/\/nordnesrepublikken.no\/#\/schema\/logo\/image\/"}},{"@type":"Person","@id":"https:\/\/nordnesrepublikken.no\/#\/schema\/person\/2e7e81935bab77882fffb79296240ff1","name":"Ole Andersen","image":{"@type":"ImageObject","inLanguage":"nb-NO","@id":"https:\/\/nordnesrepublikken.no\/#\/schema\/person\/image\/","url":"https:\/\/nordnesrepublikken.no\/wp-content\/uploads\/2025\/02\/nordnesrepublikken-2-2-150x150.jpg","contentUrl":"https:\/\/nordnesrepublikken.no\/wp-content\/uploads\/2025\/02\/nordnesrepublikken-2-2-150x150.jpg","caption":"Ole Andersen"},"description":"Ettersom jeg vokste opp i Oslo, har jeg alltid v\u00e6rt fascinert av ordenes kraft og deres evne til \u00e5 skape endringer. Etter \u00e5 ha fullf\u00f8rt min utdannelse i kommunikasjon ved Universitetet i Bergen, fikk jeg muligheten til \u00e5 jobbe innen ulike medier, der jeg har s\u00f8kt \u00e5 belyse viktige samfunnssp\u00f8rsm\u00e5l. I dag, som redakt\u00f8r for Nordnesrepublikken, pr\u00f8ver jeg \u00e5 forene min kj\u00e6rlighet for journalistikk med min lidenskap for innovasjon og eventyr.","sameAs":["https:\/\/nordnesrepublikken.no\/"]}]}},"_links":{"self":[{"href":"https:\/\/nordnesrepublikken.no\/index.php\/wp-json\/wp\/v2\/posts\/16513","targetHints":{"allow":["GET"]}}],"collection":[{"href":"https:\/\/nordnesrepublikken.no\/index.php\/wp-json\/wp\/v2\/posts"}],"about":[{"href":"https:\/\/nordnesrepublikken.no\/index.php\/wp-json\/wp\/v2\/types\/post"}],"author":[{"embeddable":true,"href":"https:\/\/nordnesrepublikken.no\/index.php\/wp-json\/wp\/v2\/users\/1"}],"replies":[{"embeddable":true,"href":"https:\/\/nordnesrepublikken.no\/index.php\/wp-json\/wp\/v2\/comments?post=16513"}],"version-history":[{"count":1,"href":"https:\/\/nordnesrepublikken.no\/index.php\/wp-json\/wp\/v2\/posts\/16513\/revisions"}],"predecessor-version":[{"id":16515,"href":"https:\/\/nordnesrepublikken.no\/index.php\/wp-json\/wp\/v2\/posts\/16513\/revisions\/16515"}],"wp:featuredmedia":[{"embeddable":true,"href":"https:\/\/nordnesrepublikken.no\/index.php\/wp-json\/wp\/v2\/media\/16514"}],"wp:attachment":[{"href":"https:\/\/nordnesrepublikken.no\/index.php\/wp-json\/wp\/v2\/media?parent=16513"}],"wp:term":[{"taxonomy":"category","embeddable":true,"href":"https:\/\/nordnesrepublikken.no\/index.php\/wp-json\/wp\/v2\/categories?post=16513"},{"taxonomy":"post_tag","embeddable":true,"href":"https:\/\/nordnesrepublikken.no\/index.php\/wp-json\/wp\/v2\/tags?post=16513"}],"curies":[{"name":"wp","href":"https:\/\/api.w.org\/{rel}","templated":true}]}}