{"id":16501,"date":"2026-04-02T04:49:30","date_gmt":"2026-04-02T02:49:30","guid":{"rendered":"https:\/\/nordnesrepublikken.no\/index.php\/2026\/04\/02\/portugal-flyplassadvarsel-opptil-2-timers-koer-forventes-for-reisende-utenfor-eu-denne-pasken\/"},"modified":"2026-04-02T04:49:32","modified_gmt":"2026-04-02T02:49:32","slug":"portugal-flyplassadvarsel-opptil-2-timers-koer-forventes-for-reisende-utenfor-eu-denne-pasken","status":"publish","type":"post","link":"https:\/\/nordnesrepublikken.no\/index.php\/2026\/04\/02\/portugal-flyplassadvarsel-opptil-2-timers-koer-forventes-for-reisende-utenfor-eu-denne-pasken\/","title":{"rendered":"Portugal flyplassadvarsel: opptil 2 timers k\u00f8er forventes for reisende utenfor EU denne p\u00e5sken"},"content":{"rendered":"<p><\/p>\n<div class=\"wordpress-content\">\n                    <!-- Article Start --><\/p>\n<p>Hvis du flyr gjennom Portugal over p\u00e5skeferien, spesielt med et pass utenfor EU, kan det v\u00e6re lurt \u00e5 tillate ekstra tid. Flyplasser advarer om k\u00f8er p\u00e5 opptil to timer ved grensekontrollen, akkurat n\u00e5r en av \u00e5rets travleste reiseperioder er i gang.<\/p>\n<p>\u00c5rsaken er ikke streik eller mangel p\u00e5 ansatte denne gangen. I stedet kommer det ned til utrullingen av EUs nye Entry\/Exit System (EES) \u2013 et digitalt grensesystem som blir introdusert akkurat n\u00e5r passasjertallet stiger til p\u00e5ske.<\/p>\n<h2>Hvorfor grensek\u00f8ene kan bli lengre ved Portugals flyplasser<\/h2>\n<p>Advarselen har kommet fra to store bransjeorganer: ACI Europe, som representerer flyplasser, og Airlines for Europe (A4E), som snakker for flyselskaper over hele EU.<\/p>\n<div class=\"sra_unit\"><link rel=\"stylesheet\" id=\"block-sra\" href=\"https:\/\/euroweeklynews.com\/wp-content\/plugins\/snack-related-articles\/dist\/css\/snack-related.min.css?250312-193541\" type=\"text\/css\" media=\"all\">\n<\/div>\n<p>I en <strong>felles uttalelse<\/strong>flagget de for &laquo;driftsproblemer&raquo; knyttet til implementeringen av det nye systemet, som n\u00e5 g\u00e5r inn i sin siste fase.<\/p>\n<p>Timingen er det som skaper bekymring. Systemet rulles ut midt i p\u00e5skereiser, n\u00e5r flyplasser i Portugal og over hele S\u00f8r-Europa allerede er under press fra h\u00f8ye passasjermengder.<\/p>\n<p>I henhold til gjeldende krav m\u00e5 alle EU-land registrere 100 prosent av reisende utenfor EU innen 31. mars, i forkant av systemets fulle implementering 9. april. Det betyr at grensekontrolloffiserer n\u00e5 utf\u00f8rer flere kontroller enn f\u00f8r \u2013 og disse kontrollene tar tid.<\/p>\n<h2>Hva det nye EES-systemet betyr for reisende<\/h2>\n<p>De <strong>Entry\/Exit System (EES)<\/strong> er designet for \u00e5 erstatte passstempling med en digital prosess over hele Schengen-omr\u00e5det.<\/p>\n<p>For reisende fra utenfor EU endrer dette det som skjer ved grensekontrollen.<\/p>\n<p>I stedet for et raskt stempel, kan du bli bedt om \u00e5 g\u00e5 gjennom en mer detaljert registreringsprosess, som kan omfatte:<\/p>\n<ul>\n<li>Skanner passet ditt<\/li>\n<li>Ta opp oppf\u00f8ringen din digitalt<\/li>\n<li>Gi biometriske data, for eksempel fingeravtrykk eller et ansiktsbilde<\/li>\n<\/ul>\n<p>For f\u00f8rstegangsbrukere kan dette trinnet ta lengre tid, siden systemet m\u00e5 opprette en fullstendig registrering.<\/p>\n<p>I teorien skal systemet gj\u00f8re grensepasseringer jevnere over tid. Men i denne overgangsfasen forventes det \u00e5 redusere farten \u2013 spesielt p\u00e5 travle flyplasser.<\/p>\n<h2>Hvem er ber\u00f8rt \u2013 og hvem er det ikke<\/h2>\n<p>Forsinkelsene gjelder hovedsakelig reisende utenfor EU som kommer inn i Schengen-omr\u00e5det. Dette inkluderer bes\u00f8kende og innbyggere som reiser med pass fra land som Storbritannia, USA og andre utenfor EU.<\/p>\n<p>EU-borgere og de med EU-oppholdsdokumenter er ikke underlagt de samme kontrollene, s\u00e5 det er mindre sannsynlig at de m\u00f8ter lange ventetider ved passkontrollen.<\/p>\n<p>N\u00e5r det er sagt, i h\u00f8ye reiseperioder som p\u00e5ske, kan den generelle overbelastningen p\u00e5 flyplasser fortsatt p\u00e5virke alle, selv om selve kontrollene er raskere.<\/p>\n<h2>Hvorfor p\u00e5sketimingen gj\u00f8r ting verre<\/h2>\n<p>P\u00e5sken er alltid en travel periode for reiser mellom Spania, Portugal og resten av Europa. Flyplasser ser vanligvis en kraftig \u00f8kning i b\u00e5de korte pauser og langdistanseankomster.<\/p>\n<p>I \u00e5r faller denne \u00f8kningen sammen med den siste delen av EES-utrullingen.<\/p>\n<p>I f\u00f8lge ACI Europe og A4E skaper innf\u00f8ring av et nytt system akkurat dette \u00f8yeblikket ytterligere press p\u00e5 grensekontrolloperasjoner, noe som f\u00f8rer til lengre k\u00f8er enn passasjerer kan v\u00e6re vant til.<\/p>\n<h2>Hva reisende b\u00f8r gj\u00f8re f\u00f8r de flyr<\/h2>\n<p>Hvis du reiser de kommende dagene, spesielt gjennom portugisiske flyplasser, er det verdt \u00e5 planlegge p\u00e5 forh\u00e5nd.<\/p>\n<p>\u00c5 ankomme tidligere enn vanlig er det enkleste trinnet. Hvis du kobler deg gjennom en annen flyplass, m\u00e5 du tillate ekstra tid mellom flyvningene der det er mulig.<\/p>\n<p>Ha dokumentene klare og forvent at prosessen tar lengre tid enn normalt \u2013 spesielt hvis det er f\u00f8rste gang du g\u00e5r inn i Schengen-omr\u00e5det under det nye systemet.<\/p>\n<p>Flyselskaper og flyplasser anbefaler ogs\u00e5 passasjerer \u00e5 se etter oppdateringer f\u00f8r de reiser, da prosedyrene kan variere avhengig av hvor langt hver flyplass har kommet med utrullingen.<\/p>\n<h2>Et nytt system, men ikke uten tannproblemer<\/h2>\n<p>M\u00e5let med EES er \u00e5 modernisere grensekontrollen over hele Europa, slik at den blir sikrere og mer effektiv p\u00e5 lang sikt.<\/p>\n<p>Men forel\u00f8pig, mens systemet legger seg inn, kan reisende f\u00f8le virkningen i form av lengre ventetid \u2013 spesielt i travle perioder som p\u00e5ske.<\/p>\n<p>For alle som flyr til Portugal denne uken, er budskapet klart: gi deg selv mer tid enn vanlig, spesielt hvis du ankommer utenfor EU.<\/p>\n<p>                    <!-- Originally published at https:\/\/euroweeklynews.com\/2026\/04\/01\/portugal-airport-warning-up-to-2-hour-queues-expected-for-non-eu-travellers-this-easter\/ on 01 Apr 2026 at 23:57 by Farah Mokrani --><br \/>\n                    <!-- Article End -->\n                <\/div>\n","protected":false},"excerpt":{"rendered":"<p>Hvis du flyr gjennom Portugal over p\u00e5skeferien, spesielt med et pass utenfor EU, kan det<\/p>\n","protected":false},"author":1,"featured_media":16502,"comment_status":"closed","ping_status":"open","sticky":false,"template":"","format":"standard","meta":{"footnotes":""},"categories":[105],"tags":[1717,10693,7581,5293,2855,1056,139,3092,10694,922],"class_list":["post-16501","post","type-post","status-publish","format-standard","has-post-thumbnail","hentry","category-livsstil","tag-denne","tag-flyplassadvarsel","tag-forventes","tag-koer","tag-opptil","tag-pasken","tag-portugal","tag-reisende","tag-timers","tag-utenfor","generate-columns","tablet-grid-50","mobile-grid-100","grid-parent","grid-33","resize-featured-image"],"yoast_head":"<!-- This site is optimized with the Yoast SEO plugin v24.4 - https:\/\/yoast.com\/wordpress\/plugins\/seo\/ -->\n<title>Portugal flyplassadvarsel: opptil 2 timers k\u00f8er forventes for reisende utenfor EU denne p\u00e5sken - Nordnesrepublikken<\/title>\n<meta name=\"robots\" content=\"index, follow, max-snippet:-1, max-image-preview:large, max-video-preview:-1\" \/>\n<link rel=\"canonical\" href=\"https:\/\/nordnesrepublikken.no\/index.php\/2026\/04\/02\/portugal-flyplassadvarsel-opptil-2-timers-koer-forventes-for-reisende-utenfor-eu-denne-pasken\/\" \/>\n<meta property=\"og:locale\" content=\"nb_NO\" \/>\n<meta property=\"og:type\" content=\"article\" \/>\n<meta property=\"og:title\" content=\"Portugal flyplassadvarsel: opptil 2 timers k\u00f8er forventes for reisende utenfor EU denne p\u00e5sken - Nordnesrepublikken\" \/>\n<meta property=\"og:description\" content=\"Hvis du flyr gjennom Portugal over p\u00e5skeferien, spesielt med et pass utenfor EU, kan det\" \/>\n<meta property=\"og:url\" content=\"https:\/\/nordnesrepublikken.no\/index.php\/2026\/04\/02\/portugal-flyplassadvarsel-opptil-2-timers-koer-forventes-for-reisende-utenfor-eu-denne-pasken\/\" \/>\n<meta property=\"og:site_name\" content=\"Nordnesrepublikken\" \/>\n<meta property=\"article:published_time\" content=\"2026-04-02T02:49:30+00:00\" \/>\n<meta property=\"article:modified_time\" content=\"2026-04-02T02:49:32+00:00\" \/>\n<meta property=\"og:image\" content=\"https:\/\/nordnesrepublikken.no\/wp-content\/uploads\/2026\/04\/1775098171_Portugal-flyplassadvarsel-opptil-2-timers-koer-forventes-for-reisende-utenfor.jpg\" \/>\n\t<meta property=\"og:image:width\" content=\"1200\" \/>\n\t<meta property=\"og:image:height\" content=\"800\" \/>\n\t<meta property=\"og:image:type\" content=\"image\/jpeg\" \/>\n<meta name=\"author\" content=\"Ole Andersen\" \/>\n<meta name=\"twitter:card\" content=\"summary_large_image\" \/>\n<meta name=\"twitter:label1\" content=\"Skrevet av\" \/>\n\t<meta name=\"twitter:data1\" content=\"Ole Andersen\" \/>\n\t<meta name=\"twitter:label2\" content=\"Ansl. lesetid\" \/>\n\t<meta name=\"twitter:data2\" content=\"3 minutter\" \/>\n<script type=\"application\/ld+json\" class=\"yoast-schema-graph\">{\"@context\":\"https:\/\/schema.org\",\"@graph\":[{\"@type\":\"Article\",\"@id\":\"https:\/\/nordnesrepublikken.no\/index.php\/2026\/04\/02\/portugal-flyplassadvarsel-opptil-2-timers-koer-forventes-for-reisende-utenfor-eu-denne-pasken\/#article\",\"isPartOf\":{\"@id\":\"https:\/\/nordnesrepublikken.no\/index.php\/2026\/04\/02\/portugal-flyplassadvarsel-opptil-2-timers-koer-forventes-for-reisende-utenfor-eu-denne-pasken\/\"},\"author\":{\"name\":\"Ole Andersen\",\"@id\":\"https:\/\/nordnesrepublikken.no\/#\/schema\/person\/2e7e81935bab77882fffb79296240ff1\"},\"headline\":\"Portugal flyplassadvarsel: opptil 2 timers k\u00f8er forventes for reisende utenfor EU denne p\u00e5sken\",\"datePublished\":\"2026-04-02T02:49:30+00:00\",\"dateModified\":\"2026-04-02T02:49:32+00:00\",\"mainEntityOfPage\":{\"@id\":\"https:\/\/nordnesrepublikken.no\/index.php\/2026\/04\/02\/portugal-flyplassadvarsel-opptil-2-timers-koer-forventes-for-reisende-utenfor-eu-denne-pasken\/\"},\"wordCount\":702,\"publisher\":{\"@id\":\"https:\/\/nordnesrepublikken.no\/#organization\"},\"image\":{\"@id\":\"https:\/\/nordnesrepublikken.no\/index.php\/2026\/04\/02\/portugal-flyplassadvarsel-opptil-2-timers-koer-forventes-for-reisende-utenfor-eu-denne-pasken\/#primaryimage\"},\"thumbnailUrl\":\"https:\/\/nordnesrepublikken.no\/wp-content\/uploads\/2026\/04\/1775098171_Portugal-flyplassadvarsel-opptil-2-timers-koer-forventes-for-reisende-utenfor.jpg\",\"keywords\":[\"denne\",\"flyplassadvarsel\",\"forventes\",\"k\u00f8er\",\"opptil\",\"P\u00e5sken\",\"Portugal\",\"reisende\",\"timers\",\"utenfor\"],\"articleSection\":[\"Livsstil\"],\"inLanguage\":\"nb-NO\"},{\"@type\":\"WebPage\",\"@id\":\"https:\/\/nordnesrepublikken.no\/index.php\/2026\/04\/02\/portugal-flyplassadvarsel-opptil-2-timers-koer-forventes-for-reisende-utenfor-eu-denne-pasken\/\",\"url\":\"https:\/\/nordnesrepublikken.no\/index.php\/2026\/04\/02\/portugal-flyplassadvarsel-opptil-2-timers-koer-forventes-for-reisende-utenfor-eu-denne-pasken\/\",\"name\":\"Portugal flyplassadvarsel: opptil 2 timers k\u00f8er forventes for reisende utenfor EU denne p\u00e5sken - Nordnesrepublikken\",\"isPartOf\":{\"@id\":\"https:\/\/nordnesrepublikken.no\/#website\"},\"primaryImageOfPage\":{\"@id\":\"https:\/\/nordnesrepublikken.no\/index.php\/2026\/04\/02\/portugal-flyplassadvarsel-opptil-2-timers-koer-forventes-for-reisende-utenfor-eu-denne-pasken\/#primaryimage\"},\"image\":{\"@id\":\"https:\/\/nordnesrepublikken.no\/index.php\/2026\/04\/02\/portugal-flyplassadvarsel-opptil-2-timers-koer-forventes-for-reisende-utenfor-eu-denne-pasken\/#primaryimage\"},\"thumbnailUrl\":\"https:\/\/nordnesrepublikken.no\/wp-content\/uploads\/2026\/04\/1775098171_Portugal-flyplassadvarsel-opptil-2-timers-koer-forventes-for-reisende-utenfor.jpg\",\"datePublished\":\"2026-04-02T02:49:30+00:00\",\"dateModified\":\"2026-04-02T02:49:32+00:00\",\"breadcrumb\":{\"@id\":\"https:\/\/nordnesrepublikken.no\/index.php\/2026\/04\/02\/portugal-flyplassadvarsel-opptil-2-timers-koer-forventes-for-reisende-utenfor-eu-denne-pasken\/#breadcrumb\"},\"inLanguage\":\"nb-NO\",\"potentialAction\":[{\"@type\":\"ReadAction\",\"target\":[\"https:\/\/nordnesrepublikken.no\/index.php\/2026\/04\/02\/portugal-flyplassadvarsel-opptil-2-timers-koer-forventes-for-reisende-utenfor-eu-denne-pasken\/\"]}]},{\"@type\":\"ImageObject\",\"inLanguage\":\"nb-NO\",\"@id\":\"https:\/\/nordnesrepublikken.no\/index.php\/2026\/04\/02\/portugal-flyplassadvarsel-opptil-2-timers-koer-forventes-for-reisende-utenfor-eu-denne-pasken\/#primaryimage\",\"url\":\"https:\/\/nordnesrepublikken.no\/wp-content\/uploads\/2026\/04\/1775098171_Portugal-flyplassadvarsel-opptil-2-timers-koer-forventes-for-reisende-utenfor.jpg\",\"contentUrl\":\"https:\/\/nordnesrepublikken.no\/wp-content\/uploads\/2026\/04\/1775098171_Portugal-flyplassadvarsel-opptil-2-timers-koer-forventes-for-reisende-utenfor.jpg\",\"width\":1200,\"height\":800,\"caption\":\"Portugal flyplassadvarsel: opptil 2 timers k\u00f8er forventes for reisende utenfor EU denne p\u00e5sken\"},{\"@type\":\"BreadcrumbList\",\"@id\":\"https:\/\/nordnesrepublikken.no\/index.php\/2026\/04\/02\/portugal-flyplassadvarsel-opptil-2-timers-koer-forventes-for-reisende-utenfor-eu-denne-pasken\/#breadcrumb\",\"itemListElement\":[{\"@type\":\"ListItem\",\"position\":1,\"name\":\"Home\",\"item\":\"https:\/\/nordnesrepublikken.no\/\"},{\"@type\":\"ListItem\",\"position\":2,\"name\":\"Portugal flyplassadvarsel: opptil 2 timers k\u00f8er forventes for reisende utenfor EU denne p\u00e5sken\"}]},{\"@type\":\"WebSite\",\"@id\":\"https:\/\/nordnesrepublikken.no\/#website\",\"url\":\"https:\/\/nordnesrepublikken.no\/\",\"name\":\"Nordnesrepublikken\",\"description\":\"Stemmer og Visjoner fra Republikkens Hjerte\",\"publisher\":{\"@id\":\"https:\/\/nordnesrepublikken.no\/#organization\"},\"potentialAction\":[{\"@type\":\"SearchAction\",\"target\":{\"@type\":\"EntryPoint\",\"urlTemplate\":\"https:\/\/nordnesrepublikken.no\/?s={search_term_string}\"},\"query-input\":{\"@type\":\"PropertyValueSpecification\",\"valueRequired\":true,\"valueName\":\"search_term_string\"}}],\"inLanguage\":\"nb-NO\"},{\"@type\":\"Organization\",\"@id\":\"https:\/\/nordnesrepublikken.no\/#organization\",\"name\":\"Nordnesrepublikken\",\"url\":\"https:\/\/nordnesrepublikken.no\/\",\"logo\":{\"@type\":\"ImageObject\",\"inLanguage\":\"nb-NO\",\"@id\":\"https:\/\/nordnesrepublikken.no\/#\/schema\/logo\/image\/\",\"url\":\"https:\/\/nordnesrepublikken.no\/wp-content\/uploads\/2025\/02\/cropped-nordnesrepublikken-2.png\",\"contentUrl\":\"https:\/\/nordnesrepublikken.no\/wp-content\/uploads\/2025\/02\/cropped-nordnesrepublikken-2.png\",\"width\":1248,\"height\":362,\"caption\":\"Nordnesrepublikken\"},\"image\":{\"@id\":\"https:\/\/nordnesrepublikken.no\/#\/schema\/logo\/image\/\"}},{\"@type\":\"Person\",\"@id\":\"https:\/\/nordnesrepublikken.no\/#\/schema\/person\/2e7e81935bab77882fffb79296240ff1\",\"name\":\"Ole Andersen\",\"image\":{\"@type\":\"ImageObject\",\"inLanguage\":\"nb-NO\",\"@id\":\"https:\/\/nordnesrepublikken.no\/#\/schema\/person\/image\/\",\"url\":\"https:\/\/nordnesrepublikken.no\/wp-content\/uploads\/2025\/02\/nordnesrepublikken-2-2-150x150.jpg\",\"contentUrl\":\"https:\/\/nordnesrepublikken.no\/wp-content\/uploads\/2025\/02\/nordnesrepublikken-2-2-150x150.jpg\",\"caption\":\"Ole Andersen\"},\"description\":\"Ettersom jeg vokste opp i Oslo, har jeg alltid v\u00e6rt fascinert av ordenes kraft og deres evne til \u00e5 skape endringer. Etter \u00e5 ha fullf\u00f8rt min utdannelse i kommunikasjon ved Universitetet i Bergen, fikk jeg muligheten til \u00e5 jobbe innen ulike medier, der jeg har s\u00f8kt \u00e5 belyse viktige samfunnssp\u00f8rsm\u00e5l. I dag, som redakt\u00f8r for Nordnesrepublikken, pr\u00f8ver jeg \u00e5 forene min kj\u00e6rlighet for journalistikk med min lidenskap for innovasjon og eventyr.\",\"sameAs\":[\"https:\/\/nordnesrepublikken.no\/\"]}]}<\/script>\n<!-- \/ Yoast SEO plugin. -->","yoast_head_json":{"title":"Portugal flyplassadvarsel: opptil 2 timers k\u00f8er forventes for reisende utenfor EU denne p\u00e5sken - Nordnesrepublikken","robots":{"index":"index","follow":"follow","max-snippet":"max-snippet:-1","max-image-preview":"max-image-preview:large","max-video-preview":"max-video-preview:-1"},"canonical":"https:\/\/nordnesrepublikken.no\/index.php\/2026\/04\/02\/portugal-flyplassadvarsel-opptil-2-timers-koer-forventes-for-reisende-utenfor-eu-denne-pasken\/","og_locale":"nb_NO","og_type":"article","og_title":"Portugal flyplassadvarsel: opptil 2 timers k\u00f8er forventes for reisende utenfor EU denne p\u00e5sken - Nordnesrepublikken","og_description":"Hvis du flyr gjennom Portugal over p\u00e5skeferien, spesielt med et pass utenfor EU, kan det","og_url":"https:\/\/nordnesrepublikken.no\/index.php\/2026\/04\/02\/portugal-flyplassadvarsel-opptil-2-timers-koer-forventes-for-reisende-utenfor-eu-denne-pasken\/","og_site_name":"Nordnesrepublikken","article_published_time":"2026-04-02T02:49:30+00:00","article_modified_time":"2026-04-02T02:49:32+00:00","og_image":[{"width":1200,"height":800,"url":"https:\/\/nordnesrepublikken.no\/wp-content\/uploads\/2026\/04\/1775098171_Portugal-flyplassadvarsel-opptil-2-timers-koer-forventes-for-reisende-utenfor.jpg","type":"image\/jpeg"}],"author":"Ole Andersen","twitter_card":"summary_large_image","twitter_misc":{"Skrevet av":"Ole Andersen","Ansl. lesetid":"3 minutter"},"schema":{"@context":"https:\/\/schema.org","@graph":[{"@type":"Article","@id":"https:\/\/nordnesrepublikken.no\/index.php\/2026\/04\/02\/portugal-flyplassadvarsel-opptil-2-timers-koer-forventes-for-reisende-utenfor-eu-denne-pasken\/#article","isPartOf":{"@id":"https:\/\/nordnesrepublikken.no\/index.php\/2026\/04\/02\/portugal-flyplassadvarsel-opptil-2-timers-koer-forventes-for-reisende-utenfor-eu-denne-pasken\/"},"author":{"name":"Ole Andersen","@id":"https:\/\/nordnesrepublikken.no\/#\/schema\/person\/2e7e81935bab77882fffb79296240ff1"},"headline":"Portugal flyplassadvarsel: opptil 2 timers k\u00f8er forventes for reisende utenfor EU denne p\u00e5sken","datePublished":"2026-04-02T02:49:30+00:00","dateModified":"2026-04-02T02:49:32+00:00","mainEntityOfPage":{"@id":"https:\/\/nordnesrepublikken.no\/index.php\/2026\/04\/02\/portugal-flyplassadvarsel-opptil-2-timers-koer-forventes-for-reisende-utenfor-eu-denne-pasken\/"},"wordCount":702,"publisher":{"@id":"https:\/\/nordnesrepublikken.no\/#organization"},"image":{"@id":"https:\/\/nordnesrepublikken.no\/index.php\/2026\/04\/02\/portugal-flyplassadvarsel-opptil-2-timers-koer-forventes-for-reisende-utenfor-eu-denne-pasken\/#primaryimage"},"thumbnailUrl":"https:\/\/nordnesrepublikken.no\/wp-content\/uploads\/2026\/04\/1775098171_Portugal-flyplassadvarsel-opptil-2-timers-koer-forventes-for-reisende-utenfor.jpg","keywords":["denne","flyplassadvarsel","forventes","k\u00f8er","opptil","P\u00e5sken","Portugal","reisende","timers","utenfor"],"articleSection":["Livsstil"],"inLanguage":"nb-NO"},{"@type":"WebPage","@id":"https:\/\/nordnesrepublikken.no\/index.php\/2026\/04\/02\/portugal-flyplassadvarsel-opptil-2-timers-koer-forventes-for-reisende-utenfor-eu-denne-pasken\/","url":"https:\/\/nordnesrepublikken.no\/index.php\/2026\/04\/02\/portugal-flyplassadvarsel-opptil-2-timers-koer-forventes-for-reisende-utenfor-eu-denne-pasken\/","name":"Portugal flyplassadvarsel: opptil 2 timers k\u00f8er forventes for reisende utenfor EU denne p\u00e5sken - Nordnesrepublikken","isPartOf":{"@id":"https:\/\/nordnesrepublikken.no\/#website"},"primaryImageOfPage":{"@id":"https:\/\/nordnesrepublikken.no\/index.php\/2026\/04\/02\/portugal-flyplassadvarsel-opptil-2-timers-koer-forventes-for-reisende-utenfor-eu-denne-pasken\/#primaryimage"},"image":{"@id":"https:\/\/nordnesrepublikken.no\/index.php\/2026\/04\/02\/portugal-flyplassadvarsel-opptil-2-timers-koer-forventes-for-reisende-utenfor-eu-denne-pasken\/#primaryimage"},"thumbnailUrl":"https:\/\/nordnesrepublikken.no\/wp-content\/uploads\/2026\/04\/1775098171_Portugal-flyplassadvarsel-opptil-2-timers-koer-forventes-for-reisende-utenfor.jpg","datePublished":"2026-04-02T02:49:30+00:00","dateModified":"2026-04-02T02:49:32+00:00","breadcrumb":{"@id":"https:\/\/nordnesrepublikken.no\/index.php\/2026\/04\/02\/portugal-flyplassadvarsel-opptil-2-timers-koer-forventes-for-reisende-utenfor-eu-denne-pasken\/#breadcrumb"},"inLanguage":"nb-NO","potentialAction":[{"@type":"ReadAction","target":["https:\/\/nordnesrepublikken.no\/index.php\/2026\/04\/02\/portugal-flyplassadvarsel-opptil-2-timers-koer-forventes-for-reisende-utenfor-eu-denne-pasken\/"]}]},{"@type":"ImageObject","inLanguage":"nb-NO","@id":"https:\/\/nordnesrepublikken.no\/index.php\/2026\/04\/02\/portugal-flyplassadvarsel-opptil-2-timers-koer-forventes-for-reisende-utenfor-eu-denne-pasken\/#primaryimage","url":"https:\/\/nordnesrepublikken.no\/wp-content\/uploads\/2026\/04\/1775098171_Portugal-flyplassadvarsel-opptil-2-timers-koer-forventes-for-reisende-utenfor.jpg","contentUrl":"https:\/\/nordnesrepublikken.no\/wp-content\/uploads\/2026\/04\/1775098171_Portugal-flyplassadvarsel-opptil-2-timers-koer-forventes-for-reisende-utenfor.jpg","width":1200,"height":800,"caption":"Portugal flyplassadvarsel: opptil 2 timers k\u00f8er forventes for reisende utenfor EU denne p\u00e5sken"},{"@type":"BreadcrumbList","@id":"https:\/\/nordnesrepublikken.no\/index.php\/2026\/04\/02\/portugal-flyplassadvarsel-opptil-2-timers-koer-forventes-for-reisende-utenfor-eu-denne-pasken\/#breadcrumb","itemListElement":[{"@type":"ListItem","position":1,"name":"Home","item":"https:\/\/nordnesrepublikken.no\/"},{"@type":"ListItem","position":2,"name":"Portugal flyplassadvarsel: opptil 2 timers k\u00f8er forventes for reisende utenfor EU denne p\u00e5sken"}]},{"@type":"WebSite","@id":"https:\/\/nordnesrepublikken.no\/#website","url":"https:\/\/nordnesrepublikken.no\/","name":"Nordnesrepublikken","description":"Stemmer og Visjoner fra Republikkens Hjerte","publisher":{"@id":"https:\/\/nordnesrepublikken.no\/#organization"},"potentialAction":[{"@type":"SearchAction","target":{"@type":"EntryPoint","urlTemplate":"https:\/\/nordnesrepublikken.no\/?s={search_term_string}"},"query-input":{"@type":"PropertyValueSpecification","valueRequired":true,"valueName":"search_term_string"}}],"inLanguage":"nb-NO"},{"@type":"Organization","@id":"https:\/\/nordnesrepublikken.no\/#organization","name":"Nordnesrepublikken","url":"https:\/\/nordnesrepublikken.no\/","logo":{"@type":"ImageObject","inLanguage":"nb-NO","@id":"https:\/\/nordnesrepublikken.no\/#\/schema\/logo\/image\/","url":"https:\/\/nordnesrepublikken.no\/wp-content\/uploads\/2025\/02\/cropped-nordnesrepublikken-2.png","contentUrl":"https:\/\/nordnesrepublikken.no\/wp-content\/uploads\/2025\/02\/cropped-nordnesrepublikken-2.png","width":1248,"height":362,"caption":"Nordnesrepublikken"},"image":{"@id":"https:\/\/nordnesrepublikken.no\/#\/schema\/logo\/image\/"}},{"@type":"Person","@id":"https:\/\/nordnesrepublikken.no\/#\/schema\/person\/2e7e81935bab77882fffb79296240ff1","name":"Ole Andersen","image":{"@type":"ImageObject","inLanguage":"nb-NO","@id":"https:\/\/nordnesrepublikken.no\/#\/schema\/person\/image\/","url":"https:\/\/nordnesrepublikken.no\/wp-content\/uploads\/2025\/02\/nordnesrepublikken-2-2-150x150.jpg","contentUrl":"https:\/\/nordnesrepublikken.no\/wp-content\/uploads\/2025\/02\/nordnesrepublikken-2-2-150x150.jpg","caption":"Ole Andersen"},"description":"Ettersom jeg vokste opp i Oslo, har jeg alltid v\u00e6rt fascinert av ordenes kraft og deres evne til \u00e5 skape endringer. Etter \u00e5 ha fullf\u00f8rt min utdannelse i kommunikasjon ved Universitetet i Bergen, fikk jeg muligheten til \u00e5 jobbe innen ulike medier, der jeg har s\u00f8kt \u00e5 belyse viktige samfunnssp\u00f8rsm\u00e5l. I dag, som redakt\u00f8r for Nordnesrepublikken, pr\u00f8ver jeg \u00e5 forene min kj\u00e6rlighet for journalistikk med min lidenskap for innovasjon og eventyr.","sameAs":["https:\/\/nordnesrepublikken.no\/"]}]}},"_links":{"self":[{"href":"https:\/\/nordnesrepublikken.no\/index.php\/wp-json\/wp\/v2\/posts\/16501","targetHints":{"allow":["GET"]}}],"collection":[{"href":"https:\/\/nordnesrepublikken.no\/index.php\/wp-json\/wp\/v2\/posts"}],"about":[{"href":"https:\/\/nordnesrepublikken.no\/index.php\/wp-json\/wp\/v2\/types\/post"}],"author":[{"embeddable":true,"href":"https:\/\/nordnesrepublikken.no\/index.php\/wp-json\/wp\/v2\/users\/1"}],"replies":[{"embeddable":true,"href":"https:\/\/nordnesrepublikken.no\/index.php\/wp-json\/wp\/v2\/comments?post=16501"}],"version-history":[{"count":1,"href":"https:\/\/nordnesrepublikken.no\/index.php\/wp-json\/wp\/v2\/posts\/16501\/revisions"}],"predecessor-version":[{"id":16503,"href":"https:\/\/nordnesrepublikken.no\/index.php\/wp-json\/wp\/v2\/posts\/16501\/revisions\/16503"}],"wp:featuredmedia":[{"embeddable":true,"href":"https:\/\/nordnesrepublikken.no\/index.php\/wp-json\/wp\/v2\/media\/16502"}],"wp:attachment":[{"href":"https:\/\/nordnesrepublikken.no\/index.php\/wp-json\/wp\/v2\/media?parent=16501"}],"wp:term":[{"taxonomy":"category","embeddable":true,"href":"https:\/\/nordnesrepublikken.no\/index.php\/wp-json\/wp\/v2\/categories?post=16501"},{"taxonomy":"post_tag","embeddable":true,"href":"https:\/\/nordnesrepublikken.no\/index.php\/wp-json\/wp\/v2\/tags?post=16501"}],"curies":[{"name":"wp","href":"https:\/\/api.w.org\/{rel}","templated":true}]}}