{"id":16498,"date":"2026-04-02T01:50:22","date_gmt":"2026-04-01T23:50:22","guid":{"rendered":"https:\/\/nordnesrepublikken.no\/index.php\/2026\/04\/02\/lavastrom-langs-sciara-del-fuoco\/"},"modified":"2026-04-02T01:50:24","modified_gmt":"2026-04-01T23:50:24","slug":"lavastrom-langs-sciara-del-fuoco","status":"publish","type":"post","link":"https:\/\/nordnesrepublikken.no\/index.php\/2026\/04\/02\/lavastrom-langs-sciara-del-fuoco\/","title":{"rendered":"lavastr\u00f8m langs Sciara del Fuoco"},"content":{"rendered":"<div>\n<div class=\"cp_wrapper cp_wrapper--fw mb-30 mb-20@tablet\">\n<figure class=\"mm\"><picture class=\"img\" style=\"padding-top:56.25%\"><source  media=\"(min-width: 1024px)\"><source  media=\"(min-width: 768px)\"><\/source><\/source><\/picture><\/figure>\n<\/p><\/div>\n<p>P\u00e5 vulkanen <strong>Stromboli<\/strong> a er tatt opp<strong>mer intens aktivitet enn normalt<\/strong>: INGV-overv\u00e5kingskameraene har faktisk identifisert begynnelsen p\u00e5 et nytt <strong>overstr\u00f8mmende aktivitet<\/strong> fra lavaoverl\u00f8p fra omr\u00e5det <strong>Nord-krateret<\/strong>som produserte en beskjeden lavastr\u00f8m hvis front er plassert i den \u00f8vre delen av <strong>Sciara del Fuoco<\/strong>en bratt, hesteskoformet forsenkning som okkuperer den nordvestlige flanken av vulkanen. Aktiviteten startet i g\u00e5r, 31. mars, ca <strong>17.51<\/strong> (italiensk tid), med Etna-observatoriet som ogs\u00e5 rapporterte blokker som ruller nedover skr\u00e5ningen.<\/p>\n<div class=\"cp_wrapper cp_wrapper--fw mb-50\">\n<figure class=\"mm\"><picture class=\"img\" style=\"padding-top:60.9375%\"><source  media=\"(min-width: 1024px)\"><source  media=\"(min-width: 768px)\"><img decoding=\"async\" loading=\"lazy\" src=\"https:\/\/nordnesrepublikken.no\/wp-content\/uploads\/2026\/04\/1775087422_873_lavastrom-langs-Sciara-del-Fuoco.jpg\" alt=\"utbrudd-stromboli\" width=\"1024\" height=\"624\"\/><\/source><\/source><\/picture><\/figure>\n<\/p><\/div>\n<p>Siden 16.45 i g\u00e5r har imidlertid den gjennomsnittlige amplituden til <strong>vulkansk skjelving <\/strong>vis en <strong>\u00f8kning i verdier<\/strong>steg fra middels til h\u00f8ye niv\u00e5er. Videooverv\u00e5kingskameraene plassert av INGV viser hvordan lavastr\u00f8mmen fortsatt er tilstede denne morgenen, rundt klokken 10:09, p\u00e5 den \u00f8vre delen av Sciara del Fuoco.<\/p>\n<p>Denne mer intense enn normal vulkanske aktiviteten kan forklares ved \u00e5 se p\u00e5 naturen til Stromboli selv. Vi snakker om en av f\u00e5 vulkaner i verden <strong>vedvarende aktivitet<\/strong>med regelmessige eksplosjoner hvert 10\/20 minutt \u2013 derav opprinnelsen til begrepet &laquo;<strong>Strombolisk aktivitet<\/strong>\u201d, brukt over hele verden for \u00e5 indikere sm\u00e5 eksplosjoner skilt fra hverandre, med fragmenter av gl\u00f8dende lava, lapilli og aske kastet opp til noen f\u00e5 titalls eller hundrevis av meter over ventilene.<\/p>\n<p>Vulkanen kan imidlertid g\u00e5 fra ordin\u00e6r aktivitet til <strong>mer intense hendelser<\/strong>med noen ventiler som produserer en nesten kontinuerlig aktivitet med \u00e5 kaste fragmenter av lava (sprut) eller st\u00f8rre eksplosjoner definert som paroksysmer, hendelser som kaster bomber og blokker opp til toppomr\u00e5det og noen ganger for\u00e5rsaker nedfall av gl\u00f8dende pyroklastisk materiale.<\/p>\n<p>De siste m\u00e5nedene har INGV rapportert <strong>flere episoder med vulkansk aktivitet<\/strong> av Stromboli <strong>mer intens<\/strong> enn normalt, hvorav den siste ble registrert i begynnelsen av mars. Det siste betydelige utbruddet g\u00e5r imidlertid tilbake til juli 2024, da en 2 km h\u00f8y askesky utl\u00f8ste et r\u00f8dt varsel.<\/p>\n<\/p><\/div>\n","protected":false},"excerpt":{"rendered":"<p>P\u00e5 vulkanen Stromboli a er tatt oppmer intens aktivitet enn normalt: INGV-overv\u00e5kingskameraene har faktisk identifisert<\/p>\n","protected":false},"author":1,"featured_media":16499,"comment_status":"closed","ping_status":"open","sticky":false,"template":"","format":"standard","meta":{"footnotes":""},"categories":[24],"tags":[87,7622,5542,5341,7621],"class_list":["post-16498","post","type-post","status-publish","format-standard","has-post-thumbnail","hentry","category-vitenskap","tag-del","tag-fuoco","tag-langs","tag-lavastrom","tag-sciara","generate-columns","tablet-grid-50","mobile-grid-100","grid-parent","grid-33","resize-featured-image"],"yoast_head":"<!-- This site is optimized with the Yoast SEO plugin v24.4 - https:\/\/yoast.com\/wordpress\/plugins\/seo\/ -->\n<title>lavastr\u00f8m langs Sciara del Fuoco - Nordnesrepublikken<\/title>\n<meta name=\"robots\" content=\"index, follow, max-snippet:-1, max-image-preview:large, max-video-preview:-1\" \/>\n<link rel=\"canonical\" href=\"https:\/\/nordnesrepublikken.no\/index.php\/2026\/04\/02\/lavastrom-langs-sciara-del-fuoco\/\" \/>\n<meta property=\"og:locale\" content=\"nb_NO\" \/>\n<meta property=\"og:type\" content=\"article\" \/>\n<meta property=\"og:title\" content=\"lavastr\u00f8m langs Sciara del Fuoco - Nordnesrepublikken\" \/>\n<meta property=\"og:description\" content=\"P\u00e5 vulkanen Stromboli a er tatt oppmer intens aktivitet enn normalt: INGV-overv\u00e5kingskameraene har faktisk identifisert\" \/>\n<meta property=\"og:url\" content=\"https:\/\/nordnesrepublikken.no\/index.php\/2026\/04\/02\/lavastrom-langs-sciara-del-fuoco\/\" \/>\n<meta property=\"og:site_name\" content=\"Nordnesrepublikken\" \/>\n<meta property=\"article:published_time\" content=\"2026-04-01T23:50:22+00:00\" \/>\n<meta property=\"article:modified_time\" content=\"2026-04-01T23:50:24+00:00\" \/>\n<meta property=\"og:image\" content=\"https:\/\/nordnesrepublikken.no\/wp-content\/uploads\/2026\/04\/1775087423_lavastrom-langs-Sciara-del-Fuoco.jpg\" \/>\n\t<meta property=\"og:image:width\" content=\"640\" \/>\n\t<meta property=\"og:image:height\" content=\"512\" \/>\n\t<meta property=\"og:image:type\" content=\"image\/jpeg\" \/>\n<meta name=\"author\" content=\"Ole Andersen\" \/>\n<meta name=\"twitter:card\" content=\"summary_large_image\" \/>\n<meta name=\"twitter:label1\" content=\"Skrevet av\" \/>\n\t<meta name=\"twitter:data1\" content=\"Ole Andersen\" \/>\n\t<meta name=\"twitter:label2\" content=\"Ansl. lesetid\" \/>\n\t<meta name=\"twitter:data2\" content=\"1 minutt\" \/>\n<script type=\"application\/ld+json\" class=\"yoast-schema-graph\">{\"@context\":\"https:\/\/schema.org\",\"@graph\":[{\"@type\":\"Article\",\"@id\":\"https:\/\/nordnesrepublikken.no\/index.php\/2026\/04\/02\/lavastrom-langs-sciara-del-fuoco\/#article\",\"isPartOf\":{\"@id\":\"https:\/\/nordnesrepublikken.no\/index.php\/2026\/04\/02\/lavastrom-langs-sciara-del-fuoco\/\"},\"author\":{\"name\":\"Ole Andersen\",\"@id\":\"https:\/\/nordnesrepublikken.no\/#\/schema\/person\/2e7e81935bab77882fffb79296240ff1\"},\"headline\":\"lavastr\u00f8m langs Sciara del Fuoco\",\"datePublished\":\"2026-04-01T23:50:22+00:00\",\"dateModified\":\"2026-04-01T23:50:24+00:00\",\"mainEntityOfPage\":{\"@id\":\"https:\/\/nordnesrepublikken.no\/index.php\/2026\/04\/02\/lavastrom-langs-sciara-del-fuoco\/\"},\"wordCount\":303,\"publisher\":{\"@id\":\"https:\/\/nordnesrepublikken.no\/#organization\"},\"image\":{\"@id\":\"https:\/\/nordnesrepublikken.no\/index.php\/2026\/04\/02\/lavastrom-langs-sciara-del-fuoco\/#primaryimage\"},\"thumbnailUrl\":\"https:\/\/nordnesrepublikken.no\/wp-content\/uploads\/2026\/04\/1775087423_lavastrom-langs-Sciara-del-Fuoco.jpg\",\"keywords\":[\"del\",\"Fuoco\",\"langs\",\"Lavastr\u00f8m\",\"Sciara\"],\"articleSection\":[\"Vitenskap\"],\"inLanguage\":\"nb-NO\"},{\"@type\":\"WebPage\",\"@id\":\"https:\/\/nordnesrepublikken.no\/index.php\/2026\/04\/02\/lavastrom-langs-sciara-del-fuoco\/\",\"url\":\"https:\/\/nordnesrepublikken.no\/index.php\/2026\/04\/02\/lavastrom-langs-sciara-del-fuoco\/\",\"name\":\"lavastr\u00f8m langs Sciara del Fuoco - Nordnesrepublikken\",\"isPartOf\":{\"@id\":\"https:\/\/nordnesrepublikken.no\/#website\"},\"primaryImageOfPage\":{\"@id\":\"https:\/\/nordnesrepublikken.no\/index.php\/2026\/04\/02\/lavastrom-langs-sciara-del-fuoco\/#primaryimage\"},\"image\":{\"@id\":\"https:\/\/nordnesrepublikken.no\/index.php\/2026\/04\/02\/lavastrom-langs-sciara-del-fuoco\/#primaryimage\"},\"thumbnailUrl\":\"https:\/\/nordnesrepublikken.no\/wp-content\/uploads\/2026\/04\/1775087423_lavastrom-langs-Sciara-del-Fuoco.jpg\",\"datePublished\":\"2026-04-01T23:50:22+00:00\",\"dateModified\":\"2026-04-01T23:50:24+00:00\",\"breadcrumb\":{\"@id\":\"https:\/\/nordnesrepublikken.no\/index.php\/2026\/04\/02\/lavastrom-langs-sciara-del-fuoco\/#breadcrumb\"},\"inLanguage\":\"nb-NO\",\"potentialAction\":[{\"@type\":\"ReadAction\",\"target\":[\"https:\/\/nordnesrepublikken.no\/index.php\/2026\/04\/02\/lavastrom-langs-sciara-del-fuoco\/\"]}]},{\"@type\":\"ImageObject\",\"inLanguage\":\"nb-NO\",\"@id\":\"https:\/\/nordnesrepublikken.no\/index.php\/2026\/04\/02\/lavastrom-langs-sciara-del-fuoco\/#primaryimage\",\"url\":\"https:\/\/nordnesrepublikken.no\/wp-content\/uploads\/2026\/04\/1775087423_lavastrom-langs-Sciara-del-Fuoco.jpg\",\"contentUrl\":\"https:\/\/nordnesrepublikken.no\/wp-content\/uploads\/2026\/04\/1775087423_lavastrom-langs-Sciara-del-Fuoco.jpg\",\"width\":640,\"height\":512,\"caption\":\"lavastr\u00f8m langs Sciara del Fuoco\"},{\"@type\":\"BreadcrumbList\",\"@id\":\"https:\/\/nordnesrepublikken.no\/index.php\/2026\/04\/02\/lavastrom-langs-sciara-del-fuoco\/#breadcrumb\",\"itemListElement\":[{\"@type\":\"ListItem\",\"position\":1,\"name\":\"Home\",\"item\":\"https:\/\/nordnesrepublikken.no\/\"},{\"@type\":\"ListItem\",\"position\":2,\"name\":\"lavastr\u00f8m langs Sciara del Fuoco\"}]},{\"@type\":\"WebSite\",\"@id\":\"https:\/\/nordnesrepublikken.no\/#website\",\"url\":\"https:\/\/nordnesrepublikken.no\/\",\"name\":\"Nordnesrepublikken\",\"description\":\"Stemmer og Visjoner fra Republikkens Hjerte\",\"publisher\":{\"@id\":\"https:\/\/nordnesrepublikken.no\/#organization\"},\"potentialAction\":[{\"@type\":\"SearchAction\",\"target\":{\"@type\":\"EntryPoint\",\"urlTemplate\":\"https:\/\/nordnesrepublikken.no\/?s={search_term_string}\"},\"query-input\":{\"@type\":\"PropertyValueSpecification\",\"valueRequired\":true,\"valueName\":\"search_term_string\"}}],\"inLanguage\":\"nb-NO\"},{\"@type\":\"Organization\",\"@id\":\"https:\/\/nordnesrepublikken.no\/#organization\",\"name\":\"Nordnesrepublikken\",\"url\":\"https:\/\/nordnesrepublikken.no\/\",\"logo\":{\"@type\":\"ImageObject\",\"inLanguage\":\"nb-NO\",\"@id\":\"https:\/\/nordnesrepublikken.no\/#\/schema\/logo\/image\/\",\"url\":\"https:\/\/nordnesrepublikken.no\/wp-content\/uploads\/2025\/02\/cropped-nordnesrepublikken-2.png\",\"contentUrl\":\"https:\/\/nordnesrepublikken.no\/wp-content\/uploads\/2025\/02\/cropped-nordnesrepublikken-2.png\",\"width\":1248,\"height\":362,\"caption\":\"Nordnesrepublikken\"},\"image\":{\"@id\":\"https:\/\/nordnesrepublikken.no\/#\/schema\/logo\/image\/\"}},{\"@type\":\"Person\",\"@id\":\"https:\/\/nordnesrepublikken.no\/#\/schema\/person\/2e7e81935bab77882fffb79296240ff1\",\"name\":\"Ole Andersen\",\"image\":{\"@type\":\"ImageObject\",\"inLanguage\":\"nb-NO\",\"@id\":\"https:\/\/nordnesrepublikken.no\/#\/schema\/person\/image\/\",\"url\":\"https:\/\/nordnesrepublikken.no\/wp-content\/uploads\/2025\/02\/nordnesrepublikken-2-2-150x150.jpg\",\"contentUrl\":\"https:\/\/nordnesrepublikken.no\/wp-content\/uploads\/2025\/02\/nordnesrepublikken-2-2-150x150.jpg\",\"caption\":\"Ole Andersen\"},\"description\":\"Ettersom jeg vokste opp i Oslo, har jeg alltid v\u00e6rt fascinert av ordenes kraft og deres evne til \u00e5 skape endringer. Etter \u00e5 ha fullf\u00f8rt min utdannelse i kommunikasjon ved Universitetet i Bergen, fikk jeg muligheten til \u00e5 jobbe innen ulike medier, der jeg har s\u00f8kt \u00e5 belyse viktige samfunnssp\u00f8rsm\u00e5l. I dag, som redakt\u00f8r for Nordnesrepublikken, pr\u00f8ver jeg \u00e5 forene min kj\u00e6rlighet for journalistikk med min lidenskap for innovasjon og eventyr.\",\"sameAs\":[\"https:\/\/nordnesrepublikken.no\/\"]}]}<\/script>\n<!-- \/ Yoast SEO plugin. -->","yoast_head_json":{"title":"lavastr\u00f8m langs Sciara del Fuoco - Nordnesrepublikken","robots":{"index":"index","follow":"follow","max-snippet":"max-snippet:-1","max-image-preview":"max-image-preview:large","max-video-preview":"max-video-preview:-1"},"canonical":"https:\/\/nordnesrepublikken.no\/index.php\/2026\/04\/02\/lavastrom-langs-sciara-del-fuoco\/","og_locale":"nb_NO","og_type":"article","og_title":"lavastr\u00f8m langs Sciara del Fuoco - Nordnesrepublikken","og_description":"P\u00e5 vulkanen Stromboli a er tatt oppmer intens aktivitet enn normalt: INGV-overv\u00e5kingskameraene har faktisk identifisert","og_url":"https:\/\/nordnesrepublikken.no\/index.php\/2026\/04\/02\/lavastrom-langs-sciara-del-fuoco\/","og_site_name":"Nordnesrepublikken","article_published_time":"2026-04-01T23:50:22+00:00","article_modified_time":"2026-04-01T23:50:24+00:00","og_image":[{"width":640,"height":512,"url":"https:\/\/nordnesrepublikken.no\/wp-content\/uploads\/2026\/04\/1775087423_lavastrom-langs-Sciara-del-Fuoco.jpg","type":"image\/jpeg"}],"author":"Ole Andersen","twitter_card":"summary_large_image","twitter_misc":{"Skrevet av":"Ole Andersen","Ansl. lesetid":"1 minutt"},"schema":{"@context":"https:\/\/schema.org","@graph":[{"@type":"Article","@id":"https:\/\/nordnesrepublikken.no\/index.php\/2026\/04\/02\/lavastrom-langs-sciara-del-fuoco\/#article","isPartOf":{"@id":"https:\/\/nordnesrepublikken.no\/index.php\/2026\/04\/02\/lavastrom-langs-sciara-del-fuoco\/"},"author":{"name":"Ole Andersen","@id":"https:\/\/nordnesrepublikken.no\/#\/schema\/person\/2e7e81935bab77882fffb79296240ff1"},"headline":"lavastr\u00f8m langs Sciara del Fuoco","datePublished":"2026-04-01T23:50:22+00:00","dateModified":"2026-04-01T23:50:24+00:00","mainEntityOfPage":{"@id":"https:\/\/nordnesrepublikken.no\/index.php\/2026\/04\/02\/lavastrom-langs-sciara-del-fuoco\/"},"wordCount":303,"publisher":{"@id":"https:\/\/nordnesrepublikken.no\/#organization"},"image":{"@id":"https:\/\/nordnesrepublikken.no\/index.php\/2026\/04\/02\/lavastrom-langs-sciara-del-fuoco\/#primaryimage"},"thumbnailUrl":"https:\/\/nordnesrepublikken.no\/wp-content\/uploads\/2026\/04\/1775087423_lavastrom-langs-Sciara-del-Fuoco.jpg","keywords":["del","Fuoco","langs","Lavastr\u00f8m","Sciara"],"articleSection":["Vitenskap"],"inLanguage":"nb-NO"},{"@type":"WebPage","@id":"https:\/\/nordnesrepublikken.no\/index.php\/2026\/04\/02\/lavastrom-langs-sciara-del-fuoco\/","url":"https:\/\/nordnesrepublikken.no\/index.php\/2026\/04\/02\/lavastrom-langs-sciara-del-fuoco\/","name":"lavastr\u00f8m langs Sciara del Fuoco - Nordnesrepublikken","isPartOf":{"@id":"https:\/\/nordnesrepublikken.no\/#website"},"primaryImageOfPage":{"@id":"https:\/\/nordnesrepublikken.no\/index.php\/2026\/04\/02\/lavastrom-langs-sciara-del-fuoco\/#primaryimage"},"image":{"@id":"https:\/\/nordnesrepublikken.no\/index.php\/2026\/04\/02\/lavastrom-langs-sciara-del-fuoco\/#primaryimage"},"thumbnailUrl":"https:\/\/nordnesrepublikken.no\/wp-content\/uploads\/2026\/04\/1775087423_lavastrom-langs-Sciara-del-Fuoco.jpg","datePublished":"2026-04-01T23:50:22+00:00","dateModified":"2026-04-01T23:50:24+00:00","breadcrumb":{"@id":"https:\/\/nordnesrepublikken.no\/index.php\/2026\/04\/02\/lavastrom-langs-sciara-del-fuoco\/#breadcrumb"},"inLanguage":"nb-NO","potentialAction":[{"@type":"ReadAction","target":["https:\/\/nordnesrepublikken.no\/index.php\/2026\/04\/02\/lavastrom-langs-sciara-del-fuoco\/"]}]},{"@type":"ImageObject","inLanguage":"nb-NO","@id":"https:\/\/nordnesrepublikken.no\/index.php\/2026\/04\/02\/lavastrom-langs-sciara-del-fuoco\/#primaryimage","url":"https:\/\/nordnesrepublikken.no\/wp-content\/uploads\/2026\/04\/1775087423_lavastrom-langs-Sciara-del-Fuoco.jpg","contentUrl":"https:\/\/nordnesrepublikken.no\/wp-content\/uploads\/2026\/04\/1775087423_lavastrom-langs-Sciara-del-Fuoco.jpg","width":640,"height":512,"caption":"lavastr\u00f8m langs Sciara del Fuoco"},{"@type":"BreadcrumbList","@id":"https:\/\/nordnesrepublikken.no\/index.php\/2026\/04\/02\/lavastrom-langs-sciara-del-fuoco\/#breadcrumb","itemListElement":[{"@type":"ListItem","position":1,"name":"Home","item":"https:\/\/nordnesrepublikken.no\/"},{"@type":"ListItem","position":2,"name":"lavastr\u00f8m langs Sciara del Fuoco"}]},{"@type":"WebSite","@id":"https:\/\/nordnesrepublikken.no\/#website","url":"https:\/\/nordnesrepublikken.no\/","name":"Nordnesrepublikken","description":"Stemmer og Visjoner fra Republikkens Hjerte","publisher":{"@id":"https:\/\/nordnesrepublikken.no\/#organization"},"potentialAction":[{"@type":"SearchAction","target":{"@type":"EntryPoint","urlTemplate":"https:\/\/nordnesrepublikken.no\/?s={search_term_string}"},"query-input":{"@type":"PropertyValueSpecification","valueRequired":true,"valueName":"search_term_string"}}],"inLanguage":"nb-NO"},{"@type":"Organization","@id":"https:\/\/nordnesrepublikken.no\/#organization","name":"Nordnesrepublikken","url":"https:\/\/nordnesrepublikken.no\/","logo":{"@type":"ImageObject","inLanguage":"nb-NO","@id":"https:\/\/nordnesrepublikken.no\/#\/schema\/logo\/image\/","url":"https:\/\/nordnesrepublikken.no\/wp-content\/uploads\/2025\/02\/cropped-nordnesrepublikken-2.png","contentUrl":"https:\/\/nordnesrepublikken.no\/wp-content\/uploads\/2025\/02\/cropped-nordnesrepublikken-2.png","width":1248,"height":362,"caption":"Nordnesrepublikken"},"image":{"@id":"https:\/\/nordnesrepublikken.no\/#\/schema\/logo\/image\/"}},{"@type":"Person","@id":"https:\/\/nordnesrepublikken.no\/#\/schema\/person\/2e7e81935bab77882fffb79296240ff1","name":"Ole Andersen","image":{"@type":"ImageObject","inLanguage":"nb-NO","@id":"https:\/\/nordnesrepublikken.no\/#\/schema\/person\/image\/","url":"https:\/\/nordnesrepublikken.no\/wp-content\/uploads\/2025\/02\/nordnesrepublikken-2-2-150x150.jpg","contentUrl":"https:\/\/nordnesrepublikken.no\/wp-content\/uploads\/2025\/02\/nordnesrepublikken-2-2-150x150.jpg","caption":"Ole Andersen"},"description":"Ettersom jeg vokste opp i Oslo, har jeg alltid v\u00e6rt fascinert av ordenes kraft og deres evne til \u00e5 skape endringer. Etter \u00e5 ha fullf\u00f8rt min utdannelse i kommunikasjon ved Universitetet i Bergen, fikk jeg muligheten til \u00e5 jobbe innen ulike medier, der jeg har s\u00f8kt \u00e5 belyse viktige samfunnssp\u00f8rsm\u00e5l. I dag, som redakt\u00f8r for Nordnesrepublikken, pr\u00f8ver jeg \u00e5 forene min kj\u00e6rlighet for journalistikk med min lidenskap for innovasjon og eventyr.","sameAs":["https:\/\/nordnesrepublikken.no\/"]}]}},"_links":{"self":[{"href":"https:\/\/nordnesrepublikken.no\/index.php\/wp-json\/wp\/v2\/posts\/16498","targetHints":{"allow":["GET"]}}],"collection":[{"href":"https:\/\/nordnesrepublikken.no\/index.php\/wp-json\/wp\/v2\/posts"}],"about":[{"href":"https:\/\/nordnesrepublikken.no\/index.php\/wp-json\/wp\/v2\/types\/post"}],"author":[{"embeddable":true,"href":"https:\/\/nordnesrepublikken.no\/index.php\/wp-json\/wp\/v2\/users\/1"}],"replies":[{"embeddable":true,"href":"https:\/\/nordnesrepublikken.no\/index.php\/wp-json\/wp\/v2\/comments?post=16498"}],"version-history":[{"count":1,"href":"https:\/\/nordnesrepublikken.no\/index.php\/wp-json\/wp\/v2\/posts\/16498\/revisions"}],"predecessor-version":[{"id":16500,"href":"https:\/\/nordnesrepublikken.no\/index.php\/wp-json\/wp\/v2\/posts\/16498\/revisions\/16500"}],"wp:featuredmedia":[{"embeddable":true,"href":"https:\/\/nordnesrepublikken.no\/index.php\/wp-json\/wp\/v2\/media\/16499"}],"wp:attachment":[{"href":"https:\/\/nordnesrepublikken.no\/index.php\/wp-json\/wp\/v2\/media?parent=16498"}],"wp:term":[{"taxonomy":"category","embeddable":true,"href":"https:\/\/nordnesrepublikken.no\/index.php\/wp-json\/wp\/v2\/categories?post=16498"},{"taxonomy":"post_tag","embeddable":true,"href":"https:\/\/nordnesrepublikken.no\/index.php\/wp-json\/wp\/v2\/tags?post=16498"}],"curies":[{"name":"wp","href":"https:\/\/api.w.org\/{rel}","templated":true}]}}