{"id":16492,"date":"2026-04-01T21:49:47","date_gmt":"2026-04-01T19:49:47","guid":{"rendered":"https:\/\/nordnesrepublikken.no\/index.php\/2026\/04\/01\/482-mennesker-ble-drept-i-lopet-av-ett-ar-av-denne-typen-krasj-de-fleste-sjaforer-ser-aldri-komme\/"},"modified":"2026-04-01T21:49:49","modified_gmt":"2026-04-01T19:49:49","slug":"482-mennesker-ble-drept-i-lopet-av-ett-ar-av-denne-typen-krasj-de-fleste-sjaforer-ser-aldri-komme","status":"publish","type":"post","link":"https:\/\/nordnesrepublikken.no\/index.php\/2026\/04\/01\/482-mennesker-ble-drept-i-lopet-av-ett-ar-av-denne-typen-krasj-de-fleste-sjaforer-ser-aldri-komme\/","title":{"rendered":"482 mennesker ble drept i l\u00f8pet av ett \u00e5r av denne typen krasj, de fleste sj\u00e5f\u00f8rer ser aldri komme"},"content":{"rendered":"<p><\/p>\n<div class=\"wordpress-content\">\n                    <!-- Article Start --><\/p>\n<p>Som vi nevnte i v\u00e5r forrige artikkel, har Spanias trafikkmyndighet nettopp gitt ut sin<strong> siste magasinet<\/strong> <\/p>\n<p>I f\u00f8lge de siste dataene fremhevet av DGT, ble 482 mennesker drept i 2025 i disse hendelsene alene \u2013 mer enn i alle kollisjoner til sammen. Og det som gj\u00f8r dem enda mer bekymrende er hvordan de skjer: ofte plutselig, stille og uten forvarsel.<\/p>\n<h2>Krasjen som skjer n\u00e5r ingen andre er i n\u00e6rheten<\/h2>\n<p> <em>terrengkrasj<\/em> \u2013 n\u00e5r et kj\u00f8ret\u00f8y forlater veien, ofte uten at noen annen bil er involvert.<\/p>\n<div class=\"sra_unit\"><link rel=\"stylesheet\" id=\"block-sra\" href=\"https:\/\/euroweeklynews.com\/wp-content\/plugins\/snack-related-articles\/dist\/css\/snack-related.min.css?250312-193541\" type=\"text\/css\" media=\"all\">\n<\/div>\n<p>Faktisk, i ni av ti tilfeller er det bare ett kj\u00f8ret\u00f8y involvert.<\/p>\n<p>DGT illustrerer dette med et virkelighetsscenario. En sykepleier som kj\u00f8rer hjem etter nattevakt klarer \u00e5 holde seg p\u00e5 vakt i et par timer f\u00f8r trettheten tar overh\u00e5nd. At around 60 km\/h, her car drifts off a secondary road. She wakes up just in time, brakes, and the vehicle stops in a field. No injuries.<\/p>\n<p>Men utfallet kunne lett blitt veldig annerledes. I et annet nevnt tilfelle forlot en bil som kj\u00f8rte i bare 30 km\/t en d\u00e5rlig skiltet vei og falt i en kanal. Alle de seks beboerne d\u00f8de.<\/p>\n<p>Det er det som gj\u00f8r disse kollisjonene s\u00e5 farlige \u2013 de involverer ikke alltid h\u00f8ye hastigheter, men de eskalerer raskt.<\/p>\n<h2><\/h2>\n<p>Tallene som deles i DGT-publikasjonen er sl\u00e5ende.<\/p>\n<p>Run-off-road-ulykker st\u00e5r for rundt 40 prosent av alle trafikkd\u00f8dsfall p\u00e5 interurbane veier i Spania. De fleste av dem skjer p\u00e5 konvensjonelle veier, ofte i kurver, og oftere p\u00e5 dagtid \u2013 selv om risikoen \u00f8ker betydelig om natten.<\/p>\n<p>De tidlige morgentimene, spesielt mellom 02.00 og 05.00, er spesielt farlige. Tretthet, redusert synlighet og mangel p\u00e5 belysning spiller en rolle.<\/p>\n<\/p>\n<h2><\/h2>\n<\/p>\n<p><strong>Alkohol <\/strong>er et annet n\u00f8kkelelement. Around four in ten drivers involved in fatal run-off-road accidents test positive.<\/p>\n<\/p>\n<h2><\/h2>\n<p>Eksperter understreker ogs\u00e5 at det som skjer etter at kj\u00f8ret\u00f8yet forlater veien, ofte er det som avgj\u00f8r hvor alvorlig ulykken er.<\/p>\n<\/p>\n<p>Og \u00e9n detalj gj\u00f8r en kritisk forskjell: \u00e5 ha p\u00e5 seg en <strong>sikkerhetsbelte<\/strong>. In rollover crashes, it helps keep occupants inside the vehicle instead of being thrown out.<\/p>\n<h2><\/h2>\n<p>DGT-analysen fremhever ogs\u00e5 en n\u00f8kkelforskjell avhengig av veitype.<\/p>\n<\/p>\n<h2><\/h2>\n<\/p>\n<p>Enten du bor i Spania eller bare kj\u00f8rer her, er r\u00e5det enkelt: v\u00e6r p\u00e5 vakt, ta pauser n\u00e5r det er n\u00f8dvendig, sett ned farten f\u00f8r svinger, og unng\u00e5 alt som fjerner oppmerksomheten din fra veien.<\/p>\n<p>For som disse tallene viser, er noen av de farligste ulykkene de sj\u00e5f\u00f8rene aldri ser komme.<\/p>\n<p>                    <!-- Originally published at https:\/\/euroweeklynews.com\/2026\/04\/01\/482-people-killed-in-one-year-by-this-type-of-crash-most-drivers-never-see-coming\/ on 01 Apr 2026 at 12:00 by Farah Mokrani --><br \/>\n                    <!-- Article End -->\n                <\/div>\n","protected":false},"excerpt":{"rendered":"<p>Som vi nevnte i v\u00e5r forrige artikkel, har Spanias trafikkmyndighet nettopp gitt ut sin siste<\/p>\n","protected":false},"author":1,"featured_media":16493,"comment_status":"closed","ping_status":"open","sticky":false,"template":"","format":"standard","meta":{"footnotes":""},"categories":[105],"tags":[1558,595,373,1717,2275,3201,491,3376,10267,251,36,294,1737,7734],"class_list":["post-16492","post","type-post","status-publish","format-standard","has-post-thumbnail","hentry","category-livsstil","tag-aldri","tag-ar","tag-ble","tag-denne","tag-drept","tag-ett","tag-fleste","tag-komme","tag-krasj","tag-lopet","tag-mennesker","tag-ser","tag-sjaforer","tag-typen","generate-columns","tablet-grid-50","mobile-grid-100","grid-parent","grid-33","resize-featured-image"],"yoast_head":"<!-- This site is optimized with the Yoast SEO plugin v24.4 - https:\/\/yoast.com\/wordpress\/plugins\/seo\/ -->\n<title>482 mennesker ble drept i l\u00f8pet av ett \u00e5r av denne typen krasj, de fleste sj\u00e5f\u00f8rer ser aldri komme - Nordnesrepublikken<\/title>\n<meta name=\"robots\" content=\"index, follow, max-snippet:-1, max-image-preview:large, max-video-preview:-1\" \/>\n<link rel=\"canonical\" href=\"https:\/\/nordnesrepublikken.no\/index.php\/2026\/04\/01\/482-mennesker-ble-drept-i-lopet-av-ett-ar-av-denne-typen-krasj-de-fleste-sjaforer-ser-aldri-komme\/\" \/>\n<meta property=\"og:locale\" content=\"nb_NO\" \/>\n<meta property=\"og:type\" content=\"article\" \/>\n<meta property=\"og:title\" content=\"482 mennesker ble drept i l\u00f8pet av ett \u00e5r av denne typen krasj, de fleste sj\u00e5f\u00f8rer ser aldri komme - Nordnesrepublikken\" \/>\n<meta property=\"og:description\" content=\"Som vi nevnte i v\u00e5r forrige artikkel, har Spanias trafikkmyndighet nettopp gitt ut sin siste\" \/>\n<meta property=\"og:url\" content=\"https:\/\/nordnesrepublikken.no\/index.php\/2026\/04\/01\/482-mennesker-ble-drept-i-lopet-av-ett-ar-av-denne-typen-krasj-de-fleste-sjaforer-ser-aldri-komme\/\" \/>\n<meta property=\"og:site_name\" content=\"Nordnesrepublikken\" \/>\n<meta property=\"article:published_time\" content=\"2026-04-01T19:49:47+00:00\" \/>\n<meta property=\"article:modified_time\" content=\"2026-04-01T19:49:49+00:00\" \/>\n<meta property=\"og:image\" content=\"https:\/\/nordnesrepublikken.no\/wp-content\/uploads\/2026\/04\/1775072989_482-mennesker-ble-drept-i-lopet-av-ett-ar-av.jpg\" \/>\n\t<meta property=\"og:image:width\" content=\"1200\" \/>\n\t<meta property=\"og:image:height\" content=\"904\" \/>\n\t<meta property=\"og:image:type\" content=\"image\/jpeg\" \/>\n<meta name=\"author\" content=\"Ole Andersen\" \/>\n<meta name=\"twitter:card\" content=\"summary_large_image\" \/>\n<meta name=\"twitter:label1\" content=\"Skrevet av\" \/>\n\t<meta name=\"twitter:data1\" content=\"Ole Andersen\" \/>\n\t<meta name=\"twitter:label2\" content=\"Ansl. lesetid\" \/>\n\t<meta name=\"twitter:data2\" content=\"2 minutter\" \/>\n<script type=\"application\/ld+json\" class=\"yoast-schema-graph\">{\"@context\":\"https:\/\/schema.org\",\"@graph\":[{\"@type\":\"Article\",\"@id\":\"https:\/\/nordnesrepublikken.no\/index.php\/2026\/04\/01\/482-mennesker-ble-drept-i-lopet-av-ett-ar-av-denne-typen-krasj-de-fleste-sjaforer-ser-aldri-komme\/#article\",\"isPartOf\":{\"@id\":\"https:\/\/nordnesrepublikken.no\/index.php\/2026\/04\/01\/482-mennesker-ble-drept-i-lopet-av-ett-ar-av-denne-typen-krasj-de-fleste-sjaforer-ser-aldri-komme\/\"},\"author\":{\"name\":\"Ole Andersen\",\"@id\":\"https:\/\/nordnesrepublikken.no\/#\/schema\/person\/2e7e81935bab77882fffb79296240ff1\"},\"headline\":\"482 mennesker ble drept i l\u00f8pet av ett \u00e5r av denne typen krasj, de fleste sj\u00e5f\u00f8rer ser aldri komme\",\"datePublished\":\"2026-04-01T19:49:47+00:00\",\"dateModified\":\"2026-04-01T19:49:49+00:00\",\"mainEntityOfPage\":{\"@id\":\"https:\/\/nordnesrepublikken.no\/index.php\/2026\/04\/01\/482-mennesker-ble-drept-i-lopet-av-ett-ar-av-denne-typen-krasj-de-fleste-sjaforer-ser-aldri-komme\/\"},\"wordCount\":440,\"publisher\":{\"@id\":\"https:\/\/nordnesrepublikken.no\/#organization\"},\"image\":{\"@id\":\"https:\/\/nordnesrepublikken.no\/index.php\/2026\/04\/01\/482-mennesker-ble-drept-i-lopet-av-ett-ar-av-denne-typen-krasj-de-fleste-sjaforer-ser-aldri-komme\/#primaryimage\"},\"thumbnailUrl\":\"https:\/\/nordnesrepublikken.no\/wp-content\/uploads\/2026\/04\/1775072989_482-mennesker-ble-drept-i-lopet-av-ett-ar-av.jpg\",\"keywords\":[\"aldri\",\"\u00e5r\",\"ble\",\"denne\",\"drept\",\"ett\",\"fleste\",\"komme\",\"krasj\",\"l\u00f8pet\",\"mennesker\",\"ser\",\"sj\u00e5f\u00f8rer\",\"typen\"],\"articleSection\":[\"Livsstil\"],\"inLanguage\":\"nb-NO\"},{\"@type\":\"WebPage\",\"@id\":\"https:\/\/nordnesrepublikken.no\/index.php\/2026\/04\/01\/482-mennesker-ble-drept-i-lopet-av-ett-ar-av-denne-typen-krasj-de-fleste-sjaforer-ser-aldri-komme\/\",\"url\":\"https:\/\/nordnesrepublikken.no\/index.php\/2026\/04\/01\/482-mennesker-ble-drept-i-lopet-av-ett-ar-av-denne-typen-krasj-de-fleste-sjaforer-ser-aldri-komme\/\",\"name\":\"482 mennesker ble drept i l\u00f8pet av ett \u00e5r av denne typen krasj, de fleste sj\u00e5f\u00f8rer ser aldri komme - Nordnesrepublikken\",\"isPartOf\":{\"@id\":\"https:\/\/nordnesrepublikken.no\/#website\"},\"primaryImageOfPage\":{\"@id\":\"https:\/\/nordnesrepublikken.no\/index.php\/2026\/04\/01\/482-mennesker-ble-drept-i-lopet-av-ett-ar-av-denne-typen-krasj-de-fleste-sjaforer-ser-aldri-komme\/#primaryimage\"},\"image\":{\"@id\":\"https:\/\/nordnesrepublikken.no\/index.php\/2026\/04\/01\/482-mennesker-ble-drept-i-lopet-av-ett-ar-av-denne-typen-krasj-de-fleste-sjaforer-ser-aldri-komme\/#primaryimage\"},\"thumbnailUrl\":\"https:\/\/nordnesrepublikken.no\/wp-content\/uploads\/2026\/04\/1775072989_482-mennesker-ble-drept-i-lopet-av-ett-ar-av.jpg\",\"datePublished\":\"2026-04-01T19:49:47+00:00\",\"dateModified\":\"2026-04-01T19:49:49+00:00\",\"breadcrumb\":{\"@id\":\"https:\/\/nordnesrepublikken.no\/index.php\/2026\/04\/01\/482-mennesker-ble-drept-i-lopet-av-ett-ar-av-denne-typen-krasj-de-fleste-sjaforer-ser-aldri-komme\/#breadcrumb\"},\"inLanguage\":\"nb-NO\",\"potentialAction\":[{\"@type\":\"ReadAction\",\"target\":[\"https:\/\/nordnesrepublikken.no\/index.php\/2026\/04\/01\/482-mennesker-ble-drept-i-lopet-av-ett-ar-av-denne-typen-krasj-de-fleste-sjaforer-ser-aldri-komme\/\"]}]},{\"@type\":\"ImageObject\",\"inLanguage\":\"nb-NO\",\"@id\":\"https:\/\/nordnesrepublikken.no\/index.php\/2026\/04\/01\/482-mennesker-ble-drept-i-lopet-av-ett-ar-av-denne-typen-krasj-de-fleste-sjaforer-ser-aldri-komme\/#primaryimage\",\"url\":\"https:\/\/nordnesrepublikken.no\/wp-content\/uploads\/2026\/04\/1775072989_482-mennesker-ble-drept-i-lopet-av-ett-ar-av.jpg\",\"contentUrl\":\"https:\/\/nordnesrepublikken.no\/wp-content\/uploads\/2026\/04\/1775072989_482-mennesker-ble-drept-i-lopet-av-ett-ar-av.jpg\",\"width\":1200,\"height\":904,\"caption\":\"482 mennesker ble drept i l\u00f8pet av ett \u00e5r av denne typen krasj, de fleste sj\u00e5f\u00f8rer ser aldri komme\"},{\"@type\":\"BreadcrumbList\",\"@id\":\"https:\/\/nordnesrepublikken.no\/index.php\/2026\/04\/01\/482-mennesker-ble-drept-i-lopet-av-ett-ar-av-denne-typen-krasj-de-fleste-sjaforer-ser-aldri-komme\/#breadcrumb\",\"itemListElement\":[{\"@type\":\"ListItem\",\"position\":1,\"name\":\"Home\",\"item\":\"https:\/\/nordnesrepublikken.no\/\"},{\"@type\":\"ListItem\",\"position\":2,\"name\":\"482 mennesker ble drept i l\u00f8pet av ett \u00e5r av denne typen krasj, de fleste sj\u00e5f\u00f8rer ser aldri komme\"}]},{\"@type\":\"WebSite\",\"@id\":\"https:\/\/nordnesrepublikken.no\/#website\",\"url\":\"https:\/\/nordnesrepublikken.no\/\",\"name\":\"Nordnesrepublikken\",\"description\":\"Stemmer og Visjoner fra Republikkens Hjerte\",\"publisher\":{\"@id\":\"https:\/\/nordnesrepublikken.no\/#organization\"},\"potentialAction\":[{\"@type\":\"SearchAction\",\"target\":{\"@type\":\"EntryPoint\",\"urlTemplate\":\"https:\/\/nordnesrepublikken.no\/?s={search_term_string}\"},\"query-input\":{\"@type\":\"PropertyValueSpecification\",\"valueRequired\":true,\"valueName\":\"search_term_string\"}}],\"inLanguage\":\"nb-NO\"},{\"@type\":\"Organization\",\"@id\":\"https:\/\/nordnesrepublikken.no\/#organization\",\"name\":\"Nordnesrepublikken\",\"url\":\"https:\/\/nordnesrepublikken.no\/\",\"logo\":{\"@type\":\"ImageObject\",\"inLanguage\":\"nb-NO\",\"@id\":\"https:\/\/nordnesrepublikken.no\/#\/schema\/logo\/image\/\",\"url\":\"https:\/\/nordnesrepublikken.no\/wp-content\/uploads\/2025\/02\/cropped-nordnesrepublikken-2.png\",\"contentUrl\":\"https:\/\/nordnesrepublikken.no\/wp-content\/uploads\/2025\/02\/cropped-nordnesrepublikken-2.png\",\"width\":1248,\"height\":362,\"caption\":\"Nordnesrepublikken\"},\"image\":{\"@id\":\"https:\/\/nordnesrepublikken.no\/#\/schema\/logo\/image\/\"}},{\"@type\":\"Person\",\"@id\":\"https:\/\/nordnesrepublikken.no\/#\/schema\/person\/2e7e81935bab77882fffb79296240ff1\",\"name\":\"Ole Andersen\",\"image\":{\"@type\":\"ImageObject\",\"inLanguage\":\"nb-NO\",\"@id\":\"https:\/\/nordnesrepublikken.no\/#\/schema\/person\/image\/\",\"url\":\"https:\/\/nordnesrepublikken.no\/wp-content\/uploads\/2025\/02\/nordnesrepublikken-2-2-150x150.jpg\",\"contentUrl\":\"https:\/\/nordnesrepublikken.no\/wp-content\/uploads\/2025\/02\/nordnesrepublikken-2-2-150x150.jpg\",\"caption\":\"Ole Andersen\"},\"description\":\"Ettersom jeg vokste opp i Oslo, har jeg alltid v\u00e6rt fascinert av ordenes kraft og deres evne til \u00e5 skape endringer. Etter \u00e5 ha fullf\u00f8rt min utdannelse i kommunikasjon ved Universitetet i Bergen, fikk jeg muligheten til \u00e5 jobbe innen ulike medier, der jeg har s\u00f8kt \u00e5 belyse viktige samfunnssp\u00f8rsm\u00e5l. I dag, som redakt\u00f8r for Nordnesrepublikken, pr\u00f8ver jeg \u00e5 forene min kj\u00e6rlighet for journalistikk med min lidenskap for innovasjon og eventyr.\",\"sameAs\":[\"https:\/\/nordnesrepublikken.no\/\"]}]}<\/script>\n<!-- \/ Yoast SEO plugin. -->","yoast_head_json":{"title":"482 mennesker ble drept i l\u00f8pet av ett \u00e5r av denne typen krasj, de fleste sj\u00e5f\u00f8rer ser aldri komme - Nordnesrepublikken","robots":{"index":"index","follow":"follow","max-snippet":"max-snippet:-1","max-image-preview":"max-image-preview:large","max-video-preview":"max-video-preview:-1"},"canonical":"https:\/\/nordnesrepublikken.no\/index.php\/2026\/04\/01\/482-mennesker-ble-drept-i-lopet-av-ett-ar-av-denne-typen-krasj-de-fleste-sjaforer-ser-aldri-komme\/","og_locale":"nb_NO","og_type":"article","og_title":"482 mennesker ble drept i l\u00f8pet av ett \u00e5r av denne typen krasj, de fleste sj\u00e5f\u00f8rer ser aldri komme - Nordnesrepublikken","og_description":"Som vi nevnte i v\u00e5r forrige artikkel, har Spanias trafikkmyndighet nettopp gitt ut sin siste","og_url":"https:\/\/nordnesrepublikken.no\/index.php\/2026\/04\/01\/482-mennesker-ble-drept-i-lopet-av-ett-ar-av-denne-typen-krasj-de-fleste-sjaforer-ser-aldri-komme\/","og_site_name":"Nordnesrepublikken","article_published_time":"2026-04-01T19:49:47+00:00","article_modified_time":"2026-04-01T19:49:49+00:00","og_image":[{"width":1200,"height":904,"url":"https:\/\/nordnesrepublikken.no\/wp-content\/uploads\/2026\/04\/1775072989_482-mennesker-ble-drept-i-lopet-av-ett-ar-av.jpg","type":"image\/jpeg"}],"author":"Ole Andersen","twitter_card":"summary_large_image","twitter_misc":{"Skrevet av":"Ole Andersen","Ansl. lesetid":"2 minutter"},"schema":{"@context":"https:\/\/schema.org","@graph":[{"@type":"Article","@id":"https:\/\/nordnesrepublikken.no\/index.php\/2026\/04\/01\/482-mennesker-ble-drept-i-lopet-av-ett-ar-av-denne-typen-krasj-de-fleste-sjaforer-ser-aldri-komme\/#article","isPartOf":{"@id":"https:\/\/nordnesrepublikken.no\/index.php\/2026\/04\/01\/482-mennesker-ble-drept-i-lopet-av-ett-ar-av-denne-typen-krasj-de-fleste-sjaforer-ser-aldri-komme\/"},"author":{"name":"Ole Andersen","@id":"https:\/\/nordnesrepublikken.no\/#\/schema\/person\/2e7e81935bab77882fffb79296240ff1"},"headline":"482 mennesker ble drept i l\u00f8pet av ett \u00e5r av denne typen krasj, de fleste sj\u00e5f\u00f8rer ser aldri komme","datePublished":"2026-04-01T19:49:47+00:00","dateModified":"2026-04-01T19:49:49+00:00","mainEntityOfPage":{"@id":"https:\/\/nordnesrepublikken.no\/index.php\/2026\/04\/01\/482-mennesker-ble-drept-i-lopet-av-ett-ar-av-denne-typen-krasj-de-fleste-sjaforer-ser-aldri-komme\/"},"wordCount":440,"publisher":{"@id":"https:\/\/nordnesrepublikken.no\/#organization"},"image":{"@id":"https:\/\/nordnesrepublikken.no\/index.php\/2026\/04\/01\/482-mennesker-ble-drept-i-lopet-av-ett-ar-av-denne-typen-krasj-de-fleste-sjaforer-ser-aldri-komme\/#primaryimage"},"thumbnailUrl":"https:\/\/nordnesrepublikken.no\/wp-content\/uploads\/2026\/04\/1775072989_482-mennesker-ble-drept-i-lopet-av-ett-ar-av.jpg","keywords":["aldri","\u00e5r","ble","denne","drept","ett","fleste","komme","krasj","l\u00f8pet","mennesker","ser","sj\u00e5f\u00f8rer","typen"],"articleSection":["Livsstil"],"inLanguage":"nb-NO"},{"@type":"WebPage","@id":"https:\/\/nordnesrepublikken.no\/index.php\/2026\/04\/01\/482-mennesker-ble-drept-i-lopet-av-ett-ar-av-denne-typen-krasj-de-fleste-sjaforer-ser-aldri-komme\/","url":"https:\/\/nordnesrepublikken.no\/index.php\/2026\/04\/01\/482-mennesker-ble-drept-i-lopet-av-ett-ar-av-denne-typen-krasj-de-fleste-sjaforer-ser-aldri-komme\/","name":"482 mennesker ble drept i l\u00f8pet av ett \u00e5r av denne typen krasj, de fleste sj\u00e5f\u00f8rer ser aldri komme - Nordnesrepublikken","isPartOf":{"@id":"https:\/\/nordnesrepublikken.no\/#website"},"primaryImageOfPage":{"@id":"https:\/\/nordnesrepublikken.no\/index.php\/2026\/04\/01\/482-mennesker-ble-drept-i-lopet-av-ett-ar-av-denne-typen-krasj-de-fleste-sjaforer-ser-aldri-komme\/#primaryimage"},"image":{"@id":"https:\/\/nordnesrepublikken.no\/index.php\/2026\/04\/01\/482-mennesker-ble-drept-i-lopet-av-ett-ar-av-denne-typen-krasj-de-fleste-sjaforer-ser-aldri-komme\/#primaryimage"},"thumbnailUrl":"https:\/\/nordnesrepublikken.no\/wp-content\/uploads\/2026\/04\/1775072989_482-mennesker-ble-drept-i-lopet-av-ett-ar-av.jpg","datePublished":"2026-04-01T19:49:47+00:00","dateModified":"2026-04-01T19:49:49+00:00","breadcrumb":{"@id":"https:\/\/nordnesrepublikken.no\/index.php\/2026\/04\/01\/482-mennesker-ble-drept-i-lopet-av-ett-ar-av-denne-typen-krasj-de-fleste-sjaforer-ser-aldri-komme\/#breadcrumb"},"inLanguage":"nb-NO","potentialAction":[{"@type":"ReadAction","target":["https:\/\/nordnesrepublikken.no\/index.php\/2026\/04\/01\/482-mennesker-ble-drept-i-lopet-av-ett-ar-av-denne-typen-krasj-de-fleste-sjaforer-ser-aldri-komme\/"]}]},{"@type":"ImageObject","inLanguage":"nb-NO","@id":"https:\/\/nordnesrepublikken.no\/index.php\/2026\/04\/01\/482-mennesker-ble-drept-i-lopet-av-ett-ar-av-denne-typen-krasj-de-fleste-sjaforer-ser-aldri-komme\/#primaryimage","url":"https:\/\/nordnesrepublikken.no\/wp-content\/uploads\/2026\/04\/1775072989_482-mennesker-ble-drept-i-lopet-av-ett-ar-av.jpg","contentUrl":"https:\/\/nordnesrepublikken.no\/wp-content\/uploads\/2026\/04\/1775072989_482-mennesker-ble-drept-i-lopet-av-ett-ar-av.jpg","width":1200,"height":904,"caption":"482 mennesker ble drept i l\u00f8pet av ett \u00e5r av denne typen krasj, de fleste sj\u00e5f\u00f8rer ser aldri komme"},{"@type":"BreadcrumbList","@id":"https:\/\/nordnesrepublikken.no\/index.php\/2026\/04\/01\/482-mennesker-ble-drept-i-lopet-av-ett-ar-av-denne-typen-krasj-de-fleste-sjaforer-ser-aldri-komme\/#breadcrumb","itemListElement":[{"@type":"ListItem","position":1,"name":"Home","item":"https:\/\/nordnesrepublikken.no\/"},{"@type":"ListItem","position":2,"name":"482 mennesker ble drept i l\u00f8pet av ett \u00e5r av denne typen krasj, de fleste sj\u00e5f\u00f8rer ser aldri komme"}]},{"@type":"WebSite","@id":"https:\/\/nordnesrepublikken.no\/#website","url":"https:\/\/nordnesrepublikken.no\/","name":"Nordnesrepublikken","description":"Stemmer og Visjoner fra Republikkens Hjerte","publisher":{"@id":"https:\/\/nordnesrepublikken.no\/#organization"},"potentialAction":[{"@type":"SearchAction","target":{"@type":"EntryPoint","urlTemplate":"https:\/\/nordnesrepublikken.no\/?s={search_term_string}"},"query-input":{"@type":"PropertyValueSpecification","valueRequired":true,"valueName":"search_term_string"}}],"inLanguage":"nb-NO"},{"@type":"Organization","@id":"https:\/\/nordnesrepublikken.no\/#organization","name":"Nordnesrepublikken","url":"https:\/\/nordnesrepublikken.no\/","logo":{"@type":"ImageObject","inLanguage":"nb-NO","@id":"https:\/\/nordnesrepublikken.no\/#\/schema\/logo\/image\/","url":"https:\/\/nordnesrepublikken.no\/wp-content\/uploads\/2025\/02\/cropped-nordnesrepublikken-2.png","contentUrl":"https:\/\/nordnesrepublikken.no\/wp-content\/uploads\/2025\/02\/cropped-nordnesrepublikken-2.png","width":1248,"height":362,"caption":"Nordnesrepublikken"},"image":{"@id":"https:\/\/nordnesrepublikken.no\/#\/schema\/logo\/image\/"}},{"@type":"Person","@id":"https:\/\/nordnesrepublikken.no\/#\/schema\/person\/2e7e81935bab77882fffb79296240ff1","name":"Ole Andersen","image":{"@type":"ImageObject","inLanguage":"nb-NO","@id":"https:\/\/nordnesrepublikken.no\/#\/schema\/person\/image\/","url":"https:\/\/nordnesrepublikken.no\/wp-content\/uploads\/2025\/02\/nordnesrepublikken-2-2-150x150.jpg","contentUrl":"https:\/\/nordnesrepublikken.no\/wp-content\/uploads\/2025\/02\/nordnesrepublikken-2-2-150x150.jpg","caption":"Ole Andersen"},"description":"Ettersom jeg vokste opp i Oslo, har jeg alltid v\u00e6rt fascinert av ordenes kraft og deres evne til \u00e5 skape endringer. Etter \u00e5 ha fullf\u00f8rt min utdannelse i kommunikasjon ved Universitetet i Bergen, fikk jeg muligheten til \u00e5 jobbe innen ulike medier, der jeg har s\u00f8kt \u00e5 belyse viktige samfunnssp\u00f8rsm\u00e5l. I dag, som redakt\u00f8r for Nordnesrepublikken, pr\u00f8ver jeg \u00e5 forene min kj\u00e6rlighet for journalistikk med min lidenskap for innovasjon og eventyr.","sameAs":["https:\/\/nordnesrepublikken.no\/"]}]}},"_links":{"self":[{"href":"https:\/\/nordnesrepublikken.no\/index.php\/wp-json\/wp\/v2\/posts\/16492","targetHints":{"allow":["GET"]}}],"collection":[{"href":"https:\/\/nordnesrepublikken.no\/index.php\/wp-json\/wp\/v2\/posts"}],"about":[{"href":"https:\/\/nordnesrepublikken.no\/index.php\/wp-json\/wp\/v2\/types\/post"}],"author":[{"embeddable":true,"href":"https:\/\/nordnesrepublikken.no\/index.php\/wp-json\/wp\/v2\/users\/1"}],"replies":[{"embeddable":true,"href":"https:\/\/nordnesrepublikken.no\/index.php\/wp-json\/wp\/v2\/comments?post=16492"}],"version-history":[{"count":1,"href":"https:\/\/nordnesrepublikken.no\/index.php\/wp-json\/wp\/v2\/posts\/16492\/revisions"}],"predecessor-version":[{"id":16494,"href":"https:\/\/nordnesrepublikken.no\/index.php\/wp-json\/wp\/v2\/posts\/16492\/revisions\/16494"}],"wp:featuredmedia":[{"embeddable":true,"href":"https:\/\/nordnesrepublikken.no\/index.php\/wp-json\/wp\/v2\/media\/16493"}],"wp:attachment":[{"href":"https:\/\/nordnesrepublikken.no\/index.php\/wp-json\/wp\/v2\/media?parent=16492"}],"wp:term":[{"taxonomy":"category","embeddable":true,"href":"https:\/\/nordnesrepublikken.no\/index.php\/wp-json\/wp\/v2\/categories?post=16492"},{"taxonomy":"post_tag","embeddable":true,"href":"https:\/\/nordnesrepublikken.no\/index.php\/wp-json\/wp\/v2\/tags?post=16492"}],"curies":[{"name":"wp","href":"https:\/\/api.w.org\/{rel}","templated":true}]}}