{"id":16483,"date":"2026-04-01T12:49:30","date_gmt":"2026-04-01T10:49:30","guid":{"rendered":"https:\/\/nordnesrepublikken.no\/index.php\/2026\/04\/01\/vaervarsel-i-10-regioner\/"},"modified":"2026-04-01T12:49:34","modified_gmt":"2026-04-01T10:49:34","slug":"vaervarsel-i-10-regioner","status":"publish","type":"post","link":"https:\/\/nordnesrepublikken.no\/index.php\/2026\/04\/01\/vaervarsel-i-10-regioner\/","title":{"rendered":"v\u00e6rvarsel i 10 regioner"},"content":{"rendered":"<div>\n<div class=\"cp_wrapper cp_wrapper--fw mb-30 mb-20@tablet\">\n<figure class=\"mm\"><picture class=\"img\" style=\"padding-top:56.25%\"><source  media=\"(min-width: 1024px)\"><source  media=\"(min-width: 768px)\"><\/source><\/source><\/picture><\/figure>\n<\/p><\/div>\n<p>Etter syklonen Deborah \u00e5pner april m\u00e5ned med en<strong>intens b\u00f8lge av d\u00e5rlig v\u00e6r<\/strong> som ber\u00f8rer en stor del av Italia. Ansvarlig er <strong>syklonen Erminio<\/strong> \u2013 s\u00e5 omd\u00f8pt av EUMETNET, organisasjonen som samler 31 europeiske meteorologiske tjenester \u2013 som bringer <strong>kraftig regn<\/strong>, <strong>sn\u00f8fall<\/strong> Og <strong>kuling <\/strong>spesielt i de sentrale-s\u00f8rlige regionene.<\/p>\n<p>Sivilbeskyttelsen har nemlig sendt ut kunngj\u00f8ringen <strong>v\u00e6rvarselet for 10 regioner i det sentrale-s\u00f8rlige Italia<\/strong>: i noen omr\u00e5der av<strong>Abruzzo<\/strong> ble erkl\u00e6rt p\u00e5<strong>varsle<\/strong> <strong>r\u00f8d<\/strong> for hydraulisk og hydrogeologisk risiko, med <strong>Molise-regionen<\/strong> som nettopp har hevet <strong>niv\u00e5 fra oransje til r\u00f8dt<\/strong>gitt at regnet har fortsatt ustanselig i omtrent 36 timer. Oransje varsel for Puglia og gult, derimot, for deler av Umbria, Marche, Lazio og hele territoriet Campania, Basilicata, Calabria og Sicilia. I mellomtiden har <strong>skoler<\/strong> de var <strong>lukket<\/strong> i en rekke kommuner Abruzzo, Molise og Puglia, mens brannvesenet utf\u00f8rer hundrevis av inngrep for \u00e5 h\u00e5ndtere <strong>flom, velte tr\u00e6r<\/strong> og \u00e5 gj\u00f8re mennesker i vanskeligheter trygge.<\/p>\n<div class=\"cp_wrapper cp_wrapper--fw mb-50\">\n<figure class=\"mm\"><picture class=\"img\" style=\"padding-top:70.5%\"><source  media=\"(min-width: 1024px)\"><source  media=\"(min-width: 768px)\"><img decoding=\"async\" loading=\"lazy\" src=\"https:\/\/nordnesrepublikken.no\/wp-content\/uploads\/2026\/04\/vaervarsel-i-10-regioner.jpeg\" alt=\"v\u00e6rvarsel-kart\" width=\"1200\" height=\"846\"\/><\/source><\/source><\/picture><\/figure>\n<\/p><\/div>\n<p>I l\u00f8pet av natten reddet Brannvesenet en bilist i Termoli, som satt fast etter<strong>flom av Sinarca-str\u00f8mmen<\/strong>: i mellomtiden <strong>Pescara-elven,<\/strong> i Abruzzo har den <strong>overskredet alarmgrensen<\/strong>med at kommunen vedtok \u00e5 stenge de nordlige og s\u00f8rlige flomslettene. I Molise <strong>beredskapsplan<\/strong> for <strong>Liscione-demningen<\/strong>som allerede hadde \u00f8kt utslippet nedstr\u00f8ms, med evakuering av boliger og strukturer som ligger n\u00e6r demningen.<\/p>\n<p>I f\u00f8lge prognoser er<strong> d\u00e5rlig v\u00e6r vil vare i hvert fall til fredag \u200b\u200b3. april<\/strong>n\u00e5r syklonen Erminio definitivt flytter til Hellas og Italia, vil en antisyklonodde begynne \u00e5 dukke opp, som vil bringe stabilt v\u00e6r til nesten hele halv\u00f8ya for p\u00e5ske og p\u00e5skedag.<\/p>\n<h2>Hva skjer fra et meteorologisk synspunkt<\/h2>\n<p>Som ogs\u00e5 bekreftet av Civil Protection, er \u00e5rsaken til dette d\u00e5rlige v\u00e6ret i Sentrum-S\u00f8r en<strong> lavtrykksenter<\/strong>som beveger seg fra Tyrrenhavet mot de joniske sektorene og som fortsetter \u00e5 tiltrekke kalde str\u00f8mmer fra Balkan, med minimumsdepresjonen som vil n\u00e5 verdier rundt <strong>992 hPa<\/strong>.<\/p>\n<p>Denne forstyrrelsen, omd\u00f8pt til &laquo;syklonen Erminio&raquo;, for\u00e5rsaker <strong>kraftige byger over hele Midt-S\u00f8r<\/strong>kombinert med kuling som ogs\u00e5 vil n\u00e5 de nordlige omr\u00e5dene og \u00f8yene, med topper p\u00e5 <strong>90 km\/t<\/strong> p\u00e5 nordlige Sardinia og <strong>70-80 km\/t i Prealpene.<\/strong><\/p>\n<div class=\"cp_wrapper cp_wrapper--fw mb-50\">\n<figure class=\"mm\"><picture class=\"img\" style=\"padding-top:55.661501787843%\"><source  media=\"(min-width: 1024px)\"><source  media=\"(min-width: 768px)\"><img decoding=\"async\" loading=\"lazy\" src=\"https:\/\/nordnesrepublikken.no\/wp-content\/uploads\/2026\/04\/1775040570_201_vaervarsel-i-10-regioner.jpg\" alt=\"nedb\u00f8r-Italia\" width=\"1678\" height=\"934\" class=\"js-seedtag-img\"\/><\/source><\/source><\/picture><\/figure>\n<\/p><\/div>\n<p>Samtidig registreres flere stormflo langs de mest utsatte kystene, mens det i Abruzzo og Molise har v\u00e6rt omfattende sn\u00f8fall over 700-900 meter: i denne forbindelse, <strong>sn\u00f8ansamlinger <\/strong>bortenfor <strong>halvannen meter<\/strong> p\u00e5 Gran Sasso, Majella og Matese.<\/p>\n<h2>Vil det d\u00e5rlige v\u00e6ret vare til p\u00e5ske og p\u00e5skedag? V\u00e6rmeldingen for de neste dagene<\/h2>\n<p>Men derfor, hvor lenge vil dette d\u00e5rlige v\u00e6ret vare? I f\u00f8lge prognoser gitt av <em>3bv\u00e6r<\/em>den mest akutte fasen av det d\u00e5rlige v\u00e6ret vil v\u00e6re konsentrert mellom i dag og i morgen, <strong>Onsdag 1. og torsdag 2. april<\/strong>. Effektene av syklon Erminio b\u00f8r derfor vare til <strong>Fredag \u200b\u200b3. april<\/strong>n\u00e5r virvelen gradvis vil bevege seg over Hellas. P\u00e5 det tidspunktet vil en antisyklonodde komme inn i landet v\u00e5rt som vil bringe solskinn og stabilt v\u00e6r til nesten hele halv\u00f8ya til p\u00e5ske og p\u00e5skedag. Bare opp<strong> Calabria og Sicilia<\/strong> Det kan komme noen tordenbyger p\u00e5 ettermiddagen.<\/p>\n<p>Mer spesifikt, i morgen, <strong>Torsdag 2. april<\/strong>vil situasjonen begynne \u00e5 <strong>forbedre<\/strong>om enn sakte: Bygene p\u00e5 Adriaterhavssiden vil lette og solen vil komme tilbake til de tyrrenske regionene og Sardinia, mens det i s\u00f8r ventes ytterligere regn i Puglia, Basilicata, Calabria og Sicilia. Fra <strong>Fredag \u200b\u200b3. april<\/strong>I stedet vil virvelen bevege seg bort mot Balkan, og bare etterlate gjenv\u00e6rende ustabilitet i det ekstreme s\u00f8r, mens solen vil r\u00e5de i nord og sentrum.<\/p>\n<p>N\u00e5r det gjelder <strong>P\u00e5skehelg<\/strong> Og <strong>p\u00e5skedag<\/strong> (5. og 6. april) er prognosene desidert gunstigere. Faktisk er Azorene antisyklon ventet over Vest-Europa, noe som vil bringe forhold <strong>stabil og solrik<\/strong> over store deler av Italia.<strong> <\/strong>Generelt sett <strong>maksimale temperaturer<\/strong> de vil g\u00e5 tilbake til verdier mer i tr\u00e5d med perioden: det forventes \u00e5 n\u00e5 i <strong>23-24 \u00b0C i nord<\/strong>jeg <strong>22-23 \u00b0C i sentrum<\/strong> hei <strong>18-20 \u00b0C i S\u00f8r.<\/strong><\/p>\n<\/p><\/div>\n","protected":false},"excerpt":{"rendered":"<p>Etter syklonen Deborah \u00e5pner april m\u00e5ned med enintens b\u00f8lge av d\u00e5rlig v\u00e6r som ber\u00f8rer en<\/p>\n","protected":false},"author":1,"featured_media":16484,"comment_status":"closed","ping_status":"open","sticky":false,"template":"","format":"standard","meta":{"footnotes":""},"categories":[26],"tags":[6935,469],"class_list":["post-16483","post","type-post","status-publish","format-standard","has-post-thumbnail","hentry","category-miljo","tag-regioner","tag-vaervarsel","generate-columns","tablet-grid-50","mobile-grid-100","grid-parent","grid-33","resize-featured-image"],"yoast_head":"<!-- This site is optimized with the Yoast SEO plugin v24.4 - https:\/\/yoast.com\/wordpress\/plugins\/seo\/ -->\n<title>v\u00e6rvarsel i 10 regioner - Nordnesrepublikken<\/title>\n<meta name=\"robots\" content=\"index, follow, max-snippet:-1, max-image-preview:large, max-video-preview:-1\" \/>\n<link rel=\"canonical\" href=\"https:\/\/nordnesrepublikken.no\/index.php\/2026\/04\/01\/vaervarsel-i-10-regioner\/\" \/>\n<meta property=\"og:locale\" content=\"nb_NO\" \/>\n<meta property=\"og:type\" content=\"article\" \/>\n<meta property=\"og:title\" content=\"v\u00e6rvarsel i 10 regioner - Nordnesrepublikken\" \/>\n<meta property=\"og:description\" content=\"Etter syklonen Deborah \u00e5pner april m\u00e5ned med enintens b\u00f8lge av d\u00e5rlig v\u00e6r som ber\u00f8rer en\" \/>\n<meta property=\"og:url\" content=\"https:\/\/nordnesrepublikken.no\/index.php\/2026\/04\/01\/vaervarsel-i-10-regioner\/\" \/>\n<meta property=\"og:site_name\" content=\"Nordnesrepublikken\" \/>\n<meta property=\"article:published_time\" content=\"2026-04-01T10:49:30+00:00\" \/>\n<meta property=\"article:modified_time\" content=\"2026-04-01T10:49:34+00:00\" \/>\n<meta property=\"og:image\" content=\"https:\/\/nordnesrepublikken.no\/wp-content\/uploads\/2026\/04\/1775040571_vaervarsel-i-10-regioner-scaled.jpg\" \/>\n\t<meta property=\"og:image:width\" content=\"2560\" \/>\n\t<meta property=\"og:image:height\" content=\"1409\" \/>\n\t<meta property=\"og:image:type\" content=\"image\/jpeg\" \/>\n<meta name=\"author\" content=\"Ole Andersen\" \/>\n<meta name=\"twitter:card\" content=\"summary_large_image\" \/>\n<meta name=\"twitter:label1\" content=\"Skrevet av\" \/>\n\t<meta name=\"twitter:data1\" content=\"Ole Andersen\" \/>\n\t<meta name=\"twitter:label2\" content=\"Ansl. lesetid\" \/>\n\t<meta name=\"twitter:data2\" content=\"3 minutter\" \/>\n<script type=\"application\/ld+json\" class=\"yoast-schema-graph\">{\"@context\":\"https:\/\/schema.org\",\"@graph\":[{\"@type\":\"Article\",\"@id\":\"https:\/\/nordnesrepublikken.no\/index.php\/2026\/04\/01\/vaervarsel-i-10-regioner\/#article\",\"isPartOf\":{\"@id\":\"https:\/\/nordnesrepublikken.no\/index.php\/2026\/04\/01\/vaervarsel-i-10-regioner\/\"},\"author\":{\"name\":\"Ole Andersen\",\"@id\":\"https:\/\/nordnesrepublikken.no\/#\/schema\/person\/2e7e81935bab77882fffb79296240ff1\"},\"headline\":\"v\u00e6rvarsel i 10 regioner\",\"datePublished\":\"2026-04-01T10:49:30+00:00\",\"dateModified\":\"2026-04-01T10:49:34+00:00\",\"mainEntityOfPage\":{\"@id\":\"https:\/\/nordnesrepublikken.no\/index.php\/2026\/04\/01\/vaervarsel-i-10-regioner\/\"},\"wordCount\":668,\"publisher\":{\"@id\":\"https:\/\/nordnesrepublikken.no\/#organization\"},\"image\":{\"@id\":\"https:\/\/nordnesrepublikken.no\/index.php\/2026\/04\/01\/vaervarsel-i-10-regioner\/#primaryimage\"},\"thumbnailUrl\":\"https:\/\/nordnesrepublikken.no\/wp-content\/uploads\/2026\/04\/1775040571_vaervarsel-i-10-regioner-scaled.jpg\",\"keywords\":[\"regioner\",\"v\u00e6rvarsel\"],\"articleSection\":[\"Milj\u00f8\"],\"inLanguage\":\"nb-NO\"},{\"@type\":\"WebPage\",\"@id\":\"https:\/\/nordnesrepublikken.no\/index.php\/2026\/04\/01\/vaervarsel-i-10-regioner\/\",\"url\":\"https:\/\/nordnesrepublikken.no\/index.php\/2026\/04\/01\/vaervarsel-i-10-regioner\/\",\"name\":\"v\u00e6rvarsel i 10 regioner - Nordnesrepublikken\",\"isPartOf\":{\"@id\":\"https:\/\/nordnesrepublikken.no\/#website\"},\"primaryImageOfPage\":{\"@id\":\"https:\/\/nordnesrepublikken.no\/index.php\/2026\/04\/01\/vaervarsel-i-10-regioner\/#primaryimage\"},\"image\":{\"@id\":\"https:\/\/nordnesrepublikken.no\/index.php\/2026\/04\/01\/vaervarsel-i-10-regioner\/#primaryimage\"},\"thumbnailUrl\":\"https:\/\/nordnesrepublikken.no\/wp-content\/uploads\/2026\/04\/1775040571_vaervarsel-i-10-regioner-scaled.jpg\",\"datePublished\":\"2026-04-01T10:49:30+00:00\",\"dateModified\":\"2026-04-01T10:49:34+00:00\",\"breadcrumb\":{\"@id\":\"https:\/\/nordnesrepublikken.no\/index.php\/2026\/04\/01\/vaervarsel-i-10-regioner\/#breadcrumb\"},\"inLanguage\":\"nb-NO\",\"potentialAction\":[{\"@type\":\"ReadAction\",\"target\":[\"https:\/\/nordnesrepublikken.no\/index.php\/2026\/04\/01\/vaervarsel-i-10-regioner\/\"]}]},{\"@type\":\"ImageObject\",\"inLanguage\":\"nb-NO\",\"@id\":\"https:\/\/nordnesrepublikken.no\/index.php\/2026\/04\/01\/vaervarsel-i-10-regioner\/#primaryimage\",\"url\":\"https:\/\/nordnesrepublikken.no\/wp-content\/uploads\/2026\/04\/1775040571_vaervarsel-i-10-regioner-scaled.jpg\",\"contentUrl\":\"https:\/\/nordnesrepublikken.no\/wp-content\/uploads\/2026\/04\/1775040571_vaervarsel-i-10-regioner-scaled.jpg\",\"width\":2560,\"height\":1409,\"caption\":\"v\u00e6rvarsel i 10 regioner\"},{\"@type\":\"BreadcrumbList\",\"@id\":\"https:\/\/nordnesrepublikken.no\/index.php\/2026\/04\/01\/vaervarsel-i-10-regioner\/#breadcrumb\",\"itemListElement\":[{\"@type\":\"ListItem\",\"position\":1,\"name\":\"Home\",\"item\":\"https:\/\/nordnesrepublikken.no\/\"},{\"@type\":\"ListItem\",\"position\":2,\"name\":\"v\u00e6rvarsel i 10 regioner\"}]},{\"@type\":\"WebSite\",\"@id\":\"https:\/\/nordnesrepublikken.no\/#website\",\"url\":\"https:\/\/nordnesrepublikken.no\/\",\"name\":\"Nordnesrepublikken\",\"description\":\"Stemmer og Visjoner fra Republikkens Hjerte\",\"publisher\":{\"@id\":\"https:\/\/nordnesrepublikken.no\/#organization\"},\"potentialAction\":[{\"@type\":\"SearchAction\",\"target\":{\"@type\":\"EntryPoint\",\"urlTemplate\":\"https:\/\/nordnesrepublikken.no\/?s={search_term_string}\"},\"query-input\":{\"@type\":\"PropertyValueSpecification\",\"valueRequired\":true,\"valueName\":\"search_term_string\"}}],\"inLanguage\":\"nb-NO\"},{\"@type\":\"Organization\",\"@id\":\"https:\/\/nordnesrepublikken.no\/#organization\",\"name\":\"Nordnesrepublikken\",\"url\":\"https:\/\/nordnesrepublikken.no\/\",\"logo\":{\"@type\":\"ImageObject\",\"inLanguage\":\"nb-NO\",\"@id\":\"https:\/\/nordnesrepublikken.no\/#\/schema\/logo\/image\/\",\"url\":\"https:\/\/nordnesrepublikken.no\/wp-content\/uploads\/2025\/02\/cropped-nordnesrepublikken-2.png\",\"contentUrl\":\"https:\/\/nordnesrepublikken.no\/wp-content\/uploads\/2025\/02\/cropped-nordnesrepublikken-2.png\",\"width\":1248,\"height\":362,\"caption\":\"Nordnesrepublikken\"},\"image\":{\"@id\":\"https:\/\/nordnesrepublikken.no\/#\/schema\/logo\/image\/\"}},{\"@type\":\"Person\",\"@id\":\"https:\/\/nordnesrepublikken.no\/#\/schema\/person\/2e7e81935bab77882fffb79296240ff1\",\"name\":\"Ole Andersen\",\"image\":{\"@type\":\"ImageObject\",\"inLanguage\":\"nb-NO\",\"@id\":\"https:\/\/nordnesrepublikken.no\/#\/schema\/person\/image\/\",\"url\":\"https:\/\/nordnesrepublikken.no\/wp-content\/uploads\/2025\/02\/nordnesrepublikken-2-2-150x150.jpg\",\"contentUrl\":\"https:\/\/nordnesrepublikken.no\/wp-content\/uploads\/2025\/02\/nordnesrepublikken-2-2-150x150.jpg\",\"caption\":\"Ole Andersen\"},\"description\":\"Ettersom jeg vokste opp i Oslo, har jeg alltid v\u00e6rt fascinert av ordenes kraft og deres evne til \u00e5 skape endringer. Etter \u00e5 ha fullf\u00f8rt min utdannelse i kommunikasjon ved Universitetet i Bergen, fikk jeg muligheten til \u00e5 jobbe innen ulike medier, der jeg har s\u00f8kt \u00e5 belyse viktige samfunnssp\u00f8rsm\u00e5l. I dag, som redakt\u00f8r for Nordnesrepublikken, pr\u00f8ver jeg \u00e5 forene min kj\u00e6rlighet for journalistikk med min lidenskap for innovasjon og eventyr.\",\"sameAs\":[\"https:\/\/nordnesrepublikken.no\/\"]}]}<\/script>\n<!-- \/ Yoast SEO plugin. -->","yoast_head_json":{"title":"v\u00e6rvarsel i 10 regioner - Nordnesrepublikken","robots":{"index":"index","follow":"follow","max-snippet":"max-snippet:-1","max-image-preview":"max-image-preview:large","max-video-preview":"max-video-preview:-1"},"canonical":"https:\/\/nordnesrepublikken.no\/index.php\/2026\/04\/01\/vaervarsel-i-10-regioner\/","og_locale":"nb_NO","og_type":"article","og_title":"v\u00e6rvarsel i 10 regioner - Nordnesrepublikken","og_description":"Etter syklonen Deborah \u00e5pner april m\u00e5ned med enintens b\u00f8lge av d\u00e5rlig v\u00e6r som ber\u00f8rer en","og_url":"https:\/\/nordnesrepublikken.no\/index.php\/2026\/04\/01\/vaervarsel-i-10-regioner\/","og_site_name":"Nordnesrepublikken","article_published_time":"2026-04-01T10:49:30+00:00","article_modified_time":"2026-04-01T10:49:34+00:00","og_image":[{"width":2560,"height":1409,"url":"https:\/\/nordnesrepublikken.no\/wp-content\/uploads\/2026\/04\/1775040571_vaervarsel-i-10-regioner-scaled.jpg","type":"image\/jpeg"}],"author":"Ole Andersen","twitter_card":"summary_large_image","twitter_misc":{"Skrevet av":"Ole Andersen","Ansl. lesetid":"3 minutter"},"schema":{"@context":"https:\/\/schema.org","@graph":[{"@type":"Article","@id":"https:\/\/nordnesrepublikken.no\/index.php\/2026\/04\/01\/vaervarsel-i-10-regioner\/#article","isPartOf":{"@id":"https:\/\/nordnesrepublikken.no\/index.php\/2026\/04\/01\/vaervarsel-i-10-regioner\/"},"author":{"name":"Ole Andersen","@id":"https:\/\/nordnesrepublikken.no\/#\/schema\/person\/2e7e81935bab77882fffb79296240ff1"},"headline":"v\u00e6rvarsel i 10 regioner","datePublished":"2026-04-01T10:49:30+00:00","dateModified":"2026-04-01T10:49:34+00:00","mainEntityOfPage":{"@id":"https:\/\/nordnesrepublikken.no\/index.php\/2026\/04\/01\/vaervarsel-i-10-regioner\/"},"wordCount":668,"publisher":{"@id":"https:\/\/nordnesrepublikken.no\/#organization"},"image":{"@id":"https:\/\/nordnesrepublikken.no\/index.php\/2026\/04\/01\/vaervarsel-i-10-regioner\/#primaryimage"},"thumbnailUrl":"https:\/\/nordnesrepublikken.no\/wp-content\/uploads\/2026\/04\/1775040571_vaervarsel-i-10-regioner-scaled.jpg","keywords":["regioner","v\u00e6rvarsel"],"articleSection":["Milj\u00f8"],"inLanguage":"nb-NO"},{"@type":"WebPage","@id":"https:\/\/nordnesrepublikken.no\/index.php\/2026\/04\/01\/vaervarsel-i-10-regioner\/","url":"https:\/\/nordnesrepublikken.no\/index.php\/2026\/04\/01\/vaervarsel-i-10-regioner\/","name":"v\u00e6rvarsel i 10 regioner - Nordnesrepublikken","isPartOf":{"@id":"https:\/\/nordnesrepublikken.no\/#website"},"primaryImageOfPage":{"@id":"https:\/\/nordnesrepublikken.no\/index.php\/2026\/04\/01\/vaervarsel-i-10-regioner\/#primaryimage"},"image":{"@id":"https:\/\/nordnesrepublikken.no\/index.php\/2026\/04\/01\/vaervarsel-i-10-regioner\/#primaryimage"},"thumbnailUrl":"https:\/\/nordnesrepublikken.no\/wp-content\/uploads\/2026\/04\/1775040571_vaervarsel-i-10-regioner-scaled.jpg","datePublished":"2026-04-01T10:49:30+00:00","dateModified":"2026-04-01T10:49:34+00:00","breadcrumb":{"@id":"https:\/\/nordnesrepublikken.no\/index.php\/2026\/04\/01\/vaervarsel-i-10-regioner\/#breadcrumb"},"inLanguage":"nb-NO","potentialAction":[{"@type":"ReadAction","target":["https:\/\/nordnesrepublikken.no\/index.php\/2026\/04\/01\/vaervarsel-i-10-regioner\/"]}]},{"@type":"ImageObject","inLanguage":"nb-NO","@id":"https:\/\/nordnesrepublikken.no\/index.php\/2026\/04\/01\/vaervarsel-i-10-regioner\/#primaryimage","url":"https:\/\/nordnesrepublikken.no\/wp-content\/uploads\/2026\/04\/1775040571_vaervarsel-i-10-regioner-scaled.jpg","contentUrl":"https:\/\/nordnesrepublikken.no\/wp-content\/uploads\/2026\/04\/1775040571_vaervarsel-i-10-regioner-scaled.jpg","width":2560,"height":1409,"caption":"v\u00e6rvarsel i 10 regioner"},{"@type":"BreadcrumbList","@id":"https:\/\/nordnesrepublikken.no\/index.php\/2026\/04\/01\/vaervarsel-i-10-regioner\/#breadcrumb","itemListElement":[{"@type":"ListItem","position":1,"name":"Home","item":"https:\/\/nordnesrepublikken.no\/"},{"@type":"ListItem","position":2,"name":"v\u00e6rvarsel i 10 regioner"}]},{"@type":"WebSite","@id":"https:\/\/nordnesrepublikken.no\/#website","url":"https:\/\/nordnesrepublikken.no\/","name":"Nordnesrepublikken","description":"Stemmer og Visjoner fra Republikkens Hjerte","publisher":{"@id":"https:\/\/nordnesrepublikken.no\/#organization"},"potentialAction":[{"@type":"SearchAction","target":{"@type":"EntryPoint","urlTemplate":"https:\/\/nordnesrepublikken.no\/?s={search_term_string}"},"query-input":{"@type":"PropertyValueSpecification","valueRequired":true,"valueName":"search_term_string"}}],"inLanguage":"nb-NO"},{"@type":"Organization","@id":"https:\/\/nordnesrepublikken.no\/#organization","name":"Nordnesrepublikken","url":"https:\/\/nordnesrepublikken.no\/","logo":{"@type":"ImageObject","inLanguage":"nb-NO","@id":"https:\/\/nordnesrepublikken.no\/#\/schema\/logo\/image\/","url":"https:\/\/nordnesrepublikken.no\/wp-content\/uploads\/2025\/02\/cropped-nordnesrepublikken-2.png","contentUrl":"https:\/\/nordnesrepublikken.no\/wp-content\/uploads\/2025\/02\/cropped-nordnesrepublikken-2.png","width":1248,"height":362,"caption":"Nordnesrepublikken"},"image":{"@id":"https:\/\/nordnesrepublikken.no\/#\/schema\/logo\/image\/"}},{"@type":"Person","@id":"https:\/\/nordnesrepublikken.no\/#\/schema\/person\/2e7e81935bab77882fffb79296240ff1","name":"Ole Andersen","image":{"@type":"ImageObject","inLanguage":"nb-NO","@id":"https:\/\/nordnesrepublikken.no\/#\/schema\/person\/image\/","url":"https:\/\/nordnesrepublikken.no\/wp-content\/uploads\/2025\/02\/nordnesrepublikken-2-2-150x150.jpg","contentUrl":"https:\/\/nordnesrepublikken.no\/wp-content\/uploads\/2025\/02\/nordnesrepublikken-2-2-150x150.jpg","caption":"Ole Andersen"},"description":"Ettersom jeg vokste opp i Oslo, har jeg alltid v\u00e6rt fascinert av ordenes kraft og deres evne til \u00e5 skape endringer. Etter \u00e5 ha fullf\u00f8rt min utdannelse i kommunikasjon ved Universitetet i Bergen, fikk jeg muligheten til \u00e5 jobbe innen ulike medier, der jeg har s\u00f8kt \u00e5 belyse viktige samfunnssp\u00f8rsm\u00e5l. I dag, som redakt\u00f8r for Nordnesrepublikken, pr\u00f8ver jeg \u00e5 forene min kj\u00e6rlighet for journalistikk med min lidenskap for innovasjon og eventyr.","sameAs":["https:\/\/nordnesrepublikken.no\/"]}]}},"_links":{"self":[{"href":"https:\/\/nordnesrepublikken.no\/index.php\/wp-json\/wp\/v2\/posts\/16483","targetHints":{"allow":["GET"]}}],"collection":[{"href":"https:\/\/nordnesrepublikken.no\/index.php\/wp-json\/wp\/v2\/posts"}],"about":[{"href":"https:\/\/nordnesrepublikken.no\/index.php\/wp-json\/wp\/v2\/types\/post"}],"author":[{"embeddable":true,"href":"https:\/\/nordnesrepublikken.no\/index.php\/wp-json\/wp\/v2\/users\/1"}],"replies":[{"embeddable":true,"href":"https:\/\/nordnesrepublikken.no\/index.php\/wp-json\/wp\/v2\/comments?post=16483"}],"version-history":[{"count":1,"href":"https:\/\/nordnesrepublikken.no\/index.php\/wp-json\/wp\/v2\/posts\/16483\/revisions"}],"predecessor-version":[{"id":16485,"href":"https:\/\/nordnesrepublikken.no\/index.php\/wp-json\/wp\/v2\/posts\/16483\/revisions\/16485"}],"wp:featuredmedia":[{"embeddable":true,"href":"https:\/\/nordnesrepublikken.no\/index.php\/wp-json\/wp\/v2\/media\/16484"}],"wp:attachment":[{"href":"https:\/\/nordnesrepublikken.no\/index.php\/wp-json\/wp\/v2\/media?parent=16483"}],"wp:term":[{"taxonomy":"category","embeddable":true,"href":"https:\/\/nordnesrepublikken.no\/index.php\/wp-json\/wp\/v2\/categories?post=16483"},{"taxonomy":"post_tag","embeddable":true,"href":"https:\/\/nordnesrepublikken.no\/index.php\/wp-json\/wp\/v2\/tags?post=16483"}],"curies":[{"name":"wp","href":"https:\/\/api.w.org\/{rel}","templated":true}]}}