{"id":16477,"date":"2026-04-01T10:49:57","date_gmt":"2026-04-01T08:49:57","guid":{"rendered":"https:\/\/nordnesrepublikken.no\/index.php\/2026\/04\/01\/hvilke-land-anvender-dodsstraff-og-nar-ble-den-avskaffet-i-andre\/"},"modified":"2026-04-01T10:50:00","modified_gmt":"2026-04-01T08:50:00","slug":"hvilke-land-anvender-dodsstraff-og-nar-ble-den-avskaffet-i-andre","status":"publish","type":"post","link":"https:\/\/nordnesrepublikken.no\/index.php\/2026\/04\/01\/hvilke-land-anvender-dodsstraff-og-nar-ble-den-avskaffet-i-andre\/","title":{"rendered":"Hvilke land anvender d\u00f8dsstraff og n\u00e5r ble den avskaffet i andre"},"content":{"rendered":"<div>\n<div class=\"cp_wrapper cp_wrapper--fw mb-30 mb-20@tablet\">\n<figure class=\"mm\"><picture class=\"img\" style=\"padding-top:56.25%\"><source  media=\"(min-width: 1024px)\"><source  media=\"(min-width: 768px)\"><\/source><\/source><\/picture><\/figure>\n<\/p><\/div>\n<p>Der <strong>d\u00f8dsstraff<\/strong> er fastsatt i lovsystemet for <strong>52 land<\/strong> og best\u00e5r av den maksimale straffen som kan p\u00e5f\u00f8res et menneske: drap. Selv om det er p\u00e5f\u00f8rt <strong>mer sjelden enn tidligere<\/strong>hvert \u00e5r er de ofre for det <strong>tusenvis av mennesker<\/strong>. Forbrytelsene man kan d\u00f8mmes til d\u00f8den for varierer avhengig av staten: i mange lover er d\u00f8dsstraff bare gitt for <strong>voldelige forbrytelser <\/strong>som drap, men i noen tilfeller er ogs\u00e5 andre forbrytelser inkludert. Der <strong>nyere lov i staten Israel<\/strong>som s\u00f8rger for d\u00f8dsstraff for alle de som er anklaget for \u00abterrorisme\u00bb (en siktelse som israelske myndigheter bruker sv\u00e6rt tilfeldig mot palestinere) uten mulighet for anke, har utl\u00f8st heftig kritikk rundt om i verden og har gjenopplivet debatten om straffen.<\/p>\n<p> <!-- SUMMARY --> <\/p>\n<h2 id=\"cenni-storici-sulla-condanna-capitale\"><strong>Historiske notater om d\u00f8dsstraff<\/strong><\/h2>\n<p>D\u00f8dsstraff eksisterer <strong>praktisk talt for alltid<\/strong>. Den eldste samlingen av lover vi kjenner til, den <strong>kode for Hammurabi <\/strong>(1700 f.Kr.), s\u00f8rget for d\u00f8dsstraff for en rekke forbrytelser: drap, spionasje, tyveri, helligbr\u00f8de og andre. Deretter ble d\u00f8dsstraff brukt mye <strong>i den gresk-romerske verden og i middelalderen<\/strong>.<\/p>\n<p>Metodene for \u00e5 fullbyrde straffer var mange og var ofte bevisst grusomme, for \u00e5 <strong>p\u00e5f\u00f8re smerte og ydmykelse <\/strong>til de d\u00f8mte. Blant systemene som var i bruk var det brenning, riving i stykker av ville dyr, korsfestelse, kvartering, spidding, knusing med hester eller elefanter.<\/p>\n<div class=\"cp_wrapper cp_wrapper--fw mb-50\">\n<figure class=\"mm\"><picture class=\"img\" style=\"padding-top:139.13043478261%\"><source  media=\"(min-width: 1024px)\"><source  media=\"(min-width: 768px)\"><img decoding=\"async\" loading=\"lazy\" src=\"https:\/\/nordnesrepublikken.no\/wp-content\/uploads\/2026\/04\/1775033393_560_Hvilke-land-anvender-dodsstraff-og-nar-ble-den-avskaffet-i.jpg\" alt=\"Brenningen av Jeanne d'Arc i et maleri av JE Lenepveu\" width=\"552\" height=\"768\"\/><\/source><\/source><\/picture><\/figure>\n<\/p><\/div>\n<p>Hoved\u00e5rsaken til at d\u00f8den ble p\u00e5f\u00f8rt var <strong>\u00f8nske om hevn<\/strong>det vil si \u00f8nsket om \u00e5 straffe noen som hadde skadet en annen person eller samfunnet. Det er ingen tilfeldighet at det i noen samfunn var opp til ofrenes p\u00e5r\u00f8rende \u00e5 id\u00f8mme straffen eller delta i rettssaken (en skikk som fortsatt er til stede, i en begrenset form, i noen systemer). Videre d\u00f8dsstraff <strong>ble ansett som nyttig for offentlig sikkerhet<\/strong>fordi det eliminerte folk som begikk forbrytelser og ble ansett som en avskrekkende virkning for andre potensielle kriminelle.<\/p>\n<h2 id=\"labolizionismo-contro-la-pena-di-morte\"><strong>Abolisjonisme: mot d\u00f8dsstraff<\/strong><\/h2>\n<p>Allerede i den antikke verden og i middelalderen uttrykte noen teologer og intellektuelle kritikk mot d\u00f8dsstraff, men en reell debatt om avskaffelse begynte f\u00f8rst i <strong>Attende \u00e5rhundre<\/strong>p\u00e5 tidspunktet for<strong>Opplysning<\/strong>spesielt takket v\u00e6re en italiensk l\u00e6rd, <strong>Cesare Beccaria<\/strong>. I hans ber\u00f8mte bok <em>Av forbrytelser og straff <\/em>(1764), hevdet Beccaria at d\u00f8dsstraff var b\u00e5de umenneskelig og ubrukelig for \u00e5 redusere kriminalitet.<\/p>\n<div class=\"cp_wrapper cp_wrapper--fw mb-50\">\n<figure class=\"mm\"><picture class=\"img\" style=\"padding-top:133.33333333333%\"><source  media=\"(min-width: 1024px)\"><source  media=\"(min-width: 768px)\"><img decoding=\"async\" loading=\"lazy\" src=\"https:\/\/nordnesrepublikken.no\/wp-content\/uploads\/2026\/04\/1775033394_515_Hvilke-land-anvender-dodsstraff-og-nar-ble-den-avskaffet-i.jpg\" alt=\"Cesare Beccaria\" width=\"600\" height=\"800\" class=\"js-seedtag-img\"\/><\/source><\/source><\/picture><\/figure>\n<\/p><\/div>\n<p>Etter hvert vant ideene hans terreng. Noen stater <strong>de reduserte antallet forbrytelser <\/strong>for hvem d\u00f8dsstraff var forutsett og noen forb\u00f8d det fullstendig. Den f\u00f8rste som gjorde det (ikke teller noen f\u00e5 presedenser i den antikke og middelalderske verden) var <strong>Storhertugd\u00f8mmet Toscana i 1786<\/strong>.<\/p>\n<p>I l\u00f8pet av \u00e5rene har mange stater avskaffet d\u00f8dsstraff, og begrunnet avgj\u00f8relsen med begrunnelse for <strong>etisk orden<\/strong>fordi d\u00f8dsdommen undergraver prinsippet om at straffen skal rettes mot omoppdragelse av den d\u00f8mte, og <strong>av &laquo;praktisk&raquo; karakter<\/strong>siden det ikke er bevist at d\u00f8dsstraff virker avskrekkende og reduserer forbrytelser.<\/p>\n<h2 id=\"la-pena-di-morte-oggi-dove-e-applicata\"><strong>Der d\u00f8dsstraff fortsatt er i kraft i dag<\/strong><\/h2>\n<p>D\u00f8dsstraffen er fortsatt i kraft og <strong>brukt av 52 stater<\/strong>nesten alle afro-asiatiske. Andre land, selv om de ikke offisielt har avskaffet det, har ikke utstedt d\u00f8dsdommer p\u00e5 mange \u00e5r.<\/p>\n<div class=\"cp_wrapper cp_wrapper--fw mb-50\">\n<figure class=\"mm\"><picture class=\"img\" style=\"padding-top:51.328125%\"><source  media=\"(min-width: 1024px)\"><source  media=\"(min-width: 768px)\"><img decoding=\"async\" loading=\"lazy\" src=\"https:\/\/nordnesrepublikken.no\/wp-content\/uploads\/2026\/04\/1775033394_54_Hvilke-land-anvender-dodsstraff-og-nar-ble-den-avskaffet-i.jpg\" alt=\"D\u00f8dsstraff i verden (kreditt Kamalthebest)\" width=\"1280\" height=\"657\"\/><\/source><\/source><\/picture><\/figure>\n<\/p><\/div>\n<p>Det er ikke kjent <strong>hvor mange som lider d\u00f8dsstraff <\/strong>hvert \u00e5r. Amnesty international har beregnet at dommen i 2024 ble id\u00f8mt minst 1153 personer, men dataene er delvise fordi informasjonen fra enkelte land er ufullstendig. Antall domfellelser er <b>\u00f8kt med 20 % sammenlignet med 2023<\/b>men antallet land som har brukt d\u00f8dsstraff har g\u00e5tt ned: bare 16.<\/p>\n<p>Landet som henretter flest mennesker hvert \u00e5r er absolutt der <strong>Kina,<\/strong> men antallet ofre er ikke kjent fordi Beijing-myndighetene ikke offentliggj\u00f8r dataene om henrettelser, som if\u00f8lge Amnesty faller inn under &laquo;<strong>i tusenvis\u00bb hvert \u00e5r<\/strong>. Etter Kina er landene med h\u00f8yest antall henrettelser <strong>Iran, Egypt og Saudi-Arabia<\/strong>.<\/p>\n<h2 id=\"reati-che-prevedono-la-pena-di-morte\"><strong>Forbrytelser som medf\u00f8rer d\u00f8dsstraff<\/strong><\/h2>\n<p>Blant forbrytelsene som d\u00f8den kan p\u00e5f\u00f8res er det alltid<strong>frivillig drap<\/strong>med eller uten skjerpende omstendigheter avhengig av land. I mange tilfeller legges de til <strong>andre forbrytelser beg\u00e5tt med vold<\/strong>som voldtekt og v\u00e6pnet ran, og ofte ogs\u00e5 <strong>spionasje<\/strong>spesielt hvis andre menneskers d\u00f8d skyldes det, og <strong>terrorisme<\/strong>noen ganger brukt som en anklage for \u00e5 m\u00e5lrette mot politiske motstandere.<\/p>\n<p>I enkelte islamske land kan d\u00f8dsstraff ogs\u00e5 id\u00f8mmes de som er skyldige i \u00abforbrytelser\u00bb mot religion, som f.eks.<strong>frafall <\/strong>(dvs. fornekte troen), den <strong>blasfemi <\/strong>og i noen tilfeller til og med<strong>utroskap <\/strong>og den<strong>homofili<\/strong>. Videre, i ulike jurisdiksjoner, er d\u00f8den forutsett for de som er skyldige i <strong>narkotikasmugling<\/strong>som skjer i forskjellige muslimske land, Taiwan og Kina. I sistnevnte land er listen over forbrytelser som krever d\u00f8dsstraff spesielt lang og inkluderer flere <strong>\u00f8konomisk kriminalitet<\/strong>.<\/p>\n<div class=\"cp_wrapper cp_wrapper--fw mb-50\">\n<figure class=\"mm\"><picture class=\"img\" style=\"padding-top:56.71875%\"><source  media=\"(min-width: 1024px)\"><source  media=\"(min-width: 768px)\"><img decoding=\"async\" loading=\"lazy\" src=\"https:\/\/nordnesrepublikken.no\/wp-content\/uploads\/2026\/04\/1775033395_325_Hvilke-land-anvender-dodsstraff-og-nar-ble-den-avskaffet-i.jpg\" alt=\"Skyting i Mexico (1916)\" width=\"1280\" height=\"726\" class=\"js-seedtag-img\"\/><\/source><\/source><\/picture><\/figure>\n<\/p><\/div>\n<h2 id=\"i-metodi-di-esecuzione\"><strong>Metodene for utf\u00f8relse<\/strong><\/h2>\n<p>I dag fullbyrdes d\u00f8dsdommer ved hjelp av ulike metoder, heldigvis mindre umenneskelige enn tidligere. I Kina er de ventet <strong>skyting og d\u00f8delig injeksjon <\/strong>(dvs. injeksjon av en cocktail av narkotika som for\u00e5rsaker d\u00f8d), mens i andre land<strong>hengende<\/strong>. I Saudi-Arabia er imidlertid den mest brukte metoden <strong>halshugging<\/strong>som utf\u00f8res med sverdet. I noen tilfeller kan visse forbrytelser, for eksempel utroskap, straffes med <strong>steining <\/strong>(dvs. drap ved \u00e5 kaste stein), som imidlertid hovedsakelig p\u00e5f\u00f8res i stammesamfunn og av ikke-statlige domstoler.<\/p>\n<p>I motsetning til tidligere, foreg\u00e5r henrettelser i dag nesten alltid i fengsler eller p\u00e5 annen m\u00e5te <strong>p\u00e5 ikke-offentlige steder<\/strong>selv om det nylig har v\u00e6rt registrerte tilfeller, som i Jemen, av straffer som ble utf\u00f8rt offentlig.<\/p>\n<div class=\"cp_wrapper cp_wrapper--fw mb-50\">\n<figure class=\"mm\"><picture class=\"img\" style=\"padding-top:74.21875%\"><source  media=\"(min-width: 1024px)\"><source  media=\"(min-width: 768px)\"><img decoding=\"async\" loading=\"lazy\" src=\"https:\/\/nordnesrepublikken.no\/wp-content\/uploads\/2026\/04\/1775033395_910_Hvilke-land-anvender-dodsstraff-og-nar-ble-den-avskaffet-i.jpg\" alt=\"D\u00f8delig injeksjonstabell i USA\" width=\"1024\" height=\"760\"\/><\/source><\/source><\/picture><\/figure>\n<\/p><\/div>\n<h2 id=\"la-pena-capitale-negli-stati-uniti\"><strong>D\u00f8dsstraff i USA<\/strong><\/h2>\n<p>Et spesielt tilfelle er USA, et av sv\u00e6rt f\u00e5 vestlige land som s\u00f8rger for d\u00f8dsstraff. Det derimot, <strong>den brukes ikke i hele unionen <\/strong>(Som vi vet er USA et f\u00f8deralt land og hver stat har rett til \u00e5 lovfeste om mange emner), men <strong>bare i 12 stater<\/strong>. I de andre er det opphevet eller underlagt moratorium eller har ikke v\u00e6rt brukt p\u00e5 minst ti \u00e5r.<\/p>\n<div class=\"cp_wrapper cp_wrapper--fw mb-50\">\n<figure class=\"mm\"><picture class=\"img\" style=\"padding-top:61.796875%\"><source  media=\"(min-width: 1024px)\"><source  media=\"(min-width: 768px)\"><img decoding=\"async\" loading=\"lazy\" src=\"https:\/\/nordnesrepublikken.no\/wp-content\/uploads\/2026\/04\/1775033396_362_Hvilke-land-anvender-dodsstraff-og-nar-ble-den-avskaffet-i.jpg\" alt=\"D\u00f8dsstraff i USA (tror Atakuzier)\" width=\"1280\" height=\"791\" class=\"js-seedtag-img\"\/><\/source><\/source><\/picture><\/figure>\n<\/p><\/div>\n<p>Den mest brukte metoden i USA er<strong>d\u00f8delig injeksjon<\/strong>. Flere stater tilbyr ogs\u00e5 alternative systemer, for eksempel<strong>elektrokusjon <\/strong>(elektrisk stol) og <strong>gasskammer<\/strong>som imidlertid brukes stadig sjeldnere. D\u00f8dsstraff er effektivt id\u00f8mt <strong>bare i tilfeller av drap<\/strong>selv om noen stater ogs\u00e5 gir det, i teorien, for andre forbrytelser.<\/p>\n<p>Selv i USA er det d\u00f8dsdommer <strong>synkende sammenlignet med tidligere<\/strong>men ideen om \u00e5 avskaffe d\u00f8dsstraff i hele landet, som utl\u00f8ste en del debatt p\u00e5 1960- og 1970-tallet, tas ikke lenger i betraktning i dag.<\/p>\n<h2 id=\"il-cammino-verso-labolizione-in-italia\"><strong>Veien mot avskaffelse i Italia<\/strong><\/h2>\n<p>Italia avskaffet d\u00f8dsstraff i <strong>1889 med Zanardelli-koden<\/strong>men \u00e5 la det gjelde i milit\u00e6rkoden, s\u00e5 mye under f\u00f8rste verdenskrig<strong> ble mye brukt <\/strong>mot soldater som er skyldige i desertering eller annen oppf\u00f8rsel som anses ulovlig.<\/p>\n<p>Straffen var dessuten <strong>gjeninnf\u00f8rt i l\u00f8pet av de tjue \u00e5rene med fascismen<\/strong>hvor mer enn hundre dommer ble fullbyrdet, dels for vanlige forbrytelser og dels for politiske forbrytelser. Metoden som ble brukt var skyting. D\u00f8dsstraff ble fortsatt brukt i <strong>f\u00f8rste \u00e5rene etter regimets fall<\/strong>spesielt mot de som hadde beg\u00e5tt krigsforbrytelser. Den siste henrettelsen ble imidlertid dekretert for en vanlig forbrytelse, den <strong>Villarbasse massakren<\/strong>et ran gikk galt som f\u00f8rte til at ti mennesker d\u00f8de. Tre av de skyldige ble skutt i Torino <strong>mars 1947<\/strong>.<\/p>\n<div class=\"cp_wrapper cp_wrapper--fw mb-50\">\n<figure class=\"mm\"><picture class=\"img\" style=\"padding-top:66.796875%\"><source  media=\"(min-width: 1024px)\"><source  media=\"(min-width: 768px)\"><img decoding=\"async\" loading=\"lazy\" src=\"https:\/\/nordnesrepublikken.no\/wp-content\/uploads\/2026\/04\/1775033397_587_Hvilke-land-anvender-dodsstraff-og-nar-ble-den-avskaffet-i.jpg\" alt=\"Skyting av domfelte i Villarbasse\" width=\"768\" height=\"513\"\/><\/source><\/source><\/picture><\/figure>\n<\/p><\/div>\n<p>D\u00f8dsstraff var <strong>avskaffet <\/strong><strong>noen m\u00e5neder senere <\/strong><strong>av Grunnloven<\/strong>som tr\u00e5dte i kraft 1. januar 1948. I milit\u00e6rloven ble den imidlertid v\u00e6rende i kraft til 1994, men ble aldri tatt i bruk etter andre verdenskrig.<\/p>\n<h2 id=\"il-caso-di-israele\"><strong>Israels tilfelle<\/strong><\/h2>\n<p>Staten Israel har s\u00f8rget for d\u00f8dsstraff siden den ble grunnlagt<strong> noen spesielt alvorlige forbrytelser,<\/strong> inkludert folkemord, krigsforbrytelser, forbrytelser mot menneskeheten. Men til n\u00e5 har israelske myndigheter gjort det <strong>straffen er sv\u00e6rt sjelden brukt<\/strong>kun p\u00e5f\u00f8rt to personer: a <strong>Meir Tobianski<\/strong>en soldat anklaget for forr\u00e6deri i krigen 1948-49; til <strong>Adolf Eichmann<\/strong>den nazistiske hierarken som var en av arrang\u00f8rene av Holocaust, henrettet i 1962. Israel har imidlertid utenomrettslig eliminert (uten rettssak) mange palestinske militanter og til og med utenlandske ledere, som nylig den iranske \u00f8verste lederen Ali Khamenei.<br \/>Loven godkjent 30. mars av Knesset sl\u00e5r fast at alle de som er <strong>anklaget for &laquo;terrorisme&raquo;.<\/strong> Mer presist vil d\u00f8dsstraffen bli ilagt &laquo;<em>den som med vilje for\u00e5rsaker en persons d\u00f8d som en del av en terrorhandling, med den hensikt \u00e5 benekte eksistensen av staten Israel&raquo;:<\/em> anklager som israelske myndigheter tar opp med <strong>veldig tilfeldig overfor palestinerne<\/strong> engasjert i kampen mot okkupasjonen. Dette er grunnen til at loven vakte <strong>opphetet kontrovers<\/strong> ikke bare p\u00e5 den internasjonale scenen, men ogs\u00e5 i enkelte deler av den israelske opinionen.<\/p>\n<\/p><\/div>\n","protected":false},"excerpt":{"rendered":"<p>Der d\u00f8dsstraff er fastsatt i lovsystemet for 52 land og best\u00e5r av den maksimale straffen<\/p>\n","protected":false},"author":1,"featured_media":16478,"comment_status":"closed","ping_status":"open","sticky":false,"template":"","format":"standard","meta":{"footnotes":""},"categories":[23],"tags":[222,10683,6708,373,74,10684,784,502,16],"class_list":["post-16477","post","type-post","status-publish","format-standard","has-post-thumbnail","hentry","category-politikk","tag-andre","tag-anvender","tag-avskaffet","tag-ble","tag-den","tag-dodsstraff","tag-hvilke","tag-land","tag-nar","generate-columns","tablet-grid-50","mobile-grid-100","grid-parent","grid-33","resize-featured-image"],"yoast_head":"<!-- This site is optimized with the Yoast SEO plugin v24.4 - https:\/\/yoast.com\/wordpress\/plugins\/seo\/ -->\n<title>Hvilke land anvender d\u00f8dsstraff og n\u00e5r ble den avskaffet i andre - Nordnesrepublikken<\/title>\n<meta name=\"robots\" content=\"index, follow, max-snippet:-1, max-image-preview:large, max-video-preview:-1\" \/>\n<link rel=\"canonical\" href=\"https:\/\/nordnesrepublikken.no\/index.php\/2026\/04\/01\/hvilke-land-anvender-dodsstraff-og-nar-ble-den-avskaffet-i-andre\/\" \/>\n<meta property=\"og:locale\" content=\"nb_NO\" \/>\n<meta property=\"og:type\" content=\"article\" \/>\n<meta property=\"og:title\" content=\"Hvilke land anvender d\u00f8dsstraff og n\u00e5r ble den avskaffet i andre - Nordnesrepublikken\" \/>\n<meta property=\"og:description\" content=\"Der d\u00f8dsstraff er fastsatt i lovsystemet for 52 land og best\u00e5r av den maksimale straffen\" \/>\n<meta property=\"og:url\" content=\"https:\/\/nordnesrepublikken.no\/index.php\/2026\/04\/01\/hvilke-land-anvender-dodsstraff-og-nar-ble-den-avskaffet-i-andre\/\" \/>\n<meta property=\"og:site_name\" content=\"Nordnesrepublikken\" \/>\n<meta property=\"article:published_time\" content=\"2026-04-01T08:49:57+00:00\" \/>\n<meta property=\"article:modified_time\" content=\"2026-04-01T08:50:00+00:00\" \/>\n<meta property=\"og:image\" content=\"https:\/\/nordnesrepublikken.no\/wp-content\/uploads\/2026\/04\/1775033399_Hvilke-land-anvender-dodsstraff-og-nar-ble-den-avskaffet-i.jpg\" \/>\n\t<meta property=\"og:image:width\" content=\"1280\" \/>\n\t<meta property=\"og:image:height\" content=\"657\" \/>\n\t<meta property=\"og:image:type\" content=\"image\/jpeg\" \/>\n<meta name=\"author\" content=\"Ole Andersen\" \/>\n<meta name=\"twitter:card\" content=\"summary_large_image\" \/>\n<meta name=\"twitter:label1\" content=\"Skrevet av\" \/>\n\t<meta name=\"twitter:data1\" content=\"Ole Andersen\" \/>\n\t<meta name=\"twitter:label2\" content=\"Ansl. lesetid\" \/>\n\t<meta name=\"twitter:data2\" content=\"7 minutter\" \/>\n<script type=\"application\/ld+json\" class=\"yoast-schema-graph\">{\"@context\":\"https:\/\/schema.org\",\"@graph\":[{\"@type\":\"Article\",\"@id\":\"https:\/\/nordnesrepublikken.no\/index.php\/2026\/04\/01\/hvilke-land-anvender-dodsstraff-og-nar-ble-den-avskaffet-i-andre\/#article\",\"isPartOf\":{\"@id\":\"https:\/\/nordnesrepublikken.no\/index.php\/2026\/04\/01\/hvilke-land-anvender-dodsstraff-og-nar-ble-den-avskaffet-i-andre\/\"},\"author\":{\"name\":\"Ole Andersen\",\"@id\":\"https:\/\/nordnesrepublikken.no\/#\/schema\/person\/2e7e81935bab77882fffb79296240ff1\"},\"headline\":\"Hvilke land anvender d\u00f8dsstraff og n\u00e5r ble den avskaffet i andre\",\"datePublished\":\"2026-04-01T08:49:57+00:00\",\"dateModified\":\"2026-04-01T08:50:00+00:00\",\"mainEntityOfPage\":{\"@id\":\"https:\/\/nordnesrepublikken.no\/index.php\/2026\/04\/01\/hvilke-land-anvender-dodsstraff-og-nar-ble-den-avskaffet-i-andre\/\"},\"wordCount\":1409,\"publisher\":{\"@id\":\"https:\/\/nordnesrepublikken.no\/#organization\"},\"image\":{\"@id\":\"https:\/\/nordnesrepublikken.no\/index.php\/2026\/04\/01\/hvilke-land-anvender-dodsstraff-og-nar-ble-den-avskaffet-i-andre\/#primaryimage\"},\"thumbnailUrl\":\"https:\/\/nordnesrepublikken.no\/wp-content\/uploads\/2026\/04\/1775033399_Hvilke-land-anvender-dodsstraff-og-nar-ble-den-avskaffet-i.jpg\",\"keywords\":[\"andre\",\"anvender\",\"avskaffet\",\"ble\",\"den\",\"d\u00f8dsstraff\",\"hvilke\",\"land\",\"n\u00e5r\"],\"articleSection\":[\"Politikk\"],\"inLanguage\":\"nb-NO\"},{\"@type\":\"WebPage\",\"@id\":\"https:\/\/nordnesrepublikken.no\/index.php\/2026\/04\/01\/hvilke-land-anvender-dodsstraff-og-nar-ble-den-avskaffet-i-andre\/\",\"url\":\"https:\/\/nordnesrepublikken.no\/index.php\/2026\/04\/01\/hvilke-land-anvender-dodsstraff-og-nar-ble-den-avskaffet-i-andre\/\",\"name\":\"Hvilke land anvender d\u00f8dsstraff og n\u00e5r ble den avskaffet i andre - Nordnesrepublikken\",\"isPartOf\":{\"@id\":\"https:\/\/nordnesrepublikken.no\/#website\"},\"primaryImageOfPage\":{\"@id\":\"https:\/\/nordnesrepublikken.no\/index.php\/2026\/04\/01\/hvilke-land-anvender-dodsstraff-og-nar-ble-den-avskaffet-i-andre\/#primaryimage\"},\"image\":{\"@id\":\"https:\/\/nordnesrepublikken.no\/index.php\/2026\/04\/01\/hvilke-land-anvender-dodsstraff-og-nar-ble-den-avskaffet-i-andre\/#primaryimage\"},\"thumbnailUrl\":\"https:\/\/nordnesrepublikken.no\/wp-content\/uploads\/2026\/04\/1775033399_Hvilke-land-anvender-dodsstraff-og-nar-ble-den-avskaffet-i.jpg\",\"datePublished\":\"2026-04-01T08:49:57+00:00\",\"dateModified\":\"2026-04-01T08:50:00+00:00\",\"breadcrumb\":{\"@id\":\"https:\/\/nordnesrepublikken.no\/index.php\/2026\/04\/01\/hvilke-land-anvender-dodsstraff-og-nar-ble-den-avskaffet-i-andre\/#breadcrumb\"},\"inLanguage\":\"nb-NO\",\"potentialAction\":[{\"@type\":\"ReadAction\",\"target\":[\"https:\/\/nordnesrepublikken.no\/index.php\/2026\/04\/01\/hvilke-land-anvender-dodsstraff-og-nar-ble-den-avskaffet-i-andre\/\"]}]},{\"@type\":\"ImageObject\",\"inLanguage\":\"nb-NO\",\"@id\":\"https:\/\/nordnesrepublikken.no\/index.php\/2026\/04\/01\/hvilke-land-anvender-dodsstraff-og-nar-ble-den-avskaffet-i-andre\/#primaryimage\",\"url\":\"https:\/\/nordnesrepublikken.no\/wp-content\/uploads\/2026\/04\/1775033399_Hvilke-land-anvender-dodsstraff-og-nar-ble-den-avskaffet-i.jpg\",\"contentUrl\":\"https:\/\/nordnesrepublikken.no\/wp-content\/uploads\/2026\/04\/1775033399_Hvilke-land-anvender-dodsstraff-og-nar-ble-den-avskaffet-i.jpg\",\"width\":1280,\"height\":657,\"caption\":\"La pena di morte nel mondo (credit Kamalthebest)\"},{\"@type\":\"BreadcrumbList\",\"@id\":\"https:\/\/nordnesrepublikken.no\/index.php\/2026\/04\/01\/hvilke-land-anvender-dodsstraff-og-nar-ble-den-avskaffet-i-andre\/#breadcrumb\",\"itemListElement\":[{\"@type\":\"ListItem\",\"position\":1,\"name\":\"Home\",\"item\":\"https:\/\/nordnesrepublikken.no\/\"},{\"@type\":\"ListItem\",\"position\":2,\"name\":\"Hvilke land anvender d\u00f8dsstraff og n\u00e5r ble den avskaffet i andre\"}]},{\"@type\":\"WebSite\",\"@id\":\"https:\/\/nordnesrepublikken.no\/#website\",\"url\":\"https:\/\/nordnesrepublikken.no\/\",\"name\":\"Nordnesrepublikken\",\"description\":\"Stemmer og Visjoner fra Republikkens Hjerte\",\"publisher\":{\"@id\":\"https:\/\/nordnesrepublikken.no\/#organization\"},\"potentialAction\":[{\"@type\":\"SearchAction\",\"target\":{\"@type\":\"EntryPoint\",\"urlTemplate\":\"https:\/\/nordnesrepublikken.no\/?s={search_term_string}\"},\"query-input\":{\"@type\":\"PropertyValueSpecification\",\"valueRequired\":true,\"valueName\":\"search_term_string\"}}],\"inLanguage\":\"nb-NO\"},{\"@type\":\"Organization\",\"@id\":\"https:\/\/nordnesrepublikken.no\/#organization\",\"name\":\"Nordnesrepublikken\",\"url\":\"https:\/\/nordnesrepublikken.no\/\",\"logo\":{\"@type\":\"ImageObject\",\"inLanguage\":\"nb-NO\",\"@id\":\"https:\/\/nordnesrepublikken.no\/#\/schema\/logo\/image\/\",\"url\":\"https:\/\/nordnesrepublikken.no\/wp-content\/uploads\/2025\/02\/cropped-nordnesrepublikken-2.png\",\"contentUrl\":\"https:\/\/nordnesrepublikken.no\/wp-content\/uploads\/2025\/02\/cropped-nordnesrepublikken-2.png\",\"width\":1248,\"height\":362,\"caption\":\"Nordnesrepublikken\"},\"image\":{\"@id\":\"https:\/\/nordnesrepublikken.no\/#\/schema\/logo\/image\/\"}},{\"@type\":\"Person\",\"@id\":\"https:\/\/nordnesrepublikken.no\/#\/schema\/person\/2e7e81935bab77882fffb79296240ff1\",\"name\":\"Ole Andersen\",\"image\":{\"@type\":\"ImageObject\",\"inLanguage\":\"nb-NO\",\"@id\":\"https:\/\/nordnesrepublikken.no\/#\/schema\/person\/image\/\",\"url\":\"https:\/\/nordnesrepublikken.no\/wp-content\/uploads\/2025\/02\/nordnesrepublikken-2-2-150x150.jpg\",\"contentUrl\":\"https:\/\/nordnesrepublikken.no\/wp-content\/uploads\/2025\/02\/nordnesrepublikken-2-2-150x150.jpg\",\"caption\":\"Ole Andersen\"},\"description\":\"Ettersom jeg vokste opp i Oslo, har jeg alltid v\u00e6rt fascinert av ordenes kraft og deres evne til \u00e5 skape endringer. Etter \u00e5 ha fullf\u00f8rt min utdannelse i kommunikasjon ved Universitetet i Bergen, fikk jeg muligheten til \u00e5 jobbe innen ulike medier, der jeg har s\u00f8kt \u00e5 belyse viktige samfunnssp\u00f8rsm\u00e5l. I dag, som redakt\u00f8r for Nordnesrepublikken, pr\u00f8ver jeg \u00e5 forene min kj\u00e6rlighet for journalistikk med min lidenskap for innovasjon og eventyr.\",\"sameAs\":[\"https:\/\/nordnesrepublikken.no\/\"]}]}<\/script>\n<!-- \/ Yoast SEO plugin. -->","yoast_head_json":{"title":"Hvilke land anvender d\u00f8dsstraff og n\u00e5r ble den avskaffet i andre - Nordnesrepublikken","robots":{"index":"index","follow":"follow","max-snippet":"max-snippet:-1","max-image-preview":"max-image-preview:large","max-video-preview":"max-video-preview:-1"},"canonical":"https:\/\/nordnesrepublikken.no\/index.php\/2026\/04\/01\/hvilke-land-anvender-dodsstraff-og-nar-ble-den-avskaffet-i-andre\/","og_locale":"nb_NO","og_type":"article","og_title":"Hvilke land anvender d\u00f8dsstraff og n\u00e5r ble den avskaffet i andre - Nordnesrepublikken","og_description":"Der d\u00f8dsstraff er fastsatt i lovsystemet for 52 land og best\u00e5r av den maksimale straffen","og_url":"https:\/\/nordnesrepublikken.no\/index.php\/2026\/04\/01\/hvilke-land-anvender-dodsstraff-og-nar-ble-den-avskaffet-i-andre\/","og_site_name":"Nordnesrepublikken","article_published_time":"2026-04-01T08:49:57+00:00","article_modified_time":"2026-04-01T08:50:00+00:00","og_image":[{"width":1280,"height":657,"url":"https:\/\/nordnesrepublikken.no\/wp-content\/uploads\/2026\/04\/1775033399_Hvilke-land-anvender-dodsstraff-og-nar-ble-den-avskaffet-i.jpg","type":"image\/jpeg"}],"author":"Ole Andersen","twitter_card":"summary_large_image","twitter_misc":{"Skrevet av":"Ole Andersen","Ansl. lesetid":"7 minutter"},"schema":{"@context":"https:\/\/schema.org","@graph":[{"@type":"Article","@id":"https:\/\/nordnesrepublikken.no\/index.php\/2026\/04\/01\/hvilke-land-anvender-dodsstraff-og-nar-ble-den-avskaffet-i-andre\/#article","isPartOf":{"@id":"https:\/\/nordnesrepublikken.no\/index.php\/2026\/04\/01\/hvilke-land-anvender-dodsstraff-og-nar-ble-den-avskaffet-i-andre\/"},"author":{"name":"Ole Andersen","@id":"https:\/\/nordnesrepublikken.no\/#\/schema\/person\/2e7e81935bab77882fffb79296240ff1"},"headline":"Hvilke land anvender d\u00f8dsstraff og n\u00e5r ble den avskaffet i andre","datePublished":"2026-04-01T08:49:57+00:00","dateModified":"2026-04-01T08:50:00+00:00","mainEntityOfPage":{"@id":"https:\/\/nordnesrepublikken.no\/index.php\/2026\/04\/01\/hvilke-land-anvender-dodsstraff-og-nar-ble-den-avskaffet-i-andre\/"},"wordCount":1409,"publisher":{"@id":"https:\/\/nordnesrepublikken.no\/#organization"},"image":{"@id":"https:\/\/nordnesrepublikken.no\/index.php\/2026\/04\/01\/hvilke-land-anvender-dodsstraff-og-nar-ble-den-avskaffet-i-andre\/#primaryimage"},"thumbnailUrl":"https:\/\/nordnesrepublikken.no\/wp-content\/uploads\/2026\/04\/1775033399_Hvilke-land-anvender-dodsstraff-og-nar-ble-den-avskaffet-i.jpg","keywords":["andre","anvender","avskaffet","ble","den","d\u00f8dsstraff","hvilke","land","n\u00e5r"],"articleSection":["Politikk"],"inLanguage":"nb-NO"},{"@type":"WebPage","@id":"https:\/\/nordnesrepublikken.no\/index.php\/2026\/04\/01\/hvilke-land-anvender-dodsstraff-og-nar-ble-den-avskaffet-i-andre\/","url":"https:\/\/nordnesrepublikken.no\/index.php\/2026\/04\/01\/hvilke-land-anvender-dodsstraff-og-nar-ble-den-avskaffet-i-andre\/","name":"Hvilke land anvender d\u00f8dsstraff og n\u00e5r ble den avskaffet i andre - Nordnesrepublikken","isPartOf":{"@id":"https:\/\/nordnesrepublikken.no\/#website"},"primaryImageOfPage":{"@id":"https:\/\/nordnesrepublikken.no\/index.php\/2026\/04\/01\/hvilke-land-anvender-dodsstraff-og-nar-ble-den-avskaffet-i-andre\/#primaryimage"},"image":{"@id":"https:\/\/nordnesrepublikken.no\/index.php\/2026\/04\/01\/hvilke-land-anvender-dodsstraff-og-nar-ble-den-avskaffet-i-andre\/#primaryimage"},"thumbnailUrl":"https:\/\/nordnesrepublikken.no\/wp-content\/uploads\/2026\/04\/1775033399_Hvilke-land-anvender-dodsstraff-og-nar-ble-den-avskaffet-i.jpg","datePublished":"2026-04-01T08:49:57+00:00","dateModified":"2026-04-01T08:50:00+00:00","breadcrumb":{"@id":"https:\/\/nordnesrepublikken.no\/index.php\/2026\/04\/01\/hvilke-land-anvender-dodsstraff-og-nar-ble-den-avskaffet-i-andre\/#breadcrumb"},"inLanguage":"nb-NO","potentialAction":[{"@type":"ReadAction","target":["https:\/\/nordnesrepublikken.no\/index.php\/2026\/04\/01\/hvilke-land-anvender-dodsstraff-og-nar-ble-den-avskaffet-i-andre\/"]}]},{"@type":"ImageObject","inLanguage":"nb-NO","@id":"https:\/\/nordnesrepublikken.no\/index.php\/2026\/04\/01\/hvilke-land-anvender-dodsstraff-og-nar-ble-den-avskaffet-i-andre\/#primaryimage","url":"https:\/\/nordnesrepublikken.no\/wp-content\/uploads\/2026\/04\/1775033399_Hvilke-land-anvender-dodsstraff-og-nar-ble-den-avskaffet-i.jpg","contentUrl":"https:\/\/nordnesrepublikken.no\/wp-content\/uploads\/2026\/04\/1775033399_Hvilke-land-anvender-dodsstraff-og-nar-ble-den-avskaffet-i.jpg","width":1280,"height":657,"caption":"La pena di morte nel mondo (credit Kamalthebest)"},{"@type":"BreadcrumbList","@id":"https:\/\/nordnesrepublikken.no\/index.php\/2026\/04\/01\/hvilke-land-anvender-dodsstraff-og-nar-ble-den-avskaffet-i-andre\/#breadcrumb","itemListElement":[{"@type":"ListItem","position":1,"name":"Home","item":"https:\/\/nordnesrepublikken.no\/"},{"@type":"ListItem","position":2,"name":"Hvilke land anvender d\u00f8dsstraff og n\u00e5r ble den avskaffet i andre"}]},{"@type":"WebSite","@id":"https:\/\/nordnesrepublikken.no\/#website","url":"https:\/\/nordnesrepublikken.no\/","name":"Nordnesrepublikken","description":"Stemmer og Visjoner fra Republikkens Hjerte","publisher":{"@id":"https:\/\/nordnesrepublikken.no\/#organization"},"potentialAction":[{"@type":"SearchAction","target":{"@type":"EntryPoint","urlTemplate":"https:\/\/nordnesrepublikken.no\/?s={search_term_string}"},"query-input":{"@type":"PropertyValueSpecification","valueRequired":true,"valueName":"search_term_string"}}],"inLanguage":"nb-NO"},{"@type":"Organization","@id":"https:\/\/nordnesrepublikken.no\/#organization","name":"Nordnesrepublikken","url":"https:\/\/nordnesrepublikken.no\/","logo":{"@type":"ImageObject","inLanguage":"nb-NO","@id":"https:\/\/nordnesrepublikken.no\/#\/schema\/logo\/image\/","url":"https:\/\/nordnesrepublikken.no\/wp-content\/uploads\/2025\/02\/cropped-nordnesrepublikken-2.png","contentUrl":"https:\/\/nordnesrepublikken.no\/wp-content\/uploads\/2025\/02\/cropped-nordnesrepublikken-2.png","width":1248,"height":362,"caption":"Nordnesrepublikken"},"image":{"@id":"https:\/\/nordnesrepublikken.no\/#\/schema\/logo\/image\/"}},{"@type":"Person","@id":"https:\/\/nordnesrepublikken.no\/#\/schema\/person\/2e7e81935bab77882fffb79296240ff1","name":"Ole Andersen","image":{"@type":"ImageObject","inLanguage":"nb-NO","@id":"https:\/\/nordnesrepublikken.no\/#\/schema\/person\/image\/","url":"https:\/\/nordnesrepublikken.no\/wp-content\/uploads\/2025\/02\/nordnesrepublikken-2-2-150x150.jpg","contentUrl":"https:\/\/nordnesrepublikken.no\/wp-content\/uploads\/2025\/02\/nordnesrepublikken-2-2-150x150.jpg","caption":"Ole Andersen"},"description":"Ettersom jeg vokste opp i Oslo, har jeg alltid v\u00e6rt fascinert av ordenes kraft og deres evne til \u00e5 skape endringer. Etter \u00e5 ha fullf\u00f8rt min utdannelse i kommunikasjon ved Universitetet i Bergen, fikk jeg muligheten til \u00e5 jobbe innen ulike medier, der jeg har s\u00f8kt \u00e5 belyse viktige samfunnssp\u00f8rsm\u00e5l. I dag, som redakt\u00f8r for Nordnesrepublikken, pr\u00f8ver jeg \u00e5 forene min kj\u00e6rlighet for journalistikk med min lidenskap for innovasjon og eventyr.","sameAs":["https:\/\/nordnesrepublikken.no\/"]}]}},"_links":{"self":[{"href":"https:\/\/nordnesrepublikken.no\/index.php\/wp-json\/wp\/v2\/posts\/16477","targetHints":{"allow":["GET"]}}],"collection":[{"href":"https:\/\/nordnesrepublikken.no\/index.php\/wp-json\/wp\/v2\/posts"}],"about":[{"href":"https:\/\/nordnesrepublikken.no\/index.php\/wp-json\/wp\/v2\/types\/post"}],"author":[{"embeddable":true,"href":"https:\/\/nordnesrepublikken.no\/index.php\/wp-json\/wp\/v2\/users\/1"}],"replies":[{"embeddable":true,"href":"https:\/\/nordnesrepublikken.no\/index.php\/wp-json\/wp\/v2\/comments?post=16477"}],"version-history":[{"count":1,"href":"https:\/\/nordnesrepublikken.no\/index.php\/wp-json\/wp\/v2\/posts\/16477\/revisions"}],"predecessor-version":[{"id":16479,"href":"https:\/\/nordnesrepublikken.no\/index.php\/wp-json\/wp\/v2\/posts\/16477\/revisions\/16479"}],"wp:featuredmedia":[{"embeddable":true,"href":"https:\/\/nordnesrepublikken.no\/index.php\/wp-json\/wp\/v2\/media\/16478"}],"wp:attachment":[{"href":"https:\/\/nordnesrepublikken.no\/index.php\/wp-json\/wp\/v2\/media?parent=16477"}],"wp:term":[{"taxonomy":"category","embeddable":true,"href":"https:\/\/nordnesrepublikken.no\/index.php\/wp-json\/wp\/v2\/categories?post=16477"},{"taxonomy":"post_tag","embeddable":true,"href":"https:\/\/nordnesrepublikken.no\/index.php\/wp-json\/wp\/v2\/tags?post=16477"}],"curies":[{"name":"wp","href":"https:\/\/api.w.org\/{rel}","templated":true}]}}