{"id":16459,"date":"2026-04-01T01:49:47","date_gmt":"2026-03-31T23:49:47","guid":{"rendered":"https:\/\/nordnesrepublikken.no\/index.php\/2026\/04\/01\/myten-om-den-gyldne-byen-mellom-sor-amerika-og-conquistadorene\/"},"modified":"2026-04-01T01:49:52","modified_gmt":"2026-03-31T23:49:52","slug":"myten-om-den-gyldne-byen-mellom-sor-amerika-og-conquistadorene","status":"publish","type":"post","link":"https:\/\/nordnesrepublikken.no\/index.php\/2026\/04\/01\/myten-om-den-gyldne-byen-mellom-sor-amerika-og-conquistadorene\/","title":{"rendered":"myten om den gyldne byen mellom S\u00f8r-Amerika og conquistadorene"},"content":{"rendered":"<div>\n<div class=\"cp_wrapper cp_wrapper--fw mb-30 mb-20@tablet\">\n<figure class=\"mm\"><picture class=\"img\" style=\"padding-top:56.25%\"><source  media=\"(min-width: 1024px)\"><source  media=\"(min-width: 768px)\"><\/source><\/source><\/picture><\/figure>\n<\/p><\/div>\n<p>Byen til <b>El Dorado har aldri eksistert<\/b>men dens myte \u2013 den om en by bygget utelukkende av gull og edelstener \u2013 har drevet forskning og ekspedisjoner i S\u00f8r-Amerika i over to \u00e5rhundrer. Etter oppdagelsen av Amerika fortsatte spanjolene sine <strong>unders\u00f8kelser lenger s\u00f8r<\/strong>b\u00e5de for \u00e5 utvide koloniene deres og for \u00e5 gripe de enorme rikdommene som finnes der, tenk p\u00e5 de fra Inka-imperiet.<\/p>\n<p>Noen <strong>datidens vitenskapelige tro<\/strong> de koblet gull til solen, derfor til <strong>varme<\/strong> et al <strong>s\u00f8r<\/strong>forklarer dette delvis den forutinntatte ideen om at enorme dyrebare forekomster ville bli funnet i S\u00f8r-Amerika. Videre, i forskjellige pre-columbianske samfunn myten om en <b>konge dekket av gull<\/b>hvorfra de europeiske erobrerne utledet eksistensen av en <strong>Golden City<\/strong> \u2013 <em><strong>El Dorado<\/strong><\/em>  p\u00e5 spansk \u2013 som man trodde var skjult i jungelen: hun ble s\u00f8kt vidt og bredt, men ble aldri funnet.<\/p>\n<h2>Myten om den gyldne byen <em>El Dorado<\/em><\/h2>\n<p>De <b>myten om gull<\/b>i Europa, forut for leting i S\u00f8r-Amerika og s\u00f8ket etter <em>El Dorado<\/em>. Fortellingene om de som en gang reiste mellom Europa og Asia, som Marco Polo, ga n\u00e6ring til fortellingene om endel\u00f8se reserver av ekstremt dyrebare materialer og enorme gullkonstruksjoner lokalisert i fjerne land. Gull ble ansett som <b>sammenheng mellom jord og himmel<\/b>Mellom <b>guddommelig og menneskelig<\/b>av noen ble han ansett som en <strong>livseliksir<\/strong>knyttet til myten om <strong>vises stein<\/strong>.<\/p>\n<p>Med landingen i Amerika av Columbus og de p\u00e5f\u00f8lgende unders\u00f8kelsene, den s\u00e5kalte &laquo;<b>gylne myter<\/b>&laquo;er n\u00e6ret og beriket med nye detaljer, takket v\u00e6re noen tro fra datidens vitenskapsmenn. For eksempel skrev Jaime Ferrer, en ekspert p\u00e5 edelstener og metaller som jobbet ved hoffet til dronning Isabella av Castilla, i 1495 at &laquo;<b>jo varmere omr\u00e5dene i verden er, jo mer verdifulle metaller og steiner finnes&raquo;<\/b>. Omtrent et \u00e5rhundre senere, i<em> Naturhistorie<\/em> signert av Jos\u00e9 de Acosta, leser vi at &laquo;<b>solens n\u00e6rhet lar gullet blomstre<\/b>&laquo;.<\/p>\n<p>Da Christopher Columbus&#8217; fl\u00e5te ankom Amerika, da <strong>myten om gull<\/strong> den var allerede forankret i europeernes sinn: nettopp derfor begynte erobrerne \u00e5 presse s\u00f8rover, overbevist om at de ville finne store skatter.<\/p>\n<p>I 1522, da den spanske lederen Pascual de Andagoya kom i kontakt med urbefolkningen i San Miguel-bukten, s\u00f8r for Panama, h\u00f8rte han om et imperium rikt p\u00e5 gull, <b>Bir\u00f9<\/b>dagens Peru. Denne informasjonen gjorde ikke annet enn <strong>bekrefte troen p\u00e5 at det var n\u00f8dvendig \u00e5 g\u00e5 ned<\/strong> alltid &laquo;lenger ned&raquo; for \u00e5 finne gull.<\/p>\n<p>For dette i 1524 <b>Francisco Pizarro<\/b>leder og guvern\u00f8r t\u00f8rst etter \u00e6re, dro for den f\u00f8rste utforskningen p\u00e5 leting etter dette imperiet rikt p\u00e5 gull. I l\u00f8pet av de neste ti \u00e5rene vil Pizarro klare det <b>erobre inkariket<\/b> og grunnlegge hovedstaden i Peru, Lima. Han klarte \u00e5 skrape sammen en <b>enormt bytte av edle materialer<\/b>sjelden sett f\u00f8r i slik mengde. Disse underverkene gjorde ikke annet enn \u00e5 gi n\u00e6ring til &laquo;<b>hunger etter gull<\/b>\u201d hos spanjolene, som fortsatte utforskningen av S\u00f8r-Amerika overbevist om at de alltid ville finne noe mer.<\/p>\n<p>Slik ble den faktiske myten f\u00f8dt om et sted dekket av gull, en skinnende by der hver bygning og hvert tak var veldig dyrebart:<em> <b>El Dorado<\/b><\/em>.<\/p>\n<h2>Den legendariske tapte byen og forbindelsen med tradisjoner i S\u00f8r-Amerika<\/h2>\n<p>Mellom 1530 og 1540 presser myten om gull p\u00e5 <em>conquistadorer<\/em> \u00e5 utvide mer og mer: under en ekspedisjon i h\u00f8ylandet av <b>Colombia<\/b>kommer oppdageren Gonzalo Jim\u00e9nez de Quesada i kontakt med Muisca-folket og h\u00f8rer om &laquo;<b>kongens ritual dekket av gull<\/b>&laquo;.<\/p>\n<p>I Muisca-tradisjonen ble den nye linjalen drysset med gullst\u00f8v, klatret opp p\u00e5 en fl\u00e5te i midten av <b>Guatavita-lagunen<\/b>ofret han gyldne gjenstander og edelstener til gudene og senket seg i vannet, hvorfra han kom vasket ut, som en ny mann.<\/p>\n<p>Lagunen ble oppdaget i 1537, og i utgangspunktet trodde man at gull ble f\u00f8dt akkurat der og derfor <em>El Dorado<\/em> det m\u00e5tte v\u00e6re i n\u00e6rheten. I l\u00f8pet av de neste tretti \u00e5rene vil <b>myten om kongen dekket av gull <\/b>ble drevet av europeernes fantasi og begj\u00e6r etter rikdom, til det punktet \u00e5 forme myten om <strong>Byen av gull<\/strong> skjult i jungelen som ingen visste den n\u00f8yaktige plasseringen av. Francisco de Orellana vil sette ut for \u00e5 lete etter den over Amazonas og Lope de Aguirre langs Amazonas-elven, men ogs\u00e5 den engelske oppdageren Walter Raleigh i omr\u00e5dene i Guyana.<\/p>\n<p>Heller ikke <em>El Dorado<\/em> heller ikke noe lignende er noen gang funnet, og i l\u00f8pet av 1600-tallet ble utforskninger forlatt: Den gyldne byen eksisterer ikke, men har blitt den <b>symbol p\u00e5 uoppn\u00e5elig rikdom<\/b> \u2013 som potten med gull ved foten av regnbuen i irsk folklore \u2013 og av <b>begj\u00e6r etter erobring<\/b> som preget de spanske erobrerne, og ikke bare dem, gjennom kolonialismens \u00e5rhundrer.<\/p>\n<\/p><\/div>\n","protected":false},"excerpt":{"rendered":"<p>Byen til El Dorado har aldri eksistertmen dens myte \u2013 den om en by bygget<\/p>\n","protected":false},"author":1,"featured_media":16460,"comment_status":"closed","ping_status":"open","sticky":false,"template":"","format":"standard","meta":{"footnotes":""},"categories":[104],"tags":[1722,10666,74,3768,212,722,10153],"class_list":["post-16459","post","type-post","status-publish","format-standard","has-post-thumbnail","hentry","category-samfunn","tag-byen","tag-conquistadorene","tag-den","tag-gyldne","tag-mellom","tag-myten","tag-soramerika","generate-columns","tablet-grid-50","mobile-grid-100","grid-parent","grid-33","resize-featured-image"],"yoast_head":"<!-- This site is optimized with the Yoast SEO plugin v24.4 - https:\/\/yoast.com\/wordpress\/plugins\/seo\/ -->\n<title>myten om den gyldne byen mellom S\u00f8r-Amerika og conquistadorene - Nordnesrepublikken<\/title>\n<meta name=\"robots\" content=\"index, follow, max-snippet:-1, max-image-preview:large, max-video-preview:-1\" \/>\n<link rel=\"canonical\" href=\"https:\/\/nordnesrepublikken.no\/index.php\/2026\/04\/01\/myten-om-den-gyldne-byen-mellom-sor-amerika-og-conquistadorene\/\" \/>\n<meta property=\"og:locale\" content=\"nb_NO\" \/>\n<meta property=\"og:type\" content=\"article\" \/>\n<meta property=\"og:title\" content=\"myten om den gyldne byen mellom S\u00f8r-Amerika og conquistadorene - Nordnesrepublikken\" \/>\n<meta property=\"og:description\" content=\"Byen til El Dorado har aldri eksistertmen dens myte \u2013 den om en by bygget\" \/>\n<meta property=\"og:url\" content=\"https:\/\/nordnesrepublikken.no\/index.php\/2026\/04\/01\/myten-om-den-gyldne-byen-mellom-sor-amerika-og-conquistadorene\/\" \/>\n<meta property=\"og:site_name\" content=\"Nordnesrepublikken\" \/>\n<meta property=\"article:published_time\" content=\"2026-03-31T23:49:47+00:00\" \/>\n<meta property=\"article:modified_time\" content=\"2026-03-31T23:49:52+00:00\" \/>\n<meta property=\"og:image\" content=\"https:\/\/nordnesrepublikken.no\/wp-content\/uploads\/2026\/04\/1775000989_myten-om-den-gyldne-byen-mellom-Sor-Amerika-og-conquistadorene-scaled.jpg\" \/>\n\t<meta property=\"og:image:width\" content=\"2560\" \/>\n\t<meta property=\"og:image:height\" content=\"1429\" \/>\n\t<meta property=\"og:image:type\" content=\"image\/jpeg\" \/>\n<meta name=\"author\" content=\"Ole Andersen\" \/>\n<meta name=\"twitter:card\" content=\"summary_large_image\" \/>\n<meta name=\"twitter:label1\" content=\"Skrevet av\" \/>\n\t<meta name=\"twitter:data1\" content=\"Ole Andersen\" \/>\n\t<meta name=\"twitter:label2\" content=\"Ansl. lesetid\" \/>\n\t<meta name=\"twitter:data2\" content=\"4 minutter\" \/>\n<script type=\"application\/ld+json\" class=\"yoast-schema-graph\">{\"@context\":\"https:\/\/schema.org\",\"@graph\":[{\"@type\":\"Article\",\"@id\":\"https:\/\/nordnesrepublikken.no\/index.php\/2026\/04\/01\/myten-om-den-gyldne-byen-mellom-sor-amerika-og-conquistadorene\/#article\",\"isPartOf\":{\"@id\":\"https:\/\/nordnesrepublikken.no\/index.php\/2026\/04\/01\/myten-om-den-gyldne-byen-mellom-sor-amerika-og-conquistadorene\/\"},\"author\":{\"name\":\"Ole Andersen\",\"@id\":\"https:\/\/nordnesrepublikken.no\/#\/schema\/person\/2e7e81935bab77882fffb79296240ff1\"},\"headline\":\"myten om den gyldne byen mellom S\u00f8r-Amerika og conquistadorene\",\"datePublished\":\"2026-03-31T23:49:47+00:00\",\"dateModified\":\"2026-03-31T23:49:52+00:00\",\"mainEntityOfPage\":{\"@id\":\"https:\/\/nordnesrepublikken.no\/index.php\/2026\/04\/01\/myten-om-den-gyldne-byen-mellom-sor-amerika-og-conquistadorene\/\"},\"wordCount\":783,\"publisher\":{\"@id\":\"https:\/\/nordnesrepublikken.no\/#organization\"},\"image\":{\"@id\":\"https:\/\/nordnesrepublikken.no\/index.php\/2026\/04\/01\/myten-om-den-gyldne-byen-mellom-sor-amerika-og-conquistadorene\/#primaryimage\"},\"thumbnailUrl\":\"https:\/\/nordnesrepublikken.no\/wp-content\/uploads\/2026\/04\/1775000989_myten-om-den-gyldne-byen-mellom-Sor-Amerika-og-conquistadorene-scaled.jpg\",\"keywords\":[\"byen\",\"conquistadorene\",\"den\",\"gyldne\",\"mellom\",\"myten\",\"S\u00f8rAmerika\"],\"articleSection\":[\"Samfunn\"],\"inLanguage\":\"nb-NO\"},{\"@type\":\"WebPage\",\"@id\":\"https:\/\/nordnesrepublikken.no\/index.php\/2026\/04\/01\/myten-om-den-gyldne-byen-mellom-sor-amerika-og-conquistadorene\/\",\"url\":\"https:\/\/nordnesrepublikken.no\/index.php\/2026\/04\/01\/myten-om-den-gyldne-byen-mellom-sor-amerika-og-conquistadorene\/\",\"name\":\"myten om den gyldne byen mellom S\u00f8r-Amerika og conquistadorene - Nordnesrepublikken\",\"isPartOf\":{\"@id\":\"https:\/\/nordnesrepublikken.no\/#website\"},\"primaryImageOfPage\":{\"@id\":\"https:\/\/nordnesrepublikken.no\/index.php\/2026\/04\/01\/myten-om-den-gyldne-byen-mellom-sor-amerika-og-conquistadorene\/#primaryimage\"},\"image\":{\"@id\":\"https:\/\/nordnesrepublikken.no\/index.php\/2026\/04\/01\/myten-om-den-gyldne-byen-mellom-sor-amerika-og-conquistadorene\/#primaryimage\"},\"thumbnailUrl\":\"https:\/\/nordnesrepublikken.no\/wp-content\/uploads\/2026\/04\/1775000989_myten-om-den-gyldne-byen-mellom-Sor-Amerika-og-conquistadorene-scaled.jpg\",\"datePublished\":\"2026-03-31T23:49:47+00:00\",\"dateModified\":\"2026-03-31T23:49:52+00:00\",\"breadcrumb\":{\"@id\":\"https:\/\/nordnesrepublikken.no\/index.php\/2026\/04\/01\/myten-om-den-gyldne-byen-mellom-sor-amerika-og-conquistadorene\/#breadcrumb\"},\"inLanguage\":\"nb-NO\",\"potentialAction\":[{\"@type\":\"ReadAction\",\"target\":[\"https:\/\/nordnesrepublikken.no\/index.php\/2026\/04\/01\/myten-om-den-gyldne-byen-mellom-sor-amerika-og-conquistadorene\/\"]}]},{\"@type\":\"ImageObject\",\"inLanguage\":\"nb-NO\",\"@id\":\"https:\/\/nordnesrepublikken.no\/index.php\/2026\/04\/01\/myten-om-den-gyldne-byen-mellom-sor-amerika-og-conquistadorene\/#primaryimage\",\"url\":\"https:\/\/nordnesrepublikken.no\/wp-content\/uploads\/2026\/04\/1775000989_myten-om-den-gyldne-byen-mellom-Sor-Amerika-og-conquistadorene-scaled.jpg\",\"contentUrl\":\"https:\/\/nordnesrepublikken.no\/wp-content\/uploads\/2026\/04\/1775000989_myten-om-den-gyldne-byen-mellom-Sor-Amerika-og-conquistadorene-scaled.jpg\",\"width\":2560,\"height\":1429,\"caption\":\"myten om den gyldne byen mellom S\u00f8r-Amerika og conquistadorene\"},{\"@type\":\"BreadcrumbList\",\"@id\":\"https:\/\/nordnesrepublikken.no\/index.php\/2026\/04\/01\/myten-om-den-gyldne-byen-mellom-sor-amerika-og-conquistadorene\/#breadcrumb\",\"itemListElement\":[{\"@type\":\"ListItem\",\"position\":1,\"name\":\"Home\",\"item\":\"https:\/\/nordnesrepublikken.no\/\"},{\"@type\":\"ListItem\",\"position\":2,\"name\":\"myten om den gyldne byen mellom S\u00f8r-Amerika og conquistadorene\"}]},{\"@type\":\"WebSite\",\"@id\":\"https:\/\/nordnesrepublikken.no\/#website\",\"url\":\"https:\/\/nordnesrepublikken.no\/\",\"name\":\"Nordnesrepublikken\",\"description\":\"Stemmer og Visjoner fra Republikkens Hjerte\",\"publisher\":{\"@id\":\"https:\/\/nordnesrepublikken.no\/#organization\"},\"potentialAction\":[{\"@type\":\"SearchAction\",\"target\":{\"@type\":\"EntryPoint\",\"urlTemplate\":\"https:\/\/nordnesrepublikken.no\/?s={search_term_string}\"},\"query-input\":{\"@type\":\"PropertyValueSpecification\",\"valueRequired\":true,\"valueName\":\"search_term_string\"}}],\"inLanguage\":\"nb-NO\"},{\"@type\":\"Organization\",\"@id\":\"https:\/\/nordnesrepublikken.no\/#organization\",\"name\":\"Nordnesrepublikken\",\"url\":\"https:\/\/nordnesrepublikken.no\/\",\"logo\":{\"@type\":\"ImageObject\",\"inLanguage\":\"nb-NO\",\"@id\":\"https:\/\/nordnesrepublikken.no\/#\/schema\/logo\/image\/\",\"url\":\"https:\/\/nordnesrepublikken.no\/wp-content\/uploads\/2025\/02\/cropped-nordnesrepublikken-2.png\",\"contentUrl\":\"https:\/\/nordnesrepublikken.no\/wp-content\/uploads\/2025\/02\/cropped-nordnesrepublikken-2.png\",\"width\":1248,\"height\":362,\"caption\":\"Nordnesrepublikken\"},\"image\":{\"@id\":\"https:\/\/nordnesrepublikken.no\/#\/schema\/logo\/image\/\"}},{\"@type\":\"Person\",\"@id\":\"https:\/\/nordnesrepublikken.no\/#\/schema\/person\/2e7e81935bab77882fffb79296240ff1\",\"name\":\"Ole Andersen\",\"image\":{\"@type\":\"ImageObject\",\"inLanguage\":\"nb-NO\",\"@id\":\"https:\/\/nordnesrepublikken.no\/#\/schema\/person\/image\/\",\"url\":\"https:\/\/nordnesrepublikken.no\/wp-content\/uploads\/2025\/02\/nordnesrepublikken-2-2-150x150.jpg\",\"contentUrl\":\"https:\/\/nordnesrepublikken.no\/wp-content\/uploads\/2025\/02\/nordnesrepublikken-2-2-150x150.jpg\",\"caption\":\"Ole Andersen\"},\"description\":\"Ettersom jeg vokste opp i Oslo, har jeg alltid v\u00e6rt fascinert av ordenes kraft og deres evne til \u00e5 skape endringer. Etter \u00e5 ha fullf\u00f8rt min utdannelse i kommunikasjon ved Universitetet i Bergen, fikk jeg muligheten til \u00e5 jobbe innen ulike medier, der jeg har s\u00f8kt \u00e5 belyse viktige samfunnssp\u00f8rsm\u00e5l. I dag, som redakt\u00f8r for Nordnesrepublikken, pr\u00f8ver jeg \u00e5 forene min kj\u00e6rlighet for journalistikk med min lidenskap for innovasjon og eventyr.\",\"sameAs\":[\"https:\/\/nordnesrepublikken.no\/\"]}]}<\/script>\n<!-- \/ Yoast SEO plugin. -->","yoast_head_json":{"title":"myten om den gyldne byen mellom S\u00f8r-Amerika og conquistadorene - Nordnesrepublikken","robots":{"index":"index","follow":"follow","max-snippet":"max-snippet:-1","max-image-preview":"max-image-preview:large","max-video-preview":"max-video-preview:-1"},"canonical":"https:\/\/nordnesrepublikken.no\/index.php\/2026\/04\/01\/myten-om-den-gyldne-byen-mellom-sor-amerika-og-conquistadorene\/","og_locale":"nb_NO","og_type":"article","og_title":"myten om den gyldne byen mellom S\u00f8r-Amerika og conquistadorene - Nordnesrepublikken","og_description":"Byen til El Dorado har aldri eksistertmen dens myte \u2013 den om en by bygget","og_url":"https:\/\/nordnesrepublikken.no\/index.php\/2026\/04\/01\/myten-om-den-gyldne-byen-mellom-sor-amerika-og-conquistadorene\/","og_site_name":"Nordnesrepublikken","article_published_time":"2026-03-31T23:49:47+00:00","article_modified_time":"2026-03-31T23:49:52+00:00","og_image":[{"width":2560,"height":1429,"url":"https:\/\/nordnesrepublikken.no\/wp-content\/uploads\/2026\/04\/1775000989_myten-om-den-gyldne-byen-mellom-Sor-Amerika-og-conquistadorene-scaled.jpg","type":"image\/jpeg"}],"author":"Ole Andersen","twitter_card":"summary_large_image","twitter_misc":{"Skrevet av":"Ole Andersen","Ansl. lesetid":"4 minutter"},"schema":{"@context":"https:\/\/schema.org","@graph":[{"@type":"Article","@id":"https:\/\/nordnesrepublikken.no\/index.php\/2026\/04\/01\/myten-om-den-gyldne-byen-mellom-sor-amerika-og-conquistadorene\/#article","isPartOf":{"@id":"https:\/\/nordnesrepublikken.no\/index.php\/2026\/04\/01\/myten-om-den-gyldne-byen-mellom-sor-amerika-og-conquistadorene\/"},"author":{"name":"Ole Andersen","@id":"https:\/\/nordnesrepublikken.no\/#\/schema\/person\/2e7e81935bab77882fffb79296240ff1"},"headline":"myten om den gyldne byen mellom S\u00f8r-Amerika og conquistadorene","datePublished":"2026-03-31T23:49:47+00:00","dateModified":"2026-03-31T23:49:52+00:00","mainEntityOfPage":{"@id":"https:\/\/nordnesrepublikken.no\/index.php\/2026\/04\/01\/myten-om-den-gyldne-byen-mellom-sor-amerika-og-conquistadorene\/"},"wordCount":783,"publisher":{"@id":"https:\/\/nordnesrepublikken.no\/#organization"},"image":{"@id":"https:\/\/nordnesrepublikken.no\/index.php\/2026\/04\/01\/myten-om-den-gyldne-byen-mellom-sor-amerika-og-conquistadorene\/#primaryimage"},"thumbnailUrl":"https:\/\/nordnesrepublikken.no\/wp-content\/uploads\/2026\/04\/1775000989_myten-om-den-gyldne-byen-mellom-Sor-Amerika-og-conquistadorene-scaled.jpg","keywords":["byen","conquistadorene","den","gyldne","mellom","myten","S\u00f8rAmerika"],"articleSection":["Samfunn"],"inLanguage":"nb-NO"},{"@type":"WebPage","@id":"https:\/\/nordnesrepublikken.no\/index.php\/2026\/04\/01\/myten-om-den-gyldne-byen-mellom-sor-amerika-og-conquistadorene\/","url":"https:\/\/nordnesrepublikken.no\/index.php\/2026\/04\/01\/myten-om-den-gyldne-byen-mellom-sor-amerika-og-conquistadorene\/","name":"myten om den gyldne byen mellom S\u00f8r-Amerika og conquistadorene - Nordnesrepublikken","isPartOf":{"@id":"https:\/\/nordnesrepublikken.no\/#website"},"primaryImageOfPage":{"@id":"https:\/\/nordnesrepublikken.no\/index.php\/2026\/04\/01\/myten-om-den-gyldne-byen-mellom-sor-amerika-og-conquistadorene\/#primaryimage"},"image":{"@id":"https:\/\/nordnesrepublikken.no\/index.php\/2026\/04\/01\/myten-om-den-gyldne-byen-mellom-sor-amerika-og-conquistadorene\/#primaryimage"},"thumbnailUrl":"https:\/\/nordnesrepublikken.no\/wp-content\/uploads\/2026\/04\/1775000989_myten-om-den-gyldne-byen-mellom-Sor-Amerika-og-conquistadorene-scaled.jpg","datePublished":"2026-03-31T23:49:47+00:00","dateModified":"2026-03-31T23:49:52+00:00","breadcrumb":{"@id":"https:\/\/nordnesrepublikken.no\/index.php\/2026\/04\/01\/myten-om-den-gyldne-byen-mellom-sor-amerika-og-conquistadorene\/#breadcrumb"},"inLanguage":"nb-NO","potentialAction":[{"@type":"ReadAction","target":["https:\/\/nordnesrepublikken.no\/index.php\/2026\/04\/01\/myten-om-den-gyldne-byen-mellom-sor-amerika-og-conquistadorene\/"]}]},{"@type":"ImageObject","inLanguage":"nb-NO","@id":"https:\/\/nordnesrepublikken.no\/index.php\/2026\/04\/01\/myten-om-den-gyldne-byen-mellom-sor-amerika-og-conquistadorene\/#primaryimage","url":"https:\/\/nordnesrepublikken.no\/wp-content\/uploads\/2026\/04\/1775000989_myten-om-den-gyldne-byen-mellom-Sor-Amerika-og-conquistadorene-scaled.jpg","contentUrl":"https:\/\/nordnesrepublikken.no\/wp-content\/uploads\/2026\/04\/1775000989_myten-om-den-gyldne-byen-mellom-Sor-Amerika-og-conquistadorene-scaled.jpg","width":2560,"height":1429,"caption":"myten om den gyldne byen mellom S\u00f8r-Amerika og conquistadorene"},{"@type":"BreadcrumbList","@id":"https:\/\/nordnesrepublikken.no\/index.php\/2026\/04\/01\/myten-om-den-gyldne-byen-mellom-sor-amerika-og-conquistadorene\/#breadcrumb","itemListElement":[{"@type":"ListItem","position":1,"name":"Home","item":"https:\/\/nordnesrepublikken.no\/"},{"@type":"ListItem","position":2,"name":"myten om den gyldne byen mellom S\u00f8r-Amerika og conquistadorene"}]},{"@type":"WebSite","@id":"https:\/\/nordnesrepublikken.no\/#website","url":"https:\/\/nordnesrepublikken.no\/","name":"Nordnesrepublikken","description":"Stemmer og Visjoner fra Republikkens Hjerte","publisher":{"@id":"https:\/\/nordnesrepublikken.no\/#organization"},"potentialAction":[{"@type":"SearchAction","target":{"@type":"EntryPoint","urlTemplate":"https:\/\/nordnesrepublikken.no\/?s={search_term_string}"},"query-input":{"@type":"PropertyValueSpecification","valueRequired":true,"valueName":"search_term_string"}}],"inLanguage":"nb-NO"},{"@type":"Organization","@id":"https:\/\/nordnesrepublikken.no\/#organization","name":"Nordnesrepublikken","url":"https:\/\/nordnesrepublikken.no\/","logo":{"@type":"ImageObject","inLanguage":"nb-NO","@id":"https:\/\/nordnesrepublikken.no\/#\/schema\/logo\/image\/","url":"https:\/\/nordnesrepublikken.no\/wp-content\/uploads\/2025\/02\/cropped-nordnesrepublikken-2.png","contentUrl":"https:\/\/nordnesrepublikken.no\/wp-content\/uploads\/2025\/02\/cropped-nordnesrepublikken-2.png","width":1248,"height":362,"caption":"Nordnesrepublikken"},"image":{"@id":"https:\/\/nordnesrepublikken.no\/#\/schema\/logo\/image\/"}},{"@type":"Person","@id":"https:\/\/nordnesrepublikken.no\/#\/schema\/person\/2e7e81935bab77882fffb79296240ff1","name":"Ole Andersen","image":{"@type":"ImageObject","inLanguage":"nb-NO","@id":"https:\/\/nordnesrepublikken.no\/#\/schema\/person\/image\/","url":"https:\/\/nordnesrepublikken.no\/wp-content\/uploads\/2025\/02\/nordnesrepublikken-2-2-150x150.jpg","contentUrl":"https:\/\/nordnesrepublikken.no\/wp-content\/uploads\/2025\/02\/nordnesrepublikken-2-2-150x150.jpg","caption":"Ole Andersen"},"description":"Ettersom jeg vokste opp i Oslo, har jeg alltid v\u00e6rt fascinert av ordenes kraft og deres evne til \u00e5 skape endringer. Etter \u00e5 ha fullf\u00f8rt min utdannelse i kommunikasjon ved Universitetet i Bergen, fikk jeg muligheten til \u00e5 jobbe innen ulike medier, der jeg har s\u00f8kt \u00e5 belyse viktige samfunnssp\u00f8rsm\u00e5l. I dag, som redakt\u00f8r for Nordnesrepublikken, pr\u00f8ver jeg \u00e5 forene min kj\u00e6rlighet for journalistikk med min lidenskap for innovasjon og eventyr.","sameAs":["https:\/\/nordnesrepublikken.no\/"]}]}},"_links":{"self":[{"href":"https:\/\/nordnesrepublikken.no\/index.php\/wp-json\/wp\/v2\/posts\/16459","targetHints":{"allow":["GET"]}}],"collection":[{"href":"https:\/\/nordnesrepublikken.no\/index.php\/wp-json\/wp\/v2\/posts"}],"about":[{"href":"https:\/\/nordnesrepublikken.no\/index.php\/wp-json\/wp\/v2\/types\/post"}],"author":[{"embeddable":true,"href":"https:\/\/nordnesrepublikken.no\/index.php\/wp-json\/wp\/v2\/users\/1"}],"replies":[{"embeddable":true,"href":"https:\/\/nordnesrepublikken.no\/index.php\/wp-json\/wp\/v2\/comments?post=16459"}],"version-history":[{"count":1,"href":"https:\/\/nordnesrepublikken.no\/index.php\/wp-json\/wp\/v2\/posts\/16459\/revisions"}],"predecessor-version":[{"id":16461,"href":"https:\/\/nordnesrepublikken.no\/index.php\/wp-json\/wp\/v2\/posts\/16459\/revisions\/16461"}],"wp:featuredmedia":[{"embeddable":true,"href":"https:\/\/nordnesrepublikken.no\/index.php\/wp-json\/wp\/v2\/media\/16460"}],"wp:attachment":[{"href":"https:\/\/nordnesrepublikken.no\/index.php\/wp-json\/wp\/v2\/media?parent=16459"}],"wp:term":[{"taxonomy":"category","embeddable":true,"href":"https:\/\/nordnesrepublikken.no\/index.php\/wp-json\/wp\/v2\/categories?post=16459"},{"taxonomy":"post_tag","embeddable":true,"href":"https:\/\/nordnesrepublikken.no\/index.php\/wp-json\/wp\/v2\/tags?post=16459"}],"curies":[{"name":"wp","href":"https:\/\/api.w.org\/{rel}","templated":true}]}}