{"id":16453,"date":"2026-03-31T21:50:17","date_gmt":"2026-03-31T19:50:17","guid":{"rendered":"https:\/\/nordnesrepublikken.no\/index.php\/2026\/03\/31\/pa-campi-flegrei-avtar-skjelvingene-bare-13-jordskjelv-og-stabil-bradyseisme-ingv-bulletinen\/"},"modified":"2026-03-31T21:50:19","modified_gmt":"2026-03-31T19:50:19","slug":"pa-campi-flegrei-avtar-skjelvingene-bare-13-jordskjelv-og-stabil-bradyseisme-ingv-bulletinen","status":"publish","type":"post","link":"https:\/\/nordnesrepublikken.no\/index.php\/2026\/03\/31\/pa-campi-flegrei-avtar-skjelvingene-bare-13-jordskjelv-og-stabil-bradyseisme-ingv-bulletinen\/","title":{"rendered":"P\u00e5 Campi Flegrei avtar skjelvingene, bare 13 jordskjelv og stabil bradyseisme: INGV-bulletinen"},"content":{"rendered":"<div>\n<div class=\"cp_wrapper cp_wrapper--fw mb-30 mb-20@tablet\">\n<figure class=\"mm\"><picture class=\"img\" style=\"padding-top:56.25%\"><source  media=\"(min-width: 1024px)\"><source  media=\"(min-width: 768px)\"><\/source><\/source><\/picture><\/figure>\n<\/p><\/div>\n<p>I omr\u00e5det til <strong>Phlegraean Fields<\/strong> Seismisiteten er fortsatt lav, som ogs\u00e5 bekreftet av den siste ukentlige bulletinen fra INGV Vesuvian Observatory. Rystelsene registrert mellom 23. og 29. mars utgjorde <strong>13<\/strong>i underkant av 18 uken f\u00f8r, igjen med en beskjeden maksimal styrke p\u00e5 1,0 (sammenlignet med styrke p\u00e5 1,4 uken f\u00f8r). Imidlertid ble ingen signifikante endringer oppdaget i de andre overv\u00e5kede parameterne: <strong>bradyseisme<\/strong> holder seg stabilt, med en grunnstigning p\u00e5 ca <strong>10 millimeter per m\u00e5ned<\/strong>. Selv de geokjemiske dataene viser ikke signifikante endringer, med temperaturen p\u00e5 Solfatara fumarole fortsetter \u00e5 holde seg rundt <strong>173\u00b0C<\/strong>.<\/p>\n<h2><b>Jordskjelv og styrkenedgang: 13 rystelser og maksimal styrke p\u00e5 1,0<\/b><\/h2>\n<p>Antall seismiske hendelser og deres omfang forblir p\u00e5 lave verdier, med <strong>13 st\u00f8t<\/strong> <strong>mellom 23. og 29. mars<\/strong> med en maksimal styrke p\u00e5 1,0, derfor ikke merkbar av befolkningen, men bare av seismografer.<\/p>\n<div class=\"cp_wrapper cp_wrapper--fw mb-50\">\n<figure class=\"mm\"><picture class=\"img\" style=\"padding-top:72.450980392157%\"><source  media=\"(min-width: 1024px)\"><source  media=\"(min-width: 768px)\"><img decoding=\"async\" loading=\"lazy\" src=\"https:\/\/nordnesrepublikken.no\/wp-content\/uploads\/2026\/03\/1774986616_160_Pa-Campi-Flegrei-avtar-skjelvingene-bare-13-jordskjelv-og-stabil.jpg\" alt=\"jordskjelv-kart-campi-flegrei\" width=\"2040\" height=\"1478\"\/><\/source><\/source><\/picture><\/figure>\n<\/p><\/div>\n<h2><b>Jordhevingen holder seg stabil p\u00e5 10 mm\/mnd<\/b><\/h2>\n<p>Bradyseisme-situasjonen bekreftes nok en gang uendret: hastigheten p\u00e5 markl\u00f8ft forblir stabil rundt <strong>10 millimeter per m\u00e5ned<\/strong>i kontinuitet med det som er observert siden begynnelsen av februar 2026, etter akselerasjonen registrert mellom oktober og desember 2025, da den n\u00e5dde 25 mm\/mnd. Siden januar 2025 er den totale heisen registrert p\u00e5 GNSS-stasjonen (Rione Terra) ca <strong>25,5 cm<\/strong>.<\/p>\n<div class=\"cp_wrapper cp_wrapper--fw mb-50\">\n<figure class=\"mm\"><picture class=\"img\" style=\"padding-top:52.403846153846%\"><source  media=\"(min-width: 1024px)\"><source  media=\"(min-width: 768px)\"><img decoding=\"async\" loading=\"lazy\" src=\"https:\/\/nordnesrepublikken.no\/wp-content\/uploads\/2026\/03\/1774986617_59_Pa-Campi-Flegrei-avtar-skjelvingene-bare-13-jordskjelv-og-stabil.jpg\" alt=\"l\u00f8fte-jord-flegrei-felt\" width=\"1248\" height=\"654\" class=\"js-seedtag-img\"\/><\/source><\/source><\/picture><\/figure>\n<\/p><\/div>\n<p>Selv p\u00e5 forsiden <strong>geokjemiker<\/strong> ingen plutselige endringer dukker opp. Parametrene fortsetter \u00e5 f\u00f8lge en utvikling i samsvar med den langsiktige trenden, preget av en progressiv oppvarming av det hydrotermiske systemet og en \u00f8kning i str\u00f8mninger. Spesielt forblir temperaturen p\u00e5 BG-fumarolen i Solfatara p\u00e5 gjennomsnittlige verdier p\u00e5 ca <strong>173\u00b0C<\/strong>p\u00e5 linje med de som er registrert i tidligere m\u00e5neder.<\/p>\n<h2><b>Sammendrag av INGVs ukentlige bulletin<\/b><\/h2>\n<p>Her er et sammendrag av innholdet i den siste ukentlige bulletinen fra Vesuvian Observatory om aktiviteten til Campi Flegrei:<\/p>\n<ul>\n<li><b>Seismisitet:<\/b> den holder seg p\u00e5 lave niv\u00e5er, med en liten nedgang sammenlignet med forrige uke og 13 jordskjelv registrert og en maksimal styrke p\u00e5 1,0.<\/li>\n<li><b>Bradyseisme:<\/b> stabil trend, med en markl\u00f8fthastighet p\u00e5 ca. 10\u00b13 mm\/mnd.<\/li>\n<li><b>Temperaturer:<\/b> verdier vesentlig uendret (rundt 173 \u00b0C), i tr\u00e5d med den langsiktige trenden som indikerer en progressiv oppvarming av det hydrotermiske systemet.<\/li>\n<\/ul><\/div>\n","protected":false},"excerpt":{"rendered":"<p>I omr\u00e5det til Phlegraean Fields Seismisiteten er fortsatt lav, som ogs\u00e5 bekreftet av den siste<\/p>\n","protected":false},"author":1,"featured_media":16454,"comment_status":"closed","ping_status":"open","sticky":false,"template":"","format":"standard","meta":{"footnotes":""},"categories":[24],"tags":[8313,1930,7477,432,1222,7138,137,81,7554,1225],"class_list":["post-16453","post","type-post","status-publish","format-standard","has-post-thumbnail","hentry","category-vitenskap","tag-avtar","tag-bare","tag-bradyseisme","tag-campi","tag-flegrei","tag-ingvbulletinen","tag-jordskjelv","tag-pa","tag-skjelvingene","tag-stabil","generate-columns","tablet-grid-50","mobile-grid-100","grid-parent","grid-33","resize-featured-image"],"yoast_head":"<!-- This site is optimized with the Yoast SEO plugin v24.4 - https:\/\/yoast.com\/wordpress\/plugins\/seo\/ -->\n<title>P\u00e5 Campi Flegrei avtar skjelvingene, bare 13 jordskjelv og stabil bradyseisme: INGV-bulletinen - Nordnesrepublikken<\/title>\n<meta name=\"robots\" content=\"index, follow, max-snippet:-1, max-image-preview:large, max-video-preview:-1\" \/>\n<link rel=\"canonical\" href=\"https:\/\/nordnesrepublikken.no\/index.php\/2026\/03\/31\/pa-campi-flegrei-avtar-skjelvingene-bare-13-jordskjelv-og-stabil-bradyseisme-ingv-bulletinen\/\" \/>\n<meta property=\"og:locale\" content=\"nb_NO\" \/>\n<meta property=\"og:type\" content=\"article\" \/>\n<meta property=\"og:title\" content=\"P\u00e5 Campi Flegrei avtar skjelvingene, bare 13 jordskjelv og stabil bradyseisme: INGV-bulletinen - Nordnesrepublikken\" \/>\n<meta property=\"og:description\" content=\"I omr\u00e5det til Phlegraean Fields Seismisiteten er fortsatt lav, som ogs\u00e5 bekreftet av den siste\" \/>\n<meta property=\"og:url\" content=\"https:\/\/nordnesrepublikken.no\/index.php\/2026\/03\/31\/pa-campi-flegrei-avtar-skjelvingene-bare-13-jordskjelv-og-stabil-bradyseisme-ingv-bulletinen\/\" \/>\n<meta property=\"og:site_name\" content=\"Nordnesrepublikken\" \/>\n<meta property=\"article:published_time\" content=\"2026-03-31T19:50:17+00:00\" \/>\n<meta property=\"article:modified_time\" content=\"2026-03-31T19:50:19+00:00\" \/>\n<meta property=\"og:image\" content=\"https:\/\/nordnesrepublikken.no\/wp-content\/uploads\/2026\/03\/1774986618_Pa-Campi-Flegrei-avtar-skjelvingene-bare-13-jordskjelv-og-stabil.jpg\" \/>\n\t<meta property=\"og:image:width\" content=\"1280\" \/>\n\t<meta property=\"og:image:height\" content=\"720\" \/>\n\t<meta property=\"og:image:type\" content=\"image\/jpeg\" \/>\n<meta name=\"author\" content=\"Ole Andersen\" \/>\n<meta name=\"twitter:card\" content=\"summary_large_image\" \/>\n<meta name=\"twitter:label1\" content=\"Skrevet av\" \/>\n\t<meta name=\"twitter:data1\" content=\"Ole Andersen\" \/>\n\t<meta name=\"twitter:label2\" content=\"Ansl. lesetid\" \/>\n\t<meta name=\"twitter:data2\" content=\"2 minutter\" \/>\n<script type=\"application\/ld+json\" class=\"yoast-schema-graph\">{\"@context\":\"https:\/\/schema.org\",\"@graph\":[{\"@type\":\"Article\",\"@id\":\"https:\/\/nordnesrepublikken.no\/index.php\/2026\/03\/31\/pa-campi-flegrei-avtar-skjelvingene-bare-13-jordskjelv-og-stabil-bradyseisme-ingv-bulletinen\/#article\",\"isPartOf\":{\"@id\":\"https:\/\/nordnesrepublikken.no\/index.php\/2026\/03\/31\/pa-campi-flegrei-avtar-skjelvingene-bare-13-jordskjelv-og-stabil-bradyseisme-ingv-bulletinen\/\"},\"author\":{\"name\":\"Ole Andersen\",\"@id\":\"https:\/\/nordnesrepublikken.no\/#\/schema\/person\/2e7e81935bab77882fffb79296240ff1\"},\"headline\":\"P\u00e5 Campi Flegrei avtar skjelvingene, bare 13 jordskjelv og stabil bradyseisme: INGV-bulletinen\",\"datePublished\":\"2026-03-31T19:50:17+00:00\",\"dateModified\":\"2026-03-31T19:50:19+00:00\",\"mainEntityOfPage\":{\"@id\":\"https:\/\/nordnesrepublikken.no\/index.php\/2026\/03\/31\/pa-campi-flegrei-avtar-skjelvingene-bare-13-jordskjelv-og-stabil-bradyseisme-ingv-bulletinen\/\"},\"wordCount\":340,\"publisher\":{\"@id\":\"https:\/\/nordnesrepublikken.no\/#organization\"},\"image\":{\"@id\":\"https:\/\/nordnesrepublikken.no\/index.php\/2026\/03\/31\/pa-campi-flegrei-avtar-skjelvingene-bare-13-jordskjelv-og-stabil-bradyseisme-ingv-bulletinen\/#primaryimage\"},\"thumbnailUrl\":\"https:\/\/nordnesrepublikken.no\/wp-content\/uploads\/2026\/03\/1774986618_Pa-Campi-Flegrei-avtar-skjelvingene-bare-13-jordskjelv-og-stabil.jpg\",\"keywords\":[\"avtar\",\"bare\",\"Bradyseisme\",\"Campi\",\"flegrei\",\"INGVbulletinen\",\"Jordskjelv\",\"p\u00e5\",\"skjelvingene\",\"stabil\"],\"articleSection\":[\"Vitenskap\"],\"inLanguage\":\"nb-NO\"},{\"@type\":\"WebPage\",\"@id\":\"https:\/\/nordnesrepublikken.no\/index.php\/2026\/03\/31\/pa-campi-flegrei-avtar-skjelvingene-bare-13-jordskjelv-og-stabil-bradyseisme-ingv-bulletinen\/\",\"url\":\"https:\/\/nordnesrepublikken.no\/index.php\/2026\/03\/31\/pa-campi-flegrei-avtar-skjelvingene-bare-13-jordskjelv-og-stabil-bradyseisme-ingv-bulletinen\/\",\"name\":\"P\u00e5 Campi Flegrei avtar skjelvingene, bare 13 jordskjelv og stabil bradyseisme: INGV-bulletinen - Nordnesrepublikken\",\"isPartOf\":{\"@id\":\"https:\/\/nordnesrepublikken.no\/#website\"},\"primaryImageOfPage\":{\"@id\":\"https:\/\/nordnesrepublikken.no\/index.php\/2026\/03\/31\/pa-campi-flegrei-avtar-skjelvingene-bare-13-jordskjelv-og-stabil-bradyseisme-ingv-bulletinen\/#primaryimage\"},\"image\":{\"@id\":\"https:\/\/nordnesrepublikken.no\/index.php\/2026\/03\/31\/pa-campi-flegrei-avtar-skjelvingene-bare-13-jordskjelv-og-stabil-bradyseisme-ingv-bulletinen\/#primaryimage\"},\"thumbnailUrl\":\"https:\/\/nordnesrepublikken.no\/wp-content\/uploads\/2026\/03\/1774986618_Pa-Campi-Flegrei-avtar-skjelvingene-bare-13-jordskjelv-og-stabil.jpg\",\"datePublished\":\"2026-03-31T19:50:17+00:00\",\"dateModified\":\"2026-03-31T19:50:19+00:00\",\"breadcrumb\":{\"@id\":\"https:\/\/nordnesrepublikken.no\/index.php\/2026\/03\/31\/pa-campi-flegrei-avtar-skjelvingene-bare-13-jordskjelv-og-stabil-bradyseisme-ingv-bulletinen\/#breadcrumb\"},\"inLanguage\":\"nb-NO\",\"potentialAction\":[{\"@type\":\"ReadAction\",\"target\":[\"https:\/\/nordnesrepublikken.no\/index.php\/2026\/03\/31\/pa-campi-flegrei-avtar-skjelvingene-bare-13-jordskjelv-og-stabil-bradyseisme-ingv-bulletinen\/\"]}]},{\"@type\":\"ImageObject\",\"inLanguage\":\"nb-NO\",\"@id\":\"https:\/\/nordnesrepublikken.no\/index.php\/2026\/03\/31\/pa-campi-flegrei-avtar-skjelvingene-bare-13-jordskjelv-og-stabil-bradyseisme-ingv-bulletinen\/#primaryimage\",\"url\":\"https:\/\/nordnesrepublikken.no\/wp-content\/uploads\/2026\/03\/1774986618_Pa-Campi-Flegrei-avtar-skjelvingene-bare-13-jordskjelv-og-stabil.jpg\",\"contentUrl\":\"https:\/\/nordnesrepublikken.no\/wp-content\/uploads\/2026\/03\/1774986618_Pa-Campi-Flegrei-avtar-skjelvingene-bare-13-jordskjelv-og-stabil.jpg\",\"width\":1280,\"height\":720,\"caption\":\"P\u00e5 Campi Flegrei avtar skjelvingene, bare 13 jordskjelv og stabil bradyseisme: INGV-bulletinen\"},{\"@type\":\"BreadcrumbList\",\"@id\":\"https:\/\/nordnesrepublikken.no\/index.php\/2026\/03\/31\/pa-campi-flegrei-avtar-skjelvingene-bare-13-jordskjelv-og-stabil-bradyseisme-ingv-bulletinen\/#breadcrumb\",\"itemListElement\":[{\"@type\":\"ListItem\",\"position\":1,\"name\":\"Home\",\"item\":\"https:\/\/nordnesrepublikken.no\/\"},{\"@type\":\"ListItem\",\"position\":2,\"name\":\"P\u00e5 Campi Flegrei avtar skjelvingene, bare 13 jordskjelv og stabil bradyseisme: INGV-bulletinen\"}]},{\"@type\":\"WebSite\",\"@id\":\"https:\/\/nordnesrepublikken.no\/#website\",\"url\":\"https:\/\/nordnesrepublikken.no\/\",\"name\":\"Nordnesrepublikken\",\"description\":\"Stemmer og Visjoner fra Republikkens Hjerte\",\"publisher\":{\"@id\":\"https:\/\/nordnesrepublikken.no\/#organization\"},\"potentialAction\":[{\"@type\":\"SearchAction\",\"target\":{\"@type\":\"EntryPoint\",\"urlTemplate\":\"https:\/\/nordnesrepublikken.no\/?s={search_term_string}\"},\"query-input\":{\"@type\":\"PropertyValueSpecification\",\"valueRequired\":true,\"valueName\":\"search_term_string\"}}],\"inLanguage\":\"nb-NO\"},{\"@type\":\"Organization\",\"@id\":\"https:\/\/nordnesrepublikken.no\/#organization\",\"name\":\"Nordnesrepublikken\",\"url\":\"https:\/\/nordnesrepublikken.no\/\",\"logo\":{\"@type\":\"ImageObject\",\"inLanguage\":\"nb-NO\",\"@id\":\"https:\/\/nordnesrepublikken.no\/#\/schema\/logo\/image\/\",\"url\":\"https:\/\/nordnesrepublikken.no\/wp-content\/uploads\/2025\/02\/cropped-nordnesrepublikken-2.png\",\"contentUrl\":\"https:\/\/nordnesrepublikken.no\/wp-content\/uploads\/2025\/02\/cropped-nordnesrepublikken-2.png\",\"width\":1248,\"height\":362,\"caption\":\"Nordnesrepublikken\"},\"image\":{\"@id\":\"https:\/\/nordnesrepublikken.no\/#\/schema\/logo\/image\/\"}},{\"@type\":\"Person\",\"@id\":\"https:\/\/nordnesrepublikken.no\/#\/schema\/person\/2e7e81935bab77882fffb79296240ff1\",\"name\":\"Ole Andersen\",\"image\":{\"@type\":\"ImageObject\",\"inLanguage\":\"nb-NO\",\"@id\":\"https:\/\/nordnesrepublikken.no\/#\/schema\/person\/image\/\",\"url\":\"https:\/\/nordnesrepublikken.no\/wp-content\/uploads\/2025\/02\/nordnesrepublikken-2-2-150x150.jpg\",\"contentUrl\":\"https:\/\/nordnesrepublikken.no\/wp-content\/uploads\/2025\/02\/nordnesrepublikken-2-2-150x150.jpg\",\"caption\":\"Ole Andersen\"},\"description\":\"Ettersom jeg vokste opp i Oslo, har jeg alltid v\u00e6rt fascinert av ordenes kraft og deres evne til \u00e5 skape endringer. Etter \u00e5 ha fullf\u00f8rt min utdannelse i kommunikasjon ved Universitetet i Bergen, fikk jeg muligheten til \u00e5 jobbe innen ulike medier, der jeg har s\u00f8kt \u00e5 belyse viktige samfunnssp\u00f8rsm\u00e5l. I dag, som redakt\u00f8r for Nordnesrepublikken, pr\u00f8ver jeg \u00e5 forene min kj\u00e6rlighet for journalistikk med min lidenskap for innovasjon og eventyr.\",\"sameAs\":[\"https:\/\/nordnesrepublikken.no\/\"]}]}<\/script>\n<!-- \/ Yoast SEO plugin. -->","yoast_head_json":{"title":"P\u00e5 Campi Flegrei avtar skjelvingene, bare 13 jordskjelv og stabil bradyseisme: INGV-bulletinen - Nordnesrepublikken","robots":{"index":"index","follow":"follow","max-snippet":"max-snippet:-1","max-image-preview":"max-image-preview:large","max-video-preview":"max-video-preview:-1"},"canonical":"https:\/\/nordnesrepublikken.no\/index.php\/2026\/03\/31\/pa-campi-flegrei-avtar-skjelvingene-bare-13-jordskjelv-og-stabil-bradyseisme-ingv-bulletinen\/","og_locale":"nb_NO","og_type":"article","og_title":"P\u00e5 Campi Flegrei avtar skjelvingene, bare 13 jordskjelv og stabil bradyseisme: INGV-bulletinen - Nordnesrepublikken","og_description":"I omr\u00e5det til Phlegraean Fields Seismisiteten er fortsatt lav, som ogs\u00e5 bekreftet av den siste","og_url":"https:\/\/nordnesrepublikken.no\/index.php\/2026\/03\/31\/pa-campi-flegrei-avtar-skjelvingene-bare-13-jordskjelv-og-stabil-bradyseisme-ingv-bulletinen\/","og_site_name":"Nordnesrepublikken","article_published_time":"2026-03-31T19:50:17+00:00","article_modified_time":"2026-03-31T19:50:19+00:00","og_image":[{"width":1280,"height":720,"url":"https:\/\/nordnesrepublikken.no\/wp-content\/uploads\/2026\/03\/1774986618_Pa-Campi-Flegrei-avtar-skjelvingene-bare-13-jordskjelv-og-stabil.jpg","type":"image\/jpeg"}],"author":"Ole Andersen","twitter_card":"summary_large_image","twitter_misc":{"Skrevet av":"Ole Andersen","Ansl. lesetid":"2 minutter"},"schema":{"@context":"https:\/\/schema.org","@graph":[{"@type":"Article","@id":"https:\/\/nordnesrepublikken.no\/index.php\/2026\/03\/31\/pa-campi-flegrei-avtar-skjelvingene-bare-13-jordskjelv-og-stabil-bradyseisme-ingv-bulletinen\/#article","isPartOf":{"@id":"https:\/\/nordnesrepublikken.no\/index.php\/2026\/03\/31\/pa-campi-flegrei-avtar-skjelvingene-bare-13-jordskjelv-og-stabil-bradyseisme-ingv-bulletinen\/"},"author":{"name":"Ole Andersen","@id":"https:\/\/nordnesrepublikken.no\/#\/schema\/person\/2e7e81935bab77882fffb79296240ff1"},"headline":"P\u00e5 Campi Flegrei avtar skjelvingene, bare 13 jordskjelv og stabil bradyseisme: INGV-bulletinen","datePublished":"2026-03-31T19:50:17+00:00","dateModified":"2026-03-31T19:50:19+00:00","mainEntityOfPage":{"@id":"https:\/\/nordnesrepublikken.no\/index.php\/2026\/03\/31\/pa-campi-flegrei-avtar-skjelvingene-bare-13-jordskjelv-og-stabil-bradyseisme-ingv-bulletinen\/"},"wordCount":340,"publisher":{"@id":"https:\/\/nordnesrepublikken.no\/#organization"},"image":{"@id":"https:\/\/nordnesrepublikken.no\/index.php\/2026\/03\/31\/pa-campi-flegrei-avtar-skjelvingene-bare-13-jordskjelv-og-stabil-bradyseisme-ingv-bulletinen\/#primaryimage"},"thumbnailUrl":"https:\/\/nordnesrepublikken.no\/wp-content\/uploads\/2026\/03\/1774986618_Pa-Campi-Flegrei-avtar-skjelvingene-bare-13-jordskjelv-og-stabil.jpg","keywords":["avtar","bare","Bradyseisme","Campi","flegrei","INGVbulletinen","Jordskjelv","p\u00e5","skjelvingene","stabil"],"articleSection":["Vitenskap"],"inLanguage":"nb-NO"},{"@type":"WebPage","@id":"https:\/\/nordnesrepublikken.no\/index.php\/2026\/03\/31\/pa-campi-flegrei-avtar-skjelvingene-bare-13-jordskjelv-og-stabil-bradyseisme-ingv-bulletinen\/","url":"https:\/\/nordnesrepublikken.no\/index.php\/2026\/03\/31\/pa-campi-flegrei-avtar-skjelvingene-bare-13-jordskjelv-og-stabil-bradyseisme-ingv-bulletinen\/","name":"P\u00e5 Campi Flegrei avtar skjelvingene, bare 13 jordskjelv og stabil bradyseisme: INGV-bulletinen - Nordnesrepublikken","isPartOf":{"@id":"https:\/\/nordnesrepublikken.no\/#website"},"primaryImageOfPage":{"@id":"https:\/\/nordnesrepublikken.no\/index.php\/2026\/03\/31\/pa-campi-flegrei-avtar-skjelvingene-bare-13-jordskjelv-og-stabil-bradyseisme-ingv-bulletinen\/#primaryimage"},"image":{"@id":"https:\/\/nordnesrepublikken.no\/index.php\/2026\/03\/31\/pa-campi-flegrei-avtar-skjelvingene-bare-13-jordskjelv-og-stabil-bradyseisme-ingv-bulletinen\/#primaryimage"},"thumbnailUrl":"https:\/\/nordnesrepublikken.no\/wp-content\/uploads\/2026\/03\/1774986618_Pa-Campi-Flegrei-avtar-skjelvingene-bare-13-jordskjelv-og-stabil.jpg","datePublished":"2026-03-31T19:50:17+00:00","dateModified":"2026-03-31T19:50:19+00:00","breadcrumb":{"@id":"https:\/\/nordnesrepublikken.no\/index.php\/2026\/03\/31\/pa-campi-flegrei-avtar-skjelvingene-bare-13-jordskjelv-og-stabil-bradyseisme-ingv-bulletinen\/#breadcrumb"},"inLanguage":"nb-NO","potentialAction":[{"@type":"ReadAction","target":["https:\/\/nordnesrepublikken.no\/index.php\/2026\/03\/31\/pa-campi-flegrei-avtar-skjelvingene-bare-13-jordskjelv-og-stabil-bradyseisme-ingv-bulletinen\/"]}]},{"@type":"ImageObject","inLanguage":"nb-NO","@id":"https:\/\/nordnesrepublikken.no\/index.php\/2026\/03\/31\/pa-campi-flegrei-avtar-skjelvingene-bare-13-jordskjelv-og-stabil-bradyseisme-ingv-bulletinen\/#primaryimage","url":"https:\/\/nordnesrepublikken.no\/wp-content\/uploads\/2026\/03\/1774986618_Pa-Campi-Flegrei-avtar-skjelvingene-bare-13-jordskjelv-og-stabil.jpg","contentUrl":"https:\/\/nordnesrepublikken.no\/wp-content\/uploads\/2026\/03\/1774986618_Pa-Campi-Flegrei-avtar-skjelvingene-bare-13-jordskjelv-og-stabil.jpg","width":1280,"height":720,"caption":"P\u00e5 Campi Flegrei avtar skjelvingene, bare 13 jordskjelv og stabil bradyseisme: INGV-bulletinen"},{"@type":"BreadcrumbList","@id":"https:\/\/nordnesrepublikken.no\/index.php\/2026\/03\/31\/pa-campi-flegrei-avtar-skjelvingene-bare-13-jordskjelv-og-stabil-bradyseisme-ingv-bulletinen\/#breadcrumb","itemListElement":[{"@type":"ListItem","position":1,"name":"Home","item":"https:\/\/nordnesrepublikken.no\/"},{"@type":"ListItem","position":2,"name":"P\u00e5 Campi Flegrei avtar skjelvingene, bare 13 jordskjelv og stabil bradyseisme: INGV-bulletinen"}]},{"@type":"WebSite","@id":"https:\/\/nordnesrepublikken.no\/#website","url":"https:\/\/nordnesrepublikken.no\/","name":"Nordnesrepublikken","description":"Stemmer og Visjoner fra Republikkens Hjerte","publisher":{"@id":"https:\/\/nordnesrepublikken.no\/#organization"},"potentialAction":[{"@type":"SearchAction","target":{"@type":"EntryPoint","urlTemplate":"https:\/\/nordnesrepublikken.no\/?s={search_term_string}"},"query-input":{"@type":"PropertyValueSpecification","valueRequired":true,"valueName":"search_term_string"}}],"inLanguage":"nb-NO"},{"@type":"Organization","@id":"https:\/\/nordnesrepublikken.no\/#organization","name":"Nordnesrepublikken","url":"https:\/\/nordnesrepublikken.no\/","logo":{"@type":"ImageObject","inLanguage":"nb-NO","@id":"https:\/\/nordnesrepublikken.no\/#\/schema\/logo\/image\/","url":"https:\/\/nordnesrepublikken.no\/wp-content\/uploads\/2025\/02\/cropped-nordnesrepublikken-2.png","contentUrl":"https:\/\/nordnesrepublikken.no\/wp-content\/uploads\/2025\/02\/cropped-nordnesrepublikken-2.png","width":1248,"height":362,"caption":"Nordnesrepublikken"},"image":{"@id":"https:\/\/nordnesrepublikken.no\/#\/schema\/logo\/image\/"}},{"@type":"Person","@id":"https:\/\/nordnesrepublikken.no\/#\/schema\/person\/2e7e81935bab77882fffb79296240ff1","name":"Ole Andersen","image":{"@type":"ImageObject","inLanguage":"nb-NO","@id":"https:\/\/nordnesrepublikken.no\/#\/schema\/person\/image\/","url":"https:\/\/nordnesrepublikken.no\/wp-content\/uploads\/2025\/02\/nordnesrepublikken-2-2-150x150.jpg","contentUrl":"https:\/\/nordnesrepublikken.no\/wp-content\/uploads\/2025\/02\/nordnesrepublikken-2-2-150x150.jpg","caption":"Ole Andersen"},"description":"Ettersom jeg vokste opp i Oslo, har jeg alltid v\u00e6rt fascinert av ordenes kraft og deres evne til \u00e5 skape endringer. Etter \u00e5 ha fullf\u00f8rt min utdannelse i kommunikasjon ved Universitetet i Bergen, fikk jeg muligheten til \u00e5 jobbe innen ulike medier, der jeg har s\u00f8kt \u00e5 belyse viktige samfunnssp\u00f8rsm\u00e5l. I dag, som redakt\u00f8r for Nordnesrepublikken, pr\u00f8ver jeg \u00e5 forene min kj\u00e6rlighet for journalistikk med min lidenskap for innovasjon og eventyr.","sameAs":["https:\/\/nordnesrepublikken.no\/"]}]}},"_links":{"self":[{"href":"https:\/\/nordnesrepublikken.no\/index.php\/wp-json\/wp\/v2\/posts\/16453","targetHints":{"allow":["GET"]}}],"collection":[{"href":"https:\/\/nordnesrepublikken.no\/index.php\/wp-json\/wp\/v2\/posts"}],"about":[{"href":"https:\/\/nordnesrepublikken.no\/index.php\/wp-json\/wp\/v2\/types\/post"}],"author":[{"embeddable":true,"href":"https:\/\/nordnesrepublikken.no\/index.php\/wp-json\/wp\/v2\/users\/1"}],"replies":[{"embeddable":true,"href":"https:\/\/nordnesrepublikken.no\/index.php\/wp-json\/wp\/v2\/comments?post=16453"}],"version-history":[{"count":1,"href":"https:\/\/nordnesrepublikken.no\/index.php\/wp-json\/wp\/v2\/posts\/16453\/revisions"}],"predecessor-version":[{"id":16455,"href":"https:\/\/nordnesrepublikken.no\/index.php\/wp-json\/wp\/v2\/posts\/16453\/revisions\/16455"}],"wp:featuredmedia":[{"embeddable":true,"href":"https:\/\/nordnesrepublikken.no\/index.php\/wp-json\/wp\/v2\/media\/16454"}],"wp:attachment":[{"href":"https:\/\/nordnesrepublikken.no\/index.php\/wp-json\/wp\/v2\/media?parent=16453"}],"wp:term":[{"taxonomy":"category","embeddable":true,"href":"https:\/\/nordnesrepublikken.no\/index.php\/wp-json\/wp\/v2\/categories?post=16453"},{"taxonomy":"post_tag","embeddable":true,"href":"https:\/\/nordnesrepublikken.no\/index.php\/wp-json\/wp\/v2\/tags?post=16453"}],"curies":[{"name":"wp","href":"https:\/\/api.w.org\/{rel}","templated":true}]}}