{"id":16450,"date":"2026-03-31T19:49:39","date_gmt":"2026-03-31T17:49:39","guid":{"rendered":"https:\/\/nordnesrepublikken.no\/index.php\/2026\/03\/31\/geopolitisk-ustabilitet-og-okninger-i-komponentpriser\/"},"modified":"2026-03-31T19:49:41","modified_gmt":"2026-03-31T17:49:41","slug":"geopolitisk-ustabilitet-og-okninger-i-komponentpriser","status":"publish","type":"post","link":"https:\/\/nordnesrepublikken.no\/index.php\/2026\/03\/31\/geopolitisk-ustabilitet-og-okninger-i-komponentpriser\/","title":{"rendered":"geopolitisk ustabilitet og \u00f8kninger i komponentpriser"},"content":{"rendered":"<div>\n<div class=\"cp_wrapper cp_wrapper--fw mb-30 mb-20@tablet\">\n<figure class=\"mm\"><picture class=\"img\" style=\"padding-top:56.25%\"><source  media=\"(min-width: 1024px)\"><source  media=\"(min-width: 768px)\"><\/source><\/source><\/picture><\/figure>\n<\/p><\/div>\n<p>Fra 2. april prisene p\u00e5 <strong>PlayStation 5<\/strong> vil \u00f8ke sammenlignet med lansering, fra dagens \u20ac549,99 i Europa til \u20ac649,99, med lignende \u00f8kninger ogs\u00e5 i resten av verden. For \u00e5 forst\u00e5 hvorfor dette skjer, m\u00e5 vi vurdere en kombinasjon av \u00f8konomiske, industrielle og geopolitiske faktorer som redefinerer hele teknologisektoren. P\u00e5 den ene siden finner vi \u00f8kningen i kostnadene for maskinvarekomponenter, som minnebrikker; p\u00e5 den andre en stadig mer intens global konkurranse om ressursene som er n\u00f8dvendige for \u00e5 produsere dem. I tillegg kommer internasjonale spenninger (som konflikten i Midt\u00f8sten) som p\u00e5virker r\u00e5varer og forsyningskjeder, det vil si settet av prosesser som tar et produkt fra produksjon til distribusjon.<\/p>\n<p>Sony har derfor besluttet \u00e5 velte deler av disse kostnadene over p\u00e5 forbrukerne, og begrunner valget som n\u00f8dvendig for \u00ab<em>sikre kontinuiteten til innovative og h\u00f8ykvalitets spillopplevelser for spillere over hele verden<\/em>\u00bb. Dette er Sonys ord i et innlegg publisert p\u00e5 PlayStation-bloggen. Resultatet er en generell \u00f8kning i prisene: i USA har standardversjonen av konsollen steget til <strong>$649,99<\/strong>mens i Europa stemmer prisen med <strong>649,99 euro<\/strong>.<\/p>\n<h2>Hva f\u00f8rte til pris\u00f8kningen p\u00e5 PS5<\/h2>\n<p>G\u00e5r i detalj, er et av de mest relevante elementene <strong>\u00f8kende kostnader for minner<\/strong>. Minnebrikker er viktige komponenter for enhver elektronisk enhet, fra spillkonsoller til servere. De siste \u00e5rene har produsentene imidlertid begynt \u00e5 favorisere produksjon beregnet p\u00e5 datasentre, det vil si store infrastrukturer som h\u00e5ndterer enorme mengder data og som ligger til grunn for utviklingen av kunstig intelligens. Dette er fordi disse brikkene garanterer h\u00f8yere fortjenestemarginer enn de som er beregnet p\u00e5 forbrukerprodukter. Konsekvensen er \u00e9n <strong>tilby reduksjon for enheter som PlayStation 5<\/strong>som uunng\u00e5elig f\u00f8rer til en \u00f8kning i prisene.<\/p>\n<p>En annen n\u00f8kkelfaktor er <strong>r\u00e5varer som brukes i produksjonen av halvledere<\/strong>. Et lite kjent, men avgj\u00f8rende eksempel er helium, som er uunnv\u00e6rlig i avanserte industrielle prosesser. Faktisk brukes helium til \u00e5 kj\u00f8le og stabilisere utstyret som brukes i brikkeproduksjon. En nylig krise knyttet til den midlertidige stengingen av et stort eksportanlegg i Qatar har <strong>reduserte den globale tilgjengeligheten av denne gassen betydelig<\/strong>. Siden Qatar leverer omtrent en tredjedel av verdens helium, har selv en delvis reduksjon i eksporten direkte innvirkning p\u00e5 prisene. N\u00e5r tilbudet avtar og ettersp\u00f8rselen forblir stabil eller \u00f8ker, har prisene en tendens til \u00e5 \u00f8ke: det er et grunnleggende prinsipp i markedet.<\/p>\n<p>Lagt til dette scenariet er <strong>press p\u00e5 globale forsyningskjeder<\/strong>det vil si alle de logistikk- og produksjonsvanskene som kan bremse eller gj\u00f8re produksjonen av varer dyrere. Geopolitiske hendelser, energikriser og internasjonal ustabilitet &#8211; fenomener som dessverre er hovedpersoner i dagens verdensscenario &#8211; kan forstyrre eller komplisere flyten av materialer og komponenter, og \u00f8ke de totale kostnadene. Sony har eksplisitt nevnt denne dynamikken som en av hoved\u00e5rsakene til \u00f8kningene. I innlegget publisert p\u00e5 PlayStation-bloggen erkl\u00e6rte Sony faktisk:<\/p>\n<blockquote>\n<p>P\u00e5 grunn av <strong>fortsatt press p\u00e5 det globale \u00f8konomiske landskapet<\/strong>har vi bestemt oss for \u00e5 \u00f8ke prisene p\u00e5 PS5, PS5 Pro og PlayStation Portal-fjernspilleenheten over hele verden. Vi forst\u00e5r at prisendringer p\u00e5virker samfunnet v\u00e5rt, og etter n\u00f8ye vurdering f\u00f8lte vi at dette var et n\u00f8dvendig tiltak for \u00e5 sikre at vi kan fortsette \u00e5 levere innovative spillopplevelser av h\u00f8y kvalitet til spillere over hele verden.<\/p>\n<\/blockquote>\n<p>Det er derfor ikke overraskende at pris\u00f8kningene er utbredt globalt og ikke begrenset til et enkelt marked.<\/p>\n<h2>Hvor mye vil Sony-konsollen koste fra 2. april i EU og andre land<\/h2>\n<p>Fra 2. april 2026 vil dette v\u00e6re priskonfigurasjonene for de ulike versjonene av <strong>PlayStation 5<\/strong> og av <strong>PlayStation Portal<\/strong>.<\/p>\n<h3>Europa<\/h3>\n<ul>\n<li>PS5: \u20ac649,99<\/li>\n<li>PS5 Digital Edition: \u20ac599,99<\/li>\n<li>PS5 Pro: \u20ac899,99<\/li>\n<li>PlayStation Portal: \u20ac249,99<\/li>\n<\/ul>\n<h3>Storbritannia<\/h3>\n<ul>\n<li>PS5: \u00a3569,99<\/li>\n<li>PS5 Digital Edition: \u00a3519,99<\/li>\n<li>PS5 Pro: \u00a3789,99<\/li>\n<li>PlayStation Portal: \u00a3219,99<\/li>\n<\/ul>\n<h3>USA<\/h3>\n<ul>\n<li>PS5: $649,99<\/li>\n<li>PS5 Digital Edition: $599,99<\/li>\n<li>PS5 Pro: $899,99<\/li>\n<li>PlayStation Portal: $249,99<\/li>\n<\/ul>\n<h3>Japan<\/h3>\n<ul>\n<li>PS5: 97\u00a0980 JPY<\/li>\n<li>PS5 Digital Edition: JPY 89 980<\/li>\n<li>PS5 Pro: 137\u00a0980 JPY<\/li>\n<li>PlayStation Portal: 39 980 JPY<\/li>\n<\/ul>\n<h2>PS5 er ikke den eneste konsollen som \u00f8ker i pris<\/h2>\n<p>Denne dynamikken er ikke unik for Sony. Andre akt\u00f8rer i sektoren har ogs\u00e5 tatt i bruk lignende strategier, <strong>\u00f8ke prisene p\u00e5 maskinvare og programvare<\/strong>. Bare for \u00e5 nevne to tilfeldig, <strong>Microsoft<\/strong> har \u00f8kt prisene p\u00e5 konsollen sin <strong>Xbox<\/strong> ved to anledninger det siste \u00e5ret, mens mer nylig <strong>Nintendo<\/strong> annonsert at noen fysiske titler for <strong>Bryter 2<\/strong> laget internt vil snart koste mer enn deres digitale versjoner.<\/p>\n<\/p><\/div>\n","protected":false},"excerpt":{"rendered":"<p>Fra 2. april prisene p\u00e5 PlayStation 5 vil \u00f8ke sammenlignet med lansering, fra dagens \u20ac549,99<\/p>\n","protected":false},"author":1,"featured_media":16451,"comment_status":"closed","ping_status":"open","sticky":false,"template":"","format":"standard","meta":{"footnotes":""},"categories":[25],"tags":[6231,10663,10662,9132],"class_list":["post-16450","post","type-post","status-publish","format-standard","has-post-thumbnail","hentry","category-teknologi","tag-geopolitisk","tag-komponentpriser","tag-okninger","tag-ustabilitet","generate-columns","tablet-grid-50","mobile-grid-100","grid-parent","grid-33","resize-featured-image"],"yoast_head":"<!-- This site is optimized with the Yoast SEO plugin v24.4 - https:\/\/yoast.com\/wordpress\/plugins\/seo\/ -->\n<title>geopolitisk ustabilitet og \u00f8kninger i komponentpriser - Nordnesrepublikken<\/title>\n<meta name=\"robots\" content=\"index, follow, max-snippet:-1, max-image-preview:large, max-video-preview:-1\" \/>\n<link rel=\"canonical\" href=\"https:\/\/nordnesrepublikken.no\/index.php\/2026\/03\/31\/geopolitisk-ustabilitet-og-okninger-i-komponentpriser\/\" \/>\n<meta property=\"og:locale\" content=\"nb_NO\" \/>\n<meta property=\"og:type\" content=\"article\" \/>\n<meta property=\"og:title\" content=\"geopolitisk ustabilitet og \u00f8kninger i komponentpriser - Nordnesrepublikken\" \/>\n<meta property=\"og:description\" content=\"Fra 2. april prisene p\u00e5 PlayStation 5 vil \u00f8ke sammenlignet med lansering, fra dagens \u20ac549,99\" \/>\n<meta property=\"og:url\" content=\"https:\/\/nordnesrepublikken.no\/index.php\/2026\/03\/31\/geopolitisk-ustabilitet-og-okninger-i-komponentpriser\/\" \/>\n<meta property=\"og:site_name\" content=\"Nordnesrepublikken\" \/>\n<meta property=\"article:published_time\" content=\"2026-03-31T17:49:39+00:00\" \/>\n<meta property=\"article:modified_time\" content=\"2026-03-31T17:49:41+00:00\" \/>\n<meta property=\"og:image\" content=\"https:\/\/nordnesrepublikken.no\/wp-content\/uploads\/2026\/03\/1774979380_geopolitisk-ustabilitet-og-okninger-i-komponentpriser.jpg\" \/>\n\t<meta property=\"og:image:width\" content=\"1376\" \/>\n\t<meta property=\"og:image:height\" content=\"768\" \/>\n\t<meta property=\"og:image:type\" content=\"image\/jpeg\" \/>\n<meta name=\"author\" content=\"Ole Andersen\" \/>\n<meta name=\"twitter:card\" content=\"summary_large_image\" \/>\n<meta name=\"twitter:label1\" content=\"Skrevet av\" \/>\n\t<meta name=\"twitter:data1\" content=\"Ole Andersen\" \/>\n\t<meta name=\"twitter:label2\" content=\"Ansl. lesetid\" \/>\n\t<meta name=\"twitter:data2\" content=\"3 minutter\" \/>\n<script type=\"application\/ld+json\" class=\"yoast-schema-graph\">{\"@context\":\"https:\/\/schema.org\",\"@graph\":[{\"@type\":\"Article\",\"@id\":\"https:\/\/nordnesrepublikken.no\/index.php\/2026\/03\/31\/geopolitisk-ustabilitet-og-okninger-i-komponentpriser\/#article\",\"isPartOf\":{\"@id\":\"https:\/\/nordnesrepublikken.no\/index.php\/2026\/03\/31\/geopolitisk-ustabilitet-og-okninger-i-komponentpriser\/\"},\"author\":{\"name\":\"Ole Andersen\",\"@id\":\"https:\/\/nordnesrepublikken.no\/#\/schema\/person\/2e7e81935bab77882fffb79296240ff1\"},\"headline\":\"geopolitisk ustabilitet og \u00f8kninger i komponentpriser\",\"datePublished\":\"2026-03-31T17:49:39+00:00\",\"dateModified\":\"2026-03-31T17:49:41+00:00\",\"mainEntityOfPage\":{\"@id\":\"https:\/\/nordnesrepublikken.no\/index.php\/2026\/03\/31\/geopolitisk-ustabilitet-og-okninger-i-komponentpriser\/\"},\"wordCount\":697,\"publisher\":{\"@id\":\"https:\/\/nordnesrepublikken.no\/#organization\"},\"image\":{\"@id\":\"https:\/\/nordnesrepublikken.no\/index.php\/2026\/03\/31\/geopolitisk-ustabilitet-og-okninger-i-komponentpriser\/#primaryimage\"},\"thumbnailUrl\":\"https:\/\/nordnesrepublikken.no\/wp-content\/uploads\/2026\/03\/1774979380_geopolitisk-ustabilitet-og-okninger-i-komponentpriser.jpg\",\"keywords\":[\"Geopolitisk\",\"komponentpriser\",\"\u00f8kninger\",\"ustabilitet\"],\"articleSection\":[\"Teknologi\"],\"inLanguage\":\"nb-NO\"},{\"@type\":\"WebPage\",\"@id\":\"https:\/\/nordnesrepublikken.no\/index.php\/2026\/03\/31\/geopolitisk-ustabilitet-og-okninger-i-komponentpriser\/\",\"url\":\"https:\/\/nordnesrepublikken.no\/index.php\/2026\/03\/31\/geopolitisk-ustabilitet-og-okninger-i-komponentpriser\/\",\"name\":\"geopolitisk ustabilitet og \u00f8kninger i komponentpriser - Nordnesrepublikken\",\"isPartOf\":{\"@id\":\"https:\/\/nordnesrepublikken.no\/#website\"},\"primaryImageOfPage\":{\"@id\":\"https:\/\/nordnesrepublikken.no\/index.php\/2026\/03\/31\/geopolitisk-ustabilitet-og-okninger-i-komponentpriser\/#primaryimage\"},\"image\":{\"@id\":\"https:\/\/nordnesrepublikken.no\/index.php\/2026\/03\/31\/geopolitisk-ustabilitet-og-okninger-i-komponentpriser\/#primaryimage\"},\"thumbnailUrl\":\"https:\/\/nordnesrepublikken.no\/wp-content\/uploads\/2026\/03\/1774979380_geopolitisk-ustabilitet-og-okninger-i-komponentpriser.jpg\",\"datePublished\":\"2026-03-31T17:49:39+00:00\",\"dateModified\":\"2026-03-31T17:49:41+00:00\",\"breadcrumb\":{\"@id\":\"https:\/\/nordnesrepublikken.no\/index.php\/2026\/03\/31\/geopolitisk-ustabilitet-og-okninger-i-komponentpriser\/#breadcrumb\"},\"inLanguage\":\"nb-NO\",\"potentialAction\":[{\"@type\":\"ReadAction\",\"target\":[\"https:\/\/nordnesrepublikken.no\/index.php\/2026\/03\/31\/geopolitisk-ustabilitet-og-okninger-i-komponentpriser\/\"]}]},{\"@type\":\"ImageObject\",\"inLanguage\":\"nb-NO\",\"@id\":\"https:\/\/nordnesrepublikken.no\/index.php\/2026\/03\/31\/geopolitisk-ustabilitet-og-okninger-i-komponentpriser\/#primaryimage\",\"url\":\"https:\/\/nordnesrepublikken.no\/wp-content\/uploads\/2026\/03\/1774979380_geopolitisk-ustabilitet-og-okninger-i-komponentpriser.jpg\",\"contentUrl\":\"https:\/\/nordnesrepublikken.no\/wp-content\/uploads\/2026\/03\/1774979380_geopolitisk-ustabilitet-og-okninger-i-komponentpriser.jpg\",\"width\":1376,\"height\":768,\"caption\":\"geopolitisk ustabilitet og \u00f8kninger i komponentpriser\"},{\"@type\":\"BreadcrumbList\",\"@id\":\"https:\/\/nordnesrepublikken.no\/index.php\/2026\/03\/31\/geopolitisk-ustabilitet-og-okninger-i-komponentpriser\/#breadcrumb\",\"itemListElement\":[{\"@type\":\"ListItem\",\"position\":1,\"name\":\"Home\",\"item\":\"https:\/\/nordnesrepublikken.no\/\"},{\"@type\":\"ListItem\",\"position\":2,\"name\":\"geopolitisk ustabilitet og \u00f8kninger i komponentpriser\"}]},{\"@type\":\"WebSite\",\"@id\":\"https:\/\/nordnesrepublikken.no\/#website\",\"url\":\"https:\/\/nordnesrepublikken.no\/\",\"name\":\"Nordnesrepublikken\",\"description\":\"Stemmer og Visjoner fra Republikkens Hjerte\",\"publisher\":{\"@id\":\"https:\/\/nordnesrepublikken.no\/#organization\"},\"potentialAction\":[{\"@type\":\"SearchAction\",\"target\":{\"@type\":\"EntryPoint\",\"urlTemplate\":\"https:\/\/nordnesrepublikken.no\/?s={search_term_string}\"},\"query-input\":{\"@type\":\"PropertyValueSpecification\",\"valueRequired\":true,\"valueName\":\"search_term_string\"}}],\"inLanguage\":\"nb-NO\"},{\"@type\":\"Organization\",\"@id\":\"https:\/\/nordnesrepublikken.no\/#organization\",\"name\":\"Nordnesrepublikken\",\"url\":\"https:\/\/nordnesrepublikken.no\/\",\"logo\":{\"@type\":\"ImageObject\",\"inLanguage\":\"nb-NO\",\"@id\":\"https:\/\/nordnesrepublikken.no\/#\/schema\/logo\/image\/\",\"url\":\"https:\/\/nordnesrepublikken.no\/wp-content\/uploads\/2025\/02\/cropped-nordnesrepublikken-2.png\",\"contentUrl\":\"https:\/\/nordnesrepublikken.no\/wp-content\/uploads\/2025\/02\/cropped-nordnesrepublikken-2.png\",\"width\":1248,\"height\":362,\"caption\":\"Nordnesrepublikken\"},\"image\":{\"@id\":\"https:\/\/nordnesrepublikken.no\/#\/schema\/logo\/image\/\"}},{\"@type\":\"Person\",\"@id\":\"https:\/\/nordnesrepublikken.no\/#\/schema\/person\/2e7e81935bab77882fffb79296240ff1\",\"name\":\"Ole Andersen\",\"image\":{\"@type\":\"ImageObject\",\"inLanguage\":\"nb-NO\",\"@id\":\"https:\/\/nordnesrepublikken.no\/#\/schema\/person\/image\/\",\"url\":\"https:\/\/nordnesrepublikken.no\/wp-content\/uploads\/2025\/02\/nordnesrepublikken-2-2-150x150.jpg\",\"contentUrl\":\"https:\/\/nordnesrepublikken.no\/wp-content\/uploads\/2025\/02\/nordnesrepublikken-2-2-150x150.jpg\",\"caption\":\"Ole Andersen\"},\"description\":\"Ettersom jeg vokste opp i Oslo, har jeg alltid v\u00e6rt fascinert av ordenes kraft og deres evne til \u00e5 skape endringer. Etter \u00e5 ha fullf\u00f8rt min utdannelse i kommunikasjon ved Universitetet i Bergen, fikk jeg muligheten til \u00e5 jobbe innen ulike medier, der jeg har s\u00f8kt \u00e5 belyse viktige samfunnssp\u00f8rsm\u00e5l. I dag, som redakt\u00f8r for Nordnesrepublikken, pr\u00f8ver jeg \u00e5 forene min kj\u00e6rlighet for journalistikk med min lidenskap for innovasjon og eventyr.\",\"sameAs\":[\"https:\/\/nordnesrepublikken.no\/\"]}]}<\/script>\n<!-- \/ Yoast SEO plugin. -->","yoast_head_json":{"title":"geopolitisk ustabilitet og \u00f8kninger i komponentpriser - Nordnesrepublikken","robots":{"index":"index","follow":"follow","max-snippet":"max-snippet:-1","max-image-preview":"max-image-preview:large","max-video-preview":"max-video-preview:-1"},"canonical":"https:\/\/nordnesrepublikken.no\/index.php\/2026\/03\/31\/geopolitisk-ustabilitet-og-okninger-i-komponentpriser\/","og_locale":"nb_NO","og_type":"article","og_title":"geopolitisk ustabilitet og \u00f8kninger i komponentpriser - Nordnesrepublikken","og_description":"Fra 2. april prisene p\u00e5 PlayStation 5 vil \u00f8ke sammenlignet med lansering, fra dagens \u20ac549,99","og_url":"https:\/\/nordnesrepublikken.no\/index.php\/2026\/03\/31\/geopolitisk-ustabilitet-og-okninger-i-komponentpriser\/","og_site_name":"Nordnesrepublikken","article_published_time":"2026-03-31T17:49:39+00:00","article_modified_time":"2026-03-31T17:49:41+00:00","og_image":[{"width":1376,"height":768,"url":"https:\/\/nordnesrepublikken.no\/wp-content\/uploads\/2026\/03\/1774979380_geopolitisk-ustabilitet-og-okninger-i-komponentpriser.jpg","type":"image\/jpeg"}],"author":"Ole Andersen","twitter_card":"summary_large_image","twitter_misc":{"Skrevet av":"Ole Andersen","Ansl. lesetid":"3 minutter"},"schema":{"@context":"https:\/\/schema.org","@graph":[{"@type":"Article","@id":"https:\/\/nordnesrepublikken.no\/index.php\/2026\/03\/31\/geopolitisk-ustabilitet-og-okninger-i-komponentpriser\/#article","isPartOf":{"@id":"https:\/\/nordnesrepublikken.no\/index.php\/2026\/03\/31\/geopolitisk-ustabilitet-og-okninger-i-komponentpriser\/"},"author":{"name":"Ole Andersen","@id":"https:\/\/nordnesrepublikken.no\/#\/schema\/person\/2e7e81935bab77882fffb79296240ff1"},"headline":"geopolitisk ustabilitet og \u00f8kninger i komponentpriser","datePublished":"2026-03-31T17:49:39+00:00","dateModified":"2026-03-31T17:49:41+00:00","mainEntityOfPage":{"@id":"https:\/\/nordnesrepublikken.no\/index.php\/2026\/03\/31\/geopolitisk-ustabilitet-og-okninger-i-komponentpriser\/"},"wordCount":697,"publisher":{"@id":"https:\/\/nordnesrepublikken.no\/#organization"},"image":{"@id":"https:\/\/nordnesrepublikken.no\/index.php\/2026\/03\/31\/geopolitisk-ustabilitet-og-okninger-i-komponentpriser\/#primaryimage"},"thumbnailUrl":"https:\/\/nordnesrepublikken.no\/wp-content\/uploads\/2026\/03\/1774979380_geopolitisk-ustabilitet-og-okninger-i-komponentpriser.jpg","keywords":["Geopolitisk","komponentpriser","\u00f8kninger","ustabilitet"],"articleSection":["Teknologi"],"inLanguage":"nb-NO"},{"@type":"WebPage","@id":"https:\/\/nordnesrepublikken.no\/index.php\/2026\/03\/31\/geopolitisk-ustabilitet-og-okninger-i-komponentpriser\/","url":"https:\/\/nordnesrepublikken.no\/index.php\/2026\/03\/31\/geopolitisk-ustabilitet-og-okninger-i-komponentpriser\/","name":"geopolitisk ustabilitet og \u00f8kninger i komponentpriser - Nordnesrepublikken","isPartOf":{"@id":"https:\/\/nordnesrepublikken.no\/#website"},"primaryImageOfPage":{"@id":"https:\/\/nordnesrepublikken.no\/index.php\/2026\/03\/31\/geopolitisk-ustabilitet-og-okninger-i-komponentpriser\/#primaryimage"},"image":{"@id":"https:\/\/nordnesrepublikken.no\/index.php\/2026\/03\/31\/geopolitisk-ustabilitet-og-okninger-i-komponentpriser\/#primaryimage"},"thumbnailUrl":"https:\/\/nordnesrepublikken.no\/wp-content\/uploads\/2026\/03\/1774979380_geopolitisk-ustabilitet-og-okninger-i-komponentpriser.jpg","datePublished":"2026-03-31T17:49:39+00:00","dateModified":"2026-03-31T17:49:41+00:00","breadcrumb":{"@id":"https:\/\/nordnesrepublikken.no\/index.php\/2026\/03\/31\/geopolitisk-ustabilitet-og-okninger-i-komponentpriser\/#breadcrumb"},"inLanguage":"nb-NO","potentialAction":[{"@type":"ReadAction","target":["https:\/\/nordnesrepublikken.no\/index.php\/2026\/03\/31\/geopolitisk-ustabilitet-og-okninger-i-komponentpriser\/"]}]},{"@type":"ImageObject","inLanguage":"nb-NO","@id":"https:\/\/nordnesrepublikken.no\/index.php\/2026\/03\/31\/geopolitisk-ustabilitet-og-okninger-i-komponentpriser\/#primaryimage","url":"https:\/\/nordnesrepublikken.no\/wp-content\/uploads\/2026\/03\/1774979380_geopolitisk-ustabilitet-og-okninger-i-komponentpriser.jpg","contentUrl":"https:\/\/nordnesrepublikken.no\/wp-content\/uploads\/2026\/03\/1774979380_geopolitisk-ustabilitet-og-okninger-i-komponentpriser.jpg","width":1376,"height":768,"caption":"geopolitisk ustabilitet og \u00f8kninger i komponentpriser"},{"@type":"BreadcrumbList","@id":"https:\/\/nordnesrepublikken.no\/index.php\/2026\/03\/31\/geopolitisk-ustabilitet-og-okninger-i-komponentpriser\/#breadcrumb","itemListElement":[{"@type":"ListItem","position":1,"name":"Home","item":"https:\/\/nordnesrepublikken.no\/"},{"@type":"ListItem","position":2,"name":"geopolitisk ustabilitet og \u00f8kninger i komponentpriser"}]},{"@type":"WebSite","@id":"https:\/\/nordnesrepublikken.no\/#website","url":"https:\/\/nordnesrepublikken.no\/","name":"Nordnesrepublikken","description":"Stemmer og Visjoner fra Republikkens Hjerte","publisher":{"@id":"https:\/\/nordnesrepublikken.no\/#organization"},"potentialAction":[{"@type":"SearchAction","target":{"@type":"EntryPoint","urlTemplate":"https:\/\/nordnesrepublikken.no\/?s={search_term_string}"},"query-input":{"@type":"PropertyValueSpecification","valueRequired":true,"valueName":"search_term_string"}}],"inLanguage":"nb-NO"},{"@type":"Organization","@id":"https:\/\/nordnesrepublikken.no\/#organization","name":"Nordnesrepublikken","url":"https:\/\/nordnesrepublikken.no\/","logo":{"@type":"ImageObject","inLanguage":"nb-NO","@id":"https:\/\/nordnesrepublikken.no\/#\/schema\/logo\/image\/","url":"https:\/\/nordnesrepublikken.no\/wp-content\/uploads\/2025\/02\/cropped-nordnesrepublikken-2.png","contentUrl":"https:\/\/nordnesrepublikken.no\/wp-content\/uploads\/2025\/02\/cropped-nordnesrepublikken-2.png","width":1248,"height":362,"caption":"Nordnesrepublikken"},"image":{"@id":"https:\/\/nordnesrepublikken.no\/#\/schema\/logo\/image\/"}},{"@type":"Person","@id":"https:\/\/nordnesrepublikken.no\/#\/schema\/person\/2e7e81935bab77882fffb79296240ff1","name":"Ole Andersen","image":{"@type":"ImageObject","inLanguage":"nb-NO","@id":"https:\/\/nordnesrepublikken.no\/#\/schema\/person\/image\/","url":"https:\/\/nordnesrepublikken.no\/wp-content\/uploads\/2025\/02\/nordnesrepublikken-2-2-150x150.jpg","contentUrl":"https:\/\/nordnesrepublikken.no\/wp-content\/uploads\/2025\/02\/nordnesrepublikken-2-2-150x150.jpg","caption":"Ole Andersen"},"description":"Ettersom jeg vokste opp i Oslo, har jeg alltid v\u00e6rt fascinert av ordenes kraft og deres evne til \u00e5 skape endringer. Etter \u00e5 ha fullf\u00f8rt min utdannelse i kommunikasjon ved Universitetet i Bergen, fikk jeg muligheten til \u00e5 jobbe innen ulike medier, der jeg har s\u00f8kt \u00e5 belyse viktige samfunnssp\u00f8rsm\u00e5l. I dag, som redakt\u00f8r for Nordnesrepublikken, pr\u00f8ver jeg \u00e5 forene min kj\u00e6rlighet for journalistikk med min lidenskap for innovasjon og eventyr.","sameAs":["https:\/\/nordnesrepublikken.no\/"]}]}},"_links":{"self":[{"href":"https:\/\/nordnesrepublikken.no\/index.php\/wp-json\/wp\/v2\/posts\/16450","targetHints":{"allow":["GET"]}}],"collection":[{"href":"https:\/\/nordnesrepublikken.no\/index.php\/wp-json\/wp\/v2\/posts"}],"about":[{"href":"https:\/\/nordnesrepublikken.no\/index.php\/wp-json\/wp\/v2\/types\/post"}],"author":[{"embeddable":true,"href":"https:\/\/nordnesrepublikken.no\/index.php\/wp-json\/wp\/v2\/users\/1"}],"replies":[{"embeddable":true,"href":"https:\/\/nordnesrepublikken.no\/index.php\/wp-json\/wp\/v2\/comments?post=16450"}],"version-history":[{"count":1,"href":"https:\/\/nordnesrepublikken.no\/index.php\/wp-json\/wp\/v2\/posts\/16450\/revisions"}],"predecessor-version":[{"id":16452,"href":"https:\/\/nordnesrepublikken.no\/index.php\/wp-json\/wp\/v2\/posts\/16450\/revisions\/16452"}],"wp:featuredmedia":[{"embeddable":true,"href":"https:\/\/nordnesrepublikken.no\/index.php\/wp-json\/wp\/v2\/media\/16451"}],"wp:attachment":[{"href":"https:\/\/nordnesrepublikken.no\/index.php\/wp-json\/wp\/v2\/media?parent=16450"}],"wp:term":[{"taxonomy":"category","embeddable":true,"href":"https:\/\/nordnesrepublikken.no\/index.php\/wp-json\/wp\/v2\/categories?post=16450"},{"taxonomy":"post_tag","embeddable":true,"href":"https:\/\/nordnesrepublikken.no\/index.php\/wp-json\/wp\/v2\/tags?post=16450"}],"curies":[{"name":"wp","href":"https:\/\/api.w.org\/{rel}","templated":true}]}}