{"id":16435,"date":"2026-03-31T10:51:32","date_gmt":"2026-03-31T08:51:32","guid":{"rendered":"https:\/\/nordnesrepublikken.no\/index.php\/2026\/03\/31\/dgt-trekker-tilbake-godkjenningen-for-ytterligere-5-v16-fyrlykter-som-forarsaker-forerproblemer-over-hele-spania\/"},"modified":"2026-03-31T10:51:34","modified_gmt":"2026-03-31T08:51:34","slug":"dgt-trekker-tilbake-godkjenningen-for-ytterligere-5-v16-fyrlykter-som-forarsaker-forerproblemer-over-hele-spania","status":"publish","type":"post","link":"https:\/\/nordnesrepublikken.no\/index.php\/2026\/03\/31\/dgt-trekker-tilbake-godkjenningen-for-ytterligere-5-v16-fyrlykter-som-forarsaker-forerproblemer-over-hele-spania\/","title":{"rendered":"DGT trekker tilbake godkjenningen for ytterligere 5 V16-fyrlykter som for\u00e5rsaker f\u00f8rerproblemer over hele Spania"},"content":{"rendered":"<p><\/p>\n<div class=\"wordpress-content\">\n                    <!-- Article Start --><\/p>\n<p class=\"p1\">Sj\u00e5f\u00f8rer i Spania st\u00e5r n\u00e5 overfor mer ny usikkerhet etter at myndighetene fjernet fem flere popul\u00e6re n\u00f8dpeilesender fra den offisielle godkjente listen, og bringer det totale antallet dufffyrer opp til rundt 300. Denne utviklingen kommer kort tid etter den obligatoriske introduksjonen av tilkoblede V16-enheter i januar 2026, og avsl\u00f8rer p\u00e5g\u00e5ende tvil og forskriftsmessig gransking av det nye veisikkerhetsutstyret.<\/p>\n<p class=\"p1\">V16 beacons fungerer som moderne elektroniske n\u00f8dvarslingsenheter designet for \u00e5 erstatte tradisjonelle r\u00f8de varseltrekanter p\u00e5 spanske veier. Disse kompakte, batteridrevne lysene kan aktiveres i n\u00f8dstilfeller som kj\u00f8ret\u00f8yhavari eller ulykker, og sender automatisk et geolokalisert varsel gjennom DGT 3.0-plattformen til n\u00e6rliggende sj\u00e5f\u00f8rer og n\u00f8detater. Fra januar 2026 ble det obligatorisk \u00e5 b\u00e6re en godkjent V16 for alle motorkj\u00f8ret\u00f8yer i Spania.<\/p>\n<h2 class=\"p1\">Modeller p\u00e5virket av siste DGT-beslutning<\/h2>\n<p class=\"p1\">Fire modeller deler samme produsent, Trafic Safety SL, basert i Barcelona:<\/p>\n<div class=\"sra_unit\"><link rel=\"stylesheet\" id=\"block-sra\" href=\"https:\/\/euroweeklynews.com\/wp-content\/plugins\/snack-related-articles\/dist\/css\/snack-related.min.css?250312-193541\" type=\"text\/css\" media=\"all\">\n<\/div>\n<ul>\n<li class=\"p1\">ISSE sikkerhetslys<\/li>\n<li class=\"p1\">ISSE sikkerhetslys 2<\/li>\n<li class=\"p1\">Dunlop V16<\/li>\n<li class=\"p1\">Swiss Drive V16.<\/li>\n<\/ul>\n<p class=\"p1\">I tillegg mistet ELTV16EUROLIGHT fra en annen produsent godkjenningen. Disse produktene vil ikke lenger v\u00e6re tillatt \u00e5 selges som DGT-godkjente enheter. \u00c5rsaken til at de trekker seg fra den godkjente listen skyldes at de aktuelle selskapene har sluttet \u00e5 produsere og derfor ikke kan garantere sin skytjenesteforbindelse for fremtiden. Den offisielle listen over godkjente enheter er oppdatert.<\/p>\n<p class=\"p1\">Sj\u00e5f\u00f8rer som har kj\u00f8pt disse spesifikke V16-beaconene og for \u00f8yeblikket har dem i kj\u00f8ret\u00f8yene sine, kan bli ber\u00f8rt, selv om umiddelbar utskifting fortsatt er un\u00f8dvendig for n\u00e5, da DGT sier at deres skyforbindelse vil fungere som en sikkerhetskopi. I f\u00f8lge DGT er sikkerheten p\u00e5 spanske veier avhengig av p\u00e5litelige varslingssystemer som varsler andre bilister og kobler seg til DGT 3.0-plattformen.<\/p>\n<h2>EU vil ikke gripe inn p\u00e5 V16-er<\/h2>\n<p class=\"p1\">I februar og begynnelsen av mars 2026 avklarte kommisjonen sin posisjon definitivt. Den bekreftet at det ikke er noen spesifikk EU-lovgivning som regulerer n\u00f8dvarslingsanordninger av denne typen, noe som betyr at tiltaket faller helt innenfor nasjonal kompetanse under Wien-konvensjonen om veitrafikk. Som et resultat er det ikke \u00e5pnet noen krenkelsessak, kontroversen er l\u00f8st i Spanias fav\u00f8r, og sj\u00e5f\u00f8rer st\u00e5r ikke overfor noen risiko for at regelen blir omgjort eller suspendert p\u00e5 EU-niv\u00e5.<\/p>\n<h2 class=\"p1\">Guardia Civil unions holdning til h\u00e5ndhevelse<\/h2>\n<p class=\"p1\">Den st\u00f8rste Guardia Civil-unionen, AUGC (Asociaci\u00f3n Unificada de Guardias Civiles), har gjentatte ganger beskrevet den obligatoriske utskiftingen av tradisjonelle varseltrekanter med V16-enheter som en &laquo;utl\u00f8st avgj\u00f8relse&raquo; og en &laquo;stor feil&raquo;. Ikke desto mindre b\u00f8r tjenestemenn fortsatt utstede b\u00f8ter for ikke \u00e5 b\u00e6re eller distribuere et kompatibelt V16-fyr som kreves av loven.<\/p>\n<p class=\"p1\">Den fremtredende advokaten Andr\u00e9s Mill\u00e1n har uttalt offentlig at eiere &laquo;kan fortsette \u00e5 bruke dem til slutten av levetiden uten \u00e5 bli b\u00f8telagt&raquo;. Hvorvidt alle Guardia Civil-offiserer er oppdatert p\u00e5 dette i en s\u00e5 raskt bevegende situasjon er enn\u00e5 \u00e5 se. Advokatfirmaer som driver med trafikkb\u00f8ter anbefaler \u00e5 beholde kj\u00f8psbeviset og de originale homologeringsdetaljene (dvs. boksen), og deretter anke eventuelle b\u00f8ter umiddelbart gjennom administrative kanaler.<\/p>\n<p>                    <!-- Originally published at https:\/\/euroweeklynews.com\/2026\/03\/31\/dgt-withdraws-approval-for-5-more-v16-beacons-causing-driver-concerns-across-spain\/ on 31 Mar 2026 at 10:14 by Adam Woodward --><br \/>\n                    <!-- Article End -->\n                <\/div>\n","protected":false},"excerpt":{"rendered":"<p>Sj\u00e5f\u00f8rer i Spania st\u00e5r n\u00e5 overfor mer ny usikkerhet etter at myndighetene fjernet fem flere<\/p>\n","protected":false},"author":1,"featured_media":16436,"comment_status":"closed","ping_status":"open","sticky":false,"template":"","format":"standard","meta":{"footnotes":""},"categories":[105],"tags":[1599,1656,10654,10652,3372,31,529,825,4100,10653,6208],"class_list":["post-16435","post","type-post","status-publish","format-standard","has-post-thumbnail","hentry","category-livsstil","tag-dgt","tag-forarsaker","tag-forerproblemer","tag-godkjenningen","tag-hele","tag-som","tag-spania","tag-tilbake","tag-trekker","tag-v16fyrlykter","tag-ytterligere","generate-columns","tablet-grid-50","mobile-grid-100","grid-parent","grid-33","resize-featured-image"],"yoast_head":"<!-- This site is optimized with the Yoast SEO plugin v24.4 - https:\/\/yoast.com\/wordpress\/plugins\/seo\/ -->\n<title>DGT trekker tilbake godkjenningen for ytterligere 5 V16-fyrlykter som for\u00e5rsaker f\u00f8rerproblemer over hele Spania - Nordnesrepublikken<\/title>\n<meta name=\"robots\" content=\"index, follow, max-snippet:-1, max-image-preview:large, max-video-preview:-1\" \/>\n<link rel=\"canonical\" href=\"https:\/\/nordnesrepublikken.no\/index.php\/2026\/03\/31\/dgt-trekker-tilbake-godkjenningen-for-ytterligere-5-v16-fyrlykter-som-forarsaker-forerproblemer-over-hele-spania\/\" \/>\n<meta property=\"og:locale\" content=\"nb_NO\" \/>\n<meta property=\"og:type\" content=\"article\" \/>\n<meta property=\"og:title\" content=\"DGT trekker tilbake godkjenningen for ytterligere 5 V16-fyrlykter som for\u00e5rsaker f\u00f8rerproblemer over hele Spania - Nordnesrepublikken\" \/>\n<meta property=\"og:description\" content=\"Sj\u00e5f\u00f8rer i Spania st\u00e5r n\u00e5 overfor mer ny usikkerhet etter at myndighetene fjernet fem flere\" \/>\n<meta property=\"og:url\" content=\"https:\/\/nordnesrepublikken.no\/index.php\/2026\/03\/31\/dgt-trekker-tilbake-godkjenningen-for-ytterligere-5-v16-fyrlykter-som-forarsaker-forerproblemer-over-hele-spania\/\" \/>\n<meta property=\"og:site_name\" content=\"Nordnesrepublikken\" \/>\n<meta property=\"article:published_time\" content=\"2026-03-31T08:51:32+00:00\" \/>\n<meta property=\"article:modified_time\" content=\"2026-03-31T08:51:34+00:00\" \/>\n<meta property=\"og:image\" content=\"https:\/\/nordnesrepublikken.no\/wp-content\/uploads\/2026\/03\/1774947094_DGT-trekker-tilbake-godkjenningen-for-ytterligere-5-V16-fyrlykter-som-forarsaker.jpg\" \/>\n\t<meta property=\"og:image:width\" content=\"1200\" \/>\n\t<meta property=\"og:image:height\" content=\"703\" \/>\n\t<meta property=\"og:image:type\" content=\"image\/jpeg\" \/>\n<meta name=\"author\" content=\"Ole Andersen\" \/>\n<meta name=\"twitter:card\" content=\"summary_large_image\" \/>\n<meta name=\"twitter:label1\" content=\"Skrevet av\" \/>\n\t<meta name=\"twitter:data1\" content=\"Ole Andersen\" \/>\n\t<meta name=\"twitter:label2\" content=\"Ansl. lesetid\" \/>\n\t<meta name=\"twitter:data2\" content=\"3 minutter\" \/>\n<script type=\"application\/ld+json\" class=\"yoast-schema-graph\">{\"@context\":\"https:\/\/schema.org\",\"@graph\":[{\"@type\":\"Article\",\"@id\":\"https:\/\/nordnesrepublikken.no\/index.php\/2026\/03\/31\/dgt-trekker-tilbake-godkjenningen-for-ytterligere-5-v16-fyrlykter-som-forarsaker-forerproblemer-over-hele-spania\/#article\",\"isPartOf\":{\"@id\":\"https:\/\/nordnesrepublikken.no\/index.php\/2026\/03\/31\/dgt-trekker-tilbake-godkjenningen-for-ytterligere-5-v16-fyrlykter-som-forarsaker-forerproblemer-over-hele-spania\/\"},\"author\":{\"name\":\"Ole Andersen\",\"@id\":\"https:\/\/nordnesrepublikken.no\/#\/schema\/person\/2e7e81935bab77882fffb79296240ff1\"},\"headline\":\"DGT trekker tilbake godkjenningen for ytterligere 5 V16-fyrlykter som for\u00e5rsaker f\u00f8rerproblemer over hele Spania\",\"datePublished\":\"2026-03-31T08:51:32+00:00\",\"dateModified\":\"2026-03-31T08:51:34+00:00\",\"mainEntityOfPage\":{\"@id\":\"https:\/\/nordnesrepublikken.no\/index.php\/2026\/03\/31\/dgt-trekker-tilbake-godkjenningen-for-ytterligere-5-v16-fyrlykter-som-forarsaker-forerproblemer-over-hele-spania\/\"},\"wordCount\":520,\"publisher\":{\"@id\":\"https:\/\/nordnesrepublikken.no\/#organization\"},\"image\":{\"@id\":\"https:\/\/nordnesrepublikken.no\/index.php\/2026\/03\/31\/dgt-trekker-tilbake-godkjenningen-for-ytterligere-5-v16-fyrlykter-som-forarsaker-forerproblemer-over-hele-spania\/#primaryimage\"},\"thumbnailUrl\":\"https:\/\/nordnesrepublikken.no\/wp-content\/uploads\/2026\/03\/1774947094_DGT-trekker-tilbake-godkjenningen-for-ytterligere-5-V16-fyrlykter-som-forarsaker.jpg\",\"keywords\":[\"DGT\",\"for\u00e5rsaker\",\"f\u00f8rerproblemer\",\"godkjenningen\",\"hele\",\"som\",\"Spania\",\"tilbake\",\"trekker\",\"V16fyrlykter\",\"ytterligere\"],\"articleSection\":[\"Livsstil\"],\"inLanguage\":\"nb-NO\"},{\"@type\":\"WebPage\",\"@id\":\"https:\/\/nordnesrepublikken.no\/index.php\/2026\/03\/31\/dgt-trekker-tilbake-godkjenningen-for-ytterligere-5-v16-fyrlykter-som-forarsaker-forerproblemer-over-hele-spania\/\",\"url\":\"https:\/\/nordnesrepublikken.no\/index.php\/2026\/03\/31\/dgt-trekker-tilbake-godkjenningen-for-ytterligere-5-v16-fyrlykter-som-forarsaker-forerproblemer-over-hele-spania\/\",\"name\":\"DGT trekker tilbake godkjenningen for ytterligere 5 V16-fyrlykter som for\u00e5rsaker f\u00f8rerproblemer over hele Spania - Nordnesrepublikken\",\"isPartOf\":{\"@id\":\"https:\/\/nordnesrepublikken.no\/#website\"},\"primaryImageOfPage\":{\"@id\":\"https:\/\/nordnesrepublikken.no\/index.php\/2026\/03\/31\/dgt-trekker-tilbake-godkjenningen-for-ytterligere-5-v16-fyrlykter-som-forarsaker-forerproblemer-over-hele-spania\/#primaryimage\"},\"image\":{\"@id\":\"https:\/\/nordnesrepublikken.no\/index.php\/2026\/03\/31\/dgt-trekker-tilbake-godkjenningen-for-ytterligere-5-v16-fyrlykter-som-forarsaker-forerproblemer-over-hele-spania\/#primaryimage\"},\"thumbnailUrl\":\"https:\/\/nordnesrepublikken.no\/wp-content\/uploads\/2026\/03\/1774947094_DGT-trekker-tilbake-godkjenningen-for-ytterligere-5-V16-fyrlykter-som-forarsaker.jpg\",\"datePublished\":\"2026-03-31T08:51:32+00:00\",\"dateModified\":\"2026-03-31T08:51:34+00:00\",\"breadcrumb\":{\"@id\":\"https:\/\/nordnesrepublikken.no\/index.php\/2026\/03\/31\/dgt-trekker-tilbake-godkjenningen-for-ytterligere-5-v16-fyrlykter-som-forarsaker-forerproblemer-over-hele-spania\/#breadcrumb\"},\"inLanguage\":\"nb-NO\",\"potentialAction\":[{\"@type\":\"ReadAction\",\"target\":[\"https:\/\/nordnesrepublikken.no\/index.php\/2026\/03\/31\/dgt-trekker-tilbake-godkjenningen-for-ytterligere-5-v16-fyrlykter-som-forarsaker-forerproblemer-over-hele-spania\/\"]}]},{\"@type\":\"ImageObject\",\"inLanguage\":\"nb-NO\",\"@id\":\"https:\/\/nordnesrepublikken.no\/index.php\/2026\/03\/31\/dgt-trekker-tilbake-godkjenningen-for-ytterligere-5-v16-fyrlykter-som-forarsaker-forerproblemer-over-hele-spania\/#primaryimage\",\"url\":\"https:\/\/nordnesrepublikken.no\/wp-content\/uploads\/2026\/03\/1774947094_DGT-trekker-tilbake-godkjenningen-for-ytterligere-5-V16-fyrlykter-som-forarsaker.jpg\",\"contentUrl\":\"https:\/\/nordnesrepublikken.no\/wp-content\/uploads\/2026\/03\/1774947094_DGT-trekker-tilbake-godkjenningen-for-ytterligere-5-V16-fyrlykter-som-forarsaker.jpg\",\"width\":1200,\"height\":703,\"caption\":\"DGT trekker tilbake godkjenningen for ytterligere 5 V16-fyrlykter som for\u00e5rsaker f\u00f8rerproblemer over hele Spania\"},{\"@type\":\"BreadcrumbList\",\"@id\":\"https:\/\/nordnesrepublikken.no\/index.php\/2026\/03\/31\/dgt-trekker-tilbake-godkjenningen-for-ytterligere-5-v16-fyrlykter-som-forarsaker-forerproblemer-over-hele-spania\/#breadcrumb\",\"itemListElement\":[{\"@type\":\"ListItem\",\"position\":1,\"name\":\"Home\",\"item\":\"https:\/\/nordnesrepublikken.no\/\"},{\"@type\":\"ListItem\",\"position\":2,\"name\":\"DGT trekker tilbake godkjenningen for ytterligere 5 V16-fyrlykter som for\u00e5rsaker f\u00f8rerproblemer over hele Spania\"}]},{\"@type\":\"WebSite\",\"@id\":\"https:\/\/nordnesrepublikken.no\/#website\",\"url\":\"https:\/\/nordnesrepublikken.no\/\",\"name\":\"Nordnesrepublikken\",\"description\":\"Stemmer og Visjoner fra Republikkens Hjerte\",\"publisher\":{\"@id\":\"https:\/\/nordnesrepublikken.no\/#organization\"},\"potentialAction\":[{\"@type\":\"SearchAction\",\"target\":{\"@type\":\"EntryPoint\",\"urlTemplate\":\"https:\/\/nordnesrepublikken.no\/?s={search_term_string}\"},\"query-input\":{\"@type\":\"PropertyValueSpecification\",\"valueRequired\":true,\"valueName\":\"search_term_string\"}}],\"inLanguage\":\"nb-NO\"},{\"@type\":\"Organization\",\"@id\":\"https:\/\/nordnesrepublikken.no\/#organization\",\"name\":\"Nordnesrepublikken\",\"url\":\"https:\/\/nordnesrepublikken.no\/\",\"logo\":{\"@type\":\"ImageObject\",\"inLanguage\":\"nb-NO\",\"@id\":\"https:\/\/nordnesrepublikken.no\/#\/schema\/logo\/image\/\",\"url\":\"https:\/\/nordnesrepublikken.no\/wp-content\/uploads\/2025\/02\/cropped-nordnesrepublikken-2.png\",\"contentUrl\":\"https:\/\/nordnesrepublikken.no\/wp-content\/uploads\/2025\/02\/cropped-nordnesrepublikken-2.png\",\"width\":1248,\"height\":362,\"caption\":\"Nordnesrepublikken\"},\"image\":{\"@id\":\"https:\/\/nordnesrepublikken.no\/#\/schema\/logo\/image\/\"}},{\"@type\":\"Person\",\"@id\":\"https:\/\/nordnesrepublikken.no\/#\/schema\/person\/2e7e81935bab77882fffb79296240ff1\",\"name\":\"Ole Andersen\",\"image\":{\"@type\":\"ImageObject\",\"inLanguage\":\"nb-NO\",\"@id\":\"https:\/\/nordnesrepublikken.no\/#\/schema\/person\/image\/\",\"url\":\"https:\/\/nordnesrepublikken.no\/wp-content\/uploads\/2025\/02\/nordnesrepublikken-2-2-150x150.jpg\",\"contentUrl\":\"https:\/\/nordnesrepublikken.no\/wp-content\/uploads\/2025\/02\/nordnesrepublikken-2-2-150x150.jpg\",\"caption\":\"Ole Andersen\"},\"description\":\"Ettersom jeg vokste opp i Oslo, har jeg alltid v\u00e6rt fascinert av ordenes kraft og deres evne til \u00e5 skape endringer. Etter \u00e5 ha fullf\u00f8rt min utdannelse i kommunikasjon ved Universitetet i Bergen, fikk jeg muligheten til \u00e5 jobbe innen ulike medier, der jeg har s\u00f8kt \u00e5 belyse viktige samfunnssp\u00f8rsm\u00e5l. I dag, som redakt\u00f8r for Nordnesrepublikken, pr\u00f8ver jeg \u00e5 forene min kj\u00e6rlighet for journalistikk med min lidenskap for innovasjon og eventyr.\",\"sameAs\":[\"https:\/\/nordnesrepublikken.no\/\"]}]}<\/script>\n<!-- \/ Yoast SEO plugin. -->","yoast_head_json":{"title":"DGT trekker tilbake godkjenningen for ytterligere 5 V16-fyrlykter som for\u00e5rsaker f\u00f8rerproblemer over hele Spania - Nordnesrepublikken","robots":{"index":"index","follow":"follow","max-snippet":"max-snippet:-1","max-image-preview":"max-image-preview:large","max-video-preview":"max-video-preview:-1"},"canonical":"https:\/\/nordnesrepublikken.no\/index.php\/2026\/03\/31\/dgt-trekker-tilbake-godkjenningen-for-ytterligere-5-v16-fyrlykter-som-forarsaker-forerproblemer-over-hele-spania\/","og_locale":"nb_NO","og_type":"article","og_title":"DGT trekker tilbake godkjenningen for ytterligere 5 V16-fyrlykter som for\u00e5rsaker f\u00f8rerproblemer over hele Spania - Nordnesrepublikken","og_description":"Sj\u00e5f\u00f8rer i Spania st\u00e5r n\u00e5 overfor mer ny usikkerhet etter at myndighetene fjernet fem flere","og_url":"https:\/\/nordnesrepublikken.no\/index.php\/2026\/03\/31\/dgt-trekker-tilbake-godkjenningen-for-ytterligere-5-v16-fyrlykter-som-forarsaker-forerproblemer-over-hele-spania\/","og_site_name":"Nordnesrepublikken","article_published_time":"2026-03-31T08:51:32+00:00","article_modified_time":"2026-03-31T08:51:34+00:00","og_image":[{"width":1200,"height":703,"url":"https:\/\/nordnesrepublikken.no\/wp-content\/uploads\/2026\/03\/1774947094_DGT-trekker-tilbake-godkjenningen-for-ytterligere-5-V16-fyrlykter-som-forarsaker.jpg","type":"image\/jpeg"}],"author":"Ole Andersen","twitter_card":"summary_large_image","twitter_misc":{"Skrevet av":"Ole Andersen","Ansl. lesetid":"3 minutter"},"schema":{"@context":"https:\/\/schema.org","@graph":[{"@type":"Article","@id":"https:\/\/nordnesrepublikken.no\/index.php\/2026\/03\/31\/dgt-trekker-tilbake-godkjenningen-for-ytterligere-5-v16-fyrlykter-som-forarsaker-forerproblemer-over-hele-spania\/#article","isPartOf":{"@id":"https:\/\/nordnesrepublikken.no\/index.php\/2026\/03\/31\/dgt-trekker-tilbake-godkjenningen-for-ytterligere-5-v16-fyrlykter-som-forarsaker-forerproblemer-over-hele-spania\/"},"author":{"name":"Ole Andersen","@id":"https:\/\/nordnesrepublikken.no\/#\/schema\/person\/2e7e81935bab77882fffb79296240ff1"},"headline":"DGT trekker tilbake godkjenningen for ytterligere 5 V16-fyrlykter som for\u00e5rsaker f\u00f8rerproblemer over hele Spania","datePublished":"2026-03-31T08:51:32+00:00","dateModified":"2026-03-31T08:51:34+00:00","mainEntityOfPage":{"@id":"https:\/\/nordnesrepublikken.no\/index.php\/2026\/03\/31\/dgt-trekker-tilbake-godkjenningen-for-ytterligere-5-v16-fyrlykter-som-forarsaker-forerproblemer-over-hele-spania\/"},"wordCount":520,"publisher":{"@id":"https:\/\/nordnesrepublikken.no\/#organization"},"image":{"@id":"https:\/\/nordnesrepublikken.no\/index.php\/2026\/03\/31\/dgt-trekker-tilbake-godkjenningen-for-ytterligere-5-v16-fyrlykter-som-forarsaker-forerproblemer-over-hele-spania\/#primaryimage"},"thumbnailUrl":"https:\/\/nordnesrepublikken.no\/wp-content\/uploads\/2026\/03\/1774947094_DGT-trekker-tilbake-godkjenningen-for-ytterligere-5-V16-fyrlykter-som-forarsaker.jpg","keywords":["DGT","for\u00e5rsaker","f\u00f8rerproblemer","godkjenningen","hele","som","Spania","tilbake","trekker","V16fyrlykter","ytterligere"],"articleSection":["Livsstil"],"inLanguage":"nb-NO"},{"@type":"WebPage","@id":"https:\/\/nordnesrepublikken.no\/index.php\/2026\/03\/31\/dgt-trekker-tilbake-godkjenningen-for-ytterligere-5-v16-fyrlykter-som-forarsaker-forerproblemer-over-hele-spania\/","url":"https:\/\/nordnesrepublikken.no\/index.php\/2026\/03\/31\/dgt-trekker-tilbake-godkjenningen-for-ytterligere-5-v16-fyrlykter-som-forarsaker-forerproblemer-over-hele-spania\/","name":"DGT trekker tilbake godkjenningen for ytterligere 5 V16-fyrlykter som for\u00e5rsaker f\u00f8rerproblemer over hele Spania - Nordnesrepublikken","isPartOf":{"@id":"https:\/\/nordnesrepublikken.no\/#website"},"primaryImageOfPage":{"@id":"https:\/\/nordnesrepublikken.no\/index.php\/2026\/03\/31\/dgt-trekker-tilbake-godkjenningen-for-ytterligere-5-v16-fyrlykter-som-forarsaker-forerproblemer-over-hele-spania\/#primaryimage"},"image":{"@id":"https:\/\/nordnesrepublikken.no\/index.php\/2026\/03\/31\/dgt-trekker-tilbake-godkjenningen-for-ytterligere-5-v16-fyrlykter-som-forarsaker-forerproblemer-over-hele-spania\/#primaryimage"},"thumbnailUrl":"https:\/\/nordnesrepublikken.no\/wp-content\/uploads\/2026\/03\/1774947094_DGT-trekker-tilbake-godkjenningen-for-ytterligere-5-V16-fyrlykter-som-forarsaker.jpg","datePublished":"2026-03-31T08:51:32+00:00","dateModified":"2026-03-31T08:51:34+00:00","breadcrumb":{"@id":"https:\/\/nordnesrepublikken.no\/index.php\/2026\/03\/31\/dgt-trekker-tilbake-godkjenningen-for-ytterligere-5-v16-fyrlykter-som-forarsaker-forerproblemer-over-hele-spania\/#breadcrumb"},"inLanguage":"nb-NO","potentialAction":[{"@type":"ReadAction","target":["https:\/\/nordnesrepublikken.no\/index.php\/2026\/03\/31\/dgt-trekker-tilbake-godkjenningen-for-ytterligere-5-v16-fyrlykter-som-forarsaker-forerproblemer-over-hele-spania\/"]}]},{"@type":"ImageObject","inLanguage":"nb-NO","@id":"https:\/\/nordnesrepublikken.no\/index.php\/2026\/03\/31\/dgt-trekker-tilbake-godkjenningen-for-ytterligere-5-v16-fyrlykter-som-forarsaker-forerproblemer-over-hele-spania\/#primaryimage","url":"https:\/\/nordnesrepublikken.no\/wp-content\/uploads\/2026\/03\/1774947094_DGT-trekker-tilbake-godkjenningen-for-ytterligere-5-V16-fyrlykter-som-forarsaker.jpg","contentUrl":"https:\/\/nordnesrepublikken.no\/wp-content\/uploads\/2026\/03\/1774947094_DGT-trekker-tilbake-godkjenningen-for-ytterligere-5-V16-fyrlykter-som-forarsaker.jpg","width":1200,"height":703,"caption":"DGT trekker tilbake godkjenningen for ytterligere 5 V16-fyrlykter som for\u00e5rsaker f\u00f8rerproblemer over hele Spania"},{"@type":"BreadcrumbList","@id":"https:\/\/nordnesrepublikken.no\/index.php\/2026\/03\/31\/dgt-trekker-tilbake-godkjenningen-for-ytterligere-5-v16-fyrlykter-som-forarsaker-forerproblemer-over-hele-spania\/#breadcrumb","itemListElement":[{"@type":"ListItem","position":1,"name":"Home","item":"https:\/\/nordnesrepublikken.no\/"},{"@type":"ListItem","position":2,"name":"DGT trekker tilbake godkjenningen for ytterligere 5 V16-fyrlykter som for\u00e5rsaker f\u00f8rerproblemer over hele Spania"}]},{"@type":"WebSite","@id":"https:\/\/nordnesrepublikken.no\/#website","url":"https:\/\/nordnesrepublikken.no\/","name":"Nordnesrepublikken","description":"Stemmer og Visjoner fra Republikkens Hjerte","publisher":{"@id":"https:\/\/nordnesrepublikken.no\/#organization"},"potentialAction":[{"@type":"SearchAction","target":{"@type":"EntryPoint","urlTemplate":"https:\/\/nordnesrepublikken.no\/?s={search_term_string}"},"query-input":{"@type":"PropertyValueSpecification","valueRequired":true,"valueName":"search_term_string"}}],"inLanguage":"nb-NO"},{"@type":"Organization","@id":"https:\/\/nordnesrepublikken.no\/#organization","name":"Nordnesrepublikken","url":"https:\/\/nordnesrepublikken.no\/","logo":{"@type":"ImageObject","inLanguage":"nb-NO","@id":"https:\/\/nordnesrepublikken.no\/#\/schema\/logo\/image\/","url":"https:\/\/nordnesrepublikken.no\/wp-content\/uploads\/2025\/02\/cropped-nordnesrepublikken-2.png","contentUrl":"https:\/\/nordnesrepublikken.no\/wp-content\/uploads\/2025\/02\/cropped-nordnesrepublikken-2.png","width":1248,"height":362,"caption":"Nordnesrepublikken"},"image":{"@id":"https:\/\/nordnesrepublikken.no\/#\/schema\/logo\/image\/"}},{"@type":"Person","@id":"https:\/\/nordnesrepublikken.no\/#\/schema\/person\/2e7e81935bab77882fffb79296240ff1","name":"Ole Andersen","image":{"@type":"ImageObject","inLanguage":"nb-NO","@id":"https:\/\/nordnesrepublikken.no\/#\/schema\/person\/image\/","url":"https:\/\/nordnesrepublikken.no\/wp-content\/uploads\/2025\/02\/nordnesrepublikken-2-2-150x150.jpg","contentUrl":"https:\/\/nordnesrepublikken.no\/wp-content\/uploads\/2025\/02\/nordnesrepublikken-2-2-150x150.jpg","caption":"Ole Andersen"},"description":"Ettersom jeg vokste opp i Oslo, har jeg alltid v\u00e6rt fascinert av ordenes kraft og deres evne til \u00e5 skape endringer. Etter \u00e5 ha fullf\u00f8rt min utdannelse i kommunikasjon ved Universitetet i Bergen, fikk jeg muligheten til \u00e5 jobbe innen ulike medier, der jeg har s\u00f8kt \u00e5 belyse viktige samfunnssp\u00f8rsm\u00e5l. I dag, som redakt\u00f8r for Nordnesrepublikken, pr\u00f8ver jeg \u00e5 forene min kj\u00e6rlighet for journalistikk med min lidenskap for innovasjon og eventyr.","sameAs":["https:\/\/nordnesrepublikken.no\/"]}]}},"_links":{"self":[{"href":"https:\/\/nordnesrepublikken.no\/index.php\/wp-json\/wp\/v2\/posts\/16435","targetHints":{"allow":["GET"]}}],"collection":[{"href":"https:\/\/nordnesrepublikken.no\/index.php\/wp-json\/wp\/v2\/posts"}],"about":[{"href":"https:\/\/nordnesrepublikken.no\/index.php\/wp-json\/wp\/v2\/types\/post"}],"author":[{"embeddable":true,"href":"https:\/\/nordnesrepublikken.no\/index.php\/wp-json\/wp\/v2\/users\/1"}],"replies":[{"embeddable":true,"href":"https:\/\/nordnesrepublikken.no\/index.php\/wp-json\/wp\/v2\/comments?post=16435"}],"version-history":[{"count":1,"href":"https:\/\/nordnesrepublikken.no\/index.php\/wp-json\/wp\/v2\/posts\/16435\/revisions"}],"predecessor-version":[{"id":16437,"href":"https:\/\/nordnesrepublikken.no\/index.php\/wp-json\/wp\/v2\/posts\/16435\/revisions\/16437"}],"wp:featuredmedia":[{"embeddable":true,"href":"https:\/\/nordnesrepublikken.no\/index.php\/wp-json\/wp\/v2\/media\/16436"}],"wp:attachment":[{"href":"https:\/\/nordnesrepublikken.no\/index.php\/wp-json\/wp\/v2\/media?parent=16435"}],"wp:term":[{"taxonomy":"category","embeddable":true,"href":"https:\/\/nordnesrepublikken.no\/index.php\/wp-json\/wp\/v2\/categories?post=16435"},{"taxonomy":"post_tag","embeddable":true,"href":"https:\/\/nordnesrepublikken.no\/index.php\/wp-json\/wp\/v2\/tags?post=16435"}],"curies":[{"name":"wp","href":"https:\/\/api.w.org\/{rel}","templated":true}]}}