{"id":16432,"date":"2026-03-31T04:50:45","date_gmt":"2026-03-31T02:50:45","guid":{"rendered":"https:\/\/nordnesrepublikken.no\/index.php\/2026\/03\/31\/opprinnelsen-til-ferien-og-nar-den-faller-i-2026\/"},"modified":"2026-03-31T04:50:47","modified_gmt":"2026-03-31T02:50:47","slug":"opprinnelsen-til-ferien-og-nar-den-faller-i-2026","status":"publish","type":"post","link":"https:\/\/nordnesrepublikken.no\/index.php\/2026\/03\/31\/opprinnelsen-til-ferien-og-nar-den-faller-i-2026\/","title":{"rendered":"opprinnelsen til ferien og n\u00e5r den faller i 2026"},"content":{"rendered":"<div>\n<div class=\"cp_wrapper cp_wrapper--fw mb-30 mb-20@tablet\">\n<figure class=\"mm\"><picture class=\"img\" style=\"padding-top:56.25%\"><source  media=\"(min-width: 1024px)\"><source  media=\"(min-width: 768px)\"><\/source><\/source><\/picture><\/figure>\n<\/p><\/div>\n<p>TIL <strong>p\u00e5ske<\/strong>vi kjenner det alle godt, vi spiser duen og ser etter overraskelser inne i sjokoladeeggene. Festivalen ble imidlertid som en kristen religi\u00f8s begivenhet f\u00f8dt for \u00e5 minnes <strong>Jesu oppstandelse<\/strong> beskrevet i Det nye testamente, if\u00f8lge hvilket det skjedde tre dager etter hans d\u00f8d p\u00e5 korset.<\/p>\n<p>Kristen p\u00e5ske stammer fra <strong><em>P\u00e5ske<\/em> j\u00f8disk <\/strong>(som betyr &laquo;passasje&raquo; p\u00e5 hebraisk), som feirer j\u00f8denes utvandring fra Egypt, men siden de f\u00f8rste \u00e5rhundrene av kristendommen har den tatt p\u00e5 seg en <strong>annen betydning<\/strong>. Opprinnelig ogs\u00e5 <strong>datoen for kristendagen<\/strong> den var knyttet til den j\u00f8diske p\u00e5sken, men p\u00e5 300-tallet bestemte konsilet i Nikea seg for \u00e5 beregne datoen basert p\u00e5 et annet prinsipp, som fortsatt f\u00f8lges i dag. Datoen, som er knyttet til m\u00e5nesyklusene, <strong>det endres hvert \u00e5r<\/strong>. I 2026 faller p\u00e5sken <strong>S\u00f8ndag 5. april<\/strong>.<\/p>\n<h2>Den j\u00f8diske opprinnelsen til p\u00e5sken og jubileet<\/h2>\n<p>Kristen p\u00e5ske har sine r\u00f8tter i den j\u00f8diske, kjent som <em>P\u00e5ske<\/em> (som betyr &laquo;passasje&raquo;) og feirer den <strong>flukt av j\u00f8dene fra Egypt og deres frigj\u00f8ring fra slaveri<\/strong>. Faktisk forteller den bibelske 2. Mosebok oss at det j\u00f8diske folk, som <strong>levde i slaveri i Egypt,<\/strong> han flyktet under ledelse av Moses og var i stand til \u00e5 krysse R\u00f8dehavet, som skiller egyptisk territorium fra Palestina, fordi Gud delte vannet. I dag mener historikere at utvandringen aldri fant sted, i hvert fall ikke i den formen Bibelen forteller, men hendelsen er like <strong>stor betydning i j\u00f8dedommen<\/strong>.<\/p>\n<div class=\"cp_wrapper cp_wrapper--fw mb-50\">\n<figure class=\"mm\"><picture class=\"img\" style=\"padding-top:114.43298969072%\"><source  media=\"(min-width: 1024px)\"><source  media=\"(min-width: 768px)\"><img decoding=\"async\" loading=\"lazy\" src=\"https:\/\/nordnesrepublikken.no\/wp-content\/uploads\/2026\/03\/opprinnelsen-til-ferien-og-nar-den-faller-i-2026.jpeg\" alt=\"J\u00f8denes utvandring i et trykk fra 1907\" width=\"776\" height=\"888\"\/><\/source><\/source><\/picture><\/figure>\n<\/p><\/div>\n<p>Symbolet p\u00e5 lammet stammer ogs\u00e5 fra j\u00f8disk tradisjon: i feiringen av j\u00f8disk p\u00e5ske husker vi faktisk passasjen til Guds engel (som tillot det j\u00f8diske folk \u00e5 r\u00f8mme fra slaveriet i Egypt) nettopp gjennom ofringen av lammet. Den kristne religion identifiserte alts\u00e5 lammet med Kristus selv, som d\u00f8de og sto opp igjen.<\/p>\n<h2>Den sanne betydningen av h\u00f8ytiden for kristendommen<\/h2>\n<p>Kristendommen, som vi vet, ble f\u00f8dt i det 1. \u00e5rhundre e.Kr <strong>&laquo;undergruppe&raquo; av j\u00f8dedommen<\/strong>som den skilte seg fra med \u00e5rene, og ble en religion i seg selv. Opprinnelig fulgte kristne en rekke forskrifter fra den j\u00f8diske religionen, men de avviste noen (for eksempel praksisen med omskj\u00e6ring) og modifiserte andre. <strong>Slik var det i p\u00e5sken<\/strong>. Fra midten av det 2. \u00e5rhundre e.Kr. C., tildelte de kristne milj\u00f8ene betydningen av til jubileet<strong> feiringen av Jesu oppstandelse<\/strong> og ikke mer enn frigj\u00f8ringen fra slaveriet i Egypt.<\/p>\n<p>Feiringen beveget seg bort fra den j\u00f8diske <strong>ogs\u00e5 for andre betydninger<\/strong>. For kristne er Jesus Messias, det vil si mannen sendt av Gud til jorden for \u00e5 forl\u00f8se menneskeslekten. J\u00f8dene tror imidlertid at Messias enn\u00e5 ikke har kommet. Derfor, mens j\u00f8disk p\u00e5ske har betydningen av \u00e5 vente p\u00e5 Messias, feirer den i kristendommen det stikk motsatte, det vil si hans ankomst til jorden. P\u00e5sken har blitt feiret siden det 2. \u00e5rhundre e.Kr <strong>etablert i hele den kristne verden<\/strong> og det har blitt den viktigste anledningen i det liturgiske \u00e5ret sammen med julen.<\/p>\n<div class=\"cp_wrapper cp_wrapper--fw mb-50\">\n<figure class=\"mm\"><picture class=\"img\" style=\"padding-top:121.75%\"><source  media=\"(min-width: 1024px)\"><source  media=\"(min-width: 768px)\"><img decoding=\"async\" loading=\"lazy\" src=\"https:\/\/nordnesrepublikken.no\/wp-content\/uploads\/2026\/03\/1774925444_782_opprinnelsen-til-ferien-og-nar-den-faller-i-2026.jpeg\" alt=\"Rafaels oppstandelse\" width=\"800\" height=\"974\" class=\"js-seedtag-img\"\/><\/source><\/source><\/picture><\/figure>\n<\/p><\/div>\n<h2><strong>Hvordan beregnes p\u00e5skedatoen og hvorfor endres den hvert \u00e5r?<\/strong><\/h2>\n<p>I \u00e5r faller p\u00e5sken p\u00e5 s\u00f8ndag<strong> 31. mars<\/strong> men datoen er ikke fast: den faller alltid i samme periode, men ikke p\u00e5 samme dag i m\u00e5neden (i antall). For \u00e5 forst\u00e5 \u00e5rsakene til denne s\u00e6regenheten m\u00e5 vi vurdere at datoen for kristen p\u00e5ske opprinnelig var knyttet til den j\u00f8diske p\u00e5sken, som begynner ved solnedgang p\u00e5 dagen <strong>14. i m\u00e5neden nisan<\/strong> og avsluttes den 15. Den j\u00f8diske kalenderen er en <strong>lunisol\u00e6r kalender<\/strong>: beregner tidens gang gjennom m\u00e5nens faser, men siden tolv m\u00e5nem\u00e5neder varer 354-355 dager, legger den til en &laquo;ekstra&raquo; m\u00e5ned hvert tredje \u00e5r for \u00e5 tilpasse kalenderen til sol\u00e5ret. F\u00f8lgelig faller ikke dagene i den j\u00f8diske kalenderen perfekt sammen med dagene for solkalenderene (som m\u00e5ler tidens gang basert p\u00e5 jordens revolusjon rundt solen), som v\u00e5r. <strong>gregoriansk kalender<\/strong>men de faller alltid i samme periode.<\/p>\n<div class=\"cp_wrapper cp_wrapper--fw mb-50\">\n<figure class=\"mm\"><picture class=\"img\" style=\"padding-top:66.7%\"><source  media=\"(min-width: 1024px)\"><source  media=\"(min-width: 768px)\"><img decoding=\"async\" loading=\"lazy\" src=\"https:\/\/nordnesrepublikken.no\/wp-content\/uploads\/2026\/03\/1774925445_508_opprinnelsen-til-ferien-og-nar-den-faller-i-2026.jpeg\" alt=\"En j\u00f8disk kalender fra \u00e5rene 1840-41 (kreditt LGLou)\" width=\"1000\" height=\"667\"\/><\/source><\/source><\/picture><\/figure>\n<\/p><\/div>\n<p>Opprinnelig ble kristen p\u00e5ske feiret <strong>S\u00f8ndag etter den 14. Nisan<\/strong>men datoen var et sp\u00f8rsm\u00e5l om kontrovers. I <strong>325<\/strong> De <strong>r\u00e5det i Nicea<\/strong> han bestemte seg for \u00e5 skille datoen for kristen p\u00e5ske fra den j\u00f8diske, men fortsatte \u00e5 beregne den basert p\u00e5 m\u00e5nesyklusene. R\u00e5det etablerte prinsippet, som fortsatt er i kraft, if\u00f8lge hvilket p\u00e5sken feires i <strong>f\u00f8rste s\u00f8ndag etter f\u00f8rste fullm\u00e5ne etter 21. mars<\/strong> (omtrentlig dato for v\u00e5rjevnd\u00f8gn). P\u00e5sken faller derfor alltid <strong>mellom 22. mars og 25. april<\/strong>.<\/p>\n<h2><strong>P\u00e5sketradisjoner: egg og due<\/strong><\/h2>\n<p>Det er knyttet mange mattradisjoner til p\u00e5sken. Den mest utbredte i verden er den av<strong>sjokolade egg<\/strong>som stammer fra det faktum at egget, p\u00e5 grunn av det faktum at det inneholder liv inni, regnes som et symbol p\u00e5 oppstandelse. Bare italiensk er det imidlertid tradisjon for <strong>p\u00e5skedue<\/strong>oppfunnet p\u00e5 1930-tallet av Motta for \u00e5 lage et p\u00e5ske-&laquo;motstykke&raquo; til panettone, ved \u00e5 bruke de samme ingrediensene og det samme maskineriet. Formen p\u00e5 duen ble valgt fordi den, som representerer renhet og fred, er et av p\u00e5skens symboler. N\u00e5r det gjelder <strong>P\u00e5skehare<\/strong>men vi m\u00e5 g\u00e5 tilbake til den angelsaksiske guddommen v\u00e5ren \u0112oster (opprinnelsen til det engelske ordet <em>p\u00e5ske<\/em>), assosiert p\u00e5 grunn av fruktbarhet og fruktbarhet med kaniner og harer.<\/p>\n<\/p><\/div>\n","protected":false},"excerpt":{"rendered":"<p>TIL p\u00e5skevi kjenner det alle godt, vi spiser duen og ser etter overraskelser inne i<\/p>\n","protected":false},"author":1,"featured_media":16433,"comment_status":"closed","ping_status":"open","sticky":false,"template":"","format":"standard","meta":{"footnotes":""},"categories":[104],"tags":[74,496,2184,16,2162,117],"class_list":["post-16432","post","type-post","status-publish","format-standard","has-post-thumbnail","hentry","category-samfunn","tag-den","tag-faller","tag-ferien","tag-nar","tag-opprinnelsen","tag-til","generate-columns","tablet-grid-50","mobile-grid-100","grid-parent","grid-33","resize-featured-image"],"yoast_head":"<!-- This site is optimized with the Yoast SEO plugin v24.4 - https:\/\/yoast.com\/wordpress\/plugins\/seo\/ -->\n<title>opprinnelsen til ferien og n\u00e5r den faller i 2026 - Nordnesrepublikken<\/title>\n<meta name=\"robots\" content=\"index, follow, max-snippet:-1, max-image-preview:large, max-video-preview:-1\" \/>\n<link rel=\"canonical\" href=\"https:\/\/nordnesrepublikken.no\/index.php\/2026\/03\/31\/opprinnelsen-til-ferien-og-nar-den-faller-i-2026\/\" \/>\n<meta property=\"og:locale\" content=\"nb_NO\" \/>\n<meta property=\"og:type\" content=\"article\" \/>\n<meta property=\"og:title\" content=\"opprinnelsen til ferien og n\u00e5r den faller i 2026 - Nordnesrepublikken\" \/>\n<meta property=\"og:description\" content=\"TIL p\u00e5skevi kjenner det alle godt, vi spiser duen og ser etter overraskelser inne i\" \/>\n<meta property=\"og:url\" content=\"https:\/\/nordnesrepublikken.no\/index.php\/2026\/03\/31\/opprinnelsen-til-ferien-og-nar-den-faller-i-2026\/\" \/>\n<meta property=\"og:site_name\" content=\"Nordnesrepublikken\" \/>\n<meta property=\"article:published_time\" content=\"2026-03-31T02:50:45+00:00\" \/>\n<meta property=\"article:modified_time\" content=\"2026-03-31T02:50:47+00:00\" \/>\n<meta property=\"og:image\" content=\"https:\/\/nordnesrepublikken.no\/wp-content\/uploads\/2026\/03\/1774925446_opprinnelsen-til-ferien-og-nar-den-faller-i-2026.jpg\" \/>\n\t<meta property=\"og:image:width\" content=\"1280\" \/>\n\t<meta property=\"og:image:height\" content=\"720\" \/>\n\t<meta property=\"og:image:type\" content=\"image\/jpeg\" \/>\n<meta name=\"author\" content=\"Ole Andersen\" \/>\n<meta name=\"twitter:card\" content=\"summary_large_image\" \/>\n<meta name=\"twitter:label1\" content=\"Skrevet av\" \/>\n\t<meta name=\"twitter:data1\" content=\"Ole Andersen\" \/>\n\t<meta name=\"twitter:label2\" content=\"Ansl. lesetid\" \/>\n\t<meta name=\"twitter:data2\" content=\"4 minutter\" \/>\n<script type=\"application\/ld+json\" class=\"yoast-schema-graph\">{\"@context\":\"https:\/\/schema.org\",\"@graph\":[{\"@type\":\"Article\",\"@id\":\"https:\/\/nordnesrepublikken.no\/index.php\/2026\/03\/31\/opprinnelsen-til-ferien-og-nar-den-faller-i-2026\/#article\",\"isPartOf\":{\"@id\":\"https:\/\/nordnesrepublikken.no\/index.php\/2026\/03\/31\/opprinnelsen-til-ferien-og-nar-den-faller-i-2026\/\"},\"author\":{\"name\":\"Ole Andersen\",\"@id\":\"https:\/\/nordnesrepublikken.no\/#\/schema\/person\/2e7e81935bab77882fffb79296240ff1\"},\"headline\":\"opprinnelsen til ferien og n\u00e5r den faller i 2026\",\"datePublished\":\"2026-03-31T02:50:45+00:00\",\"dateModified\":\"2026-03-31T02:50:47+00:00\",\"mainEntityOfPage\":{\"@id\":\"https:\/\/nordnesrepublikken.no\/index.php\/2026\/03\/31\/opprinnelsen-til-ferien-og-nar-den-faller-i-2026\/\"},\"wordCount\":883,\"publisher\":{\"@id\":\"https:\/\/nordnesrepublikken.no\/#organization\"},\"image\":{\"@id\":\"https:\/\/nordnesrepublikken.no\/index.php\/2026\/03\/31\/opprinnelsen-til-ferien-og-nar-den-faller-i-2026\/#primaryimage\"},\"thumbnailUrl\":\"https:\/\/nordnesrepublikken.no\/wp-content\/uploads\/2026\/03\/1774925446_opprinnelsen-til-ferien-og-nar-den-faller-i-2026.jpg\",\"keywords\":[\"den\",\"faller\",\"ferien\",\"n\u00e5r\",\"Opprinnelsen\",\"til\"],\"articleSection\":[\"Samfunn\"],\"inLanguage\":\"nb-NO\"},{\"@type\":\"WebPage\",\"@id\":\"https:\/\/nordnesrepublikken.no\/index.php\/2026\/03\/31\/opprinnelsen-til-ferien-og-nar-den-faller-i-2026\/\",\"url\":\"https:\/\/nordnesrepublikken.no\/index.php\/2026\/03\/31\/opprinnelsen-til-ferien-og-nar-den-faller-i-2026\/\",\"name\":\"opprinnelsen til ferien og n\u00e5r den faller i 2026 - Nordnesrepublikken\",\"isPartOf\":{\"@id\":\"https:\/\/nordnesrepublikken.no\/#website\"},\"primaryImageOfPage\":{\"@id\":\"https:\/\/nordnesrepublikken.no\/index.php\/2026\/03\/31\/opprinnelsen-til-ferien-og-nar-den-faller-i-2026\/#primaryimage\"},\"image\":{\"@id\":\"https:\/\/nordnesrepublikken.no\/index.php\/2026\/03\/31\/opprinnelsen-til-ferien-og-nar-den-faller-i-2026\/#primaryimage\"},\"thumbnailUrl\":\"https:\/\/nordnesrepublikken.no\/wp-content\/uploads\/2026\/03\/1774925446_opprinnelsen-til-ferien-og-nar-den-faller-i-2026.jpg\",\"datePublished\":\"2026-03-31T02:50:45+00:00\",\"dateModified\":\"2026-03-31T02:50:47+00:00\",\"breadcrumb\":{\"@id\":\"https:\/\/nordnesrepublikken.no\/index.php\/2026\/03\/31\/opprinnelsen-til-ferien-og-nar-den-faller-i-2026\/#breadcrumb\"},\"inLanguage\":\"nb-NO\",\"potentialAction\":[{\"@type\":\"ReadAction\",\"target\":[\"https:\/\/nordnesrepublikken.no\/index.php\/2026\/03\/31\/opprinnelsen-til-ferien-og-nar-den-faller-i-2026\/\"]}]},{\"@type\":\"ImageObject\",\"inLanguage\":\"nb-NO\",\"@id\":\"https:\/\/nordnesrepublikken.no\/index.php\/2026\/03\/31\/opprinnelsen-til-ferien-og-nar-den-faller-i-2026\/#primaryimage\",\"url\":\"https:\/\/nordnesrepublikken.no\/wp-content\/uploads\/2026\/03\/1774925446_opprinnelsen-til-ferien-og-nar-den-faller-i-2026.jpg\",\"contentUrl\":\"https:\/\/nordnesrepublikken.no\/wp-content\/uploads\/2026\/03\/1774925446_opprinnelsen-til-ferien-og-nar-den-faller-i-2026.jpg\",\"width\":1280,\"height\":720,\"caption\":\"opprinnelsen til ferien og n\u00e5r den faller i 2026\"},{\"@type\":\"BreadcrumbList\",\"@id\":\"https:\/\/nordnesrepublikken.no\/index.php\/2026\/03\/31\/opprinnelsen-til-ferien-og-nar-den-faller-i-2026\/#breadcrumb\",\"itemListElement\":[{\"@type\":\"ListItem\",\"position\":1,\"name\":\"Home\",\"item\":\"https:\/\/nordnesrepublikken.no\/\"},{\"@type\":\"ListItem\",\"position\":2,\"name\":\"opprinnelsen til ferien og n\u00e5r den faller i 2026\"}]},{\"@type\":\"WebSite\",\"@id\":\"https:\/\/nordnesrepublikken.no\/#website\",\"url\":\"https:\/\/nordnesrepublikken.no\/\",\"name\":\"Nordnesrepublikken\",\"description\":\"Stemmer og Visjoner fra Republikkens Hjerte\",\"publisher\":{\"@id\":\"https:\/\/nordnesrepublikken.no\/#organization\"},\"potentialAction\":[{\"@type\":\"SearchAction\",\"target\":{\"@type\":\"EntryPoint\",\"urlTemplate\":\"https:\/\/nordnesrepublikken.no\/?s={search_term_string}\"},\"query-input\":{\"@type\":\"PropertyValueSpecification\",\"valueRequired\":true,\"valueName\":\"search_term_string\"}}],\"inLanguage\":\"nb-NO\"},{\"@type\":\"Organization\",\"@id\":\"https:\/\/nordnesrepublikken.no\/#organization\",\"name\":\"Nordnesrepublikken\",\"url\":\"https:\/\/nordnesrepublikken.no\/\",\"logo\":{\"@type\":\"ImageObject\",\"inLanguage\":\"nb-NO\",\"@id\":\"https:\/\/nordnesrepublikken.no\/#\/schema\/logo\/image\/\",\"url\":\"https:\/\/nordnesrepublikken.no\/wp-content\/uploads\/2025\/02\/cropped-nordnesrepublikken-2.png\",\"contentUrl\":\"https:\/\/nordnesrepublikken.no\/wp-content\/uploads\/2025\/02\/cropped-nordnesrepublikken-2.png\",\"width\":1248,\"height\":362,\"caption\":\"Nordnesrepublikken\"},\"image\":{\"@id\":\"https:\/\/nordnesrepublikken.no\/#\/schema\/logo\/image\/\"}},{\"@type\":\"Person\",\"@id\":\"https:\/\/nordnesrepublikken.no\/#\/schema\/person\/2e7e81935bab77882fffb79296240ff1\",\"name\":\"Ole Andersen\",\"image\":{\"@type\":\"ImageObject\",\"inLanguage\":\"nb-NO\",\"@id\":\"https:\/\/nordnesrepublikken.no\/#\/schema\/person\/image\/\",\"url\":\"https:\/\/nordnesrepublikken.no\/wp-content\/uploads\/2025\/02\/nordnesrepublikken-2-2-150x150.jpg\",\"contentUrl\":\"https:\/\/nordnesrepublikken.no\/wp-content\/uploads\/2025\/02\/nordnesrepublikken-2-2-150x150.jpg\",\"caption\":\"Ole Andersen\"},\"description\":\"Ettersom jeg vokste opp i Oslo, har jeg alltid v\u00e6rt fascinert av ordenes kraft og deres evne til \u00e5 skape endringer. Etter \u00e5 ha fullf\u00f8rt min utdannelse i kommunikasjon ved Universitetet i Bergen, fikk jeg muligheten til \u00e5 jobbe innen ulike medier, der jeg har s\u00f8kt \u00e5 belyse viktige samfunnssp\u00f8rsm\u00e5l. I dag, som redakt\u00f8r for Nordnesrepublikken, pr\u00f8ver jeg \u00e5 forene min kj\u00e6rlighet for journalistikk med min lidenskap for innovasjon og eventyr.\",\"sameAs\":[\"https:\/\/nordnesrepublikken.no\/\"]}]}<\/script>\n<!-- \/ Yoast SEO plugin. -->","yoast_head_json":{"title":"opprinnelsen til ferien og n\u00e5r den faller i 2026 - Nordnesrepublikken","robots":{"index":"index","follow":"follow","max-snippet":"max-snippet:-1","max-image-preview":"max-image-preview:large","max-video-preview":"max-video-preview:-1"},"canonical":"https:\/\/nordnesrepublikken.no\/index.php\/2026\/03\/31\/opprinnelsen-til-ferien-og-nar-den-faller-i-2026\/","og_locale":"nb_NO","og_type":"article","og_title":"opprinnelsen til ferien og n\u00e5r den faller i 2026 - Nordnesrepublikken","og_description":"TIL p\u00e5skevi kjenner det alle godt, vi spiser duen og ser etter overraskelser inne i","og_url":"https:\/\/nordnesrepublikken.no\/index.php\/2026\/03\/31\/opprinnelsen-til-ferien-og-nar-den-faller-i-2026\/","og_site_name":"Nordnesrepublikken","article_published_time":"2026-03-31T02:50:45+00:00","article_modified_time":"2026-03-31T02:50:47+00:00","og_image":[{"width":1280,"height":720,"url":"https:\/\/nordnesrepublikken.no\/wp-content\/uploads\/2026\/03\/1774925446_opprinnelsen-til-ferien-og-nar-den-faller-i-2026.jpg","type":"image\/jpeg"}],"author":"Ole Andersen","twitter_card":"summary_large_image","twitter_misc":{"Skrevet av":"Ole Andersen","Ansl. lesetid":"4 minutter"},"schema":{"@context":"https:\/\/schema.org","@graph":[{"@type":"Article","@id":"https:\/\/nordnesrepublikken.no\/index.php\/2026\/03\/31\/opprinnelsen-til-ferien-og-nar-den-faller-i-2026\/#article","isPartOf":{"@id":"https:\/\/nordnesrepublikken.no\/index.php\/2026\/03\/31\/opprinnelsen-til-ferien-og-nar-den-faller-i-2026\/"},"author":{"name":"Ole Andersen","@id":"https:\/\/nordnesrepublikken.no\/#\/schema\/person\/2e7e81935bab77882fffb79296240ff1"},"headline":"opprinnelsen til ferien og n\u00e5r den faller i 2026","datePublished":"2026-03-31T02:50:45+00:00","dateModified":"2026-03-31T02:50:47+00:00","mainEntityOfPage":{"@id":"https:\/\/nordnesrepublikken.no\/index.php\/2026\/03\/31\/opprinnelsen-til-ferien-og-nar-den-faller-i-2026\/"},"wordCount":883,"publisher":{"@id":"https:\/\/nordnesrepublikken.no\/#organization"},"image":{"@id":"https:\/\/nordnesrepublikken.no\/index.php\/2026\/03\/31\/opprinnelsen-til-ferien-og-nar-den-faller-i-2026\/#primaryimage"},"thumbnailUrl":"https:\/\/nordnesrepublikken.no\/wp-content\/uploads\/2026\/03\/1774925446_opprinnelsen-til-ferien-og-nar-den-faller-i-2026.jpg","keywords":["den","faller","ferien","n\u00e5r","Opprinnelsen","til"],"articleSection":["Samfunn"],"inLanguage":"nb-NO"},{"@type":"WebPage","@id":"https:\/\/nordnesrepublikken.no\/index.php\/2026\/03\/31\/opprinnelsen-til-ferien-og-nar-den-faller-i-2026\/","url":"https:\/\/nordnesrepublikken.no\/index.php\/2026\/03\/31\/opprinnelsen-til-ferien-og-nar-den-faller-i-2026\/","name":"opprinnelsen til ferien og n\u00e5r den faller i 2026 - Nordnesrepublikken","isPartOf":{"@id":"https:\/\/nordnesrepublikken.no\/#website"},"primaryImageOfPage":{"@id":"https:\/\/nordnesrepublikken.no\/index.php\/2026\/03\/31\/opprinnelsen-til-ferien-og-nar-den-faller-i-2026\/#primaryimage"},"image":{"@id":"https:\/\/nordnesrepublikken.no\/index.php\/2026\/03\/31\/opprinnelsen-til-ferien-og-nar-den-faller-i-2026\/#primaryimage"},"thumbnailUrl":"https:\/\/nordnesrepublikken.no\/wp-content\/uploads\/2026\/03\/1774925446_opprinnelsen-til-ferien-og-nar-den-faller-i-2026.jpg","datePublished":"2026-03-31T02:50:45+00:00","dateModified":"2026-03-31T02:50:47+00:00","breadcrumb":{"@id":"https:\/\/nordnesrepublikken.no\/index.php\/2026\/03\/31\/opprinnelsen-til-ferien-og-nar-den-faller-i-2026\/#breadcrumb"},"inLanguage":"nb-NO","potentialAction":[{"@type":"ReadAction","target":["https:\/\/nordnesrepublikken.no\/index.php\/2026\/03\/31\/opprinnelsen-til-ferien-og-nar-den-faller-i-2026\/"]}]},{"@type":"ImageObject","inLanguage":"nb-NO","@id":"https:\/\/nordnesrepublikken.no\/index.php\/2026\/03\/31\/opprinnelsen-til-ferien-og-nar-den-faller-i-2026\/#primaryimage","url":"https:\/\/nordnesrepublikken.no\/wp-content\/uploads\/2026\/03\/1774925446_opprinnelsen-til-ferien-og-nar-den-faller-i-2026.jpg","contentUrl":"https:\/\/nordnesrepublikken.no\/wp-content\/uploads\/2026\/03\/1774925446_opprinnelsen-til-ferien-og-nar-den-faller-i-2026.jpg","width":1280,"height":720,"caption":"opprinnelsen til ferien og n\u00e5r den faller i 2026"},{"@type":"BreadcrumbList","@id":"https:\/\/nordnesrepublikken.no\/index.php\/2026\/03\/31\/opprinnelsen-til-ferien-og-nar-den-faller-i-2026\/#breadcrumb","itemListElement":[{"@type":"ListItem","position":1,"name":"Home","item":"https:\/\/nordnesrepublikken.no\/"},{"@type":"ListItem","position":2,"name":"opprinnelsen til ferien og n\u00e5r den faller i 2026"}]},{"@type":"WebSite","@id":"https:\/\/nordnesrepublikken.no\/#website","url":"https:\/\/nordnesrepublikken.no\/","name":"Nordnesrepublikken","description":"Stemmer og Visjoner fra Republikkens Hjerte","publisher":{"@id":"https:\/\/nordnesrepublikken.no\/#organization"},"potentialAction":[{"@type":"SearchAction","target":{"@type":"EntryPoint","urlTemplate":"https:\/\/nordnesrepublikken.no\/?s={search_term_string}"},"query-input":{"@type":"PropertyValueSpecification","valueRequired":true,"valueName":"search_term_string"}}],"inLanguage":"nb-NO"},{"@type":"Organization","@id":"https:\/\/nordnesrepublikken.no\/#organization","name":"Nordnesrepublikken","url":"https:\/\/nordnesrepublikken.no\/","logo":{"@type":"ImageObject","inLanguage":"nb-NO","@id":"https:\/\/nordnesrepublikken.no\/#\/schema\/logo\/image\/","url":"https:\/\/nordnesrepublikken.no\/wp-content\/uploads\/2025\/02\/cropped-nordnesrepublikken-2.png","contentUrl":"https:\/\/nordnesrepublikken.no\/wp-content\/uploads\/2025\/02\/cropped-nordnesrepublikken-2.png","width":1248,"height":362,"caption":"Nordnesrepublikken"},"image":{"@id":"https:\/\/nordnesrepublikken.no\/#\/schema\/logo\/image\/"}},{"@type":"Person","@id":"https:\/\/nordnesrepublikken.no\/#\/schema\/person\/2e7e81935bab77882fffb79296240ff1","name":"Ole Andersen","image":{"@type":"ImageObject","inLanguage":"nb-NO","@id":"https:\/\/nordnesrepublikken.no\/#\/schema\/person\/image\/","url":"https:\/\/nordnesrepublikken.no\/wp-content\/uploads\/2025\/02\/nordnesrepublikken-2-2-150x150.jpg","contentUrl":"https:\/\/nordnesrepublikken.no\/wp-content\/uploads\/2025\/02\/nordnesrepublikken-2-2-150x150.jpg","caption":"Ole Andersen"},"description":"Ettersom jeg vokste opp i Oslo, har jeg alltid v\u00e6rt fascinert av ordenes kraft og deres evne til \u00e5 skape endringer. Etter \u00e5 ha fullf\u00f8rt min utdannelse i kommunikasjon ved Universitetet i Bergen, fikk jeg muligheten til \u00e5 jobbe innen ulike medier, der jeg har s\u00f8kt \u00e5 belyse viktige samfunnssp\u00f8rsm\u00e5l. I dag, som redakt\u00f8r for Nordnesrepublikken, pr\u00f8ver jeg \u00e5 forene min kj\u00e6rlighet for journalistikk med min lidenskap for innovasjon og eventyr.","sameAs":["https:\/\/nordnesrepublikken.no\/"]}]}},"_links":{"self":[{"href":"https:\/\/nordnesrepublikken.no\/index.php\/wp-json\/wp\/v2\/posts\/16432","targetHints":{"allow":["GET"]}}],"collection":[{"href":"https:\/\/nordnesrepublikken.no\/index.php\/wp-json\/wp\/v2\/posts"}],"about":[{"href":"https:\/\/nordnesrepublikken.no\/index.php\/wp-json\/wp\/v2\/types\/post"}],"author":[{"embeddable":true,"href":"https:\/\/nordnesrepublikken.no\/index.php\/wp-json\/wp\/v2\/users\/1"}],"replies":[{"embeddable":true,"href":"https:\/\/nordnesrepublikken.no\/index.php\/wp-json\/wp\/v2\/comments?post=16432"}],"version-history":[{"count":1,"href":"https:\/\/nordnesrepublikken.no\/index.php\/wp-json\/wp\/v2\/posts\/16432\/revisions"}],"predecessor-version":[{"id":16434,"href":"https:\/\/nordnesrepublikken.no\/index.php\/wp-json\/wp\/v2\/posts\/16432\/revisions\/16434"}],"wp:featuredmedia":[{"embeddable":true,"href":"https:\/\/nordnesrepublikken.no\/index.php\/wp-json\/wp\/v2\/media\/16433"}],"wp:attachment":[{"href":"https:\/\/nordnesrepublikken.no\/index.php\/wp-json\/wp\/v2\/media?parent=16432"}],"wp:term":[{"taxonomy":"category","embeddable":true,"href":"https:\/\/nordnesrepublikken.no\/index.php\/wp-json\/wp\/v2\/categories?post=16432"},{"taxonomy":"post_tag","embeddable":true,"href":"https:\/\/nordnesrepublikken.no\/index.php\/wp-json\/wp\/v2\/tags?post=16432"}],"curies":[{"name":"wp","href":"https:\/\/api.w.org\/{rel}","templated":true}]}}