{"id":16420,"date":"2026-03-30T20:50:55","date_gmt":"2026-03-30T18:50:55","guid":{"rendered":"https:\/\/nordnesrepublikken.no\/index.php\/2026\/03\/30\/europeiske-flyplasskoer-nar-2-timer-ettersom-paskens-reiserush-moter-nye-grensekontroller\/"},"modified":"2026-03-30T20:50:57","modified_gmt":"2026-03-30T18:50:57","slug":"europeiske-flyplasskoer-nar-2-timer-ettersom-paskens-reiserush-moter-nye-grensekontroller","status":"publish","type":"post","link":"https:\/\/nordnesrepublikken.no\/index.php\/2026\/03\/30\/europeiske-flyplasskoer-nar-2-timer-ettersom-paskens-reiserush-moter-nye-grensekontroller\/","title":{"rendered":"Europeiske flyplassk\u00f8er n\u00e5r 2 timer ettersom p\u00e5skens reiserush m\u00f8ter nye grensekontroller"},"content":{"rendered":"<p><\/p>\n<div class=\"wordpress-content\">\n                    <!-- Article Start --><\/p>\n<p>Passasjerer som ankommer Europa st\u00e5r allerede overfor lange ventetider p\u00e5 flyplasser, med k\u00f8er p\u00e5 opptil to timer ettersom p\u00e5skens reiserush starter sammen med nye EU-grensekontroller. Flyselskaper og flyplassoperat\u00f8rer sier at forsinkelser bygger seg n\u00e5 \u2013 ikke i teorien \u2013 ettersom Entry-Exit System (EES) fortsetter \u00e5 rulle ut over Schengen-omr\u00e5det.<\/p>\n<p>Med reisevolumet allerede \u00f8kende i dagene frem til p\u00e5ske, er bekymringen at k\u00f8ene kan bli enda lengre i uken som kommer.<\/p>\n<h2>K\u00f8ene bygger allerede \u2013 og det er bare starten p\u00e5 hastverket<\/h2>\n<p>Dette handler ikke om hva som kan skje senere.<\/p>\n<div class=\"sra_unit\"><link rel=\"stylesheet\" id=\"block-sra\" href=\"https:\/\/euroweeklynews.com\/wp-content\/plugins\/snack-related-articles\/dist\/css\/snack-related.min.css?250312-193541\" type=\"text\/css\" media=\"all\">\n<\/div>\n<p>Flyplasser over hele Europa rapporterer allerede lengre ventetider enn vanlig ved passkontroll, spesielt for passasjerer som ankommer utenfor EU.<\/p>\n<p>P\u00e5 travle tider p\u00e5 d\u00f8gnet strekker k\u00f8ene seg n\u00e6r \u2013 og noen ganger utover \u2013 to timer.<\/p>\n<p>Det er f\u00f8r p\u00e5sketurtoppen n\u00e5r for fullt. Og det er det som bekymrer bransjen.<\/p>\n<p>Fordi antallet passasjerer bare kommer til \u00e5 \u00f8ke i l\u00f8pet av de neste dagene, spesielt p\u00e5 n\u00f8kkelruter mellom Storbritannia og S\u00f8r-Europa, inkludert Spania.<\/p>\n<h2>Hvorfor det nye systemet bremser ting<\/h2>\n<p>Forsinkelsene er knyttet til den gradvise utrullingen av EUs Entry-Exit System.<\/p>\n<p>I stedet for et raskt passstempel, g\u00e5r reisende n\u00e5 gjennom en litt lengre prosess. Passet deres er skannet, men de m\u00e5 ogs\u00e5 gi biometriske data \u2013 fingeravtrykk og et ansiktsbilde.<\/p>\n<p>P\u00e5 papiret er det en liten endring. I virkeligheten bremser det ting n\u00e5r et stort antall mennesker kommer p\u00e5 en gang.<\/p>\n<p>Hver passasjer tar litt lengre tid \u00e5 behandle. Multipliser det over en hel flytur \u2013 eller flere flyreiser som lander tett sammen \u2013 og k\u00f8ene bygges raskt.<\/p>\n<p>Flyplasser sier at dette er akkurat det som skjer akkurat n\u00e5.<\/p>\n<h2>Hvorfor situasjonen kan bli verre de neste dagene<\/h2>\n<p>S\u00e5 langt har grensemyndighetene hatt en viss fleksibilitet. N\u00e5r k\u00f8ene ble for lange, kunne de lette deler av prosessen eller midlertidig justere hvordan systemet ble brukt for \u00e5 holde ting i gang.<\/p>\n<p>Men den fleksibiliteten er i ferd med \u00e5 bli redusert.<\/p>\n<p>I l\u00f8pet av de kommende dagene vil systemet g\u00e5 over til full registrering av alle kvalifiserte reisende, kort etterfulgt av slutten av overgangsfasen.<\/p>\n<p>Det betyr f\u00e6rre alternativer for \u00e5 tilpasse seg n\u00e5r ting blir travelt. Og med p\u00e5skereiser allerede i gang, er timingen langt fra ideell.<\/p>\n<h2>Flyplasser sier at n\u00f8kkelproblemer fortsatt ikke er l\u00f8st<\/h2>\n<p>Flyselskaper og flyplassoperat\u00f8rer har reist de samme bekymringene i flere m\u00e5neder \u2013 og de er der fortsatt.<\/p>\n<p>Bemanning er fortsatt en utfordring. Grensekontrollen trenger nok offiserer til \u00e5 behandle passasjerer raskt, og det er ikke alltid tilfelle.<\/p>\n<p>Teknologi er en annen sak.<\/p>\n<p>Selvbetjente kiosker, som er ment \u00e5 f\u00e5 fart p\u00e5 ting, fungerer ikke alltid som det skal eller brukes etter hensikten. P\u00e5 noen flyplasser ender passasjerer fortsatt i k\u00f8 for manuelle kontroller.<\/p>\n<p>Det er ogs\u00e5 bekymringer om p\u00e5liteligheten til det sentrale IT-systemet bak EES.<\/p>\n<p>Og forh\u00e5ndsregistreringsverkt\u00f8yene som skulle bidra til \u00e5 lette overbelastningen? De blir knapt brukt i de fleste land.<\/p>\n<p>Alt dette legger til press i det verst tenkelige \u00f8yeblikket \u2013 n\u00e5r passasjertallet stiger.<\/p>\n<h2>Hva dette betyr for briter og expats som reiser til Spania<\/h2>\n<p>For britiske reisende p\u00e5 vei til Spania, Frankrike eller andre steder i Schengen-omr\u00e5det betyr dette \u00e9n ting: forvent forsinkelser ved passkontrollen.<\/p>\n<p>Selv om flyet ditt er i tide, kan det ta lengre tid \u00e5 komme seg gjennom flyplassen enn vanlig.<\/p>\n<p>Og virkningen stopper ikke der. N\u00e5r grensek\u00f8er bygger seg opp, kan de p\u00e5virke hele flyplassflyten \u2013 fra bagasjegjenvinning til videre forbindelser.<\/p>\n<p>For expats som bor i Spania som reiser ofte mellom Storbritannia og Europa, er dette noe \u00e5 huske p\u00e5, ikke bare i p\u00e5sken, men for m\u00e5nedene fremover.<\/p>\n<h2>Flyselskaper ber om mer fleksibilitet \u2013 men tiden er knapp<\/h2>\n<p>Flyplasser og flyselskaper er ikke mot selve systemet. De st\u00f8tter m\u00e5let om \u00e5 forbedre grensekontrollen og spore inn- og utreiser mer n\u00f8yaktig.<\/p>\n<p>Men de ber om \u00e9n viktig ting: fleksibilitet. Evnen til \u00e5 bremse eller midlertidig suspendere deler av systemet i h\u00f8ye perioder har bidratt til \u00e5 forhindre verre forstyrrelser s\u00e5 langt.<\/p>\n<p>N\u00e5, med den fleksibiliteten som skal reduseres, advarer industrien om at k\u00f8er kan bli en vanlig funksjon \u2013 ikke bare et midlertidig problem.<\/p>\n<h2>Hva reisende b\u00f8r gj\u00f8re akkurat n\u00e5<\/h2>\n<p>Hvis du flyr inn i Europa i l\u00f8pet av de neste dagene, er den sikreste tiln\u00e6rmingen enkel: planlegg for forsinkelser.<\/p>\n<p>Kom tidlig, v\u00e6r t\u00e5lmodig ved passkontrollen, og sett av ekstra tid hvis du har forbindelser. For akkurat n\u00e5 er forsinkelsene ikke en mulighet. De skjer allerede.<\/p>\n<p>                    <!-- Originally published at https:\/\/euroweeklynews.com\/2026\/03\/30\/europe-airport-queues-hit-2-hours-as-easter-travel-rush-meets-new-border-checks\/ on 30 Mar 2026 at 20:50 by Farah Mokrani --><br \/>\n                    <!-- Article End -->\n                <\/div>\n","protected":false},"excerpt":{"rendered":"<p>Passasjerer som ankommer Europa st\u00e5r allerede overfor lange ventetider p\u00e5 flyplasser, med k\u00f8er p\u00e5 opptil<\/p>\n","protected":false},"author":1,"featured_media":16421,"comment_status":"closed","ping_status":"open","sticky":false,"template":"","format":"standard","meta":{"footnotes":""},"categories":[105],"tags":[2870,412,8197,4663,695,16,260,10640,10641,4167],"class_list":["post-16420","post","type-post","status-publish","format-standard","has-post-thumbnail","hentry","category-livsstil","tag-ettersom","tag-europeiske","tag-flyplasskoer","tag-grensekontroller","tag-moter","tag-nar","tag-nye","tag-paskens","tag-reiserush","tag-timer","generate-columns","tablet-grid-50","mobile-grid-100","grid-parent","grid-33","resize-featured-image"],"yoast_head":"<!-- This site is optimized with the Yoast SEO plugin v24.4 - https:\/\/yoast.com\/wordpress\/plugins\/seo\/ -->\n<title>Europeiske flyplassk\u00f8er n\u00e5r 2 timer ettersom p\u00e5skens reiserush m\u00f8ter nye grensekontroller - Nordnesrepublikken<\/title>\n<meta name=\"robots\" content=\"index, follow, max-snippet:-1, max-image-preview:large, max-video-preview:-1\" \/>\n<link rel=\"canonical\" href=\"https:\/\/nordnesrepublikken.no\/index.php\/2026\/03\/30\/europeiske-flyplasskoer-nar-2-timer-ettersom-paskens-reiserush-moter-nye-grensekontroller\/\" \/>\n<meta property=\"og:locale\" content=\"nb_NO\" \/>\n<meta property=\"og:type\" content=\"article\" \/>\n<meta property=\"og:title\" content=\"Europeiske flyplassk\u00f8er n\u00e5r 2 timer ettersom p\u00e5skens reiserush m\u00f8ter nye grensekontroller - Nordnesrepublikken\" \/>\n<meta property=\"og:description\" content=\"Passasjerer som ankommer Europa st\u00e5r allerede overfor lange ventetider p\u00e5 flyplasser, med k\u00f8er p\u00e5 opptil\" \/>\n<meta property=\"og:url\" content=\"https:\/\/nordnesrepublikken.no\/index.php\/2026\/03\/30\/europeiske-flyplasskoer-nar-2-timer-ettersom-paskens-reiserush-moter-nye-grensekontroller\/\" \/>\n<meta property=\"og:site_name\" content=\"Nordnesrepublikken\" \/>\n<meta property=\"article:published_time\" content=\"2026-03-30T18:50:55+00:00\" \/>\n<meta property=\"article:modified_time\" content=\"2026-03-30T18:50:57+00:00\" \/>\n<meta property=\"og:image\" content=\"https:\/\/nordnesrepublikken.no\/wp-content\/uploads\/2026\/03\/1774896656_Europeiske-flyplasskoer-nar-2-timer-ettersom-paskens-reiserush-moter-nye.jpg\" \/>\n\t<meta property=\"og:image:width\" content=\"1200\" \/>\n\t<meta property=\"og:image:height\" content=\"798\" \/>\n\t<meta property=\"og:image:type\" content=\"image\/jpeg\" \/>\n<meta name=\"author\" content=\"Ole Andersen\" \/>\n<meta name=\"twitter:card\" content=\"summary_large_image\" \/>\n<meta name=\"twitter:label1\" content=\"Skrevet av\" \/>\n\t<meta name=\"twitter:data1\" content=\"Ole Andersen\" \/>\n\t<meta name=\"twitter:label2\" content=\"Ansl. lesetid\" \/>\n\t<meta name=\"twitter:data2\" content=\"4 minutter\" \/>\n<script type=\"application\/ld+json\" class=\"yoast-schema-graph\">{\"@context\":\"https:\/\/schema.org\",\"@graph\":[{\"@type\":\"Article\",\"@id\":\"https:\/\/nordnesrepublikken.no\/index.php\/2026\/03\/30\/europeiske-flyplasskoer-nar-2-timer-ettersom-paskens-reiserush-moter-nye-grensekontroller\/#article\",\"isPartOf\":{\"@id\":\"https:\/\/nordnesrepublikken.no\/index.php\/2026\/03\/30\/europeiske-flyplasskoer-nar-2-timer-ettersom-paskens-reiserush-moter-nye-grensekontroller\/\"},\"author\":{\"name\":\"Ole Andersen\",\"@id\":\"https:\/\/nordnesrepublikken.no\/#\/schema\/person\/2e7e81935bab77882fffb79296240ff1\"},\"headline\":\"Europeiske flyplassk\u00f8er n\u00e5r 2 timer ettersom p\u00e5skens reiserush m\u00f8ter nye grensekontroller\",\"datePublished\":\"2026-03-30T18:50:55+00:00\",\"dateModified\":\"2026-03-30T18:50:57+00:00\",\"mainEntityOfPage\":{\"@id\":\"https:\/\/nordnesrepublikken.no\/index.php\/2026\/03\/30\/europeiske-flyplasskoer-nar-2-timer-ettersom-paskens-reiserush-moter-nye-grensekontroller\/\"},\"wordCount\":763,\"publisher\":{\"@id\":\"https:\/\/nordnesrepublikken.no\/#organization\"},\"image\":{\"@id\":\"https:\/\/nordnesrepublikken.no\/index.php\/2026\/03\/30\/europeiske-flyplasskoer-nar-2-timer-ettersom-paskens-reiserush-moter-nye-grensekontroller\/#primaryimage\"},\"thumbnailUrl\":\"https:\/\/nordnesrepublikken.no\/wp-content\/uploads\/2026\/03\/1774896656_Europeiske-flyplasskoer-nar-2-timer-ettersom-paskens-reiserush-moter-nye.jpg\",\"keywords\":[\"Ettersom\",\"europeiske\",\"flyplassk\u00f8er\",\"grensekontroller\",\"m\u00f8ter\",\"n\u00e5r\",\"nye\",\"p\u00e5skens\",\"reiserush\",\"timer\"],\"articleSection\":[\"Livsstil\"],\"inLanguage\":\"nb-NO\"},{\"@type\":\"WebPage\",\"@id\":\"https:\/\/nordnesrepublikken.no\/index.php\/2026\/03\/30\/europeiske-flyplasskoer-nar-2-timer-ettersom-paskens-reiserush-moter-nye-grensekontroller\/\",\"url\":\"https:\/\/nordnesrepublikken.no\/index.php\/2026\/03\/30\/europeiske-flyplasskoer-nar-2-timer-ettersom-paskens-reiserush-moter-nye-grensekontroller\/\",\"name\":\"Europeiske flyplassk\u00f8er n\u00e5r 2 timer ettersom p\u00e5skens reiserush m\u00f8ter nye grensekontroller - Nordnesrepublikken\",\"isPartOf\":{\"@id\":\"https:\/\/nordnesrepublikken.no\/#website\"},\"primaryImageOfPage\":{\"@id\":\"https:\/\/nordnesrepublikken.no\/index.php\/2026\/03\/30\/europeiske-flyplasskoer-nar-2-timer-ettersom-paskens-reiserush-moter-nye-grensekontroller\/#primaryimage\"},\"image\":{\"@id\":\"https:\/\/nordnesrepublikken.no\/index.php\/2026\/03\/30\/europeiske-flyplasskoer-nar-2-timer-ettersom-paskens-reiserush-moter-nye-grensekontroller\/#primaryimage\"},\"thumbnailUrl\":\"https:\/\/nordnesrepublikken.no\/wp-content\/uploads\/2026\/03\/1774896656_Europeiske-flyplasskoer-nar-2-timer-ettersom-paskens-reiserush-moter-nye.jpg\",\"datePublished\":\"2026-03-30T18:50:55+00:00\",\"dateModified\":\"2026-03-30T18:50:57+00:00\",\"breadcrumb\":{\"@id\":\"https:\/\/nordnesrepublikken.no\/index.php\/2026\/03\/30\/europeiske-flyplasskoer-nar-2-timer-ettersom-paskens-reiserush-moter-nye-grensekontroller\/#breadcrumb\"},\"inLanguage\":\"nb-NO\",\"potentialAction\":[{\"@type\":\"ReadAction\",\"target\":[\"https:\/\/nordnesrepublikken.no\/index.php\/2026\/03\/30\/europeiske-flyplasskoer-nar-2-timer-ettersom-paskens-reiserush-moter-nye-grensekontroller\/\"]}]},{\"@type\":\"ImageObject\",\"inLanguage\":\"nb-NO\",\"@id\":\"https:\/\/nordnesrepublikken.no\/index.php\/2026\/03\/30\/europeiske-flyplasskoer-nar-2-timer-ettersom-paskens-reiserush-moter-nye-grensekontroller\/#primaryimage\",\"url\":\"https:\/\/nordnesrepublikken.no\/wp-content\/uploads\/2026\/03\/1774896656_Europeiske-flyplasskoer-nar-2-timer-ettersom-paskens-reiserush-moter-nye.jpg\",\"contentUrl\":\"https:\/\/nordnesrepublikken.no\/wp-content\/uploads\/2026\/03\/1774896656_Europeiske-flyplasskoer-nar-2-timer-ettersom-paskens-reiserush-moter-nye.jpg\",\"width\":1200,\"height\":798,\"caption\":\"Europeiske flyplassk\u00f8er n\u00e5r 2 timer ettersom p\u00e5skens reiserush m\u00f8ter nye grensekontroller\"},{\"@type\":\"BreadcrumbList\",\"@id\":\"https:\/\/nordnesrepublikken.no\/index.php\/2026\/03\/30\/europeiske-flyplasskoer-nar-2-timer-ettersom-paskens-reiserush-moter-nye-grensekontroller\/#breadcrumb\",\"itemListElement\":[{\"@type\":\"ListItem\",\"position\":1,\"name\":\"Home\",\"item\":\"https:\/\/nordnesrepublikken.no\/\"},{\"@type\":\"ListItem\",\"position\":2,\"name\":\"Europeiske flyplassk\u00f8er n\u00e5r 2 timer ettersom p\u00e5skens reiserush m\u00f8ter nye grensekontroller\"}]},{\"@type\":\"WebSite\",\"@id\":\"https:\/\/nordnesrepublikken.no\/#website\",\"url\":\"https:\/\/nordnesrepublikken.no\/\",\"name\":\"Nordnesrepublikken\",\"description\":\"Stemmer og Visjoner fra Republikkens Hjerte\",\"publisher\":{\"@id\":\"https:\/\/nordnesrepublikken.no\/#organization\"},\"potentialAction\":[{\"@type\":\"SearchAction\",\"target\":{\"@type\":\"EntryPoint\",\"urlTemplate\":\"https:\/\/nordnesrepublikken.no\/?s={search_term_string}\"},\"query-input\":{\"@type\":\"PropertyValueSpecification\",\"valueRequired\":true,\"valueName\":\"search_term_string\"}}],\"inLanguage\":\"nb-NO\"},{\"@type\":\"Organization\",\"@id\":\"https:\/\/nordnesrepublikken.no\/#organization\",\"name\":\"Nordnesrepublikken\",\"url\":\"https:\/\/nordnesrepublikken.no\/\",\"logo\":{\"@type\":\"ImageObject\",\"inLanguage\":\"nb-NO\",\"@id\":\"https:\/\/nordnesrepublikken.no\/#\/schema\/logo\/image\/\",\"url\":\"https:\/\/nordnesrepublikken.no\/wp-content\/uploads\/2025\/02\/cropped-nordnesrepublikken-2.png\",\"contentUrl\":\"https:\/\/nordnesrepublikken.no\/wp-content\/uploads\/2025\/02\/cropped-nordnesrepublikken-2.png\",\"width\":1248,\"height\":362,\"caption\":\"Nordnesrepublikken\"},\"image\":{\"@id\":\"https:\/\/nordnesrepublikken.no\/#\/schema\/logo\/image\/\"}},{\"@type\":\"Person\",\"@id\":\"https:\/\/nordnesrepublikken.no\/#\/schema\/person\/2e7e81935bab77882fffb79296240ff1\",\"name\":\"Ole Andersen\",\"image\":{\"@type\":\"ImageObject\",\"inLanguage\":\"nb-NO\",\"@id\":\"https:\/\/nordnesrepublikken.no\/#\/schema\/person\/image\/\",\"url\":\"https:\/\/nordnesrepublikken.no\/wp-content\/uploads\/2025\/02\/nordnesrepublikken-2-2-150x150.jpg\",\"contentUrl\":\"https:\/\/nordnesrepublikken.no\/wp-content\/uploads\/2025\/02\/nordnesrepublikken-2-2-150x150.jpg\",\"caption\":\"Ole Andersen\"},\"description\":\"Ettersom jeg vokste opp i Oslo, har jeg alltid v\u00e6rt fascinert av ordenes kraft og deres evne til \u00e5 skape endringer. Etter \u00e5 ha fullf\u00f8rt min utdannelse i kommunikasjon ved Universitetet i Bergen, fikk jeg muligheten til \u00e5 jobbe innen ulike medier, der jeg har s\u00f8kt \u00e5 belyse viktige samfunnssp\u00f8rsm\u00e5l. I dag, som redakt\u00f8r for Nordnesrepublikken, pr\u00f8ver jeg \u00e5 forene min kj\u00e6rlighet for journalistikk med min lidenskap for innovasjon og eventyr.\",\"sameAs\":[\"https:\/\/nordnesrepublikken.no\/\"]}]}<\/script>\n<!-- \/ Yoast SEO plugin. -->","yoast_head_json":{"title":"Europeiske flyplassk\u00f8er n\u00e5r 2 timer ettersom p\u00e5skens reiserush m\u00f8ter nye grensekontroller - Nordnesrepublikken","robots":{"index":"index","follow":"follow","max-snippet":"max-snippet:-1","max-image-preview":"max-image-preview:large","max-video-preview":"max-video-preview:-1"},"canonical":"https:\/\/nordnesrepublikken.no\/index.php\/2026\/03\/30\/europeiske-flyplasskoer-nar-2-timer-ettersom-paskens-reiserush-moter-nye-grensekontroller\/","og_locale":"nb_NO","og_type":"article","og_title":"Europeiske flyplassk\u00f8er n\u00e5r 2 timer ettersom p\u00e5skens reiserush m\u00f8ter nye grensekontroller - Nordnesrepublikken","og_description":"Passasjerer som ankommer Europa st\u00e5r allerede overfor lange ventetider p\u00e5 flyplasser, med k\u00f8er p\u00e5 opptil","og_url":"https:\/\/nordnesrepublikken.no\/index.php\/2026\/03\/30\/europeiske-flyplasskoer-nar-2-timer-ettersom-paskens-reiserush-moter-nye-grensekontroller\/","og_site_name":"Nordnesrepublikken","article_published_time":"2026-03-30T18:50:55+00:00","article_modified_time":"2026-03-30T18:50:57+00:00","og_image":[{"width":1200,"height":798,"url":"https:\/\/nordnesrepublikken.no\/wp-content\/uploads\/2026\/03\/1774896656_Europeiske-flyplasskoer-nar-2-timer-ettersom-paskens-reiserush-moter-nye.jpg","type":"image\/jpeg"}],"author":"Ole Andersen","twitter_card":"summary_large_image","twitter_misc":{"Skrevet av":"Ole Andersen","Ansl. lesetid":"4 minutter"},"schema":{"@context":"https:\/\/schema.org","@graph":[{"@type":"Article","@id":"https:\/\/nordnesrepublikken.no\/index.php\/2026\/03\/30\/europeiske-flyplasskoer-nar-2-timer-ettersom-paskens-reiserush-moter-nye-grensekontroller\/#article","isPartOf":{"@id":"https:\/\/nordnesrepublikken.no\/index.php\/2026\/03\/30\/europeiske-flyplasskoer-nar-2-timer-ettersom-paskens-reiserush-moter-nye-grensekontroller\/"},"author":{"name":"Ole Andersen","@id":"https:\/\/nordnesrepublikken.no\/#\/schema\/person\/2e7e81935bab77882fffb79296240ff1"},"headline":"Europeiske flyplassk\u00f8er n\u00e5r 2 timer ettersom p\u00e5skens reiserush m\u00f8ter nye grensekontroller","datePublished":"2026-03-30T18:50:55+00:00","dateModified":"2026-03-30T18:50:57+00:00","mainEntityOfPage":{"@id":"https:\/\/nordnesrepublikken.no\/index.php\/2026\/03\/30\/europeiske-flyplasskoer-nar-2-timer-ettersom-paskens-reiserush-moter-nye-grensekontroller\/"},"wordCount":763,"publisher":{"@id":"https:\/\/nordnesrepublikken.no\/#organization"},"image":{"@id":"https:\/\/nordnesrepublikken.no\/index.php\/2026\/03\/30\/europeiske-flyplasskoer-nar-2-timer-ettersom-paskens-reiserush-moter-nye-grensekontroller\/#primaryimage"},"thumbnailUrl":"https:\/\/nordnesrepublikken.no\/wp-content\/uploads\/2026\/03\/1774896656_Europeiske-flyplasskoer-nar-2-timer-ettersom-paskens-reiserush-moter-nye.jpg","keywords":["Ettersom","europeiske","flyplassk\u00f8er","grensekontroller","m\u00f8ter","n\u00e5r","nye","p\u00e5skens","reiserush","timer"],"articleSection":["Livsstil"],"inLanguage":"nb-NO"},{"@type":"WebPage","@id":"https:\/\/nordnesrepublikken.no\/index.php\/2026\/03\/30\/europeiske-flyplasskoer-nar-2-timer-ettersom-paskens-reiserush-moter-nye-grensekontroller\/","url":"https:\/\/nordnesrepublikken.no\/index.php\/2026\/03\/30\/europeiske-flyplasskoer-nar-2-timer-ettersom-paskens-reiserush-moter-nye-grensekontroller\/","name":"Europeiske flyplassk\u00f8er n\u00e5r 2 timer ettersom p\u00e5skens reiserush m\u00f8ter nye grensekontroller - Nordnesrepublikken","isPartOf":{"@id":"https:\/\/nordnesrepublikken.no\/#website"},"primaryImageOfPage":{"@id":"https:\/\/nordnesrepublikken.no\/index.php\/2026\/03\/30\/europeiske-flyplasskoer-nar-2-timer-ettersom-paskens-reiserush-moter-nye-grensekontroller\/#primaryimage"},"image":{"@id":"https:\/\/nordnesrepublikken.no\/index.php\/2026\/03\/30\/europeiske-flyplasskoer-nar-2-timer-ettersom-paskens-reiserush-moter-nye-grensekontroller\/#primaryimage"},"thumbnailUrl":"https:\/\/nordnesrepublikken.no\/wp-content\/uploads\/2026\/03\/1774896656_Europeiske-flyplasskoer-nar-2-timer-ettersom-paskens-reiserush-moter-nye.jpg","datePublished":"2026-03-30T18:50:55+00:00","dateModified":"2026-03-30T18:50:57+00:00","breadcrumb":{"@id":"https:\/\/nordnesrepublikken.no\/index.php\/2026\/03\/30\/europeiske-flyplasskoer-nar-2-timer-ettersom-paskens-reiserush-moter-nye-grensekontroller\/#breadcrumb"},"inLanguage":"nb-NO","potentialAction":[{"@type":"ReadAction","target":["https:\/\/nordnesrepublikken.no\/index.php\/2026\/03\/30\/europeiske-flyplasskoer-nar-2-timer-ettersom-paskens-reiserush-moter-nye-grensekontroller\/"]}]},{"@type":"ImageObject","inLanguage":"nb-NO","@id":"https:\/\/nordnesrepublikken.no\/index.php\/2026\/03\/30\/europeiske-flyplasskoer-nar-2-timer-ettersom-paskens-reiserush-moter-nye-grensekontroller\/#primaryimage","url":"https:\/\/nordnesrepublikken.no\/wp-content\/uploads\/2026\/03\/1774896656_Europeiske-flyplasskoer-nar-2-timer-ettersom-paskens-reiserush-moter-nye.jpg","contentUrl":"https:\/\/nordnesrepublikken.no\/wp-content\/uploads\/2026\/03\/1774896656_Europeiske-flyplasskoer-nar-2-timer-ettersom-paskens-reiserush-moter-nye.jpg","width":1200,"height":798,"caption":"Europeiske flyplassk\u00f8er n\u00e5r 2 timer ettersom p\u00e5skens reiserush m\u00f8ter nye grensekontroller"},{"@type":"BreadcrumbList","@id":"https:\/\/nordnesrepublikken.no\/index.php\/2026\/03\/30\/europeiske-flyplasskoer-nar-2-timer-ettersom-paskens-reiserush-moter-nye-grensekontroller\/#breadcrumb","itemListElement":[{"@type":"ListItem","position":1,"name":"Home","item":"https:\/\/nordnesrepublikken.no\/"},{"@type":"ListItem","position":2,"name":"Europeiske flyplassk\u00f8er n\u00e5r 2 timer ettersom p\u00e5skens reiserush m\u00f8ter nye grensekontroller"}]},{"@type":"WebSite","@id":"https:\/\/nordnesrepublikken.no\/#website","url":"https:\/\/nordnesrepublikken.no\/","name":"Nordnesrepublikken","description":"Stemmer og Visjoner fra Republikkens Hjerte","publisher":{"@id":"https:\/\/nordnesrepublikken.no\/#organization"},"potentialAction":[{"@type":"SearchAction","target":{"@type":"EntryPoint","urlTemplate":"https:\/\/nordnesrepublikken.no\/?s={search_term_string}"},"query-input":{"@type":"PropertyValueSpecification","valueRequired":true,"valueName":"search_term_string"}}],"inLanguage":"nb-NO"},{"@type":"Organization","@id":"https:\/\/nordnesrepublikken.no\/#organization","name":"Nordnesrepublikken","url":"https:\/\/nordnesrepublikken.no\/","logo":{"@type":"ImageObject","inLanguage":"nb-NO","@id":"https:\/\/nordnesrepublikken.no\/#\/schema\/logo\/image\/","url":"https:\/\/nordnesrepublikken.no\/wp-content\/uploads\/2025\/02\/cropped-nordnesrepublikken-2.png","contentUrl":"https:\/\/nordnesrepublikken.no\/wp-content\/uploads\/2025\/02\/cropped-nordnesrepublikken-2.png","width":1248,"height":362,"caption":"Nordnesrepublikken"},"image":{"@id":"https:\/\/nordnesrepublikken.no\/#\/schema\/logo\/image\/"}},{"@type":"Person","@id":"https:\/\/nordnesrepublikken.no\/#\/schema\/person\/2e7e81935bab77882fffb79296240ff1","name":"Ole Andersen","image":{"@type":"ImageObject","inLanguage":"nb-NO","@id":"https:\/\/nordnesrepublikken.no\/#\/schema\/person\/image\/","url":"https:\/\/nordnesrepublikken.no\/wp-content\/uploads\/2025\/02\/nordnesrepublikken-2-2-150x150.jpg","contentUrl":"https:\/\/nordnesrepublikken.no\/wp-content\/uploads\/2025\/02\/nordnesrepublikken-2-2-150x150.jpg","caption":"Ole Andersen"},"description":"Ettersom jeg vokste opp i Oslo, har jeg alltid v\u00e6rt fascinert av ordenes kraft og deres evne til \u00e5 skape endringer. Etter \u00e5 ha fullf\u00f8rt min utdannelse i kommunikasjon ved Universitetet i Bergen, fikk jeg muligheten til \u00e5 jobbe innen ulike medier, der jeg har s\u00f8kt \u00e5 belyse viktige samfunnssp\u00f8rsm\u00e5l. I dag, som redakt\u00f8r for Nordnesrepublikken, pr\u00f8ver jeg \u00e5 forene min kj\u00e6rlighet for journalistikk med min lidenskap for innovasjon og eventyr.","sameAs":["https:\/\/nordnesrepublikken.no\/"]}]}},"_links":{"self":[{"href":"https:\/\/nordnesrepublikken.no\/index.php\/wp-json\/wp\/v2\/posts\/16420","targetHints":{"allow":["GET"]}}],"collection":[{"href":"https:\/\/nordnesrepublikken.no\/index.php\/wp-json\/wp\/v2\/posts"}],"about":[{"href":"https:\/\/nordnesrepublikken.no\/index.php\/wp-json\/wp\/v2\/types\/post"}],"author":[{"embeddable":true,"href":"https:\/\/nordnesrepublikken.no\/index.php\/wp-json\/wp\/v2\/users\/1"}],"replies":[{"embeddable":true,"href":"https:\/\/nordnesrepublikken.no\/index.php\/wp-json\/wp\/v2\/comments?post=16420"}],"version-history":[{"count":1,"href":"https:\/\/nordnesrepublikken.no\/index.php\/wp-json\/wp\/v2\/posts\/16420\/revisions"}],"predecessor-version":[{"id":16422,"href":"https:\/\/nordnesrepublikken.no\/index.php\/wp-json\/wp\/v2\/posts\/16420\/revisions\/16422"}],"wp:featuredmedia":[{"embeddable":true,"href":"https:\/\/nordnesrepublikken.no\/index.php\/wp-json\/wp\/v2\/media\/16421"}],"wp:attachment":[{"href":"https:\/\/nordnesrepublikken.no\/index.php\/wp-json\/wp\/v2\/media?parent=16420"}],"wp:term":[{"taxonomy":"category","embeddable":true,"href":"https:\/\/nordnesrepublikken.no\/index.php\/wp-json\/wp\/v2\/categories?post=16420"},{"taxonomy":"post_tag","embeddable":true,"href":"https:\/\/nordnesrepublikken.no\/index.php\/wp-json\/wp\/v2\/tags?post=16420"}],"curies":[{"name":"wp","href":"https:\/\/api.w.org\/{rel}","templated":true}]}}