{"id":16417,"date":"2026-03-30T18:51:06","date_gmt":"2026-03-30T16:51:06","guid":{"rendered":"https:\/\/nordnesrepublikken.no\/index.php\/2026\/03\/30\/var-endringer-i-vanntrykket\/"},"modified":"2026-03-30T18:51:10","modified_gmt":"2026-03-30T16:51:10","slug":"var-endringer-i-vanntrykket","status":"publish","type":"post","link":"https:\/\/nordnesrepublikken.no\/index.php\/2026\/03\/30\/var-endringer-i-vanntrykket\/","title":{"rendered":"var endringer i vanntrykket"},"content":{"rendered":"<div>\n<div class=\"cp_wrapper cp_wrapper--fw mb-30 mb-20@tablet\">\n<figure class=\"mm\"><picture class=\"img\" style=\"padding-top:56.25%\"><source  media=\"(min-width: 1024px)\"><source  media=\"(min-width: 768px)\"><\/source><\/source><\/picture><\/figure>\n<\/p><\/div>\n<p>Opprinnelsen til den har blitt oppdaget <strong>h\u00f8yt &laquo;bom&raquo;<\/strong> registrert i <strong>Nasjonale laboratorier av<\/strong> <strong>Gran Sasso<\/strong> (LNGS) fra National Institute of Nuclear Physics (INFN): \u00e5rsakene til hendelsen, som skjedde i l\u00f8pet av natten <strong>mellom 14. og 15. august 2023,<\/strong> forble ukjent i lang tid, men n\u00e5 har forskere fra INFN, INGV (National Institute of Geophysics and Volcanology) og universitetene i Pisa, L&#8217;Aquila og Sapienza i Roma klart \u00e5 <strong>gi en vitenskapelig forklaring<\/strong>.<\/p>\n<p>Studien, publisert i tidsskriftet <em>Vitenskapelige rapporter<\/em>avsl\u00f8rer at det var et naturfenomen <strong>knyttet til endringer i akviferen <\/strong>av Gran Sasso-massivet. Ved \u00e5 bruke data samlet inn fra sv\u00e6rt avanserte underjordiske og overflateinstrumenter, demonstrerte forskerne at<strong>\u00f8kning i vanntrykket i akviferen<\/strong> utl\u00f8ste prosesser som kulminerte i br\u00f8let. Forskningen \u00e5pner nye perspektiver for <strong>akviferoverv\u00e5king<\/strong> i komplekse sammenhenger.<\/p>\n<div class=\"cp_wrapper cp_wrapper--fw mb-50\">\n<figure class=\"mm\"><picture class=\"img\" style=\"padding-top:58.899676375405%\"><source  media=\"(min-width: 1024px)\"><source  media=\"(min-width: 768px)\"><img decoding=\"async\" loading=\"lazy\" src=\"https:\/\/nordnesrepublikken.no\/wp-content\/uploads\/2026\/03\/1774889465_481_var-endringer-i-vanntrykket.jpg\" alt=\"Bilde\" width=\"1236\" height=\"728\"\/><\/source><\/source><\/picture><\/figure>\n<\/p><\/div>\n<h2><strong>Hva for\u00e5rsaket br\u00f8let i Gran Sasso National Laboratories: vannets bevegelser<\/strong><\/h2>\n<p>Br\u00f8let, h\u00f8rt av de ansatte ved Gran Sassos underjordiske laboratorium, var en <strong>akustisk begivenhet<\/strong> som ofte forbindes med overfladiske jordskjelv, utl\u00f8sning av jordskred og annet <strong>turbulente bevegelser i sterkt oppsprukne akviferer<\/strong> av karstnatur. Saken om Gran Sasso kan spores tilbake til denne siste hendelsen. Dette demonstreres av rekonstruksjonen gjort av forskere p\u00e5 grunnlag av<strong>store mengder data samlet inn <\/strong>med overv\u00e5kingsverkt\u00f8y installert p\u00e5 stedet. Allerede <strong>tre m\u00e5neder tidligere<\/strong> av br\u00f8let, hadde noen av disse instrumentene <strong>registrerte anomalier<\/strong> i mengden vann som er tilstede i massivets akvifer og dets trykk, sannsynligvis p\u00e5 grunn av den rikelige v\u00e5rnedb\u00f8ren. Gran Sasso-massivet best\u00e5r hovedsakelig av kalkstein og utgj\u00f8r <strong>en av de st\u00f8rste sprukne karbonat-akviferene<\/strong> av det sentrale-s\u00f8rlige Italia. De <strong>mange brudd<\/strong> stammer fra regnvann som er i stand til \u00e5 l\u00f8se opp kalsiumkarbonatet i bergartene og<strong> feil <\/strong>p\u00e5 grunn av den tektoniske aktiviteten til omr\u00e5det ytterligere favorisere infiltrasjon av nedb\u00f8rsvann. P\u00e5 overflaten skjer infiltrasjon hovedsakelig kl <strong>Keiserleiren<\/strong>p\u00e5 grunn av morfologien til omr\u00e5det. N\u00e5r den dype akviferen er n\u00e5dd, renner vannet til det dukker opp igjen p\u00e5 overflaten og mater mange kilder.<\/p>\n<blockquote>\n<p>Hendelsen som skjedde i august 2023 er ikke isolert, fjellet snakker ofte til oss i streng forstand av begrepet, og produserer h\u00f8ye lyder som fors\u00f8ksrommene til Gran Sasso National Laboratories blir en klangbunn for,<\/p>\n<\/blockquote>\n<p>fastsl\u00e5r han <strong>Ezio Previtali<\/strong>direkt\u00f8r for laboratoriene og forfatter av studien.<\/p>\n<div class=\"cp_wrapper cp_wrapper--fw mb-50\">\n<figure class=\"mm\"><picture class=\"img\" style=\"padding-top:61.132966168371%\"><source  media=\"(min-width: 1024px)\"><source  media=\"(min-width: 768px)\"><img decoding=\"async\" loading=\"lazy\" src=\"https:\/\/nordnesrepublikken.no\/wp-content\/uploads\/2026\/03\/1774889465_31_var-endringer-i-vanntrykket.jpg\" alt=\"Bilde\" width=\"1271\" height=\"777\" class=\"js-seedtag-img\"\/><\/source><\/source><\/picture><\/figure>\n<\/p><\/div>\n<h2><strong>Hvordan opphavet til br\u00f8let ble oppdaget<\/strong><\/h2>\n<p>\u00c5 identifisere \u00e5rsakene til br\u00f8let var mulig takket v\u00e6re en <strong>store mengder data<\/strong> samlet inn f\u00f8r, under og etter det akustiske arrangementet. En viktig ledetr\u00e5d er gitt av det faktum at i det \u00f8yeblikket br\u00f8let skjedde, oppdaget av en <strong>seismisk stasjon<\/strong> bredb\u00e5nd og tatt opp av en <strong>akustisk sensor<\/strong>i laboratoriene <strong>hydraulisk trykkm\u00e5ler<\/strong> grunnvann viste en anomali. Det dukket ogs\u00e5 opp avvik fra dataene <strong>grunnvannsoverv\u00e5king<\/strong> p\u00e5 grensen til akviferen. Et verkt\u00f8y som har vist seg \u00e5 v\u00e6re grunnleggende er <strong>INGEFFER<\/strong> (Gyroskoper GENERAL Relativity), a <strong>lasergyroskop<\/strong> <strong>ringformet<\/strong> operativ i ti \u00e5r i Gran Sasso-laboratoriene, som har som m\u00e5l \u00e5 m\u00e5le sv\u00e6rt sm\u00e5 variasjoner i jordens rotasjonshastighet. Gyroskopet viste en <strong>enest\u00e5ende f\u00f8lsomhet for bevegelser i akviferen<\/strong>oppdager ogs\u00e5 bevegelser som ikke fanges opp av seismometeret. GINGER vil bli ytterligere forbedret for \u00e5 gj\u00f8re det enda mer effektivt i \u00e5 studere Gran Sasso, men ogs\u00e5 i <strong>overv\u00e5king av seismiske hendelser<\/strong> i andre geologiske sammenhenger. Totalt sett tillot integreringen av forskjellige overv\u00e5kingsteknikker oss \u00e5 rekonstruere og analysere fenomenet i detalj, noe som gir en <strong>enest\u00e5ende visjon om den indre dynamikken til massivet<\/strong>.<\/p>\n<div class=\"cp_wrapper cp_wrapper--fw mb-50\">\n<figure class=\"mm\"><picture class=\"img\" style=\"padding-top:108.83977900552%\"><source  media=\"(min-width: 1024px)\"><source  media=\"(min-width: 768px)\"><img decoding=\"async\" loading=\"lazy\" src=\"https:\/\/nordnesrepublikken.no\/wp-content\/uploads\/2026\/03\/1774889466_631_var-endringer-i-vanntrykket.jpg\" alt=\"Bilde\" width=\"724\" height=\"788\"\/><\/source><\/source><\/picture><\/figure>\n<\/p><\/div>\n<\/p><\/div>\n","protected":false},"excerpt":{"rendered":"<p>Opprinnelsen til den har blitt oppdaget h\u00f8yt &laquo;bom&raquo; registrert i Nasjonale laboratorier av Gran Sasso<\/p>\n","protected":false},"author":1,"featured_media":16418,"comment_status":"closed","ping_status":"open","sticky":false,"template":"","format":"standard","meta":{"footnotes":""},"categories":[26],"tags":[785,10639,100],"class_list":["post-16417","post","type-post","status-publish","format-standard","has-post-thumbnail","hentry","category-miljo","tag-endringer","tag-vanntrykket","tag-var","generate-columns","tablet-grid-50","mobile-grid-100","grid-parent","grid-33","resize-featured-image"],"yoast_head":"<!-- This site is optimized with the Yoast SEO plugin v24.4 - https:\/\/yoast.com\/wordpress\/plugins\/seo\/ -->\n<title>var endringer i vanntrykket - Nordnesrepublikken<\/title>\n<meta name=\"robots\" content=\"index, follow, max-snippet:-1, max-image-preview:large, max-video-preview:-1\" \/>\n<link rel=\"canonical\" href=\"https:\/\/nordnesrepublikken.no\/index.php\/2026\/03\/30\/var-endringer-i-vanntrykket\/\" \/>\n<meta property=\"og:locale\" content=\"nb_NO\" \/>\n<meta property=\"og:type\" content=\"article\" \/>\n<meta property=\"og:title\" content=\"var endringer i vanntrykket - Nordnesrepublikken\" \/>\n<meta property=\"og:description\" content=\"Opprinnelsen til den har blitt oppdaget h\u00f8yt &laquo;bom&raquo; registrert i Nasjonale laboratorier av Gran Sasso\" \/>\n<meta property=\"og:url\" content=\"https:\/\/nordnesrepublikken.no\/index.php\/2026\/03\/30\/var-endringer-i-vanntrykket\/\" \/>\n<meta property=\"og:site_name\" content=\"Nordnesrepublikken\" \/>\n<meta property=\"article:published_time\" content=\"2026-03-30T16:51:06+00:00\" \/>\n<meta property=\"article:modified_time\" content=\"2026-03-30T16:51:10+00:00\" \/>\n<meta property=\"og:image\" content=\"https:\/\/nordnesrepublikken.no\/wp-content\/uploads\/2026\/03\/1774889467_var-endringer-i-vanntrykket-scaled.jpg\" \/>\n\t<meta property=\"og:image:width\" content=\"2560\" \/>\n\t<meta property=\"og:image:height\" content=\"1438\" \/>\n\t<meta property=\"og:image:type\" content=\"image\/jpeg\" \/>\n<meta name=\"author\" content=\"Ole Andersen\" \/>\n<meta name=\"twitter:card\" content=\"summary_large_image\" \/>\n<meta name=\"twitter:label1\" content=\"Skrevet av\" \/>\n\t<meta name=\"twitter:data1\" content=\"Ole Andersen\" \/>\n\t<meta name=\"twitter:label2\" content=\"Ansl. lesetid\" \/>\n\t<meta name=\"twitter:data2\" content=\"3 minutter\" \/>\n<script type=\"application\/ld+json\" class=\"yoast-schema-graph\">{\"@context\":\"https:\/\/schema.org\",\"@graph\":[{\"@type\":\"Article\",\"@id\":\"https:\/\/nordnesrepublikken.no\/index.php\/2026\/03\/30\/var-endringer-i-vanntrykket\/#article\",\"isPartOf\":{\"@id\":\"https:\/\/nordnesrepublikken.no\/index.php\/2026\/03\/30\/var-endringer-i-vanntrykket\/\"},\"author\":{\"name\":\"Ole Andersen\",\"@id\":\"https:\/\/nordnesrepublikken.no\/#\/schema\/person\/2e7e81935bab77882fffb79296240ff1\"},\"headline\":\"var endringer i vanntrykket\",\"datePublished\":\"2026-03-30T16:51:06+00:00\",\"dateModified\":\"2026-03-30T16:51:10+00:00\",\"mainEntityOfPage\":{\"@id\":\"https:\/\/nordnesrepublikken.no\/index.php\/2026\/03\/30\/var-endringer-i-vanntrykket\/\"},\"wordCount\":581,\"publisher\":{\"@id\":\"https:\/\/nordnesrepublikken.no\/#organization\"},\"image\":{\"@id\":\"https:\/\/nordnesrepublikken.no\/index.php\/2026\/03\/30\/var-endringer-i-vanntrykket\/#primaryimage\"},\"thumbnailUrl\":\"https:\/\/nordnesrepublikken.no\/wp-content\/uploads\/2026\/03\/1774889467_var-endringer-i-vanntrykket-scaled.jpg\",\"keywords\":[\"endringer\",\"vanntrykket\",\"var\"],\"articleSection\":[\"Milj\u00f8\"],\"inLanguage\":\"nb-NO\"},{\"@type\":\"WebPage\",\"@id\":\"https:\/\/nordnesrepublikken.no\/index.php\/2026\/03\/30\/var-endringer-i-vanntrykket\/\",\"url\":\"https:\/\/nordnesrepublikken.no\/index.php\/2026\/03\/30\/var-endringer-i-vanntrykket\/\",\"name\":\"var endringer i vanntrykket - Nordnesrepublikken\",\"isPartOf\":{\"@id\":\"https:\/\/nordnesrepublikken.no\/#website\"},\"primaryImageOfPage\":{\"@id\":\"https:\/\/nordnesrepublikken.no\/index.php\/2026\/03\/30\/var-endringer-i-vanntrykket\/#primaryimage\"},\"image\":{\"@id\":\"https:\/\/nordnesrepublikken.no\/index.php\/2026\/03\/30\/var-endringer-i-vanntrykket\/#primaryimage\"},\"thumbnailUrl\":\"https:\/\/nordnesrepublikken.no\/wp-content\/uploads\/2026\/03\/1774889467_var-endringer-i-vanntrykket-scaled.jpg\",\"datePublished\":\"2026-03-30T16:51:06+00:00\",\"dateModified\":\"2026-03-30T16:51:10+00:00\",\"breadcrumb\":{\"@id\":\"https:\/\/nordnesrepublikken.no\/index.php\/2026\/03\/30\/var-endringer-i-vanntrykket\/#breadcrumb\"},\"inLanguage\":\"nb-NO\",\"potentialAction\":[{\"@type\":\"ReadAction\",\"target\":[\"https:\/\/nordnesrepublikken.no\/index.php\/2026\/03\/30\/var-endringer-i-vanntrykket\/\"]}]},{\"@type\":\"ImageObject\",\"inLanguage\":\"nb-NO\",\"@id\":\"https:\/\/nordnesrepublikken.no\/index.php\/2026\/03\/30\/var-endringer-i-vanntrykket\/#primaryimage\",\"url\":\"https:\/\/nordnesrepublikken.no\/wp-content\/uploads\/2026\/03\/1774889467_var-endringer-i-vanntrykket-scaled.jpg\",\"contentUrl\":\"https:\/\/nordnesrepublikken.no\/wp-content\/uploads\/2026\/03\/1774889467_var-endringer-i-vanntrykket-scaled.jpg\",\"width\":2560,\"height\":1438,\"caption\":\"var endringer i vanntrykket\"},{\"@type\":\"BreadcrumbList\",\"@id\":\"https:\/\/nordnesrepublikken.no\/index.php\/2026\/03\/30\/var-endringer-i-vanntrykket\/#breadcrumb\",\"itemListElement\":[{\"@type\":\"ListItem\",\"position\":1,\"name\":\"Home\",\"item\":\"https:\/\/nordnesrepublikken.no\/\"},{\"@type\":\"ListItem\",\"position\":2,\"name\":\"var endringer i vanntrykket\"}]},{\"@type\":\"WebSite\",\"@id\":\"https:\/\/nordnesrepublikken.no\/#website\",\"url\":\"https:\/\/nordnesrepublikken.no\/\",\"name\":\"Nordnesrepublikken\",\"description\":\"Stemmer og Visjoner fra Republikkens Hjerte\",\"publisher\":{\"@id\":\"https:\/\/nordnesrepublikken.no\/#organization\"},\"potentialAction\":[{\"@type\":\"SearchAction\",\"target\":{\"@type\":\"EntryPoint\",\"urlTemplate\":\"https:\/\/nordnesrepublikken.no\/?s={search_term_string}\"},\"query-input\":{\"@type\":\"PropertyValueSpecification\",\"valueRequired\":true,\"valueName\":\"search_term_string\"}}],\"inLanguage\":\"nb-NO\"},{\"@type\":\"Organization\",\"@id\":\"https:\/\/nordnesrepublikken.no\/#organization\",\"name\":\"Nordnesrepublikken\",\"url\":\"https:\/\/nordnesrepublikken.no\/\",\"logo\":{\"@type\":\"ImageObject\",\"inLanguage\":\"nb-NO\",\"@id\":\"https:\/\/nordnesrepublikken.no\/#\/schema\/logo\/image\/\",\"url\":\"https:\/\/nordnesrepublikken.no\/wp-content\/uploads\/2025\/02\/cropped-nordnesrepublikken-2.png\",\"contentUrl\":\"https:\/\/nordnesrepublikken.no\/wp-content\/uploads\/2025\/02\/cropped-nordnesrepublikken-2.png\",\"width\":1248,\"height\":362,\"caption\":\"Nordnesrepublikken\"},\"image\":{\"@id\":\"https:\/\/nordnesrepublikken.no\/#\/schema\/logo\/image\/\"}},{\"@type\":\"Person\",\"@id\":\"https:\/\/nordnesrepublikken.no\/#\/schema\/person\/2e7e81935bab77882fffb79296240ff1\",\"name\":\"Ole Andersen\",\"image\":{\"@type\":\"ImageObject\",\"inLanguage\":\"nb-NO\",\"@id\":\"https:\/\/nordnesrepublikken.no\/#\/schema\/person\/image\/\",\"url\":\"https:\/\/nordnesrepublikken.no\/wp-content\/uploads\/2025\/02\/nordnesrepublikken-2-2-150x150.jpg\",\"contentUrl\":\"https:\/\/nordnesrepublikken.no\/wp-content\/uploads\/2025\/02\/nordnesrepublikken-2-2-150x150.jpg\",\"caption\":\"Ole Andersen\"},\"description\":\"Ettersom jeg vokste opp i Oslo, har jeg alltid v\u00e6rt fascinert av ordenes kraft og deres evne til \u00e5 skape endringer. Etter \u00e5 ha fullf\u00f8rt min utdannelse i kommunikasjon ved Universitetet i Bergen, fikk jeg muligheten til \u00e5 jobbe innen ulike medier, der jeg har s\u00f8kt \u00e5 belyse viktige samfunnssp\u00f8rsm\u00e5l. I dag, som redakt\u00f8r for Nordnesrepublikken, pr\u00f8ver jeg \u00e5 forene min kj\u00e6rlighet for journalistikk med min lidenskap for innovasjon og eventyr.\",\"sameAs\":[\"https:\/\/nordnesrepublikken.no\/\"]}]}<\/script>\n<!-- \/ Yoast SEO plugin. -->","yoast_head_json":{"title":"var endringer i vanntrykket - Nordnesrepublikken","robots":{"index":"index","follow":"follow","max-snippet":"max-snippet:-1","max-image-preview":"max-image-preview:large","max-video-preview":"max-video-preview:-1"},"canonical":"https:\/\/nordnesrepublikken.no\/index.php\/2026\/03\/30\/var-endringer-i-vanntrykket\/","og_locale":"nb_NO","og_type":"article","og_title":"var endringer i vanntrykket - Nordnesrepublikken","og_description":"Opprinnelsen til den har blitt oppdaget h\u00f8yt &laquo;bom&raquo; registrert i Nasjonale laboratorier av Gran Sasso","og_url":"https:\/\/nordnesrepublikken.no\/index.php\/2026\/03\/30\/var-endringer-i-vanntrykket\/","og_site_name":"Nordnesrepublikken","article_published_time":"2026-03-30T16:51:06+00:00","article_modified_time":"2026-03-30T16:51:10+00:00","og_image":[{"width":2560,"height":1438,"url":"https:\/\/nordnesrepublikken.no\/wp-content\/uploads\/2026\/03\/1774889467_var-endringer-i-vanntrykket-scaled.jpg","type":"image\/jpeg"}],"author":"Ole Andersen","twitter_card":"summary_large_image","twitter_misc":{"Skrevet av":"Ole Andersen","Ansl. lesetid":"3 minutter"},"schema":{"@context":"https:\/\/schema.org","@graph":[{"@type":"Article","@id":"https:\/\/nordnesrepublikken.no\/index.php\/2026\/03\/30\/var-endringer-i-vanntrykket\/#article","isPartOf":{"@id":"https:\/\/nordnesrepublikken.no\/index.php\/2026\/03\/30\/var-endringer-i-vanntrykket\/"},"author":{"name":"Ole Andersen","@id":"https:\/\/nordnesrepublikken.no\/#\/schema\/person\/2e7e81935bab77882fffb79296240ff1"},"headline":"var endringer i vanntrykket","datePublished":"2026-03-30T16:51:06+00:00","dateModified":"2026-03-30T16:51:10+00:00","mainEntityOfPage":{"@id":"https:\/\/nordnesrepublikken.no\/index.php\/2026\/03\/30\/var-endringer-i-vanntrykket\/"},"wordCount":581,"publisher":{"@id":"https:\/\/nordnesrepublikken.no\/#organization"},"image":{"@id":"https:\/\/nordnesrepublikken.no\/index.php\/2026\/03\/30\/var-endringer-i-vanntrykket\/#primaryimage"},"thumbnailUrl":"https:\/\/nordnesrepublikken.no\/wp-content\/uploads\/2026\/03\/1774889467_var-endringer-i-vanntrykket-scaled.jpg","keywords":["endringer","vanntrykket","var"],"articleSection":["Milj\u00f8"],"inLanguage":"nb-NO"},{"@type":"WebPage","@id":"https:\/\/nordnesrepublikken.no\/index.php\/2026\/03\/30\/var-endringer-i-vanntrykket\/","url":"https:\/\/nordnesrepublikken.no\/index.php\/2026\/03\/30\/var-endringer-i-vanntrykket\/","name":"var endringer i vanntrykket - Nordnesrepublikken","isPartOf":{"@id":"https:\/\/nordnesrepublikken.no\/#website"},"primaryImageOfPage":{"@id":"https:\/\/nordnesrepublikken.no\/index.php\/2026\/03\/30\/var-endringer-i-vanntrykket\/#primaryimage"},"image":{"@id":"https:\/\/nordnesrepublikken.no\/index.php\/2026\/03\/30\/var-endringer-i-vanntrykket\/#primaryimage"},"thumbnailUrl":"https:\/\/nordnesrepublikken.no\/wp-content\/uploads\/2026\/03\/1774889467_var-endringer-i-vanntrykket-scaled.jpg","datePublished":"2026-03-30T16:51:06+00:00","dateModified":"2026-03-30T16:51:10+00:00","breadcrumb":{"@id":"https:\/\/nordnesrepublikken.no\/index.php\/2026\/03\/30\/var-endringer-i-vanntrykket\/#breadcrumb"},"inLanguage":"nb-NO","potentialAction":[{"@type":"ReadAction","target":["https:\/\/nordnesrepublikken.no\/index.php\/2026\/03\/30\/var-endringer-i-vanntrykket\/"]}]},{"@type":"ImageObject","inLanguage":"nb-NO","@id":"https:\/\/nordnesrepublikken.no\/index.php\/2026\/03\/30\/var-endringer-i-vanntrykket\/#primaryimage","url":"https:\/\/nordnesrepublikken.no\/wp-content\/uploads\/2026\/03\/1774889467_var-endringer-i-vanntrykket-scaled.jpg","contentUrl":"https:\/\/nordnesrepublikken.no\/wp-content\/uploads\/2026\/03\/1774889467_var-endringer-i-vanntrykket-scaled.jpg","width":2560,"height":1438,"caption":"var endringer i vanntrykket"},{"@type":"BreadcrumbList","@id":"https:\/\/nordnesrepublikken.no\/index.php\/2026\/03\/30\/var-endringer-i-vanntrykket\/#breadcrumb","itemListElement":[{"@type":"ListItem","position":1,"name":"Home","item":"https:\/\/nordnesrepublikken.no\/"},{"@type":"ListItem","position":2,"name":"var endringer i vanntrykket"}]},{"@type":"WebSite","@id":"https:\/\/nordnesrepublikken.no\/#website","url":"https:\/\/nordnesrepublikken.no\/","name":"Nordnesrepublikken","description":"Stemmer og Visjoner fra Republikkens Hjerte","publisher":{"@id":"https:\/\/nordnesrepublikken.no\/#organization"},"potentialAction":[{"@type":"SearchAction","target":{"@type":"EntryPoint","urlTemplate":"https:\/\/nordnesrepublikken.no\/?s={search_term_string}"},"query-input":{"@type":"PropertyValueSpecification","valueRequired":true,"valueName":"search_term_string"}}],"inLanguage":"nb-NO"},{"@type":"Organization","@id":"https:\/\/nordnesrepublikken.no\/#organization","name":"Nordnesrepublikken","url":"https:\/\/nordnesrepublikken.no\/","logo":{"@type":"ImageObject","inLanguage":"nb-NO","@id":"https:\/\/nordnesrepublikken.no\/#\/schema\/logo\/image\/","url":"https:\/\/nordnesrepublikken.no\/wp-content\/uploads\/2025\/02\/cropped-nordnesrepublikken-2.png","contentUrl":"https:\/\/nordnesrepublikken.no\/wp-content\/uploads\/2025\/02\/cropped-nordnesrepublikken-2.png","width":1248,"height":362,"caption":"Nordnesrepublikken"},"image":{"@id":"https:\/\/nordnesrepublikken.no\/#\/schema\/logo\/image\/"}},{"@type":"Person","@id":"https:\/\/nordnesrepublikken.no\/#\/schema\/person\/2e7e81935bab77882fffb79296240ff1","name":"Ole Andersen","image":{"@type":"ImageObject","inLanguage":"nb-NO","@id":"https:\/\/nordnesrepublikken.no\/#\/schema\/person\/image\/","url":"https:\/\/nordnesrepublikken.no\/wp-content\/uploads\/2025\/02\/nordnesrepublikken-2-2-150x150.jpg","contentUrl":"https:\/\/nordnesrepublikken.no\/wp-content\/uploads\/2025\/02\/nordnesrepublikken-2-2-150x150.jpg","caption":"Ole Andersen"},"description":"Ettersom jeg vokste opp i Oslo, har jeg alltid v\u00e6rt fascinert av ordenes kraft og deres evne til \u00e5 skape endringer. Etter \u00e5 ha fullf\u00f8rt min utdannelse i kommunikasjon ved Universitetet i Bergen, fikk jeg muligheten til \u00e5 jobbe innen ulike medier, der jeg har s\u00f8kt \u00e5 belyse viktige samfunnssp\u00f8rsm\u00e5l. I dag, som redakt\u00f8r for Nordnesrepublikken, pr\u00f8ver jeg \u00e5 forene min kj\u00e6rlighet for journalistikk med min lidenskap for innovasjon og eventyr.","sameAs":["https:\/\/nordnesrepublikken.no\/"]}]}},"_links":{"self":[{"href":"https:\/\/nordnesrepublikken.no\/index.php\/wp-json\/wp\/v2\/posts\/16417","targetHints":{"allow":["GET"]}}],"collection":[{"href":"https:\/\/nordnesrepublikken.no\/index.php\/wp-json\/wp\/v2\/posts"}],"about":[{"href":"https:\/\/nordnesrepublikken.no\/index.php\/wp-json\/wp\/v2\/types\/post"}],"author":[{"embeddable":true,"href":"https:\/\/nordnesrepublikken.no\/index.php\/wp-json\/wp\/v2\/users\/1"}],"replies":[{"embeddable":true,"href":"https:\/\/nordnesrepublikken.no\/index.php\/wp-json\/wp\/v2\/comments?post=16417"}],"version-history":[{"count":1,"href":"https:\/\/nordnesrepublikken.no\/index.php\/wp-json\/wp\/v2\/posts\/16417\/revisions"}],"predecessor-version":[{"id":16419,"href":"https:\/\/nordnesrepublikken.no\/index.php\/wp-json\/wp\/v2\/posts\/16417\/revisions\/16419"}],"wp:featuredmedia":[{"embeddable":true,"href":"https:\/\/nordnesrepublikken.no\/index.php\/wp-json\/wp\/v2\/media\/16418"}],"wp:attachment":[{"href":"https:\/\/nordnesrepublikken.no\/index.php\/wp-json\/wp\/v2\/media?parent=16417"}],"wp:term":[{"taxonomy":"category","embeddable":true,"href":"https:\/\/nordnesrepublikken.no\/index.php\/wp-json\/wp\/v2\/categories?post=16417"},{"taxonomy":"post_tag","embeddable":true,"href":"https:\/\/nordnesrepublikken.no\/index.php\/wp-json\/wp\/v2\/tags?post=16417"}],"curies":[{"name":"wp","href":"https:\/\/api.w.org\/{rel}","templated":true}]}}