{"id":16414,"date":"2026-03-30T17:51:22","date_gmt":"2026-03-30T15:51:22","guid":{"rendered":"https:\/\/nordnesrepublikken.no\/index.php\/2026\/03\/30\/den-virkelige-grunnen-til-at-isen-er-glatt-er-ikke-trykk-men-isens-molekylaere-struktur\/"},"modified":"2026-03-30T17:51:27","modified_gmt":"2026-03-30T15:51:27","slug":"den-virkelige-grunnen-til-at-isen-er-glatt-er-ikke-trykk-men-isens-molekylaere-struktur","status":"publish","type":"post","link":"https:\/\/nordnesrepublikken.no\/index.php\/2026\/03\/30\/den-virkelige-grunnen-til-at-isen-er-glatt-er-ikke-trykk-men-isens-molekylaere-struktur\/","title":{"rendered":"Den virkelige grunnen til at isen er glatt er ikke trykk, men isens molekyl\u00e6re struktur"},"content":{"rendered":"<div>\n<div class=\"cp_wrapper cp_wrapper--fw mb-30 mb-20@tablet\">\n<figure class=\"mm\"><picture class=\"img\" style=\"padding-top:56.25%\"><source  media=\"(min-width: 1024px)\"><source  media=\"(min-width: 768px)\"><\/source><\/source><\/picture><\/figure>\n<\/p><\/div>\n<p>Det vet vi alle <strong>isen er glatt<\/strong>og mange tror de ogs\u00e5 vet hvorfor: vekten av kroppen v\u00e5r ut\u00f8ver press p\u00e5 isen (st\u00f8rre hvis vi er p\u00e5 sk\u00f8yter), som lokalt smelter isen og danner en <strong>tynt lag flytende vann<\/strong> som du glir p\u00e5. I flere ti\u00e5r trodde folk p\u00e5 denne fullstendig logiske og fornuftige forklaringen: det er synd at det er <strong>uriktig<\/strong>eller bedre <strong>ufullstendig<\/strong>. Den virkelige forklaringen er mer raffinert og kanskje nettopp av denne grunn mer fascinerende: den har \u00e5 gj\u00f8re med det faktum at isens overflate verken er fast eller flytende, men <strong>kvasi-v\u00e6ske<\/strong>.<\/p>\n<h2>Den klassiske forklaringen p\u00e5 hvorfor vi glir p\u00e5 is fungerer ikke<\/h2>\n<p>Ideen om at trykk smelter is er helt plausibel og basert p\u00e5 solide vitenskapelige fakta. Det er faktisk sant at vann utvider seg n\u00e5r det fryser, s\u00e5 \u00e5 komprimere det n\u00e5r det er frosset har en tendens til \u00e5 returnere det til flytende tilstand. Teknisk sett kan vi si at presset <strong>senker smeltetemperaturen til is<\/strong>og dermed tillate et overflatelag \u00e5 bli flytende selv ved temperaturer lave nok til \u00e5 forbli fast i frav\u00e6r av trykk. Problemet er at med beregninger i h\u00e5nden, holder ikke denne forklaringen m\u00e5l.<\/p>\n<p>La oss regne ut. En person av <strong>70 kg<\/strong> med sk\u00f8yter hvis blader hviler p\u00e5 isen i et overflateareal p\u00e5 ca <strong>0,5 cm\u00b2<\/strong> (Og <em>Veldig<\/em> lite, men vi \u00f8nsker \u00e5 v\u00e6re optimistiske) ut\u00f8ver et press p\u00e5 ca <strong>135 atmosf\u00e6rer<\/strong>: nok, i teorien, til \u00e5 senke smeltepunktet for is med ca. 1\u00b0C. S\u00e5 effekten er der, men du har sikkert lagt merke til at isen er glatt selv uten sk\u00f8yter. Vi glir ogs\u00e5 p\u00e5 is med vanlige sko, det vil si n\u00e5r vi ut\u00f8ver et trykk som er mye lavere enn det som er n\u00f8dvendig for \u00e5 bringe smeltepunktet til bare \u20131 \u00b0C. Men det er mer: isen er glatt selv ved sv\u00e6rt lave temperaturer. For eksempel p\u00e5 \u2013<strong>30\u00b0C<\/strong> det ville kreve et enormt press for \u00e5 smelte isen, og likevel \u2013 hvis du noen gang har v\u00e6rt i h\u00f8yfjellet om vinteren, har du lagt merke til det \u2013 ved de temperaturene er isen glatt.<\/p>\n<p>Vi kan tenke oss en alternativ forklaring: n\u00e5r skateren skyver bladet p\u00e5 isen, <strong>friksjon produserer en tilstrekkelig mengde varme<\/strong> \u00e5 smelte et tynt overflatelag som tillater glidning. Denne hypotesen er ogs\u00e5 helt logisk og fornuftig, men den forklarer ikke hvorfor <strong>isen er glatt selv n\u00e5r vi praktisk talt st\u00e5r p\u00e5 den<\/strong>.<\/p>\n<h2>Den virkelige vitenskapelige grunnen: overflaten kvasi-flytende lag<\/h2>\n<p>Det riktige svaret er mer overraskende: P\u00e5 overflaten av isen er det alltid et lag med vannmolekyler i en mellomtilstand mellom fast og flytende, uavhengig av ytre trykk eller temperatur. Dette laget, kalt p\u00e5 engelsk <em><strong>kvasi-flytende lag<\/strong><\/em>  (&laquo;kvasi-flytende lag&raquo;) har en tykkelse p\u00e5 rundt 70 nanometer \u2013 milliondeler av en millimeter \u2013 like under 0 \u00b0C, og noen f\u00e5 nanometer ved \u201330 \u00b0C. Det er sv\u00e6rt lite, men nok til \u00e5 gj\u00f8re isens overflate mindre &laquo;fast&raquo; p\u00e5 molekyl\u00e6r skala enn isen selv.<\/p>\n<div class=\"cp_wrapper cp_wrapper--fw mb-50\">\n<figure class=\"mm\"><picture class=\"img\" style=\"padding-top:118.92583120205%\"><source  media=\"(min-width: 1024px)\"><source  media=\"(min-width: 768px)\"><img decoding=\"async\" loading=\"lazy\" src=\"https:\/\/nordnesrepublikken.no\/wp-content\/uploads\/2026\/03\/1774885882_741_Den-virkelige-grunnen-til-at-isen-er-glatt-er-ikke.jpg\" alt=\"nesten flytende lag med is\" width=\"782\" height=\"930\"\/><\/source><\/source><\/picture><\/figure>\n<\/p><\/div>\n<p>Grunnen til at dette laget eksisterer har \u00e5 gj\u00f8re med isens molekyl\u00e6re struktur. Inne i en iskrystall er hvert vannmolekyl omgitt av andre molekyler som det dannes med <strong>hydrogenbindinger<\/strong> i alle retninger. Molekylene p\u00e5 overflaten er imidlertid i en vanskelig posisjon: de har bare bindinger nedover og mot sidene, men ikke oppover. Denne asymmetrien destabiliserer dem, og gj\u00f8r dem mer mobile og uordnete enn de interne. Fra dette synspunktet befinner vi oss derfor her i en situasjon som ligner mer p\u00e5 en v\u00e6ske enn et fast stoff.<\/p>\n<p>Dette fenomenet ble f\u00f8rst antatt av den britiske fysikeren <strong>Michael Faraday<\/strong> allerede inne <strong>1859 <\/strong>(en av de st\u00f8rste vitenskapelige hjernene i sin tid), men i lang tid forble det kontroversielt og vanskelig \u00e5 bevise eksperimentelt. F\u00f8rst p\u00e5 1990-tallet, takket v\u00e6re avanserte mikroskopiteknikker, var fysikere i stand til \u00e5 observere det kvasi-v\u00e6ske laget direkte og m\u00e5le dets egenskaper. Reduksjonen i tykkelsen p\u00e5 det halvflytende laget n\u00e5r temperaturen synker forklarer ogs\u00e5 hvorfor jo kaldere isen er, jo mindre glatt er den. Det samme prinsippet forklarer hvorfor jeg <strong>isbreer<\/strong> de er i stand til \u00e5 str\u00f8mme sakte over de underliggende bergartene: ved bunnen av breen, hvor trykket er enormt og temperaturen relativt h\u00f8y, dannes det et lag med flytende vann som fungerer som et naturlig sm\u00f8remiddel mellom isen og bakken.<\/p>\n<p>Advarsel: dette er ikke den eneste forklaringen p\u00e5 hvorfor folk glir p\u00e5 isen. Trykk og friksjon spiller absolutt en rolle, spesielt n\u00e5r det gjelder sk\u00f8ytel\u00f8pere. Men vi kan si at forklaringen <strong>fullstendig <\/strong>det krever ogs\u00e5 \u00e5 ta hensyn til den komplekse molekylstrukturen til den frie overflaten av isen.<\/p>\n<p>S\u00e5 neste gang noen forklarer deg at sk\u00f8yter fungerer fordi vekt f\u00e5r isen til \u00e5 smelte, kan du svare at saken er litt mer komplisert, og at for \u00e5 forst\u00e5 grunnen til noe s\u00e5 tilsynelatende trivielt m\u00e5tte det mellom Faraday og moderne mikroskoper, nesten <strong>hundre og femti \u00e5r<\/strong>!<\/p>\n<\/p><\/div>\n","protected":false},"excerpt":{"rendered":"<p>Det vet vi alle isen er glattog mange tror de ogs\u00e5 vet hvorfor: vekten av<\/p>\n","protected":false},"author":1,"featured_media":16415,"comment_status":"closed","ping_status":"open","sticky":false,"template":"","format":"standard","meta":{"footnotes":""},"categories":[24],"tags":[74,10636,1369,187,696,10637,355,10638,2856,117,5780,1586],"class_list":["post-16414","post","type-post","status-publish","format-standard","has-post-thumbnail","hentry","category-vitenskap","tag-den","tag-glatt","tag-grunnen","tag-ikke","tag-isen","tag-isens","tag-men","tag-molekylaere","tag-struktur","tag-til","tag-trykk","tag-virkelige","generate-columns","tablet-grid-50","mobile-grid-100","grid-parent","grid-33","resize-featured-image"],"yoast_head":"<!-- This site is optimized with the Yoast SEO plugin v24.4 - https:\/\/yoast.com\/wordpress\/plugins\/seo\/ -->\n<title>Den virkelige grunnen til at isen er glatt er ikke trykk, men isens molekyl\u00e6re struktur - Nordnesrepublikken<\/title>\n<meta name=\"robots\" content=\"index, follow, max-snippet:-1, max-image-preview:large, max-video-preview:-1\" \/>\n<link rel=\"canonical\" href=\"https:\/\/nordnesrepublikken.no\/index.php\/2026\/03\/30\/den-virkelige-grunnen-til-at-isen-er-glatt-er-ikke-trykk-men-isens-molekylaere-struktur\/\" \/>\n<meta property=\"og:locale\" content=\"nb_NO\" \/>\n<meta property=\"og:type\" content=\"article\" \/>\n<meta property=\"og:title\" content=\"Den virkelige grunnen til at isen er glatt er ikke trykk, men isens molekyl\u00e6re struktur - Nordnesrepublikken\" \/>\n<meta property=\"og:description\" content=\"Det vet vi alle isen er glattog mange tror de ogs\u00e5 vet hvorfor: vekten av\" \/>\n<meta property=\"og:url\" content=\"https:\/\/nordnesrepublikken.no\/index.php\/2026\/03\/30\/den-virkelige-grunnen-til-at-isen-er-glatt-er-ikke-trykk-men-isens-molekylaere-struktur\/\" \/>\n<meta property=\"og:site_name\" content=\"Nordnesrepublikken\" \/>\n<meta property=\"article:published_time\" content=\"2026-03-30T15:51:22+00:00\" \/>\n<meta property=\"article:modified_time\" content=\"2026-03-30T15:51:27+00:00\" \/>\n<meta property=\"og:image\" content=\"https:\/\/nordnesrepublikken.no\/wp-content\/uploads\/2026\/03\/1774885883_Den-virkelige-grunnen-til-at-isen-er-glatt-er-ikke-scaled.jpg\" \/>\n\t<meta property=\"og:image:width\" content=\"2560\" \/>\n\t<meta property=\"og:image:height\" content=\"1440\" \/>\n\t<meta property=\"og:image:type\" content=\"image\/jpeg\" \/>\n<meta name=\"author\" content=\"Ole Andersen\" \/>\n<meta name=\"twitter:card\" content=\"summary_large_image\" \/>\n<meta name=\"twitter:label1\" content=\"Skrevet av\" \/>\n\t<meta name=\"twitter:data1\" content=\"Ole Andersen\" \/>\n\t<meta name=\"twitter:label2\" content=\"Ansl. lesetid\" \/>\n\t<meta name=\"twitter:data2\" content=\"4 minutter\" \/>\n<script type=\"application\/ld+json\" class=\"yoast-schema-graph\">{\"@context\":\"https:\/\/schema.org\",\"@graph\":[{\"@type\":\"Article\",\"@id\":\"https:\/\/nordnesrepublikken.no\/index.php\/2026\/03\/30\/den-virkelige-grunnen-til-at-isen-er-glatt-er-ikke-trykk-men-isens-molekylaere-struktur\/#article\",\"isPartOf\":{\"@id\":\"https:\/\/nordnesrepublikken.no\/index.php\/2026\/03\/30\/den-virkelige-grunnen-til-at-isen-er-glatt-er-ikke-trykk-men-isens-molekylaere-struktur\/\"},\"author\":{\"name\":\"Ole Andersen\",\"@id\":\"https:\/\/nordnesrepublikken.no\/#\/schema\/person\/2e7e81935bab77882fffb79296240ff1\"},\"headline\":\"Den virkelige grunnen til at isen er glatt er ikke trykk, men isens molekyl\u00e6re struktur\",\"datePublished\":\"2026-03-30T15:51:22+00:00\",\"dateModified\":\"2026-03-30T15:51:27+00:00\",\"mainEntityOfPage\":{\"@id\":\"https:\/\/nordnesrepublikken.no\/index.php\/2026\/03\/30\/den-virkelige-grunnen-til-at-isen-er-glatt-er-ikke-trykk-men-isens-molekylaere-struktur\/\"},\"wordCount\":831,\"publisher\":{\"@id\":\"https:\/\/nordnesrepublikken.no\/#organization\"},\"image\":{\"@id\":\"https:\/\/nordnesrepublikken.no\/index.php\/2026\/03\/30\/den-virkelige-grunnen-til-at-isen-er-glatt-er-ikke-trykk-men-isens-molekylaere-struktur\/#primaryimage\"},\"thumbnailUrl\":\"https:\/\/nordnesrepublikken.no\/wp-content\/uploads\/2026\/03\/1774885883_Den-virkelige-grunnen-til-at-isen-er-glatt-er-ikke-scaled.jpg\",\"keywords\":[\"den\",\"glatt\",\"grunnen\",\"ikke\",\"isen\",\"isens\",\"men\",\"molekyl\u00e6re\",\"struktur\",\"til\",\"trykk\",\"virkelige\"],\"articleSection\":[\"Vitenskap\"],\"inLanguage\":\"nb-NO\"},{\"@type\":\"WebPage\",\"@id\":\"https:\/\/nordnesrepublikken.no\/index.php\/2026\/03\/30\/den-virkelige-grunnen-til-at-isen-er-glatt-er-ikke-trykk-men-isens-molekylaere-struktur\/\",\"url\":\"https:\/\/nordnesrepublikken.no\/index.php\/2026\/03\/30\/den-virkelige-grunnen-til-at-isen-er-glatt-er-ikke-trykk-men-isens-molekylaere-struktur\/\",\"name\":\"Den virkelige grunnen til at isen er glatt er ikke trykk, men isens molekyl\u00e6re struktur - Nordnesrepublikken\",\"isPartOf\":{\"@id\":\"https:\/\/nordnesrepublikken.no\/#website\"},\"primaryImageOfPage\":{\"@id\":\"https:\/\/nordnesrepublikken.no\/index.php\/2026\/03\/30\/den-virkelige-grunnen-til-at-isen-er-glatt-er-ikke-trykk-men-isens-molekylaere-struktur\/#primaryimage\"},\"image\":{\"@id\":\"https:\/\/nordnesrepublikken.no\/index.php\/2026\/03\/30\/den-virkelige-grunnen-til-at-isen-er-glatt-er-ikke-trykk-men-isens-molekylaere-struktur\/#primaryimage\"},\"thumbnailUrl\":\"https:\/\/nordnesrepublikken.no\/wp-content\/uploads\/2026\/03\/1774885883_Den-virkelige-grunnen-til-at-isen-er-glatt-er-ikke-scaled.jpg\",\"datePublished\":\"2026-03-30T15:51:22+00:00\",\"dateModified\":\"2026-03-30T15:51:27+00:00\",\"breadcrumb\":{\"@id\":\"https:\/\/nordnesrepublikken.no\/index.php\/2026\/03\/30\/den-virkelige-grunnen-til-at-isen-er-glatt-er-ikke-trykk-men-isens-molekylaere-struktur\/#breadcrumb\"},\"inLanguage\":\"nb-NO\",\"potentialAction\":[{\"@type\":\"ReadAction\",\"target\":[\"https:\/\/nordnesrepublikken.no\/index.php\/2026\/03\/30\/den-virkelige-grunnen-til-at-isen-er-glatt-er-ikke-trykk-men-isens-molekylaere-struktur\/\"]}]},{\"@type\":\"ImageObject\",\"inLanguage\":\"nb-NO\",\"@id\":\"https:\/\/nordnesrepublikken.no\/index.php\/2026\/03\/30\/den-virkelige-grunnen-til-at-isen-er-glatt-er-ikke-trykk-men-isens-molekylaere-struktur\/#primaryimage\",\"url\":\"https:\/\/nordnesrepublikken.no\/wp-content\/uploads\/2026\/03\/1774885883_Den-virkelige-grunnen-til-at-isen-er-glatt-er-ikke-scaled.jpg\",\"contentUrl\":\"https:\/\/nordnesrepublikken.no\/wp-content\/uploads\/2026\/03\/1774885883_Den-virkelige-grunnen-til-at-isen-er-glatt-er-ikke-scaled.jpg\",\"width\":2560,\"height\":1440,\"caption\":\"Den virkelige grunnen til at isen er glatt er ikke trykk, men isens molekyl\u00e6re struktur\"},{\"@type\":\"BreadcrumbList\",\"@id\":\"https:\/\/nordnesrepublikken.no\/index.php\/2026\/03\/30\/den-virkelige-grunnen-til-at-isen-er-glatt-er-ikke-trykk-men-isens-molekylaere-struktur\/#breadcrumb\",\"itemListElement\":[{\"@type\":\"ListItem\",\"position\":1,\"name\":\"Home\",\"item\":\"https:\/\/nordnesrepublikken.no\/\"},{\"@type\":\"ListItem\",\"position\":2,\"name\":\"Den virkelige grunnen til at isen er glatt er ikke trykk, men isens molekyl\u00e6re struktur\"}]},{\"@type\":\"WebSite\",\"@id\":\"https:\/\/nordnesrepublikken.no\/#website\",\"url\":\"https:\/\/nordnesrepublikken.no\/\",\"name\":\"Nordnesrepublikken\",\"description\":\"Stemmer og Visjoner fra Republikkens Hjerte\",\"publisher\":{\"@id\":\"https:\/\/nordnesrepublikken.no\/#organization\"},\"potentialAction\":[{\"@type\":\"SearchAction\",\"target\":{\"@type\":\"EntryPoint\",\"urlTemplate\":\"https:\/\/nordnesrepublikken.no\/?s={search_term_string}\"},\"query-input\":{\"@type\":\"PropertyValueSpecification\",\"valueRequired\":true,\"valueName\":\"search_term_string\"}}],\"inLanguage\":\"nb-NO\"},{\"@type\":\"Organization\",\"@id\":\"https:\/\/nordnesrepublikken.no\/#organization\",\"name\":\"Nordnesrepublikken\",\"url\":\"https:\/\/nordnesrepublikken.no\/\",\"logo\":{\"@type\":\"ImageObject\",\"inLanguage\":\"nb-NO\",\"@id\":\"https:\/\/nordnesrepublikken.no\/#\/schema\/logo\/image\/\",\"url\":\"https:\/\/nordnesrepublikken.no\/wp-content\/uploads\/2025\/02\/cropped-nordnesrepublikken-2.png\",\"contentUrl\":\"https:\/\/nordnesrepublikken.no\/wp-content\/uploads\/2025\/02\/cropped-nordnesrepublikken-2.png\",\"width\":1248,\"height\":362,\"caption\":\"Nordnesrepublikken\"},\"image\":{\"@id\":\"https:\/\/nordnesrepublikken.no\/#\/schema\/logo\/image\/\"}},{\"@type\":\"Person\",\"@id\":\"https:\/\/nordnesrepublikken.no\/#\/schema\/person\/2e7e81935bab77882fffb79296240ff1\",\"name\":\"Ole Andersen\",\"image\":{\"@type\":\"ImageObject\",\"inLanguage\":\"nb-NO\",\"@id\":\"https:\/\/nordnesrepublikken.no\/#\/schema\/person\/image\/\",\"url\":\"https:\/\/nordnesrepublikken.no\/wp-content\/uploads\/2025\/02\/nordnesrepublikken-2-2-150x150.jpg\",\"contentUrl\":\"https:\/\/nordnesrepublikken.no\/wp-content\/uploads\/2025\/02\/nordnesrepublikken-2-2-150x150.jpg\",\"caption\":\"Ole Andersen\"},\"description\":\"Ettersom jeg vokste opp i Oslo, har jeg alltid v\u00e6rt fascinert av ordenes kraft og deres evne til \u00e5 skape endringer. Etter \u00e5 ha fullf\u00f8rt min utdannelse i kommunikasjon ved Universitetet i Bergen, fikk jeg muligheten til \u00e5 jobbe innen ulike medier, der jeg har s\u00f8kt \u00e5 belyse viktige samfunnssp\u00f8rsm\u00e5l. I dag, som redakt\u00f8r for Nordnesrepublikken, pr\u00f8ver jeg \u00e5 forene min kj\u00e6rlighet for journalistikk med min lidenskap for innovasjon og eventyr.\",\"sameAs\":[\"https:\/\/nordnesrepublikken.no\/\"]}]}<\/script>\n<!-- \/ Yoast SEO plugin. -->","yoast_head_json":{"title":"Den virkelige grunnen til at isen er glatt er ikke trykk, men isens molekyl\u00e6re struktur - Nordnesrepublikken","robots":{"index":"index","follow":"follow","max-snippet":"max-snippet:-1","max-image-preview":"max-image-preview:large","max-video-preview":"max-video-preview:-1"},"canonical":"https:\/\/nordnesrepublikken.no\/index.php\/2026\/03\/30\/den-virkelige-grunnen-til-at-isen-er-glatt-er-ikke-trykk-men-isens-molekylaere-struktur\/","og_locale":"nb_NO","og_type":"article","og_title":"Den virkelige grunnen til at isen er glatt er ikke trykk, men isens molekyl\u00e6re struktur - Nordnesrepublikken","og_description":"Det vet vi alle isen er glattog mange tror de ogs\u00e5 vet hvorfor: vekten av","og_url":"https:\/\/nordnesrepublikken.no\/index.php\/2026\/03\/30\/den-virkelige-grunnen-til-at-isen-er-glatt-er-ikke-trykk-men-isens-molekylaere-struktur\/","og_site_name":"Nordnesrepublikken","article_published_time":"2026-03-30T15:51:22+00:00","article_modified_time":"2026-03-30T15:51:27+00:00","og_image":[{"width":2560,"height":1440,"url":"https:\/\/nordnesrepublikken.no\/wp-content\/uploads\/2026\/03\/1774885883_Den-virkelige-grunnen-til-at-isen-er-glatt-er-ikke-scaled.jpg","type":"image\/jpeg"}],"author":"Ole Andersen","twitter_card":"summary_large_image","twitter_misc":{"Skrevet av":"Ole Andersen","Ansl. lesetid":"4 minutter"},"schema":{"@context":"https:\/\/schema.org","@graph":[{"@type":"Article","@id":"https:\/\/nordnesrepublikken.no\/index.php\/2026\/03\/30\/den-virkelige-grunnen-til-at-isen-er-glatt-er-ikke-trykk-men-isens-molekylaere-struktur\/#article","isPartOf":{"@id":"https:\/\/nordnesrepublikken.no\/index.php\/2026\/03\/30\/den-virkelige-grunnen-til-at-isen-er-glatt-er-ikke-trykk-men-isens-molekylaere-struktur\/"},"author":{"name":"Ole Andersen","@id":"https:\/\/nordnesrepublikken.no\/#\/schema\/person\/2e7e81935bab77882fffb79296240ff1"},"headline":"Den virkelige grunnen til at isen er glatt er ikke trykk, men isens molekyl\u00e6re struktur","datePublished":"2026-03-30T15:51:22+00:00","dateModified":"2026-03-30T15:51:27+00:00","mainEntityOfPage":{"@id":"https:\/\/nordnesrepublikken.no\/index.php\/2026\/03\/30\/den-virkelige-grunnen-til-at-isen-er-glatt-er-ikke-trykk-men-isens-molekylaere-struktur\/"},"wordCount":831,"publisher":{"@id":"https:\/\/nordnesrepublikken.no\/#organization"},"image":{"@id":"https:\/\/nordnesrepublikken.no\/index.php\/2026\/03\/30\/den-virkelige-grunnen-til-at-isen-er-glatt-er-ikke-trykk-men-isens-molekylaere-struktur\/#primaryimage"},"thumbnailUrl":"https:\/\/nordnesrepublikken.no\/wp-content\/uploads\/2026\/03\/1774885883_Den-virkelige-grunnen-til-at-isen-er-glatt-er-ikke-scaled.jpg","keywords":["den","glatt","grunnen","ikke","isen","isens","men","molekyl\u00e6re","struktur","til","trykk","virkelige"],"articleSection":["Vitenskap"],"inLanguage":"nb-NO"},{"@type":"WebPage","@id":"https:\/\/nordnesrepublikken.no\/index.php\/2026\/03\/30\/den-virkelige-grunnen-til-at-isen-er-glatt-er-ikke-trykk-men-isens-molekylaere-struktur\/","url":"https:\/\/nordnesrepublikken.no\/index.php\/2026\/03\/30\/den-virkelige-grunnen-til-at-isen-er-glatt-er-ikke-trykk-men-isens-molekylaere-struktur\/","name":"Den virkelige grunnen til at isen er glatt er ikke trykk, men isens molekyl\u00e6re struktur - Nordnesrepublikken","isPartOf":{"@id":"https:\/\/nordnesrepublikken.no\/#website"},"primaryImageOfPage":{"@id":"https:\/\/nordnesrepublikken.no\/index.php\/2026\/03\/30\/den-virkelige-grunnen-til-at-isen-er-glatt-er-ikke-trykk-men-isens-molekylaere-struktur\/#primaryimage"},"image":{"@id":"https:\/\/nordnesrepublikken.no\/index.php\/2026\/03\/30\/den-virkelige-grunnen-til-at-isen-er-glatt-er-ikke-trykk-men-isens-molekylaere-struktur\/#primaryimage"},"thumbnailUrl":"https:\/\/nordnesrepublikken.no\/wp-content\/uploads\/2026\/03\/1774885883_Den-virkelige-grunnen-til-at-isen-er-glatt-er-ikke-scaled.jpg","datePublished":"2026-03-30T15:51:22+00:00","dateModified":"2026-03-30T15:51:27+00:00","breadcrumb":{"@id":"https:\/\/nordnesrepublikken.no\/index.php\/2026\/03\/30\/den-virkelige-grunnen-til-at-isen-er-glatt-er-ikke-trykk-men-isens-molekylaere-struktur\/#breadcrumb"},"inLanguage":"nb-NO","potentialAction":[{"@type":"ReadAction","target":["https:\/\/nordnesrepublikken.no\/index.php\/2026\/03\/30\/den-virkelige-grunnen-til-at-isen-er-glatt-er-ikke-trykk-men-isens-molekylaere-struktur\/"]}]},{"@type":"ImageObject","inLanguage":"nb-NO","@id":"https:\/\/nordnesrepublikken.no\/index.php\/2026\/03\/30\/den-virkelige-grunnen-til-at-isen-er-glatt-er-ikke-trykk-men-isens-molekylaere-struktur\/#primaryimage","url":"https:\/\/nordnesrepublikken.no\/wp-content\/uploads\/2026\/03\/1774885883_Den-virkelige-grunnen-til-at-isen-er-glatt-er-ikke-scaled.jpg","contentUrl":"https:\/\/nordnesrepublikken.no\/wp-content\/uploads\/2026\/03\/1774885883_Den-virkelige-grunnen-til-at-isen-er-glatt-er-ikke-scaled.jpg","width":2560,"height":1440,"caption":"Den virkelige grunnen til at isen er glatt er ikke trykk, men isens molekyl\u00e6re struktur"},{"@type":"BreadcrumbList","@id":"https:\/\/nordnesrepublikken.no\/index.php\/2026\/03\/30\/den-virkelige-grunnen-til-at-isen-er-glatt-er-ikke-trykk-men-isens-molekylaere-struktur\/#breadcrumb","itemListElement":[{"@type":"ListItem","position":1,"name":"Home","item":"https:\/\/nordnesrepublikken.no\/"},{"@type":"ListItem","position":2,"name":"Den virkelige grunnen til at isen er glatt er ikke trykk, men isens molekyl\u00e6re struktur"}]},{"@type":"WebSite","@id":"https:\/\/nordnesrepublikken.no\/#website","url":"https:\/\/nordnesrepublikken.no\/","name":"Nordnesrepublikken","description":"Stemmer og Visjoner fra Republikkens Hjerte","publisher":{"@id":"https:\/\/nordnesrepublikken.no\/#organization"},"potentialAction":[{"@type":"SearchAction","target":{"@type":"EntryPoint","urlTemplate":"https:\/\/nordnesrepublikken.no\/?s={search_term_string}"},"query-input":{"@type":"PropertyValueSpecification","valueRequired":true,"valueName":"search_term_string"}}],"inLanguage":"nb-NO"},{"@type":"Organization","@id":"https:\/\/nordnesrepublikken.no\/#organization","name":"Nordnesrepublikken","url":"https:\/\/nordnesrepublikken.no\/","logo":{"@type":"ImageObject","inLanguage":"nb-NO","@id":"https:\/\/nordnesrepublikken.no\/#\/schema\/logo\/image\/","url":"https:\/\/nordnesrepublikken.no\/wp-content\/uploads\/2025\/02\/cropped-nordnesrepublikken-2.png","contentUrl":"https:\/\/nordnesrepublikken.no\/wp-content\/uploads\/2025\/02\/cropped-nordnesrepublikken-2.png","width":1248,"height":362,"caption":"Nordnesrepublikken"},"image":{"@id":"https:\/\/nordnesrepublikken.no\/#\/schema\/logo\/image\/"}},{"@type":"Person","@id":"https:\/\/nordnesrepublikken.no\/#\/schema\/person\/2e7e81935bab77882fffb79296240ff1","name":"Ole Andersen","image":{"@type":"ImageObject","inLanguage":"nb-NO","@id":"https:\/\/nordnesrepublikken.no\/#\/schema\/person\/image\/","url":"https:\/\/nordnesrepublikken.no\/wp-content\/uploads\/2025\/02\/nordnesrepublikken-2-2-150x150.jpg","contentUrl":"https:\/\/nordnesrepublikken.no\/wp-content\/uploads\/2025\/02\/nordnesrepublikken-2-2-150x150.jpg","caption":"Ole Andersen"},"description":"Ettersom jeg vokste opp i Oslo, har jeg alltid v\u00e6rt fascinert av ordenes kraft og deres evne til \u00e5 skape endringer. Etter \u00e5 ha fullf\u00f8rt min utdannelse i kommunikasjon ved Universitetet i Bergen, fikk jeg muligheten til \u00e5 jobbe innen ulike medier, der jeg har s\u00f8kt \u00e5 belyse viktige samfunnssp\u00f8rsm\u00e5l. I dag, som redakt\u00f8r for Nordnesrepublikken, pr\u00f8ver jeg \u00e5 forene min kj\u00e6rlighet for journalistikk med min lidenskap for innovasjon og eventyr.","sameAs":["https:\/\/nordnesrepublikken.no\/"]}]}},"_links":{"self":[{"href":"https:\/\/nordnesrepublikken.no\/index.php\/wp-json\/wp\/v2\/posts\/16414","targetHints":{"allow":["GET"]}}],"collection":[{"href":"https:\/\/nordnesrepublikken.no\/index.php\/wp-json\/wp\/v2\/posts"}],"about":[{"href":"https:\/\/nordnesrepublikken.no\/index.php\/wp-json\/wp\/v2\/types\/post"}],"author":[{"embeddable":true,"href":"https:\/\/nordnesrepublikken.no\/index.php\/wp-json\/wp\/v2\/users\/1"}],"replies":[{"embeddable":true,"href":"https:\/\/nordnesrepublikken.no\/index.php\/wp-json\/wp\/v2\/comments?post=16414"}],"version-history":[{"count":1,"href":"https:\/\/nordnesrepublikken.no\/index.php\/wp-json\/wp\/v2\/posts\/16414\/revisions"}],"predecessor-version":[{"id":16416,"href":"https:\/\/nordnesrepublikken.no\/index.php\/wp-json\/wp\/v2\/posts\/16414\/revisions\/16416"}],"wp:featuredmedia":[{"embeddable":true,"href":"https:\/\/nordnesrepublikken.no\/index.php\/wp-json\/wp\/v2\/media\/16415"}],"wp:attachment":[{"href":"https:\/\/nordnesrepublikken.no\/index.php\/wp-json\/wp\/v2\/media?parent=16414"}],"wp:term":[{"taxonomy":"category","embeddable":true,"href":"https:\/\/nordnesrepublikken.no\/index.php\/wp-json\/wp\/v2\/categories?post=16414"},{"taxonomy":"post_tag","embeddable":true,"href":"https:\/\/nordnesrepublikken.no\/index.php\/wp-json\/wp\/v2\/tags?post=16414"}],"curies":[{"name":"wp","href":"https:\/\/api.w.org\/{rel}","templated":true}]}}