{"id":16405,"date":"2026-03-30T13:51:12","date_gmt":"2026-03-30T11:51:12","guid":{"rendered":"https:\/\/nordnesrepublikken.no\/index.php\/2026\/03\/30\/rekordmange-briter-fanger-opp-paskeferier-i-siste-liten-i-vinterlig-morke\/"},"modified":"2026-03-30T13:51:14","modified_gmt":"2026-03-30T11:51:14","slug":"rekordmange-briter-fanger-opp-paskeferier-i-siste-liten-i-vinterlig-morke","status":"publish","type":"post","link":"https:\/\/nordnesrepublikken.no\/index.php\/2026\/03\/30\/rekordmange-briter-fanger-opp-paskeferier-i-siste-liten-i-vinterlig-morke\/","title":{"rendered":"Rekordmange briter fanger opp p\u00e5skeferier i siste liten i vinterlig m\u00f8rke"},"content":{"rendered":"<p><\/p>\n<div class=\"wordpress-content\">\n                    <!-- Article Start --><\/p>\n<p>Ettersp\u00f8rselen etter ferie i siste liten har steget med forbl\u00f8ffende 76 prosent ettersom easyJet gj\u00f8r seg klar for et rekordstort p\u00e5skerush. Kuldeb\u00f8lger over hele Storbritannia har oppmuntret sols\u00f8kere til \u00e5 bestille spontane r\u00f8mninger, og sendt p\u00e5skeferiereservasjoner i fart. De i reiselivsbransjen sier attraktive siste-liten-avtaler kombinert med vedvarende d\u00e5rlig v\u00e6r i Storbritannia har v\u00e6rt n\u00f8kkelfaktorene bak hastverket.<\/p>\n<h2>EasyJet spenner for den travleste p\u00e5skehelgen noensinne<\/h2>\n<p>Passasjerer vil g\u00e5 ombord p\u00e5 nesten 30 000 easyJet-flyvninger i l\u00f8pet av den to uker lange v\u00e5rferien, med 5,2 millioner seter tilgjengelig over hele Europa. Mer enn 5000 flyreiser har avgang bare i \u00e5pningen av p\u00e5skens reisehelg, med familier som er ivrige etter varmere himmelstr\u00f8k og velkommen tid borte.<\/p>\n<p>Operat\u00f8rer forventer opptil 16 000 avganger fra britiske flyplasser i l\u00f8pet av perioden, og betjener destinasjoner som allerede har v\u00e5rsol. EasyJet Holidays sier de vil ta imot over en fjerdedel flere kunder enn i fjor\u00e5rets p\u00e5skeferie.<\/p>\n<div class=\"sra_unit\"><link rel=\"stylesheet\" id=\"block-sra\" href=\"https:\/\/euroweeklynews.com\/wp-content\/plugins\/snack-related-articles\/dist\/css\/snack-related.min.css?250312-193541\" type=\"text\/css\" media=\"all\">\n<\/div>\n<h2>Gatwick-utvidelsen legger til nye reisemuligheter<\/h2>\n<p>London Gatwick \u00f8nsker flere nye flyselskaper velkommen denne p\u00e5sken, noe som \u00f8ker konkurransen og valget for avreisende passasjerer. Jet2 har nettopp debutert p\u00e5 flyplassen med et f\u00f8rste fly til Tenerife, raskt etterfulgt av en tjeneste til Alicante.<\/p>\n<p>Andre flyselskaper, inkludert Air France, Condor, Eurowings og Animawings, ankommer n\u00e5, mens AirAsia X, Air Arabia og Beijing Capital forbereder seg p\u00e5 forest\u00e5ende nye operasjoner. Nye ruter fra Norwegian og Royal Air Maroc utvider mulighetene ytterligere til mer enn 220 destinasjoner fra samme flyplass.<\/p>\n<h2>Popul\u00e6re solskinnssteder tiltrekker seg rekordstor interesse<\/h2>\n<p>Briter favoriserer kjente middelhavsfavoritter denne p\u00e5sken. Spania og Kanari\u00f8yene registrerer sterk bookingvekst, med Tenerife og Lanzarote som viser seg \u00e5 v\u00e6re spesielt popul\u00e6re blant sols\u00f8kere. Alicante og Malaga p\u00e5 det spanske fastlandet st\u00e5r ogs\u00e5 h\u00f8yt p\u00e5 \u00f8nskelisten.<\/p>\n<p>Hellas er spesielt popul\u00e6rt, og registrerer et 200 prosent hopp fra uke til uke i siste liten-reservasjoner. Tyrkia opplever en bemerkelsesverdig \u00f8kning p\u00e5 160 prosent i p\u00e5skeinteressen. Noen skisteder i st\u00f8rre h\u00f8yder forblir \u00e5pne til april for de som jakter p\u00e5 sn\u00f8 fra sensesongen.<\/p>\n<p>Kevin Doyle, easyJets landsjef i Storbritannia, forklarte kundenes preferanser for flyselskapets nettverk og verdi. &laquo;Hver p\u00e5ske velger flere kunder easyJet for uovertruffen valg, str\u00e5lende pakkereiser og god verdi,&raquo; sa han. &laquo;I \u00e5r flyr operat\u00f8rer mer enn 30 000 flyvninger over hele Europa til over 140 destinasjoner. P\u00e5sken gir familier, par og venner en perfekt sjanse til \u00e5 nyte tidlig v\u00e5rsol eller utforske Europas store byer.&raquo;<\/p>\n<p>                    <!-- Originally published at https:\/\/euroweeklynews.com\/2026\/03\/29\/record-numbers-of-brits-snap-up-last-minute-easter-getaways-during-wintry-gloom\/ on 29 Mar 2026 at 12:33 by Adam Woodward --><br \/>\n                    <!-- Article End -->\n                <\/div>\n","protected":false},"excerpt":{"rendered":"<p>Ettersp\u00f8rselen etter ferie i siste liten har steget med forbl\u00f8ffende 76 prosent ettersom easyJet gj\u00f8r<\/p>\n","protected":false},"author":1,"featured_media":16406,"comment_status":"closed","ping_status":"open","sticky":false,"template":"","format":"standard","meta":{"footnotes":""},"categories":[105],"tags":[1296,4955,5608,2497,283,10629,9861,779,10630],"class_list":["post-16405","post","type-post","status-publish","format-standard","has-post-thumbnail","hentry","category-livsstil","tag-briter","tag-fanger","tag-liten","tag-morke","tag-opp","tag-paskeferier","tag-rekordmange","tag-siste","tag-vinterlig","generate-columns","tablet-grid-50","mobile-grid-100","grid-parent","grid-33"],"yoast_head":"<!-- This site is optimized with the Yoast SEO plugin v24.4 - https:\/\/yoast.com\/wordpress\/plugins\/seo\/ -->\n<title>Rekordmange briter fanger opp p\u00e5skeferier i siste liten i vinterlig m\u00f8rke - Nordnesrepublikken<\/title>\n<meta name=\"robots\" content=\"index, follow, max-snippet:-1, max-image-preview:large, max-video-preview:-1\" \/>\n<link rel=\"canonical\" href=\"https:\/\/nordnesrepublikken.no\/index.php\/2026\/03\/30\/rekordmange-briter-fanger-opp-paskeferier-i-siste-liten-i-vinterlig-morke\/\" \/>\n<meta property=\"og:locale\" content=\"nb_NO\" \/>\n<meta property=\"og:type\" content=\"article\" \/>\n<meta property=\"og:title\" content=\"Rekordmange briter fanger opp p\u00e5skeferier i siste liten i vinterlig m\u00f8rke - Nordnesrepublikken\" \/>\n<meta property=\"og:description\" content=\"Ettersp\u00f8rselen etter ferie i siste liten har steget med forbl\u00f8ffende 76 prosent ettersom easyJet gj\u00f8r\" \/>\n<meta property=\"og:url\" content=\"https:\/\/nordnesrepublikken.no\/index.php\/2026\/03\/30\/rekordmange-briter-fanger-opp-paskeferier-i-siste-liten-i-vinterlig-morke\/\" \/>\n<meta property=\"og:site_name\" content=\"Nordnesrepublikken\" \/>\n<meta property=\"article:published_time\" content=\"2026-03-30T11:51:12+00:00\" \/>\n<meta property=\"article:modified_time\" content=\"2026-03-30T11:51:14+00:00\" \/>\n<meta property=\"og:image\" content=\"https:\/\/nordnesrepublikken.no\/wp-content\/uploads\/2026\/03\/1774871473_Rekordmange-briter-fanger-opp-paskeferier-i-siste-liten-i-vinterlig.jpg\" \/>\n\t<meta property=\"og:image:width\" content=\"1200\" \/>\n\t<meta property=\"og:image:height\" content=\"750\" \/>\n\t<meta property=\"og:image:type\" content=\"image\/jpeg\" \/>\n<meta name=\"author\" content=\"Ole Andersen\" \/>\n<meta name=\"twitter:card\" content=\"summary_large_image\" \/>\n<meta name=\"twitter:label1\" content=\"Skrevet av\" \/>\n\t<meta name=\"twitter:data1\" content=\"Ole Andersen\" \/>\n\t<meta name=\"twitter:label2\" content=\"Ansl. lesetid\" \/>\n\t<meta name=\"twitter:data2\" content=\"2 minutter\" \/>\n<script type=\"application\/ld+json\" class=\"yoast-schema-graph\">{\"@context\":\"https:\/\/schema.org\",\"@graph\":[{\"@type\":\"Article\",\"@id\":\"https:\/\/nordnesrepublikken.no\/index.php\/2026\/03\/30\/rekordmange-briter-fanger-opp-paskeferier-i-siste-liten-i-vinterlig-morke\/#article\",\"isPartOf\":{\"@id\":\"https:\/\/nordnesrepublikken.no\/index.php\/2026\/03\/30\/rekordmange-briter-fanger-opp-paskeferier-i-siste-liten-i-vinterlig-morke\/\"},\"author\":{\"name\":\"Ole Andersen\",\"@id\":\"https:\/\/nordnesrepublikken.no\/#\/schema\/person\/2e7e81935bab77882fffb79296240ff1\"},\"headline\":\"Rekordmange briter fanger opp p\u00e5skeferier i siste liten i vinterlig m\u00f8rke\",\"datePublished\":\"2026-03-30T11:51:12+00:00\",\"dateModified\":\"2026-03-30T11:51:14+00:00\",\"mainEntityOfPage\":{\"@id\":\"https:\/\/nordnesrepublikken.no\/index.php\/2026\/03\/30\/rekordmange-briter-fanger-opp-paskeferier-i-siste-liten-i-vinterlig-morke\/\"},\"wordCount\":425,\"publisher\":{\"@id\":\"https:\/\/nordnesrepublikken.no\/#organization\"},\"image\":{\"@id\":\"https:\/\/nordnesrepublikken.no\/index.php\/2026\/03\/30\/rekordmange-briter-fanger-opp-paskeferier-i-siste-liten-i-vinterlig-morke\/#primaryimage\"},\"thumbnailUrl\":\"https:\/\/nordnesrepublikken.no\/wp-content\/uploads\/2026\/03\/1774871473_Rekordmange-briter-fanger-opp-paskeferier-i-siste-liten-i-vinterlig.jpg\",\"keywords\":[\"briter\",\"Fanger\",\"liten\",\"m\u00f8rke\",\"opp\",\"p\u00e5skeferier\",\"Rekordmange\",\"siste\",\"vinterlig\"],\"articleSection\":[\"Livsstil\"],\"inLanguage\":\"nb-NO\"},{\"@type\":\"WebPage\",\"@id\":\"https:\/\/nordnesrepublikken.no\/index.php\/2026\/03\/30\/rekordmange-briter-fanger-opp-paskeferier-i-siste-liten-i-vinterlig-morke\/\",\"url\":\"https:\/\/nordnesrepublikken.no\/index.php\/2026\/03\/30\/rekordmange-briter-fanger-opp-paskeferier-i-siste-liten-i-vinterlig-morke\/\",\"name\":\"Rekordmange briter fanger opp p\u00e5skeferier i siste liten i vinterlig m\u00f8rke - Nordnesrepublikken\",\"isPartOf\":{\"@id\":\"https:\/\/nordnesrepublikken.no\/#website\"},\"primaryImageOfPage\":{\"@id\":\"https:\/\/nordnesrepublikken.no\/index.php\/2026\/03\/30\/rekordmange-briter-fanger-opp-paskeferier-i-siste-liten-i-vinterlig-morke\/#primaryimage\"},\"image\":{\"@id\":\"https:\/\/nordnesrepublikken.no\/index.php\/2026\/03\/30\/rekordmange-briter-fanger-opp-paskeferier-i-siste-liten-i-vinterlig-morke\/#primaryimage\"},\"thumbnailUrl\":\"https:\/\/nordnesrepublikken.no\/wp-content\/uploads\/2026\/03\/1774871473_Rekordmange-briter-fanger-opp-paskeferier-i-siste-liten-i-vinterlig.jpg\",\"datePublished\":\"2026-03-30T11:51:12+00:00\",\"dateModified\":\"2026-03-30T11:51:14+00:00\",\"breadcrumb\":{\"@id\":\"https:\/\/nordnesrepublikken.no\/index.php\/2026\/03\/30\/rekordmange-briter-fanger-opp-paskeferier-i-siste-liten-i-vinterlig-morke\/#breadcrumb\"},\"inLanguage\":\"nb-NO\",\"potentialAction\":[{\"@type\":\"ReadAction\",\"target\":[\"https:\/\/nordnesrepublikken.no\/index.php\/2026\/03\/30\/rekordmange-briter-fanger-opp-paskeferier-i-siste-liten-i-vinterlig-morke\/\"]}]},{\"@type\":\"ImageObject\",\"inLanguage\":\"nb-NO\",\"@id\":\"https:\/\/nordnesrepublikken.no\/index.php\/2026\/03\/30\/rekordmange-briter-fanger-opp-paskeferier-i-siste-liten-i-vinterlig-morke\/#primaryimage\",\"url\":\"https:\/\/nordnesrepublikken.no\/wp-content\/uploads\/2026\/03\/1774871473_Rekordmange-briter-fanger-opp-paskeferier-i-siste-liten-i-vinterlig.jpg\",\"contentUrl\":\"https:\/\/nordnesrepublikken.no\/wp-content\/uploads\/2026\/03\/1774871473_Rekordmange-briter-fanger-opp-paskeferier-i-siste-liten-i-vinterlig.jpg\",\"width\":1200,\"height\":750,\"caption\":\"Rekordmange briter fanger opp p\u00e5skeferier i siste liten i vinterlig m\u00f8rke\"},{\"@type\":\"BreadcrumbList\",\"@id\":\"https:\/\/nordnesrepublikken.no\/index.php\/2026\/03\/30\/rekordmange-briter-fanger-opp-paskeferier-i-siste-liten-i-vinterlig-morke\/#breadcrumb\",\"itemListElement\":[{\"@type\":\"ListItem\",\"position\":1,\"name\":\"Home\",\"item\":\"https:\/\/nordnesrepublikken.no\/\"},{\"@type\":\"ListItem\",\"position\":2,\"name\":\"Rekordmange briter fanger opp p\u00e5skeferier i siste liten i vinterlig m\u00f8rke\"}]},{\"@type\":\"WebSite\",\"@id\":\"https:\/\/nordnesrepublikken.no\/#website\",\"url\":\"https:\/\/nordnesrepublikken.no\/\",\"name\":\"Nordnesrepublikken\",\"description\":\"Stemmer og Visjoner fra Republikkens Hjerte\",\"publisher\":{\"@id\":\"https:\/\/nordnesrepublikken.no\/#organization\"},\"potentialAction\":[{\"@type\":\"SearchAction\",\"target\":{\"@type\":\"EntryPoint\",\"urlTemplate\":\"https:\/\/nordnesrepublikken.no\/?s={search_term_string}\"},\"query-input\":{\"@type\":\"PropertyValueSpecification\",\"valueRequired\":true,\"valueName\":\"search_term_string\"}}],\"inLanguage\":\"nb-NO\"},{\"@type\":\"Organization\",\"@id\":\"https:\/\/nordnesrepublikken.no\/#organization\",\"name\":\"Nordnesrepublikken\",\"url\":\"https:\/\/nordnesrepublikken.no\/\",\"logo\":{\"@type\":\"ImageObject\",\"inLanguage\":\"nb-NO\",\"@id\":\"https:\/\/nordnesrepublikken.no\/#\/schema\/logo\/image\/\",\"url\":\"https:\/\/nordnesrepublikken.no\/wp-content\/uploads\/2025\/02\/cropped-nordnesrepublikken-2.png\",\"contentUrl\":\"https:\/\/nordnesrepublikken.no\/wp-content\/uploads\/2025\/02\/cropped-nordnesrepublikken-2.png\",\"width\":1248,\"height\":362,\"caption\":\"Nordnesrepublikken\"},\"image\":{\"@id\":\"https:\/\/nordnesrepublikken.no\/#\/schema\/logo\/image\/\"}},{\"@type\":\"Person\",\"@id\":\"https:\/\/nordnesrepublikken.no\/#\/schema\/person\/2e7e81935bab77882fffb79296240ff1\",\"name\":\"Ole Andersen\",\"image\":{\"@type\":\"ImageObject\",\"inLanguage\":\"nb-NO\",\"@id\":\"https:\/\/nordnesrepublikken.no\/#\/schema\/person\/image\/\",\"url\":\"https:\/\/nordnesrepublikken.no\/wp-content\/uploads\/2025\/02\/nordnesrepublikken-2-2-150x150.jpg\",\"contentUrl\":\"https:\/\/nordnesrepublikken.no\/wp-content\/uploads\/2025\/02\/nordnesrepublikken-2-2-150x150.jpg\",\"caption\":\"Ole Andersen\"},\"description\":\"Ettersom jeg vokste opp i Oslo, har jeg alltid v\u00e6rt fascinert av ordenes kraft og deres evne til \u00e5 skape endringer. Etter \u00e5 ha fullf\u00f8rt min utdannelse i kommunikasjon ved Universitetet i Bergen, fikk jeg muligheten til \u00e5 jobbe innen ulike medier, der jeg har s\u00f8kt \u00e5 belyse viktige samfunnssp\u00f8rsm\u00e5l. I dag, som redakt\u00f8r for Nordnesrepublikken, pr\u00f8ver jeg \u00e5 forene min kj\u00e6rlighet for journalistikk med min lidenskap for innovasjon og eventyr.\",\"sameAs\":[\"https:\/\/nordnesrepublikken.no\/\"]}]}<\/script>\n<!-- \/ Yoast SEO plugin. -->","yoast_head_json":{"title":"Rekordmange briter fanger opp p\u00e5skeferier i siste liten i vinterlig m\u00f8rke - Nordnesrepublikken","robots":{"index":"index","follow":"follow","max-snippet":"max-snippet:-1","max-image-preview":"max-image-preview:large","max-video-preview":"max-video-preview:-1"},"canonical":"https:\/\/nordnesrepublikken.no\/index.php\/2026\/03\/30\/rekordmange-briter-fanger-opp-paskeferier-i-siste-liten-i-vinterlig-morke\/","og_locale":"nb_NO","og_type":"article","og_title":"Rekordmange briter fanger opp p\u00e5skeferier i siste liten i vinterlig m\u00f8rke - Nordnesrepublikken","og_description":"Ettersp\u00f8rselen etter ferie i siste liten har steget med forbl\u00f8ffende 76 prosent ettersom easyJet gj\u00f8r","og_url":"https:\/\/nordnesrepublikken.no\/index.php\/2026\/03\/30\/rekordmange-briter-fanger-opp-paskeferier-i-siste-liten-i-vinterlig-morke\/","og_site_name":"Nordnesrepublikken","article_published_time":"2026-03-30T11:51:12+00:00","article_modified_time":"2026-03-30T11:51:14+00:00","og_image":[{"width":1200,"height":750,"url":"https:\/\/nordnesrepublikken.no\/wp-content\/uploads\/2026\/03\/1774871473_Rekordmange-briter-fanger-opp-paskeferier-i-siste-liten-i-vinterlig.jpg","type":"image\/jpeg"}],"author":"Ole Andersen","twitter_card":"summary_large_image","twitter_misc":{"Skrevet av":"Ole Andersen","Ansl. lesetid":"2 minutter"},"schema":{"@context":"https:\/\/schema.org","@graph":[{"@type":"Article","@id":"https:\/\/nordnesrepublikken.no\/index.php\/2026\/03\/30\/rekordmange-briter-fanger-opp-paskeferier-i-siste-liten-i-vinterlig-morke\/#article","isPartOf":{"@id":"https:\/\/nordnesrepublikken.no\/index.php\/2026\/03\/30\/rekordmange-briter-fanger-opp-paskeferier-i-siste-liten-i-vinterlig-morke\/"},"author":{"name":"Ole Andersen","@id":"https:\/\/nordnesrepublikken.no\/#\/schema\/person\/2e7e81935bab77882fffb79296240ff1"},"headline":"Rekordmange briter fanger opp p\u00e5skeferier i siste liten i vinterlig m\u00f8rke","datePublished":"2026-03-30T11:51:12+00:00","dateModified":"2026-03-30T11:51:14+00:00","mainEntityOfPage":{"@id":"https:\/\/nordnesrepublikken.no\/index.php\/2026\/03\/30\/rekordmange-briter-fanger-opp-paskeferier-i-siste-liten-i-vinterlig-morke\/"},"wordCount":425,"publisher":{"@id":"https:\/\/nordnesrepublikken.no\/#organization"},"image":{"@id":"https:\/\/nordnesrepublikken.no\/index.php\/2026\/03\/30\/rekordmange-briter-fanger-opp-paskeferier-i-siste-liten-i-vinterlig-morke\/#primaryimage"},"thumbnailUrl":"https:\/\/nordnesrepublikken.no\/wp-content\/uploads\/2026\/03\/1774871473_Rekordmange-briter-fanger-opp-paskeferier-i-siste-liten-i-vinterlig.jpg","keywords":["briter","Fanger","liten","m\u00f8rke","opp","p\u00e5skeferier","Rekordmange","siste","vinterlig"],"articleSection":["Livsstil"],"inLanguage":"nb-NO"},{"@type":"WebPage","@id":"https:\/\/nordnesrepublikken.no\/index.php\/2026\/03\/30\/rekordmange-briter-fanger-opp-paskeferier-i-siste-liten-i-vinterlig-morke\/","url":"https:\/\/nordnesrepublikken.no\/index.php\/2026\/03\/30\/rekordmange-briter-fanger-opp-paskeferier-i-siste-liten-i-vinterlig-morke\/","name":"Rekordmange briter fanger opp p\u00e5skeferier i siste liten i vinterlig m\u00f8rke - Nordnesrepublikken","isPartOf":{"@id":"https:\/\/nordnesrepublikken.no\/#website"},"primaryImageOfPage":{"@id":"https:\/\/nordnesrepublikken.no\/index.php\/2026\/03\/30\/rekordmange-briter-fanger-opp-paskeferier-i-siste-liten-i-vinterlig-morke\/#primaryimage"},"image":{"@id":"https:\/\/nordnesrepublikken.no\/index.php\/2026\/03\/30\/rekordmange-briter-fanger-opp-paskeferier-i-siste-liten-i-vinterlig-morke\/#primaryimage"},"thumbnailUrl":"https:\/\/nordnesrepublikken.no\/wp-content\/uploads\/2026\/03\/1774871473_Rekordmange-briter-fanger-opp-paskeferier-i-siste-liten-i-vinterlig.jpg","datePublished":"2026-03-30T11:51:12+00:00","dateModified":"2026-03-30T11:51:14+00:00","breadcrumb":{"@id":"https:\/\/nordnesrepublikken.no\/index.php\/2026\/03\/30\/rekordmange-briter-fanger-opp-paskeferier-i-siste-liten-i-vinterlig-morke\/#breadcrumb"},"inLanguage":"nb-NO","potentialAction":[{"@type":"ReadAction","target":["https:\/\/nordnesrepublikken.no\/index.php\/2026\/03\/30\/rekordmange-briter-fanger-opp-paskeferier-i-siste-liten-i-vinterlig-morke\/"]}]},{"@type":"ImageObject","inLanguage":"nb-NO","@id":"https:\/\/nordnesrepublikken.no\/index.php\/2026\/03\/30\/rekordmange-briter-fanger-opp-paskeferier-i-siste-liten-i-vinterlig-morke\/#primaryimage","url":"https:\/\/nordnesrepublikken.no\/wp-content\/uploads\/2026\/03\/1774871473_Rekordmange-briter-fanger-opp-paskeferier-i-siste-liten-i-vinterlig.jpg","contentUrl":"https:\/\/nordnesrepublikken.no\/wp-content\/uploads\/2026\/03\/1774871473_Rekordmange-briter-fanger-opp-paskeferier-i-siste-liten-i-vinterlig.jpg","width":1200,"height":750,"caption":"Rekordmange briter fanger opp p\u00e5skeferier i siste liten i vinterlig m\u00f8rke"},{"@type":"BreadcrumbList","@id":"https:\/\/nordnesrepublikken.no\/index.php\/2026\/03\/30\/rekordmange-briter-fanger-opp-paskeferier-i-siste-liten-i-vinterlig-morke\/#breadcrumb","itemListElement":[{"@type":"ListItem","position":1,"name":"Home","item":"https:\/\/nordnesrepublikken.no\/"},{"@type":"ListItem","position":2,"name":"Rekordmange briter fanger opp p\u00e5skeferier i siste liten i vinterlig m\u00f8rke"}]},{"@type":"WebSite","@id":"https:\/\/nordnesrepublikken.no\/#website","url":"https:\/\/nordnesrepublikken.no\/","name":"Nordnesrepublikken","description":"Stemmer og Visjoner fra Republikkens Hjerte","publisher":{"@id":"https:\/\/nordnesrepublikken.no\/#organization"},"potentialAction":[{"@type":"SearchAction","target":{"@type":"EntryPoint","urlTemplate":"https:\/\/nordnesrepublikken.no\/?s={search_term_string}"},"query-input":{"@type":"PropertyValueSpecification","valueRequired":true,"valueName":"search_term_string"}}],"inLanguage":"nb-NO"},{"@type":"Organization","@id":"https:\/\/nordnesrepublikken.no\/#organization","name":"Nordnesrepublikken","url":"https:\/\/nordnesrepublikken.no\/","logo":{"@type":"ImageObject","inLanguage":"nb-NO","@id":"https:\/\/nordnesrepublikken.no\/#\/schema\/logo\/image\/","url":"https:\/\/nordnesrepublikken.no\/wp-content\/uploads\/2025\/02\/cropped-nordnesrepublikken-2.png","contentUrl":"https:\/\/nordnesrepublikken.no\/wp-content\/uploads\/2025\/02\/cropped-nordnesrepublikken-2.png","width":1248,"height":362,"caption":"Nordnesrepublikken"},"image":{"@id":"https:\/\/nordnesrepublikken.no\/#\/schema\/logo\/image\/"}},{"@type":"Person","@id":"https:\/\/nordnesrepublikken.no\/#\/schema\/person\/2e7e81935bab77882fffb79296240ff1","name":"Ole Andersen","image":{"@type":"ImageObject","inLanguage":"nb-NO","@id":"https:\/\/nordnesrepublikken.no\/#\/schema\/person\/image\/","url":"https:\/\/nordnesrepublikken.no\/wp-content\/uploads\/2025\/02\/nordnesrepublikken-2-2-150x150.jpg","contentUrl":"https:\/\/nordnesrepublikken.no\/wp-content\/uploads\/2025\/02\/nordnesrepublikken-2-2-150x150.jpg","caption":"Ole Andersen"},"description":"Ettersom jeg vokste opp i Oslo, har jeg alltid v\u00e6rt fascinert av ordenes kraft og deres evne til \u00e5 skape endringer. Etter \u00e5 ha fullf\u00f8rt min utdannelse i kommunikasjon ved Universitetet i Bergen, fikk jeg muligheten til \u00e5 jobbe innen ulike medier, der jeg har s\u00f8kt \u00e5 belyse viktige samfunnssp\u00f8rsm\u00e5l. I dag, som redakt\u00f8r for Nordnesrepublikken, pr\u00f8ver jeg \u00e5 forene min kj\u00e6rlighet for journalistikk med min lidenskap for innovasjon og eventyr.","sameAs":["https:\/\/nordnesrepublikken.no\/"]}]}},"_links":{"self":[{"href":"https:\/\/nordnesrepublikken.no\/index.php\/wp-json\/wp\/v2\/posts\/16405","targetHints":{"allow":["GET"]}}],"collection":[{"href":"https:\/\/nordnesrepublikken.no\/index.php\/wp-json\/wp\/v2\/posts"}],"about":[{"href":"https:\/\/nordnesrepublikken.no\/index.php\/wp-json\/wp\/v2\/types\/post"}],"author":[{"embeddable":true,"href":"https:\/\/nordnesrepublikken.no\/index.php\/wp-json\/wp\/v2\/users\/1"}],"replies":[{"embeddable":true,"href":"https:\/\/nordnesrepublikken.no\/index.php\/wp-json\/wp\/v2\/comments?post=16405"}],"version-history":[{"count":1,"href":"https:\/\/nordnesrepublikken.no\/index.php\/wp-json\/wp\/v2\/posts\/16405\/revisions"}],"predecessor-version":[{"id":16407,"href":"https:\/\/nordnesrepublikken.no\/index.php\/wp-json\/wp\/v2\/posts\/16405\/revisions\/16407"}],"wp:featuredmedia":[{"embeddable":true,"href":"https:\/\/nordnesrepublikken.no\/index.php\/wp-json\/wp\/v2\/media\/16406"}],"wp:attachment":[{"href":"https:\/\/nordnesrepublikken.no\/index.php\/wp-json\/wp\/v2\/media?parent=16405"}],"wp:term":[{"taxonomy":"category","embeddable":true,"href":"https:\/\/nordnesrepublikken.no\/index.php\/wp-json\/wp\/v2\/categories?post=16405"},{"taxonomy":"post_tag","embeddable":true,"href":"https:\/\/nordnesrepublikken.no\/index.php\/wp-json\/wp\/v2\/tags?post=16405"}],"curies":[{"name":"wp","href":"https:\/\/api.w.org\/{rel}","templated":true}]}}