{"id":16402,"date":"2026-03-30T10:50:57","date_gmt":"2026-03-30T08:50:57","guid":{"rendered":"https:\/\/nordnesrepublikken.no\/index.php\/2026\/03\/30\/fronten-hadde-allerede-vaert-aktiv-siden-januar\/"},"modified":"2026-03-30T10:50:59","modified_gmt":"2026-03-30T08:50:59","slug":"fronten-hadde-allerede-vaert-aktiv-siden-januar","status":"publish","type":"post","link":"https:\/\/nordnesrepublikken.no\/index.php\/2026\/03\/30\/fronten-hadde-allerede-vaert-aktiv-siden-januar\/","title":{"rendered":"fronten hadde allerede v\u00e6rt aktiv siden januar"},"content":{"rendered":"<div>\n<div class=\"cp_wrapper cp_wrapper--fw mb-30 mb-20@tablet\">\n<figure class=\"mm\"><picture class=\"img\" style=\"padding-top:56.25%\"><source  media=\"(min-width: 1024px)\"><source  media=\"(min-width: 768px)\"><\/source><\/source><\/picture><\/figure>\n<\/p><\/div>\n<p>EN <strong>jordskred<\/strong> ha <strong>traff byen Silvi Paese<\/strong>i provinsen Teramo (Abruzzo), for\u00e5rsaker kollaps av noen bygninger og tr\u00e6r, med skade ansl\u00e5tt til rundt 4 millioner euro. Som ogs\u00e5 bekreftet av CNRs Polaris-prosjekt, var skredfronten allerede blitt overv\u00e5ket en stund og ble aktivert sist<strong> 25. januar 2026<\/strong>med en innledende evakuering av enkelte bygninger. De <strong>bevegelse<\/strong> det fortsatte s\u00e5 sakte, til det akselererte i <strong>tidlig l\u00f8rdag 28. mars<\/strong>med skredet inn <b>Contrada Santa Lucia<\/b> som for\u00e5rsaket <strong>\u00f8deleggelse av fire hjem<\/strong>hvorav den ene kollapset fullstendig.<\/p>\n<p>Sivilbeskyttelsesteknikerne &#8211; hvis betimelige intervensjon gjorde det mulig \u00e5 sikre 11 familier og dermed unng\u00e5 ofre &#8211; vil n\u00e5 m\u00e5tte overv\u00e5ke eventuelle nye bevegelser langs <strong>provinsvei 29\/b,<\/strong> p\u00e5virket av dype feil og brudd som er lokalisert i omr\u00e5det av <strong>skredkraft<\/strong>.<\/p>\n<p>Av f\u00f8re-var-grunner ble skolene stengt frem til 1. april: I mellomtiden er byen i fare for isolasjon, etter at et nytt jordskred i Contrada Valle Scura avbr\u00f8t hovedforbindelsene.<\/p>\n<p><strong>Maurizio Scelli<\/strong>direkt\u00f8ren for det regionale sivilbeskyttelsesbyr\u00e5et i Abruzzo, definerte i et innlegg p\u00e5 sosiale kanaler situasjonen som &laquo;veldig vanskelig, men under kontroll&raquo; som &laquo;alle styrker har blitt utplassert for: i \u00f8yeblikket blir omr\u00e5det sikret og <strong>Unders\u00f8kelser vil starte umiddelbart for \u00e5 forst\u00e5 \u00e5rsakene<\/strong> av denne forverringen av situasjonen.&raquo;<\/p>\n<h2>Hva skjedde med raset i Silvi Paese i Abruzzo, i provinsen Teramo<\/h2>\n<p>Som nevnt,<strong> skred var allerede aktivert 25. januar<\/strong> (nesten i forbindelse med Niscemi-skredet, som det imidlertid ikke er noen type forbindelse med), til det punktet at Abruzzo-regionen fredag \u200b\u200b27. mars allerede hadde kommunisert <strong>bevilgning p\u00e5 244.000 euro til hasteinngrep.<\/strong> Om morgenen l\u00f8rdag 28. mars akselererte imidlertid raset, noe som f\u00f8rte til kollaps av ulike bygninger og tr\u00e6r.<\/p>\n<p>Kort fortalt har raset p\u00e5virket en front en stund <strong>under kontroll og konstant overv\u00e5ket:<\/strong> akselerasjonen som er registrert har imidlertid f\u00f8rt til en forverring av situasjonen, s\u00e5 mye at <strong>huset kollapset<\/strong> <strong>Ikke<\/strong> var blant dem som frem til da ble ansett blant <strong>mer utsatt for risiko.<\/strong><\/p>\n<div class=\"cp_wrapper cp_wrapper--fw mb-50\">\n<figure class=\"mm\"><picture class=\"img\" style=\"padding-top:81.423611111111%\"><source  media=\"(min-width: 1024px)\"><source  media=\"(min-width: 768px)\"><img decoding=\"async\" loading=\"lazy\" src=\"https:\/\/nordnesrepublikken.no\/wp-content\/uploads\/2026\/03\/1774860657_698_fronten-hadde-allerede-vaert-aktiv-siden-januar.jpeg\" alt=\"silvi-brannmenn\" width=\"1152\" height=\"938\"\/><\/source><\/source><\/picture><\/figure>\n<\/p><\/div>\n<p>I disse timene har skredfronten utvidet seg ytterligere og er n\u00e5 i sentrum for overv\u00e5king av Civil Protection og spesialiserte teknikere, som ogs\u00e5 involverte Gabriele D&#8217;Annunzio University for <strong>utf\u00f8re geologiske og hydrogeologiske unders\u00f8kelser<\/strong>: neste trinn vil v\u00e6re \u00e5 definere det evolusjon\u00e6re rammeverket for fenomenet og identifisere typen intervensjoner som skal implementeres.<\/p>\n<p>Omr\u00e5det ble avgrenset som &laquo;<strong>r\u00f8d sone<\/strong>\u201d, mens andre konstruksjoner er n\u00f8ye overv\u00e5ket: totalt sett er de det <strong>11 familier<\/strong> <strong>evakuert<\/strong>. De evakuerte innbyggerne ble assistert av kommunen, som ga dem alternative boligfasiliteter: det endelige m\u00e5let er \u00e5 tillate flytting.<\/p>\n<h2>Territorieanalyse og skredfare: geologiske sammenhenger<\/h2>\n<p>Fra et geologisk synspunkt er <strong>geomorfologisk s\u00e5rbarhet til det kuperte relieffet som Silvi Paese st\u00e5r p\u00e5 hadde allerede v\u00e6rt kjent en stund, <\/strong>som bekreftet av de ulike geologiske rapportene utf\u00f8rt gjennom \u00e5rene.<\/p>\n<p>Silvi Paese er <strong>ligger i en h\u00f8yde p\u00e5 omtrent 230 meter, bare 1 km i luftlinje fra kysten:<\/strong> det er en del av et system med kuperte relieffer som inkluderer Colle Pigno (250 m), Colle Finestre (283 m), Colle Terremoto (262 m) og Pianacce (230 m). Det er derfor et bebodd sentrum,<strong> ligger i en topposisjon p\u00e5 et veldig bratt relieff og n\u00e6r sj\u00f8en.<\/strong><\/p>\n<p>Mer spesifikt, fra et geomorfologisk synspunkt, er territoriet preget av subflate rygger strukket i vest-\u00f8stlig retning, atskilt av sterkt innsk\u00e5rne daler, med en vertikal utvikling som n\u00e5r 286m fra havniv\u00e5 til Colle La Montagnola. Silvi Paese st\u00e5r rett p\u00e5 en av disse toppene.<\/p>\n<p>Poenget er at, som rapportert i den geologiske rapporten for 2019<strong>i de kuperte omr\u00e5dene er det skredavsetninger tilh\u00f8rende roterende skredlegemer<\/strong>. Nettopp disse skredomr\u00e5dene &#8211; med en aktiv, rolig eller inaktiv aktivitetstilstand &#8211; er blant omr\u00e5dene som er utsatt for skr\u00e5ningsustabilitet under seismisk stress.<\/p>\n<\/p><\/div>\n","protected":false},"excerpt":{"rendered":"<p>EN jordskred ha traff byen Silvi Paesei provinsen Teramo (Abruzzo), for\u00e5rsaker kollaps av noen bygninger<\/p>\n","protected":false},"author":1,"featured_media":16403,"comment_status":"closed","ping_status":"open","sticky":false,"template":"","format":"standard","meta":{"footnotes":""},"categories":[24],"tags":[1361,2410,9311,2169,6317,564,1886],"class_list":["post-16402","post","type-post","status-publish","format-standard","has-post-thumbnail","hentry","category-vitenskap","tag-aktiv","tag-allerede","tag-fronten","tag-hadde","tag-januar","tag-siden","tag-vaert","generate-columns","tablet-grid-50","mobile-grid-100","grid-parent","grid-33","resize-featured-image"],"yoast_head":"<!-- This site is optimized with the Yoast SEO plugin v24.4 - https:\/\/yoast.com\/wordpress\/plugins\/seo\/ -->\n<title>fronten hadde allerede v\u00e6rt aktiv siden januar - Nordnesrepublikken<\/title>\n<meta name=\"robots\" content=\"index, follow, max-snippet:-1, max-image-preview:large, max-video-preview:-1\" \/>\n<link rel=\"canonical\" href=\"https:\/\/nordnesrepublikken.no\/index.php\/2026\/03\/30\/fronten-hadde-allerede-vaert-aktiv-siden-januar\/\" \/>\n<meta property=\"og:locale\" content=\"nb_NO\" \/>\n<meta property=\"og:type\" content=\"article\" \/>\n<meta property=\"og:title\" content=\"fronten hadde allerede v\u00e6rt aktiv siden januar - Nordnesrepublikken\" \/>\n<meta property=\"og:description\" content=\"EN jordskred ha traff byen Silvi Paesei provinsen Teramo (Abruzzo), for\u00e5rsaker kollaps av noen bygninger\" \/>\n<meta property=\"og:url\" content=\"https:\/\/nordnesrepublikken.no\/index.php\/2026\/03\/30\/fronten-hadde-allerede-vaert-aktiv-siden-januar\/\" \/>\n<meta property=\"og:site_name\" content=\"Nordnesrepublikken\" \/>\n<meta property=\"article:published_time\" content=\"2026-03-30T08:50:57+00:00\" \/>\n<meta property=\"article:modified_time\" content=\"2026-03-30T08:50:59+00:00\" \/>\n<meta property=\"og:image\" content=\"https:\/\/nordnesrepublikken.no\/wp-content\/uploads\/2026\/03\/1774860659_fronten-hadde-allerede-vaert-aktiv-siden-januar.jpeg\" \/>\n\t<meta property=\"og:image:width\" content=\"1383\" \/>\n\t<meta property=\"og:image:height\" content=\"987\" \/>\n\t<meta property=\"og:image:type\" content=\"image\/jpeg\" \/>\n<meta name=\"author\" content=\"Ole Andersen\" \/>\n<meta name=\"twitter:card\" content=\"summary_large_image\" \/>\n<meta name=\"twitter:label1\" content=\"Skrevet av\" \/>\n\t<meta name=\"twitter:data1\" content=\"Ole Andersen\" \/>\n\t<meta name=\"twitter:label2\" content=\"Ansl. lesetid\" \/>\n\t<meta name=\"twitter:data2\" content=\"3 minutter\" \/>\n<script type=\"application\/ld+json\" class=\"yoast-schema-graph\">{\"@context\":\"https:\/\/schema.org\",\"@graph\":[{\"@type\":\"Article\",\"@id\":\"https:\/\/nordnesrepublikken.no\/index.php\/2026\/03\/30\/fronten-hadde-allerede-vaert-aktiv-siden-januar\/#article\",\"isPartOf\":{\"@id\":\"https:\/\/nordnesrepublikken.no\/index.php\/2026\/03\/30\/fronten-hadde-allerede-vaert-aktiv-siden-januar\/\"},\"author\":{\"name\":\"Ole Andersen\",\"@id\":\"https:\/\/nordnesrepublikken.no\/#\/schema\/person\/2e7e81935bab77882fffb79296240ff1\"},\"headline\":\"fronten hadde allerede v\u00e6rt aktiv siden januar\",\"datePublished\":\"2026-03-30T08:50:57+00:00\",\"dateModified\":\"2026-03-30T08:50:59+00:00\",\"mainEntityOfPage\":{\"@id\":\"https:\/\/nordnesrepublikken.no\/index.php\/2026\/03\/30\/fronten-hadde-allerede-vaert-aktiv-siden-januar\/\"},\"wordCount\":625,\"publisher\":{\"@id\":\"https:\/\/nordnesrepublikken.no\/#organization\"},\"image\":{\"@id\":\"https:\/\/nordnesrepublikken.no\/index.php\/2026\/03\/30\/fronten-hadde-allerede-vaert-aktiv-siden-januar\/#primaryimage\"},\"thumbnailUrl\":\"https:\/\/nordnesrepublikken.no\/wp-content\/uploads\/2026\/03\/1774860659_fronten-hadde-allerede-vaert-aktiv-siden-januar.jpeg\",\"keywords\":[\"aktiv\",\"allerede\",\"fronten\",\"hadde\",\"januar\",\"siden\",\"v\u00e6rt\"],\"articleSection\":[\"Vitenskap\"],\"inLanguage\":\"nb-NO\"},{\"@type\":\"WebPage\",\"@id\":\"https:\/\/nordnesrepublikken.no\/index.php\/2026\/03\/30\/fronten-hadde-allerede-vaert-aktiv-siden-januar\/\",\"url\":\"https:\/\/nordnesrepublikken.no\/index.php\/2026\/03\/30\/fronten-hadde-allerede-vaert-aktiv-siden-januar\/\",\"name\":\"fronten hadde allerede v\u00e6rt aktiv siden januar - Nordnesrepublikken\",\"isPartOf\":{\"@id\":\"https:\/\/nordnesrepublikken.no\/#website\"},\"primaryImageOfPage\":{\"@id\":\"https:\/\/nordnesrepublikken.no\/index.php\/2026\/03\/30\/fronten-hadde-allerede-vaert-aktiv-siden-januar\/#primaryimage\"},\"image\":{\"@id\":\"https:\/\/nordnesrepublikken.no\/index.php\/2026\/03\/30\/fronten-hadde-allerede-vaert-aktiv-siden-januar\/#primaryimage\"},\"thumbnailUrl\":\"https:\/\/nordnesrepublikken.no\/wp-content\/uploads\/2026\/03\/1774860659_fronten-hadde-allerede-vaert-aktiv-siden-januar.jpeg\",\"datePublished\":\"2026-03-30T08:50:57+00:00\",\"dateModified\":\"2026-03-30T08:50:59+00:00\",\"breadcrumb\":{\"@id\":\"https:\/\/nordnesrepublikken.no\/index.php\/2026\/03\/30\/fronten-hadde-allerede-vaert-aktiv-siden-januar\/#breadcrumb\"},\"inLanguage\":\"nb-NO\",\"potentialAction\":[{\"@type\":\"ReadAction\",\"target\":[\"https:\/\/nordnesrepublikken.no\/index.php\/2026\/03\/30\/fronten-hadde-allerede-vaert-aktiv-siden-januar\/\"]}]},{\"@type\":\"ImageObject\",\"inLanguage\":\"nb-NO\",\"@id\":\"https:\/\/nordnesrepublikken.no\/index.php\/2026\/03\/30\/fronten-hadde-allerede-vaert-aktiv-siden-januar\/#primaryimage\",\"url\":\"https:\/\/nordnesrepublikken.no\/wp-content\/uploads\/2026\/03\/1774860659_fronten-hadde-allerede-vaert-aktiv-siden-januar.jpeg\",\"contentUrl\":\"https:\/\/nordnesrepublikken.no\/wp-content\/uploads\/2026\/03\/1774860659_fronten-hadde-allerede-vaert-aktiv-siden-januar.jpeg\",\"width\":1383,\"height\":987,\"caption\":\"fronten hadde allerede v\u00e6rt aktiv siden januar\"},{\"@type\":\"BreadcrumbList\",\"@id\":\"https:\/\/nordnesrepublikken.no\/index.php\/2026\/03\/30\/fronten-hadde-allerede-vaert-aktiv-siden-januar\/#breadcrumb\",\"itemListElement\":[{\"@type\":\"ListItem\",\"position\":1,\"name\":\"Home\",\"item\":\"https:\/\/nordnesrepublikken.no\/\"},{\"@type\":\"ListItem\",\"position\":2,\"name\":\"fronten hadde allerede v\u00e6rt aktiv siden januar\"}]},{\"@type\":\"WebSite\",\"@id\":\"https:\/\/nordnesrepublikken.no\/#website\",\"url\":\"https:\/\/nordnesrepublikken.no\/\",\"name\":\"Nordnesrepublikken\",\"description\":\"Stemmer og Visjoner fra Republikkens Hjerte\",\"publisher\":{\"@id\":\"https:\/\/nordnesrepublikken.no\/#organization\"},\"potentialAction\":[{\"@type\":\"SearchAction\",\"target\":{\"@type\":\"EntryPoint\",\"urlTemplate\":\"https:\/\/nordnesrepublikken.no\/?s={search_term_string}\"},\"query-input\":{\"@type\":\"PropertyValueSpecification\",\"valueRequired\":true,\"valueName\":\"search_term_string\"}}],\"inLanguage\":\"nb-NO\"},{\"@type\":\"Organization\",\"@id\":\"https:\/\/nordnesrepublikken.no\/#organization\",\"name\":\"Nordnesrepublikken\",\"url\":\"https:\/\/nordnesrepublikken.no\/\",\"logo\":{\"@type\":\"ImageObject\",\"inLanguage\":\"nb-NO\",\"@id\":\"https:\/\/nordnesrepublikken.no\/#\/schema\/logo\/image\/\",\"url\":\"https:\/\/nordnesrepublikken.no\/wp-content\/uploads\/2025\/02\/cropped-nordnesrepublikken-2.png\",\"contentUrl\":\"https:\/\/nordnesrepublikken.no\/wp-content\/uploads\/2025\/02\/cropped-nordnesrepublikken-2.png\",\"width\":1248,\"height\":362,\"caption\":\"Nordnesrepublikken\"},\"image\":{\"@id\":\"https:\/\/nordnesrepublikken.no\/#\/schema\/logo\/image\/\"}},{\"@type\":\"Person\",\"@id\":\"https:\/\/nordnesrepublikken.no\/#\/schema\/person\/2e7e81935bab77882fffb79296240ff1\",\"name\":\"Ole Andersen\",\"image\":{\"@type\":\"ImageObject\",\"inLanguage\":\"nb-NO\",\"@id\":\"https:\/\/nordnesrepublikken.no\/#\/schema\/person\/image\/\",\"url\":\"https:\/\/nordnesrepublikken.no\/wp-content\/uploads\/2025\/02\/nordnesrepublikken-2-2-150x150.jpg\",\"contentUrl\":\"https:\/\/nordnesrepublikken.no\/wp-content\/uploads\/2025\/02\/nordnesrepublikken-2-2-150x150.jpg\",\"caption\":\"Ole Andersen\"},\"description\":\"Ettersom jeg vokste opp i Oslo, har jeg alltid v\u00e6rt fascinert av ordenes kraft og deres evne til \u00e5 skape endringer. Etter \u00e5 ha fullf\u00f8rt min utdannelse i kommunikasjon ved Universitetet i Bergen, fikk jeg muligheten til \u00e5 jobbe innen ulike medier, der jeg har s\u00f8kt \u00e5 belyse viktige samfunnssp\u00f8rsm\u00e5l. I dag, som redakt\u00f8r for Nordnesrepublikken, pr\u00f8ver jeg \u00e5 forene min kj\u00e6rlighet for journalistikk med min lidenskap for innovasjon og eventyr.\",\"sameAs\":[\"https:\/\/nordnesrepublikken.no\/\"]}]}<\/script>\n<!-- \/ Yoast SEO plugin. -->","yoast_head_json":{"title":"fronten hadde allerede v\u00e6rt aktiv siden januar - Nordnesrepublikken","robots":{"index":"index","follow":"follow","max-snippet":"max-snippet:-1","max-image-preview":"max-image-preview:large","max-video-preview":"max-video-preview:-1"},"canonical":"https:\/\/nordnesrepublikken.no\/index.php\/2026\/03\/30\/fronten-hadde-allerede-vaert-aktiv-siden-januar\/","og_locale":"nb_NO","og_type":"article","og_title":"fronten hadde allerede v\u00e6rt aktiv siden januar - Nordnesrepublikken","og_description":"EN jordskred ha traff byen Silvi Paesei provinsen Teramo (Abruzzo), for\u00e5rsaker kollaps av noen bygninger","og_url":"https:\/\/nordnesrepublikken.no\/index.php\/2026\/03\/30\/fronten-hadde-allerede-vaert-aktiv-siden-januar\/","og_site_name":"Nordnesrepublikken","article_published_time":"2026-03-30T08:50:57+00:00","article_modified_time":"2026-03-30T08:50:59+00:00","og_image":[{"width":1383,"height":987,"url":"https:\/\/nordnesrepublikken.no\/wp-content\/uploads\/2026\/03\/1774860659_fronten-hadde-allerede-vaert-aktiv-siden-januar.jpeg","type":"image\/jpeg"}],"author":"Ole Andersen","twitter_card":"summary_large_image","twitter_misc":{"Skrevet av":"Ole Andersen","Ansl. lesetid":"3 minutter"},"schema":{"@context":"https:\/\/schema.org","@graph":[{"@type":"Article","@id":"https:\/\/nordnesrepublikken.no\/index.php\/2026\/03\/30\/fronten-hadde-allerede-vaert-aktiv-siden-januar\/#article","isPartOf":{"@id":"https:\/\/nordnesrepublikken.no\/index.php\/2026\/03\/30\/fronten-hadde-allerede-vaert-aktiv-siden-januar\/"},"author":{"name":"Ole Andersen","@id":"https:\/\/nordnesrepublikken.no\/#\/schema\/person\/2e7e81935bab77882fffb79296240ff1"},"headline":"fronten hadde allerede v\u00e6rt aktiv siden januar","datePublished":"2026-03-30T08:50:57+00:00","dateModified":"2026-03-30T08:50:59+00:00","mainEntityOfPage":{"@id":"https:\/\/nordnesrepublikken.no\/index.php\/2026\/03\/30\/fronten-hadde-allerede-vaert-aktiv-siden-januar\/"},"wordCount":625,"publisher":{"@id":"https:\/\/nordnesrepublikken.no\/#organization"},"image":{"@id":"https:\/\/nordnesrepublikken.no\/index.php\/2026\/03\/30\/fronten-hadde-allerede-vaert-aktiv-siden-januar\/#primaryimage"},"thumbnailUrl":"https:\/\/nordnesrepublikken.no\/wp-content\/uploads\/2026\/03\/1774860659_fronten-hadde-allerede-vaert-aktiv-siden-januar.jpeg","keywords":["aktiv","allerede","fronten","hadde","januar","siden","v\u00e6rt"],"articleSection":["Vitenskap"],"inLanguage":"nb-NO"},{"@type":"WebPage","@id":"https:\/\/nordnesrepublikken.no\/index.php\/2026\/03\/30\/fronten-hadde-allerede-vaert-aktiv-siden-januar\/","url":"https:\/\/nordnesrepublikken.no\/index.php\/2026\/03\/30\/fronten-hadde-allerede-vaert-aktiv-siden-januar\/","name":"fronten hadde allerede v\u00e6rt aktiv siden januar - Nordnesrepublikken","isPartOf":{"@id":"https:\/\/nordnesrepublikken.no\/#website"},"primaryImageOfPage":{"@id":"https:\/\/nordnesrepublikken.no\/index.php\/2026\/03\/30\/fronten-hadde-allerede-vaert-aktiv-siden-januar\/#primaryimage"},"image":{"@id":"https:\/\/nordnesrepublikken.no\/index.php\/2026\/03\/30\/fronten-hadde-allerede-vaert-aktiv-siden-januar\/#primaryimage"},"thumbnailUrl":"https:\/\/nordnesrepublikken.no\/wp-content\/uploads\/2026\/03\/1774860659_fronten-hadde-allerede-vaert-aktiv-siden-januar.jpeg","datePublished":"2026-03-30T08:50:57+00:00","dateModified":"2026-03-30T08:50:59+00:00","breadcrumb":{"@id":"https:\/\/nordnesrepublikken.no\/index.php\/2026\/03\/30\/fronten-hadde-allerede-vaert-aktiv-siden-januar\/#breadcrumb"},"inLanguage":"nb-NO","potentialAction":[{"@type":"ReadAction","target":["https:\/\/nordnesrepublikken.no\/index.php\/2026\/03\/30\/fronten-hadde-allerede-vaert-aktiv-siden-januar\/"]}]},{"@type":"ImageObject","inLanguage":"nb-NO","@id":"https:\/\/nordnesrepublikken.no\/index.php\/2026\/03\/30\/fronten-hadde-allerede-vaert-aktiv-siden-januar\/#primaryimage","url":"https:\/\/nordnesrepublikken.no\/wp-content\/uploads\/2026\/03\/1774860659_fronten-hadde-allerede-vaert-aktiv-siden-januar.jpeg","contentUrl":"https:\/\/nordnesrepublikken.no\/wp-content\/uploads\/2026\/03\/1774860659_fronten-hadde-allerede-vaert-aktiv-siden-januar.jpeg","width":1383,"height":987,"caption":"fronten hadde allerede v\u00e6rt aktiv siden januar"},{"@type":"BreadcrumbList","@id":"https:\/\/nordnesrepublikken.no\/index.php\/2026\/03\/30\/fronten-hadde-allerede-vaert-aktiv-siden-januar\/#breadcrumb","itemListElement":[{"@type":"ListItem","position":1,"name":"Home","item":"https:\/\/nordnesrepublikken.no\/"},{"@type":"ListItem","position":2,"name":"fronten hadde allerede v\u00e6rt aktiv siden januar"}]},{"@type":"WebSite","@id":"https:\/\/nordnesrepublikken.no\/#website","url":"https:\/\/nordnesrepublikken.no\/","name":"Nordnesrepublikken","description":"Stemmer og Visjoner fra Republikkens Hjerte","publisher":{"@id":"https:\/\/nordnesrepublikken.no\/#organization"},"potentialAction":[{"@type":"SearchAction","target":{"@type":"EntryPoint","urlTemplate":"https:\/\/nordnesrepublikken.no\/?s={search_term_string}"},"query-input":{"@type":"PropertyValueSpecification","valueRequired":true,"valueName":"search_term_string"}}],"inLanguage":"nb-NO"},{"@type":"Organization","@id":"https:\/\/nordnesrepublikken.no\/#organization","name":"Nordnesrepublikken","url":"https:\/\/nordnesrepublikken.no\/","logo":{"@type":"ImageObject","inLanguage":"nb-NO","@id":"https:\/\/nordnesrepublikken.no\/#\/schema\/logo\/image\/","url":"https:\/\/nordnesrepublikken.no\/wp-content\/uploads\/2025\/02\/cropped-nordnesrepublikken-2.png","contentUrl":"https:\/\/nordnesrepublikken.no\/wp-content\/uploads\/2025\/02\/cropped-nordnesrepublikken-2.png","width":1248,"height":362,"caption":"Nordnesrepublikken"},"image":{"@id":"https:\/\/nordnesrepublikken.no\/#\/schema\/logo\/image\/"}},{"@type":"Person","@id":"https:\/\/nordnesrepublikken.no\/#\/schema\/person\/2e7e81935bab77882fffb79296240ff1","name":"Ole Andersen","image":{"@type":"ImageObject","inLanguage":"nb-NO","@id":"https:\/\/nordnesrepublikken.no\/#\/schema\/person\/image\/","url":"https:\/\/nordnesrepublikken.no\/wp-content\/uploads\/2025\/02\/nordnesrepublikken-2-2-150x150.jpg","contentUrl":"https:\/\/nordnesrepublikken.no\/wp-content\/uploads\/2025\/02\/nordnesrepublikken-2-2-150x150.jpg","caption":"Ole Andersen"},"description":"Ettersom jeg vokste opp i Oslo, har jeg alltid v\u00e6rt fascinert av ordenes kraft og deres evne til \u00e5 skape endringer. Etter \u00e5 ha fullf\u00f8rt min utdannelse i kommunikasjon ved Universitetet i Bergen, fikk jeg muligheten til \u00e5 jobbe innen ulike medier, der jeg har s\u00f8kt \u00e5 belyse viktige samfunnssp\u00f8rsm\u00e5l. I dag, som redakt\u00f8r for Nordnesrepublikken, pr\u00f8ver jeg \u00e5 forene min kj\u00e6rlighet for journalistikk med min lidenskap for innovasjon og eventyr.","sameAs":["https:\/\/nordnesrepublikken.no\/"]}]}},"_links":{"self":[{"href":"https:\/\/nordnesrepublikken.no\/index.php\/wp-json\/wp\/v2\/posts\/16402","targetHints":{"allow":["GET"]}}],"collection":[{"href":"https:\/\/nordnesrepublikken.no\/index.php\/wp-json\/wp\/v2\/posts"}],"about":[{"href":"https:\/\/nordnesrepublikken.no\/index.php\/wp-json\/wp\/v2\/types\/post"}],"author":[{"embeddable":true,"href":"https:\/\/nordnesrepublikken.no\/index.php\/wp-json\/wp\/v2\/users\/1"}],"replies":[{"embeddable":true,"href":"https:\/\/nordnesrepublikken.no\/index.php\/wp-json\/wp\/v2\/comments?post=16402"}],"version-history":[{"count":1,"href":"https:\/\/nordnesrepublikken.no\/index.php\/wp-json\/wp\/v2\/posts\/16402\/revisions"}],"predecessor-version":[{"id":16404,"href":"https:\/\/nordnesrepublikken.no\/index.php\/wp-json\/wp\/v2\/posts\/16402\/revisions\/16404"}],"wp:featuredmedia":[{"embeddable":true,"href":"https:\/\/nordnesrepublikken.no\/index.php\/wp-json\/wp\/v2\/media\/16403"}],"wp:attachment":[{"href":"https:\/\/nordnesrepublikken.no\/index.php\/wp-json\/wp\/v2\/media?parent=16402"}],"wp:term":[{"taxonomy":"category","embeddable":true,"href":"https:\/\/nordnesrepublikken.no\/index.php\/wp-json\/wp\/v2\/categories?post=16402"},{"taxonomy":"post_tag","embeddable":true,"href":"https:\/\/nordnesrepublikken.no\/index.php\/wp-json\/wp\/v2\/tags?post=16402"}],"curies":[{"name":"wp","href":"https:\/\/api.w.org\/{rel}","templated":true}]}}