{"id":16399,"date":"2026-03-30T07:51:34","date_gmt":"2026-03-30T05:51:34","guid":{"rendered":"https:\/\/nordnesrepublikken.no\/index.php\/2026\/03\/30\/oppvarming-slatt-av-siden-31-mars-eneas-retningslinjer-for-hva-du-skal-gjore-nar-systemene-slar-seg-av\/"},"modified":"2026-03-30T07:51:39","modified_gmt":"2026-03-30T05:51:39","slug":"oppvarming-slatt-av-siden-31-mars-eneas-retningslinjer-for-hva-du-skal-gjore-nar-systemene-slar-seg-av","status":"publish","type":"post","link":"https:\/\/nordnesrepublikken.no\/index.php\/2026\/03\/30\/oppvarming-slatt-av-siden-31-mars-eneas-retningslinjer-for-hva-du-skal-gjore-nar-systemene-slar-seg-av\/","title":{"rendered":"Oppvarming sl\u00e5tt av siden 31. mars, ENEAs retningslinjer for hva du skal gj\u00f8re n\u00e5r systemene sl\u00e5r seg av"},"content":{"rendered":"<div>\n<div class=\"cp_wrapper cp_wrapper--fw mb-30 mb-20@tablet\">\n<figure class=\"mm\"><picture class=\"img\" style=\"padding-top:56.25%\"><source  media=\"(min-width: 1024px)\"><source  media=\"(min-width: 768px)\"><\/source><\/source><\/picture><\/figure>\n<\/p><\/div>\n<p>Med<strong>begynnelsen av v\u00e5ren<\/strong> og den progressive \u00f8kningen i temperaturer, dvs <strong>radiatorer vil gradvis sl\u00e5 seg av i hele Italia<\/strong>. Men hva er <strong>god praksis<\/strong> skal utf\u00f8res en gang <strong>fasiliteter<\/strong> av oppvarming vil v\u00e6re <strong>stoppe<\/strong>? De forklarer det <strong>retningslinjer<\/strong> utf\u00f8rt av ulike organisasjoner som f.eks <strong>ENEA<\/strong> (Nasjonalt organ for ny teknologi, energi og b\u00e6rekraftig \u00f8konomisk utvikling), som har laget en h\u00e5ndbok som en del av det nasjonale informasjons- og oppl\u00e6ringsprogrammet om energieffektivitet.<\/p>\n<p>P\u00e5 slutten av den kalde \u00e5rstiden er det faktisk forskjellige <strong>aktivitet<\/strong> som er <strong>tilr\u00e5delig<\/strong> gjennomf\u00f8re for <strong>bevare energieffektiviteten til varmesystemet<\/strong> og fremfor alt ikke kompromittere dens funksjon i fremtiden, fra <strong>utvendig rengj\u00f8ring<\/strong> av radiatorene til riktig plassering av <strong>termostatventiler<\/strong>.<\/p>\n<h2>N\u00e5r varmen sl\u00e5s av: klimasonekalenderen<\/h2>\n<p>Datoen da sentralvarmeanlegg slutter \u00e5 v\u00e6re aktive i Italia avhenger av klimasonen du befinner deg i: den varierer fra <strong>sone A<\/strong> (varmere, der varmen sl\u00e5r seg av tidligere) til <strong>sone F<\/strong> (kaldere, der det ikke er noen frist). Her er et omtrentlig kart over klimasonene i Italia (sone A i oransje, sone F i bl\u00e5tt):<\/p>\n<div class=\"cp_wrapper cp_wrapper--fw mb-50\">\n<figure class=\"mm\"><picture class=\"img\" style=\"padding-top:77.79552715655%\"><source  media=\"(min-width: 1024px)\"><source  media=\"(min-width: 768px)\"><img decoding=\"async\" loading=\"lazy\" src=\"https:\/\/nordnesrepublikken.no\/wp-content\/uploads\/2026\/03\/1773467439_561_Varmen-slas-av-fra-i-morgen-kalenderen-med-soner-og.jpg\" alt=\"klimatiske soner-Italia\" width=\"1252\" height=\"974\"\/><\/source><\/source><\/picture><\/figure>\n<\/p><\/div>\n<p>Nedenfor rapporterer vi kalenderen for av- og p\u00e5-datoen for oppvarmingen avhengig av klimasonen.<\/p>\n<div class=\"cp_wrapper--table\">\n<table>\n<thead>\n<tr>\n<th>Klimasone<\/th>\n<th>Nedstengningsperiode<\/th>\n<\/tr>\n<\/thead>\n<tbody>\n<tr>\n<td data-label=\"Zona climatica\">TIL<\/td>\n<td data-label=\"Periodo di spegnimento\">15. mars \u2013 1. desember<\/td>\n<\/tr>\n<tr>\n<td data-label=\"Zona climatica\">B<\/td>\n<td data-label=\"Periodo di spegnimento\">31. mars \u2013 1. desember<\/td>\n<\/tr>\n<tr>\n<td data-label=\"Zona climatica\">C<\/td>\n<td data-label=\"Periodo di spegnimento\">31. mars \u2013 15. november<\/td>\n<\/tr>\n<tr>\n<td data-label=\"Zona climatica\">D<\/td>\n<td data-label=\"Periodo di spegnimento\">15. april \u2013 1. november<\/td>\n<\/tr>\n<tr>\n<td data-label=\"Zona climatica\">OG<\/td>\n<td data-label=\"Periodo di spegnimento\">15. april \u2013 15. oktober<\/td>\n<\/tr>\n<tr>\n<td data-label=\"Zona climatica\">F<\/td>\n<td data-label=\"Periodo di spegnimento\">Ingen grenser for \u00e5 sl\u00e5 av<\/td>\n<\/tr>\n<\/tbody>\n<\/table>\n<\/div>\n<h2>Gode \u200b\u200bfremgangsm\u00e5ter \u00e5 utf\u00f8re etter at varmen er sl\u00e5tt av<\/h2>\n<p>Som rapportert i h\u00e5ndboken utarbeidet av ENEA, en gang<strong> dato for avstengning av oppvarming<\/strong> (som, som vi forklarte i denne artikkelen, avhenger av<strong> klimatiske soner<\/strong>), den f\u00f8rste tingen \u00e5 gj\u00f8re er \u00e5penbart \u00e5 fysisk sl\u00e5 av systemet. Dette skjer forskjellig avhengig av om det er en<strong> sentralisert eller autonomt system<\/strong>: i det f\u00f8rste tilfellet er faktisk bygningssjefen ansvarlig for \u00e5 programmere automatisk p\u00e5- og avsl\u00e5ing av oppvarmingen; i det andre tilfellet derimot <strong>prosedyre<\/strong> kan v\u00e6re<strong> administreres manuelt<\/strong> av eiere eller leietakere. Mer spesifikt:<\/p>\n<ul>\n<li>Hvis <strong>varmtvannsbereder<\/strong> den fungerer kun til oppvarming, det m\u00e5 den <strong>sl\u00e5s av eller settes til AV.<\/strong><\/li>\n<li>Men hvis kjelen fungerer for b\u00e5de oppvarming og produksjon av varmtvann til husholdningsbruk, m\u00e5 den st\u00e5 <strong>sl\u00e5tt av<\/strong> bare <strong>del knyttet til oppvarming<\/strong>. Sv\u00e6rt ofte er moderne kjeler allerede utstyrt med manuelle velgere som lar deg stille inn &laquo;vinter&raquo; eller &laquo;sommer&raquo; -modus.<\/li>\n<\/ul>\n<p>P\u00e5 dette tidspunktet er det tre hovedaktiviteter som skal utf\u00f8res, hvorav to er valgfrie &#8211; men likevel anbefalt for \u00e5 garantere maksimal effektivitet av systemet i den p\u00e5f\u00f8lgende sesongen &#8211; og en obligatorisk ved lov.<\/p>\n<h3>Plasser termostatventilene p\u00e5 h\u00f8yeste innstilling<\/h3>\n<p>I motsetning til hva du kanskje tror, \u200b\u200ber det tilr\u00e5delig n\u00e5r varmesystemet er sl\u00e5tt av <strong>plasser termostatventilene p\u00e5 maksimumsverdien (vanligvis niv\u00e5 5):<\/strong> dette er knottene som er plassert p\u00e5 radiatorene \u2013 siden 2017 obligatorisk i alle borettslag med sentralvarme \u2013 som lar deg justere temperaturen i rommene manuelt etter behov.<\/p>\n<p>\u00c5 \u00e5pne termostatventilene maksimalt unng\u00e5r faktisk<b> kalkstein sedimentering, <\/b>noe som kan skade systemet: spesielt forhindrer det kalkavleiring i stempelet som regulerer termostatventilen under perioden med inaktivitet av radiatorene. Ellers <strong>blokkere<\/strong> av dette stempelet n\u00e5r systemet startes p\u00e5 nytt<strong> det ville hindre passasje av varmt vann<\/strong> og f\u00f8lgelig ville det hindre radiatoren i \u00e5 varmes opp.<\/p>\n<p>Siden systemet er sl\u00e5tt av, er ventilenes posisjon p\u00e5 den h\u00f8yeste verdien<strong> det tilsvarer ikke energiforbruk.<\/strong><\/p>\n<h3>Rengj\u00f8r overflaten p\u00e5 radiatorene<\/h3>\n<p>Den andre anbefalte aktiviteten er <strong>rengj\u00f8ring av overflaten p\u00e5 radiatorer<\/strong>b\u00e5de eksternt og internt, der det er sannsynlig at st\u00f8v har samlet seg i vintersesongen: denne prosedyren tjener til \u00e5 forbedre energieffektiviteten til systemene, gitt at st\u00f8vet kan danne et isolerende lag som<strong> det ville hindre varmen i \u00e5 spre seg ordentlig<\/strong>reduserer varmeeffekten til radiatoren.<\/p>\n<p>Samtidig, n\u00e5r radiatorene sl\u00e5s p\u00e5 igjen, er det mulig at <strong>st\u00f8v<\/strong> akkumulert i radiatoren ender opp med \u00e5 bli <strong>utbredt i milj\u00f8et<\/strong>forverret luftkvalitet. I dette tilfellet anbefaler retningslinjene \u00e5 rengj\u00f8re b\u00e5de utsiden av radiatoren, med en fuktig klut, og innsiden av radiatoren sprekker, pr\u00f8v \u00e5 presse st\u00f8vet nedover med en tynn b\u00f8rste.<\/p>\n<h3><b>Utf\u00f8r obligatorisk vedlikehold p\u00e5 varmesystemet<\/b><\/h3>\n<p>Der <strong>systemvedlikehold<\/strong> oppvarming (vanligvis \u00e5rlig eller to\u00e5rig) er den eneste<strong> obligatorisk aktivitet som skal utf\u00f8res<\/strong>i henhold til bestemmelsene i presidentdekret 74\/2013: for de som ikke utf\u00f8rer det, er det blant annet en <strong>godkjennelse<\/strong> starter fra <strong>500 euro.<\/strong> Loven krever imidlertid ikke eksplisitt \u00e5 utf\u00f8re denne kontrollen i de varmere m\u00e5nedene: Det er imidlertid tilr\u00e5delig \u00e5 be om intervensjon fra profesjonelle teknikere mens varmesystemet er av og bedrifter, som lavsesong, har st\u00f8rre tilgjengelighet.<\/p>\n<p>Vedlikeholdsprosedyren, i tillegg til en generell sjekk av kjelen, kan ogs\u00e5 omfatte en sjekk av radiatorene, sjekk for eventuelle lekkasjer, eliminering av luften i systemet og sjekk av termostatventilanordningene. Dette <strong>vedlikehold<\/strong>som alltid skal utf\u00f8res av fagfolk i sektoren, tjener ogs\u00e5 til<strong> forbedre effektiviteten<\/strong>: et system bruker og forurenser mindre n\u00e5r det er riktig regulert, rent og uten kalkavleiringer.<\/p>\n<\/p><\/div>\n","protected":false},"excerpt":{"rendered":"<p>Medbegynnelsen av v\u00e5ren og den progressive \u00f8kningen i temperaturer, dvs radiatorer vil gradvis sl\u00e5 seg<\/p>\n","protected":false},"author":1,"featured_media":16400,"comment_status":"closed","ping_status":"open","sticky":false,"template":"","format":"standard","meta":{"footnotes":""},"categories":[104],"tags":[10628,713,144,372,16,10428,9787,96,564,741,3677,4630,10491],"class_list":["post-16399","post","type-post","status-publish","format-standard","has-post-thumbnail","hentry","category-samfunn","tag-eneas","tag-gjore","tag-hva","tag-mars","tag-nar","tag-oppvarming","tag-retningslinjer","tag-seg","tag-siden","tag-skal","tag-slar","tag-slatt","tag-systemene","generate-columns","tablet-grid-50","mobile-grid-100","grid-parent","grid-33","resize-featured-image"],"yoast_head":"<!-- This site is optimized with the Yoast SEO plugin v24.4 - https:\/\/yoast.com\/wordpress\/plugins\/seo\/ -->\n<title>Oppvarming sl\u00e5tt av siden 31. mars, ENEAs retningslinjer for hva du skal gj\u00f8re n\u00e5r systemene sl\u00e5r seg av - Nordnesrepublikken<\/title>\n<meta name=\"robots\" content=\"index, follow, max-snippet:-1, max-image-preview:large, max-video-preview:-1\" \/>\n<link rel=\"canonical\" href=\"https:\/\/nordnesrepublikken.no\/index.php\/2026\/03\/30\/oppvarming-slatt-av-siden-31-mars-eneas-retningslinjer-for-hva-du-skal-gjore-nar-systemene-slar-seg-av\/\" \/>\n<meta property=\"og:locale\" content=\"nb_NO\" \/>\n<meta property=\"og:type\" content=\"article\" \/>\n<meta property=\"og:title\" content=\"Oppvarming sl\u00e5tt av siden 31. mars, ENEAs retningslinjer for hva du skal gj\u00f8re n\u00e5r systemene sl\u00e5r seg av - Nordnesrepublikken\" \/>\n<meta property=\"og:description\" content=\"Medbegynnelsen av v\u00e5ren og den progressive \u00f8kningen i temperaturer, dvs radiatorer vil gradvis sl\u00e5 seg\" \/>\n<meta property=\"og:url\" content=\"https:\/\/nordnesrepublikken.no\/index.php\/2026\/03\/30\/oppvarming-slatt-av-siden-31-mars-eneas-retningslinjer-for-hva-du-skal-gjore-nar-systemene-slar-seg-av\/\" \/>\n<meta property=\"og:site_name\" content=\"Nordnesrepublikken\" \/>\n<meta property=\"article:published_time\" content=\"2026-03-30T05:51:34+00:00\" \/>\n<meta property=\"article:modified_time\" content=\"2026-03-30T05:51:39+00:00\" \/>\n<meta property=\"og:image\" content=\"https:\/\/nordnesrepublikken.no\/wp-content\/uploads\/2026\/03\/1774849896_Oppvarming-slatt-av-siden-31-mars-ENEAs-retningslinjer-for-hva-scaled.jpeg\" \/>\n\t<meta property=\"og:image:width\" content=\"2560\" \/>\n\t<meta property=\"og:image:height\" content=\"1429\" \/>\n\t<meta property=\"og:image:type\" content=\"image\/jpeg\" \/>\n<meta name=\"author\" content=\"Ole Andersen\" \/>\n<meta name=\"twitter:card\" content=\"summary_large_image\" \/>\n<meta name=\"twitter:label1\" content=\"Skrevet av\" \/>\n\t<meta name=\"twitter:data1\" content=\"Ole Andersen\" \/>\n\t<meta name=\"twitter:label2\" content=\"Ansl. lesetid\" \/>\n\t<meta name=\"twitter:data2\" content=\"4 minutter\" \/>\n<script type=\"application\/ld+json\" class=\"yoast-schema-graph\">{\"@context\":\"https:\/\/schema.org\",\"@graph\":[{\"@type\":\"Article\",\"@id\":\"https:\/\/nordnesrepublikken.no\/index.php\/2026\/03\/30\/oppvarming-slatt-av-siden-31-mars-eneas-retningslinjer-for-hva-du-skal-gjore-nar-systemene-slar-seg-av\/#article\",\"isPartOf\":{\"@id\":\"https:\/\/nordnesrepublikken.no\/index.php\/2026\/03\/30\/oppvarming-slatt-av-siden-31-mars-eneas-retningslinjer-for-hva-du-skal-gjore-nar-systemene-slar-seg-av\/\"},\"author\":{\"name\":\"Ole Andersen\",\"@id\":\"https:\/\/nordnesrepublikken.no\/#\/schema\/person\/2e7e81935bab77882fffb79296240ff1\"},\"headline\":\"Oppvarming sl\u00e5tt av siden 31. mars, ENEAs retningslinjer for hva du skal gj\u00f8re n\u00e5r systemene sl\u00e5r seg av\",\"datePublished\":\"2026-03-30T05:51:34+00:00\",\"dateModified\":\"2026-03-30T05:51:39+00:00\",\"mainEntityOfPage\":{\"@id\":\"https:\/\/nordnesrepublikken.no\/index.php\/2026\/03\/30\/oppvarming-slatt-av-siden-31-mars-eneas-retningslinjer-for-hva-du-skal-gjore-nar-systemene-slar-seg-av\/\"},\"wordCount\":830,\"publisher\":{\"@id\":\"https:\/\/nordnesrepublikken.no\/#organization\"},\"image\":{\"@id\":\"https:\/\/nordnesrepublikken.no\/index.php\/2026\/03\/30\/oppvarming-slatt-av-siden-31-mars-eneas-retningslinjer-for-hva-du-skal-gjore-nar-systemene-slar-seg-av\/#primaryimage\"},\"thumbnailUrl\":\"https:\/\/nordnesrepublikken.no\/wp-content\/uploads\/2026\/03\/1774849896_Oppvarming-slatt-av-siden-31-mars-ENEAs-retningslinjer-for-hva-scaled.jpeg\",\"keywords\":[\"ENEAs\",\"gj\u00f8re\",\"Hva\",\"mars\",\"n\u00e5r\",\"oppvarming\",\"retningslinjer\",\"seg\",\"siden\",\"skal\",\"sl\u00e5r\",\"sl\u00e5tt\",\"systemene\"],\"articleSection\":[\"Samfunn\"],\"inLanguage\":\"nb-NO\"},{\"@type\":\"WebPage\",\"@id\":\"https:\/\/nordnesrepublikken.no\/index.php\/2026\/03\/30\/oppvarming-slatt-av-siden-31-mars-eneas-retningslinjer-for-hva-du-skal-gjore-nar-systemene-slar-seg-av\/\",\"url\":\"https:\/\/nordnesrepublikken.no\/index.php\/2026\/03\/30\/oppvarming-slatt-av-siden-31-mars-eneas-retningslinjer-for-hva-du-skal-gjore-nar-systemene-slar-seg-av\/\",\"name\":\"Oppvarming sl\u00e5tt av siden 31. mars, ENEAs retningslinjer for hva du skal gj\u00f8re n\u00e5r systemene sl\u00e5r seg av - Nordnesrepublikken\",\"isPartOf\":{\"@id\":\"https:\/\/nordnesrepublikken.no\/#website\"},\"primaryImageOfPage\":{\"@id\":\"https:\/\/nordnesrepublikken.no\/index.php\/2026\/03\/30\/oppvarming-slatt-av-siden-31-mars-eneas-retningslinjer-for-hva-du-skal-gjore-nar-systemene-slar-seg-av\/#primaryimage\"},\"image\":{\"@id\":\"https:\/\/nordnesrepublikken.no\/index.php\/2026\/03\/30\/oppvarming-slatt-av-siden-31-mars-eneas-retningslinjer-for-hva-du-skal-gjore-nar-systemene-slar-seg-av\/#primaryimage\"},\"thumbnailUrl\":\"https:\/\/nordnesrepublikken.no\/wp-content\/uploads\/2026\/03\/1774849896_Oppvarming-slatt-av-siden-31-mars-ENEAs-retningslinjer-for-hva-scaled.jpeg\",\"datePublished\":\"2026-03-30T05:51:34+00:00\",\"dateModified\":\"2026-03-30T05:51:39+00:00\",\"breadcrumb\":{\"@id\":\"https:\/\/nordnesrepublikken.no\/index.php\/2026\/03\/30\/oppvarming-slatt-av-siden-31-mars-eneas-retningslinjer-for-hva-du-skal-gjore-nar-systemene-slar-seg-av\/#breadcrumb\"},\"inLanguage\":\"nb-NO\",\"potentialAction\":[{\"@type\":\"ReadAction\",\"target\":[\"https:\/\/nordnesrepublikken.no\/index.php\/2026\/03\/30\/oppvarming-slatt-av-siden-31-mars-eneas-retningslinjer-for-hva-du-skal-gjore-nar-systemene-slar-seg-av\/\"]}]},{\"@type\":\"ImageObject\",\"inLanguage\":\"nb-NO\",\"@id\":\"https:\/\/nordnesrepublikken.no\/index.php\/2026\/03\/30\/oppvarming-slatt-av-siden-31-mars-eneas-retningslinjer-for-hva-du-skal-gjore-nar-systemene-slar-seg-av\/#primaryimage\",\"url\":\"https:\/\/nordnesrepublikken.no\/wp-content\/uploads\/2026\/03\/1774849896_Oppvarming-slatt-av-siden-31-mars-ENEAs-retningslinjer-for-hva-scaled.jpeg\",\"contentUrl\":\"https:\/\/nordnesrepublikken.no\/wp-content\/uploads\/2026\/03\/1774849896_Oppvarming-slatt-av-siden-31-mars-ENEAs-retningslinjer-for-hva-scaled.jpeg\",\"width\":2560,\"height\":1429,\"caption\":\"Oppvarming sl\u00e5tt av siden 31. mars, ENEAs retningslinjer for hva du skal gj\u00f8re n\u00e5r systemene sl\u00e5r seg av\"},{\"@type\":\"BreadcrumbList\",\"@id\":\"https:\/\/nordnesrepublikken.no\/index.php\/2026\/03\/30\/oppvarming-slatt-av-siden-31-mars-eneas-retningslinjer-for-hva-du-skal-gjore-nar-systemene-slar-seg-av\/#breadcrumb\",\"itemListElement\":[{\"@type\":\"ListItem\",\"position\":1,\"name\":\"Home\",\"item\":\"https:\/\/nordnesrepublikken.no\/\"},{\"@type\":\"ListItem\",\"position\":2,\"name\":\"Oppvarming sl\u00e5tt av siden 31. mars, ENEAs retningslinjer for hva du skal gj\u00f8re n\u00e5r systemene sl\u00e5r seg av\"}]},{\"@type\":\"WebSite\",\"@id\":\"https:\/\/nordnesrepublikken.no\/#website\",\"url\":\"https:\/\/nordnesrepublikken.no\/\",\"name\":\"Nordnesrepublikken\",\"description\":\"Stemmer og Visjoner fra Republikkens Hjerte\",\"publisher\":{\"@id\":\"https:\/\/nordnesrepublikken.no\/#organization\"},\"potentialAction\":[{\"@type\":\"SearchAction\",\"target\":{\"@type\":\"EntryPoint\",\"urlTemplate\":\"https:\/\/nordnesrepublikken.no\/?s={search_term_string}\"},\"query-input\":{\"@type\":\"PropertyValueSpecification\",\"valueRequired\":true,\"valueName\":\"search_term_string\"}}],\"inLanguage\":\"nb-NO\"},{\"@type\":\"Organization\",\"@id\":\"https:\/\/nordnesrepublikken.no\/#organization\",\"name\":\"Nordnesrepublikken\",\"url\":\"https:\/\/nordnesrepublikken.no\/\",\"logo\":{\"@type\":\"ImageObject\",\"inLanguage\":\"nb-NO\",\"@id\":\"https:\/\/nordnesrepublikken.no\/#\/schema\/logo\/image\/\",\"url\":\"https:\/\/nordnesrepublikken.no\/wp-content\/uploads\/2025\/02\/cropped-nordnesrepublikken-2.png\",\"contentUrl\":\"https:\/\/nordnesrepublikken.no\/wp-content\/uploads\/2025\/02\/cropped-nordnesrepublikken-2.png\",\"width\":1248,\"height\":362,\"caption\":\"Nordnesrepublikken\"},\"image\":{\"@id\":\"https:\/\/nordnesrepublikken.no\/#\/schema\/logo\/image\/\"}},{\"@type\":\"Person\",\"@id\":\"https:\/\/nordnesrepublikken.no\/#\/schema\/person\/2e7e81935bab77882fffb79296240ff1\",\"name\":\"Ole Andersen\",\"image\":{\"@type\":\"ImageObject\",\"inLanguage\":\"nb-NO\",\"@id\":\"https:\/\/nordnesrepublikken.no\/#\/schema\/person\/image\/\",\"url\":\"https:\/\/nordnesrepublikken.no\/wp-content\/uploads\/2025\/02\/nordnesrepublikken-2-2-150x150.jpg\",\"contentUrl\":\"https:\/\/nordnesrepublikken.no\/wp-content\/uploads\/2025\/02\/nordnesrepublikken-2-2-150x150.jpg\",\"caption\":\"Ole Andersen\"},\"description\":\"Ettersom jeg vokste opp i Oslo, har jeg alltid v\u00e6rt fascinert av ordenes kraft og deres evne til \u00e5 skape endringer. Etter \u00e5 ha fullf\u00f8rt min utdannelse i kommunikasjon ved Universitetet i Bergen, fikk jeg muligheten til \u00e5 jobbe innen ulike medier, der jeg har s\u00f8kt \u00e5 belyse viktige samfunnssp\u00f8rsm\u00e5l. I dag, som redakt\u00f8r for Nordnesrepublikken, pr\u00f8ver jeg \u00e5 forene min kj\u00e6rlighet for journalistikk med min lidenskap for innovasjon og eventyr.\",\"sameAs\":[\"https:\/\/nordnesrepublikken.no\/\"]}]}<\/script>\n<!-- \/ Yoast SEO plugin. -->","yoast_head_json":{"title":"Oppvarming sl\u00e5tt av siden 31. mars, ENEAs retningslinjer for hva du skal gj\u00f8re n\u00e5r systemene sl\u00e5r seg av - Nordnesrepublikken","robots":{"index":"index","follow":"follow","max-snippet":"max-snippet:-1","max-image-preview":"max-image-preview:large","max-video-preview":"max-video-preview:-1"},"canonical":"https:\/\/nordnesrepublikken.no\/index.php\/2026\/03\/30\/oppvarming-slatt-av-siden-31-mars-eneas-retningslinjer-for-hva-du-skal-gjore-nar-systemene-slar-seg-av\/","og_locale":"nb_NO","og_type":"article","og_title":"Oppvarming sl\u00e5tt av siden 31. mars, ENEAs retningslinjer for hva du skal gj\u00f8re n\u00e5r systemene sl\u00e5r seg av - Nordnesrepublikken","og_description":"Medbegynnelsen av v\u00e5ren og den progressive \u00f8kningen i temperaturer, dvs radiatorer vil gradvis sl\u00e5 seg","og_url":"https:\/\/nordnesrepublikken.no\/index.php\/2026\/03\/30\/oppvarming-slatt-av-siden-31-mars-eneas-retningslinjer-for-hva-du-skal-gjore-nar-systemene-slar-seg-av\/","og_site_name":"Nordnesrepublikken","article_published_time":"2026-03-30T05:51:34+00:00","article_modified_time":"2026-03-30T05:51:39+00:00","og_image":[{"width":2560,"height":1429,"url":"https:\/\/nordnesrepublikken.no\/wp-content\/uploads\/2026\/03\/1774849896_Oppvarming-slatt-av-siden-31-mars-ENEAs-retningslinjer-for-hva-scaled.jpeg","type":"image\/jpeg"}],"author":"Ole Andersen","twitter_card":"summary_large_image","twitter_misc":{"Skrevet av":"Ole Andersen","Ansl. lesetid":"4 minutter"},"schema":{"@context":"https:\/\/schema.org","@graph":[{"@type":"Article","@id":"https:\/\/nordnesrepublikken.no\/index.php\/2026\/03\/30\/oppvarming-slatt-av-siden-31-mars-eneas-retningslinjer-for-hva-du-skal-gjore-nar-systemene-slar-seg-av\/#article","isPartOf":{"@id":"https:\/\/nordnesrepublikken.no\/index.php\/2026\/03\/30\/oppvarming-slatt-av-siden-31-mars-eneas-retningslinjer-for-hva-du-skal-gjore-nar-systemene-slar-seg-av\/"},"author":{"name":"Ole Andersen","@id":"https:\/\/nordnesrepublikken.no\/#\/schema\/person\/2e7e81935bab77882fffb79296240ff1"},"headline":"Oppvarming sl\u00e5tt av siden 31. mars, ENEAs retningslinjer for hva du skal gj\u00f8re n\u00e5r systemene sl\u00e5r seg av","datePublished":"2026-03-30T05:51:34+00:00","dateModified":"2026-03-30T05:51:39+00:00","mainEntityOfPage":{"@id":"https:\/\/nordnesrepublikken.no\/index.php\/2026\/03\/30\/oppvarming-slatt-av-siden-31-mars-eneas-retningslinjer-for-hva-du-skal-gjore-nar-systemene-slar-seg-av\/"},"wordCount":830,"publisher":{"@id":"https:\/\/nordnesrepublikken.no\/#organization"},"image":{"@id":"https:\/\/nordnesrepublikken.no\/index.php\/2026\/03\/30\/oppvarming-slatt-av-siden-31-mars-eneas-retningslinjer-for-hva-du-skal-gjore-nar-systemene-slar-seg-av\/#primaryimage"},"thumbnailUrl":"https:\/\/nordnesrepublikken.no\/wp-content\/uploads\/2026\/03\/1774849896_Oppvarming-slatt-av-siden-31-mars-ENEAs-retningslinjer-for-hva-scaled.jpeg","keywords":["ENEAs","gj\u00f8re","Hva","mars","n\u00e5r","oppvarming","retningslinjer","seg","siden","skal","sl\u00e5r","sl\u00e5tt","systemene"],"articleSection":["Samfunn"],"inLanguage":"nb-NO"},{"@type":"WebPage","@id":"https:\/\/nordnesrepublikken.no\/index.php\/2026\/03\/30\/oppvarming-slatt-av-siden-31-mars-eneas-retningslinjer-for-hva-du-skal-gjore-nar-systemene-slar-seg-av\/","url":"https:\/\/nordnesrepublikken.no\/index.php\/2026\/03\/30\/oppvarming-slatt-av-siden-31-mars-eneas-retningslinjer-for-hva-du-skal-gjore-nar-systemene-slar-seg-av\/","name":"Oppvarming sl\u00e5tt av siden 31. mars, ENEAs retningslinjer for hva du skal gj\u00f8re n\u00e5r systemene sl\u00e5r seg av - Nordnesrepublikken","isPartOf":{"@id":"https:\/\/nordnesrepublikken.no\/#website"},"primaryImageOfPage":{"@id":"https:\/\/nordnesrepublikken.no\/index.php\/2026\/03\/30\/oppvarming-slatt-av-siden-31-mars-eneas-retningslinjer-for-hva-du-skal-gjore-nar-systemene-slar-seg-av\/#primaryimage"},"image":{"@id":"https:\/\/nordnesrepublikken.no\/index.php\/2026\/03\/30\/oppvarming-slatt-av-siden-31-mars-eneas-retningslinjer-for-hva-du-skal-gjore-nar-systemene-slar-seg-av\/#primaryimage"},"thumbnailUrl":"https:\/\/nordnesrepublikken.no\/wp-content\/uploads\/2026\/03\/1774849896_Oppvarming-slatt-av-siden-31-mars-ENEAs-retningslinjer-for-hva-scaled.jpeg","datePublished":"2026-03-30T05:51:34+00:00","dateModified":"2026-03-30T05:51:39+00:00","breadcrumb":{"@id":"https:\/\/nordnesrepublikken.no\/index.php\/2026\/03\/30\/oppvarming-slatt-av-siden-31-mars-eneas-retningslinjer-for-hva-du-skal-gjore-nar-systemene-slar-seg-av\/#breadcrumb"},"inLanguage":"nb-NO","potentialAction":[{"@type":"ReadAction","target":["https:\/\/nordnesrepublikken.no\/index.php\/2026\/03\/30\/oppvarming-slatt-av-siden-31-mars-eneas-retningslinjer-for-hva-du-skal-gjore-nar-systemene-slar-seg-av\/"]}]},{"@type":"ImageObject","inLanguage":"nb-NO","@id":"https:\/\/nordnesrepublikken.no\/index.php\/2026\/03\/30\/oppvarming-slatt-av-siden-31-mars-eneas-retningslinjer-for-hva-du-skal-gjore-nar-systemene-slar-seg-av\/#primaryimage","url":"https:\/\/nordnesrepublikken.no\/wp-content\/uploads\/2026\/03\/1774849896_Oppvarming-slatt-av-siden-31-mars-ENEAs-retningslinjer-for-hva-scaled.jpeg","contentUrl":"https:\/\/nordnesrepublikken.no\/wp-content\/uploads\/2026\/03\/1774849896_Oppvarming-slatt-av-siden-31-mars-ENEAs-retningslinjer-for-hva-scaled.jpeg","width":2560,"height":1429,"caption":"Oppvarming sl\u00e5tt av siden 31. mars, ENEAs retningslinjer for hva du skal gj\u00f8re n\u00e5r systemene sl\u00e5r seg av"},{"@type":"BreadcrumbList","@id":"https:\/\/nordnesrepublikken.no\/index.php\/2026\/03\/30\/oppvarming-slatt-av-siden-31-mars-eneas-retningslinjer-for-hva-du-skal-gjore-nar-systemene-slar-seg-av\/#breadcrumb","itemListElement":[{"@type":"ListItem","position":1,"name":"Home","item":"https:\/\/nordnesrepublikken.no\/"},{"@type":"ListItem","position":2,"name":"Oppvarming sl\u00e5tt av siden 31. mars, ENEAs retningslinjer for hva du skal gj\u00f8re n\u00e5r systemene sl\u00e5r seg av"}]},{"@type":"WebSite","@id":"https:\/\/nordnesrepublikken.no\/#website","url":"https:\/\/nordnesrepublikken.no\/","name":"Nordnesrepublikken","description":"Stemmer og Visjoner fra Republikkens Hjerte","publisher":{"@id":"https:\/\/nordnesrepublikken.no\/#organization"},"potentialAction":[{"@type":"SearchAction","target":{"@type":"EntryPoint","urlTemplate":"https:\/\/nordnesrepublikken.no\/?s={search_term_string}"},"query-input":{"@type":"PropertyValueSpecification","valueRequired":true,"valueName":"search_term_string"}}],"inLanguage":"nb-NO"},{"@type":"Organization","@id":"https:\/\/nordnesrepublikken.no\/#organization","name":"Nordnesrepublikken","url":"https:\/\/nordnesrepublikken.no\/","logo":{"@type":"ImageObject","inLanguage":"nb-NO","@id":"https:\/\/nordnesrepublikken.no\/#\/schema\/logo\/image\/","url":"https:\/\/nordnesrepublikken.no\/wp-content\/uploads\/2025\/02\/cropped-nordnesrepublikken-2.png","contentUrl":"https:\/\/nordnesrepublikken.no\/wp-content\/uploads\/2025\/02\/cropped-nordnesrepublikken-2.png","width":1248,"height":362,"caption":"Nordnesrepublikken"},"image":{"@id":"https:\/\/nordnesrepublikken.no\/#\/schema\/logo\/image\/"}},{"@type":"Person","@id":"https:\/\/nordnesrepublikken.no\/#\/schema\/person\/2e7e81935bab77882fffb79296240ff1","name":"Ole Andersen","image":{"@type":"ImageObject","inLanguage":"nb-NO","@id":"https:\/\/nordnesrepublikken.no\/#\/schema\/person\/image\/","url":"https:\/\/nordnesrepublikken.no\/wp-content\/uploads\/2025\/02\/nordnesrepublikken-2-2-150x150.jpg","contentUrl":"https:\/\/nordnesrepublikken.no\/wp-content\/uploads\/2025\/02\/nordnesrepublikken-2-2-150x150.jpg","caption":"Ole Andersen"},"description":"Ettersom jeg vokste opp i Oslo, har jeg alltid v\u00e6rt fascinert av ordenes kraft og deres evne til \u00e5 skape endringer. Etter \u00e5 ha fullf\u00f8rt min utdannelse i kommunikasjon ved Universitetet i Bergen, fikk jeg muligheten til \u00e5 jobbe innen ulike medier, der jeg har s\u00f8kt \u00e5 belyse viktige samfunnssp\u00f8rsm\u00e5l. I dag, som redakt\u00f8r for Nordnesrepublikken, pr\u00f8ver jeg \u00e5 forene min kj\u00e6rlighet for journalistikk med min lidenskap for innovasjon og eventyr.","sameAs":["https:\/\/nordnesrepublikken.no\/"]}]}},"_links":{"self":[{"href":"https:\/\/nordnesrepublikken.no\/index.php\/wp-json\/wp\/v2\/posts\/16399","targetHints":{"allow":["GET"]}}],"collection":[{"href":"https:\/\/nordnesrepublikken.no\/index.php\/wp-json\/wp\/v2\/posts"}],"about":[{"href":"https:\/\/nordnesrepublikken.no\/index.php\/wp-json\/wp\/v2\/types\/post"}],"author":[{"embeddable":true,"href":"https:\/\/nordnesrepublikken.no\/index.php\/wp-json\/wp\/v2\/users\/1"}],"replies":[{"embeddable":true,"href":"https:\/\/nordnesrepublikken.no\/index.php\/wp-json\/wp\/v2\/comments?post=16399"}],"version-history":[{"count":1,"href":"https:\/\/nordnesrepublikken.no\/index.php\/wp-json\/wp\/v2\/posts\/16399\/revisions"}],"predecessor-version":[{"id":16401,"href":"https:\/\/nordnesrepublikken.no\/index.php\/wp-json\/wp\/v2\/posts\/16399\/revisions\/16401"}],"wp:featuredmedia":[{"embeddable":true,"href":"https:\/\/nordnesrepublikken.no\/index.php\/wp-json\/wp\/v2\/media\/16400"}],"wp:attachment":[{"href":"https:\/\/nordnesrepublikken.no\/index.php\/wp-json\/wp\/v2\/media?parent=16399"}],"wp:term":[{"taxonomy":"category","embeddable":true,"href":"https:\/\/nordnesrepublikken.no\/index.php\/wp-json\/wp\/v2\/categories?post=16399"},{"taxonomy":"post_tag","embeddable":true,"href":"https:\/\/nordnesrepublikken.no\/index.php\/wp-json\/wp\/v2\/tags?post=16399"}],"curies":[{"name":"wp","href":"https:\/\/api.w.org\/{rel}","templated":true}]}}