{"id":16378,"date":"2026-03-29T17:51:39","date_gmt":"2026-03-29T15:51:39","guid":{"rendered":"https:\/\/nordnesrepublikken.no\/index.php\/2026\/03\/29\/nar-de-brukes-og-hvordan-man-kan-skille-partiklene-som-sender-italienerne-i-krise\/"},"modified":"2026-03-29T17:51:41","modified_gmt":"2026-03-29T15:51:41","slug":"nar-de-brukes-og-hvordan-man-kan-skille-partiklene-som-sender-italienerne-i-krise","status":"publish","type":"post","link":"https:\/\/nordnesrepublikken.no\/index.php\/2026\/03\/29\/nar-de-brukes-og-hvordan-man-kan-skille-partiklene-som-sender-italienerne-i-krise\/","title":{"rendered":"n\u00e5r de brukes og hvordan man kan skille partiklene som sender italienerne i krise"},"content":{"rendered":"<div>\n<div class=\"cp_wrapper cp_wrapper--fw mb-30 mb-20@tablet\">\n<figure class=\"mm\"><picture class=\"img\" style=\"padding-top:56.25%\"><source  media=\"(min-width: 1024px)\"><source  media=\"(min-width: 768px)\"><\/source><\/source><\/picture><\/figure>\n<\/p><\/div>\n<p>Mange italienere, selv utdannede, snubler over setninger som &laquo;Det er f\u00e5&raquo; eller &laquo;Det er en for alle&raquo;. Det handler om <strong>uttrykk<\/strong> n\u00f8kkel de pleier \u00e5 v\u00e6re <strong>forvirret<\/strong> fordi deres <strong>lyd<\/strong> det er mye <strong>lignende<\/strong>. I f\u00f8lge definisjonen er det skrevet <strong>det er<\/strong> (med apostrof og aksent) n\u00e5r det betyr &laquo;det er&raquo; eller &laquo;eksisterer&raquo;. Den brukes <strong>det er<\/strong> (uten apostrof) f\u00f8r andre verb eller n\u00e5r partikkelen &laquo;ne&raquo; ikke er elided. <strong>Det er det<\/strong> det indikerer bare eksistens, dvs. &laquo;eksisterer&raquo;. Disse partiklene er blant de hyppigste tvilene i italiensk grammatikk fordi <strong>de h\u00f8res nesten like ut<\/strong>men det har de <strong>funksjoner<\/strong> grammatisk og betyr mye <strong>forskjellig<\/strong>. Problemet oppst\u00e5r nettopp herfra: \u00f8ret bedrar oss, men grammatikken gj\u00f8r det ikke. La oss se rolig p\u00e5 dem, en om gangen.<\/p>\n<h2><strong>Det er (det + er)<\/strong><\/h2>\n<p><strong>Det er det<\/strong> er sammentrekningen av <strong>&laquo;det er&raquo;<\/strong>form av verbet <strong>v\u00e6re der<\/strong>. Det brukes til \u00e5 indikere <strong>eksistens eller tilstedev\u00e6relse<\/strong> av noen eller noe. Den enkleste m\u00e5ten \u00e5 unng\u00e5 \u00e5 gj\u00f8re feil p\u00e5 er denne: hvis i setningen kan du erstatte den med <strong>&laquo;finnes&raquo;<\/strong> eller <strong>&laquo;er tilstede&raquo;<\/strong>s\u00e5 er den riktige formen n\u00f8yaktig <strong>det er<\/strong>med apostrof.<\/p>\n<p>For eksempel: &laquo;<strong>Det ligger en bok p\u00e5 bordet<\/strong>&raquo; betyr &laquo;Det ligger en bok p\u00e5 bordet.&raquo; Eller: &laquo;<strong>Er det noen p\u00e5 d\u00f8ra?<\/strong>\u201d tilsvarer \u00e5 sp\u00f8rre om noen er tilstede.<\/p>\n<h2><strong>Er det noen (uten apostrof)<\/strong><\/h2>\n<p>N\u00e5r vi finner <strong>det er<\/strong>uten en apostrof, st\u00e5r vi overfor foreningen av to elementer: <strong>&laquo;det er&raquo;<\/strong> (styrket form av &laquo;ci&raquo;) e <strong>&laquo;nei&raquo;<\/strong>en partikkel som indikerer <strong>mengde, del av noe eller fjerning<\/strong>. Hovedpoenget her er \u00e5 se p\u00e5 hva som kommer videre. Hvis det st\u00e5r i setningen <strong>et annet verb<\/strong>eller du snakker om <strong>en mengde<\/strong>da er den riktige formen <strong>det er<\/strong>frittliggende.<\/p>\n<p>For eksempel: &laquo;<strong>Det er f\u00e5 igjen<\/strong>&raquo; (dvs. f\u00e5 av dem). Eller: &laquo;<strong>Vi drar med en gang<\/strong>&laquo;, hvor en id\u00e9 om distansering kommer til uttrykk. Igjen: &laquo;<strong>Det krever t\u00e5lmodighet \u00e5 forst\u00e5 det<\/strong>\u201d, det vil si at du trenger mye av det.<\/p>\n<h2><strong>Det er noen (med apostrof)<\/strong><\/h2>\n<p><strong>Det er det<\/strong> er den riktige formen for <strong>&laquo;det er noen&raquo;<\/strong>der partikkelen &laquo;ne&raquo; mister den siste vokalen f\u00f8r &laquo;\u00e8&raquo;: det er et tilfelle av <strong>elisjon<\/strong>. Ogs\u00e5 her dreier meningen seg om eksistens: det tilsvarer \u00e5 si <strong>&laquo;det finnes&raquo;<\/strong>. Advarsel: i dette tilfellet <strong>apostrof er obligatorisk<\/strong>. \u00c5 skrive &laquo;det er&raquo; er en feil.<\/p>\n<p>For eksempel: &laquo;<strong>Det er en for deg<\/strong>&raquo; (det er en for deg) eller &laquo;<strong>Er det noe mer kake igjen?<\/strong>&laquo;.<\/p>\n<h2><strong>Det er ingen<\/strong><\/h2>\n<p>Selv om denne formen er utbredt, <strong>det finnes ikke p\u00e5 italiensk<\/strong>. Det oppst\u00e5r fra en forvirring mellom <strong>det er<\/strong> Og <strong>det er<\/strong>som kan virke lik p\u00e5 \u00f8ret. Men grammatikken er klar: de kan ikke blandes.<\/p>\n<p>Et typisk eksempel p\u00e5 en feil er: &laquo;Det er f\u00e5&raquo;. Riktig form er: <strong>\u201cDet er f\u00e5\u201d<\/strong>.<\/p>\n<h2><strong>Feil \u00e5 unng\u00e5: tips og triks<\/strong><\/h2>\n<p>Det er noen tilbakevendende feil som er verdt \u00e5 huske p\u00e5. Den f\u00f8rste: <strong>&laquo;det er&raquo; eksisterer ikke<\/strong>. Det er en feil form som kombinerer to apostrof un\u00f8dvendig. Riktig form er alltid <strong>det er: <\/strong>vi husker ogs\u00e5 at p\u00e5 italiensk brukes det <strong>det er med en alvorlig aksent<\/strong>det er det ikke&raquo;. Et annet uttrykk for \u00e5 unng\u00e5 \u00e5 skrive er <strong>&laquo;er det noen&raquo;<\/strong> i stedet for <strong>&laquo;er det noen&raquo;<\/strong>selv om lyden kan lure.<\/p>\n<p>Det er ogs\u00e5 verdt \u00e5 si noen ord om den viktige forskjellen <strong>ingen<\/strong> Og <strong>heller ikke<\/strong>. Partikkelen <strong>ingen<\/strong> (uten aksent) er et pronomen eller adverb og betyr <strong>&laquo;av det&raquo;, &laquo;av dem&raquo;, &laquo;derfra&raquo;<\/strong>. For eksempel: &laquo;Jeg har h\u00f8rt mye.&raquo; Formen <strong>heller ikke<\/strong> (med aksent) er imidlertid en negativ konjunksjon og et middel <strong>&laquo;og ikke&raquo;<\/strong>: &laquo;Jeg vil ikke ha te eller kaffe.&raquo;<\/p>\n<p>Til slutt er det et nyttig lite triks n\u00e5r du er i tvil: <strong>pr\u00f8v \u00e5 transformere setningen til preteritum<\/strong>. Hvis setningen fortsatt gir mening, er formen sannsynligvis riktig. For eksempel: hvis du sp\u00f8r deg selv &laquo;Er det et problem?&raquo;, pr\u00f8v &laquo;Det var et problem&raquo;: det h\u00f8res bra ut, s\u00e5 den riktige formen er <strong>det er<\/strong>. Hvis du i stedet har &laquo;Er det eller kan du bringe det til oss?&raquo;, forvandles til &laquo;C&#8217;era, kan du bringe det?&raquo; du skj\u00f8nner umiddelbart at det ikke fungerer: derfor er den riktige formen <strong>det er<\/strong>. Og igjen: &laquo;Det er ingen eller er det noen flere?&raquo; blir &laquo;Det var ikke mer&raquo;: her er den rette formen <strong>det er ingen<\/strong>.<\/p>\n<p>Med litt trening slutter disse forskjellene \u00e5 f\u00f8les som fallgruver og blir automatiske. Poenget er alltid det samme: hvis du kan fortelle <strong>&laquo;finnes&raquo;<\/strong>s\u00e5 vil du bruke <strong>det er<\/strong> eller <strong>det er<\/strong>; hvis du snakker om i stedet <strong>mengde eller fjerning<\/strong>er det riktige valget <strong>det er<\/strong>. Alt annet er en feil som, med litt oppmerksomhet, kan unng\u00e5s.<\/p>\n<\/p><\/div>\n","protected":false},"excerpt":{"rendered":"<p>Mange italienere, selv utdannede, snubler over setninger som &laquo;Det er f\u00e5&raquo; eller &laquo;Det er en<\/p>\n","protected":false},"author":1,"featured_media":16379,"comment_status":"closed","ping_status":"open","sticky":false,"template":"","format":"standard","meta":{"footnotes":""},"categories":[104],"tags":[396,112,4336,339,2504,128,16,10616,70,4924,31],"class_list":["post-16378","post","type-post","status-publish","format-standard","has-post-thumbnail","hentry","category-samfunn","tag-brukes","tag-hvordan","tag-italienerne","tag-kan","tag-krise","tag-man","tag-nar","tag-partiklene","tag-sender","tag-skille","tag-som","generate-columns","tablet-grid-50","mobile-grid-100","grid-parent","grid-33","resize-featured-image"],"yoast_head":"<!-- This site is optimized with the Yoast SEO plugin v24.4 - https:\/\/yoast.com\/wordpress\/plugins\/seo\/ -->\n<title>n\u00e5r de brukes og hvordan man kan skille partiklene som sender italienerne i krise - Nordnesrepublikken<\/title>\n<meta name=\"robots\" content=\"index, follow, max-snippet:-1, max-image-preview:large, max-video-preview:-1\" \/>\n<link rel=\"canonical\" href=\"https:\/\/nordnesrepublikken.no\/index.php\/2026\/03\/29\/nar-de-brukes-og-hvordan-man-kan-skille-partiklene-som-sender-italienerne-i-krise\/\" \/>\n<meta property=\"og:locale\" content=\"nb_NO\" \/>\n<meta property=\"og:type\" content=\"article\" \/>\n<meta property=\"og:title\" content=\"n\u00e5r de brukes og hvordan man kan skille partiklene som sender italienerne i krise - Nordnesrepublikken\" \/>\n<meta property=\"og:description\" content=\"Mange italienere, selv utdannede, snubler over setninger som &laquo;Det er f\u00e5&raquo; eller &laquo;Det er en\" \/>\n<meta property=\"og:url\" content=\"https:\/\/nordnesrepublikken.no\/index.php\/2026\/03\/29\/nar-de-brukes-og-hvordan-man-kan-skille-partiklene-som-sender-italienerne-i-krise\/\" \/>\n<meta property=\"og:site_name\" content=\"Nordnesrepublikken\" \/>\n<meta property=\"article:published_time\" content=\"2026-03-29T15:51:39+00:00\" \/>\n<meta property=\"article:modified_time\" content=\"2026-03-29T15:51:41+00:00\" \/>\n<meta property=\"og:image\" content=\"https:\/\/nordnesrepublikken.no\/wp-content\/uploads\/2026\/03\/1774799500_nar-de-brukes-og-hvordan-man-kan-skille-partiklene-som.jpg\" \/>\n\t<meta property=\"og:image:width\" content=\"1536\" \/>\n\t<meta property=\"og:image:height\" content=\"1024\" \/>\n\t<meta property=\"og:image:type\" content=\"image\/jpeg\" \/>\n<meta name=\"author\" content=\"Ole Andersen\" \/>\n<meta name=\"twitter:card\" content=\"summary_large_image\" \/>\n<meta name=\"twitter:label1\" content=\"Skrevet av\" \/>\n\t<meta name=\"twitter:data1\" content=\"Ole Andersen\" \/>\n\t<meta name=\"twitter:label2\" content=\"Ansl. lesetid\" \/>\n\t<meta name=\"twitter:data2\" content=\"4 minutter\" \/>\n<script type=\"application\/ld+json\" class=\"yoast-schema-graph\">{\"@context\":\"https:\/\/schema.org\",\"@graph\":[{\"@type\":\"Article\",\"@id\":\"https:\/\/nordnesrepublikken.no\/index.php\/2026\/03\/29\/nar-de-brukes-og-hvordan-man-kan-skille-partiklene-som-sender-italienerne-i-krise\/#article\",\"isPartOf\":{\"@id\":\"https:\/\/nordnesrepublikken.no\/index.php\/2026\/03\/29\/nar-de-brukes-og-hvordan-man-kan-skille-partiklene-som-sender-italienerne-i-krise\/\"},\"author\":{\"name\":\"Ole Andersen\",\"@id\":\"https:\/\/nordnesrepublikken.no\/#\/schema\/person\/2e7e81935bab77882fffb79296240ff1\"},\"headline\":\"n\u00e5r de brukes og hvordan man kan skille partiklene som sender italienerne i krise\",\"datePublished\":\"2026-03-29T15:51:39+00:00\",\"dateModified\":\"2026-03-29T15:51:41+00:00\",\"mainEntityOfPage\":{\"@id\":\"https:\/\/nordnesrepublikken.no\/index.php\/2026\/03\/29\/nar-de-brukes-og-hvordan-man-kan-skille-partiklene-som-sender-italienerne-i-krise\/\"},\"wordCount\":791,\"publisher\":{\"@id\":\"https:\/\/nordnesrepublikken.no\/#organization\"},\"image\":{\"@id\":\"https:\/\/nordnesrepublikken.no\/index.php\/2026\/03\/29\/nar-de-brukes-og-hvordan-man-kan-skille-partiklene-som-sender-italienerne-i-krise\/#primaryimage\"},\"thumbnailUrl\":\"https:\/\/nordnesrepublikken.no\/wp-content\/uploads\/2026\/03\/1774799500_nar-de-brukes-og-hvordan-man-kan-skille-partiklene-som.jpg\",\"keywords\":[\"brukes\",\"Hvordan\",\"italienerne\",\"kan\",\"krise\",\"Man\",\"n\u00e5r\",\"partiklene\",\"sender\",\"skille\",\"som\"],\"articleSection\":[\"Samfunn\"],\"inLanguage\":\"nb-NO\"},{\"@type\":\"WebPage\",\"@id\":\"https:\/\/nordnesrepublikken.no\/index.php\/2026\/03\/29\/nar-de-brukes-og-hvordan-man-kan-skille-partiklene-som-sender-italienerne-i-krise\/\",\"url\":\"https:\/\/nordnesrepublikken.no\/index.php\/2026\/03\/29\/nar-de-brukes-og-hvordan-man-kan-skille-partiklene-som-sender-italienerne-i-krise\/\",\"name\":\"n\u00e5r de brukes og hvordan man kan skille partiklene som sender italienerne i krise - Nordnesrepublikken\",\"isPartOf\":{\"@id\":\"https:\/\/nordnesrepublikken.no\/#website\"},\"primaryImageOfPage\":{\"@id\":\"https:\/\/nordnesrepublikken.no\/index.php\/2026\/03\/29\/nar-de-brukes-og-hvordan-man-kan-skille-partiklene-som-sender-italienerne-i-krise\/#primaryimage\"},\"image\":{\"@id\":\"https:\/\/nordnesrepublikken.no\/index.php\/2026\/03\/29\/nar-de-brukes-og-hvordan-man-kan-skille-partiklene-som-sender-italienerne-i-krise\/#primaryimage\"},\"thumbnailUrl\":\"https:\/\/nordnesrepublikken.no\/wp-content\/uploads\/2026\/03\/1774799500_nar-de-brukes-og-hvordan-man-kan-skille-partiklene-som.jpg\",\"datePublished\":\"2026-03-29T15:51:39+00:00\",\"dateModified\":\"2026-03-29T15:51:41+00:00\",\"breadcrumb\":{\"@id\":\"https:\/\/nordnesrepublikken.no\/index.php\/2026\/03\/29\/nar-de-brukes-og-hvordan-man-kan-skille-partiklene-som-sender-italienerne-i-krise\/#breadcrumb\"},\"inLanguage\":\"nb-NO\",\"potentialAction\":[{\"@type\":\"ReadAction\",\"target\":[\"https:\/\/nordnesrepublikken.no\/index.php\/2026\/03\/29\/nar-de-brukes-og-hvordan-man-kan-skille-partiklene-som-sender-italienerne-i-krise\/\"]}]},{\"@type\":\"ImageObject\",\"inLanguage\":\"nb-NO\",\"@id\":\"https:\/\/nordnesrepublikken.no\/index.php\/2026\/03\/29\/nar-de-brukes-og-hvordan-man-kan-skille-partiklene-som-sender-italienerne-i-krise\/#primaryimage\",\"url\":\"https:\/\/nordnesrepublikken.no\/wp-content\/uploads\/2026\/03\/1774799500_nar-de-brukes-og-hvordan-man-kan-skille-partiklene-som.jpg\",\"contentUrl\":\"https:\/\/nordnesrepublikken.no\/wp-content\/uploads\/2026\/03\/1774799500_nar-de-brukes-og-hvordan-man-kan-skille-partiklene-som.jpg\",\"width\":1536,\"height\":1024,\"caption\":\"n\u00e5r de brukes og hvordan man kan skille partiklene som sender italienerne i krise\"},{\"@type\":\"BreadcrumbList\",\"@id\":\"https:\/\/nordnesrepublikken.no\/index.php\/2026\/03\/29\/nar-de-brukes-og-hvordan-man-kan-skille-partiklene-som-sender-italienerne-i-krise\/#breadcrumb\",\"itemListElement\":[{\"@type\":\"ListItem\",\"position\":1,\"name\":\"Home\",\"item\":\"https:\/\/nordnesrepublikken.no\/\"},{\"@type\":\"ListItem\",\"position\":2,\"name\":\"n\u00e5r de brukes og hvordan man kan skille partiklene som sender italienerne i krise\"}]},{\"@type\":\"WebSite\",\"@id\":\"https:\/\/nordnesrepublikken.no\/#website\",\"url\":\"https:\/\/nordnesrepublikken.no\/\",\"name\":\"Nordnesrepublikken\",\"description\":\"Stemmer og Visjoner fra Republikkens Hjerte\",\"publisher\":{\"@id\":\"https:\/\/nordnesrepublikken.no\/#organization\"},\"potentialAction\":[{\"@type\":\"SearchAction\",\"target\":{\"@type\":\"EntryPoint\",\"urlTemplate\":\"https:\/\/nordnesrepublikken.no\/?s={search_term_string}\"},\"query-input\":{\"@type\":\"PropertyValueSpecification\",\"valueRequired\":true,\"valueName\":\"search_term_string\"}}],\"inLanguage\":\"nb-NO\"},{\"@type\":\"Organization\",\"@id\":\"https:\/\/nordnesrepublikken.no\/#organization\",\"name\":\"Nordnesrepublikken\",\"url\":\"https:\/\/nordnesrepublikken.no\/\",\"logo\":{\"@type\":\"ImageObject\",\"inLanguage\":\"nb-NO\",\"@id\":\"https:\/\/nordnesrepublikken.no\/#\/schema\/logo\/image\/\",\"url\":\"https:\/\/nordnesrepublikken.no\/wp-content\/uploads\/2025\/02\/cropped-nordnesrepublikken-2.png\",\"contentUrl\":\"https:\/\/nordnesrepublikken.no\/wp-content\/uploads\/2025\/02\/cropped-nordnesrepublikken-2.png\",\"width\":1248,\"height\":362,\"caption\":\"Nordnesrepublikken\"},\"image\":{\"@id\":\"https:\/\/nordnesrepublikken.no\/#\/schema\/logo\/image\/\"}},{\"@type\":\"Person\",\"@id\":\"https:\/\/nordnesrepublikken.no\/#\/schema\/person\/2e7e81935bab77882fffb79296240ff1\",\"name\":\"Ole Andersen\",\"image\":{\"@type\":\"ImageObject\",\"inLanguage\":\"nb-NO\",\"@id\":\"https:\/\/nordnesrepublikken.no\/#\/schema\/person\/image\/\",\"url\":\"https:\/\/nordnesrepublikken.no\/wp-content\/uploads\/2025\/02\/nordnesrepublikken-2-2-150x150.jpg\",\"contentUrl\":\"https:\/\/nordnesrepublikken.no\/wp-content\/uploads\/2025\/02\/nordnesrepublikken-2-2-150x150.jpg\",\"caption\":\"Ole Andersen\"},\"description\":\"Ettersom jeg vokste opp i Oslo, har jeg alltid v\u00e6rt fascinert av ordenes kraft og deres evne til \u00e5 skape endringer. Etter \u00e5 ha fullf\u00f8rt min utdannelse i kommunikasjon ved Universitetet i Bergen, fikk jeg muligheten til \u00e5 jobbe innen ulike medier, der jeg har s\u00f8kt \u00e5 belyse viktige samfunnssp\u00f8rsm\u00e5l. I dag, som redakt\u00f8r for Nordnesrepublikken, pr\u00f8ver jeg \u00e5 forene min kj\u00e6rlighet for journalistikk med min lidenskap for innovasjon og eventyr.\",\"sameAs\":[\"https:\/\/nordnesrepublikken.no\/\"]}]}<\/script>\n<!-- \/ Yoast SEO plugin. -->","yoast_head_json":{"title":"n\u00e5r de brukes og hvordan man kan skille partiklene som sender italienerne i krise - Nordnesrepublikken","robots":{"index":"index","follow":"follow","max-snippet":"max-snippet:-1","max-image-preview":"max-image-preview:large","max-video-preview":"max-video-preview:-1"},"canonical":"https:\/\/nordnesrepublikken.no\/index.php\/2026\/03\/29\/nar-de-brukes-og-hvordan-man-kan-skille-partiklene-som-sender-italienerne-i-krise\/","og_locale":"nb_NO","og_type":"article","og_title":"n\u00e5r de brukes og hvordan man kan skille partiklene som sender italienerne i krise - Nordnesrepublikken","og_description":"Mange italienere, selv utdannede, snubler over setninger som &laquo;Det er f\u00e5&raquo; eller &laquo;Det er en","og_url":"https:\/\/nordnesrepublikken.no\/index.php\/2026\/03\/29\/nar-de-brukes-og-hvordan-man-kan-skille-partiklene-som-sender-italienerne-i-krise\/","og_site_name":"Nordnesrepublikken","article_published_time":"2026-03-29T15:51:39+00:00","article_modified_time":"2026-03-29T15:51:41+00:00","og_image":[{"width":1536,"height":1024,"url":"https:\/\/nordnesrepublikken.no\/wp-content\/uploads\/2026\/03\/1774799500_nar-de-brukes-og-hvordan-man-kan-skille-partiklene-som.jpg","type":"image\/jpeg"}],"author":"Ole Andersen","twitter_card":"summary_large_image","twitter_misc":{"Skrevet av":"Ole Andersen","Ansl. lesetid":"4 minutter"},"schema":{"@context":"https:\/\/schema.org","@graph":[{"@type":"Article","@id":"https:\/\/nordnesrepublikken.no\/index.php\/2026\/03\/29\/nar-de-brukes-og-hvordan-man-kan-skille-partiklene-som-sender-italienerne-i-krise\/#article","isPartOf":{"@id":"https:\/\/nordnesrepublikken.no\/index.php\/2026\/03\/29\/nar-de-brukes-og-hvordan-man-kan-skille-partiklene-som-sender-italienerne-i-krise\/"},"author":{"name":"Ole Andersen","@id":"https:\/\/nordnesrepublikken.no\/#\/schema\/person\/2e7e81935bab77882fffb79296240ff1"},"headline":"n\u00e5r de brukes og hvordan man kan skille partiklene som sender italienerne i krise","datePublished":"2026-03-29T15:51:39+00:00","dateModified":"2026-03-29T15:51:41+00:00","mainEntityOfPage":{"@id":"https:\/\/nordnesrepublikken.no\/index.php\/2026\/03\/29\/nar-de-brukes-og-hvordan-man-kan-skille-partiklene-som-sender-italienerne-i-krise\/"},"wordCount":791,"publisher":{"@id":"https:\/\/nordnesrepublikken.no\/#organization"},"image":{"@id":"https:\/\/nordnesrepublikken.no\/index.php\/2026\/03\/29\/nar-de-brukes-og-hvordan-man-kan-skille-partiklene-som-sender-italienerne-i-krise\/#primaryimage"},"thumbnailUrl":"https:\/\/nordnesrepublikken.no\/wp-content\/uploads\/2026\/03\/1774799500_nar-de-brukes-og-hvordan-man-kan-skille-partiklene-som.jpg","keywords":["brukes","Hvordan","italienerne","kan","krise","Man","n\u00e5r","partiklene","sender","skille","som"],"articleSection":["Samfunn"],"inLanguage":"nb-NO"},{"@type":"WebPage","@id":"https:\/\/nordnesrepublikken.no\/index.php\/2026\/03\/29\/nar-de-brukes-og-hvordan-man-kan-skille-partiklene-som-sender-italienerne-i-krise\/","url":"https:\/\/nordnesrepublikken.no\/index.php\/2026\/03\/29\/nar-de-brukes-og-hvordan-man-kan-skille-partiklene-som-sender-italienerne-i-krise\/","name":"n\u00e5r de brukes og hvordan man kan skille partiklene som sender italienerne i krise - Nordnesrepublikken","isPartOf":{"@id":"https:\/\/nordnesrepublikken.no\/#website"},"primaryImageOfPage":{"@id":"https:\/\/nordnesrepublikken.no\/index.php\/2026\/03\/29\/nar-de-brukes-og-hvordan-man-kan-skille-partiklene-som-sender-italienerne-i-krise\/#primaryimage"},"image":{"@id":"https:\/\/nordnesrepublikken.no\/index.php\/2026\/03\/29\/nar-de-brukes-og-hvordan-man-kan-skille-partiklene-som-sender-italienerne-i-krise\/#primaryimage"},"thumbnailUrl":"https:\/\/nordnesrepublikken.no\/wp-content\/uploads\/2026\/03\/1774799500_nar-de-brukes-og-hvordan-man-kan-skille-partiklene-som.jpg","datePublished":"2026-03-29T15:51:39+00:00","dateModified":"2026-03-29T15:51:41+00:00","breadcrumb":{"@id":"https:\/\/nordnesrepublikken.no\/index.php\/2026\/03\/29\/nar-de-brukes-og-hvordan-man-kan-skille-partiklene-som-sender-italienerne-i-krise\/#breadcrumb"},"inLanguage":"nb-NO","potentialAction":[{"@type":"ReadAction","target":["https:\/\/nordnesrepublikken.no\/index.php\/2026\/03\/29\/nar-de-brukes-og-hvordan-man-kan-skille-partiklene-som-sender-italienerne-i-krise\/"]}]},{"@type":"ImageObject","inLanguage":"nb-NO","@id":"https:\/\/nordnesrepublikken.no\/index.php\/2026\/03\/29\/nar-de-brukes-og-hvordan-man-kan-skille-partiklene-som-sender-italienerne-i-krise\/#primaryimage","url":"https:\/\/nordnesrepublikken.no\/wp-content\/uploads\/2026\/03\/1774799500_nar-de-brukes-og-hvordan-man-kan-skille-partiklene-som.jpg","contentUrl":"https:\/\/nordnesrepublikken.no\/wp-content\/uploads\/2026\/03\/1774799500_nar-de-brukes-og-hvordan-man-kan-skille-partiklene-som.jpg","width":1536,"height":1024,"caption":"n\u00e5r de brukes og hvordan man kan skille partiklene som sender italienerne i krise"},{"@type":"BreadcrumbList","@id":"https:\/\/nordnesrepublikken.no\/index.php\/2026\/03\/29\/nar-de-brukes-og-hvordan-man-kan-skille-partiklene-som-sender-italienerne-i-krise\/#breadcrumb","itemListElement":[{"@type":"ListItem","position":1,"name":"Home","item":"https:\/\/nordnesrepublikken.no\/"},{"@type":"ListItem","position":2,"name":"n\u00e5r de brukes og hvordan man kan skille partiklene som sender italienerne i krise"}]},{"@type":"WebSite","@id":"https:\/\/nordnesrepublikken.no\/#website","url":"https:\/\/nordnesrepublikken.no\/","name":"Nordnesrepublikken","description":"Stemmer og Visjoner fra Republikkens Hjerte","publisher":{"@id":"https:\/\/nordnesrepublikken.no\/#organization"},"potentialAction":[{"@type":"SearchAction","target":{"@type":"EntryPoint","urlTemplate":"https:\/\/nordnesrepublikken.no\/?s={search_term_string}"},"query-input":{"@type":"PropertyValueSpecification","valueRequired":true,"valueName":"search_term_string"}}],"inLanguage":"nb-NO"},{"@type":"Organization","@id":"https:\/\/nordnesrepublikken.no\/#organization","name":"Nordnesrepublikken","url":"https:\/\/nordnesrepublikken.no\/","logo":{"@type":"ImageObject","inLanguage":"nb-NO","@id":"https:\/\/nordnesrepublikken.no\/#\/schema\/logo\/image\/","url":"https:\/\/nordnesrepublikken.no\/wp-content\/uploads\/2025\/02\/cropped-nordnesrepublikken-2.png","contentUrl":"https:\/\/nordnesrepublikken.no\/wp-content\/uploads\/2025\/02\/cropped-nordnesrepublikken-2.png","width":1248,"height":362,"caption":"Nordnesrepublikken"},"image":{"@id":"https:\/\/nordnesrepublikken.no\/#\/schema\/logo\/image\/"}},{"@type":"Person","@id":"https:\/\/nordnesrepublikken.no\/#\/schema\/person\/2e7e81935bab77882fffb79296240ff1","name":"Ole Andersen","image":{"@type":"ImageObject","inLanguage":"nb-NO","@id":"https:\/\/nordnesrepublikken.no\/#\/schema\/person\/image\/","url":"https:\/\/nordnesrepublikken.no\/wp-content\/uploads\/2025\/02\/nordnesrepublikken-2-2-150x150.jpg","contentUrl":"https:\/\/nordnesrepublikken.no\/wp-content\/uploads\/2025\/02\/nordnesrepublikken-2-2-150x150.jpg","caption":"Ole Andersen"},"description":"Ettersom jeg vokste opp i Oslo, har jeg alltid v\u00e6rt fascinert av ordenes kraft og deres evne til \u00e5 skape endringer. Etter \u00e5 ha fullf\u00f8rt min utdannelse i kommunikasjon ved Universitetet i Bergen, fikk jeg muligheten til \u00e5 jobbe innen ulike medier, der jeg har s\u00f8kt \u00e5 belyse viktige samfunnssp\u00f8rsm\u00e5l. I dag, som redakt\u00f8r for Nordnesrepublikken, pr\u00f8ver jeg \u00e5 forene min kj\u00e6rlighet for journalistikk med min lidenskap for innovasjon og eventyr.","sameAs":["https:\/\/nordnesrepublikken.no\/"]}]}},"_links":{"self":[{"href":"https:\/\/nordnesrepublikken.no\/index.php\/wp-json\/wp\/v2\/posts\/16378","targetHints":{"allow":["GET"]}}],"collection":[{"href":"https:\/\/nordnesrepublikken.no\/index.php\/wp-json\/wp\/v2\/posts"}],"about":[{"href":"https:\/\/nordnesrepublikken.no\/index.php\/wp-json\/wp\/v2\/types\/post"}],"author":[{"embeddable":true,"href":"https:\/\/nordnesrepublikken.no\/index.php\/wp-json\/wp\/v2\/users\/1"}],"replies":[{"embeddable":true,"href":"https:\/\/nordnesrepublikken.no\/index.php\/wp-json\/wp\/v2\/comments?post=16378"}],"version-history":[{"count":1,"href":"https:\/\/nordnesrepublikken.no\/index.php\/wp-json\/wp\/v2\/posts\/16378\/revisions"}],"predecessor-version":[{"id":16380,"href":"https:\/\/nordnesrepublikken.no\/index.php\/wp-json\/wp\/v2\/posts\/16378\/revisions\/16380"}],"wp:featuredmedia":[{"embeddable":true,"href":"https:\/\/nordnesrepublikken.no\/index.php\/wp-json\/wp\/v2\/media\/16379"}],"wp:attachment":[{"href":"https:\/\/nordnesrepublikken.no\/index.php\/wp-json\/wp\/v2\/media?parent=16378"}],"wp:term":[{"taxonomy":"category","embeddable":true,"href":"https:\/\/nordnesrepublikken.no\/index.php\/wp-json\/wp\/v2\/categories?post=16378"},{"taxonomy":"post_tag","embeddable":true,"href":"https:\/\/nordnesrepublikken.no\/index.php\/wp-json\/wp\/v2\/tags?post=16378"}],"curies":[{"name":"wp","href":"https:\/\/api.w.org\/{rel}","templated":true}]}}