{"id":16360,"date":"2026-03-29T03:50:19","date_gmt":"2026-03-29T01:50:19","guid":{"rendered":"https:\/\/nordnesrepublikken.no\/index.php\/2026\/03\/29\/atlaset-over-nazi-fascistiske-massakrer-i-italia-nettdatabasen-som-kartlegger-volden-1943-1945\/"},"modified":"2026-03-29T03:50:20","modified_gmt":"2026-03-29T01:50:20","slug":"atlaset-over-nazi-fascistiske-massakrer-i-italia-nettdatabasen-som-kartlegger-volden-1943-1945","status":"publish","type":"post","link":"https:\/\/nordnesrepublikken.no\/index.php\/2026\/03\/29\/atlaset-over-nazi-fascistiske-massakrer-i-italia-nettdatabasen-som-kartlegger-volden-1943-1945\/","title":{"rendered":"Atlaset over nazi-fascistiske massakrer i Italia, nettdatabasen som kartlegger volden 1943-1945"},"content":{"rendered":"<div>\n<div class=\"cp_wrapper cp_wrapper--fw mb-30 mb-20@tablet\">\n<figure class=\"mm\"><picture class=\"img\" style=\"padding-top:56.25%\"><source  media=\"(min-width: 1024px)\"><source  media=\"(min-width: 768px)\"><\/source><\/source><\/picture><\/figure>\n<\/p><\/div>\n<p>Under andre verdenskrig drepte nazister og fascister tusenvis av sivile og ubev\u00e6pnede partisaner utenfor v\u00e6pnede sammenst\u00f8t, med mer enn 23 000 ofre fra nord til s\u00f8r.<em><b>Atlas over nazistiske og fascistiske massakrer<\/b><\/em>  det er en<strong> database <\/strong>opprettet for \u00e5 gj\u00f8re det som skjedde i Italia mellom september 1943 og mai 1945 m\u00e5lbart, forst\u00e5elig og derfor mer forst\u00e5elig.<\/p>\n<p>I sammenheng med den tyske okkupasjonen, smittet nazistisk (for det meste) og fascistisk (sekund\u00e6r, men konsekvent) vold over i det italienske samfunnet i forskjellige former og modaliteter, selv utenfor den strengt krigsdimensjonale. Spesielt <b>mot sivilbefolkningen og mot mange ubev\u00e6pnede partisaner<\/b> (dvs. ikke drept i kamp).<\/p>\n<p>Det var <strong>massakrer, represalier, roundups,<\/strong> <b>m\u00e5lrettede eller vilk\u00e5rlige drap<\/b> beg\u00e5tt under antipartisanske undertrykkingsoperasjoner, rensing av territoriet eller patruljer, eller forh\u00e5ndsplanlagte henrettelser mot antifascister og motstandere, reelle eller antatte.<\/p>\n<p>Forskningen, fremmet i samarbeid av National Institute for the History of the Liberation Movement in Italy (INSMLI) og National Association of Partisans of Italy (ANPI), gjorde det mulig \u00e5 definere et fullstendig bilde av voldsepisodene: de ble registrert <strong>5626 <\/strong><b>voldsepisoder e <\/b><strong>23662 ofre<\/strong>.<\/p>\n<h2><b>Nazistisk og fascistisk vold i Italia: krigen mot sivile<\/b><\/h2>\n<p>Fra 8. september 1943, derfor etter landingen av anglo-amerikanerne p\u00e5 Sicilia, kollapsen av Mussolinis regime og kunngj\u00f8ringen av v\u00e5penhvilen signert av den provisoriske regjeringen til Pietro Badoglio med de allierte, Italia <b>havnet i en alvorlig krise<\/b>.<\/p>\n<p>Mye av det sentrale-nord var <b>okkupert milit\u00e6rt<\/b> av troppene til Det tredje riket (allerede en alliert av det fascistiske regimet, med start fra Roma-Berlin-aksen). Kong Vittorio Emanuele III flyttet fra Roma mot s\u00f8r \u2013 sammen med kongefamilien, milit\u00e6ret og regjeringslederne. Det var ogs\u00e5 oppl\u00f8sning og delvis oppl\u00f8sning av den nasjonale h\u00e6ren og en stor generell desorientering.<\/p>\n<p>Halv\u00f8ya fant seg faktisk, <b>kuttet i to<\/b>. I det sentrale og nordlige Italia m\u00f8tte nazistene anglo-amerikanerne som sakte reiste seg fra S\u00f8r-Italia. For \u00e5 gj\u00f8re det p\u00e5la de streng kontroll over territoriet og lot fascismen reise seg igjen med grunnlaget for <b>italiensk sosial republikk <\/b>(RSI), en embryonal samarbeidsstat ledet av Mussolini.<\/p>\n<p>Innenfor dette scenariet Italia <b>ble alvorlig destabilisert<\/b>. Under den tyske okkupasjonen, tilrettelagt og st\u00f8ttet av RSI, ble det ogs\u00e5 satt i gang en offensiv for \u00e5 knuse <strong>italiensk motstand<\/strong>en av de st\u00f8rste og mest utbredte v\u00e6pnede antifascistiske bevegelsene i Vest-Europa.<\/p>\n<p>Blant de mest kjente massakrene finnes f.eks <b>den til Fosse Ardeatine <\/b>i Roma (med 335 d\u00f8dsfall blant sivile og soldater, italienere og ikke-italienere). Eller det av <b>Sant&#8217;Anna di Stazzema<\/b> i provinsen Lucca (med 560 d\u00f8dsfall, alle sivile), eller serien med massakrer <b>i Monte Sole-omr\u00e5det <\/b>i Emilia-Romagna, i kommunene Marzabotto, Grizzana Morandi og Monzuno (med over 770 d\u00f8dsfall, alltid sivile).<\/p>\n<p>Slike brutale, drastiske og dramatiske handlinger representerte det maksimale uttrykket for <b>vold ut\u00f8vd av nazistene og fascistene<\/b>. De var ikke normen, fordi de ikke skjedde alltid og overalt, men de var heller ikke en isolert eller uforutsett hendelse. De falt i en st\u00f8rre <b>terrorstrategi<\/b>.<\/p>\n<p>Spesielt i sentrum-nord (men ikke bare), var det en ekte<b> krig mot sivile <\/b>som p\u00e5virket, i vekslende faser, byer og landsbygd. Den blodigste perioden n\u00e5r det gjelder antall forsvarsl\u00f8se, ubev\u00e6pnede eller til og med tidligere fangede ofre (som i tilfellet med partisanene tatt i betraktning) var <b>mellom v\u00e5ren og sommeren 1944<\/b>med 2 521 voldshendelser og 11 774 d\u00f8dsfall.<\/p>\n<p>I tillegg til drapsvolden var det ytterligere \u00abrelatert vold\u00bb: tyveri eller plyndring, tortur og overgrep, deportasjoner og voldtekter.<\/p>\n<h2><b>Tallene p\u00e5 Atlas over nazi-fascistiske massakrer<\/b><\/h2>\n<p>DE&#8217;<em><b>Atlas over nazistiske og fascistiske massakrer <\/b><\/em>ble opprettet p\u00e5 grunnlag av et tidligere samarbeid mellom den italienske republikken og Forbundsrepublikken Tyskland. Den er kuratert av Ferruccio Parri National Institute og den italienske partisanforeningen, involverte mer enn 90 forskere og produserte en database, geografisk kartlegging og en samling av tidstypiske materialer og dokumenter. Her er dataene fra<em>Atlas<\/em>. Som allerede nevnt ble det registrert 5 626 voldshandlinger mot forsvarsl\u00f8se mennesker, som for\u00e5rsaket totalt 23 662 ofre, if\u00f8lge data fra 2016. De mest ber\u00f8rte regionene er i orden:<\/p>\n<ul>\n<li>Emilia Romagna: 4.536<\/li>\n<li>Toscana: 4.413<\/li>\n<li>Piemonte: 2.872<\/li>\n<li>Veneto: 2.311<\/li>\n<li>Campania: 1406<\/li>\n<\/ul>\n<div class=\"cp_wrapper cp_wrapper--fw mb-50\">\n<figure class=\"mm\"><picture class=\"img\" style=\"padding-top:71.875%\"><source  media=\"(min-width: 1024px)\"><source  media=\"(min-width: 768px)\"><img decoding=\"async\" loading=\"lazy\" src=\"https:\/\/nordnesrepublikken.no\/wp-content\/uploads\/2026\/03\/1774749019_855_Atlaset-over-nazi-fascistiske-massakrer-i-Italia-nettdatabasen-som-kartlegger-volden.jpg\" alt=\"Atlas over nazistiske og fascistiske massakrer, ANPI-INSMLI forskningsprosjekt.\" width=\"2304\" height=\"1656\"\/><\/source><\/source><\/picture><\/figure>\n<\/p><\/div>\n<p>Dataene som samles inn viser at flertallet av ofrene \u00f8nsker \u00e5 oppgi en identitet for ofrene. <strong>menn<\/strong> (87 % mot 13 % av kvinnene). Det er den aldersgruppen som er mest ber\u00f8rt <strong>mellom 17 og 55 \u00e5r<\/strong>: 4 % av de drepte var i alderen 0 til 11 \u00e5r, ytterligere 4 % mellom 12 og 16 \u00e5r, 15 % over 55 \u00e5r og 77 % mellom 17 og 55 \u00e5r. I tillegg kommer dataene om drapene p\u00e5 <strong>sivile<\/strong>: 12 788 er sivile, mens 6 882 partisaner d\u00f8de utenfor krigsscenarier.<\/p>\n<p>Studien lar oss ogs\u00e5 ekstrapolere andre kjennetegn ved ofrene, de mest interessante er oppsummert: knyttet til partisanene (384), antifascistene (315), soldater (277), desert\u00f8rer (225), unnvikere (194), etterf\u00f8lgere (181), j\u00f8der (1701), (1701 religi\u00f8se), (4abiniere), (1701), (175). krigsfanger (120) og \u00abudefinerte\u00bb (1.839).<\/p>\n<div class=\"cp_wrapper cp_wrapper--fw mb-50\">\n<figure class=\"mm\"><picture class=\"img\" style=\"padding-top:90.342405618964%\"><source  media=\"(min-width: 1024px)\"><source  media=\"(min-width: 768px)\"><img decoding=\"async\" loading=\"lazy\" src=\"https:\/\/nordnesrepublikken.no\/wp-content\/uploads\/2026\/03\/1774749019_62_Atlaset-over-nazi-fascistiske-massakrer-i-Italia-nettdatabasen-som-kartlegger-volden.jpg\" alt=\"Atlas over nazistiske og fascistiske massakrer\" width=\"2278\" height=\"2058\" class=\"js-seedtag-img\"\/><\/source><\/source><\/picture><\/figure>\n<\/p><\/div>\n<p>I tillegg til \u00e5 gi detaljerte data om ofre,<em>Atlas<\/em> den gir ogs\u00e5 en rekke data som gj\u00f8r at b\u00f8dlene kan identifiseres og beskrives. For \u00e5 gj\u00f8re dette, m\u00e5 det f\u00f8rste trinnet identifiseres <strong>matrise av vold<\/strong>derfor opprinnelsen til de som utf\u00f8rte det:<\/p>\n<ul>\n<li>Nazisten alene: 3 407 episoder og 15 110 ofre<\/li>\n<li>Fascist alene: 1 099 episoder og 2 893 ofre<\/li>\n<li>Nazifascist (samarbeid): 764 episoder og 4667 ofre<\/li>\n<li>Ukjent: 356 episoder og 992 ofre<\/li>\n<\/ul>\n<p>En klassifisering av typologien til episodene er ogs\u00e5 foresl\u00e5tt, som f.eks <strong>roundups<\/strong> (7 406 ofre) og <strong>represalier<\/strong> (6.215). Der <strong>skyting<\/strong>var imidlertid den mest brukte drapsmetoden (14 060 ofre).<\/p>\n<h2><b>Kontekstene til nazi-fascistisk vold mellom 1943 og 1945<\/b><\/h2>\n<p>Faktorene som f\u00f8rte til de utallige voldshandlingene samlet og kontekstualisert av<em><b>Atlas <\/b><\/em>det var mange.<\/p>\n<p>Den politiske bruken av vold \u2013 godt til stede i de politiske kulturene fascismen og nazismen \u2013 ble ytterligere \u00f8kt av <b>press ut\u00f8vd av anglo-amerikanske styrker <\/b>og av bevisstheten om at i europeisk m\u00e5lestokk ble utsiktene til nederlag mer konkrete m\u00e5ned for m\u00e5ned.<\/p>\n<p>P\u00e5 tysk side ble det fors\u00f8kt <strong>eliminere<\/strong> <b>noen hindring for fullt herred\u00f8mme over Italia<\/b>. Under disse omstendighetene ble nazistenes holdning til det italienske sivilsamfunnet ogs\u00e5 drevet av troen p\u00e5 at italienske menn og kvinner hadde vist seg \u00e5 v\u00e6re up\u00e5litelige og ukontrollerbare.<\/p>\n<div class=\"cp_wrapper cp_wrapper--fw mb-50\">\n<figure class=\"mm\"><picture class=\"img\" style=\"padding-top:148.12734082397%\"><source  media=\"(min-width: 1024px)\"><source  media=\"(min-width: 768px)\"><img decoding=\"async\" loading=\"lazy\" src=\"https:\/\/nordnesrepublikken.no\/wp-content\/uploads\/2026\/03\/1774749019_412_Atlaset-over-nazi-fascistiske-massakrer-i-Italia-nettdatabasen-som-kartlegger-volden.jpg\" alt=\"Pansrede enheter fra 1st SS-Panzer-Division &quot;Leibstandarte Adolf Hitler&quot; i Milano. Via Wimiedia Commons.\" width=\"534\" height=\"791\"\/><\/source><\/source><\/picture><\/figure>\n<\/p><\/div>\n<p>For <strong>italiensk sosial republikk<\/strong> bruken av vold var ogs\u00e5 en spak for \u00e5 pr\u00f8ve <b>bekrefte legitimiteten og lovligheten til den fascistiske orden<\/b>. Det er ingen tilfeldighet at de enorme vanskelighetene man m\u00f8ter i administrative aktiviteter og skyggen av partisanene \u2013 ansett som anti-nasjonale terrorister eller grusomme kriminelle \u2013 radikaliserte RSI.<\/p>\n<p>Den nazi-fascistiske volden som allerede fant sted direkte, selv innenfor motstandsbevegelsen, for\u00e5rsaket diskusjoner, friksjon og traumer. Det skal imidlertid bemerkes at denne formen for vold ble praktisert, i stor grad, uavhengig av hva partisanene gjorde. Og selv p\u00e5 tross av de konkrete relasjonene som knyttet sivile og partisaner (som varierte fra medvirkning til mistillit).<\/p>\n<p>Krigen mot sivile utf\u00f8rt av nazistene hadde faktisk en strukturell karakter i mange av landene okkupert under andre verdenskrig og p\u00e5 halv\u00f8ya den var knyttet til. <b>fascistenes vilje til \u00e5 gjenvinne makten<\/b>.<\/p>\n<div class=\"cp_wrapper cp_wrapper--fw mb-50\">\n<figure class=\"mm\"><picture class=\"img\" style=\"padding-top:130.66666666667%\"><source  media=\"(min-width: 1024px)\"><source  media=\"(min-width: 768px)\"><img decoding=\"async\" loading=\"lazy\" src=\"https:\/\/nordnesrepublikken.no\/wp-content\/uploads\/2026\/03\/1774749019_578_Atlaset-over-nazi-fascistiske-massakrer-i-Italia-nettdatabasen-som-kartlegger-volden.jpg\" alt=\"Bilde\" width=\"300\" height=\"392\" class=\"js-seedtag-img\"\/><\/source><\/source><\/picture><\/figure>\n<\/p><\/div>\n<p>I Italia ble det f\u00f8rst og fremst sluppet l\u00f8s for det motstanden representerte \u2013 <b>en organisert, betydelig og ekspanderende kjerne av dissens<\/b> \u2013 selv f\u00f8r de ble rettferdiggjort p\u00e5 grunnlag av angrepene eller angrepene som motstandsbevegelsen selv utf\u00f8rte. Noen steder handlet nazister og fascister selv i frav\u00e6r av store partisanformasjoner eller spesielle undergravende handlinger.<\/p>\n<p>Til syvende og sist var den nazi-fascistiske krigen mot det italienske samfunnet \u00e9n<b> krig mot ulydighet<\/b>; enten reell, latent eller potensiell. Og det var en tapt krig.<\/p>\n<div class=\"cp_wrapper  mb-50   \">\n<div class=\"cbx\">\n<div class=\"cbx__collection\">\n<p>HOVEDKILDER<\/p>\n<div class=\"cbx__sources\">\n<p>C. Pavone, En borgerkrig. Historisk essay om moral i motstanden, Bollati Boringhieri, Torino 1991.<\/p>\n<p>S. Peli, History of the Resistance, Einaudi, Torino 2008.<\/p>\n<p>R. Chiarini, Den siste fascismen. Historie og minne om republikken Sal\u00f2, Marsilio, Venezia 2009.<\/p>\n<p>L. Ganapini, Republikken de svarte skjortene. Kampmennene, politikerne, administratorene, sosialistene, Garzanti, Milano 2010 (1. utg. 1999).<\/p>\n<p>M. Flores, M. Franzinelli, History of the Resistance, Laterza, Bari-Roma 2019.<\/p>\n<p>                                                                                Atlas over nazistiske og fascistiske massakrer i Italia (1943-1945), Online database, Istituto Nazionale Ferruccio Parri \u2013 ANPI. Ferruccio Parri National Institute \u2013 ANPI, National data, Elaboration of 09.30.2016 by Chiara Dogliotti.\n                                                <\/p><\/div>\n<\/p><\/div>\n<\/p><\/div>\n<\/div><\/div>\n","protected":false},"excerpt":{"rendered":"<p>Under andre verdenskrig drepte nazister og fascister tusenvis av sivile og ubev\u00e6pnede partisaner utenfor v\u00e6pnede<\/p>\n","protected":false},"author":1,"featured_media":16361,"comment_status":"closed","ping_status":"open","sticky":false,"template":"","format":"standard","meta":{"footnotes":""},"categories":[104],"tags":[10600,437,10604,10602,10601,10603,31,10605],"class_list":["post-16360","post","type-post","status-publish","format-standard","has-post-thumbnail","hentry","category-samfunn","tag-atlaset","tag-italia","tag-kartlegger","tag-massakrer","tag-nazifascistiske","tag-nettdatabasen","tag-som","tag-volden","generate-columns","tablet-grid-50","mobile-grid-100","grid-parent","grid-33","resize-featured-image"],"yoast_head":"<!-- This site is optimized with the Yoast SEO plugin v24.4 - https:\/\/yoast.com\/wordpress\/plugins\/seo\/ -->\n<title>Atlaset over nazi-fascistiske massakrer i Italia, nettdatabasen som kartlegger volden 1943-1945 - Nordnesrepublikken<\/title>\n<meta name=\"robots\" content=\"index, follow, max-snippet:-1, max-image-preview:large, max-video-preview:-1\" \/>\n<link rel=\"canonical\" href=\"https:\/\/nordnesrepublikken.no\/index.php\/2026\/03\/29\/atlaset-over-nazi-fascistiske-massakrer-i-italia-nettdatabasen-som-kartlegger-volden-1943-1945\/\" \/>\n<meta property=\"og:locale\" content=\"nb_NO\" \/>\n<meta property=\"og:type\" content=\"article\" \/>\n<meta property=\"og:title\" content=\"Atlaset over nazi-fascistiske massakrer i Italia, nettdatabasen som kartlegger volden 1943-1945 - Nordnesrepublikken\" \/>\n<meta property=\"og:description\" content=\"Under andre verdenskrig drepte nazister og fascister tusenvis av sivile og ubev\u00e6pnede partisaner utenfor v\u00e6pnede\" \/>\n<meta property=\"og:url\" content=\"https:\/\/nordnesrepublikken.no\/index.php\/2026\/03\/29\/atlaset-over-nazi-fascistiske-massakrer-i-italia-nettdatabasen-som-kartlegger-volden-1943-1945\/\" \/>\n<meta property=\"og:site_name\" content=\"Nordnesrepublikken\" \/>\n<meta property=\"article:published_time\" content=\"2026-03-29T01:50:19+00:00\" \/>\n<meta property=\"article:modified_time\" content=\"2026-03-29T01:50:20+00:00\" \/>\n<meta property=\"og:image\" content=\"https:\/\/nordnesrepublikken.no\/wp-content\/uploads\/2026\/03\/1774749020_Atlaset-over-nazi-fascistiske-massakrer-i-Italia-nettdatabasen-som-kartlegger-volden.jpg\" \/>\n\t<meta property=\"og:image:width\" content=\"1024\" \/>\n\t<meta property=\"og:image:height\" content=\"742\" \/>\n\t<meta property=\"og:image:type\" content=\"image\/jpeg\" \/>\n<meta name=\"author\" content=\"Ole Andersen\" \/>\n<meta name=\"twitter:card\" content=\"summary_large_image\" \/>\n<meta name=\"twitter:label1\" content=\"Skrevet av\" \/>\n\t<meta name=\"twitter:data1\" content=\"Ole Andersen\" \/>\n\t<meta name=\"twitter:label2\" content=\"Ansl. lesetid\" \/>\n\t<meta name=\"twitter:data2\" content=\"6 minutter\" \/>\n<script type=\"application\/ld+json\" class=\"yoast-schema-graph\">{\"@context\":\"https:\/\/schema.org\",\"@graph\":[{\"@type\":\"Article\",\"@id\":\"https:\/\/nordnesrepublikken.no\/index.php\/2026\/03\/29\/atlaset-over-nazi-fascistiske-massakrer-i-italia-nettdatabasen-som-kartlegger-volden-1943-1945\/#article\",\"isPartOf\":{\"@id\":\"https:\/\/nordnesrepublikken.no\/index.php\/2026\/03\/29\/atlaset-over-nazi-fascistiske-massakrer-i-italia-nettdatabasen-som-kartlegger-volden-1943-1945\/\"},\"author\":{\"name\":\"Ole Andersen\",\"@id\":\"https:\/\/nordnesrepublikken.no\/#\/schema\/person\/2e7e81935bab77882fffb79296240ff1\"},\"headline\":\"Atlaset over nazi-fascistiske massakrer i Italia, nettdatabasen som kartlegger volden 1943-1945\",\"datePublished\":\"2026-03-29T01:50:19+00:00\",\"dateModified\":\"2026-03-29T01:50:20+00:00\",\"mainEntityOfPage\":{\"@id\":\"https:\/\/nordnesrepublikken.no\/index.php\/2026\/03\/29\/atlaset-over-nazi-fascistiske-massakrer-i-italia-nettdatabasen-som-kartlegger-volden-1943-1945\/\"},\"wordCount\":1280,\"publisher\":{\"@id\":\"https:\/\/nordnesrepublikken.no\/#organization\"},\"image\":{\"@id\":\"https:\/\/nordnesrepublikken.no\/index.php\/2026\/03\/29\/atlaset-over-nazi-fascistiske-massakrer-i-italia-nettdatabasen-som-kartlegger-volden-1943-1945\/#primaryimage\"},\"thumbnailUrl\":\"https:\/\/nordnesrepublikken.no\/wp-content\/uploads\/2026\/03\/1774749020_Atlaset-over-nazi-fascistiske-massakrer-i-Italia-nettdatabasen-som-kartlegger-volden.jpg\",\"keywords\":[\"Atlaset\",\"Italia\",\"kartlegger\",\"massakrer\",\"nazifascistiske\",\"nettdatabasen\",\"som\",\"volden\"],\"articleSection\":[\"Samfunn\"],\"inLanguage\":\"nb-NO\"},{\"@type\":\"WebPage\",\"@id\":\"https:\/\/nordnesrepublikken.no\/index.php\/2026\/03\/29\/atlaset-over-nazi-fascistiske-massakrer-i-italia-nettdatabasen-som-kartlegger-volden-1943-1945\/\",\"url\":\"https:\/\/nordnesrepublikken.no\/index.php\/2026\/03\/29\/atlaset-over-nazi-fascistiske-massakrer-i-italia-nettdatabasen-som-kartlegger-volden-1943-1945\/\",\"name\":\"Atlaset over nazi-fascistiske massakrer i Italia, nettdatabasen som kartlegger volden 1943-1945 - Nordnesrepublikken\",\"isPartOf\":{\"@id\":\"https:\/\/nordnesrepublikken.no\/#website\"},\"primaryImageOfPage\":{\"@id\":\"https:\/\/nordnesrepublikken.no\/index.php\/2026\/03\/29\/atlaset-over-nazi-fascistiske-massakrer-i-italia-nettdatabasen-som-kartlegger-volden-1943-1945\/#primaryimage\"},\"image\":{\"@id\":\"https:\/\/nordnesrepublikken.no\/index.php\/2026\/03\/29\/atlaset-over-nazi-fascistiske-massakrer-i-italia-nettdatabasen-som-kartlegger-volden-1943-1945\/#primaryimage\"},\"thumbnailUrl\":\"https:\/\/nordnesrepublikken.no\/wp-content\/uploads\/2026\/03\/1774749020_Atlaset-over-nazi-fascistiske-massakrer-i-Italia-nettdatabasen-som-kartlegger-volden.jpg\",\"datePublished\":\"2026-03-29T01:50:19+00:00\",\"dateModified\":\"2026-03-29T01:50:20+00:00\",\"breadcrumb\":{\"@id\":\"https:\/\/nordnesrepublikken.no\/index.php\/2026\/03\/29\/atlaset-over-nazi-fascistiske-massakrer-i-italia-nettdatabasen-som-kartlegger-volden-1943-1945\/#breadcrumb\"},\"inLanguage\":\"nb-NO\",\"potentialAction\":[{\"@type\":\"ReadAction\",\"target\":[\"https:\/\/nordnesrepublikken.no\/index.php\/2026\/03\/29\/atlaset-over-nazi-fascistiske-massakrer-i-italia-nettdatabasen-som-kartlegger-volden-1943-1945\/\"]}]},{\"@type\":\"ImageObject\",\"inLanguage\":\"nb-NO\",\"@id\":\"https:\/\/nordnesrepublikken.no\/index.php\/2026\/03\/29\/atlaset-over-nazi-fascistiske-massakrer-i-italia-nettdatabasen-som-kartlegger-volden-1943-1945\/#primaryimage\",\"url\":\"https:\/\/nordnesrepublikken.no\/wp-content\/uploads\/2026\/03\/1774749020_Atlaset-over-nazi-fascistiske-massakrer-i-Italia-nettdatabasen-som-kartlegger-volden.jpg\",\"contentUrl\":\"https:\/\/nordnesrepublikken.no\/wp-content\/uploads\/2026\/03\/1774749020_Atlaset-over-nazi-fascistiske-massakrer-i-Italia-nettdatabasen-som-kartlegger-volden.jpg\",\"width\":1024,\"height\":742,\"caption\":\"Atlaset over nazi-fascistiske massakrer i Italia, nettdatabasen som kartlegger volden 1943-1945\"},{\"@type\":\"BreadcrumbList\",\"@id\":\"https:\/\/nordnesrepublikken.no\/index.php\/2026\/03\/29\/atlaset-over-nazi-fascistiske-massakrer-i-italia-nettdatabasen-som-kartlegger-volden-1943-1945\/#breadcrumb\",\"itemListElement\":[{\"@type\":\"ListItem\",\"position\":1,\"name\":\"Home\",\"item\":\"https:\/\/nordnesrepublikken.no\/\"},{\"@type\":\"ListItem\",\"position\":2,\"name\":\"Atlaset over nazi-fascistiske massakrer i Italia, nettdatabasen som kartlegger volden 1943-1945\"}]},{\"@type\":\"WebSite\",\"@id\":\"https:\/\/nordnesrepublikken.no\/#website\",\"url\":\"https:\/\/nordnesrepublikken.no\/\",\"name\":\"Nordnesrepublikken\",\"description\":\"Stemmer og Visjoner fra Republikkens Hjerte\",\"publisher\":{\"@id\":\"https:\/\/nordnesrepublikken.no\/#organization\"},\"potentialAction\":[{\"@type\":\"SearchAction\",\"target\":{\"@type\":\"EntryPoint\",\"urlTemplate\":\"https:\/\/nordnesrepublikken.no\/?s={search_term_string}\"},\"query-input\":{\"@type\":\"PropertyValueSpecification\",\"valueRequired\":true,\"valueName\":\"search_term_string\"}}],\"inLanguage\":\"nb-NO\"},{\"@type\":\"Organization\",\"@id\":\"https:\/\/nordnesrepublikken.no\/#organization\",\"name\":\"Nordnesrepublikken\",\"url\":\"https:\/\/nordnesrepublikken.no\/\",\"logo\":{\"@type\":\"ImageObject\",\"inLanguage\":\"nb-NO\",\"@id\":\"https:\/\/nordnesrepublikken.no\/#\/schema\/logo\/image\/\",\"url\":\"https:\/\/nordnesrepublikken.no\/wp-content\/uploads\/2025\/02\/cropped-nordnesrepublikken-2.png\",\"contentUrl\":\"https:\/\/nordnesrepublikken.no\/wp-content\/uploads\/2025\/02\/cropped-nordnesrepublikken-2.png\",\"width\":1248,\"height\":362,\"caption\":\"Nordnesrepublikken\"},\"image\":{\"@id\":\"https:\/\/nordnesrepublikken.no\/#\/schema\/logo\/image\/\"}},{\"@type\":\"Person\",\"@id\":\"https:\/\/nordnesrepublikken.no\/#\/schema\/person\/2e7e81935bab77882fffb79296240ff1\",\"name\":\"Ole Andersen\",\"image\":{\"@type\":\"ImageObject\",\"inLanguage\":\"nb-NO\",\"@id\":\"https:\/\/nordnesrepublikken.no\/#\/schema\/person\/image\/\",\"url\":\"https:\/\/nordnesrepublikken.no\/wp-content\/uploads\/2025\/02\/nordnesrepublikken-2-2-150x150.jpg\",\"contentUrl\":\"https:\/\/nordnesrepublikken.no\/wp-content\/uploads\/2025\/02\/nordnesrepublikken-2-2-150x150.jpg\",\"caption\":\"Ole Andersen\"},\"description\":\"Ettersom jeg vokste opp i Oslo, har jeg alltid v\u00e6rt fascinert av ordenes kraft og deres evne til \u00e5 skape endringer. Etter \u00e5 ha fullf\u00f8rt min utdannelse i kommunikasjon ved Universitetet i Bergen, fikk jeg muligheten til \u00e5 jobbe innen ulike medier, der jeg har s\u00f8kt \u00e5 belyse viktige samfunnssp\u00f8rsm\u00e5l. I dag, som redakt\u00f8r for Nordnesrepublikken, pr\u00f8ver jeg \u00e5 forene min kj\u00e6rlighet for journalistikk med min lidenskap for innovasjon og eventyr.\",\"sameAs\":[\"https:\/\/nordnesrepublikken.no\/\"]}]}<\/script>\n<!-- \/ Yoast SEO plugin. -->","yoast_head_json":{"title":"Atlaset over nazi-fascistiske massakrer i Italia, nettdatabasen som kartlegger volden 1943-1945 - Nordnesrepublikken","robots":{"index":"index","follow":"follow","max-snippet":"max-snippet:-1","max-image-preview":"max-image-preview:large","max-video-preview":"max-video-preview:-1"},"canonical":"https:\/\/nordnesrepublikken.no\/index.php\/2026\/03\/29\/atlaset-over-nazi-fascistiske-massakrer-i-italia-nettdatabasen-som-kartlegger-volden-1943-1945\/","og_locale":"nb_NO","og_type":"article","og_title":"Atlaset over nazi-fascistiske massakrer i Italia, nettdatabasen som kartlegger volden 1943-1945 - Nordnesrepublikken","og_description":"Under andre verdenskrig drepte nazister og fascister tusenvis av sivile og ubev\u00e6pnede partisaner utenfor v\u00e6pnede","og_url":"https:\/\/nordnesrepublikken.no\/index.php\/2026\/03\/29\/atlaset-over-nazi-fascistiske-massakrer-i-italia-nettdatabasen-som-kartlegger-volden-1943-1945\/","og_site_name":"Nordnesrepublikken","article_published_time":"2026-03-29T01:50:19+00:00","article_modified_time":"2026-03-29T01:50:20+00:00","og_image":[{"width":1024,"height":742,"url":"https:\/\/nordnesrepublikken.no\/wp-content\/uploads\/2026\/03\/1774749020_Atlaset-over-nazi-fascistiske-massakrer-i-Italia-nettdatabasen-som-kartlegger-volden.jpg","type":"image\/jpeg"}],"author":"Ole Andersen","twitter_card":"summary_large_image","twitter_misc":{"Skrevet av":"Ole Andersen","Ansl. lesetid":"6 minutter"},"schema":{"@context":"https:\/\/schema.org","@graph":[{"@type":"Article","@id":"https:\/\/nordnesrepublikken.no\/index.php\/2026\/03\/29\/atlaset-over-nazi-fascistiske-massakrer-i-italia-nettdatabasen-som-kartlegger-volden-1943-1945\/#article","isPartOf":{"@id":"https:\/\/nordnesrepublikken.no\/index.php\/2026\/03\/29\/atlaset-over-nazi-fascistiske-massakrer-i-italia-nettdatabasen-som-kartlegger-volden-1943-1945\/"},"author":{"name":"Ole Andersen","@id":"https:\/\/nordnesrepublikken.no\/#\/schema\/person\/2e7e81935bab77882fffb79296240ff1"},"headline":"Atlaset over nazi-fascistiske massakrer i Italia, nettdatabasen som kartlegger volden 1943-1945","datePublished":"2026-03-29T01:50:19+00:00","dateModified":"2026-03-29T01:50:20+00:00","mainEntityOfPage":{"@id":"https:\/\/nordnesrepublikken.no\/index.php\/2026\/03\/29\/atlaset-over-nazi-fascistiske-massakrer-i-italia-nettdatabasen-som-kartlegger-volden-1943-1945\/"},"wordCount":1280,"publisher":{"@id":"https:\/\/nordnesrepublikken.no\/#organization"},"image":{"@id":"https:\/\/nordnesrepublikken.no\/index.php\/2026\/03\/29\/atlaset-over-nazi-fascistiske-massakrer-i-italia-nettdatabasen-som-kartlegger-volden-1943-1945\/#primaryimage"},"thumbnailUrl":"https:\/\/nordnesrepublikken.no\/wp-content\/uploads\/2026\/03\/1774749020_Atlaset-over-nazi-fascistiske-massakrer-i-Italia-nettdatabasen-som-kartlegger-volden.jpg","keywords":["Atlaset","Italia","kartlegger","massakrer","nazifascistiske","nettdatabasen","som","volden"],"articleSection":["Samfunn"],"inLanguage":"nb-NO"},{"@type":"WebPage","@id":"https:\/\/nordnesrepublikken.no\/index.php\/2026\/03\/29\/atlaset-over-nazi-fascistiske-massakrer-i-italia-nettdatabasen-som-kartlegger-volden-1943-1945\/","url":"https:\/\/nordnesrepublikken.no\/index.php\/2026\/03\/29\/atlaset-over-nazi-fascistiske-massakrer-i-italia-nettdatabasen-som-kartlegger-volden-1943-1945\/","name":"Atlaset over nazi-fascistiske massakrer i Italia, nettdatabasen som kartlegger volden 1943-1945 - Nordnesrepublikken","isPartOf":{"@id":"https:\/\/nordnesrepublikken.no\/#website"},"primaryImageOfPage":{"@id":"https:\/\/nordnesrepublikken.no\/index.php\/2026\/03\/29\/atlaset-over-nazi-fascistiske-massakrer-i-italia-nettdatabasen-som-kartlegger-volden-1943-1945\/#primaryimage"},"image":{"@id":"https:\/\/nordnesrepublikken.no\/index.php\/2026\/03\/29\/atlaset-over-nazi-fascistiske-massakrer-i-italia-nettdatabasen-som-kartlegger-volden-1943-1945\/#primaryimage"},"thumbnailUrl":"https:\/\/nordnesrepublikken.no\/wp-content\/uploads\/2026\/03\/1774749020_Atlaset-over-nazi-fascistiske-massakrer-i-Italia-nettdatabasen-som-kartlegger-volden.jpg","datePublished":"2026-03-29T01:50:19+00:00","dateModified":"2026-03-29T01:50:20+00:00","breadcrumb":{"@id":"https:\/\/nordnesrepublikken.no\/index.php\/2026\/03\/29\/atlaset-over-nazi-fascistiske-massakrer-i-italia-nettdatabasen-som-kartlegger-volden-1943-1945\/#breadcrumb"},"inLanguage":"nb-NO","potentialAction":[{"@type":"ReadAction","target":["https:\/\/nordnesrepublikken.no\/index.php\/2026\/03\/29\/atlaset-over-nazi-fascistiske-massakrer-i-italia-nettdatabasen-som-kartlegger-volden-1943-1945\/"]}]},{"@type":"ImageObject","inLanguage":"nb-NO","@id":"https:\/\/nordnesrepublikken.no\/index.php\/2026\/03\/29\/atlaset-over-nazi-fascistiske-massakrer-i-italia-nettdatabasen-som-kartlegger-volden-1943-1945\/#primaryimage","url":"https:\/\/nordnesrepublikken.no\/wp-content\/uploads\/2026\/03\/1774749020_Atlaset-over-nazi-fascistiske-massakrer-i-Italia-nettdatabasen-som-kartlegger-volden.jpg","contentUrl":"https:\/\/nordnesrepublikken.no\/wp-content\/uploads\/2026\/03\/1774749020_Atlaset-over-nazi-fascistiske-massakrer-i-Italia-nettdatabasen-som-kartlegger-volden.jpg","width":1024,"height":742,"caption":"Atlaset over nazi-fascistiske massakrer i Italia, nettdatabasen som kartlegger volden 1943-1945"},{"@type":"BreadcrumbList","@id":"https:\/\/nordnesrepublikken.no\/index.php\/2026\/03\/29\/atlaset-over-nazi-fascistiske-massakrer-i-italia-nettdatabasen-som-kartlegger-volden-1943-1945\/#breadcrumb","itemListElement":[{"@type":"ListItem","position":1,"name":"Home","item":"https:\/\/nordnesrepublikken.no\/"},{"@type":"ListItem","position":2,"name":"Atlaset over nazi-fascistiske massakrer i Italia, nettdatabasen som kartlegger volden 1943-1945"}]},{"@type":"WebSite","@id":"https:\/\/nordnesrepublikken.no\/#website","url":"https:\/\/nordnesrepublikken.no\/","name":"Nordnesrepublikken","description":"Stemmer og Visjoner fra Republikkens Hjerte","publisher":{"@id":"https:\/\/nordnesrepublikken.no\/#organization"},"potentialAction":[{"@type":"SearchAction","target":{"@type":"EntryPoint","urlTemplate":"https:\/\/nordnesrepublikken.no\/?s={search_term_string}"},"query-input":{"@type":"PropertyValueSpecification","valueRequired":true,"valueName":"search_term_string"}}],"inLanguage":"nb-NO"},{"@type":"Organization","@id":"https:\/\/nordnesrepublikken.no\/#organization","name":"Nordnesrepublikken","url":"https:\/\/nordnesrepublikken.no\/","logo":{"@type":"ImageObject","inLanguage":"nb-NO","@id":"https:\/\/nordnesrepublikken.no\/#\/schema\/logo\/image\/","url":"https:\/\/nordnesrepublikken.no\/wp-content\/uploads\/2025\/02\/cropped-nordnesrepublikken-2.png","contentUrl":"https:\/\/nordnesrepublikken.no\/wp-content\/uploads\/2025\/02\/cropped-nordnesrepublikken-2.png","width":1248,"height":362,"caption":"Nordnesrepublikken"},"image":{"@id":"https:\/\/nordnesrepublikken.no\/#\/schema\/logo\/image\/"}},{"@type":"Person","@id":"https:\/\/nordnesrepublikken.no\/#\/schema\/person\/2e7e81935bab77882fffb79296240ff1","name":"Ole Andersen","image":{"@type":"ImageObject","inLanguage":"nb-NO","@id":"https:\/\/nordnesrepublikken.no\/#\/schema\/person\/image\/","url":"https:\/\/nordnesrepublikken.no\/wp-content\/uploads\/2025\/02\/nordnesrepublikken-2-2-150x150.jpg","contentUrl":"https:\/\/nordnesrepublikken.no\/wp-content\/uploads\/2025\/02\/nordnesrepublikken-2-2-150x150.jpg","caption":"Ole Andersen"},"description":"Ettersom jeg vokste opp i Oslo, har jeg alltid v\u00e6rt fascinert av ordenes kraft og deres evne til \u00e5 skape endringer. Etter \u00e5 ha fullf\u00f8rt min utdannelse i kommunikasjon ved Universitetet i Bergen, fikk jeg muligheten til \u00e5 jobbe innen ulike medier, der jeg har s\u00f8kt \u00e5 belyse viktige samfunnssp\u00f8rsm\u00e5l. I dag, som redakt\u00f8r for Nordnesrepublikken, pr\u00f8ver jeg \u00e5 forene min kj\u00e6rlighet for journalistikk med min lidenskap for innovasjon og eventyr.","sameAs":["https:\/\/nordnesrepublikken.no\/"]}]}},"_links":{"self":[{"href":"https:\/\/nordnesrepublikken.no\/index.php\/wp-json\/wp\/v2\/posts\/16360","targetHints":{"allow":["GET"]}}],"collection":[{"href":"https:\/\/nordnesrepublikken.no\/index.php\/wp-json\/wp\/v2\/posts"}],"about":[{"href":"https:\/\/nordnesrepublikken.no\/index.php\/wp-json\/wp\/v2\/types\/post"}],"author":[{"embeddable":true,"href":"https:\/\/nordnesrepublikken.no\/index.php\/wp-json\/wp\/v2\/users\/1"}],"replies":[{"embeddable":true,"href":"https:\/\/nordnesrepublikken.no\/index.php\/wp-json\/wp\/v2\/comments?post=16360"}],"version-history":[{"count":1,"href":"https:\/\/nordnesrepublikken.no\/index.php\/wp-json\/wp\/v2\/posts\/16360\/revisions"}],"predecessor-version":[{"id":16362,"href":"https:\/\/nordnesrepublikken.no\/index.php\/wp-json\/wp\/v2\/posts\/16360\/revisions\/16362"}],"wp:featuredmedia":[{"embeddable":true,"href":"https:\/\/nordnesrepublikken.no\/index.php\/wp-json\/wp\/v2\/media\/16361"}],"wp:attachment":[{"href":"https:\/\/nordnesrepublikken.no\/index.php\/wp-json\/wp\/v2\/media?parent=16360"}],"wp:term":[{"taxonomy":"category","embeddable":true,"href":"https:\/\/nordnesrepublikken.no\/index.php\/wp-json\/wp\/v2\/categories?post=16360"},{"taxonomy":"post_tag","embeddable":true,"href":"https:\/\/nordnesrepublikken.no\/index.php\/wp-json\/wp\/v2\/tags?post=16360"}],"curies":[{"name":"wp","href":"https:\/\/api.w.org\/{rel}","templated":true}]}}