{"id":16351,"date":"2026-03-28T19:51:33","date_gmt":"2026-03-28T18:51:33","guid":{"rendered":"https:\/\/nordnesrepublikken.no\/index.php\/2026\/03\/28\/midtosten-emojien-er-en-fornaermelse\/"},"modified":"2026-03-28T19:51:34","modified_gmt":"2026-03-28T18:51:34","slug":"midtosten-emojien-er-en-fornaermelse","status":"publish","type":"post","link":"https:\/\/nordnesrepublikken.no\/index.php\/2026\/03\/28\/midtosten-emojien-er-en-fornaermelse\/","title":{"rendered":"Midt\u00f8sten-emojien er en forn\u00e6rmelse"},"content":{"rendered":"<div>\n<div class=\"cp_wrapper cp_wrapper--fw mb-30 mb-20@tablet\">\n<figure class=\"mm\"><picture class=\"img\" style=\"padding-top:56.25%\"><source  media=\"(min-width: 1024px)\"><source  media=\"(min-width: 768px)\"><\/source><\/source><\/picture><\/figure>\n<\/p><\/div>\n<p>Tenk deg det <strong>l\u00f8ft tommelen for \u00e5 si &laquo;ok&raquo;<\/strong> under en utenlandsreise og oppdage, til din overraskelse, at du nettopp har forn\u00e6rmet din samtalepartner. Det kan virke paradoksalt, men mange  <strong>bevegelser<\/strong> som vi anser som intuitive eller universelle er ikke i det hele tatt. I f\u00f8lge studier p\u00e5 nonverbal kommunikasjon fungerer gester som om de var ekte <strong>kulturelle koder<\/strong>: de er l\u00e6rt i et samfunn og deres betydning kan endres radikalt fra en kontekst til en annen.<\/p>\n<p>De <strong>tommel opp <\/strong>er et emblematisk eksempel p\u00e5 dette <strong>kulturell variasjon<\/strong>. Utbredt i dag i store deler av verden som et positivt tegn eller emoji av godkjenning eller avtale, har denne gesten hatt forskjellige og noen ganger motsatte betydninger over tid. Historien hans viser hvordan selv den enkleste bevegelsen av h\u00e5nden kan gjenspeile dype kulturelle transformasjoner, svingende mellom <strong>godkjenning<\/strong>, <strong>utfordring<\/strong> og til og med <strong>sosial trussel<\/strong>.<\/p>\n<h2>Betydningen av tommelen opp-bevegelsen og dens opprinnelse<\/h2>\n<p>Mange tror at tommelen opp kommer direkte fra<strong>det gamle Roma<\/strong>hvor han ville ha angitt <strong>n\u00e5de for en gladiator<\/strong> beseiret i<strong>Arena<\/strong>. Historikere er imidlertid ikke enige om denne tolkningen.<\/p>\n<p>Det latinske uttrykket &laquo;<em>tommelen ned<\/em>&laquo;eller&raquo;<em>tommelen peker<\/em>&raquo; vises ofte i beretninger om gladiatorkamp, \u200b\u200bmen <strong>Den n\u00f8yaktige betydningen er fortsatt usikker<\/strong>. Noen tolkninger tyder p\u00e5 at <strong>tommel opp<\/strong> kan indikere <strong>d\u00f8dsdom<\/strong>mens knyttneven lukket med <strong>skjult tommel<\/strong> det var en <strong>tegn p\u00e5 barmhjertighet<\/strong>.<\/p>\n<p>Dette ville snu fullstendig <strong>den moderne betydningen av godkjenning<\/strong>: det vi ser og tolker som &laquo;greit&raquo; i dag kan ha v\u00e6rt, i gamle tider, en <strong>d\u00f8delig gest<\/strong>.<\/p>\n<div class=\"cp_wrapper cp_wrapper--fw mb-50\">\n<figure class=\"mm\"><picture class=\"img\" style=\"padding-top:49.895833333333%\"><source  media=\"(min-width: 1024px)\"><source  media=\"(min-width: 768px)\"><img decoding=\"async\" loading=\"lazy\" src=\"https:\/\/nordnesrepublikken.no\/wp-content\/uploads\/2026\/03\/1774723893_158_Midtosten-emojien-er-en-fornaermelse.jpg\" alt=\"Bilde\" width=\"960\" height=\"479\"\/><\/source><\/source><\/picture><\/figure>\n<\/p><\/div>\n<p>Tilknytningen til <strong>moderne positiv betydning<\/strong> faktisk utvikler det seg mye senere, spesielt i <strong>angelsaksisk verden <\/strong>mellom 1800- og 1900-tallet.<\/p>\n<p>I l\u00f8pet av <strong>Andre verdenskrig<\/strong>for eksempel begynte amerikanske soldater \u00e5 bruke tommelen opp for \u00e5 peke og kommunisere det eksternt <strong>alt var under kontroll<\/strong> eller at et oppdrag var vellykket uten skader. Derfra spredte gesten seg gradvis som et symbol p\u00e5 godkjenning, frem til i dag med ankomsten av <strong>&laquo;like&raquo;<\/strong>.<\/p>\n<h2>Sammenligning av kulturer: tommelen opp-symbolet i forskjellige land<\/h2>\n<p>Tverrkulturelt, tommel opp er det <strong>alt annet enn universelt<\/strong>. Studier av sosiologi og ikke-verbal kommunikasjon mellom ulike kulturer viser faktisk hvordan tommelen har v\u00e6rt historisk<strong> forbundet med trusler eller aggressive gester <\/strong>i mange kulturer rundt om i verden.<\/p>\n<p>Hos noen <strong>eldgamle orientalske kilder<\/strong>Faktisk indikerte den oppreiste tommelen en mening som ligner p\u00e5 den moderne <strong>langfinger<\/strong>kommuniserer <strong>utfordring<\/strong> Og <strong>fiendtlighet<\/strong>. Overraskende nok, selv i dag, kan tommelen opp bli resultatet <strong>st\u00f8tende<\/strong> i forskjellige omr\u00e5der av verden.<\/p>\n<p>I <strong>Iran, Irak<\/strong> og i noen regioner av <strong>Midt\u00f8sten<\/strong>og gesten regnes fortsatt tradisjonelt som en <strong>forn\u00e6rmelse<\/strong>. Selv hos noen <strong>omr\u00e5der i Vest-Afrika<\/strong> og s\u00f8r for Sahara, kan gesten oppfattes som <strong>provoserende<\/strong> eller en <strong>vulgaritet<\/strong>.<\/p>\n<p>I andre sammenhenger, geografisk og kulturelt n\u00e6rmere oss, har imidlertid gesten ingenting med godkjenning \u00e5 gj\u00f8re, men med dens <strong>funksjonalitet<\/strong>. I denne forstand, i <strong>Finland<\/strong> eller inn <strong>Sverige<\/strong> tommelen opp brukes veldig ofte som et enkelt nummer \u00e9n eller, p\u00e5 spr\u00e5ket til profesjonelle dykkere og i andre idretter, betyr det oppstigning til overflaten eller andre retningsangivelser.<\/p>\n<h2>Emojis og rollen til sosiale medier<\/h2>\n<p>I de siste ti\u00e5rene er imidlertid globalisering og sosiale medier det <strong>gradvis standardisering av den positive betydningen av tommelen opp<\/strong>selv om risikoen for misforst\u00e5elser fortsatt er h\u00f8y i mer tradisjonelle samfunn.<\/p>\n<p>Med ankomsten av smarttelefoner og sosiale plattformer har bevegelser som tommelen opp blitt <strong>standardiserte ikoner<\/strong> i form av <em><strong>emoji<\/strong><\/em>.<\/p>\n<p>Tommelen opp-symbolet, brukes til \u00e5 indikere <strong>&laquo;Jeg liker&raquo;<\/strong>deles n\u00e5 milliarder av ganger hver dag rundt om i verden. Denne prosessen bidrar til <strong>standardisere betydningen av noen bevegelser<\/strong>spesielt blant de yngre generasjonene, som l\u00e6rer dem f\u00f8rst p\u00e5 skjermen enn i hverdagen.<\/p>\n<p>I en viss forstand er <strong>emoji<\/strong> de skaper en <strong>ny form for &laquo;digitalt kroppsspr\u00e5k&raquo;<\/strong>: bevegelser som ikke lenger g\u00e5r gjennom fysisk bevegelse, men gjennom grafiske symboler.<\/p>\n<div class=\"cp_wrapper  mb-50   \">\n<div class=\"cbx\">\n<div class=\"cbx__collection\">\n<p>Kilder<\/p>\n<div class=\"cbx__sources\">\n<p>Desmond M. (1979). &laquo;Gester: Deres opprinnelse og distribusjon&raquo;<\/p>\n<p>Roger EA (1998). &laquo;Gester: kroppsspr\u00e5kets gj\u00f8rem\u00e5l og tabuer rundt om i verden&raquo;<\/p>\n<p>Gretchen M. (2019). &laquo;Fordi Internett: Forst\u00e5 de nye spr\u00e5kreglene&raquo;<\/p>\n<\/p><\/div>\n<\/p><\/div>\n<\/p><\/div>\n<\/div><\/div>\n","protected":false},"excerpt":{"rendered":"<p>Tenk deg det l\u00f8ft tommelen for \u00e5 si &laquo;ok&raquo; under en utenlandsreise og oppdage, til<\/p>\n","protected":false},"author":1,"featured_media":16352,"comment_status":"closed","ping_status":"open","sticky":false,"template":"","format":"standard","meta":{"footnotes":""},"categories":[104],"tags":[10595,10594],"class_list":["post-16351","post","type-post","status-publish","format-standard","has-post-thumbnail","hentry","category-samfunn","tag-fornaermelse","tag-midtostenemojien","generate-columns","tablet-grid-50","mobile-grid-100","grid-parent","grid-33","resize-featured-image"],"yoast_head":"<!-- This site is optimized with the Yoast SEO plugin v24.4 - https:\/\/yoast.com\/wordpress\/plugins\/seo\/ -->\n<title>Midt\u00f8sten-emojien er en forn\u00e6rmelse - Nordnesrepublikken<\/title>\n<meta name=\"robots\" content=\"index, follow, max-snippet:-1, max-image-preview:large, max-video-preview:-1\" \/>\n<link rel=\"canonical\" href=\"https:\/\/nordnesrepublikken.no\/index.php\/2026\/03\/28\/midtosten-emojien-er-en-fornaermelse\/\" \/>\n<meta property=\"og:locale\" content=\"nb_NO\" \/>\n<meta property=\"og:type\" content=\"article\" \/>\n<meta property=\"og:title\" content=\"Midt\u00f8sten-emojien er en forn\u00e6rmelse - Nordnesrepublikken\" \/>\n<meta property=\"og:description\" content=\"Tenk deg det l\u00f8ft tommelen for \u00e5 si &laquo;ok&raquo; under en utenlandsreise og oppdage, til\" \/>\n<meta property=\"og:url\" content=\"https:\/\/nordnesrepublikken.no\/index.php\/2026\/03\/28\/midtosten-emojien-er-en-fornaermelse\/\" \/>\n<meta property=\"og:site_name\" content=\"Nordnesrepublikken\" \/>\n<meta property=\"article:published_time\" content=\"2026-03-28T18:51:33+00:00\" \/>\n<meta property=\"article:modified_time\" content=\"2026-03-28T18:51:34+00:00\" \/>\n<meta property=\"og:image\" content=\"https:\/\/nordnesrepublikken.no\/wp-content\/uploads\/2026\/03\/1774723894_Midtosten-emojien-er-en-fornaermelse.jpg\" \/>\n\t<meta property=\"og:image:width\" content=\"740\" \/>\n\t<meta property=\"og:image:height\" content=\"466\" \/>\n\t<meta property=\"og:image:type\" content=\"image\/jpeg\" \/>\n<meta name=\"author\" content=\"Ole Andersen\" \/>\n<meta name=\"twitter:card\" content=\"summary_large_image\" \/>\n<meta name=\"twitter:label1\" content=\"Skrevet av\" \/>\n\t<meta name=\"twitter:data1\" content=\"Ole Andersen\" \/>\n\t<meta name=\"twitter:label2\" content=\"Ansl. lesetid\" \/>\n\t<meta name=\"twitter:data2\" content=\"3 minutter\" \/>\n<script type=\"application\/ld+json\" class=\"yoast-schema-graph\">{\"@context\":\"https:\/\/schema.org\",\"@graph\":[{\"@type\":\"Article\",\"@id\":\"https:\/\/nordnesrepublikken.no\/index.php\/2026\/03\/28\/midtosten-emojien-er-en-fornaermelse\/#article\",\"isPartOf\":{\"@id\":\"https:\/\/nordnesrepublikken.no\/index.php\/2026\/03\/28\/midtosten-emojien-er-en-fornaermelse\/\"},\"author\":{\"name\":\"Ole Andersen\",\"@id\":\"https:\/\/nordnesrepublikken.no\/#\/schema\/person\/2e7e81935bab77882fffb79296240ff1\"},\"headline\":\"Midt\u00f8sten-emojien er en forn\u00e6rmelse\",\"datePublished\":\"2026-03-28T18:51:33+00:00\",\"dateModified\":\"2026-03-28T18:51:34+00:00\",\"mainEntityOfPage\":{\"@id\":\"https:\/\/nordnesrepublikken.no\/index.php\/2026\/03\/28\/midtosten-emojien-er-en-fornaermelse\/\"},\"wordCount\":671,\"publisher\":{\"@id\":\"https:\/\/nordnesrepublikken.no\/#organization\"},\"image\":{\"@id\":\"https:\/\/nordnesrepublikken.no\/index.php\/2026\/03\/28\/midtosten-emojien-er-en-fornaermelse\/#primaryimage\"},\"thumbnailUrl\":\"https:\/\/nordnesrepublikken.no\/wp-content\/uploads\/2026\/03\/1774723894_Midtosten-emojien-er-en-fornaermelse.jpg\",\"keywords\":[\"forn\u00e6rmelse\",\"Midt\u00f8stenemojien\"],\"articleSection\":[\"Samfunn\"],\"inLanguage\":\"nb-NO\"},{\"@type\":\"WebPage\",\"@id\":\"https:\/\/nordnesrepublikken.no\/index.php\/2026\/03\/28\/midtosten-emojien-er-en-fornaermelse\/\",\"url\":\"https:\/\/nordnesrepublikken.no\/index.php\/2026\/03\/28\/midtosten-emojien-er-en-fornaermelse\/\",\"name\":\"Midt\u00f8sten-emojien er en forn\u00e6rmelse - Nordnesrepublikken\",\"isPartOf\":{\"@id\":\"https:\/\/nordnesrepublikken.no\/#website\"},\"primaryImageOfPage\":{\"@id\":\"https:\/\/nordnesrepublikken.no\/index.php\/2026\/03\/28\/midtosten-emojien-er-en-fornaermelse\/#primaryimage\"},\"image\":{\"@id\":\"https:\/\/nordnesrepublikken.no\/index.php\/2026\/03\/28\/midtosten-emojien-er-en-fornaermelse\/#primaryimage\"},\"thumbnailUrl\":\"https:\/\/nordnesrepublikken.no\/wp-content\/uploads\/2026\/03\/1774723894_Midtosten-emojien-er-en-fornaermelse.jpg\",\"datePublished\":\"2026-03-28T18:51:33+00:00\",\"dateModified\":\"2026-03-28T18:51:34+00:00\",\"breadcrumb\":{\"@id\":\"https:\/\/nordnesrepublikken.no\/index.php\/2026\/03\/28\/midtosten-emojien-er-en-fornaermelse\/#breadcrumb\"},\"inLanguage\":\"nb-NO\",\"potentialAction\":[{\"@type\":\"ReadAction\",\"target\":[\"https:\/\/nordnesrepublikken.no\/index.php\/2026\/03\/28\/midtosten-emojien-er-en-fornaermelse\/\"]}]},{\"@type\":\"ImageObject\",\"inLanguage\":\"nb-NO\",\"@id\":\"https:\/\/nordnesrepublikken.no\/index.php\/2026\/03\/28\/midtosten-emojien-er-en-fornaermelse\/#primaryimage\",\"url\":\"https:\/\/nordnesrepublikken.no\/wp-content\/uploads\/2026\/03\/1774723894_Midtosten-emojien-er-en-fornaermelse.jpg\",\"contentUrl\":\"https:\/\/nordnesrepublikken.no\/wp-content\/uploads\/2026\/03\/1774723894_Midtosten-emojien-er-en-fornaermelse.jpg\",\"width\":740,\"height\":466,\"caption\":\"Midt\u00f8sten-emojien er en forn\u00e6rmelse\"},{\"@type\":\"BreadcrumbList\",\"@id\":\"https:\/\/nordnesrepublikken.no\/index.php\/2026\/03\/28\/midtosten-emojien-er-en-fornaermelse\/#breadcrumb\",\"itemListElement\":[{\"@type\":\"ListItem\",\"position\":1,\"name\":\"Home\",\"item\":\"https:\/\/nordnesrepublikken.no\/\"},{\"@type\":\"ListItem\",\"position\":2,\"name\":\"Midt\u00f8sten-emojien er en forn\u00e6rmelse\"}]},{\"@type\":\"WebSite\",\"@id\":\"https:\/\/nordnesrepublikken.no\/#website\",\"url\":\"https:\/\/nordnesrepublikken.no\/\",\"name\":\"Nordnesrepublikken\",\"description\":\"Stemmer og Visjoner fra Republikkens Hjerte\",\"publisher\":{\"@id\":\"https:\/\/nordnesrepublikken.no\/#organization\"},\"potentialAction\":[{\"@type\":\"SearchAction\",\"target\":{\"@type\":\"EntryPoint\",\"urlTemplate\":\"https:\/\/nordnesrepublikken.no\/?s={search_term_string}\"},\"query-input\":{\"@type\":\"PropertyValueSpecification\",\"valueRequired\":true,\"valueName\":\"search_term_string\"}}],\"inLanguage\":\"nb-NO\"},{\"@type\":\"Organization\",\"@id\":\"https:\/\/nordnesrepublikken.no\/#organization\",\"name\":\"Nordnesrepublikken\",\"url\":\"https:\/\/nordnesrepublikken.no\/\",\"logo\":{\"@type\":\"ImageObject\",\"inLanguage\":\"nb-NO\",\"@id\":\"https:\/\/nordnesrepublikken.no\/#\/schema\/logo\/image\/\",\"url\":\"https:\/\/nordnesrepublikken.no\/wp-content\/uploads\/2025\/02\/cropped-nordnesrepublikken-2.png\",\"contentUrl\":\"https:\/\/nordnesrepublikken.no\/wp-content\/uploads\/2025\/02\/cropped-nordnesrepublikken-2.png\",\"width\":1248,\"height\":362,\"caption\":\"Nordnesrepublikken\"},\"image\":{\"@id\":\"https:\/\/nordnesrepublikken.no\/#\/schema\/logo\/image\/\"}},{\"@type\":\"Person\",\"@id\":\"https:\/\/nordnesrepublikken.no\/#\/schema\/person\/2e7e81935bab77882fffb79296240ff1\",\"name\":\"Ole Andersen\",\"image\":{\"@type\":\"ImageObject\",\"inLanguage\":\"nb-NO\",\"@id\":\"https:\/\/nordnesrepublikken.no\/#\/schema\/person\/image\/\",\"url\":\"https:\/\/nordnesrepublikken.no\/wp-content\/uploads\/2025\/02\/nordnesrepublikken-2-2-150x150.jpg\",\"contentUrl\":\"https:\/\/nordnesrepublikken.no\/wp-content\/uploads\/2025\/02\/nordnesrepublikken-2-2-150x150.jpg\",\"caption\":\"Ole Andersen\"},\"description\":\"Ettersom jeg vokste opp i Oslo, har jeg alltid v\u00e6rt fascinert av ordenes kraft og deres evne til \u00e5 skape endringer. Etter \u00e5 ha fullf\u00f8rt min utdannelse i kommunikasjon ved Universitetet i Bergen, fikk jeg muligheten til \u00e5 jobbe innen ulike medier, der jeg har s\u00f8kt \u00e5 belyse viktige samfunnssp\u00f8rsm\u00e5l. I dag, som redakt\u00f8r for Nordnesrepublikken, pr\u00f8ver jeg \u00e5 forene min kj\u00e6rlighet for journalistikk med min lidenskap for innovasjon og eventyr.\",\"sameAs\":[\"https:\/\/nordnesrepublikken.no\/\"]}]}<\/script>\n<!-- \/ Yoast SEO plugin. -->","yoast_head_json":{"title":"Midt\u00f8sten-emojien er en forn\u00e6rmelse - Nordnesrepublikken","robots":{"index":"index","follow":"follow","max-snippet":"max-snippet:-1","max-image-preview":"max-image-preview:large","max-video-preview":"max-video-preview:-1"},"canonical":"https:\/\/nordnesrepublikken.no\/index.php\/2026\/03\/28\/midtosten-emojien-er-en-fornaermelse\/","og_locale":"nb_NO","og_type":"article","og_title":"Midt\u00f8sten-emojien er en forn\u00e6rmelse - Nordnesrepublikken","og_description":"Tenk deg det l\u00f8ft tommelen for \u00e5 si &laquo;ok&raquo; under en utenlandsreise og oppdage, til","og_url":"https:\/\/nordnesrepublikken.no\/index.php\/2026\/03\/28\/midtosten-emojien-er-en-fornaermelse\/","og_site_name":"Nordnesrepublikken","article_published_time":"2026-03-28T18:51:33+00:00","article_modified_time":"2026-03-28T18:51:34+00:00","og_image":[{"width":740,"height":466,"url":"https:\/\/nordnesrepublikken.no\/wp-content\/uploads\/2026\/03\/1774723894_Midtosten-emojien-er-en-fornaermelse.jpg","type":"image\/jpeg"}],"author":"Ole Andersen","twitter_card":"summary_large_image","twitter_misc":{"Skrevet av":"Ole Andersen","Ansl. lesetid":"3 minutter"},"schema":{"@context":"https:\/\/schema.org","@graph":[{"@type":"Article","@id":"https:\/\/nordnesrepublikken.no\/index.php\/2026\/03\/28\/midtosten-emojien-er-en-fornaermelse\/#article","isPartOf":{"@id":"https:\/\/nordnesrepublikken.no\/index.php\/2026\/03\/28\/midtosten-emojien-er-en-fornaermelse\/"},"author":{"name":"Ole Andersen","@id":"https:\/\/nordnesrepublikken.no\/#\/schema\/person\/2e7e81935bab77882fffb79296240ff1"},"headline":"Midt\u00f8sten-emojien er en forn\u00e6rmelse","datePublished":"2026-03-28T18:51:33+00:00","dateModified":"2026-03-28T18:51:34+00:00","mainEntityOfPage":{"@id":"https:\/\/nordnesrepublikken.no\/index.php\/2026\/03\/28\/midtosten-emojien-er-en-fornaermelse\/"},"wordCount":671,"publisher":{"@id":"https:\/\/nordnesrepublikken.no\/#organization"},"image":{"@id":"https:\/\/nordnesrepublikken.no\/index.php\/2026\/03\/28\/midtosten-emojien-er-en-fornaermelse\/#primaryimage"},"thumbnailUrl":"https:\/\/nordnesrepublikken.no\/wp-content\/uploads\/2026\/03\/1774723894_Midtosten-emojien-er-en-fornaermelse.jpg","keywords":["forn\u00e6rmelse","Midt\u00f8stenemojien"],"articleSection":["Samfunn"],"inLanguage":"nb-NO"},{"@type":"WebPage","@id":"https:\/\/nordnesrepublikken.no\/index.php\/2026\/03\/28\/midtosten-emojien-er-en-fornaermelse\/","url":"https:\/\/nordnesrepublikken.no\/index.php\/2026\/03\/28\/midtosten-emojien-er-en-fornaermelse\/","name":"Midt\u00f8sten-emojien er en forn\u00e6rmelse - Nordnesrepublikken","isPartOf":{"@id":"https:\/\/nordnesrepublikken.no\/#website"},"primaryImageOfPage":{"@id":"https:\/\/nordnesrepublikken.no\/index.php\/2026\/03\/28\/midtosten-emojien-er-en-fornaermelse\/#primaryimage"},"image":{"@id":"https:\/\/nordnesrepublikken.no\/index.php\/2026\/03\/28\/midtosten-emojien-er-en-fornaermelse\/#primaryimage"},"thumbnailUrl":"https:\/\/nordnesrepublikken.no\/wp-content\/uploads\/2026\/03\/1774723894_Midtosten-emojien-er-en-fornaermelse.jpg","datePublished":"2026-03-28T18:51:33+00:00","dateModified":"2026-03-28T18:51:34+00:00","breadcrumb":{"@id":"https:\/\/nordnesrepublikken.no\/index.php\/2026\/03\/28\/midtosten-emojien-er-en-fornaermelse\/#breadcrumb"},"inLanguage":"nb-NO","potentialAction":[{"@type":"ReadAction","target":["https:\/\/nordnesrepublikken.no\/index.php\/2026\/03\/28\/midtosten-emojien-er-en-fornaermelse\/"]}]},{"@type":"ImageObject","inLanguage":"nb-NO","@id":"https:\/\/nordnesrepublikken.no\/index.php\/2026\/03\/28\/midtosten-emojien-er-en-fornaermelse\/#primaryimage","url":"https:\/\/nordnesrepublikken.no\/wp-content\/uploads\/2026\/03\/1774723894_Midtosten-emojien-er-en-fornaermelse.jpg","contentUrl":"https:\/\/nordnesrepublikken.no\/wp-content\/uploads\/2026\/03\/1774723894_Midtosten-emojien-er-en-fornaermelse.jpg","width":740,"height":466,"caption":"Midt\u00f8sten-emojien er en forn\u00e6rmelse"},{"@type":"BreadcrumbList","@id":"https:\/\/nordnesrepublikken.no\/index.php\/2026\/03\/28\/midtosten-emojien-er-en-fornaermelse\/#breadcrumb","itemListElement":[{"@type":"ListItem","position":1,"name":"Home","item":"https:\/\/nordnesrepublikken.no\/"},{"@type":"ListItem","position":2,"name":"Midt\u00f8sten-emojien er en forn\u00e6rmelse"}]},{"@type":"WebSite","@id":"https:\/\/nordnesrepublikken.no\/#website","url":"https:\/\/nordnesrepublikken.no\/","name":"Nordnesrepublikken","description":"Stemmer og Visjoner fra Republikkens Hjerte","publisher":{"@id":"https:\/\/nordnesrepublikken.no\/#organization"},"potentialAction":[{"@type":"SearchAction","target":{"@type":"EntryPoint","urlTemplate":"https:\/\/nordnesrepublikken.no\/?s={search_term_string}"},"query-input":{"@type":"PropertyValueSpecification","valueRequired":true,"valueName":"search_term_string"}}],"inLanguage":"nb-NO"},{"@type":"Organization","@id":"https:\/\/nordnesrepublikken.no\/#organization","name":"Nordnesrepublikken","url":"https:\/\/nordnesrepublikken.no\/","logo":{"@type":"ImageObject","inLanguage":"nb-NO","@id":"https:\/\/nordnesrepublikken.no\/#\/schema\/logo\/image\/","url":"https:\/\/nordnesrepublikken.no\/wp-content\/uploads\/2025\/02\/cropped-nordnesrepublikken-2.png","contentUrl":"https:\/\/nordnesrepublikken.no\/wp-content\/uploads\/2025\/02\/cropped-nordnesrepublikken-2.png","width":1248,"height":362,"caption":"Nordnesrepublikken"},"image":{"@id":"https:\/\/nordnesrepublikken.no\/#\/schema\/logo\/image\/"}},{"@type":"Person","@id":"https:\/\/nordnesrepublikken.no\/#\/schema\/person\/2e7e81935bab77882fffb79296240ff1","name":"Ole Andersen","image":{"@type":"ImageObject","inLanguage":"nb-NO","@id":"https:\/\/nordnesrepublikken.no\/#\/schema\/person\/image\/","url":"https:\/\/nordnesrepublikken.no\/wp-content\/uploads\/2025\/02\/nordnesrepublikken-2-2-150x150.jpg","contentUrl":"https:\/\/nordnesrepublikken.no\/wp-content\/uploads\/2025\/02\/nordnesrepublikken-2-2-150x150.jpg","caption":"Ole Andersen"},"description":"Ettersom jeg vokste opp i Oslo, har jeg alltid v\u00e6rt fascinert av ordenes kraft og deres evne til \u00e5 skape endringer. Etter \u00e5 ha fullf\u00f8rt min utdannelse i kommunikasjon ved Universitetet i Bergen, fikk jeg muligheten til \u00e5 jobbe innen ulike medier, der jeg har s\u00f8kt \u00e5 belyse viktige samfunnssp\u00f8rsm\u00e5l. I dag, som redakt\u00f8r for Nordnesrepublikken, pr\u00f8ver jeg \u00e5 forene min kj\u00e6rlighet for journalistikk med min lidenskap for innovasjon og eventyr.","sameAs":["https:\/\/nordnesrepublikken.no\/"]}]}},"_links":{"self":[{"href":"https:\/\/nordnesrepublikken.no\/index.php\/wp-json\/wp\/v2\/posts\/16351","targetHints":{"allow":["GET"]}}],"collection":[{"href":"https:\/\/nordnesrepublikken.no\/index.php\/wp-json\/wp\/v2\/posts"}],"about":[{"href":"https:\/\/nordnesrepublikken.no\/index.php\/wp-json\/wp\/v2\/types\/post"}],"author":[{"embeddable":true,"href":"https:\/\/nordnesrepublikken.no\/index.php\/wp-json\/wp\/v2\/users\/1"}],"replies":[{"embeddable":true,"href":"https:\/\/nordnesrepublikken.no\/index.php\/wp-json\/wp\/v2\/comments?post=16351"}],"version-history":[{"count":1,"href":"https:\/\/nordnesrepublikken.no\/index.php\/wp-json\/wp\/v2\/posts\/16351\/revisions"}],"predecessor-version":[{"id":16353,"href":"https:\/\/nordnesrepublikken.no\/index.php\/wp-json\/wp\/v2\/posts\/16351\/revisions\/16353"}],"wp:featuredmedia":[{"embeddable":true,"href":"https:\/\/nordnesrepublikken.no\/index.php\/wp-json\/wp\/v2\/media\/16352"}],"wp:attachment":[{"href":"https:\/\/nordnesrepublikken.no\/index.php\/wp-json\/wp\/v2\/media?parent=16351"}],"wp:term":[{"taxonomy":"category","embeddable":true,"href":"https:\/\/nordnesrepublikken.no\/index.php\/wp-json\/wp\/v2\/categories?post=16351"},{"taxonomy":"post_tag","embeddable":true,"href":"https:\/\/nordnesrepublikken.no\/index.php\/wp-json\/wp\/v2\/tags?post=16351"}],"curies":[{"name":"wp","href":"https:\/\/api.w.org\/{rel}","templated":true}]}}