{"id":16348,"date":"2026-03-28T18:50:55","date_gmt":"2026-03-28T17:50:55","guid":{"rendered":"https:\/\/nordnesrepublikken.no\/index.php\/2026\/03\/28\/semana-santa-i-spania-forklarte-hvem-kommer-ut-hver-dag-og-hvorfor\/"},"modified":"2026-03-28T18:50:57","modified_gmt":"2026-03-28T17:50:57","slug":"semana-santa-i-spania-forklarte-hvem-kommer-ut-hver-dag-og-hvorfor","status":"publish","type":"post","link":"https:\/\/nordnesrepublikken.no\/index.php\/2026\/03\/28\/semana-santa-i-spania-forklarte-hvem-kommer-ut-hver-dag-og-hvorfor\/","title":{"rendered":"Semana Santa i Spania forklarte: Hvem kommer ut hver dag og hvorfor"},"content":{"rendered":"<p><\/p>\n<div class=\"wordpress-content\">\n                    <!-- Article Start --><\/p>\n<p class=\"p1\">For expats og bes\u00f8kende som bor i Spania, <strong>Semana Santa, eller Holy Week, er en av landets mest visuelt sl\u00e5ende og f\u00f8lelsesmessig kraftige begivenheter<\/strong>. Den ukelange serien med prosesjoner feires i byer og byer over hele landet, og minnes Jesu Kristi siste dager, fra hans inntog i Jerusalem til hans korsfestelse og oppstandelse.<\/p>\n<p>Planlegger du \u00e5 oppleve det personlig? Se v\u00e5r guide til Semana Santa 2026 i Andaluc\u00eda, inkludert hvor du skal dra, hva du skal unng\u00e5 og hvordan du h\u00e5ndterer folkemengdene<\/p>\n<p class=\"p1\">I hjertet av hver prosesjon er en <i>cofrad\u00eda<\/i>et katolsk brorskap ofte hundre \u00e5r gammelt, knyttet til et spesifikt sogn eller kirke. Cofrad\u00edas organiserer hver prosesjon, koordinerer deltakere, ruter og transport av flott\u00f8rer. Det sentrale elementet i hver prosesjon er <i>paso<\/i>en forseggjort dekorert flott\u00f8r som b\u00e6rer skulpturer i naturlig st\u00f8rrelse som viser scener fra lidenskapen, som Kristus som b\u00e6rer korset eller Jomfru Maria i sorg.<\/p>\n<div class=\"sra_unit\"><link rel=\"stylesheet\" id=\"block-sra\" href=\"https:\/\/euroweeklynews.com\/wp-content\/plugins\/snack-related-articles\/dist\/css\/snack-related.min.css?250312-193541\" type=\"text\/css\" media=\"all\">\n<\/div>\n<h2 class=\"p2\">Bak prosesjonene<\/h2>\n<p class=\"p4\">Pasos kan veie over et tonn og b\u00e6res p\u00e5 skuldrene til <i>costaleros<\/i>b\u00e6rere gjemt under strukturen, beveger seg i langsomme, koordinerte trinn. De <i>capataz<\/i>eller foreman, gir vokale kommandoer og rytmiske signaler for \u00e5 lede pasoen gjennom gater og hj\u00f8rner. F\u00f8lger med flyter er <i>nazarenos<\/i>medlemmer av brorskapet kledd i kapper og spisse hetter, mange g\u00e5r barbeint eller b\u00e6rer sm\u00e5 kors som botshandlinger.<\/p>\n<p class=\"p1\">Et tradisjonelt marsjerende band av messingbl\u00e5sere og perkusjon spiller musikk som setter den emosjonelle tonen og kontrollerer tempoet for costaleros. Tilskuere kan delta direkte i prosesjoner som handlinger av hengivenhet eller for \u00e5 oppfylle personlige l\u00f8fter gitt til Jomfru Maria.<\/p>\n<h2 class=\"p5\">Palmes\u00f8ndag: Kristi ankomst til Jerusalem<\/h2>\n<p class=\"p1\"><strong>Semana Santa begynner med palmes\u00f8ndag (<i>Domingo de Ramos<\/i>)<\/strong>for \u00e5 feire Jesu triumferende inntog i Jerusalem. Cofrad\u00edas b\u00e6rer pasos som f.eks <i>La Borriquita<\/i> (&laquo;det lille eselet&raquo;), som viser Kristus som rir p\u00e5 et esel mens folkemengder holder palmegrener.<\/p>\n<p class=\"p1\">Denne dagen er ofte festlig, med barn som noen ganger deltar som nazarenos. Tilskuere st\u00e5r langs gatene og vifter med palmer eller f\u00f8lger prosesjonen og gir en tilgjengelig introduksjon til Holy Week-tradisjoner.<\/p>\n<h2 class=\"p5\">Hellige mandag og tirsdag: Refleksjon og svik<\/h2>\n<p class=\"p1\">hellig mandag (<i>Lunes Santo<\/i>) og hellig tirsdag (<i>Martes Santo<\/i>) fokus p\u00e5 refleksjon og Kristi arrestasjon (<i>Jes\u00fas Prendido<\/i>). Disse prosesjonene er mer h\u00f8ytidelige, med langsomme, s\u00f8rgelige marsjer fra bandasene.<\/p>\n<p class=\"p1\">Pasos skildrer ofte scener av Jesus i b\u00f8nn eller hendelsene som f\u00f8rte til hans fange. Hengivne b\u00e6rer ofte symbolske kors, eller b\u00e6rer bodkapper, som viser personlig hengivenhet. Gater med levende lys og reflekterende stillhet i enkelte byer understreker den dystre stemningen.<\/p>\n<h2 class=\"p5\">Hellige onsdag: Korsets vekt<\/h2>\n<p class=\"p1\">hellig onsdag (<i>Mi\u00e9rcoles Santo<\/i>) funksjoner <i>Jes\u00fas Nazareno<\/i>som viser Kristus som b\u00e6rer korset. Disse pasoene er fysisk krevende og krever m\u00e5neder med forberedelse for costaleros.<\/p>\n<p class=\"p1\">Band spiller langsomme, jevne marsjer, som gjenspeiler alvoret i Kristi byrde. Hengivne b\u00e6rer ofte symbolske gjenstander som botshandlinger, og blander offentlig hengivenhet med personlig \u00e5ndelig refleksjon. Gater kan v\u00e6re opplyst med stearinlys for \u00e5 skape en meditativ atmosf\u00e6re.<\/p>\n<div style=\"width: 1920px;\" class=\"wp-video\"><video class=\"wp-video-shortcode\" id=\"video-564775-1\" width=\"1920\" height=\"1080\" preload=\"metadata\" controls=\"controls\"><source type=\"video\/mp4\" src=\"https:\/\/euroweeklynews.com\/wp-content\/uploads\/2026\/03\/Jesus-Nazareno-1.mp4?_=1\"><\/source>https:\/\/euroweeklynews.com\/wp-content\/uploads\/2026\/03\/Jesus-Nazareno-1.mp4<\/video><\/div>\n<h2 class=\"p5\">Skj\u00e6rtorsdag: Andakt og store prosesjoner<\/h2>\n<p class=\"p1\">Skj\u00e6rtorsdag (<i>Jueves Santo<\/i>) minnes det siste m\u00e5ltid og starten p\u00e5 Kristi lidenskap. Forseggjort pasos inkluderer <i>Cristo del Gran Poder<\/i> (Kristus med stor makt) og <i>Virgen de la Esperanza<\/i> (Jomfru av h\u00e5p).<\/p>\n<p class=\"p1\">I byer som M\u00e1laga og C\u00e1diz, samles flere cofrad\u00edas p\u00e5 sentrale torg. Publikum deltar ofte i b\u00f8nn eller bukker respektfullt under prosesjoner. Hengivenhet uttrykkes gjennom \u00e5 g\u00e5 bak pasos, tenne lys eller f\u00f8lge spesifikke l\u00f8fter.<\/p>\n<h2 class=\"p5\">Langfredag: Sorg og andakt<\/h2>\n<p class=\"p1\">lang fredag \u200b\u200b(<i>Viernes Santo<\/i>) er den mest h\u00f8ytidelige dagen i den hellige uke. Cofrad\u00edas b\u00e6re pasos av <i>Cristo Crucificado<\/i> og <i>Santo Entierro<\/i> (Kristi begravelse).<\/p>\n<p class=\"p1\">Sentralt i dagen er <i>Virgen de los Dolores,<\/i> V\u00e5r Frue av sorger. Pasoen hennes skildrer Maria som s\u00f8rger, kledd i svart, omgitt av stearinlys. Hengivne g\u00e5r ofte barbeint bak flott\u00f8ren eller b\u00e6rer kors som personlige botshandlinger, og oppfyller l\u00f8fter gitt til jomfruen om b\u00f8nner besvart. Byer som Sevilla, M\u00e1laga og Granada tiltrekker seg store folkemengder, og kombinerer pasos, musikk og offentlige andaktshandlinger til en av ukens mest r\u00f8rende forestillinger.<\/p>\n<h2 class=\"p5\">Hellig l\u00f8rdag og p\u00e5skedag: Fra sorg til feiring<\/h2>\n<p class=\"p1\">hellig l\u00f8rdag (<i>S\u00e1bado Santo<\/i>) fokuserer p\u00e5 Kristi begravelse og Jomfruens ensomhet. Musikken er dempet, og skaper en rolig, reflektert atmosf\u00e6re.<\/p>\n<p class=\"p1\">p\u00e5skedag (<i>Domingo de Resurrecci\u00f3n<\/i>) feirer <i>Cristo Resucitado, <\/i>den oppstandne Kristus. Band spiller jublende musikk, pasos b\u00e6res med mer energi, og tilskuere jubler. Ritualer inkluderer blomsteroffer, barneprosesjoner og symbolske utgivelser av hvite duer. Skiftet fra sorg til glede representerer fornyelse og h\u00e5p.<\/p>\n<h2 class=\"p5\">V\u00e6r og prosesjoner<\/h2>\n<p data-start=\"4832\" data-end=\"5420\">Kraftig regn tvinger ofte cofrad\u00edas til \u00e5 flytte feiringen innend\u00f8rs. Hvis gatene er utrygge, <em data-start=\"4919\" data-end=\"4926\">pasos<\/em> kan bare b\u00e6res inne i kirken eller katedralen. Mens ritualene fortsetter, kan intimiteten og den felles atmosf\u00e6ren til gateprosesjoner ikke gjenskapes fullt ut. \u00c5 savne en prosesjon p\u00e5 grunn av v\u00e6ret kan f\u00f8les som et brutt l\u00f8fte eller tapt mulighet for hengivenhet.<\/p>\n<p data-start=\"4832\" data-end=\"5420\">Beredskapsplaner kan inkludere flytting <em data-start=\"5224\" data-end=\"5231\">pasos<\/em> til hovedskipet eller klostre, men den visuelle og auditive innvirkningen av band, <em data-start=\"5308\" data-end=\"5319\">nazarenos<\/em>og <em data-start=\"5325\" data-end=\"5337\">costaleros<\/em> i \u00e5pne gater er redusert, noe som ofte for\u00e5rsaker tristhet blant langvarige deltakere.<\/p>\n<h2 class=\"p5\">Saetas: Hengivenhetens stemmer<\/h2>\n<p class=\"p1\">Gjennom Semana Santa fremf\u00f8rer sangere saetas, tradisjonelle, enslige andaktssanger i flamencostil. Saetas synges fra balkonger, vinduer eller gatehj\u00f8rner, og hedrer pasoen n\u00e5r den beveger seg gjennom gatene, noe som ofte f\u00e5r prosesjonen til \u00e5 stoppe opp for et \u00f8yeblikks refleksjon.<\/p>\n<p class=\"p1\">Alle med musikalske evner og religi\u00f8s hengivenhet kan fremf\u00f8re en saeta, fra trente flamencout\u00f8vere til lokale innbyggere eller deltakere i prosesjonen. Mens saetas kan h\u00f8res p\u00e5 hvilken som helst dag i Semana Santa, er de spesielt vanlige under de store h\u00f8ytidelige prosesjonene fra skj\u00e6reonsdag til langfredag, n\u00e5r pasos som viser Kristus eller Jomfruen passerer gjennom overfylte gater.<\/p>\n<h2 class=\"p5\"><strong>Hvorfor Semana Santa er spesiell<\/strong><\/h2>\n<p class=\"p1\">Semana Santa er mer enn et kulturelt skue; det er et dypt personlig og felles uttrykk for tro. Cofrad\u00eda-medlemmer deltar ofte for livet. \u00c5 b\u00e6re en paso, g\u00e5 barbeint eller oppfylle et l\u00f8fte offentlig regnes som en handling av hengivenhet, ydmykhet og bot.<\/p>\n<p class=\"p1\">For expats og bes\u00f8kende, \u00e5 forst\u00e5 disse symbolene og tradisjonene, inkludert rollene til costaleros, nazarenos, bandas, pasos og saetas, forvandler Semana Santa til en oppslukende kulturell og \u00e5ndelig opplevelse. Hver prosesjon forteller en historie om hengivenhet, offer og fellesskap, og tilbyr et levende vindu inn i hjertet av det spanske religi\u00f8se livet.<\/p>\n<p>                    <!-- Originally published at https:\/\/euroweeklynews.com\/2026\/03\/24\/semana-santa-in-spain-explained-who-comes-out-each-day-and-why\/ on 24 Mar 2026 at 19:52 by Molly Grace --><br \/>\n                    <!-- Article End -->\n                <\/div>\n","protected":false},"excerpt":{"rendered":"<p>For expats og bes\u00f8kende som bor i Spania, Semana Santa, eller Holy Week, er en<\/p>\n","protected":false},"author":1,"featured_media":16349,"comment_status":"closed","ping_status":"open","sticky":false,"template":"","format":"standard","meta":{"footnotes":""},"categories":[105],"tags":[568,3539,99,839,101,1046,9812,9811,529],"class_list":["post-16348","post","type-post","status-publish","format-standard","has-post-thumbnail","hentry","category-livsstil","tag-dag","tag-forklarte","tag-hvem","tag-hver","tag-hvorfor","tag-kommer","tag-santa","tag-semana","tag-spania","generate-columns","tablet-grid-50","mobile-grid-100","grid-parent","grid-33","resize-featured-image"],"yoast_head":"<!-- This site is optimized with the Yoast SEO plugin v24.4 - https:\/\/yoast.com\/wordpress\/plugins\/seo\/ -->\n<title>Semana Santa i Spania forklarte: Hvem kommer ut hver dag og hvorfor - Nordnesrepublikken<\/title>\n<meta name=\"robots\" content=\"index, follow, max-snippet:-1, max-image-preview:large, max-video-preview:-1\" \/>\n<link rel=\"canonical\" href=\"https:\/\/nordnesrepublikken.no\/index.php\/2026\/03\/28\/semana-santa-i-spania-forklarte-hvem-kommer-ut-hver-dag-og-hvorfor\/\" \/>\n<meta property=\"og:locale\" content=\"nb_NO\" \/>\n<meta property=\"og:type\" content=\"article\" \/>\n<meta property=\"og:title\" content=\"Semana Santa i Spania forklarte: Hvem kommer ut hver dag og hvorfor - Nordnesrepublikken\" \/>\n<meta property=\"og:description\" content=\"For expats og bes\u00f8kende som bor i Spania, Semana Santa, eller Holy Week, er en\" \/>\n<meta property=\"og:url\" content=\"https:\/\/nordnesrepublikken.no\/index.php\/2026\/03\/28\/semana-santa-i-spania-forklarte-hvem-kommer-ut-hver-dag-og-hvorfor\/\" \/>\n<meta property=\"og:site_name\" content=\"Nordnesrepublikken\" \/>\n<meta property=\"article:published_time\" content=\"2026-03-28T17:50:55+00:00\" \/>\n<meta property=\"article:modified_time\" content=\"2026-03-28T17:50:57+00:00\" \/>\n<meta property=\"og:image\" content=\"https:\/\/nordnesrepublikken.no\/wp-content\/uploads\/2026\/03\/1774720256_Semana-Santa-i-Spania-forklarte-Hvem-kommer-ut-hver-dag.png\" \/>\n\t<meta property=\"og:image:width\" content=\"1319\" \/>\n\t<meta property=\"og:image:height\" content=\"900\" \/>\n\t<meta property=\"og:image:type\" content=\"image\/png\" \/>\n<meta name=\"author\" content=\"Ole Andersen\" \/>\n<meta name=\"twitter:card\" content=\"summary_large_image\" \/>\n<meta name=\"twitter:label1\" content=\"Skrevet av\" \/>\n\t<meta name=\"twitter:data1\" content=\"Ole Andersen\" \/>\n\t<meta name=\"twitter:label2\" content=\"Ansl. lesetid\" \/>\n\t<meta name=\"twitter:data2\" content=\"5 minutter\" \/>\n<script type=\"application\/ld+json\" class=\"yoast-schema-graph\">{\"@context\":\"https:\/\/schema.org\",\"@graph\":[{\"@type\":\"Article\",\"@id\":\"https:\/\/nordnesrepublikken.no\/index.php\/2026\/03\/28\/semana-santa-i-spania-forklarte-hvem-kommer-ut-hver-dag-og-hvorfor\/#article\",\"isPartOf\":{\"@id\":\"https:\/\/nordnesrepublikken.no\/index.php\/2026\/03\/28\/semana-santa-i-spania-forklarte-hvem-kommer-ut-hver-dag-og-hvorfor\/\"},\"author\":{\"name\":\"Ole Andersen\",\"@id\":\"https:\/\/nordnesrepublikken.no\/#\/schema\/person\/2e7e81935bab77882fffb79296240ff1\"},\"headline\":\"Semana Santa i Spania forklarte: Hvem kommer ut hver dag og hvorfor\",\"datePublished\":\"2026-03-28T17:50:55+00:00\",\"dateModified\":\"2026-03-28T17:50:57+00:00\",\"mainEntityOfPage\":{\"@id\":\"https:\/\/nordnesrepublikken.no\/index.php\/2026\/03\/28\/semana-santa-i-spania-forklarte-hvem-kommer-ut-hver-dag-og-hvorfor\/\"},\"wordCount\":1099,\"publisher\":{\"@id\":\"https:\/\/nordnesrepublikken.no\/#organization\"},\"image\":{\"@id\":\"https:\/\/nordnesrepublikken.no\/index.php\/2026\/03\/28\/semana-santa-i-spania-forklarte-hvem-kommer-ut-hver-dag-og-hvorfor\/#primaryimage\"},\"thumbnailUrl\":\"https:\/\/nordnesrepublikken.no\/wp-content\/uploads\/2026\/03\/1774720256_Semana-Santa-i-Spania-forklarte-Hvem-kommer-ut-hver-dag.png\",\"keywords\":[\"dag\",\"forklarte\",\"Hvem\",\"hver\",\"hvorfor\",\"kommer\",\"Santa\",\"Semana\",\"Spania\"],\"articleSection\":[\"Livsstil\"],\"inLanguage\":\"nb-NO\"},{\"@type\":\"WebPage\",\"@id\":\"https:\/\/nordnesrepublikken.no\/index.php\/2026\/03\/28\/semana-santa-i-spania-forklarte-hvem-kommer-ut-hver-dag-og-hvorfor\/\",\"url\":\"https:\/\/nordnesrepublikken.no\/index.php\/2026\/03\/28\/semana-santa-i-spania-forklarte-hvem-kommer-ut-hver-dag-og-hvorfor\/\",\"name\":\"Semana Santa i Spania forklarte: Hvem kommer ut hver dag og hvorfor - Nordnesrepublikken\",\"isPartOf\":{\"@id\":\"https:\/\/nordnesrepublikken.no\/#website\"},\"primaryImageOfPage\":{\"@id\":\"https:\/\/nordnesrepublikken.no\/index.php\/2026\/03\/28\/semana-santa-i-spania-forklarte-hvem-kommer-ut-hver-dag-og-hvorfor\/#primaryimage\"},\"image\":{\"@id\":\"https:\/\/nordnesrepublikken.no\/index.php\/2026\/03\/28\/semana-santa-i-spania-forklarte-hvem-kommer-ut-hver-dag-og-hvorfor\/#primaryimage\"},\"thumbnailUrl\":\"https:\/\/nordnesrepublikken.no\/wp-content\/uploads\/2026\/03\/1774720256_Semana-Santa-i-Spania-forklarte-Hvem-kommer-ut-hver-dag.png\",\"datePublished\":\"2026-03-28T17:50:55+00:00\",\"dateModified\":\"2026-03-28T17:50:57+00:00\",\"breadcrumb\":{\"@id\":\"https:\/\/nordnesrepublikken.no\/index.php\/2026\/03\/28\/semana-santa-i-spania-forklarte-hvem-kommer-ut-hver-dag-og-hvorfor\/#breadcrumb\"},\"inLanguage\":\"nb-NO\",\"potentialAction\":[{\"@type\":\"ReadAction\",\"target\":[\"https:\/\/nordnesrepublikken.no\/index.php\/2026\/03\/28\/semana-santa-i-spania-forklarte-hvem-kommer-ut-hver-dag-og-hvorfor\/\"]}]},{\"@type\":\"ImageObject\",\"inLanguage\":\"nb-NO\",\"@id\":\"https:\/\/nordnesrepublikken.no\/index.php\/2026\/03\/28\/semana-santa-i-spania-forklarte-hvem-kommer-ut-hver-dag-og-hvorfor\/#primaryimage\",\"url\":\"https:\/\/nordnesrepublikken.no\/wp-content\/uploads\/2026\/03\/1774720256_Semana-Santa-i-Spania-forklarte-Hvem-kommer-ut-hver-dag.png\",\"contentUrl\":\"https:\/\/nordnesrepublikken.no\/wp-content\/uploads\/2026\/03\/1774720256_Semana-Santa-i-Spania-forklarte-Hvem-kommer-ut-hver-dag.png\",\"width\":1319,\"height\":900,\"caption\":\"Semana Santa i Spania forklarte: Hvem kommer ut hver dag og hvorfor\"},{\"@type\":\"BreadcrumbList\",\"@id\":\"https:\/\/nordnesrepublikken.no\/index.php\/2026\/03\/28\/semana-santa-i-spania-forklarte-hvem-kommer-ut-hver-dag-og-hvorfor\/#breadcrumb\",\"itemListElement\":[{\"@type\":\"ListItem\",\"position\":1,\"name\":\"Home\",\"item\":\"https:\/\/nordnesrepublikken.no\/\"},{\"@type\":\"ListItem\",\"position\":2,\"name\":\"Semana Santa i Spania forklarte: Hvem kommer ut hver dag og hvorfor\"}]},{\"@type\":\"WebSite\",\"@id\":\"https:\/\/nordnesrepublikken.no\/#website\",\"url\":\"https:\/\/nordnesrepublikken.no\/\",\"name\":\"Nordnesrepublikken\",\"description\":\"Stemmer og Visjoner fra Republikkens Hjerte\",\"publisher\":{\"@id\":\"https:\/\/nordnesrepublikken.no\/#organization\"},\"potentialAction\":[{\"@type\":\"SearchAction\",\"target\":{\"@type\":\"EntryPoint\",\"urlTemplate\":\"https:\/\/nordnesrepublikken.no\/?s={search_term_string}\"},\"query-input\":{\"@type\":\"PropertyValueSpecification\",\"valueRequired\":true,\"valueName\":\"search_term_string\"}}],\"inLanguage\":\"nb-NO\"},{\"@type\":\"Organization\",\"@id\":\"https:\/\/nordnesrepublikken.no\/#organization\",\"name\":\"Nordnesrepublikken\",\"url\":\"https:\/\/nordnesrepublikken.no\/\",\"logo\":{\"@type\":\"ImageObject\",\"inLanguage\":\"nb-NO\",\"@id\":\"https:\/\/nordnesrepublikken.no\/#\/schema\/logo\/image\/\",\"url\":\"https:\/\/nordnesrepublikken.no\/wp-content\/uploads\/2025\/02\/cropped-nordnesrepublikken-2.png\",\"contentUrl\":\"https:\/\/nordnesrepublikken.no\/wp-content\/uploads\/2025\/02\/cropped-nordnesrepublikken-2.png\",\"width\":1248,\"height\":362,\"caption\":\"Nordnesrepublikken\"},\"image\":{\"@id\":\"https:\/\/nordnesrepublikken.no\/#\/schema\/logo\/image\/\"}},{\"@type\":\"Person\",\"@id\":\"https:\/\/nordnesrepublikken.no\/#\/schema\/person\/2e7e81935bab77882fffb79296240ff1\",\"name\":\"Ole Andersen\",\"image\":{\"@type\":\"ImageObject\",\"inLanguage\":\"nb-NO\",\"@id\":\"https:\/\/nordnesrepublikken.no\/#\/schema\/person\/image\/\",\"url\":\"https:\/\/nordnesrepublikken.no\/wp-content\/uploads\/2025\/02\/nordnesrepublikken-2-2-150x150.jpg\",\"contentUrl\":\"https:\/\/nordnesrepublikken.no\/wp-content\/uploads\/2025\/02\/nordnesrepublikken-2-2-150x150.jpg\",\"caption\":\"Ole Andersen\"},\"description\":\"Ettersom jeg vokste opp i Oslo, har jeg alltid v\u00e6rt fascinert av ordenes kraft og deres evne til \u00e5 skape endringer. Etter \u00e5 ha fullf\u00f8rt min utdannelse i kommunikasjon ved Universitetet i Bergen, fikk jeg muligheten til \u00e5 jobbe innen ulike medier, der jeg har s\u00f8kt \u00e5 belyse viktige samfunnssp\u00f8rsm\u00e5l. I dag, som redakt\u00f8r for Nordnesrepublikken, pr\u00f8ver jeg \u00e5 forene min kj\u00e6rlighet for journalistikk med min lidenskap for innovasjon og eventyr.\",\"sameAs\":[\"https:\/\/nordnesrepublikken.no\/\"]}]}<\/script>\n<!-- \/ Yoast SEO plugin. -->","yoast_head_json":{"title":"Semana Santa i Spania forklarte: Hvem kommer ut hver dag og hvorfor - Nordnesrepublikken","robots":{"index":"index","follow":"follow","max-snippet":"max-snippet:-1","max-image-preview":"max-image-preview:large","max-video-preview":"max-video-preview:-1"},"canonical":"https:\/\/nordnesrepublikken.no\/index.php\/2026\/03\/28\/semana-santa-i-spania-forklarte-hvem-kommer-ut-hver-dag-og-hvorfor\/","og_locale":"nb_NO","og_type":"article","og_title":"Semana Santa i Spania forklarte: Hvem kommer ut hver dag og hvorfor - Nordnesrepublikken","og_description":"For expats og bes\u00f8kende som bor i Spania, Semana Santa, eller Holy Week, er en","og_url":"https:\/\/nordnesrepublikken.no\/index.php\/2026\/03\/28\/semana-santa-i-spania-forklarte-hvem-kommer-ut-hver-dag-og-hvorfor\/","og_site_name":"Nordnesrepublikken","article_published_time":"2026-03-28T17:50:55+00:00","article_modified_time":"2026-03-28T17:50:57+00:00","og_image":[{"width":1319,"height":900,"url":"https:\/\/nordnesrepublikken.no\/wp-content\/uploads\/2026\/03\/1774720256_Semana-Santa-i-Spania-forklarte-Hvem-kommer-ut-hver-dag.png","type":"image\/png"}],"author":"Ole Andersen","twitter_card":"summary_large_image","twitter_misc":{"Skrevet av":"Ole Andersen","Ansl. lesetid":"5 minutter"},"schema":{"@context":"https:\/\/schema.org","@graph":[{"@type":"Article","@id":"https:\/\/nordnesrepublikken.no\/index.php\/2026\/03\/28\/semana-santa-i-spania-forklarte-hvem-kommer-ut-hver-dag-og-hvorfor\/#article","isPartOf":{"@id":"https:\/\/nordnesrepublikken.no\/index.php\/2026\/03\/28\/semana-santa-i-spania-forklarte-hvem-kommer-ut-hver-dag-og-hvorfor\/"},"author":{"name":"Ole Andersen","@id":"https:\/\/nordnesrepublikken.no\/#\/schema\/person\/2e7e81935bab77882fffb79296240ff1"},"headline":"Semana Santa i Spania forklarte: Hvem kommer ut hver dag og hvorfor","datePublished":"2026-03-28T17:50:55+00:00","dateModified":"2026-03-28T17:50:57+00:00","mainEntityOfPage":{"@id":"https:\/\/nordnesrepublikken.no\/index.php\/2026\/03\/28\/semana-santa-i-spania-forklarte-hvem-kommer-ut-hver-dag-og-hvorfor\/"},"wordCount":1099,"publisher":{"@id":"https:\/\/nordnesrepublikken.no\/#organization"},"image":{"@id":"https:\/\/nordnesrepublikken.no\/index.php\/2026\/03\/28\/semana-santa-i-spania-forklarte-hvem-kommer-ut-hver-dag-og-hvorfor\/#primaryimage"},"thumbnailUrl":"https:\/\/nordnesrepublikken.no\/wp-content\/uploads\/2026\/03\/1774720256_Semana-Santa-i-Spania-forklarte-Hvem-kommer-ut-hver-dag.png","keywords":["dag","forklarte","Hvem","hver","hvorfor","kommer","Santa","Semana","Spania"],"articleSection":["Livsstil"],"inLanguage":"nb-NO"},{"@type":"WebPage","@id":"https:\/\/nordnesrepublikken.no\/index.php\/2026\/03\/28\/semana-santa-i-spania-forklarte-hvem-kommer-ut-hver-dag-og-hvorfor\/","url":"https:\/\/nordnesrepublikken.no\/index.php\/2026\/03\/28\/semana-santa-i-spania-forklarte-hvem-kommer-ut-hver-dag-og-hvorfor\/","name":"Semana Santa i Spania forklarte: Hvem kommer ut hver dag og hvorfor - Nordnesrepublikken","isPartOf":{"@id":"https:\/\/nordnesrepublikken.no\/#website"},"primaryImageOfPage":{"@id":"https:\/\/nordnesrepublikken.no\/index.php\/2026\/03\/28\/semana-santa-i-spania-forklarte-hvem-kommer-ut-hver-dag-og-hvorfor\/#primaryimage"},"image":{"@id":"https:\/\/nordnesrepublikken.no\/index.php\/2026\/03\/28\/semana-santa-i-spania-forklarte-hvem-kommer-ut-hver-dag-og-hvorfor\/#primaryimage"},"thumbnailUrl":"https:\/\/nordnesrepublikken.no\/wp-content\/uploads\/2026\/03\/1774720256_Semana-Santa-i-Spania-forklarte-Hvem-kommer-ut-hver-dag.png","datePublished":"2026-03-28T17:50:55+00:00","dateModified":"2026-03-28T17:50:57+00:00","breadcrumb":{"@id":"https:\/\/nordnesrepublikken.no\/index.php\/2026\/03\/28\/semana-santa-i-spania-forklarte-hvem-kommer-ut-hver-dag-og-hvorfor\/#breadcrumb"},"inLanguage":"nb-NO","potentialAction":[{"@type":"ReadAction","target":["https:\/\/nordnesrepublikken.no\/index.php\/2026\/03\/28\/semana-santa-i-spania-forklarte-hvem-kommer-ut-hver-dag-og-hvorfor\/"]}]},{"@type":"ImageObject","inLanguage":"nb-NO","@id":"https:\/\/nordnesrepublikken.no\/index.php\/2026\/03\/28\/semana-santa-i-spania-forklarte-hvem-kommer-ut-hver-dag-og-hvorfor\/#primaryimage","url":"https:\/\/nordnesrepublikken.no\/wp-content\/uploads\/2026\/03\/1774720256_Semana-Santa-i-Spania-forklarte-Hvem-kommer-ut-hver-dag.png","contentUrl":"https:\/\/nordnesrepublikken.no\/wp-content\/uploads\/2026\/03\/1774720256_Semana-Santa-i-Spania-forklarte-Hvem-kommer-ut-hver-dag.png","width":1319,"height":900,"caption":"Semana Santa i Spania forklarte: Hvem kommer ut hver dag og hvorfor"},{"@type":"BreadcrumbList","@id":"https:\/\/nordnesrepublikken.no\/index.php\/2026\/03\/28\/semana-santa-i-spania-forklarte-hvem-kommer-ut-hver-dag-og-hvorfor\/#breadcrumb","itemListElement":[{"@type":"ListItem","position":1,"name":"Home","item":"https:\/\/nordnesrepublikken.no\/"},{"@type":"ListItem","position":2,"name":"Semana Santa i Spania forklarte: Hvem kommer ut hver dag og hvorfor"}]},{"@type":"WebSite","@id":"https:\/\/nordnesrepublikken.no\/#website","url":"https:\/\/nordnesrepublikken.no\/","name":"Nordnesrepublikken","description":"Stemmer og Visjoner fra Republikkens Hjerte","publisher":{"@id":"https:\/\/nordnesrepublikken.no\/#organization"},"potentialAction":[{"@type":"SearchAction","target":{"@type":"EntryPoint","urlTemplate":"https:\/\/nordnesrepublikken.no\/?s={search_term_string}"},"query-input":{"@type":"PropertyValueSpecification","valueRequired":true,"valueName":"search_term_string"}}],"inLanguage":"nb-NO"},{"@type":"Organization","@id":"https:\/\/nordnesrepublikken.no\/#organization","name":"Nordnesrepublikken","url":"https:\/\/nordnesrepublikken.no\/","logo":{"@type":"ImageObject","inLanguage":"nb-NO","@id":"https:\/\/nordnesrepublikken.no\/#\/schema\/logo\/image\/","url":"https:\/\/nordnesrepublikken.no\/wp-content\/uploads\/2025\/02\/cropped-nordnesrepublikken-2.png","contentUrl":"https:\/\/nordnesrepublikken.no\/wp-content\/uploads\/2025\/02\/cropped-nordnesrepublikken-2.png","width":1248,"height":362,"caption":"Nordnesrepublikken"},"image":{"@id":"https:\/\/nordnesrepublikken.no\/#\/schema\/logo\/image\/"}},{"@type":"Person","@id":"https:\/\/nordnesrepublikken.no\/#\/schema\/person\/2e7e81935bab77882fffb79296240ff1","name":"Ole Andersen","image":{"@type":"ImageObject","inLanguage":"nb-NO","@id":"https:\/\/nordnesrepublikken.no\/#\/schema\/person\/image\/","url":"https:\/\/nordnesrepublikken.no\/wp-content\/uploads\/2025\/02\/nordnesrepublikken-2-2-150x150.jpg","contentUrl":"https:\/\/nordnesrepublikken.no\/wp-content\/uploads\/2025\/02\/nordnesrepublikken-2-2-150x150.jpg","caption":"Ole Andersen"},"description":"Ettersom jeg vokste opp i Oslo, har jeg alltid v\u00e6rt fascinert av ordenes kraft og deres evne til \u00e5 skape endringer. Etter \u00e5 ha fullf\u00f8rt min utdannelse i kommunikasjon ved Universitetet i Bergen, fikk jeg muligheten til \u00e5 jobbe innen ulike medier, der jeg har s\u00f8kt \u00e5 belyse viktige samfunnssp\u00f8rsm\u00e5l. I dag, som redakt\u00f8r for Nordnesrepublikken, pr\u00f8ver jeg \u00e5 forene min kj\u00e6rlighet for journalistikk med min lidenskap for innovasjon og eventyr.","sameAs":["https:\/\/nordnesrepublikken.no\/"]}]}},"_links":{"self":[{"href":"https:\/\/nordnesrepublikken.no\/index.php\/wp-json\/wp\/v2\/posts\/16348","targetHints":{"allow":["GET"]}}],"collection":[{"href":"https:\/\/nordnesrepublikken.no\/index.php\/wp-json\/wp\/v2\/posts"}],"about":[{"href":"https:\/\/nordnesrepublikken.no\/index.php\/wp-json\/wp\/v2\/types\/post"}],"author":[{"embeddable":true,"href":"https:\/\/nordnesrepublikken.no\/index.php\/wp-json\/wp\/v2\/users\/1"}],"replies":[{"embeddable":true,"href":"https:\/\/nordnesrepublikken.no\/index.php\/wp-json\/wp\/v2\/comments?post=16348"}],"version-history":[{"count":1,"href":"https:\/\/nordnesrepublikken.no\/index.php\/wp-json\/wp\/v2\/posts\/16348\/revisions"}],"predecessor-version":[{"id":16350,"href":"https:\/\/nordnesrepublikken.no\/index.php\/wp-json\/wp\/v2\/posts\/16348\/revisions\/16350"}],"wp:featuredmedia":[{"embeddable":true,"href":"https:\/\/nordnesrepublikken.no\/index.php\/wp-json\/wp\/v2\/media\/16349"}],"wp:attachment":[{"href":"https:\/\/nordnesrepublikken.no\/index.php\/wp-json\/wp\/v2\/media?parent=16348"}],"wp:term":[{"taxonomy":"category","embeddable":true,"href":"https:\/\/nordnesrepublikken.no\/index.php\/wp-json\/wp\/v2\/categories?post=16348"},{"taxonomy":"post_tag","embeddable":true,"href":"https:\/\/nordnesrepublikken.no\/index.php\/wp-json\/wp\/v2\/tags?post=16348"}],"curies":[{"name":"wp","href":"https:\/\/api.w.org\/{rel}","templated":true}]}}