{"id":16324,"date":"2026-03-27T20:50:52","date_gmt":"2026-03-27T19:50:52","guid":{"rendered":"https:\/\/nordnesrepublikken.no\/index.php\/2026\/03\/27\/66-av-italienske-elvedeltaer-trekker-seg-tilbake-til-10-meter-per-ar-studien-om-kysterosjon\/"},"modified":"2026-03-27T20:50:55","modified_gmt":"2026-03-27T19:50:55","slug":"66-av-italienske-elvedeltaer-trekker-seg-tilbake-til-10-meter-per-ar-studien-om-kysterosjon","status":"publish","type":"post","link":"https:\/\/nordnesrepublikken.no\/index.php\/2026\/03\/27\/66-av-italienske-elvedeltaer-trekker-seg-tilbake-til-10-meter-per-ar-studien-om-kysterosjon\/","title":{"rendered":"66 % av italienske elvedeltaer trekker seg tilbake til 10 meter per \u00e5r: studien om kysterosjon"},"content":{"rendered":"<div>\n<div class=\"cp_wrapper cp_wrapper--fw mb-30 mb-20@tablet\">\n<figure class=\"mm\"><picture class=\"img\" style=\"padding-top:56.25%\"><source  media=\"(min-width: 1024px)\"><source  media=\"(min-width: 768px)\"><\/source><\/source><\/picture><\/figure>\n<\/p><\/div>\n<p>De <strong>klimaendringer<\/strong> har hatt en dramatisk innvirkning p\u00e5 <strong>italienske kyster<\/strong>spesielt ved munningen av elvene, hvor for tiden <strong>de trekker seg ogs\u00e5 tilbake med 10 meter per \u00e5r<\/strong>. Om<strong> 66% av de 40 viktigste italienske elvene <\/strong>lider under konsekvensene av kysterosjon ved munningen, forsterket av \u00f8kningen i ekstremv\u00e6r og stigende havniv\u00e5. En ny studie, publisert i tidsskriftet <em>Elvemunning, kyst- og sokkelvitenskap<\/em>utf\u00f8rt av Institutt for geovitenskap ved Universitetet i Pisa. Forskningen analyserte endringene i<strong> Italienske sandkyster mellom 1984 og 2024<\/strong> ved hjelp av satellittbilder og identifiserte <strong>omr\u00e5der med st\u00f8rst risiko for erosjon<\/strong>.<\/p>\n<h2><strong>Omr\u00e5dene som er mest utsatt for kysterosjon i Italia if\u00f8lge den nye studien<\/strong><\/h2>\n<p>Forskning har fremhevet det <strong>66 % av de 40 viktigste italienske elvene er utsatt for kysterosjon<\/strong>en prosentandel som n\u00e5r 100 % hvis omr\u00e5der beskyttet av kunstig forsvar ekskluderes. If\u00f8lge studien er omr\u00e5dene som er mest utsatt for erosjon <strong>Po-deltaet, Serchio, Arno og Ombrone i Toscana<\/strong> og den <strong>Sinni-deltaet i Basilicata<\/strong>. I disse omr\u00e5dene er tilbaketrekkingen av kystlinjen og reduksjonen av sedimenttransport ved elvene sv\u00e6rt betydelig. Spesielt trekker munningene til Arno og Serchio seg stadig tilbake med 2-3 m per \u00e5r, mens Ombrone-deltaet trekker seg tilbake med opptil 5-6 m per \u00e5r. Enda mer alvorlig er situasjonen i Sinni-deltaet i Basilicata, hvor erosjonsraten er blant de h\u00f8yeste i Italia, med en <strong>retrett over 10 m per \u00e5r<\/strong>. Studien ga en <strong>database for hele det nasjonale territoriet<\/strong>avgj\u00f8rende for riktig planlegging av fremtidige forsvarsarbeider i de mest s\u00e5rbare kystomr\u00e5dene, som for eksempel elvedeltaer.<\/p>\n<div class=\"cp_wrapper cp_wrapper--fw mb-50\">\n<figure class=\"mm\"><picture class=\"img\" style=\"padding-top:65.288035450517%\"><source  media=\"(min-width: 1024px)\"><source  media=\"(min-width: 768px)\"><img decoding=\"async\" loading=\"lazy\" src=\"https:\/\/nordnesrepublikken.no\/wp-content\/uploads\/2026\/03\/1774641052_371_66-av-italienske-elvedeltaer-trekker-seg-tilbake-til-10.jpg\" alt=\"Bilde\" width=\"677\" height=\"442\"\/><\/source><\/source><\/picture><\/figure>\n<\/p><\/div>\n<h2><strong>De viktigste \u00e5rsakene til kysttilbaketrekking gjennom \u00e5rene<\/strong><\/h2>\n<p>I l\u00f8pet av det siste \u00e5rhundret i Italia, som i store deler av Middelhavet, har klimaendringer f\u00f8rt til en <strong>nedgang i samlet \u00e5rlig nedb\u00f8r<\/strong> som sammen med uttak av materiale fra elvebunnene og bygging av demninger har redusert elvenes evne til \u00e5 transportere sedimenter til kysten betydelig og dermed n\u00e6ring til strendene. Samtidig er<strong> hyppigheten av ekstremv\u00e6r<\/strong>drevet av den intense fordampningen av varmt hav. Disse hendelsene er assosiert med stormflo som kan for\u00e5rsake flom som kan endre kystmorfologi. Disse faktorene, sammen med havniv\u00e5stigning og<strong>urbanisering<\/strong>som resulterte i \u00f8deleggelse av kystvegetasjon, har bidratt til \u00e5 fremskynde erosjonen av v\u00e5re kyster. I Italia, fra syttitallet til i dag, har erosjon <strong>forbrukt mer enn 40 millioner kvadratmeter med strender<\/strong>. Fenomenet setter <strong>landskapet og \u00f8kosystemene er i fare,<\/strong> men ogs\u00e5 infrastruktur, bygninger og sj\u00f8turisme.<\/p>\n<div class=\"cp_wrapper cp_wrapper--fw mb-50\">\n<figure class=\"mm\"><picture class=\"img\" style=\"padding-top:116.75257731959%\"><source  media=\"(min-width: 1024px)\"><source  media=\"(min-width: 768px)\"><img decoding=\"async\" loading=\"lazy\" src=\"https:\/\/nordnesrepublikken.no\/wp-content\/uploads\/2026\/03\/1774641052_838_66-av-italienske-elvedeltaer-trekker-seg-tilbake-til-10.jpg\" alt=\"Bilde\" width=\"388\" height=\"453\" class=\"js-seedtag-img\"\/><\/source><\/source><\/picture><\/figure>\n<\/p><\/div>\n<h2><strong>Hvordan kystretrett studeres i Italia<\/strong><\/h2>\n<p>Fenomenet kysterosjon i Italia overv\u00e5kes n\u00f8ye, ved hjelp av kartografi, fly- og satellittbilder, droner og GPS. Ulempen med <strong>kartografi<\/strong> h\u00f8y oppl\u00f8sning er at den ikke produseres ofte nok til at vi kan analysere variasjonene til kysten i detalj over tid. <strong>GPS og droner<\/strong> de samler inn data med st\u00f8rre frekvens og bedre oppl\u00f8sning, men bruken er relativt ny, s\u00e5 de tillater ikke \u00e5 unders\u00f8ke utviklingen av kystene i en fjernere fortid. De <strong>satellittbilder<\/strong> i stedet lar de oss observere store omr\u00e5der, med kontinuitet over tid og h\u00f8y definisjon, og anskaffelsen av dem begynte for over 40 \u00e5r siden, noe som gj\u00f8r dem ideelle for \u00e5 studere fenomenet. I den aktuelle forskningen ble f\u00f8lgende brukt: <strong>satellittdata<\/strong> \u00e5 dokumentere i <strong>endringer i italienske sandkyster mellom 1984 og 2024<\/strong>.<\/p>\n<div class=\"cp_wrapper cp_wrapper--fw mb-50\">\n<figure class=\"mm\"><picture class=\"img\" style=\"padding-top:50.655624568668%\"><source  media=\"(min-width: 1024px)\"><source  media=\"(min-width: 768px)\"><img decoding=\"async\" loading=\"lazy\" src=\"https:\/\/nordnesrepublikken.no\/wp-content\/uploads\/2026\/03\/1774641052_448_66-av-italienske-elvedeltaer-trekker-seg-tilbake-til-10.jpg\" alt=\"Bilde\" width=\"1449\" height=\"734\"\/><\/source><\/source><\/picture><\/figure>\n<\/p><\/div>\n<\/p><\/div>\n","protected":false},"excerpt":{"rendered":"<p>De klimaendringer har hatt en dramatisk innvirkning p\u00e5 italienske kysterspesielt ved munningen av elvene, hvor<\/p>\n","protected":false},"author":1,"featured_media":16325,"comment_status":"closed","ping_status":"open","sticky":false,"template":"","format":"standard","meta":{"footnotes":""},"categories":[26],"tags":[595,10580,782,10581,312,96,262,117,825,4100],"class_list":["post-16324","post","type-post","status-publish","format-standard","has-post-thumbnail","hentry","category-miljo","tag-ar","tag-elvedeltaer","tag-italienske","tag-kysterosjon","tag-meter","tag-seg","tag-studien","tag-til","tag-tilbake","tag-trekker","generate-columns","tablet-grid-50","mobile-grid-100","grid-parent","grid-33","resize-featured-image"],"yoast_head":"<!-- This site is optimized with the Yoast SEO plugin v24.4 - https:\/\/yoast.com\/wordpress\/plugins\/seo\/ -->\n<title>66 % av italienske elvedeltaer trekker seg tilbake til 10 meter per \u00e5r: studien om kysterosjon - Nordnesrepublikken<\/title>\n<meta name=\"robots\" content=\"index, follow, max-snippet:-1, max-image-preview:large, max-video-preview:-1\" \/>\n<link rel=\"canonical\" href=\"https:\/\/nordnesrepublikken.no\/index.php\/2026\/03\/27\/66-av-italienske-elvedeltaer-trekker-seg-tilbake-til-10-meter-per-ar-studien-om-kysterosjon\/\" \/>\n<meta property=\"og:locale\" content=\"nb_NO\" \/>\n<meta property=\"og:type\" content=\"article\" \/>\n<meta property=\"og:title\" content=\"66 % av italienske elvedeltaer trekker seg tilbake til 10 meter per \u00e5r: studien om kysterosjon - Nordnesrepublikken\" \/>\n<meta property=\"og:description\" content=\"De klimaendringer har hatt en dramatisk innvirkning p\u00e5 italienske kysterspesielt ved munningen av elvene, hvor\" \/>\n<meta property=\"og:url\" content=\"https:\/\/nordnesrepublikken.no\/index.php\/2026\/03\/27\/66-av-italienske-elvedeltaer-trekker-seg-tilbake-til-10-meter-per-ar-studien-om-kysterosjon\/\" \/>\n<meta property=\"og:site_name\" content=\"Nordnesrepublikken\" \/>\n<meta property=\"article:published_time\" content=\"2026-03-27T19:50:52+00:00\" \/>\n<meta property=\"article:modified_time\" content=\"2026-03-27T19:50:55+00:00\" \/>\n<meta property=\"og:image\" content=\"https:\/\/nordnesrepublikken.no\/wp-content\/uploads\/2026\/03\/1774641053_66-av-italienske-elvedeltaer-trekker-seg-tilbake-til-10.jpg\" \/>\n\t<meta property=\"og:image:width\" content=\"2549\" \/>\n\t<meta property=\"og:image:height\" content=\"1491\" \/>\n\t<meta property=\"og:image:type\" content=\"image\/jpeg\" \/>\n<meta name=\"author\" content=\"Ole Andersen\" \/>\n<meta name=\"twitter:card\" content=\"summary_large_image\" \/>\n<meta name=\"twitter:label1\" content=\"Skrevet av\" \/>\n\t<meta name=\"twitter:data1\" content=\"Ole Andersen\" \/>\n\t<meta name=\"twitter:label2\" content=\"Ansl. lesetid\" \/>\n\t<meta name=\"twitter:data2\" content=\"3 minutter\" \/>\n<script type=\"application\/ld+json\" class=\"yoast-schema-graph\">{\"@context\":\"https:\/\/schema.org\",\"@graph\":[{\"@type\":\"Article\",\"@id\":\"https:\/\/nordnesrepublikken.no\/index.php\/2026\/03\/27\/66-av-italienske-elvedeltaer-trekker-seg-tilbake-til-10-meter-per-ar-studien-om-kysterosjon\/#article\",\"isPartOf\":{\"@id\":\"https:\/\/nordnesrepublikken.no\/index.php\/2026\/03\/27\/66-av-italienske-elvedeltaer-trekker-seg-tilbake-til-10-meter-per-ar-studien-om-kysterosjon\/\"},\"author\":{\"name\":\"Ole Andersen\",\"@id\":\"https:\/\/nordnesrepublikken.no\/#\/schema\/person\/2e7e81935bab77882fffb79296240ff1\"},\"headline\":\"66 % av italienske elvedeltaer trekker seg tilbake til 10 meter per \u00e5r: studien om kysterosjon\",\"datePublished\":\"2026-03-27T19:50:52+00:00\",\"dateModified\":\"2026-03-27T19:50:55+00:00\",\"mainEntityOfPage\":{\"@id\":\"https:\/\/nordnesrepublikken.no\/index.php\/2026\/03\/27\/66-av-italienske-elvedeltaer-trekker-seg-tilbake-til-10-meter-per-ar-studien-om-kysterosjon\/\"},\"wordCount\":539,\"publisher\":{\"@id\":\"https:\/\/nordnesrepublikken.no\/#organization\"},\"image\":{\"@id\":\"https:\/\/nordnesrepublikken.no\/index.php\/2026\/03\/27\/66-av-italienske-elvedeltaer-trekker-seg-tilbake-til-10-meter-per-ar-studien-om-kysterosjon\/#primaryimage\"},\"thumbnailUrl\":\"https:\/\/nordnesrepublikken.no\/wp-content\/uploads\/2026\/03\/1774641053_66-av-italienske-elvedeltaer-trekker-seg-tilbake-til-10.jpg\",\"keywords\":[\"\u00e5r\",\"elvedeltaer\",\"italienske\",\"kysterosjon\",\"meter\",\"seg\",\"studien\",\"til\",\"tilbake\",\"trekker\"],\"articleSection\":[\"Milj\u00f8\"],\"inLanguage\":\"nb-NO\"},{\"@type\":\"WebPage\",\"@id\":\"https:\/\/nordnesrepublikken.no\/index.php\/2026\/03\/27\/66-av-italienske-elvedeltaer-trekker-seg-tilbake-til-10-meter-per-ar-studien-om-kysterosjon\/\",\"url\":\"https:\/\/nordnesrepublikken.no\/index.php\/2026\/03\/27\/66-av-italienske-elvedeltaer-trekker-seg-tilbake-til-10-meter-per-ar-studien-om-kysterosjon\/\",\"name\":\"66 % av italienske elvedeltaer trekker seg tilbake til 10 meter per \u00e5r: studien om kysterosjon - Nordnesrepublikken\",\"isPartOf\":{\"@id\":\"https:\/\/nordnesrepublikken.no\/#website\"},\"primaryImageOfPage\":{\"@id\":\"https:\/\/nordnesrepublikken.no\/index.php\/2026\/03\/27\/66-av-italienske-elvedeltaer-trekker-seg-tilbake-til-10-meter-per-ar-studien-om-kysterosjon\/#primaryimage\"},\"image\":{\"@id\":\"https:\/\/nordnesrepublikken.no\/index.php\/2026\/03\/27\/66-av-italienske-elvedeltaer-trekker-seg-tilbake-til-10-meter-per-ar-studien-om-kysterosjon\/#primaryimage\"},\"thumbnailUrl\":\"https:\/\/nordnesrepublikken.no\/wp-content\/uploads\/2026\/03\/1774641053_66-av-italienske-elvedeltaer-trekker-seg-tilbake-til-10.jpg\",\"datePublished\":\"2026-03-27T19:50:52+00:00\",\"dateModified\":\"2026-03-27T19:50:55+00:00\",\"breadcrumb\":{\"@id\":\"https:\/\/nordnesrepublikken.no\/index.php\/2026\/03\/27\/66-av-italienske-elvedeltaer-trekker-seg-tilbake-til-10-meter-per-ar-studien-om-kysterosjon\/#breadcrumb\"},\"inLanguage\":\"nb-NO\",\"potentialAction\":[{\"@type\":\"ReadAction\",\"target\":[\"https:\/\/nordnesrepublikken.no\/index.php\/2026\/03\/27\/66-av-italienske-elvedeltaer-trekker-seg-tilbake-til-10-meter-per-ar-studien-om-kysterosjon\/\"]}]},{\"@type\":\"ImageObject\",\"inLanguage\":\"nb-NO\",\"@id\":\"https:\/\/nordnesrepublikken.no\/index.php\/2026\/03\/27\/66-av-italienske-elvedeltaer-trekker-seg-tilbake-til-10-meter-per-ar-studien-om-kysterosjon\/#primaryimage\",\"url\":\"https:\/\/nordnesrepublikken.no\/wp-content\/uploads\/2026\/03\/1774641053_66-av-italienske-elvedeltaer-trekker-seg-tilbake-til-10.jpg\",\"contentUrl\":\"https:\/\/nordnesrepublikken.no\/wp-content\/uploads\/2026\/03\/1774641053_66-av-italienske-elvedeltaer-trekker-seg-tilbake-til-10.jpg\",\"width\":2549,\"height\":1491,\"caption\":\"66 % av italienske elvedeltaer trekker seg tilbake til 10 meter per \u00e5r: studien om kysterosjon\"},{\"@type\":\"BreadcrumbList\",\"@id\":\"https:\/\/nordnesrepublikken.no\/index.php\/2026\/03\/27\/66-av-italienske-elvedeltaer-trekker-seg-tilbake-til-10-meter-per-ar-studien-om-kysterosjon\/#breadcrumb\",\"itemListElement\":[{\"@type\":\"ListItem\",\"position\":1,\"name\":\"Home\",\"item\":\"https:\/\/nordnesrepublikken.no\/\"},{\"@type\":\"ListItem\",\"position\":2,\"name\":\"66 % av italienske elvedeltaer trekker seg tilbake til 10 meter per \u00e5r: studien om kysterosjon\"}]},{\"@type\":\"WebSite\",\"@id\":\"https:\/\/nordnesrepublikken.no\/#website\",\"url\":\"https:\/\/nordnesrepublikken.no\/\",\"name\":\"Nordnesrepublikken\",\"description\":\"Stemmer og Visjoner fra Republikkens Hjerte\",\"publisher\":{\"@id\":\"https:\/\/nordnesrepublikken.no\/#organization\"},\"potentialAction\":[{\"@type\":\"SearchAction\",\"target\":{\"@type\":\"EntryPoint\",\"urlTemplate\":\"https:\/\/nordnesrepublikken.no\/?s={search_term_string}\"},\"query-input\":{\"@type\":\"PropertyValueSpecification\",\"valueRequired\":true,\"valueName\":\"search_term_string\"}}],\"inLanguage\":\"nb-NO\"},{\"@type\":\"Organization\",\"@id\":\"https:\/\/nordnesrepublikken.no\/#organization\",\"name\":\"Nordnesrepublikken\",\"url\":\"https:\/\/nordnesrepublikken.no\/\",\"logo\":{\"@type\":\"ImageObject\",\"inLanguage\":\"nb-NO\",\"@id\":\"https:\/\/nordnesrepublikken.no\/#\/schema\/logo\/image\/\",\"url\":\"https:\/\/nordnesrepublikken.no\/wp-content\/uploads\/2025\/02\/cropped-nordnesrepublikken-2.png\",\"contentUrl\":\"https:\/\/nordnesrepublikken.no\/wp-content\/uploads\/2025\/02\/cropped-nordnesrepublikken-2.png\",\"width\":1248,\"height\":362,\"caption\":\"Nordnesrepublikken\"},\"image\":{\"@id\":\"https:\/\/nordnesrepublikken.no\/#\/schema\/logo\/image\/\"}},{\"@type\":\"Person\",\"@id\":\"https:\/\/nordnesrepublikken.no\/#\/schema\/person\/2e7e81935bab77882fffb79296240ff1\",\"name\":\"Ole Andersen\",\"image\":{\"@type\":\"ImageObject\",\"inLanguage\":\"nb-NO\",\"@id\":\"https:\/\/nordnesrepublikken.no\/#\/schema\/person\/image\/\",\"url\":\"https:\/\/nordnesrepublikken.no\/wp-content\/uploads\/2025\/02\/nordnesrepublikken-2-2-150x150.jpg\",\"contentUrl\":\"https:\/\/nordnesrepublikken.no\/wp-content\/uploads\/2025\/02\/nordnesrepublikken-2-2-150x150.jpg\",\"caption\":\"Ole Andersen\"},\"description\":\"Ettersom jeg vokste opp i Oslo, har jeg alltid v\u00e6rt fascinert av ordenes kraft og deres evne til \u00e5 skape endringer. Etter \u00e5 ha fullf\u00f8rt min utdannelse i kommunikasjon ved Universitetet i Bergen, fikk jeg muligheten til \u00e5 jobbe innen ulike medier, der jeg har s\u00f8kt \u00e5 belyse viktige samfunnssp\u00f8rsm\u00e5l. I dag, som redakt\u00f8r for Nordnesrepublikken, pr\u00f8ver jeg \u00e5 forene min kj\u00e6rlighet for journalistikk med min lidenskap for innovasjon og eventyr.\",\"sameAs\":[\"https:\/\/nordnesrepublikken.no\/\"]}]}<\/script>\n<!-- \/ Yoast SEO plugin. -->","yoast_head_json":{"title":"66 % av italienske elvedeltaer trekker seg tilbake til 10 meter per \u00e5r: studien om kysterosjon - Nordnesrepublikken","robots":{"index":"index","follow":"follow","max-snippet":"max-snippet:-1","max-image-preview":"max-image-preview:large","max-video-preview":"max-video-preview:-1"},"canonical":"https:\/\/nordnesrepublikken.no\/index.php\/2026\/03\/27\/66-av-italienske-elvedeltaer-trekker-seg-tilbake-til-10-meter-per-ar-studien-om-kysterosjon\/","og_locale":"nb_NO","og_type":"article","og_title":"66 % av italienske elvedeltaer trekker seg tilbake til 10 meter per \u00e5r: studien om kysterosjon - Nordnesrepublikken","og_description":"De klimaendringer har hatt en dramatisk innvirkning p\u00e5 italienske kysterspesielt ved munningen av elvene, hvor","og_url":"https:\/\/nordnesrepublikken.no\/index.php\/2026\/03\/27\/66-av-italienske-elvedeltaer-trekker-seg-tilbake-til-10-meter-per-ar-studien-om-kysterosjon\/","og_site_name":"Nordnesrepublikken","article_published_time":"2026-03-27T19:50:52+00:00","article_modified_time":"2026-03-27T19:50:55+00:00","og_image":[{"width":2549,"height":1491,"url":"https:\/\/nordnesrepublikken.no\/wp-content\/uploads\/2026\/03\/1774641053_66-av-italienske-elvedeltaer-trekker-seg-tilbake-til-10.jpg","type":"image\/jpeg"}],"author":"Ole Andersen","twitter_card":"summary_large_image","twitter_misc":{"Skrevet av":"Ole Andersen","Ansl. lesetid":"3 minutter"},"schema":{"@context":"https:\/\/schema.org","@graph":[{"@type":"Article","@id":"https:\/\/nordnesrepublikken.no\/index.php\/2026\/03\/27\/66-av-italienske-elvedeltaer-trekker-seg-tilbake-til-10-meter-per-ar-studien-om-kysterosjon\/#article","isPartOf":{"@id":"https:\/\/nordnesrepublikken.no\/index.php\/2026\/03\/27\/66-av-italienske-elvedeltaer-trekker-seg-tilbake-til-10-meter-per-ar-studien-om-kysterosjon\/"},"author":{"name":"Ole Andersen","@id":"https:\/\/nordnesrepublikken.no\/#\/schema\/person\/2e7e81935bab77882fffb79296240ff1"},"headline":"66 % av italienske elvedeltaer trekker seg tilbake til 10 meter per \u00e5r: studien om kysterosjon","datePublished":"2026-03-27T19:50:52+00:00","dateModified":"2026-03-27T19:50:55+00:00","mainEntityOfPage":{"@id":"https:\/\/nordnesrepublikken.no\/index.php\/2026\/03\/27\/66-av-italienske-elvedeltaer-trekker-seg-tilbake-til-10-meter-per-ar-studien-om-kysterosjon\/"},"wordCount":539,"publisher":{"@id":"https:\/\/nordnesrepublikken.no\/#organization"},"image":{"@id":"https:\/\/nordnesrepublikken.no\/index.php\/2026\/03\/27\/66-av-italienske-elvedeltaer-trekker-seg-tilbake-til-10-meter-per-ar-studien-om-kysterosjon\/#primaryimage"},"thumbnailUrl":"https:\/\/nordnesrepublikken.no\/wp-content\/uploads\/2026\/03\/1774641053_66-av-italienske-elvedeltaer-trekker-seg-tilbake-til-10.jpg","keywords":["\u00e5r","elvedeltaer","italienske","kysterosjon","meter","seg","studien","til","tilbake","trekker"],"articleSection":["Milj\u00f8"],"inLanguage":"nb-NO"},{"@type":"WebPage","@id":"https:\/\/nordnesrepublikken.no\/index.php\/2026\/03\/27\/66-av-italienske-elvedeltaer-trekker-seg-tilbake-til-10-meter-per-ar-studien-om-kysterosjon\/","url":"https:\/\/nordnesrepublikken.no\/index.php\/2026\/03\/27\/66-av-italienske-elvedeltaer-trekker-seg-tilbake-til-10-meter-per-ar-studien-om-kysterosjon\/","name":"66 % av italienske elvedeltaer trekker seg tilbake til 10 meter per \u00e5r: studien om kysterosjon - Nordnesrepublikken","isPartOf":{"@id":"https:\/\/nordnesrepublikken.no\/#website"},"primaryImageOfPage":{"@id":"https:\/\/nordnesrepublikken.no\/index.php\/2026\/03\/27\/66-av-italienske-elvedeltaer-trekker-seg-tilbake-til-10-meter-per-ar-studien-om-kysterosjon\/#primaryimage"},"image":{"@id":"https:\/\/nordnesrepublikken.no\/index.php\/2026\/03\/27\/66-av-italienske-elvedeltaer-trekker-seg-tilbake-til-10-meter-per-ar-studien-om-kysterosjon\/#primaryimage"},"thumbnailUrl":"https:\/\/nordnesrepublikken.no\/wp-content\/uploads\/2026\/03\/1774641053_66-av-italienske-elvedeltaer-trekker-seg-tilbake-til-10.jpg","datePublished":"2026-03-27T19:50:52+00:00","dateModified":"2026-03-27T19:50:55+00:00","breadcrumb":{"@id":"https:\/\/nordnesrepublikken.no\/index.php\/2026\/03\/27\/66-av-italienske-elvedeltaer-trekker-seg-tilbake-til-10-meter-per-ar-studien-om-kysterosjon\/#breadcrumb"},"inLanguage":"nb-NO","potentialAction":[{"@type":"ReadAction","target":["https:\/\/nordnesrepublikken.no\/index.php\/2026\/03\/27\/66-av-italienske-elvedeltaer-trekker-seg-tilbake-til-10-meter-per-ar-studien-om-kysterosjon\/"]}]},{"@type":"ImageObject","inLanguage":"nb-NO","@id":"https:\/\/nordnesrepublikken.no\/index.php\/2026\/03\/27\/66-av-italienske-elvedeltaer-trekker-seg-tilbake-til-10-meter-per-ar-studien-om-kysterosjon\/#primaryimage","url":"https:\/\/nordnesrepublikken.no\/wp-content\/uploads\/2026\/03\/1774641053_66-av-italienske-elvedeltaer-trekker-seg-tilbake-til-10.jpg","contentUrl":"https:\/\/nordnesrepublikken.no\/wp-content\/uploads\/2026\/03\/1774641053_66-av-italienske-elvedeltaer-trekker-seg-tilbake-til-10.jpg","width":2549,"height":1491,"caption":"66 % av italienske elvedeltaer trekker seg tilbake til 10 meter per \u00e5r: studien om kysterosjon"},{"@type":"BreadcrumbList","@id":"https:\/\/nordnesrepublikken.no\/index.php\/2026\/03\/27\/66-av-italienske-elvedeltaer-trekker-seg-tilbake-til-10-meter-per-ar-studien-om-kysterosjon\/#breadcrumb","itemListElement":[{"@type":"ListItem","position":1,"name":"Home","item":"https:\/\/nordnesrepublikken.no\/"},{"@type":"ListItem","position":2,"name":"66 % av italienske elvedeltaer trekker seg tilbake til 10 meter per \u00e5r: studien om kysterosjon"}]},{"@type":"WebSite","@id":"https:\/\/nordnesrepublikken.no\/#website","url":"https:\/\/nordnesrepublikken.no\/","name":"Nordnesrepublikken","description":"Stemmer og Visjoner fra Republikkens Hjerte","publisher":{"@id":"https:\/\/nordnesrepublikken.no\/#organization"},"potentialAction":[{"@type":"SearchAction","target":{"@type":"EntryPoint","urlTemplate":"https:\/\/nordnesrepublikken.no\/?s={search_term_string}"},"query-input":{"@type":"PropertyValueSpecification","valueRequired":true,"valueName":"search_term_string"}}],"inLanguage":"nb-NO"},{"@type":"Organization","@id":"https:\/\/nordnesrepublikken.no\/#organization","name":"Nordnesrepublikken","url":"https:\/\/nordnesrepublikken.no\/","logo":{"@type":"ImageObject","inLanguage":"nb-NO","@id":"https:\/\/nordnesrepublikken.no\/#\/schema\/logo\/image\/","url":"https:\/\/nordnesrepublikken.no\/wp-content\/uploads\/2025\/02\/cropped-nordnesrepublikken-2.png","contentUrl":"https:\/\/nordnesrepublikken.no\/wp-content\/uploads\/2025\/02\/cropped-nordnesrepublikken-2.png","width":1248,"height":362,"caption":"Nordnesrepublikken"},"image":{"@id":"https:\/\/nordnesrepublikken.no\/#\/schema\/logo\/image\/"}},{"@type":"Person","@id":"https:\/\/nordnesrepublikken.no\/#\/schema\/person\/2e7e81935bab77882fffb79296240ff1","name":"Ole Andersen","image":{"@type":"ImageObject","inLanguage":"nb-NO","@id":"https:\/\/nordnesrepublikken.no\/#\/schema\/person\/image\/","url":"https:\/\/nordnesrepublikken.no\/wp-content\/uploads\/2025\/02\/nordnesrepublikken-2-2-150x150.jpg","contentUrl":"https:\/\/nordnesrepublikken.no\/wp-content\/uploads\/2025\/02\/nordnesrepublikken-2-2-150x150.jpg","caption":"Ole Andersen"},"description":"Ettersom jeg vokste opp i Oslo, har jeg alltid v\u00e6rt fascinert av ordenes kraft og deres evne til \u00e5 skape endringer. Etter \u00e5 ha fullf\u00f8rt min utdannelse i kommunikasjon ved Universitetet i Bergen, fikk jeg muligheten til \u00e5 jobbe innen ulike medier, der jeg har s\u00f8kt \u00e5 belyse viktige samfunnssp\u00f8rsm\u00e5l. I dag, som redakt\u00f8r for Nordnesrepublikken, pr\u00f8ver jeg \u00e5 forene min kj\u00e6rlighet for journalistikk med min lidenskap for innovasjon og eventyr.","sameAs":["https:\/\/nordnesrepublikken.no\/"]}]}},"_links":{"self":[{"href":"https:\/\/nordnesrepublikken.no\/index.php\/wp-json\/wp\/v2\/posts\/16324","targetHints":{"allow":["GET"]}}],"collection":[{"href":"https:\/\/nordnesrepublikken.no\/index.php\/wp-json\/wp\/v2\/posts"}],"about":[{"href":"https:\/\/nordnesrepublikken.no\/index.php\/wp-json\/wp\/v2\/types\/post"}],"author":[{"embeddable":true,"href":"https:\/\/nordnesrepublikken.no\/index.php\/wp-json\/wp\/v2\/users\/1"}],"replies":[{"embeddable":true,"href":"https:\/\/nordnesrepublikken.no\/index.php\/wp-json\/wp\/v2\/comments?post=16324"}],"version-history":[{"count":1,"href":"https:\/\/nordnesrepublikken.no\/index.php\/wp-json\/wp\/v2\/posts\/16324\/revisions"}],"predecessor-version":[{"id":16326,"href":"https:\/\/nordnesrepublikken.no\/index.php\/wp-json\/wp\/v2\/posts\/16324\/revisions\/16326"}],"wp:featuredmedia":[{"embeddable":true,"href":"https:\/\/nordnesrepublikken.no\/index.php\/wp-json\/wp\/v2\/media\/16325"}],"wp:attachment":[{"href":"https:\/\/nordnesrepublikken.no\/index.php\/wp-json\/wp\/v2\/media?parent=16324"}],"wp:term":[{"taxonomy":"category","embeddable":true,"href":"https:\/\/nordnesrepublikken.no\/index.php\/wp-json\/wp\/v2\/categories?post=16324"},{"taxonomy":"post_tag","embeddable":true,"href":"https:\/\/nordnesrepublikken.no\/index.php\/wp-json\/wp\/v2\/tags?post=16324"}],"curies":[{"name":"wp","href":"https:\/\/api.w.org\/{rel}","templated":true}]}}