{"id":16300,"date":"2026-03-27T08:51:32","date_gmt":"2026-03-27T07:51:32","guid":{"rendered":"https:\/\/nordnesrepublikken.no\/index.php\/2026\/03\/27\/nye-bmw-i3-fortsetter-den-ikoniske-sportssalongen-i-den-elektriske-tidsalderen\/"},"modified":"2026-03-27T08:51:34","modified_gmt":"2026-03-27T07:51:34","slug":"nye-bmw-i3-fortsetter-den-ikoniske-sportssalongen-i-den-elektriske-tidsalderen","status":"publish","type":"post","link":"https:\/\/nordnesrepublikken.no\/index.php\/2026\/03\/27\/nye-bmw-i3-fortsetter-den-ikoniske-sportssalongen-i-den-elektriske-tidsalderen\/","title":{"rendered":"Nye BMW i3 fortsetter den ikoniske sportssalongen i den elektriske tidsalderen"},"content":{"rendered":"<p><\/p>\n<div class=\"wordpress-content\">\n                    <!-- Article Start --><\/p>\n<p>BMW 3-serie er selve essensen av BMW-merket og har i fem ti\u00e5r v\u00e6rt en ikonisk modell for den tyske bilprodusenten. Den nye helelektriske BMW i3 bygger p\u00e5 denne arven samtidig som den tar et teknologisk kvantesprang inn i en ny elektrisk \u00e6ra.<\/p>\n<p><span id=\"more-564613\"><\/span><\/p>\n<p>BMW hevder at den nye i3 er i stand til \u00e5 dekke opptil 900 km p\u00e5 en enkelt lading. Serien lanseres med modellvarianten 50 xDrive, som drives av to elektriske motorer som driver for- og bakakselen for \u00e5 utvikle en kombinert systemeffekt p\u00e5 469 hk og 645 Nm dreiemoment.<\/p>\n<div class=\"sra_unit\"><link rel=\"stylesheet\" id=\"block-sra\" href=\"https:\/\/euroweeklynews.com\/wp-content\/plugins\/snack-related-articles\/dist\/css\/snack-related.min.css?250312-193541\" type=\"text\/css\" media=\"all\">\n<\/div>\n<p>i3 tilbyr en moderne tolkning av kjennetegnet BMW Sedan-design med sin nye 2,5-boks silhuett. Designet er preget av en lang akselavstand med korte overheng og en skr\u00e5nende taklinje. Frontenden er skulpturert i en hai-nese-design og sentrert rundt en horisontal nyregrill.<\/p>\n<p>Innvendig er BMW Panoramic iDrive plassert foran og i midten, som best\u00e5r av fire n\u00f8kkelkomponenter: BMW Panoramic Vision-display, BMW 3D Head-Up Display som tilleggsutstyr, det f\u00f8rerorienterte sentraldisplayet og det nye multifunksjonsrattet. Elektrisk betjente d\u00f8r\u00e5pnere foran og bak og midtkonsollen mellom f\u00f8rer- og passasjerseter inkluderer et oppbevaringsrom med induktiv ladefunksjon.<\/p>\n<p>Kunder vil kunne tilpasse interi\u00f8ret og eksteri\u00f8ret til deres i3 med forskjellige utstyrsniv\u00e5er, inkludert M Sport, etter suksessen p\u00e5 det britiske markedet. Elleve eksteri\u00f8rlakk er tilgjengelig fra lansering, inkludert nye M Le Castellet Blue \u2013 eksklusivt for BMW i3.<\/p>\n<p>Kunder vil ha omfattende alternativer for personalisering innen omr\u00e5dene lys, lyd, skjermer og kj\u00f8ringer via Mine moduser med moduser som Sport, Effektiv og Stille.<\/p>\n<p>Den nye BMW i3 vil fortsette \u00e5 motta nye funksjoner, optimert ytelse eller AI-st\u00f8ttede funksjoner via programvareoppdateringer lenge etter kj\u00f8pet. Alle fremtidige BMW-modeller vil ha elektronikk- og programvarearkitekturen utviklet for Neue Klasse.<\/p>\n<p>Den nye i3 vil bli bygget hjemme hos BMW Group, M\u00fcnchen, som har produsert biler i over et \u00e5rhundre. I l\u00f8pet av de siste fire \u00e5rene har produksjonsanlegget gjennomg\u00e5tt en betydelig modernisering med bygging av et nytt karosseriverksted, banebrytende monteringsanlegg og logistikkplass. N\u00e5 i sluttfasen av utvidelsen, vil Plant Munich starte BMW i3-produksjonen i august, med f\u00f8rste britiske kundeleveranser ventet til h\u00f8sten.<\/p>\n<p>Ytterligere informasjon, inkludert priser i Storbritannia og detaljerte modellspesifikasjoner vil f\u00f8lge etter hvert.<\/p>\n<p>                    <!-- Originally published at https:\/\/euroweeklynews.com\/2026\/03\/25\/new-bmw-i3-continues-iconic-sports-saloon-in-the-electric-age\/ on 25 Mar 2026 at 9:00 by Mark Slack --><br \/>\n                    <!-- Article End -->\n                <\/div>\n","protected":false},"excerpt":{"rendered":"<p>BMW 3-serie er selve essensen av BMW-merket og har i fem ti\u00e5r v\u00e6rt en ikonisk<\/p>\n","protected":false},"author":1,"featured_media":16301,"comment_status":"closed","ping_status":"open","sticky":false,"template":"","format":"standard","meta":{"footnotes":""},"categories":[105],"tags":[10568,74,1652,305,3855,260,10569,10570],"class_list":["post-16300","post","type-post","status-publish","format-standard","has-post-thumbnail","hentry","category-livsstil","tag-bmw","tag-den","tag-elektriske","tag-fortsetter","tag-ikoniske","tag-nye","tag-sportssalongen","tag-tidsalderen","generate-columns","tablet-grid-50","mobile-grid-100","grid-parent","grid-33","resize-featured-image"],"yoast_head":"<!-- This site is optimized with the Yoast SEO plugin v24.4 - https:\/\/yoast.com\/wordpress\/plugins\/seo\/ -->\n<title>Nye BMW i3 fortsetter den ikoniske sportssalongen i den elektriske tidsalderen - Nordnesrepublikken<\/title>\n<meta name=\"robots\" content=\"index, follow, max-snippet:-1, max-image-preview:large, max-video-preview:-1\" \/>\n<link rel=\"canonical\" href=\"https:\/\/nordnesrepublikken.no\/index.php\/2026\/03\/27\/nye-bmw-i3-fortsetter-den-ikoniske-sportssalongen-i-den-elektriske-tidsalderen\/\" \/>\n<meta property=\"og:locale\" content=\"nb_NO\" \/>\n<meta property=\"og:type\" content=\"article\" \/>\n<meta property=\"og:title\" content=\"Nye BMW i3 fortsetter den ikoniske sportssalongen i den elektriske tidsalderen - Nordnesrepublikken\" \/>\n<meta property=\"og:description\" content=\"BMW 3-serie er selve essensen av BMW-merket og har i fem ti\u00e5r v\u00e6rt en ikonisk\" \/>\n<meta property=\"og:url\" content=\"https:\/\/nordnesrepublikken.no\/index.php\/2026\/03\/27\/nye-bmw-i3-fortsetter-den-ikoniske-sportssalongen-i-den-elektriske-tidsalderen\/\" \/>\n<meta property=\"og:site_name\" content=\"Nordnesrepublikken\" \/>\n<meta property=\"article:published_time\" content=\"2026-03-27T07:51:32+00:00\" \/>\n<meta property=\"article:modified_time\" content=\"2026-03-27T07:51:34+00:00\" \/>\n<meta property=\"og:image\" content=\"https:\/\/nordnesrepublikken.no\/wp-content\/uploads\/2026\/03\/1774597893_Nye-BMW-i3-fortsetter-den-ikoniske-sportssalongen-i-den-elektriske.jpg\" \/>\n\t<meta property=\"og:image:width\" content=\"1600\" \/>\n\t<meta property=\"og:image:height\" content=\"900\" \/>\n\t<meta property=\"og:image:type\" content=\"image\/jpeg\" \/>\n<meta name=\"author\" content=\"Ole Andersen\" \/>\n<meta name=\"twitter:card\" content=\"summary_large_image\" \/>\n<meta name=\"twitter:label1\" content=\"Skrevet av\" \/>\n\t<meta name=\"twitter:data1\" content=\"Ole Andersen\" \/>\n\t<meta name=\"twitter:label2\" content=\"Ansl. lesetid\" \/>\n\t<meta name=\"twitter:data2\" content=\"2 minutter\" \/>\n<script type=\"application\/ld+json\" class=\"yoast-schema-graph\">{\"@context\":\"https:\/\/schema.org\",\"@graph\":[{\"@type\":\"Article\",\"@id\":\"https:\/\/nordnesrepublikken.no\/index.php\/2026\/03\/27\/nye-bmw-i3-fortsetter-den-ikoniske-sportssalongen-i-den-elektriske-tidsalderen\/#article\",\"isPartOf\":{\"@id\":\"https:\/\/nordnesrepublikken.no\/index.php\/2026\/03\/27\/nye-bmw-i3-fortsetter-den-ikoniske-sportssalongen-i-den-elektriske-tidsalderen\/\"},\"author\":{\"name\":\"Ole Andersen\",\"@id\":\"https:\/\/nordnesrepublikken.no\/#\/schema\/person\/2e7e81935bab77882fffb79296240ff1\"},\"headline\":\"Nye BMW i3 fortsetter den ikoniske sportssalongen i den elektriske tidsalderen\",\"datePublished\":\"2026-03-27T07:51:32+00:00\",\"dateModified\":\"2026-03-27T07:51:34+00:00\",\"mainEntityOfPage\":{\"@id\":\"https:\/\/nordnesrepublikken.no\/index.php\/2026\/03\/27\/nye-bmw-i3-fortsetter-den-ikoniske-sportssalongen-i-den-elektriske-tidsalderen\/\"},\"wordCount\":377,\"publisher\":{\"@id\":\"https:\/\/nordnesrepublikken.no\/#organization\"},\"image\":{\"@id\":\"https:\/\/nordnesrepublikken.no\/index.php\/2026\/03\/27\/nye-bmw-i3-fortsetter-den-ikoniske-sportssalongen-i-den-elektriske-tidsalderen\/#primaryimage\"},\"thumbnailUrl\":\"https:\/\/nordnesrepublikken.no\/wp-content\/uploads\/2026\/03\/1774597893_Nye-BMW-i3-fortsetter-den-ikoniske-sportssalongen-i-den-elektriske.jpg\",\"keywords\":[\"BMW\",\"den\",\"elektriske\",\"fortsetter\",\"ikoniske\",\"nye\",\"sportssalongen\",\"tidsalderen\"],\"articleSection\":[\"Livsstil\"],\"inLanguage\":\"nb-NO\"},{\"@type\":\"WebPage\",\"@id\":\"https:\/\/nordnesrepublikken.no\/index.php\/2026\/03\/27\/nye-bmw-i3-fortsetter-den-ikoniske-sportssalongen-i-den-elektriske-tidsalderen\/\",\"url\":\"https:\/\/nordnesrepublikken.no\/index.php\/2026\/03\/27\/nye-bmw-i3-fortsetter-den-ikoniske-sportssalongen-i-den-elektriske-tidsalderen\/\",\"name\":\"Nye BMW i3 fortsetter den ikoniske sportssalongen i den elektriske tidsalderen - Nordnesrepublikken\",\"isPartOf\":{\"@id\":\"https:\/\/nordnesrepublikken.no\/#website\"},\"primaryImageOfPage\":{\"@id\":\"https:\/\/nordnesrepublikken.no\/index.php\/2026\/03\/27\/nye-bmw-i3-fortsetter-den-ikoniske-sportssalongen-i-den-elektriske-tidsalderen\/#primaryimage\"},\"image\":{\"@id\":\"https:\/\/nordnesrepublikken.no\/index.php\/2026\/03\/27\/nye-bmw-i3-fortsetter-den-ikoniske-sportssalongen-i-den-elektriske-tidsalderen\/#primaryimage\"},\"thumbnailUrl\":\"https:\/\/nordnesrepublikken.no\/wp-content\/uploads\/2026\/03\/1774597893_Nye-BMW-i3-fortsetter-den-ikoniske-sportssalongen-i-den-elektriske.jpg\",\"datePublished\":\"2026-03-27T07:51:32+00:00\",\"dateModified\":\"2026-03-27T07:51:34+00:00\",\"breadcrumb\":{\"@id\":\"https:\/\/nordnesrepublikken.no\/index.php\/2026\/03\/27\/nye-bmw-i3-fortsetter-den-ikoniske-sportssalongen-i-den-elektriske-tidsalderen\/#breadcrumb\"},\"inLanguage\":\"nb-NO\",\"potentialAction\":[{\"@type\":\"ReadAction\",\"target\":[\"https:\/\/nordnesrepublikken.no\/index.php\/2026\/03\/27\/nye-bmw-i3-fortsetter-den-ikoniske-sportssalongen-i-den-elektriske-tidsalderen\/\"]}]},{\"@type\":\"ImageObject\",\"inLanguage\":\"nb-NO\",\"@id\":\"https:\/\/nordnesrepublikken.no\/index.php\/2026\/03\/27\/nye-bmw-i3-fortsetter-den-ikoniske-sportssalongen-i-den-elektriske-tidsalderen\/#primaryimage\",\"url\":\"https:\/\/nordnesrepublikken.no\/wp-content\/uploads\/2026\/03\/1774597893_Nye-BMW-i3-fortsetter-den-ikoniske-sportssalongen-i-den-elektriske.jpg\",\"contentUrl\":\"https:\/\/nordnesrepublikken.no\/wp-content\/uploads\/2026\/03\/1774597893_Nye-BMW-i3-fortsetter-den-ikoniske-sportssalongen-i-den-elektriske.jpg\",\"width\":1600,\"height\":900,\"caption\":\"Nye BMW i3 fortsetter den ikoniske sportssalongen i den elektriske tidsalderen\"},{\"@type\":\"BreadcrumbList\",\"@id\":\"https:\/\/nordnesrepublikken.no\/index.php\/2026\/03\/27\/nye-bmw-i3-fortsetter-den-ikoniske-sportssalongen-i-den-elektriske-tidsalderen\/#breadcrumb\",\"itemListElement\":[{\"@type\":\"ListItem\",\"position\":1,\"name\":\"Home\",\"item\":\"https:\/\/nordnesrepublikken.no\/\"},{\"@type\":\"ListItem\",\"position\":2,\"name\":\"Nye BMW i3 fortsetter den ikoniske sportssalongen i den elektriske tidsalderen\"}]},{\"@type\":\"WebSite\",\"@id\":\"https:\/\/nordnesrepublikken.no\/#website\",\"url\":\"https:\/\/nordnesrepublikken.no\/\",\"name\":\"Nordnesrepublikken\",\"description\":\"Stemmer og Visjoner fra Republikkens Hjerte\",\"publisher\":{\"@id\":\"https:\/\/nordnesrepublikken.no\/#organization\"},\"potentialAction\":[{\"@type\":\"SearchAction\",\"target\":{\"@type\":\"EntryPoint\",\"urlTemplate\":\"https:\/\/nordnesrepublikken.no\/?s={search_term_string}\"},\"query-input\":{\"@type\":\"PropertyValueSpecification\",\"valueRequired\":true,\"valueName\":\"search_term_string\"}}],\"inLanguage\":\"nb-NO\"},{\"@type\":\"Organization\",\"@id\":\"https:\/\/nordnesrepublikken.no\/#organization\",\"name\":\"Nordnesrepublikken\",\"url\":\"https:\/\/nordnesrepublikken.no\/\",\"logo\":{\"@type\":\"ImageObject\",\"inLanguage\":\"nb-NO\",\"@id\":\"https:\/\/nordnesrepublikken.no\/#\/schema\/logo\/image\/\",\"url\":\"https:\/\/nordnesrepublikken.no\/wp-content\/uploads\/2025\/02\/cropped-nordnesrepublikken-2.png\",\"contentUrl\":\"https:\/\/nordnesrepublikken.no\/wp-content\/uploads\/2025\/02\/cropped-nordnesrepublikken-2.png\",\"width\":1248,\"height\":362,\"caption\":\"Nordnesrepublikken\"},\"image\":{\"@id\":\"https:\/\/nordnesrepublikken.no\/#\/schema\/logo\/image\/\"}},{\"@type\":\"Person\",\"@id\":\"https:\/\/nordnesrepublikken.no\/#\/schema\/person\/2e7e81935bab77882fffb79296240ff1\",\"name\":\"Ole Andersen\",\"image\":{\"@type\":\"ImageObject\",\"inLanguage\":\"nb-NO\",\"@id\":\"https:\/\/nordnesrepublikken.no\/#\/schema\/person\/image\/\",\"url\":\"https:\/\/nordnesrepublikken.no\/wp-content\/uploads\/2025\/02\/nordnesrepublikken-2-2-150x150.jpg\",\"contentUrl\":\"https:\/\/nordnesrepublikken.no\/wp-content\/uploads\/2025\/02\/nordnesrepublikken-2-2-150x150.jpg\",\"caption\":\"Ole Andersen\"},\"description\":\"Ettersom jeg vokste opp i Oslo, har jeg alltid v\u00e6rt fascinert av ordenes kraft og deres evne til \u00e5 skape endringer. Etter \u00e5 ha fullf\u00f8rt min utdannelse i kommunikasjon ved Universitetet i Bergen, fikk jeg muligheten til \u00e5 jobbe innen ulike medier, der jeg har s\u00f8kt \u00e5 belyse viktige samfunnssp\u00f8rsm\u00e5l. I dag, som redakt\u00f8r for Nordnesrepublikken, pr\u00f8ver jeg \u00e5 forene min kj\u00e6rlighet for journalistikk med min lidenskap for innovasjon og eventyr.\",\"sameAs\":[\"https:\/\/nordnesrepublikken.no\/\"]}]}<\/script>\n<!-- \/ Yoast SEO plugin. -->","yoast_head_json":{"title":"Nye BMW i3 fortsetter den ikoniske sportssalongen i den elektriske tidsalderen - Nordnesrepublikken","robots":{"index":"index","follow":"follow","max-snippet":"max-snippet:-1","max-image-preview":"max-image-preview:large","max-video-preview":"max-video-preview:-1"},"canonical":"https:\/\/nordnesrepublikken.no\/index.php\/2026\/03\/27\/nye-bmw-i3-fortsetter-den-ikoniske-sportssalongen-i-den-elektriske-tidsalderen\/","og_locale":"nb_NO","og_type":"article","og_title":"Nye BMW i3 fortsetter den ikoniske sportssalongen i den elektriske tidsalderen - Nordnesrepublikken","og_description":"BMW 3-serie er selve essensen av BMW-merket og har i fem ti\u00e5r v\u00e6rt en ikonisk","og_url":"https:\/\/nordnesrepublikken.no\/index.php\/2026\/03\/27\/nye-bmw-i3-fortsetter-den-ikoniske-sportssalongen-i-den-elektriske-tidsalderen\/","og_site_name":"Nordnesrepublikken","article_published_time":"2026-03-27T07:51:32+00:00","article_modified_time":"2026-03-27T07:51:34+00:00","og_image":[{"width":1600,"height":900,"url":"https:\/\/nordnesrepublikken.no\/wp-content\/uploads\/2026\/03\/1774597893_Nye-BMW-i3-fortsetter-den-ikoniske-sportssalongen-i-den-elektriske.jpg","type":"image\/jpeg"}],"author":"Ole Andersen","twitter_card":"summary_large_image","twitter_misc":{"Skrevet av":"Ole Andersen","Ansl. lesetid":"2 minutter"},"schema":{"@context":"https:\/\/schema.org","@graph":[{"@type":"Article","@id":"https:\/\/nordnesrepublikken.no\/index.php\/2026\/03\/27\/nye-bmw-i3-fortsetter-den-ikoniske-sportssalongen-i-den-elektriske-tidsalderen\/#article","isPartOf":{"@id":"https:\/\/nordnesrepublikken.no\/index.php\/2026\/03\/27\/nye-bmw-i3-fortsetter-den-ikoniske-sportssalongen-i-den-elektriske-tidsalderen\/"},"author":{"name":"Ole Andersen","@id":"https:\/\/nordnesrepublikken.no\/#\/schema\/person\/2e7e81935bab77882fffb79296240ff1"},"headline":"Nye BMW i3 fortsetter den ikoniske sportssalongen i den elektriske tidsalderen","datePublished":"2026-03-27T07:51:32+00:00","dateModified":"2026-03-27T07:51:34+00:00","mainEntityOfPage":{"@id":"https:\/\/nordnesrepublikken.no\/index.php\/2026\/03\/27\/nye-bmw-i3-fortsetter-den-ikoniske-sportssalongen-i-den-elektriske-tidsalderen\/"},"wordCount":377,"publisher":{"@id":"https:\/\/nordnesrepublikken.no\/#organization"},"image":{"@id":"https:\/\/nordnesrepublikken.no\/index.php\/2026\/03\/27\/nye-bmw-i3-fortsetter-den-ikoniske-sportssalongen-i-den-elektriske-tidsalderen\/#primaryimage"},"thumbnailUrl":"https:\/\/nordnesrepublikken.no\/wp-content\/uploads\/2026\/03\/1774597893_Nye-BMW-i3-fortsetter-den-ikoniske-sportssalongen-i-den-elektriske.jpg","keywords":["BMW","den","elektriske","fortsetter","ikoniske","nye","sportssalongen","tidsalderen"],"articleSection":["Livsstil"],"inLanguage":"nb-NO"},{"@type":"WebPage","@id":"https:\/\/nordnesrepublikken.no\/index.php\/2026\/03\/27\/nye-bmw-i3-fortsetter-den-ikoniske-sportssalongen-i-den-elektriske-tidsalderen\/","url":"https:\/\/nordnesrepublikken.no\/index.php\/2026\/03\/27\/nye-bmw-i3-fortsetter-den-ikoniske-sportssalongen-i-den-elektriske-tidsalderen\/","name":"Nye BMW i3 fortsetter den ikoniske sportssalongen i den elektriske tidsalderen - Nordnesrepublikken","isPartOf":{"@id":"https:\/\/nordnesrepublikken.no\/#website"},"primaryImageOfPage":{"@id":"https:\/\/nordnesrepublikken.no\/index.php\/2026\/03\/27\/nye-bmw-i3-fortsetter-den-ikoniske-sportssalongen-i-den-elektriske-tidsalderen\/#primaryimage"},"image":{"@id":"https:\/\/nordnesrepublikken.no\/index.php\/2026\/03\/27\/nye-bmw-i3-fortsetter-den-ikoniske-sportssalongen-i-den-elektriske-tidsalderen\/#primaryimage"},"thumbnailUrl":"https:\/\/nordnesrepublikken.no\/wp-content\/uploads\/2026\/03\/1774597893_Nye-BMW-i3-fortsetter-den-ikoniske-sportssalongen-i-den-elektriske.jpg","datePublished":"2026-03-27T07:51:32+00:00","dateModified":"2026-03-27T07:51:34+00:00","breadcrumb":{"@id":"https:\/\/nordnesrepublikken.no\/index.php\/2026\/03\/27\/nye-bmw-i3-fortsetter-den-ikoniske-sportssalongen-i-den-elektriske-tidsalderen\/#breadcrumb"},"inLanguage":"nb-NO","potentialAction":[{"@type":"ReadAction","target":["https:\/\/nordnesrepublikken.no\/index.php\/2026\/03\/27\/nye-bmw-i3-fortsetter-den-ikoniske-sportssalongen-i-den-elektriske-tidsalderen\/"]}]},{"@type":"ImageObject","inLanguage":"nb-NO","@id":"https:\/\/nordnesrepublikken.no\/index.php\/2026\/03\/27\/nye-bmw-i3-fortsetter-den-ikoniske-sportssalongen-i-den-elektriske-tidsalderen\/#primaryimage","url":"https:\/\/nordnesrepublikken.no\/wp-content\/uploads\/2026\/03\/1774597893_Nye-BMW-i3-fortsetter-den-ikoniske-sportssalongen-i-den-elektriske.jpg","contentUrl":"https:\/\/nordnesrepublikken.no\/wp-content\/uploads\/2026\/03\/1774597893_Nye-BMW-i3-fortsetter-den-ikoniske-sportssalongen-i-den-elektriske.jpg","width":1600,"height":900,"caption":"Nye BMW i3 fortsetter den ikoniske sportssalongen i den elektriske tidsalderen"},{"@type":"BreadcrumbList","@id":"https:\/\/nordnesrepublikken.no\/index.php\/2026\/03\/27\/nye-bmw-i3-fortsetter-den-ikoniske-sportssalongen-i-den-elektriske-tidsalderen\/#breadcrumb","itemListElement":[{"@type":"ListItem","position":1,"name":"Home","item":"https:\/\/nordnesrepublikken.no\/"},{"@type":"ListItem","position":2,"name":"Nye BMW i3 fortsetter den ikoniske sportssalongen i den elektriske tidsalderen"}]},{"@type":"WebSite","@id":"https:\/\/nordnesrepublikken.no\/#website","url":"https:\/\/nordnesrepublikken.no\/","name":"Nordnesrepublikken","description":"Stemmer og Visjoner fra Republikkens Hjerte","publisher":{"@id":"https:\/\/nordnesrepublikken.no\/#organization"},"potentialAction":[{"@type":"SearchAction","target":{"@type":"EntryPoint","urlTemplate":"https:\/\/nordnesrepublikken.no\/?s={search_term_string}"},"query-input":{"@type":"PropertyValueSpecification","valueRequired":true,"valueName":"search_term_string"}}],"inLanguage":"nb-NO"},{"@type":"Organization","@id":"https:\/\/nordnesrepublikken.no\/#organization","name":"Nordnesrepublikken","url":"https:\/\/nordnesrepublikken.no\/","logo":{"@type":"ImageObject","inLanguage":"nb-NO","@id":"https:\/\/nordnesrepublikken.no\/#\/schema\/logo\/image\/","url":"https:\/\/nordnesrepublikken.no\/wp-content\/uploads\/2025\/02\/cropped-nordnesrepublikken-2.png","contentUrl":"https:\/\/nordnesrepublikken.no\/wp-content\/uploads\/2025\/02\/cropped-nordnesrepublikken-2.png","width":1248,"height":362,"caption":"Nordnesrepublikken"},"image":{"@id":"https:\/\/nordnesrepublikken.no\/#\/schema\/logo\/image\/"}},{"@type":"Person","@id":"https:\/\/nordnesrepublikken.no\/#\/schema\/person\/2e7e81935bab77882fffb79296240ff1","name":"Ole Andersen","image":{"@type":"ImageObject","inLanguage":"nb-NO","@id":"https:\/\/nordnesrepublikken.no\/#\/schema\/person\/image\/","url":"https:\/\/nordnesrepublikken.no\/wp-content\/uploads\/2025\/02\/nordnesrepublikken-2-2-150x150.jpg","contentUrl":"https:\/\/nordnesrepublikken.no\/wp-content\/uploads\/2025\/02\/nordnesrepublikken-2-2-150x150.jpg","caption":"Ole Andersen"},"description":"Ettersom jeg vokste opp i Oslo, har jeg alltid v\u00e6rt fascinert av ordenes kraft og deres evne til \u00e5 skape endringer. Etter \u00e5 ha fullf\u00f8rt min utdannelse i kommunikasjon ved Universitetet i Bergen, fikk jeg muligheten til \u00e5 jobbe innen ulike medier, der jeg har s\u00f8kt \u00e5 belyse viktige samfunnssp\u00f8rsm\u00e5l. I dag, som redakt\u00f8r for Nordnesrepublikken, pr\u00f8ver jeg \u00e5 forene min kj\u00e6rlighet for journalistikk med min lidenskap for innovasjon og eventyr.","sameAs":["https:\/\/nordnesrepublikken.no\/"]}]}},"_links":{"self":[{"href":"https:\/\/nordnesrepublikken.no\/index.php\/wp-json\/wp\/v2\/posts\/16300","targetHints":{"allow":["GET"]}}],"collection":[{"href":"https:\/\/nordnesrepublikken.no\/index.php\/wp-json\/wp\/v2\/posts"}],"about":[{"href":"https:\/\/nordnesrepublikken.no\/index.php\/wp-json\/wp\/v2\/types\/post"}],"author":[{"embeddable":true,"href":"https:\/\/nordnesrepublikken.no\/index.php\/wp-json\/wp\/v2\/users\/1"}],"replies":[{"embeddable":true,"href":"https:\/\/nordnesrepublikken.no\/index.php\/wp-json\/wp\/v2\/comments?post=16300"}],"version-history":[{"count":1,"href":"https:\/\/nordnesrepublikken.no\/index.php\/wp-json\/wp\/v2\/posts\/16300\/revisions"}],"predecessor-version":[{"id":16302,"href":"https:\/\/nordnesrepublikken.no\/index.php\/wp-json\/wp\/v2\/posts\/16300\/revisions\/16302"}],"wp:featuredmedia":[{"embeddable":true,"href":"https:\/\/nordnesrepublikken.no\/index.php\/wp-json\/wp\/v2\/media\/16301"}],"wp:attachment":[{"href":"https:\/\/nordnesrepublikken.no\/index.php\/wp-json\/wp\/v2\/media?parent=16300"}],"wp:term":[{"taxonomy":"category","embeddable":true,"href":"https:\/\/nordnesrepublikken.no\/index.php\/wp-json\/wp\/v2\/categories?post=16300"},{"taxonomy":"post_tag","embeddable":true,"href":"https:\/\/nordnesrepublikken.no\/index.php\/wp-json\/wp\/v2\/tags?post=16300"}],"curies":[{"name":"wp","href":"https:\/\/api.w.org\/{rel}","templated":true}]}}