{"id":16294,"date":"2026-03-27T02:50:54","date_gmt":"2026-03-27T01:50:54","guid":{"rendered":"https:\/\/nordnesrepublikken.no\/index.php\/2026\/03\/27\/menneskelige-levninger-dukker-opp-igjen-under-en-kirke-i-maastricht\/"},"modified":"2026-03-27T02:50:56","modified_gmt":"2026-03-27T01:50:56","slug":"menneskelige-levninger-dukker-opp-igjen-under-en-kirke-i-maastricht","status":"publish","type":"post","link":"https:\/\/nordnesrepublikken.no\/index.php\/2026\/03\/27\/menneskelige-levninger-dukker-opp-igjen-under-en-kirke-i-maastricht\/","title":{"rendered":"Menneskelige levninger dukker opp igjen under en kirke i Maastricht"},"content":{"rendered":"<div>\n<div class=\"cp_wrapper cp_wrapper--fw mb-30 mb-20@tablet\">\n<figure class=\"mm\"><picture class=\"img\" style=\"padding-top:56.25%\"><source  media=\"(min-width: 1024px)\"><source  media=\"(min-width: 768px)\"><\/source><\/source><\/picture><\/figure>\n<\/p><\/div>\n<p>Under restaureringen av en kirke i den nederlandske byen <strong>Maastricht<\/strong> noen arbeidere oppdaget en <strong>skjelett<\/strong> som kan v\u00e6re den franske adelsmannen og soldaten <strong>Charles de Batz-Castelmore<\/strong>kjent for de fleste som <strong>d&#8217;Artagnan<\/strong>hvis gjerninger presset <strong>Alexander Dumas<\/strong> \u00e5 skrive om ham i syklusen av eventyr og spennende romaner&raquo;<strong>De tre musketerer<\/strong>&laquo;.<\/p>\n<h2>Den p\u00e5st\u00e5tte oppdagelsen av den &laquo;fjerde musketeren&raquo;<\/h2>\n<p>Mer enn tre og et halvt \u00e5rhundre etter d\u00f8den til den heroiske franske soldaten, mysteriet rundt hvor han befant seg <strong>begravelse<\/strong> kunne kanskje endelig l\u00f8ses, gitt <strong>oppdagelse av noen bein<\/strong> under det kollapsede gulvet i en kirke i Maastricht, det av <strong>De hellige Peter og Paulus<\/strong> i Wolder-distriktet.<\/p>\n<div class=\"cp_wrapper cp_wrapper--fw mb-50\">\n<figure class=\"mm\"><picture class=\"img\" style=\"padding-top:56.179775280899%\"><source  media=\"(min-width: 1024px)\"><source  media=\"(min-width: 768px)\"><img decoding=\"async\" loading=\"lazy\" src=\"https:\/\/nordnesrepublikken.no\/wp-content\/uploads\/2026\/03\/Menneskelige-levninger-dukker-opp-igjen-under-en-kirke-i-Maastricht.jpg\" alt=\"Bilde\" width=\"2848\" height=\"1600\"\/><\/source><\/source><\/picture><\/figure>\n<\/p><\/div>\n<p><strong>Wim Dijkman<\/strong>en pensjonert arkeolog som brukte 28 \u00e5r p\u00e5 \u00e5 s\u00f8ke etter musketerens gravsted (for alltid <strong>ukjent<\/strong>), ble oppringt av diakon Jos Valke p\u00e5 et blunk.<\/p>\n<p>Skjelettet ble gravlagt rett i n\u00e6rheten av<strong>alter<\/strong>i vigslet jord, og i graven var det<strong> en fransk mynt av tiden<\/strong>. P\u00e5 den er treffet av en kule rett p\u00e5 brystniv\u00e5 tydelig synlig, som den som drepte den tapre krigeren. Derfor trodde vi umiddelbart at det var ham.<\/p>\n<div class=\"cp_wrapper cp_wrapper--fw mb-50\">\n<figure class=\"mm\"><picture class=\"img\" style=\"padding-top:53.654743390358%\"><source  media=\"(min-width: 1024px)\"><source  media=\"(min-width: 768px)\"><img decoding=\"async\" loading=\"lazy\" src=\"https:\/\/nordnesrepublikken.no\/wp-content\/uploads\/2026\/03\/1774576254_419_Menneskelige-levninger-dukker-opp-igjen-under-en-kirke-i-Maastricht.jpg\" alt=\"Bilde\" width=\"1286\" height=\"690\" class=\"js-seedtag-img\"\/><\/source><\/source><\/picture><\/figure>\n<\/p><\/div>\n<p>Skjelettet er for tiden i en <strong>arkeologisk institutt i Deventer for unders\u00f8kelser p\u00e5 h\u00f8yt niv\u00e5 <\/strong>og i et laboratorium i M\u00fcnchen utf\u00f8rer et team av forskere eksperimenter <strong>analyse p\u00e5 en DNA-pr\u00f8ve<\/strong> som vil bli sammenlignet med de levert av etterkommerne til d&#8217;Artagnans far for \u00e5 verifisere mulig tilstedev\u00e6relse av en fyrstikk. Dijkman sa:<\/p>\n<blockquote>\n<p>Alle typer analyser og unders\u00f8kelser p\u00e5g\u00e5r, b\u00e5de i inn- og utland. Vi vil v\u00e6re helt sikre p\u00e5 at det er d&#8217;Artagnan.<\/p>\n<\/blockquote>\n<div class=\"cp_wrapper cp_wrapper--fw mb-50\">\n<figure class=\"mm\"><picture class=\"img\" style=\"padding-top:56.159420289855%\"><source  media=\"(min-width: 1024px)\"><source  media=\"(min-width: 768px)\"><img decoding=\"async\" loading=\"lazy\" src=\"https:\/\/nordnesrepublikken.no\/wp-content\/uploads\/2026\/03\/1774576254_783_Menneskelige-levninger-dukker-opp-igjen-under-en-kirke-i-Maastricht.jpg\" alt=\"Bilde\" width=\"1104\" height=\"620\"\/><\/source><\/source><\/picture><\/figure>\n<\/p><\/div>\n<h2>Hvem var mannen bak den ekte D&#8217;Artagnan<\/h2>\n<p>Charles de Batz-Castelmore ble f\u00f8dt mellom 1611 og 1615 i slottet Castelmore, i <b>Gascogne<\/b>en historisk region som ligger p\u00e5 grensen mellom Frankrike og Spania. Av provinsiell og beskjeden adel forlot han i 1630-\u00e5rene sitt hjemland for \u00e5 ankomme Paris, og tok sin mors navn, &laquo;D&#8217;Artagnan&raquo;, for et sp\u00f8rsm\u00e5l om prestisje (moren hans var faktisk datter av herren av Artagnan, en kommune i Oksitania).<\/p>\n<p>I 1635 ble det en del av <b>Gardes musketerer<\/b> under Ludvig XIII, og i 1657 overtok han kommandoen. Med sin karisma og formidable milit\u00e6re ferdigheter ble han snart den foretrukne mannen <strong>Kardinal Mazarin<\/strong> og h\u00f8yre &laquo;operat\u00f8r&raquo; av <b>Ludvig XIV<\/b>.<\/p>\n<div class=\"cp_wrapper cp_wrapper--fw mb-50\">\n<figure class=\"mm\"><picture class=\"img\" style=\"padding-top:136.8%\"><source  media=\"(min-width: 1024px)\"><source  media=\"(min-width: 768px)\"><img decoding=\"async\" loading=\"lazy\" src=\"https:\/\/nordnesrepublikken.no\/wp-content\/uploads\/2026\/03\/1774576254_869_Menneskelige-levninger-dukker-opp-igjen-under-en-kirke-i-Maastricht.jpg\" alt=\"Bilde\" width=\"250\" height=\"342\" class=\"js-seedtag-img\"\/><\/source><\/source><\/picture><\/figure>\n<\/p><\/div>\n<p>Det var han som utf\u00f8rte den oppsiktsvekkende arrestasjonen av den franske finansinspekt\u00f8ren <strong>Nicolas Fouquet<\/strong> i 1661. Fouquet ble faktisk etterforsket for <b>underslag av offentlige midler<\/b> og fremfor alt forr\u00e6deri. Faktisk var ikke politikeren spesielt smart, fordi han skaml\u00f8st viste en rikdom som var overlegen kongens, og slapp l\u00f8s sinne og misunnelse etter en overd\u00e5dig fest i slottet til <b>Vaux-le-Vicomte<\/b>. Det var bare halmen som knuste ryggen p\u00e5 kamelen.<\/p>\n<p>Som kaptein-l\u00f8ytnant av musketerene omorganiserte D&#8217;Artagnan korpset og gjorde det til en milit\u00e6r elite, og samtidig var han i en viss periode ogs\u00e5 guvern\u00f8r i Lille, selv om han foretrakk slagmarken fremfor byr\u00e5krati.<\/p>\n<p>Den modige musketeren d\u00f8de truffet av en muskettkule <b>25. juni 1673<\/b>under beleiringen av <b>Maastricht<\/b>et vendepunkt i den nederlandske krigen som s\u00e5 Frankrike og England mellom De forente provinser (n\u00e5 Nederland). Til tross for hans d\u00f8d var beleiringen en triumf av milit\u00e6rstrategi fra selskapets side, spesielt takket v\u00e6re de parallelle skyttergravene designet av ingeni\u00f8ren S\u00e9bastien Le Prestre de Vauban.<\/p>\n<p>Hans tapre d\u00f8d innviet ham som en heroisk fighter klar til \u00e5 gj\u00f8re hva som helst for hjemlandet, og inspirerte ogs\u00e5 pennen til <strong>Alexander Dumas<\/strong>og ble hovedpersonen i hans mest kjente roman, &laquo;<strong>De tre musketerer<\/strong>&raquo; av 1844.<\/p>\n<p>Dumas&#8217; bok har siden blitt filmatisert flere ganger, med d&#8217;Artagnan spilt av skuespillere av kaliberet Douglas Fairbanks, Michael York, Chris O&#8217;Donnell, Logan Lerman og Fran\u00e7ois Civil. Karakteren ble s\u00e5 ber\u00f8mt at han til og med ble en sverdsvingende beagle i animasjonsserien p\u00e5 begynnelsen av 80-tallet.<strong>Hundene og de tre musketerene<\/strong>&laquo;.<\/p>\n<div class=\"cp_wrapper cp_wrapper--fw mb-50\">\n<figure class=\"mm\"><picture class=\"img\" style=\"padding-top:75%\"><source  media=\"(min-width: 1024px)\"><source  media=\"(min-width: 768px)\"><img decoding=\"async\" loading=\"lazy\" src=\"https:\/\/nordnesrepublikken.no\/wp-content\/uploads\/2026\/03\/1774576254_19_Menneskelige-levninger-dukker-opp-igjen-under-en-kirke-i-Maastricht.jpg\" alt=\"Bilde\" width=\"840\" height=\"630\"\/><\/source><\/source><\/picture><\/figure>\n<\/p><\/div>\n<\/p><\/div>\n","protected":false},"excerpt":{"rendered":"<p>Under restaureringen av en kirke i den nederlandske byen Maastricht noen arbeidere oppdaget en skjelett<\/p>\n","protected":false},"author":1,"featured_media":16295,"comment_status":"closed","ping_status":"open","sticky":false,"template":"","format":"standard","meta":{"footnotes":""},"categories":[104],"tags":[10564,1215,5601,8950,10565,1267,283],"class_list":["post-16294","post","type-post","status-publish","format-standard","has-post-thumbnail","hentry","category-samfunn","tag-dukker","tag-igjen","tag-kirke","tag-levninger","tag-maastricht","tag-menneskelige","tag-opp","generate-columns","tablet-grid-50","mobile-grid-100","grid-parent","grid-33","resize-featured-image"],"yoast_head":"<!-- This site is optimized with the Yoast SEO plugin v24.4 - https:\/\/yoast.com\/wordpress\/plugins\/seo\/ -->\n<title>Menneskelige levninger dukker opp igjen under en kirke i Maastricht - Nordnesrepublikken<\/title>\n<meta name=\"robots\" content=\"index, follow, max-snippet:-1, max-image-preview:large, max-video-preview:-1\" \/>\n<link rel=\"canonical\" href=\"https:\/\/nordnesrepublikken.no\/index.php\/2026\/03\/27\/menneskelige-levninger-dukker-opp-igjen-under-en-kirke-i-maastricht\/\" \/>\n<meta property=\"og:locale\" content=\"nb_NO\" \/>\n<meta property=\"og:type\" content=\"article\" \/>\n<meta property=\"og:title\" content=\"Menneskelige levninger dukker opp igjen under en kirke i Maastricht - Nordnesrepublikken\" \/>\n<meta property=\"og:description\" content=\"Under restaureringen av en kirke i den nederlandske byen Maastricht noen arbeidere oppdaget en skjelett\" \/>\n<meta property=\"og:url\" content=\"https:\/\/nordnesrepublikken.no\/index.php\/2026\/03\/27\/menneskelige-levninger-dukker-opp-igjen-under-en-kirke-i-maastricht\/\" \/>\n<meta property=\"og:site_name\" content=\"Nordnesrepublikken\" \/>\n<meta property=\"article:published_time\" content=\"2026-03-27T01:50:54+00:00\" \/>\n<meta property=\"article:modified_time\" content=\"2026-03-27T01:50:56+00:00\" \/>\n<meta property=\"og:image\" content=\"https:\/\/nordnesrepublikken.no\/wp-content\/uploads\/2026\/03\/1774576255_Menneskelige-levninger-dukker-opp-igjen-under-en-kirke-i-Maastricht.jpeg\" \/>\n\t<meta property=\"og:image:width\" content=\"1376\" \/>\n\t<meta property=\"og:image:height\" content=\"768\" \/>\n\t<meta property=\"og:image:type\" content=\"image\/jpeg\" \/>\n<meta name=\"author\" content=\"Ole Andersen\" \/>\n<meta name=\"twitter:card\" content=\"summary_large_image\" \/>\n<meta name=\"twitter:label1\" content=\"Skrevet av\" \/>\n\t<meta name=\"twitter:data1\" content=\"Ole Andersen\" \/>\n\t<meta name=\"twitter:label2\" content=\"Ansl. lesetid\" \/>\n\t<meta name=\"twitter:data2\" content=\"3 minutter\" \/>\n<script type=\"application\/ld+json\" class=\"yoast-schema-graph\">{\"@context\":\"https:\/\/schema.org\",\"@graph\":[{\"@type\":\"Article\",\"@id\":\"https:\/\/nordnesrepublikken.no\/index.php\/2026\/03\/27\/menneskelige-levninger-dukker-opp-igjen-under-en-kirke-i-maastricht\/#article\",\"isPartOf\":{\"@id\":\"https:\/\/nordnesrepublikken.no\/index.php\/2026\/03\/27\/menneskelige-levninger-dukker-opp-igjen-under-en-kirke-i-maastricht\/\"},\"author\":{\"name\":\"Ole Andersen\",\"@id\":\"https:\/\/nordnesrepublikken.no\/#\/schema\/person\/2e7e81935bab77882fffb79296240ff1\"},\"headline\":\"Menneskelige levninger dukker opp igjen under en kirke i Maastricht\",\"datePublished\":\"2026-03-27T01:50:54+00:00\",\"dateModified\":\"2026-03-27T01:50:56+00:00\",\"mainEntityOfPage\":{\"@id\":\"https:\/\/nordnesrepublikken.no\/index.php\/2026\/03\/27\/menneskelige-levninger-dukker-opp-igjen-under-en-kirke-i-maastricht\/\"},\"wordCount\":655,\"publisher\":{\"@id\":\"https:\/\/nordnesrepublikken.no\/#organization\"},\"image\":{\"@id\":\"https:\/\/nordnesrepublikken.no\/index.php\/2026\/03\/27\/menneskelige-levninger-dukker-opp-igjen-under-en-kirke-i-maastricht\/#primaryimage\"},\"thumbnailUrl\":\"https:\/\/nordnesrepublikken.no\/wp-content\/uploads\/2026\/03\/1774576255_Menneskelige-levninger-dukker-opp-igjen-under-en-kirke-i-Maastricht.jpeg\",\"keywords\":[\"dukker\",\"igjen\",\"kirke\",\"levninger\",\"Maastricht\",\"menneskelige\",\"opp\"],\"articleSection\":[\"Samfunn\"],\"inLanguage\":\"nb-NO\"},{\"@type\":\"WebPage\",\"@id\":\"https:\/\/nordnesrepublikken.no\/index.php\/2026\/03\/27\/menneskelige-levninger-dukker-opp-igjen-under-en-kirke-i-maastricht\/\",\"url\":\"https:\/\/nordnesrepublikken.no\/index.php\/2026\/03\/27\/menneskelige-levninger-dukker-opp-igjen-under-en-kirke-i-maastricht\/\",\"name\":\"Menneskelige levninger dukker opp igjen under en kirke i Maastricht - Nordnesrepublikken\",\"isPartOf\":{\"@id\":\"https:\/\/nordnesrepublikken.no\/#website\"},\"primaryImageOfPage\":{\"@id\":\"https:\/\/nordnesrepublikken.no\/index.php\/2026\/03\/27\/menneskelige-levninger-dukker-opp-igjen-under-en-kirke-i-maastricht\/#primaryimage\"},\"image\":{\"@id\":\"https:\/\/nordnesrepublikken.no\/index.php\/2026\/03\/27\/menneskelige-levninger-dukker-opp-igjen-under-en-kirke-i-maastricht\/#primaryimage\"},\"thumbnailUrl\":\"https:\/\/nordnesrepublikken.no\/wp-content\/uploads\/2026\/03\/1774576255_Menneskelige-levninger-dukker-opp-igjen-under-en-kirke-i-Maastricht.jpeg\",\"datePublished\":\"2026-03-27T01:50:54+00:00\",\"dateModified\":\"2026-03-27T01:50:56+00:00\",\"breadcrumb\":{\"@id\":\"https:\/\/nordnesrepublikken.no\/index.php\/2026\/03\/27\/menneskelige-levninger-dukker-opp-igjen-under-en-kirke-i-maastricht\/#breadcrumb\"},\"inLanguage\":\"nb-NO\",\"potentialAction\":[{\"@type\":\"ReadAction\",\"target\":[\"https:\/\/nordnesrepublikken.no\/index.php\/2026\/03\/27\/menneskelige-levninger-dukker-opp-igjen-under-en-kirke-i-maastricht\/\"]}]},{\"@type\":\"ImageObject\",\"inLanguage\":\"nb-NO\",\"@id\":\"https:\/\/nordnesrepublikken.no\/index.php\/2026\/03\/27\/menneskelige-levninger-dukker-opp-igjen-under-en-kirke-i-maastricht\/#primaryimage\",\"url\":\"https:\/\/nordnesrepublikken.no\/wp-content\/uploads\/2026\/03\/1774576255_Menneskelige-levninger-dukker-opp-igjen-under-en-kirke-i-Maastricht.jpeg\",\"contentUrl\":\"https:\/\/nordnesrepublikken.no\/wp-content\/uploads\/2026\/03\/1774576255_Menneskelige-levninger-dukker-opp-igjen-under-en-kirke-i-Maastricht.jpeg\",\"width\":1376,\"height\":768,\"caption\":\"Menneskelige levninger dukker opp igjen under en kirke i Maastricht\"},{\"@type\":\"BreadcrumbList\",\"@id\":\"https:\/\/nordnesrepublikken.no\/index.php\/2026\/03\/27\/menneskelige-levninger-dukker-opp-igjen-under-en-kirke-i-maastricht\/#breadcrumb\",\"itemListElement\":[{\"@type\":\"ListItem\",\"position\":1,\"name\":\"Home\",\"item\":\"https:\/\/nordnesrepublikken.no\/\"},{\"@type\":\"ListItem\",\"position\":2,\"name\":\"Menneskelige levninger dukker opp igjen under en kirke i Maastricht\"}]},{\"@type\":\"WebSite\",\"@id\":\"https:\/\/nordnesrepublikken.no\/#website\",\"url\":\"https:\/\/nordnesrepublikken.no\/\",\"name\":\"Nordnesrepublikken\",\"description\":\"Stemmer og Visjoner fra Republikkens Hjerte\",\"publisher\":{\"@id\":\"https:\/\/nordnesrepublikken.no\/#organization\"},\"potentialAction\":[{\"@type\":\"SearchAction\",\"target\":{\"@type\":\"EntryPoint\",\"urlTemplate\":\"https:\/\/nordnesrepublikken.no\/?s={search_term_string}\"},\"query-input\":{\"@type\":\"PropertyValueSpecification\",\"valueRequired\":true,\"valueName\":\"search_term_string\"}}],\"inLanguage\":\"nb-NO\"},{\"@type\":\"Organization\",\"@id\":\"https:\/\/nordnesrepublikken.no\/#organization\",\"name\":\"Nordnesrepublikken\",\"url\":\"https:\/\/nordnesrepublikken.no\/\",\"logo\":{\"@type\":\"ImageObject\",\"inLanguage\":\"nb-NO\",\"@id\":\"https:\/\/nordnesrepublikken.no\/#\/schema\/logo\/image\/\",\"url\":\"https:\/\/nordnesrepublikken.no\/wp-content\/uploads\/2025\/02\/cropped-nordnesrepublikken-2.png\",\"contentUrl\":\"https:\/\/nordnesrepublikken.no\/wp-content\/uploads\/2025\/02\/cropped-nordnesrepublikken-2.png\",\"width\":1248,\"height\":362,\"caption\":\"Nordnesrepublikken\"},\"image\":{\"@id\":\"https:\/\/nordnesrepublikken.no\/#\/schema\/logo\/image\/\"}},{\"@type\":\"Person\",\"@id\":\"https:\/\/nordnesrepublikken.no\/#\/schema\/person\/2e7e81935bab77882fffb79296240ff1\",\"name\":\"Ole Andersen\",\"image\":{\"@type\":\"ImageObject\",\"inLanguage\":\"nb-NO\",\"@id\":\"https:\/\/nordnesrepublikken.no\/#\/schema\/person\/image\/\",\"url\":\"https:\/\/nordnesrepublikken.no\/wp-content\/uploads\/2025\/02\/nordnesrepublikken-2-2-150x150.jpg\",\"contentUrl\":\"https:\/\/nordnesrepublikken.no\/wp-content\/uploads\/2025\/02\/nordnesrepublikken-2-2-150x150.jpg\",\"caption\":\"Ole Andersen\"},\"description\":\"Ettersom jeg vokste opp i Oslo, har jeg alltid v\u00e6rt fascinert av ordenes kraft og deres evne til \u00e5 skape endringer. Etter \u00e5 ha fullf\u00f8rt min utdannelse i kommunikasjon ved Universitetet i Bergen, fikk jeg muligheten til \u00e5 jobbe innen ulike medier, der jeg har s\u00f8kt \u00e5 belyse viktige samfunnssp\u00f8rsm\u00e5l. I dag, som redakt\u00f8r for Nordnesrepublikken, pr\u00f8ver jeg \u00e5 forene min kj\u00e6rlighet for journalistikk med min lidenskap for innovasjon og eventyr.\",\"sameAs\":[\"https:\/\/nordnesrepublikken.no\/\"]}]}<\/script>\n<!-- \/ Yoast SEO plugin. -->","yoast_head_json":{"title":"Menneskelige levninger dukker opp igjen under en kirke i Maastricht - Nordnesrepublikken","robots":{"index":"index","follow":"follow","max-snippet":"max-snippet:-1","max-image-preview":"max-image-preview:large","max-video-preview":"max-video-preview:-1"},"canonical":"https:\/\/nordnesrepublikken.no\/index.php\/2026\/03\/27\/menneskelige-levninger-dukker-opp-igjen-under-en-kirke-i-maastricht\/","og_locale":"nb_NO","og_type":"article","og_title":"Menneskelige levninger dukker opp igjen under en kirke i Maastricht - Nordnesrepublikken","og_description":"Under restaureringen av en kirke i den nederlandske byen Maastricht noen arbeidere oppdaget en skjelett","og_url":"https:\/\/nordnesrepublikken.no\/index.php\/2026\/03\/27\/menneskelige-levninger-dukker-opp-igjen-under-en-kirke-i-maastricht\/","og_site_name":"Nordnesrepublikken","article_published_time":"2026-03-27T01:50:54+00:00","article_modified_time":"2026-03-27T01:50:56+00:00","og_image":[{"width":1376,"height":768,"url":"https:\/\/nordnesrepublikken.no\/wp-content\/uploads\/2026\/03\/1774576255_Menneskelige-levninger-dukker-opp-igjen-under-en-kirke-i-Maastricht.jpeg","type":"image\/jpeg"}],"author":"Ole Andersen","twitter_card":"summary_large_image","twitter_misc":{"Skrevet av":"Ole Andersen","Ansl. lesetid":"3 minutter"},"schema":{"@context":"https:\/\/schema.org","@graph":[{"@type":"Article","@id":"https:\/\/nordnesrepublikken.no\/index.php\/2026\/03\/27\/menneskelige-levninger-dukker-opp-igjen-under-en-kirke-i-maastricht\/#article","isPartOf":{"@id":"https:\/\/nordnesrepublikken.no\/index.php\/2026\/03\/27\/menneskelige-levninger-dukker-opp-igjen-under-en-kirke-i-maastricht\/"},"author":{"name":"Ole Andersen","@id":"https:\/\/nordnesrepublikken.no\/#\/schema\/person\/2e7e81935bab77882fffb79296240ff1"},"headline":"Menneskelige levninger dukker opp igjen under en kirke i Maastricht","datePublished":"2026-03-27T01:50:54+00:00","dateModified":"2026-03-27T01:50:56+00:00","mainEntityOfPage":{"@id":"https:\/\/nordnesrepublikken.no\/index.php\/2026\/03\/27\/menneskelige-levninger-dukker-opp-igjen-under-en-kirke-i-maastricht\/"},"wordCount":655,"publisher":{"@id":"https:\/\/nordnesrepublikken.no\/#organization"},"image":{"@id":"https:\/\/nordnesrepublikken.no\/index.php\/2026\/03\/27\/menneskelige-levninger-dukker-opp-igjen-under-en-kirke-i-maastricht\/#primaryimage"},"thumbnailUrl":"https:\/\/nordnesrepublikken.no\/wp-content\/uploads\/2026\/03\/1774576255_Menneskelige-levninger-dukker-opp-igjen-under-en-kirke-i-Maastricht.jpeg","keywords":["dukker","igjen","kirke","levninger","Maastricht","menneskelige","opp"],"articleSection":["Samfunn"],"inLanguage":"nb-NO"},{"@type":"WebPage","@id":"https:\/\/nordnesrepublikken.no\/index.php\/2026\/03\/27\/menneskelige-levninger-dukker-opp-igjen-under-en-kirke-i-maastricht\/","url":"https:\/\/nordnesrepublikken.no\/index.php\/2026\/03\/27\/menneskelige-levninger-dukker-opp-igjen-under-en-kirke-i-maastricht\/","name":"Menneskelige levninger dukker opp igjen under en kirke i Maastricht - Nordnesrepublikken","isPartOf":{"@id":"https:\/\/nordnesrepublikken.no\/#website"},"primaryImageOfPage":{"@id":"https:\/\/nordnesrepublikken.no\/index.php\/2026\/03\/27\/menneskelige-levninger-dukker-opp-igjen-under-en-kirke-i-maastricht\/#primaryimage"},"image":{"@id":"https:\/\/nordnesrepublikken.no\/index.php\/2026\/03\/27\/menneskelige-levninger-dukker-opp-igjen-under-en-kirke-i-maastricht\/#primaryimage"},"thumbnailUrl":"https:\/\/nordnesrepublikken.no\/wp-content\/uploads\/2026\/03\/1774576255_Menneskelige-levninger-dukker-opp-igjen-under-en-kirke-i-Maastricht.jpeg","datePublished":"2026-03-27T01:50:54+00:00","dateModified":"2026-03-27T01:50:56+00:00","breadcrumb":{"@id":"https:\/\/nordnesrepublikken.no\/index.php\/2026\/03\/27\/menneskelige-levninger-dukker-opp-igjen-under-en-kirke-i-maastricht\/#breadcrumb"},"inLanguage":"nb-NO","potentialAction":[{"@type":"ReadAction","target":["https:\/\/nordnesrepublikken.no\/index.php\/2026\/03\/27\/menneskelige-levninger-dukker-opp-igjen-under-en-kirke-i-maastricht\/"]}]},{"@type":"ImageObject","inLanguage":"nb-NO","@id":"https:\/\/nordnesrepublikken.no\/index.php\/2026\/03\/27\/menneskelige-levninger-dukker-opp-igjen-under-en-kirke-i-maastricht\/#primaryimage","url":"https:\/\/nordnesrepublikken.no\/wp-content\/uploads\/2026\/03\/1774576255_Menneskelige-levninger-dukker-opp-igjen-under-en-kirke-i-Maastricht.jpeg","contentUrl":"https:\/\/nordnesrepublikken.no\/wp-content\/uploads\/2026\/03\/1774576255_Menneskelige-levninger-dukker-opp-igjen-under-en-kirke-i-Maastricht.jpeg","width":1376,"height":768,"caption":"Menneskelige levninger dukker opp igjen under en kirke i Maastricht"},{"@type":"BreadcrumbList","@id":"https:\/\/nordnesrepublikken.no\/index.php\/2026\/03\/27\/menneskelige-levninger-dukker-opp-igjen-under-en-kirke-i-maastricht\/#breadcrumb","itemListElement":[{"@type":"ListItem","position":1,"name":"Home","item":"https:\/\/nordnesrepublikken.no\/"},{"@type":"ListItem","position":2,"name":"Menneskelige levninger dukker opp igjen under en kirke i Maastricht"}]},{"@type":"WebSite","@id":"https:\/\/nordnesrepublikken.no\/#website","url":"https:\/\/nordnesrepublikken.no\/","name":"Nordnesrepublikken","description":"Stemmer og Visjoner fra Republikkens Hjerte","publisher":{"@id":"https:\/\/nordnesrepublikken.no\/#organization"},"potentialAction":[{"@type":"SearchAction","target":{"@type":"EntryPoint","urlTemplate":"https:\/\/nordnesrepublikken.no\/?s={search_term_string}"},"query-input":{"@type":"PropertyValueSpecification","valueRequired":true,"valueName":"search_term_string"}}],"inLanguage":"nb-NO"},{"@type":"Organization","@id":"https:\/\/nordnesrepublikken.no\/#organization","name":"Nordnesrepublikken","url":"https:\/\/nordnesrepublikken.no\/","logo":{"@type":"ImageObject","inLanguage":"nb-NO","@id":"https:\/\/nordnesrepublikken.no\/#\/schema\/logo\/image\/","url":"https:\/\/nordnesrepublikken.no\/wp-content\/uploads\/2025\/02\/cropped-nordnesrepublikken-2.png","contentUrl":"https:\/\/nordnesrepublikken.no\/wp-content\/uploads\/2025\/02\/cropped-nordnesrepublikken-2.png","width":1248,"height":362,"caption":"Nordnesrepublikken"},"image":{"@id":"https:\/\/nordnesrepublikken.no\/#\/schema\/logo\/image\/"}},{"@type":"Person","@id":"https:\/\/nordnesrepublikken.no\/#\/schema\/person\/2e7e81935bab77882fffb79296240ff1","name":"Ole Andersen","image":{"@type":"ImageObject","inLanguage":"nb-NO","@id":"https:\/\/nordnesrepublikken.no\/#\/schema\/person\/image\/","url":"https:\/\/nordnesrepublikken.no\/wp-content\/uploads\/2025\/02\/nordnesrepublikken-2-2-150x150.jpg","contentUrl":"https:\/\/nordnesrepublikken.no\/wp-content\/uploads\/2025\/02\/nordnesrepublikken-2-2-150x150.jpg","caption":"Ole Andersen"},"description":"Ettersom jeg vokste opp i Oslo, har jeg alltid v\u00e6rt fascinert av ordenes kraft og deres evne til \u00e5 skape endringer. Etter \u00e5 ha fullf\u00f8rt min utdannelse i kommunikasjon ved Universitetet i Bergen, fikk jeg muligheten til \u00e5 jobbe innen ulike medier, der jeg har s\u00f8kt \u00e5 belyse viktige samfunnssp\u00f8rsm\u00e5l. I dag, som redakt\u00f8r for Nordnesrepublikken, pr\u00f8ver jeg \u00e5 forene min kj\u00e6rlighet for journalistikk med min lidenskap for innovasjon og eventyr.","sameAs":["https:\/\/nordnesrepublikken.no\/"]}]}},"_links":{"self":[{"href":"https:\/\/nordnesrepublikken.no\/index.php\/wp-json\/wp\/v2\/posts\/16294","targetHints":{"allow":["GET"]}}],"collection":[{"href":"https:\/\/nordnesrepublikken.no\/index.php\/wp-json\/wp\/v2\/posts"}],"about":[{"href":"https:\/\/nordnesrepublikken.no\/index.php\/wp-json\/wp\/v2\/types\/post"}],"author":[{"embeddable":true,"href":"https:\/\/nordnesrepublikken.no\/index.php\/wp-json\/wp\/v2\/users\/1"}],"replies":[{"embeddable":true,"href":"https:\/\/nordnesrepublikken.no\/index.php\/wp-json\/wp\/v2\/comments?post=16294"}],"version-history":[{"count":1,"href":"https:\/\/nordnesrepublikken.no\/index.php\/wp-json\/wp\/v2\/posts\/16294\/revisions"}],"predecessor-version":[{"id":16296,"href":"https:\/\/nordnesrepublikken.no\/index.php\/wp-json\/wp\/v2\/posts\/16294\/revisions\/16296"}],"wp:featuredmedia":[{"embeddable":true,"href":"https:\/\/nordnesrepublikken.no\/index.php\/wp-json\/wp\/v2\/media\/16295"}],"wp:attachment":[{"href":"https:\/\/nordnesrepublikken.no\/index.php\/wp-json\/wp\/v2\/media?parent=16294"}],"wp:term":[{"taxonomy":"category","embeddable":true,"href":"https:\/\/nordnesrepublikken.no\/index.php\/wp-json\/wp\/v2\/categories?post=16294"},{"taxonomy":"post_tag","embeddable":true,"href":"https:\/\/nordnesrepublikken.no\/index.php\/wp-json\/wp\/v2\/tags?post=16294"}],"curies":[{"name":"wp","href":"https:\/\/api.w.org\/{rel}","templated":true}]}}