{"id":16285,"date":"2026-03-26T20:50:30","date_gmt":"2026-03-26T19:50:30","guid":{"rendered":"https:\/\/nordnesrepublikken.no\/index.php\/2026\/03\/26\/elektronisk-helsejournal-nyheter-for-leger-og-pasienter-som-kommer-fra-31-mars-hva-endres\/"},"modified":"2026-03-26T20:50:34","modified_gmt":"2026-03-26T19:50:34","slug":"elektronisk-helsejournal-nyheter-for-leger-og-pasienter-som-kommer-fra-31-mars-hva-endres","status":"publish","type":"post","link":"https:\/\/nordnesrepublikken.no\/index.php\/2026\/03\/26\/elektronisk-helsejournal-nyheter-for-leger-og-pasienter-som-kommer-fra-31-mars-hva-endres\/","title":{"rendered":"Elektronisk helsejournal, nyheter for leger og pasienter som kommer fra 31. mars: hva endres"},"content":{"rendered":"<div>\n<div class=\"cp_wrapper cp_wrapper--fw mb-30 mb-20@tablet\">\n<figure class=\"mm\"><picture class=\"img\" style=\"padding-top:56.25%\"><source  media=\"(min-width: 1024px)\"><source  media=\"(min-width: 768px)\"><\/source><\/source><\/picture><\/figure>\n<\/p><\/div>\n<p>De <strong>31. mars 2026<\/strong> De <strong>Elektronisk helsejournal<\/strong> eller <strong>ESF<\/strong> den vil g\u00e5 inn i sitt mest avanserte stadium med m\u00e5l om \u00e5 bli fullt ut <strong>i drift innen juni<\/strong>. Dette digitale verkt\u00f8yet samler inn kliniske data og helsedokumenter fra hver enkelt innbygger over tid, og bygger et ekte &laquo;helseminne&raquo; tilgjengelig p\u00e5 nettet. Bruken er fortsatt begrenset: mindre enn halvparten av italienerne har autorisert leger til \u00e5 konsultere den, og bare et mindretall av disse bruker den aktivt. Med de nye reglene endres imidlertid systemet dypt: alle helseinstitusjoner, inkludert private, m\u00e5 <strong>vedta felles standarder for produksjon og overf\u00f8ring av dokumenter<\/strong>som m\u00e5 lastes opp innen noen f\u00e5 dager etter forestillingen. De. er ogs\u00e5 introdusert <strong>&laquo;syntetisk helseprofil&raquo;<\/strong>en viktig oppsummering av helsetilstanden utarbeidet av fastlegen, lett \u00e5 konsultere og nyttig spesielt i n\u00f8dssituasjoner.<\/p>\n<h2>Hvilke endringer for ESF: endringene som gjelder fra 31. mars 2026<\/h2>\n<p>Det er i ferd med \u00e5 finne sted offisielt<strong>siste fase av implementeringen av elektronisk helsejournal, <\/strong>en<strong> digitalt arkiv <\/strong>som samler inn og organiserer data og dokumenter knyttet til helsen til hver enkelt innbygger, noe som gir sentralisert og sikker tilgang til ens sykehistorie.<\/p>\n<p>I dette trinnet er ogs\u00e5 den private helsesektoren p\u00e5lagt \u00e5 gj\u00f8re pasienters kliniske informasjon tilgjengelig i sanntid. Hvis denne begrensningen tidligere kun gjaldt strukturer som er akkreditert hos National Health Service, utvider den nye modellen den til alle enheter som yter helsetjenester, inkludert uavhengige fagfolk og private operat\u00f8rer uten avtaler, som derfor m\u00e5 overholde de nye kravene. Helt konkret, <strong>de kliniske dokumentene m\u00e5 lastes opp innen fem dager etter tjenesten<\/strong>m\u00e5 de produseres i henhold til en enkelt delt standard &#8211; vanligvis konsultert av pasienten i <strong>PDF-format<\/strong> \u2013 autentisert via <strong>digital signatur<\/strong> og deretter sendt til det regionale elektroniske helsejournalsystemet. Denne tilpasningsprosessen skal fullf\u00f8res av <strong>31. mars 2026<\/strong>involverer et stort publikum av strukturer: kom igjen <strong>klinikker til private medisinske sentre<\/strong>inkludert de med direkte betaling, inntil <strong>tannlege- og fysioterapipraksis<\/strong>, <strong>klinikker<\/strong> og ogs\u00e5 <strong>analyselaboratorier<\/strong>.<\/p>\n<p>En annen interessant nyhet gjelder den s\u00e5kalte <strong>&laquo;syntetisk helseprofil&raquo;<\/strong>ogs\u00e5 kjent som <strong>Pasientsammendrag<\/strong>. Dette er et oppsummeringsark som inneholder viktig informasjon som f.eks <strong>kroniske patologier<\/strong>, <strong>allergier<\/strong>, <strong>p\u00e5g\u00e5ende terapier<\/strong> og lignende. Det er allmennlegen som sammenstiller og oppdaterer denne oppsummeringen. Dens funksjon blir avgj\u00f8rende under enhver n\u00f8dsituasjon: selv i frav\u00e6r av eksplisitt samtykke kan faktisk legevaktpersonalet se dette sammendraget for umiddelbart \u00e5 f\u00e5 et klinisk bilde av pasienten. P\u00e5 denne m\u00e5ten reduseres sannsynligheten for \u00e5 gj\u00f8re feil ved administrering av noen terapier, noe som gir muligheten for mer rettidige og dermed potensielt mer effektive intervensjoner.<\/p>\n<h2>Fordeler og begrensninger for innbyggere og leger med elektronisk helsejournal<\/h2>\n<p>For jeg <strong>borgere<\/strong>kan ESF ha en sterk nytte, da den er konfigurert som et konstant oppdatert digitalt arkiv. Vi kan konsultere <strong>rapporter<\/strong>, <strong>oppsigelsesbrev<\/strong>, <strong>resepter<\/strong> og mange andre dokumenter uten \u00e5 m\u00e5tte beholde papirkopier, med fare for at de g\u00e5r tapt over tid. Dessuten kan vi <strong>laste opp helsedokumentasjon uavhengig<\/strong> oppn\u00e5dd utenfor det offentlige systemet eller i utlandet, og bidrar til \u00e5 bygge en mer fullstendig og presis klinisk historie.<\/p>\n<p>Et ofte lite kjent element er <strong>&laquo;personlig notatbok&raquo;<\/strong>en privat del hvor vi kan notere parametere som blodtrykk eller blodsukker, men ogs\u00e5 informasjon om livsstil eller symptomer som oppst\u00e5r av og til. Disse dataene, hvis de deles med legen din, kan st\u00f8tte mer n\u00f8yaktige diagnoser. Vi kan ogs\u00e5 integrere informasjon fra b\u00e6rbare enheter, s\u00e5kalte wearables, som smartklokker og smarte ringer, som overv\u00e5ker vitale parametere som s\u00f8vnkvalitet, hjertefrekvensvariasjon, blodoksygenering, etc. THE&#8217;<strong>tilgang til filen er forenklet<\/strong> fra innf\u00f8ringen av systemer som SPID og CIE, som gj\u00f8r datakonsultasjon trygg, med mulighet for \u00e5 delegere administrasjonen til opptil fem betrodde personer.<\/p>\n<p>For jeg <strong>leger<\/strong>er den st\u00f8rste fordelen<strong>tilgang til pasienters fullstendige og oppdaterte sykehistorie<\/strong>. Dette f\u00f8rer til raskere diagnoser, mindre behov for gjentatte tester og st\u00f8rre effektivitet i behandlingen, spesielt i tilfeller som involverer medisinske n\u00f8dsituasjoner.<\/p>\n<p>Fra synspunktet til <strong>grenser<\/strong>viser systemet fortsatt noen &laquo;hull&raquo;. I dette tilfellet eksisterer de <strong>store forskjeller mellom regioner i tilgjengeligheten av tjenester og dokumenter<\/strong>og dette er kombinert med fortsatt liten betydelig adopsjon av innbyggere og helsepersonell.<\/p>\n<\/p><\/div>\n","protected":false},"excerpt":{"rendered":"<p>De 31. mars 2026 De Elektronisk helsejournal eller ESF den vil g\u00e5 inn i sitt<\/p>\n","protected":false},"author":1,"featured_media":16286,"comment_status":"closed","ping_status":"open","sticky":false,"template":"","format":"standard","meta":{"footnotes":""},"categories":[25],"tags":[10559,4451,125,10560,144,1046,6638,372,832,7020,31],"class_list":["post-16285","post","type-post","status-publish","format-standard","has-post-thumbnail","hentry","category-teknologi","tag-elektronisk","tag-endres","tag-fra","tag-helsejournal","tag-hva","tag-kommer","tag-leger","tag-mars","tag-nyheter","tag-pasienter","tag-som","generate-columns","tablet-grid-50","mobile-grid-100","grid-parent","grid-33","resize-featured-image"],"yoast_head":"<!-- This site is optimized with the Yoast SEO plugin v24.4 - https:\/\/yoast.com\/wordpress\/plugins\/seo\/ -->\n<title>Elektronisk helsejournal, nyheter for leger og pasienter som kommer fra 31. mars: hva endres - Nordnesrepublikken<\/title>\n<meta name=\"robots\" content=\"index, follow, max-snippet:-1, max-image-preview:large, max-video-preview:-1\" \/>\n<link rel=\"canonical\" href=\"https:\/\/nordnesrepublikken.no\/index.php\/2026\/03\/26\/elektronisk-helsejournal-nyheter-for-leger-og-pasienter-som-kommer-fra-31-mars-hva-endres\/\" \/>\n<meta property=\"og:locale\" content=\"nb_NO\" \/>\n<meta property=\"og:type\" content=\"article\" \/>\n<meta property=\"og:title\" content=\"Elektronisk helsejournal, nyheter for leger og pasienter som kommer fra 31. mars: hva endres - Nordnesrepublikken\" \/>\n<meta property=\"og:description\" content=\"De 31. mars 2026 De Elektronisk helsejournal eller ESF den vil g\u00e5 inn i sitt\" \/>\n<meta property=\"og:url\" content=\"https:\/\/nordnesrepublikken.no\/index.php\/2026\/03\/26\/elektronisk-helsejournal-nyheter-for-leger-og-pasienter-som-kommer-fra-31-mars-hva-endres\/\" \/>\n<meta property=\"og:site_name\" content=\"Nordnesrepublikken\" \/>\n<meta property=\"article:published_time\" content=\"2026-03-26T19:50:30+00:00\" \/>\n<meta property=\"article:modified_time\" content=\"2026-03-26T19:50:34+00:00\" \/>\n<meta property=\"og:image\" content=\"https:\/\/nordnesrepublikken.no\/wp-content\/uploads\/2026\/03\/1774554631_Elektronisk-helsejournal-nyheter-for-leger-og-pasienter-som-kommer-fra-scaled.jpeg\" \/>\n\t<meta property=\"og:image:width\" content=\"2560\" \/>\n\t<meta property=\"og:image:height\" content=\"1429\" \/>\n\t<meta property=\"og:image:type\" content=\"image\/jpeg\" \/>\n<meta name=\"author\" content=\"Ole Andersen\" \/>\n<meta name=\"twitter:card\" content=\"summary_large_image\" \/>\n<meta name=\"twitter:label1\" content=\"Skrevet av\" \/>\n\t<meta name=\"twitter:data1\" content=\"Ole Andersen\" \/>\n\t<meta name=\"twitter:label2\" content=\"Ansl. lesetid\" \/>\n\t<meta name=\"twitter:data2\" content=\"3 minutter\" \/>\n<script type=\"application\/ld+json\" class=\"yoast-schema-graph\">{\"@context\":\"https:\/\/schema.org\",\"@graph\":[{\"@type\":\"Article\",\"@id\":\"https:\/\/nordnesrepublikken.no\/index.php\/2026\/03\/26\/elektronisk-helsejournal-nyheter-for-leger-og-pasienter-som-kommer-fra-31-mars-hva-endres\/#article\",\"isPartOf\":{\"@id\":\"https:\/\/nordnesrepublikken.no\/index.php\/2026\/03\/26\/elektronisk-helsejournal-nyheter-for-leger-og-pasienter-som-kommer-fra-31-mars-hva-endres\/\"},\"author\":{\"name\":\"Ole Andersen\",\"@id\":\"https:\/\/nordnesrepublikken.no\/#\/schema\/person\/2e7e81935bab77882fffb79296240ff1\"},\"headline\":\"Elektronisk helsejournal, nyheter for leger og pasienter som kommer fra 31. mars: hva endres\",\"datePublished\":\"2026-03-26T19:50:30+00:00\",\"dateModified\":\"2026-03-26T19:50:34+00:00\",\"mainEntityOfPage\":{\"@id\":\"https:\/\/nordnesrepublikken.no\/index.php\/2026\/03\/26\/elektronisk-helsejournal-nyheter-for-leger-og-pasienter-som-kommer-fra-31-mars-hva-endres\/\"},\"wordCount\":685,\"publisher\":{\"@id\":\"https:\/\/nordnesrepublikken.no\/#organization\"},\"image\":{\"@id\":\"https:\/\/nordnesrepublikken.no\/index.php\/2026\/03\/26\/elektronisk-helsejournal-nyheter-for-leger-og-pasienter-som-kommer-fra-31-mars-hva-endres\/#primaryimage\"},\"thumbnailUrl\":\"https:\/\/nordnesrepublikken.no\/wp-content\/uploads\/2026\/03\/1774554631_Elektronisk-helsejournal-nyheter-for-leger-og-pasienter-som-kommer-fra-scaled.jpeg\",\"keywords\":[\"Elektronisk\",\"endres\",\"fra\",\"helsejournal\",\"Hva\",\"kommer\",\"leger\",\"mars\",\"nyheter\",\"pasienter\",\"som\"],\"articleSection\":[\"Teknologi\"],\"inLanguage\":\"nb-NO\"},{\"@type\":\"WebPage\",\"@id\":\"https:\/\/nordnesrepublikken.no\/index.php\/2026\/03\/26\/elektronisk-helsejournal-nyheter-for-leger-og-pasienter-som-kommer-fra-31-mars-hva-endres\/\",\"url\":\"https:\/\/nordnesrepublikken.no\/index.php\/2026\/03\/26\/elektronisk-helsejournal-nyheter-for-leger-og-pasienter-som-kommer-fra-31-mars-hva-endres\/\",\"name\":\"Elektronisk helsejournal, nyheter for leger og pasienter som kommer fra 31. mars: hva endres - Nordnesrepublikken\",\"isPartOf\":{\"@id\":\"https:\/\/nordnesrepublikken.no\/#website\"},\"primaryImageOfPage\":{\"@id\":\"https:\/\/nordnesrepublikken.no\/index.php\/2026\/03\/26\/elektronisk-helsejournal-nyheter-for-leger-og-pasienter-som-kommer-fra-31-mars-hva-endres\/#primaryimage\"},\"image\":{\"@id\":\"https:\/\/nordnesrepublikken.no\/index.php\/2026\/03\/26\/elektronisk-helsejournal-nyheter-for-leger-og-pasienter-som-kommer-fra-31-mars-hva-endres\/#primaryimage\"},\"thumbnailUrl\":\"https:\/\/nordnesrepublikken.no\/wp-content\/uploads\/2026\/03\/1774554631_Elektronisk-helsejournal-nyheter-for-leger-og-pasienter-som-kommer-fra-scaled.jpeg\",\"datePublished\":\"2026-03-26T19:50:30+00:00\",\"dateModified\":\"2026-03-26T19:50:34+00:00\",\"breadcrumb\":{\"@id\":\"https:\/\/nordnesrepublikken.no\/index.php\/2026\/03\/26\/elektronisk-helsejournal-nyheter-for-leger-og-pasienter-som-kommer-fra-31-mars-hva-endres\/#breadcrumb\"},\"inLanguage\":\"nb-NO\",\"potentialAction\":[{\"@type\":\"ReadAction\",\"target\":[\"https:\/\/nordnesrepublikken.no\/index.php\/2026\/03\/26\/elektronisk-helsejournal-nyheter-for-leger-og-pasienter-som-kommer-fra-31-mars-hva-endres\/\"]}]},{\"@type\":\"ImageObject\",\"inLanguage\":\"nb-NO\",\"@id\":\"https:\/\/nordnesrepublikken.no\/index.php\/2026\/03\/26\/elektronisk-helsejournal-nyheter-for-leger-og-pasienter-som-kommer-fra-31-mars-hva-endres\/#primaryimage\",\"url\":\"https:\/\/nordnesrepublikken.no\/wp-content\/uploads\/2026\/03\/1774554631_Elektronisk-helsejournal-nyheter-for-leger-og-pasienter-som-kommer-fra-scaled.jpeg\",\"contentUrl\":\"https:\/\/nordnesrepublikken.no\/wp-content\/uploads\/2026\/03\/1774554631_Elektronisk-helsejournal-nyheter-for-leger-og-pasienter-som-kommer-fra-scaled.jpeg\",\"width\":2560,\"height\":1429,\"caption\":\"Elektronisk helsejournal, nyheter for leger og pasienter som kommer fra 31. mars: hva endres\"},{\"@type\":\"BreadcrumbList\",\"@id\":\"https:\/\/nordnesrepublikken.no\/index.php\/2026\/03\/26\/elektronisk-helsejournal-nyheter-for-leger-og-pasienter-som-kommer-fra-31-mars-hva-endres\/#breadcrumb\",\"itemListElement\":[{\"@type\":\"ListItem\",\"position\":1,\"name\":\"Home\",\"item\":\"https:\/\/nordnesrepublikken.no\/\"},{\"@type\":\"ListItem\",\"position\":2,\"name\":\"Elektronisk helsejournal, nyheter for leger og pasienter som kommer fra 31. mars: hva endres\"}]},{\"@type\":\"WebSite\",\"@id\":\"https:\/\/nordnesrepublikken.no\/#website\",\"url\":\"https:\/\/nordnesrepublikken.no\/\",\"name\":\"Nordnesrepublikken\",\"description\":\"Stemmer og Visjoner fra Republikkens Hjerte\",\"publisher\":{\"@id\":\"https:\/\/nordnesrepublikken.no\/#organization\"},\"potentialAction\":[{\"@type\":\"SearchAction\",\"target\":{\"@type\":\"EntryPoint\",\"urlTemplate\":\"https:\/\/nordnesrepublikken.no\/?s={search_term_string}\"},\"query-input\":{\"@type\":\"PropertyValueSpecification\",\"valueRequired\":true,\"valueName\":\"search_term_string\"}}],\"inLanguage\":\"nb-NO\"},{\"@type\":\"Organization\",\"@id\":\"https:\/\/nordnesrepublikken.no\/#organization\",\"name\":\"Nordnesrepublikken\",\"url\":\"https:\/\/nordnesrepublikken.no\/\",\"logo\":{\"@type\":\"ImageObject\",\"inLanguage\":\"nb-NO\",\"@id\":\"https:\/\/nordnesrepublikken.no\/#\/schema\/logo\/image\/\",\"url\":\"https:\/\/nordnesrepublikken.no\/wp-content\/uploads\/2025\/02\/cropped-nordnesrepublikken-2.png\",\"contentUrl\":\"https:\/\/nordnesrepublikken.no\/wp-content\/uploads\/2025\/02\/cropped-nordnesrepublikken-2.png\",\"width\":1248,\"height\":362,\"caption\":\"Nordnesrepublikken\"},\"image\":{\"@id\":\"https:\/\/nordnesrepublikken.no\/#\/schema\/logo\/image\/\"}},{\"@type\":\"Person\",\"@id\":\"https:\/\/nordnesrepublikken.no\/#\/schema\/person\/2e7e81935bab77882fffb79296240ff1\",\"name\":\"Ole Andersen\",\"image\":{\"@type\":\"ImageObject\",\"inLanguage\":\"nb-NO\",\"@id\":\"https:\/\/nordnesrepublikken.no\/#\/schema\/person\/image\/\",\"url\":\"https:\/\/nordnesrepublikken.no\/wp-content\/uploads\/2025\/02\/nordnesrepublikken-2-2-150x150.jpg\",\"contentUrl\":\"https:\/\/nordnesrepublikken.no\/wp-content\/uploads\/2025\/02\/nordnesrepublikken-2-2-150x150.jpg\",\"caption\":\"Ole Andersen\"},\"description\":\"Ettersom jeg vokste opp i Oslo, har jeg alltid v\u00e6rt fascinert av ordenes kraft og deres evne til \u00e5 skape endringer. Etter \u00e5 ha fullf\u00f8rt min utdannelse i kommunikasjon ved Universitetet i Bergen, fikk jeg muligheten til \u00e5 jobbe innen ulike medier, der jeg har s\u00f8kt \u00e5 belyse viktige samfunnssp\u00f8rsm\u00e5l. I dag, som redakt\u00f8r for Nordnesrepublikken, pr\u00f8ver jeg \u00e5 forene min kj\u00e6rlighet for journalistikk med min lidenskap for innovasjon og eventyr.\",\"sameAs\":[\"https:\/\/nordnesrepublikken.no\/\"]}]}<\/script>\n<!-- \/ Yoast SEO plugin. -->","yoast_head_json":{"title":"Elektronisk helsejournal, nyheter for leger og pasienter som kommer fra 31. mars: hva endres - Nordnesrepublikken","robots":{"index":"index","follow":"follow","max-snippet":"max-snippet:-1","max-image-preview":"max-image-preview:large","max-video-preview":"max-video-preview:-1"},"canonical":"https:\/\/nordnesrepublikken.no\/index.php\/2026\/03\/26\/elektronisk-helsejournal-nyheter-for-leger-og-pasienter-som-kommer-fra-31-mars-hva-endres\/","og_locale":"nb_NO","og_type":"article","og_title":"Elektronisk helsejournal, nyheter for leger og pasienter som kommer fra 31. mars: hva endres - Nordnesrepublikken","og_description":"De 31. mars 2026 De Elektronisk helsejournal eller ESF den vil g\u00e5 inn i sitt","og_url":"https:\/\/nordnesrepublikken.no\/index.php\/2026\/03\/26\/elektronisk-helsejournal-nyheter-for-leger-og-pasienter-som-kommer-fra-31-mars-hva-endres\/","og_site_name":"Nordnesrepublikken","article_published_time":"2026-03-26T19:50:30+00:00","article_modified_time":"2026-03-26T19:50:34+00:00","og_image":[{"width":2560,"height":1429,"url":"https:\/\/nordnesrepublikken.no\/wp-content\/uploads\/2026\/03\/1774554631_Elektronisk-helsejournal-nyheter-for-leger-og-pasienter-som-kommer-fra-scaled.jpeg","type":"image\/jpeg"}],"author":"Ole Andersen","twitter_card":"summary_large_image","twitter_misc":{"Skrevet av":"Ole Andersen","Ansl. lesetid":"3 minutter"},"schema":{"@context":"https:\/\/schema.org","@graph":[{"@type":"Article","@id":"https:\/\/nordnesrepublikken.no\/index.php\/2026\/03\/26\/elektronisk-helsejournal-nyheter-for-leger-og-pasienter-som-kommer-fra-31-mars-hva-endres\/#article","isPartOf":{"@id":"https:\/\/nordnesrepublikken.no\/index.php\/2026\/03\/26\/elektronisk-helsejournal-nyheter-for-leger-og-pasienter-som-kommer-fra-31-mars-hva-endres\/"},"author":{"name":"Ole Andersen","@id":"https:\/\/nordnesrepublikken.no\/#\/schema\/person\/2e7e81935bab77882fffb79296240ff1"},"headline":"Elektronisk helsejournal, nyheter for leger og pasienter som kommer fra 31. mars: hva endres","datePublished":"2026-03-26T19:50:30+00:00","dateModified":"2026-03-26T19:50:34+00:00","mainEntityOfPage":{"@id":"https:\/\/nordnesrepublikken.no\/index.php\/2026\/03\/26\/elektronisk-helsejournal-nyheter-for-leger-og-pasienter-som-kommer-fra-31-mars-hva-endres\/"},"wordCount":685,"publisher":{"@id":"https:\/\/nordnesrepublikken.no\/#organization"},"image":{"@id":"https:\/\/nordnesrepublikken.no\/index.php\/2026\/03\/26\/elektronisk-helsejournal-nyheter-for-leger-og-pasienter-som-kommer-fra-31-mars-hva-endres\/#primaryimage"},"thumbnailUrl":"https:\/\/nordnesrepublikken.no\/wp-content\/uploads\/2026\/03\/1774554631_Elektronisk-helsejournal-nyheter-for-leger-og-pasienter-som-kommer-fra-scaled.jpeg","keywords":["Elektronisk","endres","fra","helsejournal","Hva","kommer","leger","mars","nyheter","pasienter","som"],"articleSection":["Teknologi"],"inLanguage":"nb-NO"},{"@type":"WebPage","@id":"https:\/\/nordnesrepublikken.no\/index.php\/2026\/03\/26\/elektronisk-helsejournal-nyheter-for-leger-og-pasienter-som-kommer-fra-31-mars-hva-endres\/","url":"https:\/\/nordnesrepublikken.no\/index.php\/2026\/03\/26\/elektronisk-helsejournal-nyheter-for-leger-og-pasienter-som-kommer-fra-31-mars-hva-endres\/","name":"Elektronisk helsejournal, nyheter for leger og pasienter som kommer fra 31. mars: hva endres - Nordnesrepublikken","isPartOf":{"@id":"https:\/\/nordnesrepublikken.no\/#website"},"primaryImageOfPage":{"@id":"https:\/\/nordnesrepublikken.no\/index.php\/2026\/03\/26\/elektronisk-helsejournal-nyheter-for-leger-og-pasienter-som-kommer-fra-31-mars-hva-endres\/#primaryimage"},"image":{"@id":"https:\/\/nordnesrepublikken.no\/index.php\/2026\/03\/26\/elektronisk-helsejournal-nyheter-for-leger-og-pasienter-som-kommer-fra-31-mars-hva-endres\/#primaryimage"},"thumbnailUrl":"https:\/\/nordnesrepublikken.no\/wp-content\/uploads\/2026\/03\/1774554631_Elektronisk-helsejournal-nyheter-for-leger-og-pasienter-som-kommer-fra-scaled.jpeg","datePublished":"2026-03-26T19:50:30+00:00","dateModified":"2026-03-26T19:50:34+00:00","breadcrumb":{"@id":"https:\/\/nordnesrepublikken.no\/index.php\/2026\/03\/26\/elektronisk-helsejournal-nyheter-for-leger-og-pasienter-som-kommer-fra-31-mars-hva-endres\/#breadcrumb"},"inLanguage":"nb-NO","potentialAction":[{"@type":"ReadAction","target":["https:\/\/nordnesrepublikken.no\/index.php\/2026\/03\/26\/elektronisk-helsejournal-nyheter-for-leger-og-pasienter-som-kommer-fra-31-mars-hva-endres\/"]}]},{"@type":"ImageObject","inLanguage":"nb-NO","@id":"https:\/\/nordnesrepublikken.no\/index.php\/2026\/03\/26\/elektronisk-helsejournal-nyheter-for-leger-og-pasienter-som-kommer-fra-31-mars-hva-endres\/#primaryimage","url":"https:\/\/nordnesrepublikken.no\/wp-content\/uploads\/2026\/03\/1774554631_Elektronisk-helsejournal-nyheter-for-leger-og-pasienter-som-kommer-fra-scaled.jpeg","contentUrl":"https:\/\/nordnesrepublikken.no\/wp-content\/uploads\/2026\/03\/1774554631_Elektronisk-helsejournal-nyheter-for-leger-og-pasienter-som-kommer-fra-scaled.jpeg","width":2560,"height":1429,"caption":"Elektronisk helsejournal, nyheter for leger og pasienter som kommer fra 31. mars: hva endres"},{"@type":"BreadcrumbList","@id":"https:\/\/nordnesrepublikken.no\/index.php\/2026\/03\/26\/elektronisk-helsejournal-nyheter-for-leger-og-pasienter-som-kommer-fra-31-mars-hva-endres\/#breadcrumb","itemListElement":[{"@type":"ListItem","position":1,"name":"Home","item":"https:\/\/nordnesrepublikken.no\/"},{"@type":"ListItem","position":2,"name":"Elektronisk helsejournal, nyheter for leger og pasienter som kommer fra 31. mars: hva endres"}]},{"@type":"WebSite","@id":"https:\/\/nordnesrepublikken.no\/#website","url":"https:\/\/nordnesrepublikken.no\/","name":"Nordnesrepublikken","description":"Stemmer og Visjoner fra Republikkens Hjerte","publisher":{"@id":"https:\/\/nordnesrepublikken.no\/#organization"},"potentialAction":[{"@type":"SearchAction","target":{"@type":"EntryPoint","urlTemplate":"https:\/\/nordnesrepublikken.no\/?s={search_term_string}"},"query-input":{"@type":"PropertyValueSpecification","valueRequired":true,"valueName":"search_term_string"}}],"inLanguage":"nb-NO"},{"@type":"Organization","@id":"https:\/\/nordnesrepublikken.no\/#organization","name":"Nordnesrepublikken","url":"https:\/\/nordnesrepublikken.no\/","logo":{"@type":"ImageObject","inLanguage":"nb-NO","@id":"https:\/\/nordnesrepublikken.no\/#\/schema\/logo\/image\/","url":"https:\/\/nordnesrepublikken.no\/wp-content\/uploads\/2025\/02\/cropped-nordnesrepublikken-2.png","contentUrl":"https:\/\/nordnesrepublikken.no\/wp-content\/uploads\/2025\/02\/cropped-nordnesrepublikken-2.png","width":1248,"height":362,"caption":"Nordnesrepublikken"},"image":{"@id":"https:\/\/nordnesrepublikken.no\/#\/schema\/logo\/image\/"}},{"@type":"Person","@id":"https:\/\/nordnesrepublikken.no\/#\/schema\/person\/2e7e81935bab77882fffb79296240ff1","name":"Ole Andersen","image":{"@type":"ImageObject","inLanguage":"nb-NO","@id":"https:\/\/nordnesrepublikken.no\/#\/schema\/person\/image\/","url":"https:\/\/nordnesrepublikken.no\/wp-content\/uploads\/2025\/02\/nordnesrepublikken-2-2-150x150.jpg","contentUrl":"https:\/\/nordnesrepublikken.no\/wp-content\/uploads\/2025\/02\/nordnesrepublikken-2-2-150x150.jpg","caption":"Ole Andersen"},"description":"Ettersom jeg vokste opp i Oslo, har jeg alltid v\u00e6rt fascinert av ordenes kraft og deres evne til \u00e5 skape endringer. Etter \u00e5 ha fullf\u00f8rt min utdannelse i kommunikasjon ved Universitetet i Bergen, fikk jeg muligheten til \u00e5 jobbe innen ulike medier, der jeg har s\u00f8kt \u00e5 belyse viktige samfunnssp\u00f8rsm\u00e5l. I dag, som redakt\u00f8r for Nordnesrepublikken, pr\u00f8ver jeg \u00e5 forene min kj\u00e6rlighet for journalistikk med min lidenskap for innovasjon og eventyr.","sameAs":["https:\/\/nordnesrepublikken.no\/"]}]}},"_links":{"self":[{"href":"https:\/\/nordnesrepublikken.no\/index.php\/wp-json\/wp\/v2\/posts\/16285","targetHints":{"allow":["GET"]}}],"collection":[{"href":"https:\/\/nordnesrepublikken.no\/index.php\/wp-json\/wp\/v2\/posts"}],"about":[{"href":"https:\/\/nordnesrepublikken.no\/index.php\/wp-json\/wp\/v2\/types\/post"}],"author":[{"embeddable":true,"href":"https:\/\/nordnesrepublikken.no\/index.php\/wp-json\/wp\/v2\/users\/1"}],"replies":[{"embeddable":true,"href":"https:\/\/nordnesrepublikken.no\/index.php\/wp-json\/wp\/v2\/comments?post=16285"}],"version-history":[{"count":1,"href":"https:\/\/nordnesrepublikken.no\/index.php\/wp-json\/wp\/v2\/posts\/16285\/revisions"}],"predecessor-version":[{"id":16287,"href":"https:\/\/nordnesrepublikken.no\/index.php\/wp-json\/wp\/v2\/posts\/16285\/revisions\/16287"}],"wp:featuredmedia":[{"embeddable":true,"href":"https:\/\/nordnesrepublikken.no\/index.php\/wp-json\/wp\/v2\/media\/16286"}],"wp:attachment":[{"href":"https:\/\/nordnesrepublikken.no\/index.php\/wp-json\/wp\/v2\/media?parent=16285"}],"wp:term":[{"taxonomy":"category","embeddable":true,"href":"https:\/\/nordnesrepublikken.no\/index.php\/wp-json\/wp\/v2\/categories?post=16285"},{"taxonomy":"post_tag","embeddable":true,"href":"https:\/\/nordnesrepublikken.no\/index.php\/wp-json\/wp\/v2\/tags?post=16285"}],"curies":[{"name":"wp","href":"https:\/\/api.w.org\/{rel}","templated":true}]}}